{"id":10010,"date":"2025-01-16T11:00:34","date_gmt":"2025-01-16T17:00:34","guid":{"rendered":"https:\/\/www.nexoinformativo.mx\/?p=10010"},"modified":"2025-01-16T13:56:27","modified_gmt":"2025-01-16T19:56:27","slug":"queretaro-y-laredo-texas-estrechan-lazos-para-impulsar-el-desarrollo-economico-y-la-seguridad","status":"publish","type":"post","link":"https:\/\/www.nexoinformativo.mx\/index.php\/2025\/01\/16\/queretaro-y-laredo-texas-estrechan-lazos-para-impulsar-el-desarrollo-economico-y-la-seguridad\/","title":{"rendered":"Quer\u00e9taro y Laredo Texas estrechan lazos para impulsar el desarrollo econ\u00f3mico y la seguridad"},"content":{"rendered":"<p style=\"text-align: justify;\" data-sourcepos=\"11:1-11:303\">El gobernador de Quer\u00e9taro, Mauricio Kuri Gonz\u00e1lez, recibi\u00f3 en Palacio de Gobierno al alcalde de Laredo, Texas, V\u00edctor D. Trevi\u00f1o, con el objetivo de fortalecer los lazos de colaboraci\u00f3n entre ambas ciudades y explorar nuevas oportunidades de desarrollo econ\u00f3mico y social.<\/p>\n<p>&nbsp;<\/p>\n<p style=\"text-align: justify;\" data-sourcepos=\"13:1-13:323\">Durante el encuentro, se abordaron temas clave como el desarrollo econ\u00f3mico, la cultura, la migraci\u00f3n y la seguridad.<\/p>\n<p>&nbsp;<\/p>\n<p style=\"text-align: justify;\" data-sourcepos=\"13:1-13:323\">Ambos l\u00edderes coincidieron en la importancia de mantener una relaci\u00f3n estrecha y basada en el respeto mutuo, que permita enfrentar de manera conjunta los desaf\u00edos y aprovechar las oportunidades que surjan.<\/p>\n<p>&nbsp;<\/p>\n<p style=\"text-align: justify;\" data-sourcepos=\"15:1-15:359\">El alcalde Trevi\u00f1o destac\u00f3 el potencial de ambas regiones para trabajar de manera conjunta en proyectos estrat\u00e9gicos que beneficien a sus comunidades.<\/p>\n<p>&nbsp;<\/p>\n<p style=\"text-align: justify;\" data-sourcepos=\"15:1-15:359\">Por su parte, el gobernador Kuri resalt\u00f3 la importancia de fortalecer los v\u00ednculos econ\u00f3micos y culturales entre Quer\u00e9taro y Laredo, as\u00ed como de impulsar la colaboraci\u00f3n en materia de seguridad. \u00a0 <button aria-controls=\"sources\" aria-expanded=\"false\" aria-describedby=\"cdk-describedby-message-ng-1-53\"><\/button><\/p>\n<p>&nbsp;<\/p>\n<div style=\"text-align: justify;\">\n<div>\n<div>\n<div data-test-id=\"sources-carousel-source\">En la reuni\u00f3n participaron diversos funcionarios de ambos gobiernos, lo que demuestra el compromiso de ambas partes por fortalecer esta alianza.<\/div>\n<\/div>\n<\/div>\n<\/div>\n<p>&nbsp;<\/p>\n<p style=\"text-align: justify;\" data-sourcepos=\"19:1-19:173\">Este encuentro reafirma el compromiso de Quer\u00e9taro y Laredo de trabajar juntos para impulsar el crecimiento econ\u00f3mico y garantizar la seguridad de sus regiones.<\/p>\n<p>&nbsp;<\/p>\n<p style=\"text-align: center;\" data-sourcepos=\"19:1-19:173\"><em><strong>\u00a1Informaci\u00f3n que transforma!<\/strong><\/em><\/p>\n","protected":false},"excerpt":{"rendered":"<p>El gobernador de Quer\u00e9taro, Mauricio Kuri Gonz\u00e1lez, recibi\u00f3 en Palacio de Gobierno al alcalde de Laredo, Texas, V\u00edctor D. Trevi\u00f1o, con el objetivo de fortalecer los lazos de colaboraci\u00f3n entre ambas ciudades y explorar nuevas oportunidades de desarrollo econ\u00f3mico y social.<\/p>\n","protected":false},"author":3,"featured_media":10011,"comment_status":"open","ping_status":"open","sticky":false,"template":"","format":"standard","meta":{"footnotes":""},"categories":[5,42,58],"tags":[352,3127,3128,131],"class_list":["post-10010","post","type-post","status-publish","format-standard","has-post-thumbnail","hentry","category-economia","category-estado","category-ultima-hora","tag-desarrolloeconomico","tag-queretarolaredo","tag-relacionesinternacionales","tag-seguridad"],"yoast_head":"<!-- This site is optimized with the Yoast SEO plugin v25.0 - https:\/\/yoast.com\/wordpress\/plugins\/seo\/ -->\n<title>Quer\u00e9taro y Laredo Texas estrechan lazos para impulsar el desarrollo econ\u00f3mico y la seguridad | Nexo Informativo Santiago de Quer\u00e9taro<\/title>\n<meta name=\"description\" content=\"Quer\u00e9taro y Laredo Texas estrechan lazos para impulsar el desarrollo econ\u00f3mico y la seguridad\" \/>\n<meta name=\"robots\" content=\"index, follow, max-snippet:-1, max-image-preview:large, max-video-preview:-1\" \/>\n<link rel=\"canonical\" href=\"https:\/\/www.nexoinformativo.mx\/index.php\/2025\/01\/16\/queretaro-y-laredo-texas-estrechan-lazos-para-impulsar-el-desarrollo-economico-y-la-seguridad\/\" \/>\n<meta property=\"og:locale\" content=\"es_MX\" \/>\n<meta property=\"og:type\" content=\"article\" \/>\n<meta property=\"og:title\" content=\"Quer\u00e9taro y Laredo Texas estrechan lazos para impulsar el desarrollo econ\u00f3mico y la seguridad | Nexo Informativo Santiago de Quer\u00e9taro\" \/>\n<meta property=\"og:description\" content=\"Quer\u00e9taro y Laredo Texas estrechan lazos para impulsar el desarrollo econ\u00f3mico y la seguridad\" \/>\n<meta property=\"og:url\" content=\"https:\/\/www.nexoinformativo.mx\/index.php\/2025\/01\/16\/queretaro-y-laredo-texas-estrechan-lazos-para-impulsar-el-desarrollo-economico-y-la-seguridad\/\" \/>\n<meta property=\"og:site_name\" content=\"Nexo Informativo Santiago de Quer\u00e9taro\" \/>\n<meta property=\"article:publisher\" content=\"https:\/\/www.facebook.com\/people\/Nexo-Informativo\/61564066885511\/\" \/>\n<meta property=\"article:published_time\" content=\"2025-01-16T17:00:34+00:00\" \/>\n<meta property=\"article:modified_time\" content=\"2025-01-16T19:56:27+00:00\" \/>\n<meta property=\"og:image\" content=\"https:\/\/www.nexoinformativo.mx\/wp-content\/uploads\/2025\/01\/PHOTO-2025-01-16-12-35-40-e1737054405517.jpg\" \/>\n\t<meta property=\"og:image:width\" content=\"800\" \/>\n\t<meta property=\"og:image:height\" content=\"534\" \/>\n\t<meta property=\"og:image:type\" content=\"image\/jpeg\" \/>\n<meta name=\"author\" content=\"Nexo Informativo\" \/>\n<meta name=\"twitter:card\" content=\"summary_large_image\" \/>\n<meta name=\"twitter:label1\" content=\"Escrito por\" \/>\n\t<meta name=\"twitter:data1\" content=\"Nexo Informativo\" \/>\n\t<meta name=\"twitter:label2\" content=\"Tiempo de lectura\" \/>\n\t<meta name=\"twitter:data2\" content=\"2 minutos\" \/>\n<script type=\"application\/ld+json\" class=\"yoast-schema-graph\">{\"@context\":\"https:\/\/schema.org\",\"@graph\":[{\"@type\":\"Article\",\"@id\":\"https:\/\/www.nexoinformativo.mx\/index.php\/2025\/01\/16\/queretaro-y-laredo-texas-estrechan-lazos-para-impulsar-el-desarrollo-economico-y-la-seguridad\/#article\",\"isPartOf\":{\"@id\":\"https:\/\/www.nexoinformativo.mx\/index.php\/2025\/01\/16\/queretaro-y-laredo-texas-estrechan-lazos-para-impulsar-el-desarrollo-economico-y-la-seguridad\/\"},\"author\":{\"name\":\"Nexo Informativo\",\"@id\":\"https:\/\/www.nexoinformativo.mx\/#\/schema\/person\/7749d380ba08c8ca00d7bc76fd907b7d\"},\"headline\":\"Quer\u00e9taro y Laredo Texas estrechan lazos para impulsar el desarrollo econ\u00f3mico y la seguridad\",\"datePublished\":\"2025-01-16T17:00:34+00:00\",\"dateModified\":\"2025-01-16T19:56:27+00:00\",\"mainEntityOfPage\":{\"@id\":\"https:\/\/www.nexoinformativo.mx\/index.php\/2025\/01\/16\/queretaro-y-laredo-texas-estrechan-lazos-para-impulsar-el-desarrollo-economico-y-la-seguridad\/\"},\"wordCount\":234,\"commentCount\":0,\"publisher\":{\"@id\":\"https:\/\/www.nexoinformativo.mx\/#organization\"},\"image\":{\"@id\":\"https:\/\/www.nexoinformativo.mx\/index.php\/2025\/01\/16\/queretaro-y-laredo-texas-estrechan-lazos-para-impulsar-el-desarrollo-economico-y-la-seguridad\/#primaryimage\"},\"thumbnailUrl\":\"https:\/\/www.nexoinformativo.mx\/wp-content\/uploads\/2025\/01\/PHOTO-2025-01-16-12-35-40-e1737054405517.jpg\",\"keywords\":[\"DesarrolloEcon\u00f3mico\",\"Quer\u00e9taroLaredo\",\"RelacionesInternacionales\",\"Seguridad\"],\"articleSection\":[\"Econom\u00eda\",\"Estado\",\"\u00daltima Hora\"],\"inLanguage\":\"es\",\"potentialAction\":[{\"@type\":\"CommentAction\",\"name\":\"Comment\",\"target\":[\"https:\/\/www.nexoinformativo.mx\/index.php\/2025\/01\/16\/queretaro-y-laredo-texas-estrechan-lazos-para-impulsar-el-desarrollo-economico-y-la-seguridad\/#respond\"]}]},{\"@type\":\"WebPage\",\"@id\":\"https:\/\/www.nexoinformativo.mx\/index.php\/2025\/01\/16\/queretaro-y-laredo-texas-estrechan-lazos-para-impulsar-el-desarrollo-economico-y-la-seguridad\/\",\"url\":\"https:\/\/www.nexoinformativo.mx\/index.php\/2025\/01\/16\/queretaro-y-laredo-texas-estrechan-lazos-para-impulsar-el-desarrollo-economico-y-la-seguridad\/\",\"name\":\"Quer\u00e9taro y Laredo Texas estrechan lazos para impulsar el desarrollo econ\u00f3mico y la seguridad | Nexo Informativo Santiago de Quer\u00e9taro\",\"isPartOf\":{\"@id\":\"https:\/\/www.nexoinformativo.mx\/#website\"},\"primaryImageOfPage\":{\"@id\":\"https:\/\/www.nexoinformativo.mx\/index.php\/2025\/01\/16\/queretaro-y-laredo-texas-estrechan-lazos-para-impulsar-el-desarrollo-economico-y-la-seguridad\/#primaryimage\"},\"image\":{\"@id\":\"https:\/\/www.nexoinformativo.mx\/index.php\/2025\/01\/16\/queretaro-y-laredo-texas-estrechan-lazos-para-impulsar-el-desarrollo-economico-y-la-seguridad\/#primaryimage\"},\"thumbnailUrl\":\"https:\/\/www.nexoinformativo.mx\/wp-content\/uploads\/2025\/01\/PHOTO-2025-01-16-12-35-40-e1737054405517.jpg\",\"datePublished\":\"2025-01-16T17:00:34+00:00\",\"dateModified\":\"2025-01-16T19:56:27+00:00\",\"description\":\"Quer\u00e9taro y Laredo Texas estrechan lazos para impulsar el desarrollo econ\u00f3mico y la seguridad\",\"breadcrumb\":{\"@id\":\"https:\/\/www.nexoinformativo.mx\/index.php\/2025\/01\/16\/queretaro-y-laredo-texas-estrechan-lazos-para-impulsar-el-desarrollo-economico-y-la-seguridad\/#breadcrumb\"},\"inLanguage\":\"es\",\"potentialAction\":[{\"@type\":\"ReadAction\",\"target\":[\"https:\/\/www.nexoinformativo.mx\/index.php\/2025\/01\/16\/queretaro-y-laredo-texas-estrechan-lazos-para-impulsar-el-desarrollo-economico-y-la-seguridad\/\"]}]},{\"@type\":\"ImageObject\",\"inLanguage\":\"es\",\"@id\":\"https:\/\/www.nexoinformativo.mx\/index.php\/2025\/01\/16\/queretaro-y-laredo-texas-estrechan-lazos-para-impulsar-el-desarrollo-economico-y-la-seguridad\/#primaryimage\",\"url\":\"https:\/\/www.nexoinformativo.mx\/wp-content\/uploads\/2025\/01\/PHOTO-2025-01-16-12-35-40-e1737054405517.jpg\",\"contentUrl\":\"https:\/\/www.nexoinformativo.mx\/wp-content\/uploads\/2025\/01\/PHOTO-2025-01-16-12-35-40-e1737054405517.jpg\",\"width\":800,\"height\":534},{\"@type\":\"BreadcrumbList\",\"@id\":\"https:\/\/www.nexoinformativo.mx\/index.php\/2025\/01\/16\/queretaro-y-laredo-texas-estrechan-lazos-para-impulsar-el-desarrollo-economico-y-la-seguridad\/#breadcrumb\",\"itemListElement\":[{\"@type\":\"ListItem\",\"position\":1,\"name\":\"Inicio\",\"item\":\"https:\/\/www.nexoinformativo.mx\/\"},{\"@type\":\"ListItem\",\"position\":2,\"name\":\"Quer\u00e9taro y Laredo Texas estrechan lazos para impulsar el desarrollo econ\u00f3mico y la seguridad\"}]},{\"@type\":\"WebSite\",\"@id\":\"https:\/\/www.nexoinformativo.mx\/#website\",\"url\":\"https:\/\/www.nexoinformativo.mx\/\",\"name\":\"Nexo Informativo Santiago de Quer\u00e9taro\",\"description\":\"Explora NexoInformativo y convi\u00e9rtete en parte de una comunidad que valora el conocimiento y la verdad. Tu nexoinformativo es tu puente hacia una comprensi\u00f3n m\u00e1s profunda del mundo que te rodea.\",\"publisher\":{\"@id\":\"https:\/\/www.nexoinformativo.mx\/#organization\"},\"potentialAction\":[{\"@type\":\"SearchAction\",\"target\":{\"@type\":\"EntryPoint\",\"urlTemplate\":\"https:\/\/www.nexoinformativo.mx\/?s={search_term_string}\"},\"query-input\":{\"@type\":\"PropertyValueSpecification\",\"valueRequired\":true,\"valueName\":\"search_term_string\"}}],\"inLanguage\":\"es\"},{\"@type\":\"Organization\",\"@id\":\"https:\/\/www.nexoinformativo.mx\/#organization\",\"name\":\"Nexo Informativo Santiago de Quer\u00e9taro\",\"url\":\"https:\/\/www.nexoinformativo.mx\/\",\"logo\":{\"@type\":\"ImageObject\",\"inLanguage\":\"es\",\"@id\":\"https:\/\/www.nexoinformativo.mx\/#\/schema\/logo\/image\/\",\"url\":\"https:\/\/www.nexoinformativo.mx\/wp-content\/uploads\/2024\/07\/nexoi-trasparente-2.png\",\"contentUrl\":\"https:\/\/www.nexoinformativo.mx\/wp-content\/uploads\/2024\/07\/nexoi-trasparente-2.png\",\"width\":816,\"height\":339,\"caption\":\"Nexo Informativo Santiago de Quer\u00e9taro\"},\"image\":{\"@id\":\"https:\/\/www.nexoinformativo.mx\/#\/schema\/logo\/image\/\"},\"sameAs\":[\"https:\/\/www.facebook.com\/people\/Nexo-Informativo\/61564066885511\/\"]},{\"@type\":\"Person\",\"@id\":\"https:\/\/www.nexoinformativo.mx\/#\/schema\/person\/7749d380ba08c8ca00d7bc76fd907b7d\",\"name\":\"Nexo Informativo\",\"image\":{\"@type\":\"ImageObject\",\"inLanguage\":\"es\",\"@id\":\"https:\/\/www.nexoinformativo.mx\/#\/schema\/person\/image\/\",\"url\":\"https:\/\/secure.gravatar.com\/avatar\/dde2928154642a13d95f87ddf1ea9718fe2b46760a005c53e41ff5ad610704e6?s=96&d=mm&r=g\",\"contentUrl\":\"https:\/\/secure.gravatar.com\/avatar\/dde2928154642a13d95f87ddf1ea9718fe2b46760a005c53e41ff5ad610704e6?s=96&d=mm&r=g\",\"caption\":\"Nexo Informativo\"},\"url\":\"https:\/\/www.nexoinformativo.mx\/index.php\/author\/edicion\/\"}]}<\/script>\n<!-- \/ Yoast SEO plugin. -->","yoast_head_json":{"title":"Quer\u00e9taro y Laredo Texas estrechan lazos para impulsar el desarrollo econ\u00f3mico y la seguridad | Nexo Informativo Santiago de Quer\u00e9taro","description":"Quer\u00e9taro y Laredo Texas estrechan lazos para impulsar el desarrollo econ\u00f3mico y la seguridad","robots":{"index":"index","follow":"follow","max-snippet":"max-snippet:-1","max-image-preview":"max-image-preview:large","max-video-preview":"max-video-preview:-1"},"canonical":"https:\/\/www.nexoinformativo.mx\/index.php\/2025\/01\/16\/queretaro-y-laredo-texas-estrechan-lazos-para-impulsar-el-desarrollo-economico-y-la-seguridad\/","og_locale":"es_MX","og_type":"article","og_title":"Quer\u00e9taro y Laredo Texas estrechan lazos para impulsar el desarrollo econ\u00f3mico y la seguridad | Nexo Informativo Santiago de Quer\u00e9taro","og_description":"Quer\u00e9taro y Laredo Texas estrechan lazos para impulsar el desarrollo econ\u00f3mico y la seguridad","og_url":"https:\/\/www.nexoinformativo.mx\/index.php\/2025\/01\/16\/queretaro-y-laredo-texas-estrechan-lazos-para-impulsar-el-desarrollo-economico-y-la-seguridad\/","og_site_name":"Nexo Informativo Santiago de Quer\u00e9taro","article_publisher":"https:\/\/www.facebook.com\/people\/Nexo-Informativo\/61564066885511\/","article_published_time":"2025-01-16T17:00:34+00:00","article_modified_time":"2025-01-16T19:56:27+00:00","og_image":[{"width":800,"height":534,"url":"https:\/\/www.nexoinformativo.mx\/wp-content\/uploads\/2025\/01\/PHOTO-2025-01-16-12-35-40-e1737054405517.jpg","type":"image\/jpeg"}],"author":"Nexo Informativo","twitter_card":"summary_large_image","twitter_misc":{"Escrito por":"Nexo Informativo","Tiempo de lectura":"2 minutos"},"schema":{"@context":"https:\/\/schema.org","@graph":[{"@type":"Article","@id":"https:\/\/www.nexoinformativo.mx\/index.php\/2025\/01\/16\/queretaro-y-laredo-texas-estrechan-lazos-para-impulsar-el-desarrollo-economico-y-la-seguridad\/#article","isPartOf":{"@id":"https:\/\/www.nexoinformativo.mx\/index.php\/2025\/01\/16\/queretaro-y-laredo-texas-estrechan-lazos-para-impulsar-el-desarrollo-economico-y-la-seguridad\/"},"author":{"name":"Nexo Informativo","@id":"https:\/\/www.nexoinformativo.mx\/#\/schema\/person\/7749d380ba08c8ca00d7bc76fd907b7d"},"headline":"Quer\u00e9taro y Laredo Texas estrechan lazos para impulsar el desarrollo econ\u00f3mico y la seguridad","datePublished":"2025-01-16T17:00:34+00:00","dateModified":"2025-01-16T19:56:27+00:00","mainEntityOfPage":{"@id":"https:\/\/www.nexoinformativo.mx\/index.php\/2025\/01\/16\/queretaro-y-laredo-texas-estrechan-lazos-para-impulsar-el-desarrollo-economico-y-la-seguridad\/"},"wordCount":234,"commentCount":0,"publisher":{"@id":"https:\/\/www.nexoinformativo.mx\/#organization"},"image":{"@id":"https:\/\/www.nexoinformativo.mx\/index.php\/2025\/01\/16\/queretaro-y-laredo-texas-estrechan-lazos-para-impulsar-el-desarrollo-economico-y-la-seguridad\/#primaryimage"},"thumbnailUrl":"https:\/\/www.nexoinformativo.mx\/wp-content\/uploads\/2025\/01\/PHOTO-2025-01-16-12-35-40-e1737054405517.jpg","keywords":["DesarrolloEcon\u00f3mico","Quer\u00e9taroLaredo","RelacionesInternacionales","Seguridad"],"articleSection":["Econom\u00eda","Estado","\u00daltima Hora"],"inLanguage":"es","potentialAction":[{"@type":"CommentAction","name":"Comment","target":["https:\/\/www.nexoinformativo.mx\/index.php\/2025\/01\/16\/queretaro-y-laredo-texas-estrechan-lazos-para-impulsar-el-desarrollo-economico-y-la-seguridad\/#respond"]}]},{"@type":"WebPage","@id":"https:\/\/www.nexoinformativo.mx\/index.php\/2025\/01\/16\/queretaro-y-laredo-texas-estrechan-lazos-para-impulsar-el-desarrollo-economico-y-la-seguridad\/","url":"https:\/\/www.nexoinformativo.mx\/index.php\/2025\/01\/16\/queretaro-y-laredo-texas-estrechan-lazos-para-impulsar-el-desarrollo-economico-y-la-seguridad\/","name":"Quer\u00e9taro y Laredo Texas estrechan lazos para impulsar el desarrollo econ\u00f3mico y la seguridad | Nexo Informativo Santiago de Quer\u00e9taro","isPartOf":{"@id":"https:\/\/www.nexoinformativo.mx\/#website"},"primaryImageOfPage":{"@id":"https:\/\/www.nexoinformativo.mx\/index.php\/2025\/01\/16\/queretaro-y-laredo-texas-estrechan-lazos-para-impulsar-el-desarrollo-economico-y-la-seguridad\/#primaryimage"},"image":{"@id":"https:\/\/www.nexoinformativo.mx\/index.php\/2025\/01\/16\/queretaro-y-laredo-texas-estrechan-lazos-para-impulsar-el-desarrollo-economico-y-la-seguridad\/#primaryimage"},"thumbnailUrl":"https:\/\/www.nexoinformativo.mx\/wp-content\/uploads\/2025\/01\/PHOTO-2025-01-16-12-35-40-e1737054405517.jpg","datePublished":"2025-01-16T17:00:34+00:00","dateModified":"2025-01-16T19:56:27+00:00","description":"Quer\u00e9taro y Laredo Texas estrechan lazos para impulsar el desarrollo econ\u00f3mico y la seguridad","breadcrumb":{"@id":"https:\/\/www.nexoinformativo.mx\/index.php\/2025\/01\/16\/queretaro-y-laredo-texas-estrechan-lazos-para-impulsar-el-desarrollo-economico-y-la-seguridad\/#breadcrumb"},"inLanguage":"es","potentialAction":[{"@type":"ReadAction","target":["https:\/\/www.nexoinformativo.mx\/index.php\/2025\/01\/16\/queretaro-y-laredo-texas-estrechan-lazos-para-impulsar-el-desarrollo-economico-y-la-seguridad\/"]}]},{"@type":"ImageObject","inLanguage":"es","@id":"https:\/\/www.nexoinformativo.mx\/index.php\/2025\/01\/16\/queretaro-y-laredo-texas-estrechan-lazos-para-impulsar-el-desarrollo-economico-y-la-seguridad\/#primaryimage","url":"https:\/\/www.nexoinformativo.mx\/wp-content\/uploads\/2025\/01\/PHOTO-2025-01-16-12-35-40-e1737054405517.jpg","contentUrl":"https:\/\/www.nexoinformativo.mx\/wp-content\/uploads\/2025\/01\/PHOTO-2025-01-16-12-35-40-e1737054405517.jpg","width":800,"height":534},{"@type":"BreadcrumbList","@id":"https:\/\/www.nexoinformativo.mx\/index.php\/2025\/01\/16\/queretaro-y-laredo-texas-estrechan-lazos-para-impulsar-el-desarrollo-economico-y-la-seguridad\/#breadcrumb","itemListElement":[{"@type":"ListItem","position":1,"name":"Inicio","item":"https:\/\/www.nexoinformativo.mx\/"},{"@type":"ListItem","position":2,"name":"Quer\u00e9taro y Laredo Texas estrechan lazos para impulsar el desarrollo econ\u00f3mico y la seguridad"}]},{"@type":"WebSite","@id":"https:\/\/www.nexoinformativo.mx\/#website","url":"https:\/\/www.nexoinformativo.mx\/","name":"Nexo Informativo Santiago de Quer\u00e9taro","description":"Explora NexoInformativo y convi\u00e9rtete en parte de una comunidad que valora el conocimiento y la verdad. Tu nexoinformativo es tu puente hacia una comprensi\u00f3n m\u00e1s profunda del mundo que te rodea.","publisher":{"@id":"https:\/\/www.nexoinformativo.mx\/#organization"},"potentialAction":[{"@type":"SearchAction","target":{"@type":"EntryPoint","urlTemplate":"https:\/\/www.nexoinformativo.mx\/?s={search_term_string}"},"query-input":{"@type":"PropertyValueSpecification","valueRequired":true,"valueName":"search_term_string"}}],"inLanguage":"es"},{"@type":"Organization","@id":"https:\/\/www.nexoinformativo.mx\/#organization","name":"Nexo Informativo Santiago de Quer\u00e9taro","url":"https:\/\/www.nexoinformativo.mx\/","logo":{"@type":"ImageObject","inLanguage":"es","@id":"https:\/\/www.nexoinformativo.mx\/#\/schema\/logo\/image\/","url":"https:\/\/www.nexoinformativo.mx\/wp-content\/uploads\/2024\/07\/nexoi-trasparente-2.png","contentUrl":"https:\/\/www.nexoinformativo.mx\/wp-content\/uploads\/2024\/07\/nexoi-trasparente-2.png","width":816,"height":339,"caption":"Nexo Informativo Santiago de Quer\u00e9taro"},"image":{"@id":"https:\/\/www.nexoinformativo.mx\/#\/schema\/logo\/image\/"},"sameAs":["https:\/\/www.facebook.com\/people\/Nexo-Informativo\/61564066885511\/"]},{"@type":"Person","@id":"https:\/\/www.nexoinformativo.mx\/#\/schema\/person\/7749d380ba08c8ca00d7bc76fd907b7d","name":"Nexo Informativo","image":{"@type":"ImageObject","inLanguage":"es","@id":"https:\/\/www.nexoinformativo.mx\/#\/schema\/person\/image\/","url":"https:\/\/secure.gravatar.com\/avatar\/dde2928154642a13d95f87ddf1ea9718fe2b46760a005c53e41ff5ad610704e6?s=96&d=mm&r=g","contentUrl":"https:\/\/secure.gravatar.com\/avatar\/dde2928154642a13d95f87ddf1ea9718fe2b46760a005c53e41ff5ad610704e6?s=96&d=mm&r=g","caption":"Nexo Informativo"},"url":"https:\/\/www.nexoinformativo.mx\/index.php\/author\/edicion\/"}]}},"_links":{"self":[{"href":"https:\/\/www.nexoinformativo.mx\/index.php\/wp-json\/wp\/v2\/posts\/10010","targetHints":{"allow":["GET"]}}],"collection":[{"href":"https:\/\/www.nexoinformativo.mx\/index.php\/wp-json\/wp\/v2\/posts"}],"about":[{"href":"https:\/\/www.nexoinformativo.mx\/index.php\/wp-json\/wp\/v2\/types\/post"}],"author":[{"embeddable":true,"href":"https:\/\/www.nexoinformativo.mx\/index.php\/wp-json\/wp\/v2\/users\/3"}],"replies":[{"embeddable":true,"href":"https:\/\/www.nexoinformativo.mx\/index.php\/wp-json\/wp\/v2\/comments?post=10010"}],"version-history":[{"count":4,"href":"https:\/\/www.nexoinformativo.mx\/index.php\/wp-json\/wp\/v2\/posts\/10010\/revisions"}],"predecessor-version":[{"id":10037,"href":"https:\/\/www.nexoinformativo.mx\/index.php\/wp-json\/wp\/v2\/posts\/10010\/revisions\/10037"}],"wp:featuredmedia":[{"embeddable":true,"href":"https:\/\/www.nexoinformativo.mx\/index.php\/wp-json\/wp\/v2\/media\/10011"}],"wp:attachment":[{"href":"https:\/\/www.nexoinformativo.mx\/index.php\/wp-json\/wp\/v2\/media?parent=10010"}],"wp:term":[{"taxonomy":"category","embeddable":true,"href":"https:\/\/www.nexoinformativo.mx\/index.php\/wp-json\/wp\/v2\/categories?post=10010"},{"taxonomy":"post_tag","embeddable":true,"href":"https:\/\/www.nexoinformativo.mx\/index.php\/wp-json\/wp\/v2\/tags?post=10010"}],"curies":[{"name":"wp","href":"https:\/\/api.w.org\/{rel}","templated":true}]}}