{"id":10016,"date":"2025-01-16T11:30:06","date_gmt":"2025-01-16T17:30:06","guid":{"rendered":"https:\/\/www.nexoinformativo.mx\/?p=10016"},"modified":"2025-01-16T13:56:44","modified_gmt":"2025-01-16T19:56:44","slug":"coparmex-queretaro-impulsa-la-transicion-energetica-en-el-estado","status":"publish","type":"post","link":"https:\/\/www.nexoinformativo.mx\/index.php\/2025\/01\/16\/coparmex-queretaro-impulsa-la-transicion-energetica-en-el-estado\/","title":{"rendered":"COPARMEX Quer\u00e9taro impulsa la transici\u00f3n energ\u00e9tica en el estado"},"content":{"rendered":"<p style=\"text-align: justify;\" data-sourcepos=\"11:1-11:360\">La Confederaci\u00f3n Patronal de la Rep\u00fablica Mexicana (COPARMEX) en Quer\u00e9taro dio un paso importante hacia la transici\u00f3n energ\u00e9tica al instalar su Comisi\u00f3n de Energ\u00eda.<\/p>\n<p>&nbsp;<\/p>\n<p style=\"text-align: justify;\" data-sourcepos=\"11:1-11:360\">Este organismo empresarial busca promover el uso eficiente y sostenible de los recursos energ\u00e9ticos, alineando sus esfuerzos con las pol\u00edticas estatales y federales.<\/p>\n<p>&nbsp;<\/p>\n<p style=\"text-align: justify;\" data-sourcepos=\"13:1-13:292\">La presidenta de COPARMEX Quer\u00e9taro, Beatriz Hern\u00e1ndez, destac\u00f3 la relevancia de esta iniciativa al se\u00f1alar que la comisi\u00f3n jugar\u00e1 un papel fundamental en el desarrollo energ\u00e9tico del estado. &#8220;<strong>Queremos que Quer\u00e9taro sea un referente nacional en innovaci\u00f3n y sostenibilidad ambiental&#8221;<\/strong>, afirm\u00f3.<\/p>\n<p>&nbsp;<\/p>\n<p style=\"text-align: justify;\" data-sourcepos=\"15:1-15:143\">Por su parte, Elisa \u00c1vila Requena, presidenta de la Comisi\u00f3n de Energ\u00eda, detall\u00f3 los objetivos de este nuevo organismo, entre los que destacan:<\/p>\n<p>&nbsp;<\/p>\n<p style=\"text-align: justify;\">*Fortalecer la colaboraci\u00f3n entre el sector p\u00fablico y privado.<\/p>\n<p style=\"text-align: justify;\">*Promover proyectos de energ\u00edas renovables y eficiencia energ\u00e9tica.<\/p>\n<p style=\"text-align: justify;\">*Capacitar y asesorar a las empresas para enfrentar los desaf\u00edos de la transici\u00f3n energ\u00e9tica.<\/p>\n<p style=\"text-align: justify;\">*Generar espacios de di\u00e1logo y colaboraci\u00f3n entre los actores del sector energ\u00e9tico.<\/p>\n<p>&nbsp;<\/p>\n<p style=\"text-align: justify;\" data-sourcepos=\"22:1-22:242\">Adem\u00e1s, Carlos Aurelio Hern\u00e1ndez, presidente de la Comisi\u00f3n Nacional de Energ\u00eda de COPARMEX, present\u00f3 la propuesta <strong>&#8220;Luz Limpia para todos los mexicanos&#8221;<\/strong>, una iniciativa que busca fomentar el debate p\u00fablico sobre el futuro energ\u00e9tico del pa\u00eds.<\/p>\n<p>&nbsp;<\/p>\n<p style=\"text-align: justify;\" data-sourcepos=\"24:1-24:184\">COPARMEX Quer\u00e9taro demuestra su compromiso con el desarrollo sostenible y la b\u00fasqueda de soluciones innovadoras para los retos energ\u00e9ticos del estado.<\/p>\n<p>&nbsp;<\/p>\n<p style=\"text-align: center;\" data-sourcepos=\"24:1-24:184\"><em><strong>\u00a1Informaci\u00f3n que transforma!<\/strong><\/em><\/p>\n<p data-sourcepos=\"24:1-24:184\">\n","protected":false},"excerpt":{"rendered":"<p>La Confederaci\u00f3n Patronal de la Rep\u00fablica Mexicana (COPARMEX) en Quer\u00e9taro dio un paso importante hacia la transici\u00f3n energ\u00e9tica al instalar su Comisi\u00f3n de Energ\u00eda.<\/p>\n","protected":false},"author":3,"featured_media":10017,"comment_status":"open","ping_status":"open","sticky":false,"template":"","format":"standard","meta":{"footnotes":""},"categories":[5,42,58],"tags":[2066,2302,133,532],"class_list":["post-10016","post","type-post","status-publish","format-standard","has-post-thumbnail","hentry","category-economia","category-estado","category-ultima-hora","tag-coparmex","tag-energialimpia","tag-queretaro","tag-transicionenergetica"],"yoast_head":"<!-- This site is optimized with the Yoast SEO plugin v25.0 - https:\/\/yoast.com\/wordpress\/plugins\/seo\/ -->\n<title>COPARMEX Quer\u00e9taro impulsa la transici\u00f3n energ\u00e9tica en el estado | Nexo Informativo Santiago de Quer\u00e9taro<\/title>\n<meta name=\"description\" content=\"COPARMEX Quer\u00e9taro impulsa la transici\u00f3n energ\u00e9tica en el estado\" \/>\n<meta name=\"robots\" content=\"index, follow, max-snippet:-1, max-image-preview:large, max-video-preview:-1\" \/>\n<link rel=\"canonical\" href=\"https:\/\/www.nexoinformativo.mx\/index.php\/2025\/01\/16\/coparmex-queretaro-impulsa-la-transicion-energetica-en-el-estado\/\" \/>\n<meta property=\"og:locale\" content=\"es_MX\" \/>\n<meta property=\"og:type\" content=\"article\" \/>\n<meta property=\"og:title\" content=\"COPARMEX Quer\u00e9taro impulsa la transici\u00f3n energ\u00e9tica en el estado | Nexo Informativo Santiago de Quer\u00e9taro\" \/>\n<meta property=\"og:description\" content=\"COPARMEX Quer\u00e9taro impulsa la transici\u00f3n energ\u00e9tica en el estado\" \/>\n<meta property=\"og:url\" content=\"https:\/\/www.nexoinformativo.mx\/index.php\/2025\/01\/16\/coparmex-queretaro-impulsa-la-transicion-energetica-en-el-estado\/\" \/>\n<meta property=\"og:site_name\" content=\"Nexo Informativo Santiago de Quer\u00e9taro\" \/>\n<meta property=\"article:publisher\" content=\"https:\/\/www.facebook.com\/people\/Nexo-Informativo\/61564066885511\/\" \/>\n<meta property=\"article:published_time\" content=\"2025-01-16T17:30:06+00:00\" \/>\n<meta property=\"article:modified_time\" content=\"2025-01-16T19:56:44+00:00\" \/>\n<meta property=\"og:image\" content=\"https:\/\/www.nexoinformativo.mx\/wp-content\/uploads\/2025\/01\/90c1934e-6cc5-4799-94ca-d3de1eadd7f5-scaled-e1737055041157.jpg\" \/>\n\t<meta property=\"og:image:width\" content=\"800\" \/>\n\t<meta property=\"og:image:height\" content=\"449\" \/>\n\t<meta property=\"og:image:type\" content=\"image\/jpeg\" \/>\n<meta name=\"author\" content=\"Nexo Informativo\" \/>\n<meta name=\"twitter:card\" content=\"summary_large_image\" \/>\n<meta name=\"twitter:label1\" content=\"Escrito por\" \/>\n\t<meta name=\"twitter:data1\" content=\"Nexo Informativo\" \/>\n\t<meta name=\"twitter:label2\" content=\"Tiempo de lectura\" \/>\n\t<meta name=\"twitter:data2\" content=\"2 minutos\" \/>\n<script type=\"application\/ld+json\" class=\"yoast-schema-graph\">{\"@context\":\"https:\/\/schema.org\",\"@graph\":[{\"@type\":\"Article\",\"@id\":\"https:\/\/www.nexoinformativo.mx\/index.php\/2025\/01\/16\/coparmex-queretaro-impulsa-la-transicion-energetica-en-el-estado\/#article\",\"isPartOf\":{\"@id\":\"https:\/\/www.nexoinformativo.mx\/index.php\/2025\/01\/16\/coparmex-queretaro-impulsa-la-transicion-energetica-en-el-estado\/\"},\"author\":{\"name\":\"Nexo Informativo\",\"@id\":\"https:\/\/www.nexoinformativo.mx\/#\/schema\/person\/7749d380ba08c8ca00d7bc76fd907b7d\"},\"headline\":\"COPARMEX Quer\u00e9taro impulsa la transici\u00f3n energ\u00e9tica en el estado\",\"datePublished\":\"2025-01-16T17:30:06+00:00\",\"dateModified\":\"2025-01-16T19:56:44+00:00\",\"mainEntityOfPage\":{\"@id\":\"https:\/\/www.nexoinformativo.mx\/index.php\/2025\/01\/16\/coparmex-queretaro-impulsa-la-transicion-energetica-en-el-estado\/\"},\"wordCount\":272,\"commentCount\":0,\"publisher\":{\"@id\":\"https:\/\/www.nexoinformativo.mx\/#organization\"},\"image\":{\"@id\":\"https:\/\/www.nexoinformativo.mx\/index.php\/2025\/01\/16\/coparmex-queretaro-impulsa-la-transicion-energetica-en-el-estado\/#primaryimage\"},\"thumbnailUrl\":\"https:\/\/www.nexoinformativo.mx\/wp-content\/uploads\/2025\/01\/90c1934e-6cc5-4799-94ca-d3de1eadd7f5-scaled-e1737055041157.jpg\",\"keywords\":[\"Coparmex\",\"Energ\u00edaLimpia\",\"Quer\u00e9taro\",\"Transici\u00f3nEnerg\u00e9tica\"],\"articleSection\":[\"Econom\u00eda\",\"Estado\",\"\u00daltima Hora\"],\"inLanguage\":\"es\",\"potentialAction\":[{\"@type\":\"CommentAction\",\"name\":\"Comment\",\"target\":[\"https:\/\/www.nexoinformativo.mx\/index.php\/2025\/01\/16\/coparmex-queretaro-impulsa-la-transicion-energetica-en-el-estado\/#respond\"]}]},{\"@type\":\"WebPage\",\"@id\":\"https:\/\/www.nexoinformativo.mx\/index.php\/2025\/01\/16\/coparmex-queretaro-impulsa-la-transicion-energetica-en-el-estado\/\",\"url\":\"https:\/\/www.nexoinformativo.mx\/index.php\/2025\/01\/16\/coparmex-queretaro-impulsa-la-transicion-energetica-en-el-estado\/\",\"name\":\"COPARMEX Quer\u00e9taro impulsa la transici\u00f3n energ\u00e9tica en el estado | Nexo Informativo Santiago de Quer\u00e9taro\",\"isPartOf\":{\"@id\":\"https:\/\/www.nexoinformativo.mx\/#website\"},\"primaryImageOfPage\":{\"@id\":\"https:\/\/www.nexoinformativo.mx\/index.php\/2025\/01\/16\/coparmex-queretaro-impulsa-la-transicion-energetica-en-el-estado\/#primaryimage\"},\"image\":{\"@id\":\"https:\/\/www.nexoinformativo.mx\/index.php\/2025\/01\/16\/coparmex-queretaro-impulsa-la-transicion-energetica-en-el-estado\/#primaryimage\"},\"thumbnailUrl\":\"https:\/\/www.nexoinformativo.mx\/wp-content\/uploads\/2025\/01\/90c1934e-6cc5-4799-94ca-d3de1eadd7f5-scaled-e1737055041157.jpg\",\"datePublished\":\"2025-01-16T17:30:06+00:00\",\"dateModified\":\"2025-01-16T19:56:44+00:00\",\"description\":\"COPARMEX Quer\u00e9taro impulsa la transici\u00f3n energ\u00e9tica en el estado\",\"breadcrumb\":{\"@id\":\"https:\/\/www.nexoinformativo.mx\/index.php\/2025\/01\/16\/coparmex-queretaro-impulsa-la-transicion-energetica-en-el-estado\/#breadcrumb\"},\"inLanguage\":\"es\",\"potentialAction\":[{\"@type\":\"ReadAction\",\"target\":[\"https:\/\/www.nexoinformativo.mx\/index.php\/2025\/01\/16\/coparmex-queretaro-impulsa-la-transicion-energetica-en-el-estado\/\"]}]},{\"@type\":\"ImageObject\",\"inLanguage\":\"es\",\"@id\":\"https:\/\/www.nexoinformativo.mx\/index.php\/2025\/01\/16\/coparmex-queretaro-impulsa-la-transicion-energetica-en-el-estado\/#primaryimage\",\"url\":\"https:\/\/www.nexoinformativo.mx\/wp-content\/uploads\/2025\/01\/90c1934e-6cc5-4799-94ca-d3de1eadd7f5-scaled-e1737055041157.jpg\",\"contentUrl\":\"https:\/\/www.nexoinformativo.mx\/wp-content\/uploads\/2025\/01\/90c1934e-6cc5-4799-94ca-d3de1eadd7f5-scaled-e1737055041157.jpg\",\"width\":800,\"height\":449},{\"@type\":\"BreadcrumbList\",\"@id\":\"https:\/\/www.nexoinformativo.mx\/index.php\/2025\/01\/16\/coparmex-queretaro-impulsa-la-transicion-energetica-en-el-estado\/#breadcrumb\",\"itemListElement\":[{\"@type\":\"ListItem\",\"position\":1,\"name\":\"Inicio\",\"item\":\"https:\/\/www.nexoinformativo.mx\/\"},{\"@type\":\"ListItem\",\"position\":2,\"name\":\"COPARMEX Quer\u00e9taro impulsa la transici\u00f3n energ\u00e9tica en el estado\"}]},{\"@type\":\"WebSite\",\"@id\":\"https:\/\/www.nexoinformativo.mx\/#website\",\"url\":\"https:\/\/www.nexoinformativo.mx\/\",\"name\":\"Nexo Informativo Santiago de Quer\u00e9taro\",\"description\":\"Explora NexoInformativo y convi\u00e9rtete en parte de una comunidad que valora el conocimiento y la verdad. Tu nexoinformativo es tu puente hacia una comprensi\u00f3n m\u00e1s profunda del mundo que te rodea.\",\"publisher\":{\"@id\":\"https:\/\/www.nexoinformativo.mx\/#organization\"},\"potentialAction\":[{\"@type\":\"SearchAction\",\"target\":{\"@type\":\"EntryPoint\",\"urlTemplate\":\"https:\/\/www.nexoinformativo.mx\/?s={search_term_string}\"},\"query-input\":{\"@type\":\"PropertyValueSpecification\",\"valueRequired\":true,\"valueName\":\"search_term_string\"}}],\"inLanguage\":\"es\"},{\"@type\":\"Organization\",\"@id\":\"https:\/\/www.nexoinformativo.mx\/#organization\",\"name\":\"Nexo Informativo Santiago de Quer\u00e9taro\",\"url\":\"https:\/\/www.nexoinformativo.mx\/\",\"logo\":{\"@type\":\"ImageObject\",\"inLanguage\":\"es\",\"@id\":\"https:\/\/www.nexoinformativo.mx\/#\/schema\/logo\/image\/\",\"url\":\"https:\/\/www.nexoinformativo.mx\/wp-content\/uploads\/2024\/07\/nexoi-trasparente-2.png\",\"contentUrl\":\"https:\/\/www.nexoinformativo.mx\/wp-content\/uploads\/2024\/07\/nexoi-trasparente-2.png\",\"width\":816,\"height\":339,\"caption\":\"Nexo Informativo Santiago de Quer\u00e9taro\"},\"image\":{\"@id\":\"https:\/\/www.nexoinformativo.mx\/#\/schema\/logo\/image\/\"},\"sameAs\":[\"https:\/\/www.facebook.com\/people\/Nexo-Informativo\/61564066885511\/\"]},{\"@type\":\"Person\",\"@id\":\"https:\/\/www.nexoinformativo.mx\/#\/schema\/person\/7749d380ba08c8ca00d7bc76fd907b7d\",\"name\":\"Nexo Informativo\",\"image\":{\"@type\":\"ImageObject\",\"inLanguage\":\"es\",\"@id\":\"https:\/\/www.nexoinformativo.mx\/#\/schema\/person\/image\/\",\"url\":\"https:\/\/secure.gravatar.com\/avatar\/dde2928154642a13d95f87ddf1ea9718fe2b46760a005c53e41ff5ad610704e6?s=96&d=mm&r=g\",\"contentUrl\":\"https:\/\/secure.gravatar.com\/avatar\/dde2928154642a13d95f87ddf1ea9718fe2b46760a005c53e41ff5ad610704e6?s=96&d=mm&r=g\",\"caption\":\"Nexo Informativo\"},\"url\":\"https:\/\/www.nexoinformativo.mx\/index.php\/author\/edicion\/\"}]}<\/script>\n<!-- \/ Yoast SEO plugin. -->","yoast_head_json":{"title":"COPARMEX Quer\u00e9taro impulsa la transici\u00f3n energ\u00e9tica en el estado | Nexo Informativo Santiago de Quer\u00e9taro","description":"COPARMEX Quer\u00e9taro impulsa la transici\u00f3n energ\u00e9tica en el estado","robots":{"index":"index","follow":"follow","max-snippet":"max-snippet:-1","max-image-preview":"max-image-preview:large","max-video-preview":"max-video-preview:-1"},"canonical":"https:\/\/www.nexoinformativo.mx\/index.php\/2025\/01\/16\/coparmex-queretaro-impulsa-la-transicion-energetica-en-el-estado\/","og_locale":"es_MX","og_type":"article","og_title":"COPARMEX Quer\u00e9taro impulsa la transici\u00f3n energ\u00e9tica en el estado | Nexo Informativo Santiago de Quer\u00e9taro","og_description":"COPARMEX Quer\u00e9taro impulsa la transici\u00f3n energ\u00e9tica en el estado","og_url":"https:\/\/www.nexoinformativo.mx\/index.php\/2025\/01\/16\/coparmex-queretaro-impulsa-la-transicion-energetica-en-el-estado\/","og_site_name":"Nexo Informativo Santiago de Quer\u00e9taro","article_publisher":"https:\/\/www.facebook.com\/people\/Nexo-Informativo\/61564066885511\/","article_published_time":"2025-01-16T17:30:06+00:00","article_modified_time":"2025-01-16T19:56:44+00:00","og_image":[{"width":800,"height":449,"url":"https:\/\/www.nexoinformativo.mx\/wp-content\/uploads\/2025\/01\/90c1934e-6cc5-4799-94ca-d3de1eadd7f5-scaled-e1737055041157.jpg","type":"image\/jpeg"}],"author":"Nexo Informativo","twitter_card":"summary_large_image","twitter_misc":{"Escrito por":"Nexo Informativo","Tiempo de lectura":"2 minutos"},"schema":{"@context":"https:\/\/schema.org","@graph":[{"@type":"Article","@id":"https:\/\/www.nexoinformativo.mx\/index.php\/2025\/01\/16\/coparmex-queretaro-impulsa-la-transicion-energetica-en-el-estado\/#article","isPartOf":{"@id":"https:\/\/www.nexoinformativo.mx\/index.php\/2025\/01\/16\/coparmex-queretaro-impulsa-la-transicion-energetica-en-el-estado\/"},"author":{"name":"Nexo Informativo","@id":"https:\/\/www.nexoinformativo.mx\/#\/schema\/person\/7749d380ba08c8ca00d7bc76fd907b7d"},"headline":"COPARMEX Quer\u00e9taro impulsa la transici\u00f3n energ\u00e9tica en el estado","datePublished":"2025-01-16T17:30:06+00:00","dateModified":"2025-01-16T19:56:44+00:00","mainEntityOfPage":{"@id":"https:\/\/www.nexoinformativo.mx\/index.php\/2025\/01\/16\/coparmex-queretaro-impulsa-la-transicion-energetica-en-el-estado\/"},"wordCount":272,"commentCount":0,"publisher":{"@id":"https:\/\/www.nexoinformativo.mx\/#organization"},"image":{"@id":"https:\/\/www.nexoinformativo.mx\/index.php\/2025\/01\/16\/coparmex-queretaro-impulsa-la-transicion-energetica-en-el-estado\/#primaryimage"},"thumbnailUrl":"https:\/\/www.nexoinformativo.mx\/wp-content\/uploads\/2025\/01\/90c1934e-6cc5-4799-94ca-d3de1eadd7f5-scaled-e1737055041157.jpg","keywords":["Coparmex","Energ\u00edaLimpia","Quer\u00e9taro","Transici\u00f3nEnerg\u00e9tica"],"articleSection":["Econom\u00eda","Estado","\u00daltima Hora"],"inLanguage":"es","potentialAction":[{"@type":"CommentAction","name":"Comment","target":["https:\/\/www.nexoinformativo.mx\/index.php\/2025\/01\/16\/coparmex-queretaro-impulsa-la-transicion-energetica-en-el-estado\/#respond"]}]},{"@type":"WebPage","@id":"https:\/\/www.nexoinformativo.mx\/index.php\/2025\/01\/16\/coparmex-queretaro-impulsa-la-transicion-energetica-en-el-estado\/","url":"https:\/\/www.nexoinformativo.mx\/index.php\/2025\/01\/16\/coparmex-queretaro-impulsa-la-transicion-energetica-en-el-estado\/","name":"COPARMEX Quer\u00e9taro impulsa la transici\u00f3n energ\u00e9tica en el estado | Nexo Informativo Santiago de Quer\u00e9taro","isPartOf":{"@id":"https:\/\/www.nexoinformativo.mx\/#website"},"primaryImageOfPage":{"@id":"https:\/\/www.nexoinformativo.mx\/index.php\/2025\/01\/16\/coparmex-queretaro-impulsa-la-transicion-energetica-en-el-estado\/#primaryimage"},"image":{"@id":"https:\/\/www.nexoinformativo.mx\/index.php\/2025\/01\/16\/coparmex-queretaro-impulsa-la-transicion-energetica-en-el-estado\/#primaryimage"},"thumbnailUrl":"https:\/\/www.nexoinformativo.mx\/wp-content\/uploads\/2025\/01\/90c1934e-6cc5-4799-94ca-d3de1eadd7f5-scaled-e1737055041157.jpg","datePublished":"2025-01-16T17:30:06+00:00","dateModified":"2025-01-16T19:56:44+00:00","description":"COPARMEX Quer\u00e9taro impulsa la transici\u00f3n energ\u00e9tica en el estado","breadcrumb":{"@id":"https:\/\/www.nexoinformativo.mx\/index.php\/2025\/01\/16\/coparmex-queretaro-impulsa-la-transicion-energetica-en-el-estado\/#breadcrumb"},"inLanguage":"es","potentialAction":[{"@type":"ReadAction","target":["https:\/\/www.nexoinformativo.mx\/index.php\/2025\/01\/16\/coparmex-queretaro-impulsa-la-transicion-energetica-en-el-estado\/"]}]},{"@type":"ImageObject","inLanguage":"es","@id":"https:\/\/www.nexoinformativo.mx\/index.php\/2025\/01\/16\/coparmex-queretaro-impulsa-la-transicion-energetica-en-el-estado\/#primaryimage","url":"https:\/\/www.nexoinformativo.mx\/wp-content\/uploads\/2025\/01\/90c1934e-6cc5-4799-94ca-d3de1eadd7f5-scaled-e1737055041157.jpg","contentUrl":"https:\/\/www.nexoinformativo.mx\/wp-content\/uploads\/2025\/01\/90c1934e-6cc5-4799-94ca-d3de1eadd7f5-scaled-e1737055041157.jpg","width":800,"height":449},{"@type":"BreadcrumbList","@id":"https:\/\/www.nexoinformativo.mx\/index.php\/2025\/01\/16\/coparmex-queretaro-impulsa-la-transicion-energetica-en-el-estado\/#breadcrumb","itemListElement":[{"@type":"ListItem","position":1,"name":"Inicio","item":"https:\/\/www.nexoinformativo.mx\/"},{"@type":"ListItem","position":2,"name":"COPARMEX Quer\u00e9taro impulsa la transici\u00f3n energ\u00e9tica en el estado"}]},{"@type":"WebSite","@id":"https:\/\/www.nexoinformativo.mx\/#website","url":"https:\/\/www.nexoinformativo.mx\/","name":"Nexo Informativo Santiago de Quer\u00e9taro","description":"Explora NexoInformativo y convi\u00e9rtete en parte de una comunidad que valora el conocimiento y la verdad. Tu nexoinformativo es tu puente hacia una comprensi\u00f3n m\u00e1s profunda del mundo que te rodea.","publisher":{"@id":"https:\/\/www.nexoinformativo.mx\/#organization"},"potentialAction":[{"@type":"SearchAction","target":{"@type":"EntryPoint","urlTemplate":"https:\/\/www.nexoinformativo.mx\/?s={search_term_string}"},"query-input":{"@type":"PropertyValueSpecification","valueRequired":true,"valueName":"search_term_string"}}],"inLanguage":"es"},{"@type":"Organization","@id":"https:\/\/www.nexoinformativo.mx\/#organization","name":"Nexo Informativo Santiago de Quer\u00e9taro","url":"https:\/\/www.nexoinformativo.mx\/","logo":{"@type":"ImageObject","inLanguage":"es","@id":"https:\/\/www.nexoinformativo.mx\/#\/schema\/logo\/image\/","url":"https:\/\/www.nexoinformativo.mx\/wp-content\/uploads\/2024\/07\/nexoi-trasparente-2.png","contentUrl":"https:\/\/www.nexoinformativo.mx\/wp-content\/uploads\/2024\/07\/nexoi-trasparente-2.png","width":816,"height":339,"caption":"Nexo Informativo Santiago de Quer\u00e9taro"},"image":{"@id":"https:\/\/www.nexoinformativo.mx\/#\/schema\/logo\/image\/"},"sameAs":["https:\/\/www.facebook.com\/people\/Nexo-Informativo\/61564066885511\/"]},{"@type":"Person","@id":"https:\/\/www.nexoinformativo.mx\/#\/schema\/person\/7749d380ba08c8ca00d7bc76fd907b7d","name":"Nexo Informativo","image":{"@type":"ImageObject","inLanguage":"es","@id":"https:\/\/www.nexoinformativo.mx\/#\/schema\/person\/image\/","url":"https:\/\/secure.gravatar.com\/avatar\/dde2928154642a13d95f87ddf1ea9718fe2b46760a005c53e41ff5ad610704e6?s=96&d=mm&r=g","contentUrl":"https:\/\/secure.gravatar.com\/avatar\/dde2928154642a13d95f87ddf1ea9718fe2b46760a005c53e41ff5ad610704e6?s=96&d=mm&r=g","caption":"Nexo Informativo"},"url":"https:\/\/www.nexoinformativo.mx\/index.php\/author\/edicion\/"}]}},"_links":{"self":[{"href":"https:\/\/www.nexoinformativo.mx\/index.php\/wp-json\/wp\/v2\/posts\/10016","targetHints":{"allow":["GET"]}}],"collection":[{"href":"https:\/\/www.nexoinformativo.mx\/index.php\/wp-json\/wp\/v2\/posts"}],"about":[{"href":"https:\/\/www.nexoinformativo.mx\/index.php\/wp-json\/wp\/v2\/types\/post"}],"author":[{"embeddable":true,"href":"https:\/\/www.nexoinformativo.mx\/index.php\/wp-json\/wp\/v2\/users\/3"}],"replies":[{"embeddable":true,"href":"https:\/\/www.nexoinformativo.mx\/index.php\/wp-json\/wp\/v2\/comments?post=10016"}],"version-history":[{"count":3,"href":"https:\/\/www.nexoinformativo.mx\/index.php\/wp-json\/wp\/v2\/posts\/10016\/revisions"}],"predecessor-version":[{"id":10021,"href":"https:\/\/www.nexoinformativo.mx\/index.php\/wp-json\/wp\/v2\/posts\/10016\/revisions\/10021"}],"wp:featuredmedia":[{"embeddable":true,"href":"https:\/\/www.nexoinformativo.mx\/index.php\/wp-json\/wp\/v2\/media\/10017"}],"wp:attachment":[{"href":"https:\/\/www.nexoinformativo.mx\/index.php\/wp-json\/wp\/v2\/media?parent=10016"}],"wp:term":[{"taxonomy":"category","embeddable":true,"href":"https:\/\/www.nexoinformativo.mx\/index.php\/wp-json\/wp\/v2\/categories?post=10016"},{"taxonomy":"post_tag","embeddable":true,"href":"https:\/\/www.nexoinformativo.mx\/index.php\/wp-json\/wp\/v2\/tags?post=10016"}],"curies":[{"name":"wp","href":"https:\/\/api.w.org\/{rel}","templated":true}]}}