{"id":10039,"date":"2025-01-16T13:00:37","date_gmt":"2025-01-16T19:00:37","guid":{"rendered":"https:\/\/www.nexoinformativo.mx\/?p=10039"},"modified":"2025-01-16T14:01:43","modified_gmt":"2025-01-16T20:01:43","slug":"en-sus-primeras-horas-de-operacion-intentan-robar-scooter-electrico-en-el-centro-historico-y-detienen-presunto-culpable","status":"publish","type":"post","link":"https:\/\/www.nexoinformativo.mx\/index.php\/2025\/01\/16\/en-sus-primeras-horas-de-operacion-intentan-robar-scooter-electrico-en-el-centro-historico-y-detienen-presunto-culpable\/","title":{"rendered":"En sus primeras horas de operaci\u00f3n, intentan robar scooter el\u00e9ctrico en el Centro Hist\u00f3rico y detienen presunto culpable"},"content":{"rendered":"<p style=\"text-align: justify;\" data-sourcepos=\"11:1-11:216\">Apenas unas horas despu\u00e9s de que iniciara el servicio de renta de scooters el\u00e9ctricos en el Centro Hist\u00f3rico de Quer\u00e9taro, se registr\u00f3 el primer intento de robo de uno de estos veh\u00edculos.<\/p>\n<\/p>\n<p>&nbsp;<\/p>\n<p style=\"text-align: justify;\" data-sourcepos=\"13:1-13:300\">Gracias a las c\u00e1maras de videovigilancia, elementos de la Guardia Municipal lograron detener al presunto responsable cuando circulaba a bordo del scooter robado sobre avenida Corregidora Norte. El hombre, de aproximadamente 30 a\u00f1os de edad, cuenta con antecedentes penales por otros robos en la zona.<\/p>\n<\/p>\n<p>&nbsp;<\/p>\n<p style=\"text-align: justify;\" data-sourcepos=\"15:1-15:234\">Este hecho demuestra la necesidad de reforzar la seguridad en torno a estos nuevos medios de transporte, que si bien ofrecen una alternativa de movilidad m\u00e1s sostenible, tambi\u00e9n se convierten en un blanco f\u00e1cil para los delincuentes.<\/p>\n<\/p>\n<p>&nbsp;<\/p>\n<p style=\"text-align: justify;\" data-sourcepos=\"17:1-17:182\">Las autoridades municipales hacen un llamado a la ciudadan\u00eda a denunciar cualquier actividad sospechosa relacionada con los scooters el\u00e9ctricos y a utilizarlos de manera responsable.<\/p>\n<\/p>\n<p>&nbsp;<\/p>\n<p style=\"text-align: center;\" data-sourcepos=\"17:1-17:182\"><em><strong>\u00a1Informaci\u00f3n que transforma!<\/strong><\/em><\/p>\n","protected":false},"excerpt":{"rendered":"<p>Apenas unas horas despu\u00e9s de que iniciara el servicio de renta de scooters el\u00e9ctricos en el Centro Hist\u00f3rico de Quer\u00e9taro, se registr\u00f3 el primer intento de robo de uno de estos veh\u00edculos.<\/p>\n","protected":false},"author":3,"featured_media":10040,"comment_status":"open","ping_status":"open","sticky":false,"template":"","format":"standard","meta":{"footnotes":""},"categories":[137,58],"tags":[756,133,3131,131],"class_list":["post-10039","post","type-post","status-publish","format-standard","has-post-thumbnail","hentry","category-sucesos","category-ultima-hora","tag-movilidadsustentable","tag-queretaro","tag-roboscooters","tag-seguridad"],"yoast_head":"<!-- This site is optimized with the Yoast SEO plugin v25.0 - https:\/\/yoast.com\/wordpress\/plugins\/seo\/ -->\n<title>En sus primeras horas de operaci\u00f3n, intentan robar scooter el\u00e9ctrico en el Centro Hist\u00f3rico y detienen presunto culpable | Nexo Informativo Santiago de Quer\u00e9taro<\/title>\n<meta name=\"description\" content=\"En sus primeras horas de operaci\u00f3n, intentan robar scooter el\u00e9ctrico en el Centro Hist\u00f3rico y detienen presunto culpable\" \/>\n<meta name=\"robots\" content=\"index, follow, max-snippet:-1, max-image-preview:large, max-video-preview:-1\" \/>\n<link rel=\"canonical\" href=\"https:\/\/www.nexoinformativo.mx\/index.php\/2025\/01\/16\/en-sus-primeras-horas-de-operacion-intentan-robar-scooter-electrico-en-el-centro-historico-y-detienen-presunto-culpable\/\" \/>\n<meta property=\"og:locale\" content=\"es_MX\" \/>\n<meta property=\"og:type\" content=\"article\" \/>\n<meta property=\"og:title\" content=\"En sus primeras horas de operaci\u00f3n, intentan robar scooter el\u00e9ctrico en el Centro Hist\u00f3rico y detienen presunto culpable | Nexo Informativo Santiago de Quer\u00e9taro\" \/>\n<meta property=\"og:description\" content=\"En sus primeras horas de operaci\u00f3n, intentan robar scooter el\u00e9ctrico en el Centro Hist\u00f3rico y detienen presunto culpable\" \/>\n<meta property=\"og:url\" content=\"https:\/\/www.nexoinformativo.mx\/index.php\/2025\/01\/16\/en-sus-primeras-horas-de-operacion-intentan-robar-scooter-electrico-en-el-centro-historico-y-detienen-presunto-culpable\/\" \/>\n<meta property=\"og:site_name\" content=\"Nexo Informativo Santiago de Quer\u00e9taro\" \/>\n<meta property=\"article:publisher\" content=\"https:\/\/www.facebook.com\/people\/Nexo-Informativo\/61564066885511\/\" \/>\n<meta property=\"article:published_time\" content=\"2025-01-16T19:00:37+00:00\" \/>\n<meta property=\"article:modified_time\" content=\"2025-01-16T20:01:43+00:00\" \/>\n<meta property=\"og:image\" content=\"https:\/\/www.nexoinformativo.mx\/wp-content\/uploads\/2025\/01\/c5217d61-c27a-4f97-9899-3a6f100ac842-e1737057665153.jpg\" \/>\n\t<meta property=\"og:image:width\" content=\"800\" \/>\n\t<meta property=\"og:image:height\" content=\"450\" \/>\n\t<meta property=\"og:image:type\" content=\"image\/jpeg\" \/>\n<meta name=\"author\" content=\"Nexo Informativo\" \/>\n<meta name=\"twitter:card\" content=\"summary_large_image\" \/>\n<meta name=\"twitter:label1\" content=\"Escrito por\" \/>\n\t<meta name=\"twitter:data1\" content=\"Nexo Informativo\" \/>\n\t<meta name=\"twitter:label2\" content=\"Tiempo de lectura\" \/>\n\t<meta name=\"twitter:data2\" content=\"1 minuto\" \/>\n<script type=\"application\/ld+json\" class=\"yoast-schema-graph\">{\"@context\":\"https:\/\/schema.org\",\"@graph\":[{\"@type\":\"Article\",\"@id\":\"https:\/\/www.nexoinformativo.mx\/index.php\/2025\/01\/16\/en-sus-primeras-horas-de-operacion-intentan-robar-scooter-electrico-en-el-centro-historico-y-detienen-presunto-culpable\/#article\",\"isPartOf\":{\"@id\":\"https:\/\/www.nexoinformativo.mx\/index.php\/2025\/01\/16\/en-sus-primeras-horas-de-operacion-intentan-robar-scooter-electrico-en-el-centro-historico-y-detienen-presunto-culpable\/\"},\"author\":{\"name\":\"Nexo Informativo\",\"@id\":\"https:\/\/www.nexoinformativo.mx\/#\/schema\/person\/7749d380ba08c8ca00d7bc76fd907b7d\"},\"headline\":\"En sus primeras horas de operaci\u00f3n, intentan robar scooter el\u00e9ctrico en el Centro Hist\u00f3rico y detienen presunto culpable\",\"datePublished\":\"2025-01-16T19:00:37+00:00\",\"dateModified\":\"2025-01-16T20:01:43+00:00\",\"mainEntityOfPage\":{\"@id\":\"https:\/\/www.nexoinformativo.mx\/index.php\/2025\/01\/16\/en-sus-primeras-horas-de-operacion-intentan-robar-scooter-electrico-en-el-centro-historico-y-detienen-presunto-culpable\/\"},\"wordCount\":179,\"commentCount\":0,\"publisher\":{\"@id\":\"https:\/\/www.nexoinformativo.mx\/#organization\"},\"image\":{\"@id\":\"https:\/\/www.nexoinformativo.mx\/index.php\/2025\/01\/16\/en-sus-primeras-horas-de-operacion-intentan-robar-scooter-electrico-en-el-centro-historico-y-detienen-presunto-culpable\/#primaryimage\"},\"thumbnailUrl\":\"https:\/\/www.nexoinformativo.mx\/wp-content\/uploads\/2025\/01\/c5217d61-c27a-4f97-9899-3a6f100ac842-e1737057665153.jpg\",\"keywords\":[\"MovilidadSustentable\",\"Quer\u00e9taro\",\"RoboScooters\",\"Seguridad\"],\"articleSection\":[\"Sucesos\",\"\u00daltima Hora\"],\"inLanguage\":\"es\",\"potentialAction\":[{\"@type\":\"CommentAction\",\"name\":\"Comment\",\"target\":[\"https:\/\/www.nexoinformativo.mx\/index.php\/2025\/01\/16\/en-sus-primeras-horas-de-operacion-intentan-robar-scooter-electrico-en-el-centro-historico-y-detienen-presunto-culpable\/#respond\"]}]},{\"@type\":\"WebPage\",\"@id\":\"https:\/\/www.nexoinformativo.mx\/index.php\/2025\/01\/16\/en-sus-primeras-horas-de-operacion-intentan-robar-scooter-electrico-en-el-centro-historico-y-detienen-presunto-culpable\/\",\"url\":\"https:\/\/www.nexoinformativo.mx\/index.php\/2025\/01\/16\/en-sus-primeras-horas-de-operacion-intentan-robar-scooter-electrico-en-el-centro-historico-y-detienen-presunto-culpable\/\",\"name\":\"En sus primeras horas de operaci\u00f3n, intentan robar scooter el\u00e9ctrico en el Centro Hist\u00f3rico y detienen presunto culpable | Nexo Informativo Santiago de Quer\u00e9taro\",\"isPartOf\":{\"@id\":\"https:\/\/www.nexoinformativo.mx\/#website\"},\"primaryImageOfPage\":{\"@id\":\"https:\/\/www.nexoinformativo.mx\/index.php\/2025\/01\/16\/en-sus-primeras-horas-de-operacion-intentan-robar-scooter-electrico-en-el-centro-historico-y-detienen-presunto-culpable\/#primaryimage\"},\"image\":{\"@id\":\"https:\/\/www.nexoinformativo.mx\/index.php\/2025\/01\/16\/en-sus-primeras-horas-de-operacion-intentan-robar-scooter-electrico-en-el-centro-historico-y-detienen-presunto-culpable\/#primaryimage\"},\"thumbnailUrl\":\"https:\/\/www.nexoinformativo.mx\/wp-content\/uploads\/2025\/01\/c5217d61-c27a-4f97-9899-3a6f100ac842-e1737057665153.jpg\",\"datePublished\":\"2025-01-16T19:00:37+00:00\",\"dateModified\":\"2025-01-16T20:01:43+00:00\",\"description\":\"En sus primeras horas de operaci\u00f3n, intentan robar scooter el\u00e9ctrico en el Centro Hist\u00f3rico y detienen presunto culpable\",\"breadcrumb\":{\"@id\":\"https:\/\/www.nexoinformativo.mx\/index.php\/2025\/01\/16\/en-sus-primeras-horas-de-operacion-intentan-robar-scooter-electrico-en-el-centro-historico-y-detienen-presunto-culpable\/#breadcrumb\"},\"inLanguage\":\"es\",\"potentialAction\":[{\"@type\":\"ReadAction\",\"target\":[\"https:\/\/www.nexoinformativo.mx\/index.php\/2025\/01\/16\/en-sus-primeras-horas-de-operacion-intentan-robar-scooter-electrico-en-el-centro-historico-y-detienen-presunto-culpable\/\"]}]},{\"@type\":\"ImageObject\",\"inLanguage\":\"es\",\"@id\":\"https:\/\/www.nexoinformativo.mx\/index.php\/2025\/01\/16\/en-sus-primeras-horas-de-operacion-intentan-robar-scooter-electrico-en-el-centro-historico-y-detienen-presunto-culpable\/#primaryimage\",\"url\":\"https:\/\/www.nexoinformativo.mx\/wp-content\/uploads\/2025\/01\/c5217d61-c27a-4f97-9899-3a6f100ac842-e1737057665153.jpg\",\"contentUrl\":\"https:\/\/www.nexoinformativo.mx\/wp-content\/uploads\/2025\/01\/c5217d61-c27a-4f97-9899-3a6f100ac842-e1737057665153.jpg\",\"width\":800,\"height\":450},{\"@type\":\"BreadcrumbList\",\"@id\":\"https:\/\/www.nexoinformativo.mx\/index.php\/2025\/01\/16\/en-sus-primeras-horas-de-operacion-intentan-robar-scooter-electrico-en-el-centro-historico-y-detienen-presunto-culpable\/#breadcrumb\",\"itemListElement\":[{\"@type\":\"ListItem\",\"position\":1,\"name\":\"Inicio\",\"item\":\"https:\/\/www.nexoinformativo.mx\/\"},{\"@type\":\"ListItem\",\"position\":2,\"name\":\"En sus primeras horas de operaci\u00f3n, intentan robar scooter el\u00e9ctrico en el Centro Hist\u00f3rico y detienen presunto culpable\"}]},{\"@type\":\"WebSite\",\"@id\":\"https:\/\/www.nexoinformativo.mx\/#website\",\"url\":\"https:\/\/www.nexoinformativo.mx\/\",\"name\":\"Nexo Informativo Santiago de Quer\u00e9taro\",\"description\":\"Explora NexoInformativo y convi\u00e9rtete en parte de una comunidad que valora el conocimiento y la verdad. Tu nexoinformativo es tu puente hacia una comprensi\u00f3n m\u00e1s profunda del mundo que te rodea.\",\"publisher\":{\"@id\":\"https:\/\/www.nexoinformativo.mx\/#organization\"},\"potentialAction\":[{\"@type\":\"SearchAction\",\"target\":{\"@type\":\"EntryPoint\",\"urlTemplate\":\"https:\/\/www.nexoinformativo.mx\/?s={search_term_string}\"},\"query-input\":{\"@type\":\"PropertyValueSpecification\",\"valueRequired\":true,\"valueName\":\"search_term_string\"}}],\"inLanguage\":\"es\"},{\"@type\":\"Organization\",\"@id\":\"https:\/\/www.nexoinformativo.mx\/#organization\",\"name\":\"Nexo Informativo Santiago de Quer\u00e9taro\",\"url\":\"https:\/\/www.nexoinformativo.mx\/\",\"logo\":{\"@type\":\"ImageObject\",\"inLanguage\":\"es\",\"@id\":\"https:\/\/www.nexoinformativo.mx\/#\/schema\/logo\/image\/\",\"url\":\"https:\/\/www.nexoinformativo.mx\/wp-content\/uploads\/2024\/07\/nexoi-trasparente-2.png\",\"contentUrl\":\"https:\/\/www.nexoinformativo.mx\/wp-content\/uploads\/2024\/07\/nexoi-trasparente-2.png\",\"width\":816,\"height\":339,\"caption\":\"Nexo Informativo Santiago de Quer\u00e9taro\"},\"image\":{\"@id\":\"https:\/\/www.nexoinformativo.mx\/#\/schema\/logo\/image\/\"},\"sameAs\":[\"https:\/\/www.facebook.com\/people\/Nexo-Informativo\/61564066885511\/\"]},{\"@type\":\"Person\",\"@id\":\"https:\/\/www.nexoinformativo.mx\/#\/schema\/person\/7749d380ba08c8ca00d7bc76fd907b7d\",\"name\":\"Nexo Informativo\",\"image\":{\"@type\":\"ImageObject\",\"inLanguage\":\"es\",\"@id\":\"https:\/\/www.nexoinformativo.mx\/#\/schema\/person\/image\/\",\"url\":\"https:\/\/secure.gravatar.com\/avatar\/dde2928154642a13d95f87ddf1ea9718fe2b46760a005c53e41ff5ad610704e6?s=96&d=mm&r=g\",\"contentUrl\":\"https:\/\/secure.gravatar.com\/avatar\/dde2928154642a13d95f87ddf1ea9718fe2b46760a005c53e41ff5ad610704e6?s=96&d=mm&r=g\",\"caption\":\"Nexo Informativo\"},\"url\":\"https:\/\/www.nexoinformativo.mx\/index.php\/author\/edicion\/\"}]}<\/script>\n<!-- \/ Yoast SEO plugin. -->","yoast_head_json":{"title":"En sus primeras horas de operaci\u00f3n, intentan robar scooter el\u00e9ctrico en el Centro Hist\u00f3rico y detienen presunto culpable | Nexo Informativo Santiago de Quer\u00e9taro","description":"En sus primeras horas de operaci\u00f3n, intentan robar scooter el\u00e9ctrico en el Centro Hist\u00f3rico y detienen presunto culpable","robots":{"index":"index","follow":"follow","max-snippet":"max-snippet:-1","max-image-preview":"max-image-preview:large","max-video-preview":"max-video-preview:-1"},"canonical":"https:\/\/www.nexoinformativo.mx\/index.php\/2025\/01\/16\/en-sus-primeras-horas-de-operacion-intentan-robar-scooter-electrico-en-el-centro-historico-y-detienen-presunto-culpable\/","og_locale":"es_MX","og_type":"article","og_title":"En sus primeras horas de operaci\u00f3n, intentan robar scooter el\u00e9ctrico en el Centro Hist\u00f3rico y detienen presunto culpable | Nexo Informativo Santiago de Quer\u00e9taro","og_description":"En sus primeras horas de operaci\u00f3n, intentan robar scooter el\u00e9ctrico en el Centro Hist\u00f3rico y detienen presunto culpable","og_url":"https:\/\/www.nexoinformativo.mx\/index.php\/2025\/01\/16\/en-sus-primeras-horas-de-operacion-intentan-robar-scooter-electrico-en-el-centro-historico-y-detienen-presunto-culpable\/","og_site_name":"Nexo Informativo Santiago de Quer\u00e9taro","article_publisher":"https:\/\/www.facebook.com\/people\/Nexo-Informativo\/61564066885511\/","article_published_time":"2025-01-16T19:00:37+00:00","article_modified_time":"2025-01-16T20:01:43+00:00","og_image":[{"width":800,"height":450,"url":"https:\/\/www.nexoinformativo.mx\/wp-content\/uploads\/2025\/01\/c5217d61-c27a-4f97-9899-3a6f100ac842-e1737057665153.jpg","type":"image\/jpeg"}],"author":"Nexo Informativo","twitter_card":"summary_large_image","twitter_misc":{"Escrito por":"Nexo Informativo","Tiempo de lectura":"1 minuto"},"schema":{"@context":"https:\/\/schema.org","@graph":[{"@type":"Article","@id":"https:\/\/www.nexoinformativo.mx\/index.php\/2025\/01\/16\/en-sus-primeras-horas-de-operacion-intentan-robar-scooter-electrico-en-el-centro-historico-y-detienen-presunto-culpable\/#article","isPartOf":{"@id":"https:\/\/www.nexoinformativo.mx\/index.php\/2025\/01\/16\/en-sus-primeras-horas-de-operacion-intentan-robar-scooter-electrico-en-el-centro-historico-y-detienen-presunto-culpable\/"},"author":{"name":"Nexo Informativo","@id":"https:\/\/www.nexoinformativo.mx\/#\/schema\/person\/7749d380ba08c8ca00d7bc76fd907b7d"},"headline":"En sus primeras horas de operaci\u00f3n, intentan robar scooter el\u00e9ctrico en el Centro Hist\u00f3rico y detienen presunto culpable","datePublished":"2025-01-16T19:00:37+00:00","dateModified":"2025-01-16T20:01:43+00:00","mainEntityOfPage":{"@id":"https:\/\/www.nexoinformativo.mx\/index.php\/2025\/01\/16\/en-sus-primeras-horas-de-operacion-intentan-robar-scooter-electrico-en-el-centro-historico-y-detienen-presunto-culpable\/"},"wordCount":179,"commentCount":0,"publisher":{"@id":"https:\/\/www.nexoinformativo.mx\/#organization"},"image":{"@id":"https:\/\/www.nexoinformativo.mx\/index.php\/2025\/01\/16\/en-sus-primeras-horas-de-operacion-intentan-robar-scooter-electrico-en-el-centro-historico-y-detienen-presunto-culpable\/#primaryimage"},"thumbnailUrl":"https:\/\/www.nexoinformativo.mx\/wp-content\/uploads\/2025\/01\/c5217d61-c27a-4f97-9899-3a6f100ac842-e1737057665153.jpg","keywords":["MovilidadSustentable","Quer\u00e9taro","RoboScooters","Seguridad"],"articleSection":["Sucesos","\u00daltima Hora"],"inLanguage":"es","potentialAction":[{"@type":"CommentAction","name":"Comment","target":["https:\/\/www.nexoinformativo.mx\/index.php\/2025\/01\/16\/en-sus-primeras-horas-de-operacion-intentan-robar-scooter-electrico-en-el-centro-historico-y-detienen-presunto-culpable\/#respond"]}]},{"@type":"WebPage","@id":"https:\/\/www.nexoinformativo.mx\/index.php\/2025\/01\/16\/en-sus-primeras-horas-de-operacion-intentan-robar-scooter-electrico-en-el-centro-historico-y-detienen-presunto-culpable\/","url":"https:\/\/www.nexoinformativo.mx\/index.php\/2025\/01\/16\/en-sus-primeras-horas-de-operacion-intentan-robar-scooter-electrico-en-el-centro-historico-y-detienen-presunto-culpable\/","name":"En sus primeras horas de operaci\u00f3n, intentan robar scooter el\u00e9ctrico en el Centro Hist\u00f3rico y detienen presunto culpable | Nexo Informativo Santiago de Quer\u00e9taro","isPartOf":{"@id":"https:\/\/www.nexoinformativo.mx\/#website"},"primaryImageOfPage":{"@id":"https:\/\/www.nexoinformativo.mx\/index.php\/2025\/01\/16\/en-sus-primeras-horas-de-operacion-intentan-robar-scooter-electrico-en-el-centro-historico-y-detienen-presunto-culpable\/#primaryimage"},"image":{"@id":"https:\/\/www.nexoinformativo.mx\/index.php\/2025\/01\/16\/en-sus-primeras-horas-de-operacion-intentan-robar-scooter-electrico-en-el-centro-historico-y-detienen-presunto-culpable\/#primaryimage"},"thumbnailUrl":"https:\/\/www.nexoinformativo.mx\/wp-content\/uploads\/2025\/01\/c5217d61-c27a-4f97-9899-3a6f100ac842-e1737057665153.jpg","datePublished":"2025-01-16T19:00:37+00:00","dateModified":"2025-01-16T20:01:43+00:00","description":"En sus primeras horas de operaci\u00f3n, intentan robar scooter el\u00e9ctrico en el Centro Hist\u00f3rico y detienen presunto culpable","breadcrumb":{"@id":"https:\/\/www.nexoinformativo.mx\/index.php\/2025\/01\/16\/en-sus-primeras-horas-de-operacion-intentan-robar-scooter-electrico-en-el-centro-historico-y-detienen-presunto-culpable\/#breadcrumb"},"inLanguage":"es","potentialAction":[{"@type":"ReadAction","target":["https:\/\/www.nexoinformativo.mx\/index.php\/2025\/01\/16\/en-sus-primeras-horas-de-operacion-intentan-robar-scooter-electrico-en-el-centro-historico-y-detienen-presunto-culpable\/"]}]},{"@type":"ImageObject","inLanguage":"es","@id":"https:\/\/www.nexoinformativo.mx\/index.php\/2025\/01\/16\/en-sus-primeras-horas-de-operacion-intentan-robar-scooter-electrico-en-el-centro-historico-y-detienen-presunto-culpable\/#primaryimage","url":"https:\/\/www.nexoinformativo.mx\/wp-content\/uploads\/2025\/01\/c5217d61-c27a-4f97-9899-3a6f100ac842-e1737057665153.jpg","contentUrl":"https:\/\/www.nexoinformativo.mx\/wp-content\/uploads\/2025\/01\/c5217d61-c27a-4f97-9899-3a6f100ac842-e1737057665153.jpg","width":800,"height":450},{"@type":"BreadcrumbList","@id":"https:\/\/www.nexoinformativo.mx\/index.php\/2025\/01\/16\/en-sus-primeras-horas-de-operacion-intentan-robar-scooter-electrico-en-el-centro-historico-y-detienen-presunto-culpable\/#breadcrumb","itemListElement":[{"@type":"ListItem","position":1,"name":"Inicio","item":"https:\/\/www.nexoinformativo.mx\/"},{"@type":"ListItem","position":2,"name":"En sus primeras horas de operaci\u00f3n, intentan robar scooter el\u00e9ctrico en el Centro Hist\u00f3rico y detienen presunto culpable"}]},{"@type":"WebSite","@id":"https:\/\/www.nexoinformativo.mx\/#website","url":"https:\/\/www.nexoinformativo.mx\/","name":"Nexo Informativo Santiago de Quer\u00e9taro","description":"Explora NexoInformativo y convi\u00e9rtete en parte de una comunidad que valora el conocimiento y la verdad. Tu nexoinformativo es tu puente hacia una comprensi\u00f3n m\u00e1s profunda del mundo que te rodea.","publisher":{"@id":"https:\/\/www.nexoinformativo.mx\/#organization"},"potentialAction":[{"@type":"SearchAction","target":{"@type":"EntryPoint","urlTemplate":"https:\/\/www.nexoinformativo.mx\/?s={search_term_string}"},"query-input":{"@type":"PropertyValueSpecification","valueRequired":true,"valueName":"search_term_string"}}],"inLanguage":"es"},{"@type":"Organization","@id":"https:\/\/www.nexoinformativo.mx\/#organization","name":"Nexo Informativo Santiago de Quer\u00e9taro","url":"https:\/\/www.nexoinformativo.mx\/","logo":{"@type":"ImageObject","inLanguage":"es","@id":"https:\/\/www.nexoinformativo.mx\/#\/schema\/logo\/image\/","url":"https:\/\/www.nexoinformativo.mx\/wp-content\/uploads\/2024\/07\/nexoi-trasparente-2.png","contentUrl":"https:\/\/www.nexoinformativo.mx\/wp-content\/uploads\/2024\/07\/nexoi-trasparente-2.png","width":816,"height":339,"caption":"Nexo Informativo Santiago de Quer\u00e9taro"},"image":{"@id":"https:\/\/www.nexoinformativo.mx\/#\/schema\/logo\/image\/"},"sameAs":["https:\/\/www.facebook.com\/people\/Nexo-Informativo\/61564066885511\/"]},{"@type":"Person","@id":"https:\/\/www.nexoinformativo.mx\/#\/schema\/person\/7749d380ba08c8ca00d7bc76fd907b7d","name":"Nexo Informativo","image":{"@type":"ImageObject","inLanguage":"es","@id":"https:\/\/www.nexoinformativo.mx\/#\/schema\/person\/image\/","url":"https:\/\/secure.gravatar.com\/avatar\/dde2928154642a13d95f87ddf1ea9718fe2b46760a005c53e41ff5ad610704e6?s=96&d=mm&r=g","contentUrl":"https:\/\/secure.gravatar.com\/avatar\/dde2928154642a13d95f87ddf1ea9718fe2b46760a005c53e41ff5ad610704e6?s=96&d=mm&r=g","caption":"Nexo Informativo"},"url":"https:\/\/www.nexoinformativo.mx\/index.php\/author\/edicion\/"}]}},"_links":{"self":[{"href":"https:\/\/www.nexoinformativo.mx\/index.php\/wp-json\/wp\/v2\/posts\/10039","targetHints":{"allow":["GET"]}}],"collection":[{"href":"https:\/\/www.nexoinformativo.mx\/index.php\/wp-json\/wp\/v2\/posts"}],"about":[{"href":"https:\/\/www.nexoinformativo.mx\/index.php\/wp-json\/wp\/v2\/types\/post"}],"author":[{"embeddable":true,"href":"https:\/\/www.nexoinformativo.mx\/index.php\/wp-json\/wp\/v2\/users\/3"}],"replies":[{"embeddable":true,"href":"https:\/\/www.nexoinformativo.mx\/index.php\/wp-json\/wp\/v2\/comments?post=10039"}],"version-history":[{"count":3,"href":"https:\/\/www.nexoinformativo.mx\/index.php\/wp-json\/wp\/v2\/posts\/10039\/revisions"}],"predecessor-version":[{"id":10043,"href":"https:\/\/www.nexoinformativo.mx\/index.php\/wp-json\/wp\/v2\/posts\/10039\/revisions\/10043"}],"wp:featuredmedia":[{"embeddable":true,"href":"https:\/\/www.nexoinformativo.mx\/index.php\/wp-json\/wp\/v2\/media\/10040"}],"wp:attachment":[{"href":"https:\/\/www.nexoinformativo.mx\/index.php\/wp-json\/wp\/v2\/media?parent=10039"}],"wp:term":[{"taxonomy":"category","embeddable":true,"href":"https:\/\/www.nexoinformativo.mx\/index.php\/wp-json\/wp\/v2\/categories?post=10039"},{"taxonomy":"post_tag","embeddable":true,"href":"https:\/\/www.nexoinformativo.mx\/index.php\/wp-json\/wp\/v2\/tags?post=10039"}],"curies":[{"name":"wp","href":"https:\/\/api.w.org\/{rel}","templated":true}]}}