{"id":10045,"date":"2025-01-16T13:30:05","date_gmt":"2025-01-16T19:30:05","guid":{"rendered":"https:\/\/www.nexoinformativo.mx\/?p=10045"},"modified":"2025-01-16T14:07:02","modified_gmt":"2025-01-16T20:07:02","slug":"cae-sujeto-que-amenazo-y-robo-celulares-a-menores-en-hacienda-santa-rosa","status":"publish","type":"post","link":"https:\/\/www.nexoinformativo.mx\/index.php\/2025\/01\/16\/cae-sujeto-que-amenazo-y-robo-celulares-a-menores-en-hacienda-santa-rosa\/","title":{"rendered":"Cae sujeto que amenaz\u00f3 y rob\u00f3 celulares a menores en Hacienda Santa Rosa"},"content":{"rendered":"<p style=\"text-align: justify;\" data-sourcepos=\"11:1-11:224\">La Fiscal\u00eda General del Estado de Quer\u00e9taro logr\u00f3 un importante avance en la lucha contra la delincuencia al obtener la vinculaci\u00f3n a proceso de una persona acusada de robo calificado y amenazas.<\/p>\n<\/p>\n<p>&nbsp;<\/p>\n<p style=\"text-align: justify;\" data-sourcepos=\"13:1-13:193\">Los hechos ocurrieron el pasado 9 de enero en la colonia Hacienda Santa Rosa, cuando el imputado, armado con un arma de fuego hechiza, despoj\u00f3 a dos menores de edad de sus tel\u00e9fonos celulares.<\/p>\n<\/p>\n<p>&nbsp;<\/p>\n<p style=\"text-align: justify;\" data-sourcepos=\"15:1-15:284\">Tras una exhaustiva investigaci\u00f3n, elementos de la Fiscal\u00eda cumplimentaron una orden de aprehensi\u00f3n y cateo, asegurando el arma utilizada en el delito. En la audiencia inicial, el juez de control determin\u00f3 vincular a proceso al acusado y dict\u00f3 prisi\u00f3n preventiva como medida cautelar.<\/p>\n<\/p>\n<p>&nbsp;<\/p>\n<p style=\"text-align: justify;\" data-sourcepos=\"17:1-17:208\">Este resultado es producto del trabajo coordinado entre la Fiscal\u00eda y las autoridades municipales, demostrando el compromiso de garantizar la seguridad de los ciudadanos, especialmente de los m\u00e1s vulnerables.<\/p>\n<\/p>\n<p>&nbsp;<\/p>\n<p style=\"text-align: center;\" data-sourcepos=\"17:1-17:208\"><em><strong>\u00a1Informaci\u00f3n que transforma!<\/strong><\/em><\/p>\n","protected":false},"excerpt":{"rendered":"<p>La Fiscal\u00eda General del Estado de Quer\u00e9taro logr\u00f3 un importante avance en la lucha contra la delincuencia al obtener la vinculaci\u00f3n a proceso de una persona acusada de robo calificado y amenazas.<\/p>\n","protected":false},"author":3,"featured_media":10046,"comment_status":"open","ping_status":"open","sticky":false,"template":"","format":"standard","meta":{"footnotes":""},"categories":[137,58],"tags":[155,3133,1262,3132],"class_list":["post-10045","post","type-post","status-publish","format-standard","has-post-thumbnail","hentry","category-sucesos","category-ultima-hora","tag-detencion","tag-haciendasantarosa","tag-justiciaparamenores","tag-roboamanoarmado"],"yoast_head":"<!-- This site is optimized with the Yoast SEO plugin v25.0 - https:\/\/yoast.com\/wordpress\/plugins\/seo\/ -->\n<title>Cae sujeto que amenaz\u00f3 y rob\u00f3 celulares a menores en Hacienda Santa Rosa | Nexo Informativo Santiago de Quer\u00e9taro<\/title>\n<meta name=\"description\" content=\"Cae sujeto que amenaz\u00f3 y rob\u00f3 celulares a menores en Hacienda Santa Rosa\" \/>\n<meta name=\"robots\" content=\"index, follow, max-snippet:-1, max-image-preview:large, max-video-preview:-1\" \/>\n<link rel=\"canonical\" href=\"https:\/\/www.nexoinformativo.mx\/index.php\/2025\/01\/16\/cae-sujeto-que-amenazo-y-robo-celulares-a-menores-en-hacienda-santa-rosa\/\" \/>\n<meta property=\"og:locale\" content=\"es_MX\" \/>\n<meta property=\"og:type\" content=\"article\" \/>\n<meta property=\"og:title\" content=\"Cae sujeto que amenaz\u00f3 y rob\u00f3 celulares a menores en Hacienda Santa Rosa | Nexo Informativo Santiago de Quer\u00e9taro\" \/>\n<meta property=\"og:description\" content=\"Cae sujeto que amenaz\u00f3 y rob\u00f3 celulares a menores en Hacienda Santa Rosa\" \/>\n<meta property=\"og:url\" content=\"https:\/\/www.nexoinformativo.mx\/index.php\/2025\/01\/16\/cae-sujeto-que-amenazo-y-robo-celulares-a-menores-en-hacienda-santa-rosa\/\" \/>\n<meta property=\"og:site_name\" content=\"Nexo Informativo Santiago de Quer\u00e9taro\" \/>\n<meta property=\"article:publisher\" content=\"https:\/\/www.facebook.com\/people\/Nexo-Informativo\/61564066885511\/\" \/>\n<meta property=\"article:published_time\" content=\"2025-01-16T19:30:05+00:00\" \/>\n<meta property=\"article:modified_time\" content=\"2025-01-16T20:07:02+00:00\" \/>\n<meta property=\"og:image\" content=\"https:\/\/www.nexoinformativo.mx\/wp-content\/uploads\/2025\/01\/PHOTO-2025-01-16-13-24-01-e1737057964992.jpg\" \/>\n\t<meta property=\"og:image:width\" content=\"800\" \/>\n\t<meta property=\"og:image:height\" content=\"505\" \/>\n\t<meta property=\"og:image:type\" content=\"image\/jpeg\" \/>\n<meta name=\"author\" content=\"Nexo Informativo\" \/>\n<meta name=\"twitter:card\" content=\"summary_large_image\" \/>\n<meta name=\"twitter:label1\" content=\"Escrito por\" \/>\n\t<meta name=\"twitter:data1\" content=\"Nexo Informativo\" \/>\n\t<meta name=\"twitter:label2\" content=\"Tiempo de lectura\" \/>\n\t<meta name=\"twitter:data2\" content=\"1 minuto\" \/>\n<script type=\"application\/ld+json\" class=\"yoast-schema-graph\">{\"@context\":\"https:\/\/schema.org\",\"@graph\":[{\"@type\":\"Article\",\"@id\":\"https:\/\/www.nexoinformativo.mx\/index.php\/2025\/01\/16\/cae-sujeto-que-amenazo-y-robo-celulares-a-menores-en-hacienda-santa-rosa\/#article\",\"isPartOf\":{\"@id\":\"https:\/\/www.nexoinformativo.mx\/index.php\/2025\/01\/16\/cae-sujeto-que-amenazo-y-robo-celulares-a-menores-en-hacienda-santa-rosa\/\"},\"author\":{\"name\":\"Nexo Informativo\",\"@id\":\"https:\/\/www.nexoinformativo.mx\/#\/schema\/person\/7749d380ba08c8ca00d7bc76fd907b7d\"},\"headline\":\"Cae sujeto que amenaz\u00f3 y rob\u00f3 celulares a menores en Hacienda Santa Rosa\",\"datePublished\":\"2025-01-16T19:30:05+00:00\",\"dateModified\":\"2025-01-16T20:07:02+00:00\",\"mainEntityOfPage\":{\"@id\":\"https:\/\/www.nexoinformativo.mx\/index.php\/2025\/01\/16\/cae-sujeto-que-amenazo-y-robo-celulares-a-menores-en-hacienda-santa-rosa\/\"},\"wordCount\":168,\"commentCount\":0,\"publisher\":{\"@id\":\"https:\/\/www.nexoinformativo.mx\/#organization\"},\"image\":{\"@id\":\"https:\/\/www.nexoinformativo.mx\/index.php\/2025\/01\/16\/cae-sujeto-que-amenazo-y-robo-celulares-a-menores-en-hacienda-santa-rosa\/#primaryimage\"},\"thumbnailUrl\":\"https:\/\/www.nexoinformativo.mx\/wp-content\/uploads\/2025\/01\/PHOTO-2025-01-16-13-24-01-e1737057964992.jpg\",\"keywords\":[\"Detenci\u00f3n\",\"HaciendaSantaRosa\",\"JusticiaParaMenores\",\"RoboAmanoArmado\"],\"articleSection\":[\"Sucesos\",\"\u00daltima Hora\"],\"inLanguage\":\"es\",\"potentialAction\":[{\"@type\":\"CommentAction\",\"name\":\"Comment\",\"target\":[\"https:\/\/www.nexoinformativo.mx\/index.php\/2025\/01\/16\/cae-sujeto-que-amenazo-y-robo-celulares-a-menores-en-hacienda-santa-rosa\/#respond\"]}]},{\"@type\":\"WebPage\",\"@id\":\"https:\/\/www.nexoinformativo.mx\/index.php\/2025\/01\/16\/cae-sujeto-que-amenazo-y-robo-celulares-a-menores-en-hacienda-santa-rosa\/\",\"url\":\"https:\/\/www.nexoinformativo.mx\/index.php\/2025\/01\/16\/cae-sujeto-que-amenazo-y-robo-celulares-a-menores-en-hacienda-santa-rosa\/\",\"name\":\"Cae sujeto que amenaz\u00f3 y rob\u00f3 celulares a menores en Hacienda Santa Rosa | Nexo Informativo Santiago de Quer\u00e9taro\",\"isPartOf\":{\"@id\":\"https:\/\/www.nexoinformativo.mx\/#website\"},\"primaryImageOfPage\":{\"@id\":\"https:\/\/www.nexoinformativo.mx\/index.php\/2025\/01\/16\/cae-sujeto-que-amenazo-y-robo-celulares-a-menores-en-hacienda-santa-rosa\/#primaryimage\"},\"image\":{\"@id\":\"https:\/\/www.nexoinformativo.mx\/index.php\/2025\/01\/16\/cae-sujeto-que-amenazo-y-robo-celulares-a-menores-en-hacienda-santa-rosa\/#primaryimage\"},\"thumbnailUrl\":\"https:\/\/www.nexoinformativo.mx\/wp-content\/uploads\/2025\/01\/PHOTO-2025-01-16-13-24-01-e1737057964992.jpg\",\"datePublished\":\"2025-01-16T19:30:05+00:00\",\"dateModified\":\"2025-01-16T20:07:02+00:00\",\"description\":\"Cae sujeto que amenaz\u00f3 y rob\u00f3 celulares a menores en Hacienda Santa Rosa\",\"breadcrumb\":{\"@id\":\"https:\/\/www.nexoinformativo.mx\/index.php\/2025\/01\/16\/cae-sujeto-que-amenazo-y-robo-celulares-a-menores-en-hacienda-santa-rosa\/#breadcrumb\"},\"inLanguage\":\"es\",\"potentialAction\":[{\"@type\":\"ReadAction\",\"target\":[\"https:\/\/www.nexoinformativo.mx\/index.php\/2025\/01\/16\/cae-sujeto-que-amenazo-y-robo-celulares-a-menores-en-hacienda-santa-rosa\/\"]}]},{\"@type\":\"ImageObject\",\"inLanguage\":\"es\",\"@id\":\"https:\/\/www.nexoinformativo.mx\/index.php\/2025\/01\/16\/cae-sujeto-que-amenazo-y-robo-celulares-a-menores-en-hacienda-santa-rosa\/#primaryimage\",\"url\":\"https:\/\/www.nexoinformativo.mx\/wp-content\/uploads\/2025\/01\/PHOTO-2025-01-16-13-24-01-e1737057964992.jpg\",\"contentUrl\":\"https:\/\/www.nexoinformativo.mx\/wp-content\/uploads\/2025\/01\/PHOTO-2025-01-16-13-24-01-e1737057964992.jpg\",\"width\":800,\"height\":505},{\"@type\":\"BreadcrumbList\",\"@id\":\"https:\/\/www.nexoinformativo.mx\/index.php\/2025\/01\/16\/cae-sujeto-que-amenazo-y-robo-celulares-a-menores-en-hacienda-santa-rosa\/#breadcrumb\",\"itemListElement\":[{\"@type\":\"ListItem\",\"position\":1,\"name\":\"Inicio\",\"item\":\"https:\/\/www.nexoinformativo.mx\/\"},{\"@type\":\"ListItem\",\"position\":2,\"name\":\"Cae sujeto que amenaz\u00f3 y rob\u00f3 celulares a menores en Hacienda Santa Rosa\"}]},{\"@type\":\"WebSite\",\"@id\":\"https:\/\/www.nexoinformativo.mx\/#website\",\"url\":\"https:\/\/www.nexoinformativo.mx\/\",\"name\":\"Nexo Informativo Santiago de Quer\u00e9taro\",\"description\":\"Explora NexoInformativo y convi\u00e9rtete en parte de una comunidad que valora el conocimiento y la verdad. Tu nexoinformativo es tu puente hacia una comprensi\u00f3n m\u00e1s profunda del mundo que te rodea.\",\"publisher\":{\"@id\":\"https:\/\/www.nexoinformativo.mx\/#organization\"},\"potentialAction\":[{\"@type\":\"SearchAction\",\"target\":{\"@type\":\"EntryPoint\",\"urlTemplate\":\"https:\/\/www.nexoinformativo.mx\/?s={search_term_string}\"},\"query-input\":{\"@type\":\"PropertyValueSpecification\",\"valueRequired\":true,\"valueName\":\"search_term_string\"}}],\"inLanguage\":\"es\"},{\"@type\":\"Organization\",\"@id\":\"https:\/\/www.nexoinformativo.mx\/#organization\",\"name\":\"Nexo Informativo Santiago de Quer\u00e9taro\",\"url\":\"https:\/\/www.nexoinformativo.mx\/\",\"logo\":{\"@type\":\"ImageObject\",\"inLanguage\":\"es\",\"@id\":\"https:\/\/www.nexoinformativo.mx\/#\/schema\/logo\/image\/\",\"url\":\"https:\/\/www.nexoinformativo.mx\/wp-content\/uploads\/2024\/07\/nexoi-trasparente-2.png\",\"contentUrl\":\"https:\/\/www.nexoinformativo.mx\/wp-content\/uploads\/2024\/07\/nexoi-trasparente-2.png\",\"width\":816,\"height\":339,\"caption\":\"Nexo Informativo Santiago de Quer\u00e9taro\"},\"image\":{\"@id\":\"https:\/\/www.nexoinformativo.mx\/#\/schema\/logo\/image\/\"},\"sameAs\":[\"https:\/\/www.facebook.com\/people\/Nexo-Informativo\/61564066885511\/\"]},{\"@type\":\"Person\",\"@id\":\"https:\/\/www.nexoinformativo.mx\/#\/schema\/person\/7749d380ba08c8ca00d7bc76fd907b7d\",\"name\":\"Nexo Informativo\",\"image\":{\"@type\":\"ImageObject\",\"inLanguage\":\"es\",\"@id\":\"https:\/\/www.nexoinformativo.mx\/#\/schema\/person\/image\/\",\"url\":\"https:\/\/secure.gravatar.com\/avatar\/dde2928154642a13d95f87ddf1ea9718fe2b46760a005c53e41ff5ad610704e6?s=96&d=mm&r=g\",\"contentUrl\":\"https:\/\/secure.gravatar.com\/avatar\/dde2928154642a13d95f87ddf1ea9718fe2b46760a005c53e41ff5ad610704e6?s=96&d=mm&r=g\",\"caption\":\"Nexo Informativo\"},\"url\":\"https:\/\/www.nexoinformativo.mx\/index.php\/author\/edicion\/\"}]}<\/script>\n<!-- \/ Yoast SEO plugin. -->","yoast_head_json":{"title":"Cae sujeto que amenaz\u00f3 y rob\u00f3 celulares a menores en Hacienda Santa Rosa | Nexo Informativo Santiago de Quer\u00e9taro","description":"Cae sujeto que amenaz\u00f3 y rob\u00f3 celulares a menores en Hacienda Santa Rosa","robots":{"index":"index","follow":"follow","max-snippet":"max-snippet:-1","max-image-preview":"max-image-preview:large","max-video-preview":"max-video-preview:-1"},"canonical":"https:\/\/www.nexoinformativo.mx\/index.php\/2025\/01\/16\/cae-sujeto-que-amenazo-y-robo-celulares-a-menores-en-hacienda-santa-rosa\/","og_locale":"es_MX","og_type":"article","og_title":"Cae sujeto que amenaz\u00f3 y rob\u00f3 celulares a menores en Hacienda Santa Rosa | Nexo Informativo Santiago de Quer\u00e9taro","og_description":"Cae sujeto que amenaz\u00f3 y rob\u00f3 celulares a menores en Hacienda Santa Rosa","og_url":"https:\/\/www.nexoinformativo.mx\/index.php\/2025\/01\/16\/cae-sujeto-que-amenazo-y-robo-celulares-a-menores-en-hacienda-santa-rosa\/","og_site_name":"Nexo Informativo Santiago de Quer\u00e9taro","article_publisher":"https:\/\/www.facebook.com\/people\/Nexo-Informativo\/61564066885511\/","article_published_time":"2025-01-16T19:30:05+00:00","article_modified_time":"2025-01-16T20:07:02+00:00","og_image":[{"width":800,"height":505,"url":"https:\/\/www.nexoinformativo.mx\/wp-content\/uploads\/2025\/01\/PHOTO-2025-01-16-13-24-01-e1737057964992.jpg","type":"image\/jpeg"}],"author":"Nexo Informativo","twitter_card":"summary_large_image","twitter_misc":{"Escrito por":"Nexo Informativo","Tiempo de lectura":"1 minuto"},"schema":{"@context":"https:\/\/schema.org","@graph":[{"@type":"Article","@id":"https:\/\/www.nexoinformativo.mx\/index.php\/2025\/01\/16\/cae-sujeto-que-amenazo-y-robo-celulares-a-menores-en-hacienda-santa-rosa\/#article","isPartOf":{"@id":"https:\/\/www.nexoinformativo.mx\/index.php\/2025\/01\/16\/cae-sujeto-que-amenazo-y-robo-celulares-a-menores-en-hacienda-santa-rosa\/"},"author":{"name":"Nexo Informativo","@id":"https:\/\/www.nexoinformativo.mx\/#\/schema\/person\/7749d380ba08c8ca00d7bc76fd907b7d"},"headline":"Cae sujeto que amenaz\u00f3 y rob\u00f3 celulares a menores en Hacienda Santa Rosa","datePublished":"2025-01-16T19:30:05+00:00","dateModified":"2025-01-16T20:07:02+00:00","mainEntityOfPage":{"@id":"https:\/\/www.nexoinformativo.mx\/index.php\/2025\/01\/16\/cae-sujeto-que-amenazo-y-robo-celulares-a-menores-en-hacienda-santa-rosa\/"},"wordCount":168,"commentCount":0,"publisher":{"@id":"https:\/\/www.nexoinformativo.mx\/#organization"},"image":{"@id":"https:\/\/www.nexoinformativo.mx\/index.php\/2025\/01\/16\/cae-sujeto-que-amenazo-y-robo-celulares-a-menores-en-hacienda-santa-rosa\/#primaryimage"},"thumbnailUrl":"https:\/\/www.nexoinformativo.mx\/wp-content\/uploads\/2025\/01\/PHOTO-2025-01-16-13-24-01-e1737057964992.jpg","keywords":["Detenci\u00f3n","HaciendaSantaRosa","JusticiaParaMenores","RoboAmanoArmado"],"articleSection":["Sucesos","\u00daltima Hora"],"inLanguage":"es","potentialAction":[{"@type":"CommentAction","name":"Comment","target":["https:\/\/www.nexoinformativo.mx\/index.php\/2025\/01\/16\/cae-sujeto-que-amenazo-y-robo-celulares-a-menores-en-hacienda-santa-rosa\/#respond"]}]},{"@type":"WebPage","@id":"https:\/\/www.nexoinformativo.mx\/index.php\/2025\/01\/16\/cae-sujeto-que-amenazo-y-robo-celulares-a-menores-en-hacienda-santa-rosa\/","url":"https:\/\/www.nexoinformativo.mx\/index.php\/2025\/01\/16\/cae-sujeto-que-amenazo-y-robo-celulares-a-menores-en-hacienda-santa-rosa\/","name":"Cae sujeto que amenaz\u00f3 y rob\u00f3 celulares a menores en Hacienda Santa Rosa | Nexo Informativo Santiago de Quer\u00e9taro","isPartOf":{"@id":"https:\/\/www.nexoinformativo.mx\/#website"},"primaryImageOfPage":{"@id":"https:\/\/www.nexoinformativo.mx\/index.php\/2025\/01\/16\/cae-sujeto-que-amenazo-y-robo-celulares-a-menores-en-hacienda-santa-rosa\/#primaryimage"},"image":{"@id":"https:\/\/www.nexoinformativo.mx\/index.php\/2025\/01\/16\/cae-sujeto-que-amenazo-y-robo-celulares-a-menores-en-hacienda-santa-rosa\/#primaryimage"},"thumbnailUrl":"https:\/\/www.nexoinformativo.mx\/wp-content\/uploads\/2025\/01\/PHOTO-2025-01-16-13-24-01-e1737057964992.jpg","datePublished":"2025-01-16T19:30:05+00:00","dateModified":"2025-01-16T20:07:02+00:00","description":"Cae sujeto que amenaz\u00f3 y rob\u00f3 celulares a menores en Hacienda Santa Rosa","breadcrumb":{"@id":"https:\/\/www.nexoinformativo.mx\/index.php\/2025\/01\/16\/cae-sujeto-que-amenazo-y-robo-celulares-a-menores-en-hacienda-santa-rosa\/#breadcrumb"},"inLanguage":"es","potentialAction":[{"@type":"ReadAction","target":["https:\/\/www.nexoinformativo.mx\/index.php\/2025\/01\/16\/cae-sujeto-que-amenazo-y-robo-celulares-a-menores-en-hacienda-santa-rosa\/"]}]},{"@type":"ImageObject","inLanguage":"es","@id":"https:\/\/www.nexoinformativo.mx\/index.php\/2025\/01\/16\/cae-sujeto-que-amenazo-y-robo-celulares-a-menores-en-hacienda-santa-rosa\/#primaryimage","url":"https:\/\/www.nexoinformativo.mx\/wp-content\/uploads\/2025\/01\/PHOTO-2025-01-16-13-24-01-e1737057964992.jpg","contentUrl":"https:\/\/www.nexoinformativo.mx\/wp-content\/uploads\/2025\/01\/PHOTO-2025-01-16-13-24-01-e1737057964992.jpg","width":800,"height":505},{"@type":"BreadcrumbList","@id":"https:\/\/www.nexoinformativo.mx\/index.php\/2025\/01\/16\/cae-sujeto-que-amenazo-y-robo-celulares-a-menores-en-hacienda-santa-rosa\/#breadcrumb","itemListElement":[{"@type":"ListItem","position":1,"name":"Inicio","item":"https:\/\/www.nexoinformativo.mx\/"},{"@type":"ListItem","position":2,"name":"Cae sujeto que amenaz\u00f3 y rob\u00f3 celulares a menores en Hacienda Santa Rosa"}]},{"@type":"WebSite","@id":"https:\/\/www.nexoinformativo.mx\/#website","url":"https:\/\/www.nexoinformativo.mx\/","name":"Nexo Informativo Santiago de Quer\u00e9taro","description":"Explora NexoInformativo y convi\u00e9rtete en parte de una comunidad que valora el conocimiento y la verdad. Tu nexoinformativo es tu puente hacia una comprensi\u00f3n m\u00e1s profunda del mundo que te rodea.","publisher":{"@id":"https:\/\/www.nexoinformativo.mx\/#organization"},"potentialAction":[{"@type":"SearchAction","target":{"@type":"EntryPoint","urlTemplate":"https:\/\/www.nexoinformativo.mx\/?s={search_term_string}"},"query-input":{"@type":"PropertyValueSpecification","valueRequired":true,"valueName":"search_term_string"}}],"inLanguage":"es"},{"@type":"Organization","@id":"https:\/\/www.nexoinformativo.mx\/#organization","name":"Nexo Informativo Santiago de Quer\u00e9taro","url":"https:\/\/www.nexoinformativo.mx\/","logo":{"@type":"ImageObject","inLanguage":"es","@id":"https:\/\/www.nexoinformativo.mx\/#\/schema\/logo\/image\/","url":"https:\/\/www.nexoinformativo.mx\/wp-content\/uploads\/2024\/07\/nexoi-trasparente-2.png","contentUrl":"https:\/\/www.nexoinformativo.mx\/wp-content\/uploads\/2024\/07\/nexoi-trasparente-2.png","width":816,"height":339,"caption":"Nexo Informativo Santiago de Quer\u00e9taro"},"image":{"@id":"https:\/\/www.nexoinformativo.mx\/#\/schema\/logo\/image\/"},"sameAs":["https:\/\/www.facebook.com\/people\/Nexo-Informativo\/61564066885511\/"]},{"@type":"Person","@id":"https:\/\/www.nexoinformativo.mx\/#\/schema\/person\/7749d380ba08c8ca00d7bc76fd907b7d","name":"Nexo Informativo","image":{"@type":"ImageObject","inLanguage":"es","@id":"https:\/\/www.nexoinformativo.mx\/#\/schema\/person\/image\/","url":"https:\/\/secure.gravatar.com\/avatar\/dde2928154642a13d95f87ddf1ea9718fe2b46760a005c53e41ff5ad610704e6?s=96&d=mm&r=g","contentUrl":"https:\/\/secure.gravatar.com\/avatar\/dde2928154642a13d95f87ddf1ea9718fe2b46760a005c53e41ff5ad610704e6?s=96&d=mm&r=g","caption":"Nexo Informativo"},"url":"https:\/\/www.nexoinformativo.mx\/index.php\/author\/edicion\/"}]}},"_links":{"self":[{"href":"https:\/\/www.nexoinformativo.mx\/index.php\/wp-json\/wp\/v2\/posts\/10045","targetHints":{"allow":["GET"]}}],"collection":[{"href":"https:\/\/www.nexoinformativo.mx\/index.php\/wp-json\/wp\/v2\/posts"}],"about":[{"href":"https:\/\/www.nexoinformativo.mx\/index.php\/wp-json\/wp\/v2\/types\/post"}],"author":[{"embeddable":true,"href":"https:\/\/www.nexoinformativo.mx\/index.php\/wp-json\/wp\/v2\/users\/3"}],"replies":[{"embeddable":true,"href":"https:\/\/www.nexoinformativo.mx\/index.php\/wp-json\/wp\/v2\/comments?post=10045"}],"version-history":[{"count":3,"href":"https:\/\/www.nexoinformativo.mx\/index.php\/wp-json\/wp\/v2\/posts\/10045\/revisions"}],"predecessor-version":[{"id":10049,"href":"https:\/\/www.nexoinformativo.mx\/index.php\/wp-json\/wp\/v2\/posts\/10045\/revisions\/10049"}],"wp:featuredmedia":[{"embeddable":true,"href":"https:\/\/www.nexoinformativo.mx\/index.php\/wp-json\/wp\/v2\/media\/10046"}],"wp:attachment":[{"href":"https:\/\/www.nexoinformativo.mx\/index.php\/wp-json\/wp\/v2\/media?parent=10045"}],"wp:term":[{"taxonomy":"category","embeddable":true,"href":"https:\/\/www.nexoinformativo.mx\/index.php\/wp-json\/wp\/v2\/categories?post=10045"},{"taxonomy":"post_tag","embeddable":true,"href":"https:\/\/www.nexoinformativo.mx\/index.php\/wp-json\/wp\/v2\/tags?post=10045"}],"curies":[{"name":"wp","href":"https:\/\/api.w.org\/{rel}","templated":true}]}}