{"id":10057,"date":"2025-01-16T14:15:34","date_gmt":"2025-01-16T20:15:34","guid":{"rendered":"https:\/\/www.nexoinformativo.mx\/?p=10057"},"modified":"2025-01-16T14:24:03","modified_gmt":"2025-01-16T20:24:03","slug":"licitacion-en-marcha-proximamente-nuevo-libramiento-en-san-juan-del-rio-para-descongestionar-queretaro","status":"publish","type":"post","link":"https:\/\/www.nexoinformativo.mx\/index.php\/2025\/01\/16\/licitacion-en-marcha-proximamente-nuevo-libramiento-en-san-juan-del-rio-para-descongestionar-queretaro\/","title":{"rendered":"Licitaci\u00f3n en marcha pr\u00f3ximamente nuevo libramiento en San Juan del R\u00edo para descongestionar Quer\u00e9taro"},"content":{"rendered":"<p style=\"text-align: justify;\" data-sourcepos=\"11:1-11:389\">Buenas noticias para los conductores que transitan por la carretera 57. El Gobierno del Estado de Quer\u00e9taro, a trav\u00e9s de la Secretar\u00eda de Desarrollo Urbano y Obras P\u00fablicas, confirm\u00f3 que se encuentra en proceso de licitaci\u00f3n la construcci\u00f3n de un nuevo libramiento que conectar\u00e1 a San Juan del R\u00edo con una zona cercana al Aeropuerto Internacional de Quer\u00e9taro.<\/p>\n<\/p>\n<p>&nbsp;<\/p>\n<p style=\"text-align: justify;\" data-sourcepos=\"13:1-13:373\">Este proyecto, que se llevar\u00e1 a cabo mediante una inversi\u00f3n privada, tiene como objetivo principal descongestionar la carretera 57, una de las v\u00edas m\u00e1s transitadas del estado.<\/p>\n<\/p>\n<p>&nbsp;<\/p>\n<p style=\"text-align: justify;\" data-sourcepos=\"13:1-13:373\">El secretario de Desarrollo Urbano y Obras P\u00fablicas, Fernando Gonz\u00e1lez Salinas, asegur\u00f3 que se espera que el proceso de licitaci\u00f3n concluya en los pr\u00f3ximos meses, dando paso al inicio de las obras.<\/p>\n<\/p>\n<p>&nbsp;<\/p>\n<p style=\"text-align: justify;\" data-sourcepos=\"15:1-15:250\">El nuevo libramiento no solo beneficiar\u00e1 a los habitantes de San Juan del R\u00edo y Quer\u00e9taro, sino tambi\u00e9n a quienes utilizan la carretera 57 para trasladarse a otros estados. Adem\u00e1s, contribuir\u00e1 a mejorar la movilidad y reducir los tiempos de traslado.<\/p>\n<\/p>\n<p>&nbsp;<\/p>\n<p style=\"text-align: justify;\" data-sourcepos=\"17:1-17:168\">Es importante destacar que el Gobierno del Estado no destinar\u00e1 recursos econ\u00f3micos para este proyecto, el cual ser\u00e1 financiado por la empresa ganadora de la licitaci\u00f3n.<\/p>\n<\/p>\n<p>&nbsp;<\/p>\n<p style=\"text-align: center;\" data-sourcepos=\"17:1-17:168\"><em><strong>\u00a1Informaci\u00f3n que transforma!<\/strong><\/em><\/p>\n","protected":false},"excerpt":{"rendered":"<p>Buenas noticias para los conductores que transitan por la carretera 57. El Gobierno del Estado de Quer\u00e9taro, a trav\u00e9s de la Secretar\u00eda de Desarrollo Urbano y Obras P\u00fablicas, confirm\u00f3 que se encuentra en proceso de licitaci\u00f3n la construcci\u00f3n de un nuevo libramiento que conectar\u00e1 a San Juan del R\u00edo con una zona cercana al Aeropuerto Internacional de Quer\u00e9taro.<\/p>\n","protected":false},"author":3,"featured_media":10058,"comment_status":"open","ping_status":"open","sticky":false,"template":"","format":"standard","meta":{"footnotes":""},"categories":[65,58],"tags":[734,726,3134,133],"class_list":["post-10057","post","type-post","status-publish","format-standard","has-post-thumbnail","hentry","category-municipios","category-ultima-hora","tag-infraestructura","tag-movilidad","tag-nuevolibramiento","tag-queretaro"],"yoast_head":"<!-- This site is optimized with the Yoast SEO plugin v25.0 - https:\/\/yoast.com\/wordpress\/plugins\/seo\/ -->\n<title>Licitaci\u00f3n en marcha pr\u00f3ximamente nuevo libramiento en San Juan del R\u00edo para descongestionar Quer\u00e9taro | Nexo Informativo Santiago de Quer\u00e9taro<\/title>\n<meta name=\"description\" content=\"Licitaci\u00f3n en marcha pr\u00f3ximamente nuevo libramiento en San Juan del R\u00edo para descongestionar Quer\u00e9taro\" \/>\n<meta name=\"robots\" content=\"index, follow, max-snippet:-1, max-image-preview:large, max-video-preview:-1\" \/>\n<link rel=\"canonical\" href=\"https:\/\/www.nexoinformativo.mx\/index.php\/2025\/01\/16\/licitacion-en-marcha-proximamente-nuevo-libramiento-en-san-juan-del-rio-para-descongestionar-queretaro\/\" \/>\n<meta property=\"og:locale\" content=\"es_MX\" \/>\n<meta property=\"og:type\" content=\"article\" \/>\n<meta property=\"og:title\" content=\"Licitaci\u00f3n en marcha pr\u00f3ximamente nuevo libramiento en San Juan del R\u00edo para descongestionar Quer\u00e9taro | Nexo Informativo Santiago de Quer\u00e9taro\" \/>\n<meta property=\"og:description\" content=\"Licitaci\u00f3n en marcha pr\u00f3ximamente nuevo libramiento en San Juan del R\u00edo para descongestionar Quer\u00e9taro\" \/>\n<meta property=\"og:url\" content=\"https:\/\/www.nexoinformativo.mx\/index.php\/2025\/01\/16\/licitacion-en-marcha-proximamente-nuevo-libramiento-en-san-juan-del-rio-para-descongestionar-queretaro\/\" \/>\n<meta property=\"og:site_name\" content=\"Nexo Informativo Santiago de Quer\u00e9taro\" \/>\n<meta property=\"article:publisher\" content=\"https:\/\/www.facebook.com\/people\/Nexo-Informativo\/61564066885511\/\" \/>\n<meta property=\"article:published_time\" content=\"2025-01-16T20:15:34+00:00\" \/>\n<meta property=\"article:modified_time\" content=\"2025-01-16T20:24:03+00:00\" \/>\n<meta property=\"og:image\" content=\"https:\/\/www.nexoinformativo.mx\/wp-content\/uploads\/2025\/01\/a78fff3e-a0b9-4d81-8671-64f2d262bdb0-e1737058999336.jpg\" \/>\n\t<meta property=\"og:image:width\" content=\"800\" \/>\n\t<meta property=\"og:image:height\" content=\"600\" \/>\n\t<meta property=\"og:image:type\" content=\"image\/jpeg\" \/>\n<meta name=\"author\" content=\"Nexo Informativo\" \/>\n<meta name=\"twitter:card\" content=\"summary_large_image\" \/>\n<meta name=\"twitter:label1\" content=\"Escrito por\" \/>\n\t<meta name=\"twitter:data1\" content=\"Nexo Informativo\" \/>\n\t<meta name=\"twitter:label2\" content=\"Tiempo de lectura\" \/>\n\t<meta name=\"twitter:data2\" content=\"2 minutos\" \/>\n<script type=\"application\/ld+json\" class=\"yoast-schema-graph\">{\"@context\":\"https:\/\/schema.org\",\"@graph\":[{\"@type\":\"Article\",\"@id\":\"https:\/\/www.nexoinformativo.mx\/index.php\/2025\/01\/16\/licitacion-en-marcha-proximamente-nuevo-libramiento-en-san-juan-del-rio-para-descongestionar-queretaro\/#article\",\"isPartOf\":{\"@id\":\"https:\/\/www.nexoinformativo.mx\/index.php\/2025\/01\/16\/licitacion-en-marcha-proximamente-nuevo-libramiento-en-san-juan-del-rio-para-descongestionar-queretaro\/\"},\"author\":{\"name\":\"Nexo Informativo\",\"@id\":\"https:\/\/www.nexoinformativo.mx\/#\/schema\/person\/7749d380ba08c8ca00d7bc76fd907b7d\"},\"headline\":\"Licitaci\u00f3n en marcha pr\u00f3ximamente nuevo libramiento en San Juan del R\u00edo para descongestionar Quer\u00e9taro\",\"datePublished\":\"2025-01-16T20:15:34+00:00\",\"dateModified\":\"2025-01-16T20:24:03+00:00\",\"mainEntityOfPage\":{\"@id\":\"https:\/\/www.nexoinformativo.mx\/index.php\/2025\/01\/16\/licitacion-en-marcha-proximamente-nuevo-libramiento-en-san-juan-del-rio-para-descongestionar-queretaro\/\"},\"wordCount\":229,\"commentCount\":0,\"publisher\":{\"@id\":\"https:\/\/www.nexoinformativo.mx\/#organization\"},\"image\":{\"@id\":\"https:\/\/www.nexoinformativo.mx\/index.php\/2025\/01\/16\/licitacion-en-marcha-proximamente-nuevo-libramiento-en-san-juan-del-rio-para-descongestionar-queretaro\/#primaryimage\"},\"thumbnailUrl\":\"https:\/\/www.nexoinformativo.mx\/wp-content\/uploads\/2025\/01\/a78fff3e-a0b9-4d81-8671-64f2d262bdb0-e1737058999336.jpg\",\"keywords\":[\"Infraestructura\",\"Movilidad\",\"NuevoLibramiento\",\"Quer\u00e9taro\"],\"articleSection\":[\"Municipios\",\"\u00daltima Hora\"],\"inLanguage\":\"es\",\"potentialAction\":[{\"@type\":\"CommentAction\",\"name\":\"Comment\",\"target\":[\"https:\/\/www.nexoinformativo.mx\/index.php\/2025\/01\/16\/licitacion-en-marcha-proximamente-nuevo-libramiento-en-san-juan-del-rio-para-descongestionar-queretaro\/#respond\"]}]},{\"@type\":\"WebPage\",\"@id\":\"https:\/\/www.nexoinformativo.mx\/index.php\/2025\/01\/16\/licitacion-en-marcha-proximamente-nuevo-libramiento-en-san-juan-del-rio-para-descongestionar-queretaro\/\",\"url\":\"https:\/\/www.nexoinformativo.mx\/index.php\/2025\/01\/16\/licitacion-en-marcha-proximamente-nuevo-libramiento-en-san-juan-del-rio-para-descongestionar-queretaro\/\",\"name\":\"Licitaci\u00f3n en marcha pr\u00f3ximamente nuevo libramiento en San Juan del R\u00edo para descongestionar Quer\u00e9taro | Nexo Informativo Santiago de Quer\u00e9taro\",\"isPartOf\":{\"@id\":\"https:\/\/www.nexoinformativo.mx\/#website\"},\"primaryImageOfPage\":{\"@id\":\"https:\/\/www.nexoinformativo.mx\/index.php\/2025\/01\/16\/licitacion-en-marcha-proximamente-nuevo-libramiento-en-san-juan-del-rio-para-descongestionar-queretaro\/#primaryimage\"},\"image\":{\"@id\":\"https:\/\/www.nexoinformativo.mx\/index.php\/2025\/01\/16\/licitacion-en-marcha-proximamente-nuevo-libramiento-en-san-juan-del-rio-para-descongestionar-queretaro\/#primaryimage\"},\"thumbnailUrl\":\"https:\/\/www.nexoinformativo.mx\/wp-content\/uploads\/2025\/01\/a78fff3e-a0b9-4d81-8671-64f2d262bdb0-e1737058999336.jpg\",\"datePublished\":\"2025-01-16T20:15:34+00:00\",\"dateModified\":\"2025-01-16T20:24:03+00:00\",\"description\":\"Licitaci\u00f3n en marcha pr\u00f3ximamente nuevo libramiento en San Juan del R\u00edo para descongestionar Quer\u00e9taro\",\"breadcrumb\":{\"@id\":\"https:\/\/www.nexoinformativo.mx\/index.php\/2025\/01\/16\/licitacion-en-marcha-proximamente-nuevo-libramiento-en-san-juan-del-rio-para-descongestionar-queretaro\/#breadcrumb\"},\"inLanguage\":\"es\",\"potentialAction\":[{\"@type\":\"ReadAction\",\"target\":[\"https:\/\/www.nexoinformativo.mx\/index.php\/2025\/01\/16\/licitacion-en-marcha-proximamente-nuevo-libramiento-en-san-juan-del-rio-para-descongestionar-queretaro\/\"]}]},{\"@type\":\"ImageObject\",\"inLanguage\":\"es\",\"@id\":\"https:\/\/www.nexoinformativo.mx\/index.php\/2025\/01\/16\/licitacion-en-marcha-proximamente-nuevo-libramiento-en-san-juan-del-rio-para-descongestionar-queretaro\/#primaryimage\",\"url\":\"https:\/\/www.nexoinformativo.mx\/wp-content\/uploads\/2025\/01\/a78fff3e-a0b9-4d81-8671-64f2d262bdb0-e1737058999336.jpg\",\"contentUrl\":\"https:\/\/www.nexoinformativo.mx\/wp-content\/uploads\/2025\/01\/a78fff3e-a0b9-4d81-8671-64f2d262bdb0-e1737058999336.jpg\",\"width\":800,\"height\":600},{\"@type\":\"BreadcrumbList\",\"@id\":\"https:\/\/www.nexoinformativo.mx\/index.php\/2025\/01\/16\/licitacion-en-marcha-proximamente-nuevo-libramiento-en-san-juan-del-rio-para-descongestionar-queretaro\/#breadcrumb\",\"itemListElement\":[{\"@type\":\"ListItem\",\"position\":1,\"name\":\"Inicio\",\"item\":\"https:\/\/www.nexoinformativo.mx\/\"},{\"@type\":\"ListItem\",\"position\":2,\"name\":\"Licitaci\u00f3n en marcha pr\u00f3ximamente nuevo libramiento en San Juan del R\u00edo para descongestionar Quer\u00e9taro\"}]},{\"@type\":\"WebSite\",\"@id\":\"https:\/\/www.nexoinformativo.mx\/#website\",\"url\":\"https:\/\/www.nexoinformativo.mx\/\",\"name\":\"Nexo Informativo Santiago de Quer\u00e9taro\",\"description\":\"Explora NexoInformativo y convi\u00e9rtete en parte de una comunidad que valora el conocimiento y la verdad. Tu nexoinformativo es tu puente hacia una comprensi\u00f3n m\u00e1s profunda del mundo que te rodea.\",\"publisher\":{\"@id\":\"https:\/\/www.nexoinformativo.mx\/#organization\"},\"potentialAction\":[{\"@type\":\"SearchAction\",\"target\":{\"@type\":\"EntryPoint\",\"urlTemplate\":\"https:\/\/www.nexoinformativo.mx\/?s={search_term_string}\"},\"query-input\":{\"@type\":\"PropertyValueSpecification\",\"valueRequired\":true,\"valueName\":\"search_term_string\"}}],\"inLanguage\":\"es\"},{\"@type\":\"Organization\",\"@id\":\"https:\/\/www.nexoinformativo.mx\/#organization\",\"name\":\"Nexo Informativo Santiago de Quer\u00e9taro\",\"url\":\"https:\/\/www.nexoinformativo.mx\/\",\"logo\":{\"@type\":\"ImageObject\",\"inLanguage\":\"es\",\"@id\":\"https:\/\/www.nexoinformativo.mx\/#\/schema\/logo\/image\/\",\"url\":\"https:\/\/www.nexoinformativo.mx\/wp-content\/uploads\/2024\/07\/nexoi-trasparente-2.png\",\"contentUrl\":\"https:\/\/www.nexoinformativo.mx\/wp-content\/uploads\/2024\/07\/nexoi-trasparente-2.png\",\"width\":816,\"height\":339,\"caption\":\"Nexo Informativo Santiago de Quer\u00e9taro\"},\"image\":{\"@id\":\"https:\/\/www.nexoinformativo.mx\/#\/schema\/logo\/image\/\"},\"sameAs\":[\"https:\/\/www.facebook.com\/people\/Nexo-Informativo\/61564066885511\/\"]},{\"@type\":\"Person\",\"@id\":\"https:\/\/www.nexoinformativo.mx\/#\/schema\/person\/7749d380ba08c8ca00d7bc76fd907b7d\",\"name\":\"Nexo Informativo\",\"image\":{\"@type\":\"ImageObject\",\"inLanguage\":\"es\",\"@id\":\"https:\/\/www.nexoinformativo.mx\/#\/schema\/person\/image\/\",\"url\":\"https:\/\/secure.gravatar.com\/avatar\/dde2928154642a13d95f87ddf1ea9718fe2b46760a005c53e41ff5ad610704e6?s=96&d=mm&r=g\",\"contentUrl\":\"https:\/\/secure.gravatar.com\/avatar\/dde2928154642a13d95f87ddf1ea9718fe2b46760a005c53e41ff5ad610704e6?s=96&d=mm&r=g\",\"caption\":\"Nexo Informativo\"},\"url\":\"https:\/\/www.nexoinformativo.mx\/index.php\/author\/edicion\/\"}]}<\/script>\n<!-- \/ Yoast SEO plugin. -->","yoast_head_json":{"title":"Licitaci\u00f3n en marcha pr\u00f3ximamente nuevo libramiento en San Juan del R\u00edo para descongestionar Quer\u00e9taro | Nexo Informativo Santiago de Quer\u00e9taro","description":"Licitaci\u00f3n en marcha pr\u00f3ximamente nuevo libramiento en San Juan del R\u00edo para descongestionar Quer\u00e9taro","robots":{"index":"index","follow":"follow","max-snippet":"max-snippet:-1","max-image-preview":"max-image-preview:large","max-video-preview":"max-video-preview:-1"},"canonical":"https:\/\/www.nexoinformativo.mx\/index.php\/2025\/01\/16\/licitacion-en-marcha-proximamente-nuevo-libramiento-en-san-juan-del-rio-para-descongestionar-queretaro\/","og_locale":"es_MX","og_type":"article","og_title":"Licitaci\u00f3n en marcha pr\u00f3ximamente nuevo libramiento en San Juan del R\u00edo para descongestionar Quer\u00e9taro | Nexo Informativo Santiago de Quer\u00e9taro","og_description":"Licitaci\u00f3n en marcha pr\u00f3ximamente nuevo libramiento en San Juan del R\u00edo para descongestionar Quer\u00e9taro","og_url":"https:\/\/www.nexoinformativo.mx\/index.php\/2025\/01\/16\/licitacion-en-marcha-proximamente-nuevo-libramiento-en-san-juan-del-rio-para-descongestionar-queretaro\/","og_site_name":"Nexo Informativo Santiago de Quer\u00e9taro","article_publisher":"https:\/\/www.facebook.com\/people\/Nexo-Informativo\/61564066885511\/","article_published_time":"2025-01-16T20:15:34+00:00","article_modified_time":"2025-01-16T20:24:03+00:00","og_image":[{"width":800,"height":600,"url":"https:\/\/www.nexoinformativo.mx\/wp-content\/uploads\/2025\/01\/a78fff3e-a0b9-4d81-8671-64f2d262bdb0-e1737058999336.jpg","type":"image\/jpeg"}],"author":"Nexo Informativo","twitter_card":"summary_large_image","twitter_misc":{"Escrito por":"Nexo Informativo","Tiempo de lectura":"2 minutos"},"schema":{"@context":"https:\/\/schema.org","@graph":[{"@type":"Article","@id":"https:\/\/www.nexoinformativo.mx\/index.php\/2025\/01\/16\/licitacion-en-marcha-proximamente-nuevo-libramiento-en-san-juan-del-rio-para-descongestionar-queretaro\/#article","isPartOf":{"@id":"https:\/\/www.nexoinformativo.mx\/index.php\/2025\/01\/16\/licitacion-en-marcha-proximamente-nuevo-libramiento-en-san-juan-del-rio-para-descongestionar-queretaro\/"},"author":{"name":"Nexo Informativo","@id":"https:\/\/www.nexoinformativo.mx\/#\/schema\/person\/7749d380ba08c8ca00d7bc76fd907b7d"},"headline":"Licitaci\u00f3n en marcha pr\u00f3ximamente nuevo libramiento en San Juan del R\u00edo para descongestionar Quer\u00e9taro","datePublished":"2025-01-16T20:15:34+00:00","dateModified":"2025-01-16T20:24:03+00:00","mainEntityOfPage":{"@id":"https:\/\/www.nexoinformativo.mx\/index.php\/2025\/01\/16\/licitacion-en-marcha-proximamente-nuevo-libramiento-en-san-juan-del-rio-para-descongestionar-queretaro\/"},"wordCount":229,"commentCount":0,"publisher":{"@id":"https:\/\/www.nexoinformativo.mx\/#organization"},"image":{"@id":"https:\/\/www.nexoinformativo.mx\/index.php\/2025\/01\/16\/licitacion-en-marcha-proximamente-nuevo-libramiento-en-san-juan-del-rio-para-descongestionar-queretaro\/#primaryimage"},"thumbnailUrl":"https:\/\/www.nexoinformativo.mx\/wp-content\/uploads\/2025\/01\/a78fff3e-a0b9-4d81-8671-64f2d262bdb0-e1737058999336.jpg","keywords":["Infraestructura","Movilidad","NuevoLibramiento","Quer\u00e9taro"],"articleSection":["Municipios","\u00daltima Hora"],"inLanguage":"es","potentialAction":[{"@type":"CommentAction","name":"Comment","target":["https:\/\/www.nexoinformativo.mx\/index.php\/2025\/01\/16\/licitacion-en-marcha-proximamente-nuevo-libramiento-en-san-juan-del-rio-para-descongestionar-queretaro\/#respond"]}]},{"@type":"WebPage","@id":"https:\/\/www.nexoinformativo.mx\/index.php\/2025\/01\/16\/licitacion-en-marcha-proximamente-nuevo-libramiento-en-san-juan-del-rio-para-descongestionar-queretaro\/","url":"https:\/\/www.nexoinformativo.mx\/index.php\/2025\/01\/16\/licitacion-en-marcha-proximamente-nuevo-libramiento-en-san-juan-del-rio-para-descongestionar-queretaro\/","name":"Licitaci\u00f3n en marcha pr\u00f3ximamente nuevo libramiento en San Juan del R\u00edo para descongestionar Quer\u00e9taro | Nexo Informativo Santiago de Quer\u00e9taro","isPartOf":{"@id":"https:\/\/www.nexoinformativo.mx\/#website"},"primaryImageOfPage":{"@id":"https:\/\/www.nexoinformativo.mx\/index.php\/2025\/01\/16\/licitacion-en-marcha-proximamente-nuevo-libramiento-en-san-juan-del-rio-para-descongestionar-queretaro\/#primaryimage"},"image":{"@id":"https:\/\/www.nexoinformativo.mx\/index.php\/2025\/01\/16\/licitacion-en-marcha-proximamente-nuevo-libramiento-en-san-juan-del-rio-para-descongestionar-queretaro\/#primaryimage"},"thumbnailUrl":"https:\/\/www.nexoinformativo.mx\/wp-content\/uploads\/2025\/01\/a78fff3e-a0b9-4d81-8671-64f2d262bdb0-e1737058999336.jpg","datePublished":"2025-01-16T20:15:34+00:00","dateModified":"2025-01-16T20:24:03+00:00","description":"Licitaci\u00f3n en marcha pr\u00f3ximamente nuevo libramiento en San Juan del R\u00edo para descongestionar Quer\u00e9taro","breadcrumb":{"@id":"https:\/\/www.nexoinformativo.mx\/index.php\/2025\/01\/16\/licitacion-en-marcha-proximamente-nuevo-libramiento-en-san-juan-del-rio-para-descongestionar-queretaro\/#breadcrumb"},"inLanguage":"es","potentialAction":[{"@type":"ReadAction","target":["https:\/\/www.nexoinformativo.mx\/index.php\/2025\/01\/16\/licitacion-en-marcha-proximamente-nuevo-libramiento-en-san-juan-del-rio-para-descongestionar-queretaro\/"]}]},{"@type":"ImageObject","inLanguage":"es","@id":"https:\/\/www.nexoinformativo.mx\/index.php\/2025\/01\/16\/licitacion-en-marcha-proximamente-nuevo-libramiento-en-san-juan-del-rio-para-descongestionar-queretaro\/#primaryimage","url":"https:\/\/www.nexoinformativo.mx\/wp-content\/uploads\/2025\/01\/a78fff3e-a0b9-4d81-8671-64f2d262bdb0-e1737058999336.jpg","contentUrl":"https:\/\/www.nexoinformativo.mx\/wp-content\/uploads\/2025\/01\/a78fff3e-a0b9-4d81-8671-64f2d262bdb0-e1737058999336.jpg","width":800,"height":600},{"@type":"BreadcrumbList","@id":"https:\/\/www.nexoinformativo.mx\/index.php\/2025\/01\/16\/licitacion-en-marcha-proximamente-nuevo-libramiento-en-san-juan-del-rio-para-descongestionar-queretaro\/#breadcrumb","itemListElement":[{"@type":"ListItem","position":1,"name":"Inicio","item":"https:\/\/www.nexoinformativo.mx\/"},{"@type":"ListItem","position":2,"name":"Licitaci\u00f3n en marcha pr\u00f3ximamente nuevo libramiento en San Juan del R\u00edo para descongestionar Quer\u00e9taro"}]},{"@type":"WebSite","@id":"https:\/\/www.nexoinformativo.mx\/#website","url":"https:\/\/www.nexoinformativo.mx\/","name":"Nexo Informativo Santiago de Quer\u00e9taro","description":"Explora NexoInformativo y convi\u00e9rtete en parte de una comunidad que valora el conocimiento y la verdad. Tu nexoinformativo es tu puente hacia una comprensi\u00f3n m\u00e1s profunda del mundo que te rodea.","publisher":{"@id":"https:\/\/www.nexoinformativo.mx\/#organization"},"potentialAction":[{"@type":"SearchAction","target":{"@type":"EntryPoint","urlTemplate":"https:\/\/www.nexoinformativo.mx\/?s={search_term_string}"},"query-input":{"@type":"PropertyValueSpecification","valueRequired":true,"valueName":"search_term_string"}}],"inLanguage":"es"},{"@type":"Organization","@id":"https:\/\/www.nexoinformativo.mx\/#organization","name":"Nexo Informativo Santiago de Quer\u00e9taro","url":"https:\/\/www.nexoinformativo.mx\/","logo":{"@type":"ImageObject","inLanguage":"es","@id":"https:\/\/www.nexoinformativo.mx\/#\/schema\/logo\/image\/","url":"https:\/\/www.nexoinformativo.mx\/wp-content\/uploads\/2024\/07\/nexoi-trasparente-2.png","contentUrl":"https:\/\/www.nexoinformativo.mx\/wp-content\/uploads\/2024\/07\/nexoi-trasparente-2.png","width":816,"height":339,"caption":"Nexo Informativo Santiago de Quer\u00e9taro"},"image":{"@id":"https:\/\/www.nexoinformativo.mx\/#\/schema\/logo\/image\/"},"sameAs":["https:\/\/www.facebook.com\/people\/Nexo-Informativo\/61564066885511\/"]},{"@type":"Person","@id":"https:\/\/www.nexoinformativo.mx\/#\/schema\/person\/7749d380ba08c8ca00d7bc76fd907b7d","name":"Nexo Informativo","image":{"@type":"ImageObject","inLanguage":"es","@id":"https:\/\/www.nexoinformativo.mx\/#\/schema\/person\/image\/","url":"https:\/\/secure.gravatar.com\/avatar\/dde2928154642a13d95f87ddf1ea9718fe2b46760a005c53e41ff5ad610704e6?s=96&d=mm&r=g","contentUrl":"https:\/\/secure.gravatar.com\/avatar\/dde2928154642a13d95f87ddf1ea9718fe2b46760a005c53e41ff5ad610704e6?s=96&d=mm&r=g","caption":"Nexo Informativo"},"url":"https:\/\/www.nexoinformativo.mx\/index.php\/author\/edicion\/"}]}},"_links":{"self":[{"href":"https:\/\/www.nexoinformativo.mx\/index.php\/wp-json\/wp\/v2\/posts\/10057","targetHints":{"allow":["GET"]}}],"collection":[{"href":"https:\/\/www.nexoinformativo.mx\/index.php\/wp-json\/wp\/v2\/posts"}],"about":[{"href":"https:\/\/www.nexoinformativo.mx\/index.php\/wp-json\/wp\/v2\/types\/post"}],"author":[{"embeddable":true,"href":"https:\/\/www.nexoinformativo.mx\/index.php\/wp-json\/wp\/v2\/users\/3"}],"replies":[{"embeddable":true,"href":"https:\/\/www.nexoinformativo.mx\/index.php\/wp-json\/wp\/v2\/comments?post=10057"}],"version-history":[{"count":3,"href":"https:\/\/www.nexoinformativo.mx\/index.php\/wp-json\/wp\/v2\/posts\/10057\/revisions"}],"predecessor-version":[{"id":10061,"href":"https:\/\/www.nexoinformativo.mx\/index.php\/wp-json\/wp\/v2\/posts\/10057\/revisions\/10061"}],"wp:featuredmedia":[{"embeddable":true,"href":"https:\/\/www.nexoinformativo.mx\/index.php\/wp-json\/wp\/v2\/media\/10058"}],"wp:attachment":[{"href":"https:\/\/www.nexoinformativo.mx\/index.php\/wp-json\/wp\/v2\/media?parent=10057"}],"wp:term":[{"taxonomy":"category","embeddable":true,"href":"https:\/\/www.nexoinformativo.mx\/index.php\/wp-json\/wp\/v2\/categories?post=10057"},{"taxonomy":"post_tag","embeddable":true,"href":"https:\/\/www.nexoinformativo.mx\/index.php\/wp-json\/wp\/v2\/tags?post=10057"}],"curies":[{"name":"wp","href":"https:\/\/api.w.org\/{rel}","templated":true}]}}