{"id":10074,"date":"2025-01-16T15:00:32","date_gmt":"2025-01-16T21:00:32","guid":{"rendered":"https:\/\/www.nexoinformativo.mx\/?p=10074"},"modified":"2025-01-16T16:53:02","modified_gmt":"2025-01-16T22:53:02","slug":"sin-peligro-en-la-evacuacion-preventiva-en-guarderia-por-falla-electrica-en-el-centro-historico","status":"publish","type":"post","link":"https:\/\/www.nexoinformativo.mx\/index.php\/2025\/01\/16\/sin-peligro-en-la-evacuacion-preventiva-en-guarderia-por-falla-electrica-en-el-centro-historico\/","title":{"rendered":"Sin peligro en la evacuaci\u00f3n preventiva en guarder\u00eda por falla el\u00e9ctrica en el Centro Hist\u00f3rico"},"content":{"rendered":"<p style=\"text-align: justify;\" data-sourcepos=\"11:1-11:311\">Un susto se vivi\u00f3 esta ma\u00f1ana en una guarder\u00eda ubicada en el Centro Hist\u00f3rico, cuando se activ\u00f3 la alarma contra incendios. De manera inmediata, el personal de la instituci\u00f3n activ\u00f3 los protocolos de emergencia y procedieron a evacuar a todos los ni\u00f1os y ni\u00f1as de forma segura.<\/p>\n<\/p>\n<p>&nbsp;<\/p>\n<p style=\"text-align: justify;\" data-sourcepos=\"13:1-13:370\">Los cuerpos de emergencia, incluyendo bomberos, acudieron al lugar para atender el reporte. Tras una revisi\u00f3n exhaustiva, se determin\u00f3 que no hab\u00eda fuego activo y que la alarma se hab\u00eda activado por una aparente falla el\u00e9ctrica.<\/p>\n<\/p>\n<p>&nbsp;<\/p>\n<p style=\"text-align: justify;\" data-sourcepos=\"13:1-13:370\">Los bomberos realizaron mediciones de la atm\u00f3sfera y no encontraron ninguna anomal\u00eda que representara un riesgo para los ocupantes del lugar.<\/p>\n<\/p>\n<p>&nbsp;<\/p>\n<p style=\"text-align: justify;\" data-sourcepos=\"15:1-15:214\">&#8220;Atendimos un reporte por la activaci\u00f3n de una alarma de incendio al interior de una instituci\u00f3n educativa, aparentemente causada por una falla el\u00e9ctrica&#8221;, informaron las autoridades a trav\u00e9s de sus redes sociales.<\/p>\n<\/p>\n<p>&nbsp;<\/p>\n<p style=\"text-align: justify;\" data-sourcepos=\"17:1-17:259\">Gracias a la r\u00e1pida respuesta del personal de la guarder\u00eda y de los cuerpos de emergencia, no se reportaron personas lesionadas. Se recomienda a la instituci\u00f3n realizar una revisi\u00f3n exhaustiva del sistema el\u00e9ctrico para evitar futuros incidentes de este tipo.<\/p>\n<\/p>\n<p>&nbsp;<\/p>\n<p style=\"text-align: center;\" data-sourcepos=\"17:1-17:259\"><em><strong>\u00a1Informaci\u00f3n que transforma!<\/strong><\/em><\/p>\n","protected":false},"excerpt":{"rendered":"<p>Un susto se vivi\u00f3 esta ma\u00f1ana en una guarder\u00eda ubicada en el Centro Hist\u00f3rico, cuando se activ\u00f3 la alarma contra incendios. De manera inmediata, el personal de la instituci\u00f3n activ\u00f3 los protocolos de emergencia y procedieron a evacuar a todos los ni\u00f1os y ni\u00f1as de forma segura.<\/p>\n","protected":false},"author":3,"featured_media":10075,"comment_status":"open","ping_status":"open","sticky":false,"template":"","format":"standard","meta":{"footnotes":""},"categories":[137,58],"tags":[3138,1954,133,2833],"class_list":["post-10074","post","type-post","status-publish","format-standard","has-post-thumbnail","hentry","category-sucesos","category-ultima-hora","tag-evacuacion","tag-falsaalarma","tag-queretaro","tag-seguridadinfantil"],"yoast_head":"<!-- This site is optimized with the Yoast SEO plugin v25.0 - https:\/\/yoast.com\/wordpress\/plugins\/seo\/ -->\n<title>Sin peligro en la evacuaci\u00f3n preventiva en guarder\u00eda por falla el\u00e9ctrica en el Centro Hist\u00f3rico | Nexo Informativo Santiago de Quer\u00e9taro<\/title>\n<meta name=\"description\" content=\"Sin peligro en la evacuaci\u00f3n preventiva en guarder\u00eda por falla el\u00e9ctrica en el Centro Hist\u00f3rico\" \/>\n<meta name=\"robots\" content=\"index, follow, max-snippet:-1, max-image-preview:large, max-video-preview:-1\" \/>\n<link rel=\"canonical\" href=\"https:\/\/www.nexoinformativo.mx\/index.php\/2025\/01\/16\/sin-peligro-en-la-evacuacion-preventiva-en-guarderia-por-falla-electrica-en-el-centro-historico\/\" \/>\n<meta property=\"og:locale\" content=\"es_MX\" \/>\n<meta property=\"og:type\" content=\"article\" \/>\n<meta property=\"og:title\" content=\"Sin peligro en la evacuaci\u00f3n preventiva en guarder\u00eda por falla el\u00e9ctrica en el Centro Hist\u00f3rico | Nexo Informativo Santiago de Quer\u00e9taro\" \/>\n<meta property=\"og:description\" content=\"Sin peligro en la evacuaci\u00f3n preventiva en guarder\u00eda por falla el\u00e9ctrica en el Centro Hist\u00f3rico\" \/>\n<meta property=\"og:url\" content=\"https:\/\/www.nexoinformativo.mx\/index.php\/2025\/01\/16\/sin-peligro-en-la-evacuacion-preventiva-en-guarderia-por-falla-electrica-en-el-centro-historico\/\" \/>\n<meta property=\"og:site_name\" content=\"Nexo Informativo Santiago de Quer\u00e9taro\" \/>\n<meta property=\"article:publisher\" content=\"https:\/\/www.facebook.com\/people\/Nexo-Informativo\/61564066885511\/\" \/>\n<meta property=\"article:published_time\" content=\"2025-01-16T21:00:32+00:00\" \/>\n<meta property=\"article:modified_time\" content=\"2025-01-16T22:53:02+00:00\" \/>\n<meta property=\"og:image\" content=\"https:\/\/www.nexoinformativo.mx\/wp-content\/uploads\/2025\/01\/f897960b-6e3a-4b74-9612-59984cf18b1f-e1737067910130.jpg\" \/>\n\t<meta property=\"og:image:width\" content=\"800\" \/>\n\t<meta property=\"og:image:height\" content=\"984\" \/>\n\t<meta property=\"og:image:type\" content=\"image\/jpeg\" \/>\n<meta name=\"author\" content=\"Nexo Informativo\" \/>\n<meta name=\"twitter:card\" content=\"summary_large_image\" \/>\n<meta name=\"twitter:label1\" content=\"Escrito por\" \/>\n\t<meta name=\"twitter:data1\" content=\"Nexo Informativo\" \/>\n\t<meta name=\"twitter:label2\" content=\"Tiempo de lectura\" \/>\n\t<meta name=\"twitter:data2\" content=\"2 minutos\" \/>\n<script type=\"application\/ld+json\" class=\"yoast-schema-graph\">{\"@context\":\"https:\/\/schema.org\",\"@graph\":[{\"@type\":\"Article\",\"@id\":\"https:\/\/www.nexoinformativo.mx\/index.php\/2025\/01\/16\/sin-peligro-en-la-evacuacion-preventiva-en-guarderia-por-falla-electrica-en-el-centro-historico\/#article\",\"isPartOf\":{\"@id\":\"https:\/\/www.nexoinformativo.mx\/index.php\/2025\/01\/16\/sin-peligro-en-la-evacuacion-preventiva-en-guarderia-por-falla-electrica-en-el-centro-historico\/\"},\"author\":{\"name\":\"Nexo Informativo\",\"@id\":\"https:\/\/www.nexoinformativo.mx\/#\/schema\/person\/7749d380ba08c8ca00d7bc76fd907b7d\"},\"headline\":\"Sin peligro en la evacuaci\u00f3n preventiva en guarder\u00eda por falla el\u00e9ctrica en el Centro Hist\u00f3rico\",\"datePublished\":\"2025-01-16T21:00:32+00:00\",\"dateModified\":\"2025-01-16T22:53:02+00:00\",\"mainEntityOfPage\":{\"@id\":\"https:\/\/www.nexoinformativo.mx\/index.php\/2025\/01\/16\/sin-peligro-en-la-evacuacion-preventiva-en-guarderia-por-falla-electrica-en-el-centro-historico\/\"},\"wordCount\":225,\"commentCount\":0,\"publisher\":{\"@id\":\"https:\/\/www.nexoinformativo.mx\/#organization\"},\"image\":{\"@id\":\"https:\/\/www.nexoinformativo.mx\/index.php\/2025\/01\/16\/sin-peligro-en-la-evacuacion-preventiva-en-guarderia-por-falla-electrica-en-el-centro-historico\/#primaryimage\"},\"thumbnailUrl\":\"https:\/\/www.nexoinformativo.mx\/wp-content\/uploads\/2025\/01\/f897960b-6e3a-4b74-9612-59984cf18b1f-e1737067910130.jpg\",\"keywords\":[\"Evacuaci\u00f3n\",\"FalsaAlarma\",\"Quer\u00e9taro\",\"SeguridadInfantil\"],\"articleSection\":[\"Sucesos\",\"\u00daltima Hora\"],\"inLanguage\":\"es\",\"potentialAction\":[{\"@type\":\"CommentAction\",\"name\":\"Comment\",\"target\":[\"https:\/\/www.nexoinformativo.mx\/index.php\/2025\/01\/16\/sin-peligro-en-la-evacuacion-preventiva-en-guarderia-por-falla-electrica-en-el-centro-historico\/#respond\"]}]},{\"@type\":\"WebPage\",\"@id\":\"https:\/\/www.nexoinformativo.mx\/index.php\/2025\/01\/16\/sin-peligro-en-la-evacuacion-preventiva-en-guarderia-por-falla-electrica-en-el-centro-historico\/\",\"url\":\"https:\/\/www.nexoinformativo.mx\/index.php\/2025\/01\/16\/sin-peligro-en-la-evacuacion-preventiva-en-guarderia-por-falla-electrica-en-el-centro-historico\/\",\"name\":\"Sin peligro en la evacuaci\u00f3n preventiva en guarder\u00eda por falla el\u00e9ctrica en el Centro Hist\u00f3rico | Nexo Informativo Santiago de Quer\u00e9taro\",\"isPartOf\":{\"@id\":\"https:\/\/www.nexoinformativo.mx\/#website\"},\"primaryImageOfPage\":{\"@id\":\"https:\/\/www.nexoinformativo.mx\/index.php\/2025\/01\/16\/sin-peligro-en-la-evacuacion-preventiva-en-guarderia-por-falla-electrica-en-el-centro-historico\/#primaryimage\"},\"image\":{\"@id\":\"https:\/\/www.nexoinformativo.mx\/index.php\/2025\/01\/16\/sin-peligro-en-la-evacuacion-preventiva-en-guarderia-por-falla-electrica-en-el-centro-historico\/#primaryimage\"},\"thumbnailUrl\":\"https:\/\/www.nexoinformativo.mx\/wp-content\/uploads\/2025\/01\/f897960b-6e3a-4b74-9612-59984cf18b1f-e1737067910130.jpg\",\"datePublished\":\"2025-01-16T21:00:32+00:00\",\"dateModified\":\"2025-01-16T22:53:02+00:00\",\"description\":\"Sin peligro en la evacuaci\u00f3n preventiva en guarder\u00eda por falla el\u00e9ctrica en el Centro Hist\u00f3rico\",\"breadcrumb\":{\"@id\":\"https:\/\/www.nexoinformativo.mx\/index.php\/2025\/01\/16\/sin-peligro-en-la-evacuacion-preventiva-en-guarderia-por-falla-electrica-en-el-centro-historico\/#breadcrumb\"},\"inLanguage\":\"es\",\"potentialAction\":[{\"@type\":\"ReadAction\",\"target\":[\"https:\/\/www.nexoinformativo.mx\/index.php\/2025\/01\/16\/sin-peligro-en-la-evacuacion-preventiva-en-guarderia-por-falla-electrica-en-el-centro-historico\/\"]}]},{\"@type\":\"ImageObject\",\"inLanguage\":\"es\",\"@id\":\"https:\/\/www.nexoinformativo.mx\/index.php\/2025\/01\/16\/sin-peligro-en-la-evacuacion-preventiva-en-guarderia-por-falla-electrica-en-el-centro-historico\/#primaryimage\",\"url\":\"https:\/\/www.nexoinformativo.mx\/wp-content\/uploads\/2025\/01\/f897960b-6e3a-4b74-9612-59984cf18b1f-e1737067910130.jpg\",\"contentUrl\":\"https:\/\/www.nexoinformativo.mx\/wp-content\/uploads\/2025\/01\/f897960b-6e3a-4b74-9612-59984cf18b1f-e1737067910130.jpg\",\"width\":800,\"height\":984},{\"@type\":\"BreadcrumbList\",\"@id\":\"https:\/\/www.nexoinformativo.mx\/index.php\/2025\/01\/16\/sin-peligro-en-la-evacuacion-preventiva-en-guarderia-por-falla-electrica-en-el-centro-historico\/#breadcrumb\",\"itemListElement\":[{\"@type\":\"ListItem\",\"position\":1,\"name\":\"Inicio\",\"item\":\"https:\/\/www.nexoinformativo.mx\/\"},{\"@type\":\"ListItem\",\"position\":2,\"name\":\"Sin peligro en la evacuaci\u00f3n preventiva en guarder\u00eda por falla el\u00e9ctrica en el Centro Hist\u00f3rico\"}]},{\"@type\":\"WebSite\",\"@id\":\"https:\/\/www.nexoinformativo.mx\/#website\",\"url\":\"https:\/\/www.nexoinformativo.mx\/\",\"name\":\"Nexo Informativo Santiago de Quer\u00e9taro\",\"description\":\"Explora NexoInformativo y convi\u00e9rtete en parte de una comunidad que valora el conocimiento y la verdad. Tu nexoinformativo es tu puente hacia una comprensi\u00f3n m\u00e1s profunda del mundo que te rodea.\",\"publisher\":{\"@id\":\"https:\/\/www.nexoinformativo.mx\/#organization\"},\"potentialAction\":[{\"@type\":\"SearchAction\",\"target\":{\"@type\":\"EntryPoint\",\"urlTemplate\":\"https:\/\/www.nexoinformativo.mx\/?s={search_term_string}\"},\"query-input\":{\"@type\":\"PropertyValueSpecification\",\"valueRequired\":true,\"valueName\":\"search_term_string\"}}],\"inLanguage\":\"es\"},{\"@type\":\"Organization\",\"@id\":\"https:\/\/www.nexoinformativo.mx\/#organization\",\"name\":\"Nexo Informativo Santiago de Quer\u00e9taro\",\"url\":\"https:\/\/www.nexoinformativo.mx\/\",\"logo\":{\"@type\":\"ImageObject\",\"inLanguage\":\"es\",\"@id\":\"https:\/\/www.nexoinformativo.mx\/#\/schema\/logo\/image\/\",\"url\":\"https:\/\/www.nexoinformativo.mx\/wp-content\/uploads\/2024\/07\/nexoi-trasparente-2.png\",\"contentUrl\":\"https:\/\/www.nexoinformativo.mx\/wp-content\/uploads\/2024\/07\/nexoi-trasparente-2.png\",\"width\":816,\"height\":339,\"caption\":\"Nexo Informativo Santiago de Quer\u00e9taro\"},\"image\":{\"@id\":\"https:\/\/www.nexoinformativo.mx\/#\/schema\/logo\/image\/\"},\"sameAs\":[\"https:\/\/www.facebook.com\/people\/Nexo-Informativo\/61564066885511\/\"]},{\"@type\":\"Person\",\"@id\":\"https:\/\/www.nexoinformativo.mx\/#\/schema\/person\/7749d380ba08c8ca00d7bc76fd907b7d\",\"name\":\"Nexo Informativo\",\"image\":{\"@type\":\"ImageObject\",\"inLanguage\":\"es\",\"@id\":\"https:\/\/www.nexoinformativo.mx\/#\/schema\/person\/image\/\",\"url\":\"https:\/\/secure.gravatar.com\/avatar\/dde2928154642a13d95f87ddf1ea9718fe2b46760a005c53e41ff5ad610704e6?s=96&d=mm&r=g\",\"contentUrl\":\"https:\/\/secure.gravatar.com\/avatar\/dde2928154642a13d95f87ddf1ea9718fe2b46760a005c53e41ff5ad610704e6?s=96&d=mm&r=g\",\"caption\":\"Nexo Informativo\"},\"url\":\"https:\/\/www.nexoinformativo.mx\/index.php\/author\/edicion\/\"}]}<\/script>\n<!-- \/ Yoast SEO plugin. -->","yoast_head_json":{"title":"Sin peligro en la evacuaci\u00f3n preventiva en guarder\u00eda por falla el\u00e9ctrica en el Centro Hist\u00f3rico | Nexo Informativo Santiago de Quer\u00e9taro","description":"Sin peligro en la evacuaci\u00f3n preventiva en guarder\u00eda por falla el\u00e9ctrica en el Centro Hist\u00f3rico","robots":{"index":"index","follow":"follow","max-snippet":"max-snippet:-1","max-image-preview":"max-image-preview:large","max-video-preview":"max-video-preview:-1"},"canonical":"https:\/\/www.nexoinformativo.mx\/index.php\/2025\/01\/16\/sin-peligro-en-la-evacuacion-preventiva-en-guarderia-por-falla-electrica-en-el-centro-historico\/","og_locale":"es_MX","og_type":"article","og_title":"Sin peligro en la evacuaci\u00f3n preventiva en guarder\u00eda por falla el\u00e9ctrica en el Centro Hist\u00f3rico | Nexo Informativo Santiago de Quer\u00e9taro","og_description":"Sin peligro en la evacuaci\u00f3n preventiva en guarder\u00eda por falla el\u00e9ctrica en el Centro Hist\u00f3rico","og_url":"https:\/\/www.nexoinformativo.mx\/index.php\/2025\/01\/16\/sin-peligro-en-la-evacuacion-preventiva-en-guarderia-por-falla-electrica-en-el-centro-historico\/","og_site_name":"Nexo Informativo Santiago de Quer\u00e9taro","article_publisher":"https:\/\/www.facebook.com\/people\/Nexo-Informativo\/61564066885511\/","article_published_time":"2025-01-16T21:00:32+00:00","article_modified_time":"2025-01-16T22:53:02+00:00","og_image":[{"width":800,"height":984,"url":"https:\/\/www.nexoinformativo.mx\/wp-content\/uploads\/2025\/01\/f897960b-6e3a-4b74-9612-59984cf18b1f-e1737067910130.jpg","type":"image\/jpeg"}],"author":"Nexo Informativo","twitter_card":"summary_large_image","twitter_misc":{"Escrito por":"Nexo Informativo","Tiempo de lectura":"2 minutos"},"schema":{"@context":"https:\/\/schema.org","@graph":[{"@type":"Article","@id":"https:\/\/www.nexoinformativo.mx\/index.php\/2025\/01\/16\/sin-peligro-en-la-evacuacion-preventiva-en-guarderia-por-falla-electrica-en-el-centro-historico\/#article","isPartOf":{"@id":"https:\/\/www.nexoinformativo.mx\/index.php\/2025\/01\/16\/sin-peligro-en-la-evacuacion-preventiva-en-guarderia-por-falla-electrica-en-el-centro-historico\/"},"author":{"name":"Nexo Informativo","@id":"https:\/\/www.nexoinformativo.mx\/#\/schema\/person\/7749d380ba08c8ca00d7bc76fd907b7d"},"headline":"Sin peligro en la evacuaci\u00f3n preventiva en guarder\u00eda por falla el\u00e9ctrica en el Centro Hist\u00f3rico","datePublished":"2025-01-16T21:00:32+00:00","dateModified":"2025-01-16T22:53:02+00:00","mainEntityOfPage":{"@id":"https:\/\/www.nexoinformativo.mx\/index.php\/2025\/01\/16\/sin-peligro-en-la-evacuacion-preventiva-en-guarderia-por-falla-electrica-en-el-centro-historico\/"},"wordCount":225,"commentCount":0,"publisher":{"@id":"https:\/\/www.nexoinformativo.mx\/#organization"},"image":{"@id":"https:\/\/www.nexoinformativo.mx\/index.php\/2025\/01\/16\/sin-peligro-en-la-evacuacion-preventiva-en-guarderia-por-falla-electrica-en-el-centro-historico\/#primaryimage"},"thumbnailUrl":"https:\/\/www.nexoinformativo.mx\/wp-content\/uploads\/2025\/01\/f897960b-6e3a-4b74-9612-59984cf18b1f-e1737067910130.jpg","keywords":["Evacuaci\u00f3n","FalsaAlarma","Quer\u00e9taro","SeguridadInfantil"],"articleSection":["Sucesos","\u00daltima Hora"],"inLanguage":"es","potentialAction":[{"@type":"CommentAction","name":"Comment","target":["https:\/\/www.nexoinformativo.mx\/index.php\/2025\/01\/16\/sin-peligro-en-la-evacuacion-preventiva-en-guarderia-por-falla-electrica-en-el-centro-historico\/#respond"]}]},{"@type":"WebPage","@id":"https:\/\/www.nexoinformativo.mx\/index.php\/2025\/01\/16\/sin-peligro-en-la-evacuacion-preventiva-en-guarderia-por-falla-electrica-en-el-centro-historico\/","url":"https:\/\/www.nexoinformativo.mx\/index.php\/2025\/01\/16\/sin-peligro-en-la-evacuacion-preventiva-en-guarderia-por-falla-electrica-en-el-centro-historico\/","name":"Sin peligro en la evacuaci\u00f3n preventiva en guarder\u00eda por falla el\u00e9ctrica en el Centro Hist\u00f3rico | Nexo Informativo Santiago de Quer\u00e9taro","isPartOf":{"@id":"https:\/\/www.nexoinformativo.mx\/#website"},"primaryImageOfPage":{"@id":"https:\/\/www.nexoinformativo.mx\/index.php\/2025\/01\/16\/sin-peligro-en-la-evacuacion-preventiva-en-guarderia-por-falla-electrica-en-el-centro-historico\/#primaryimage"},"image":{"@id":"https:\/\/www.nexoinformativo.mx\/index.php\/2025\/01\/16\/sin-peligro-en-la-evacuacion-preventiva-en-guarderia-por-falla-electrica-en-el-centro-historico\/#primaryimage"},"thumbnailUrl":"https:\/\/www.nexoinformativo.mx\/wp-content\/uploads\/2025\/01\/f897960b-6e3a-4b74-9612-59984cf18b1f-e1737067910130.jpg","datePublished":"2025-01-16T21:00:32+00:00","dateModified":"2025-01-16T22:53:02+00:00","description":"Sin peligro en la evacuaci\u00f3n preventiva en guarder\u00eda por falla el\u00e9ctrica en el Centro Hist\u00f3rico","breadcrumb":{"@id":"https:\/\/www.nexoinformativo.mx\/index.php\/2025\/01\/16\/sin-peligro-en-la-evacuacion-preventiva-en-guarderia-por-falla-electrica-en-el-centro-historico\/#breadcrumb"},"inLanguage":"es","potentialAction":[{"@type":"ReadAction","target":["https:\/\/www.nexoinformativo.mx\/index.php\/2025\/01\/16\/sin-peligro-en-la-evacuacion-preventiva-en-guarderia-por-falla-electrica-en-el-centro-historico\/"]}]},{"@type":"ImageObject","inLanguage":"es","@id":"https:\/\/www.nexoinformativo.mx\/index.php\/2025\/01\/16\/sin-peligro-en-la-evacuacion-preventiva-en-guarderia-por-falla-electrica-en-el-centro-historico\/#primaryimage","url":"https:\/\/www.nexoinformativo.mx\/wp-content\/uploads\/2025\/01\/f897960b-6e3a-4b74-9612-59984cf18b1f-e1737067910130.jpg","contentUrl":"https:\/\/www.nexoinformativo.mx\/wp-content\/uploads\/2025\/01\/f897960b-6e3a-4b74-9612-59984cf18b1f-e1737067910130.jpg","width":800,"height":984},{"@type":"BreadcrumbList","@id":"https:\/\/www.nexoinformativo.mx\/index.php\/2025\/01\/16\/sin-peligro-en-la-evacuacion-preventiva-en-guarderia-por-falla-electrica-en-el-centro-historico\/#breadcrumb","itemListElement":[{"@type":"ListItem","position":1,"name":"Inicio","item":"https:\/\/www.nexoinformativo.mx\/"},{"@type":"ListItem","position":2,"name":"Sin peligro en la evacuaci\u00f3n preventiva en guarder\u00eda por falla el\u00e9ctrica en el Centro Hist\u00f3rico"}]},{"@type":"WebSite","@id":"https:\/\/www.nexoinformativo.mx\/#website","url":"https:\/\/www.nexoinformativo.mx\/","name":"Nexo Informativo Santiago de Quer\u00e9taro","description":"Explora NexoInformativo y convi\u00e9rtete en parte de una comunidad que valora el conocimiento y la verdad. Tu nexoinformativo es tu puente hacia una comprensi\u00f3n m\u00e1s profunda del mundo que te rodea.","publisher":{"@id":"https:\/\/www.nexoinformativo.mx\/#organization"},"potentialAction":[{"@type":"SearchAction","target":{"@type":"EntryPoint","urlTemplate":"https:\/\/www.nexoinformativo.mx\/?s={search_term_string}"},"query-input":{"@type":"PropertyValueSpecification","valueRequired":true,"valueName":"search_term_string"}}],"inLanguage":"es"},{"@type":"Organization","@id":"https:\/\/www.nexoinformativo.mx\/#organization","name":"Nexo Informativo Santiago de Quer\u00e9taro","url":"https:\/\/www.nexoinformativo.mx\/","logo":{"@type":"ImageObject","inLanguage":"es","@id":"https:\/\/www.nexoinformativo.mx\/#\/schema\/logo\/image\/","url":"https:\/\/www.nexoinformativo.mx\/wp-content\/uploads\/2024\/07\/nexoi-trasparente-2.png","contentUrl":"https:\/\/www.nexoinformativo.mx\/wp-content\/uploads\/2024\/07\/nexoi-trasparente-2.png","width":816,"height":339,"caption":"Nexo Informativo Santiago de Quer\u00e9taro"},"image":{"@id":"https:\/\/www.nexoinformativo.mx\/#\/schema\/logo\/image\/"},"sameAs":["https:\/\/www.facebook.com\/people\/Nexo-Informativo\/61564066885511\/"]},{"@type":"Person","@id":"https:\/\/www.nexoinformativo.mx\/#\/schema\/person\/7749d380ba08c8ca00d7bc76fd907b7d","name":"Nexo Informativo","image":{"@type":"ImageObject","inLanguage":"es","@id":"https:\/\/www.nexoinformativo.mx\/#\/schema\/person\/image\/","url":"https:\/\/secure.gravatar.com\/avatar\/dde2928154642a13d95f87ddf1ea9718fe2b46760a005c53e41ff5ad610704e6?s=96&d=mm&r=g","contentUrl":"https:\/\/secure.gravatar.com\/avatar\/dde2928154642a13d95f87ddf1ea9718fe2b46760a005c53e41ff5ad610704e6?s=96&d=mm&r=g","caption":"Nexo Informativo"},"url":"https:\/\/www.nexoinformativo.mx\/index.php\/author\/edicion\/"}]}},"_links":{"self":[{"href":"https:\/\/www.nexoinformativo.mx\/index.php\/wp-json\/wp\/v2\/posts\/10074","targetHints":{"allow":["GET"]}}],"collection":[{"href":"https:\/\/www.nexoinformativo.mx\/index.php\/wp-json\/wp\/v2\/posts"}],"about":[{"href":"https:\/\/www.nexoinformativo.mx\/index.php\/wp-json\/wp\/v2\/types\/post"}],"author":[{"embeddable":true,"href":"https:\/\/www.nexoinformativo.mx\/index.php\/wp-json\/wp\/v2\/users\/3"}],"replies":[{"embeddable":true,"href":"https:\/\/www.nexoinformativo.mx\/index.php\/wp-json\/wp\/v2\/comments?post=10074"}],"version-history":[{"count":3,"href":"https:\/\/www.nexoinformativo.mx\/index.php\/wp-json\/wp\/v2\/posts\/10074\/revisions"}],"predecessor-version":[{"id":10078,"href":"https:\/\/www.nexoinformativo.mx\/index.php\/wp-json\/wp\/v2\/posts\/10074\/revisions\/10078"}],"wp:featuredmedia":[{"embeddable":true,"href":"https:\/\/www.nexoinformativo.mx\/index.php\/wp-json\/wp\/v2\/media\/10075"}],"wp:attachment":[{"href":"https:\/\/www.nexoinformativo.mx\/index.php\/wp-json\/wp\/v2\/media?parent=10074"}],"wp:term":[{"taxonomy":"category","embeddable":true,"href":"https:\/\/www.nexoinformativo.mx\/index.php\/wp-json\/wp\/v2\/categories?post=10074"},{"taxonomy":"post_tag","embeddable":true,"href":"https:\/\/www.nexoinformativo.mx\/index.php\/wp-json\/wp\/v2\/tags?post=10074"}],"curies":[{"name":"wp","href":"https:\/\/api.w.org\/{rel}","templated":true}]}}