{"id":10079,"date":"2025-01-16T15:30:46","date_gmt":"2025-01-16T21:30:46","guid":{"rendered":"https:\/\/www.nexoinformativo.mx\/?p=10079"},"modified":"2025-01-16T17:05:09","modified_gmt":"2025-01-16T23:05:09","slug":"colon-se-transforma-con-120-millones-de-pesos-en-obras-publicas-para-mejorar-la-calidad-de-vida","status":"publish","type":"post","link":"https:\/\/www.nexoinformativo.mx\/index.php\/2025\/01\/16\/colon-se-transforma-con-120-millones-de-pesos-en-obras-publicas-para-mejorar-la-calidad-de-vida\/","title":{"rendered":"Col\u00f3n se transforma con 120 millones de pesos en obras p\u00fablicas para mejorar la calidad de vida"},"content":{"rendered":"<p style=\"text-align: justify;\" data-sourcepos=\"11:1-11:344\">El presidente municipal de Col\u00f3n, Gaspar Trueba, anunci\u00f3 una inversi\u00f3n hist\u00f3rica de 120 millones de pesos para obras p\u00fablicas en el municipio durante este a\u00f1o.<\/p>\n<p>&nbsp;<\/p>\n<p style=\"text-align: justify;\" data-sourcepos=\"11:1-11:344\">Esta importante cantidad permitir\u00e1 llevar a cabo diversos proyectos de infraestructura que beneficiar\u00e1n a los habitantes de las diferentes comunidades.<\/p>\n<p>&nbsp;<\/p>\n<p style=\"text-align: justify;\" data-sourcepos=\"13:1-13:345\">Durante el inicio de las obras de urbanizaci\u00f3n en la comunidad de La Esperanza, Trueba destac\u00f3 que esta inversi\u00f3n es resultado de la gesti\u00f3n realizada ante el Gobierno del Estado, encabezado por Mauricio Kuri.<\/p>\n<p>&nbsp;<\/p>\n<p style=\"text-align: justify;\" data-sourcepos=\"13:1-13:345\"><strong>&#8220;Gracias al apoyo del gobernador, podremos realizar obras de gran impacto que mejorar\u00e1n la calidad de vida de los colonenses&#8221;<\/strong>, afirm\u00f3.<\/p>\n<p>&nbsp;<\/p>\n<p style=\"text-align: justify;\" data-sourcepos=\"15:1-15:245\">El alcalde enfatiz\u00f3 la importancia de la participaci\u00f3n ciudadana en la definici\u00f3n de las obras a realizar. &#8220;En Col\u00f3n trabajamos juntos para construir un mejor futuro&#8221;, asegur\u00f3, destacando que las obras se realizan con el consenso de los vecinos.<\/p>\n<p>&nbsp;<\/p>\n<p style=\"text-align: justify;\" data-sourcepos=\"17:1-17:299\">Entre los beneficios que traer\u00e1 esta inversi\u00f3n se encuentran la mejora de las vialidades, la instalaci\u00f3n de redes de drenaje y la creaci\u00f3n de espacios p\u00fablicos.<\/p>\n<p>&nbsp;<\/p>\n<p style=\"text-align: justify;\" data-sourcepos=\"17:1-17:299\">Estas acciones no solo contribuyen a mejorar la infraestructura del municipio, sino tambi\u00e9n a elevar la calidad de vida de los habitantes.<\/p>\n<p>&nbsp;<\/p>\n<p style=\"text-align: center;\" data-sourcepos=\"17:1-17:299\"><em><strong>\u00a1Informaci\u00f3n que transforma!<\/strong><\/em><\/p>\n","protected":false},"excerpt":{"rendered":"<p>El presidente municipal de Col\u00f3n, Gaspar Trueba, anunci\u00f3 una inversi\u00f3n hist\u00f3rica de 120 millones de pesos para obras p\u00fablicas en el municipio durante este a\u00f1o.<\/p>\n","protected":false},"author":3,"featured_media":10081,"comment_status":"open","ping_status":"open","sticky":false,"template":"","format":"standard","meta":{"footnotes":""},"categories":[65,58],"tags":[1782,781,142,644],"class_list":["post-10079","post","type-post","status-publish","format-standard","has-post-thumbnail","hentry","category-municipios","category-ultima-hora","tag-colon","tag-desarrollomunicipal","tag-inversion","tag-obraspublicas"],"yoast_head":"<!-- This site is optimized with the Yoast SEO plugin v25.0 - https:\/\/yoast.com\/wordpress\/plugins\/seo\/ -->\n<title>Col\u00f3n se transforma con 120 millones de pesos en obras p\u00fablicas para mejorar la calidad de vida | Nexo Informativo Santiago de Quer\u00e9taro<\/title>\n<meta name=\"description\" content=\"Col\u00f3n se transforma con 120 millones de pesos en obras p\u00fablicas para mejorar la calidad de vida\" \/>\n<meta name=\"robots\" content=\"index, follow, max-snippet:-1, max-image-preview:large, max-video-preview:-1\" \/>\n<link rel=\"canonical\" href=\"https:\/\/www.nexoinformativo.mx\/index.php\/2025\/01\/16\/colon-se-transforma-con-120-millones-de-pesos-en-obras-publicas-para-mejorar-la-calidad-de-vida\/\" \/>\n<meta property=\"og:locale\" content=\"es_MX\" \/>\n<meta property=\"og:type\" content=\"article\" \/>\n<meta property=\"og:title\" content=\"Col\u00f3n se transforma con 120 millones de pesos en obras p\u00fablicas para mejorar la calidad de vida | Nexo Informativo Santiago de Quer\u00e9taro\" \/>\n<meta property=\"og:description\" content=\"Col\u00f3n se transforma con 120 millones de pesos en obras p\u00fablicas para mejorar la calidad de vida\" \/>\n<meta property=\"og:url\" content=\"https:\/\/www.nexoinformativo.mx\/index.php\/2025\/01\/16\/colon-se-transforma-con-120-millones-de-pesos-en-obras-publicas-para-mejorar-la-calidad-de-vida\/\" \/>\n<meta property=\"og:site_name\" content=\"Nexo Informativo Santiago de Quer\u00e9taro\" \/>\n<meta property=\"article:publisher\" content=\"https:\/\/www.facebook.com\/people\/Nexo-Informativo\/61564066885511\/\" \/>\n<meta property=\"article:published_time\" content=\"2025-01-16T21:30:46+00:00\" \/>\n<meta property=\"article:modified_time\" content=\"2025-01-16T23:05:09+00:00\" \/>\n<meta property=\"og:image\" content=\"https:\/\/www.nexoinformativo.mx\/wp-content\/uploads\/2025\/01\/PHOTO-2025-01-16-15-44-30-scaled-e1737068595583.jpg\" \/>\n\t<meta property=\"og:image:width\" content=\"800\" \/>\n\t<meta property=\"og:image:height\" content=\"533\" \/>\n\t<meta property=\"og:image:type\" content=\"image\/jpeg\" \/>\n<meta name=\"author\" content=\"Nexo Informativo\" \/>\n<meta name=\"twitter:card\" content=\"summary_large_image\" \/>\n<meta name=\"twitter:label1\" content=\"Escrito por\" \/>\n\t<meta name=\"twitter:data1\" content=\"Nexo Informativo\" \/>\n\t<meta name=\"twitter:label2\" content=\"Tiempo de lectura\" \/>\n\t<meta name=\"twitter:data2\" content=\"2 minutos\" \/>\n<script type=\"application\/ld+json\" class=\"yoast-schema-graph\">{\"@context\":\"https:\/\/schema.org\",\"@graph\":[{\"@type\":\"Article\",\"@id\":\"https:\/\/www.nexoinformativo.mx\/index.php\/2025\/01\/16\/colon-se-transforma-con-120-millones-de-pesos-en-obras-publicas-para-mejorar-la-calidad-de-vida\/#article\",\"isPartOf\":{\"@id\":\"https:\/\/www.nexoinformativo.mx\/index.php\/2025\/01\/16\/colon-se-transforma-con-120-millones-de-pesos-en-obras-publicas-para-mejorar-la-calidad-de-vida\/\"},\"author\":{\"name\":\"Nexo Informativo\",\"@id\":\"https:\/\/www.nexoinformativo.mx\/#\/schema\/person\/7749d380ba08c8ca00d7bc76fd907b7d\"},\"headline\":\"Col\u00f3n se transforma con 120 millones de pesos en obras p\u00fablicas para mejorar la calidad de vida\",\"datePublished\":\"2025-01-16T21:30:46+00:00\",\"dateModified\":\"2025-01-16T23:05:09+00:00\",\"mainEntityOfPage\":{\"@id\":\"https:\/\/www.nexoinformativo.mx\/index.php\/2025\/01\/16\/colon-se-transforma-con-120-millones-de-pesos-en-obras-publicas-para-mejorar-la-calidad-de-vida\/\"},\"wordCount\":233,\"commentCount\":0,\"publisher\":{\"@id\":\"https:\/\/www.nexoinformativo.mx\/#organization\"},\"image\":{\"@id\":\"https:\/\/www.nexoinformativo.mx\/index.php\/2025\/01\/16\/colon-se-transforma-con-120-millones-de-pesos-en-obras-publicas-para-mejorar-la-calidad-de-vida\/#primaryimage\"},\"thumbnailUrl\":\"https:\/\/www.nexoinformativo.mx\/wp-content\/uploads\/2025\/01\/PHOTO-2025-01-16-15-44-30-scaled-e1737068595583.jpg\",\"keywords\":[\"Col\u00f3n\",\"DesarrolloMunicipal\",\"Inversi\u00f3n\",\"ObrasP\u00fablicas\"],\"articleSection\":[\"Municipios\",\"\u00daltima Hora\"],\"inLanguage\":\"es\",\"potentialAction\":[{\"@type\":\"CommentAction\",\"name\":\"Comment\",\"target\":[\"https:\/\/www.nexoinformativo.mx\/index.php\/2025\/01\/16\/colon-se-transforma-con-120-millones-de-pesos-en-obras-publicas-para-mejorar-la-calidad-de-vida\/#respond\"]}]},{\"@type\":\"WebPage\",\"@id\":\"https:\/\/www.nexoinformativo.mx\/index.php\/2025\/01\/16\/colon-se-transforma-con-120-millones-de-pesos-en-obras-publicas-para-mejorar-la-calidad-de-vida\/\",\"url\":\"https:\/\/www.nexoinformativo.mx\/index.php\/2025\/01\/16\/colon-se-transforma-con-120-millones-de-pesos-en-obras-publicas-para-mejorar-la-calidad-de-vida\/\",\"name\":\"Col\u00f3n se transforma con 120 millones de pesos en obras p\u00fablicas para mejorar la calidad de vida | Nexo Informativo Santiago de Quer\u00e9taro\",\"isPartOf\":{\"@id\":\"https:\/\/www.nexoinformativo.mx\/#website\"},\"primaryImageOfPage\":{\"@id\":\"https:\/\/www.nexoinformativo.mx\/index.php\/2025\/01\/16\/colon-se-transforma-con-120-millones-de-pesos-en-obras-publicas-para-mejorar-la-calidad-de-vida\/#primaryimage\"},\"image\":{\"@id\":\"https:\/\/www.nexoinformativo.mx\/index.php\/2025\/01\/16\/colon-se-transforma-con-120-millones-de-pesos-en-obras-publicas-para-mejorar-la-calidad-de-vida\/#primaryimage\"},\"thumbnailUrl\":\"https:\/\/www.nexoinformativo.mx\/wp-content\/uploads\/2025\/01\/PHOTO-2025-01-16-15-44-30-scaled-e1737068595583.jpg\",\"datePublished\":\"2025-01-16T21:30:46+00:00\",\"dateModified\":\"2025-01-16T23:05:09+00:00\",\"description\":\"Col\u00f3n se transforma con 120 millones de pesos en obras p\u00fablicas para mejorar la calidad de vida\",\"breadcrumb\":{\"@id\":\"https:\/\/www.nexoinformativo.mx\/index.php\/2025\/01\/16\/colon-se-transforma-con-120-millones-de-pesos-en-obras-publicas-para-mejorar-la-calidad-de-vida\/#breadcrumb\"},\"inLanguage\":\"es\",\"potentialAction\":[{\"@type\":\"ReadAction\",\"target\":[\"https:\/\/www.nexoinformativo.mx\/index.php\/2025\/01\/16\/colon-se-transforma-con-120-millones-de-pesos-en-obras-publicas-para-mejorar-la-calidad-de-vida\/\"]}]},{\"@type\":\"ImageObject\",\"inLanguage\":\"es\",\"@id\":\"https:\/\/www.nexoinformativo.mx\/index.php\/2025\/01\/16\/colon-se-transforma-con-120-millones-de-pesos-en-obras-publicas-para-mejorar-la-calidad-de-vida\/#primaryimage\",\"url\":\"https:\/\/www.nexoinformativo.mx\/wp-content\/uploads\/2025\/01\/PHOTO-2025-01-16-15-44-30-scaled-e1737068595583.jpg\",\"contentUrl\":\"https:\/\/www.nexoinformativo.mx\/wp-content\/uploads\/2025\/01\/PHOTO-2025-01-16-15-44-30-scaled-e1737068595583.jpg\",\"width\":800,\"height\":533},{\"@type\":\"BreadcrumbList\",\"@id\":\"https:\/\/www.nexoinformativo.mx\/index.php\/2025\/01\/16\/colon-se-transforma-con-120-millones-de-pesos-en-obras-publicas-para-mejorar-la-calidad-de-vida\/#breadcrumb\",\"itemListElement\":[{\"@type\":\"ListItem\",\"position\":1,\"name\":\"Inicio\",\"item\":\"https:\/\/www.nexoinformativo.mx\/\"},{\"@type\":\"ListItem\",\"position\":2,\"name\":\"Col\u00f3n se transforma con 120 millones de pesos en obras p\u00fablicas para mejorar la calidad de vida\"}]},{\"@type\":\"WebSite\",\"@id\":\"https:\/\/www.nexoinformativo.mx\/#website\",\"url\":\"https:\/\/www.nexoinformativo.mx\/\",\"name\":\"Nexo Informativo Santiago de Quer\u00e9taro\",\"description\":\"Explora NexoInformativo y convi\u00e9rtete en parte de una comunidad que valora el conocimiento y la verdad. Tu nexoinformativo es tu puente hacia una comprensi\u00f3n m\u00e1s profunda del mundo que te rodea.\",\"publisher\":{\"@id\":\"https:\/\/www.nexoinformativo.mx\/#organization\"},\"potentialAction\":[{\"@type\":\"SearchAction\",\"target\":{\"@type\":\"EntryPoint\",\"urlTemplate\":\"https:\/\/www.nexoinformativo.mx\/?s={search_term_string}\"},\"query-input\":{\"@type\":\"PropertyValueSpecification\",\"valueRequired\":true,\"valueName\":\"search_term_string\"}}],\"inLanguage\":\"es\"},{\"@type\":\"Organization\",\"@id\":\"https:\/\/www.nexoinformativo.mx\/#organization\",\"name\":\"Nexo Informativo Santiago de Quer\u00e9taro\",\"url\":\"https:\/\/www.nexoinformativo.mx\/\",\"logo\":{\"@type\":\"ImageObject\",\"inLanguage\":\"es\",\"@id\":\"https:\/\/www.nexoinformativo.mx\/#\/schema\/logo\/image\/\",\"url\":\"https:\/\/www.nexoinformativo.mx\/wp-content\/uploads\/2024\/07\/nexoi-trasparente-2.png\",\"contentUrl\":\"https:\/\/www.nexoinformativo.mx\/wp-content\/uploads\/2024\/07\/nexoi-trasparente-2.png\",\"width\":816,\"height\":339,\"caption\":\"Nexo Informativo Santiago de Quer\u00e9taro\"},\"image\":{\"@id\":\"https:\/\/www.nexoinformativo.mx\/#\/schema\/logo\/image\/\"},\"sameAs\":[\"https:\/\/www.facebook.com\/people\/Nexo-Informativo\/61564066885511\/\"]},{\"@type\":\"Person\",\"@id\":\"https:\/\/www.nexoinformativo.mx\/#\/schema\/person\/7749d380ba08c8ca00d7bc76fd907b7d\",\"name\":\"Nexo Informativo\",\"image\":{\"@type\":\"ImageObject\",\"inLanguage\":\"es\",\"@id\":\"https:\/\/www.nexoinformativo.mx\/#\/schema\/person\/image\/\",\"url\":\"https:\/\/secure.gravatar.com\/avatar\/dde2928154642a13d95f87ddf1ea9718fe2b46760a005c53e41ff5ad610704e6?s=96&d=mm&r=g\",\"contentUrl\":\"https:\/\/secure.gravatar.com\/avatar\/dde2928154642a13d95f87ddf1ea9718fe2b46760a005c53e41ff5ad610704e6?s=96&d=mm&r=g\",\"caption\":\"Nexo Informativo\"},\"url\":\"https:\/\/www.nexoinformativo.mx\/index.php\/author\/edicion\/\"}]}<\/script>\n<!-- \/ Yoast SEO plugin. -->","yoast_head_json":{"title":"Col\u00f3n se transforma con 120 millones de pesos en obras p\u00fablicas para mejorar la calidad de vida | Nexo Informativo Santiago de Quer\u00e9taro","description":"Col\u00f3n se transforma con 120 millones de pesos en obras p\u00fablicas para mejorar la calidad de vida","robots":{"index":"index","follow":"follow","max-snippet":"max-snippet:-1","max-image-preview":"max-image-preview:large","max-video-preview":"max-video-preview:-1"},"canonical":"https:\/\/www.nexoinformativo.mx\/index.php\/2025\/01\/16\/colon-se-transforma-con-120-millones-de-pesos-en-obras-publicas-para-mejorar-la-calidad-de-vida\/","og_locale":"es_MX","og_type":"article","og_title":"Col\u00f3n se transforma con 120 millones de pesos en obras p\u00fablicas para mejorar la calidad de vida | Nexo Informativo Santiago de Quer\u00e9taro","og_description":"Col\u00f3n se transforma con 120 millones de pesos en obras p\u00fablicas para mejorar la calidad de vida","og_url":"https:\/\/www.nexoinformativo.mx\/index.php\/2025\/01\/16\/colon-se-transforma-con-120-millones-de-pesos-en-obras-publicas-para-mejorar-la-calidad-de-vida\/","og_site_name":"Nexo Informativo Santiago de Quer\u00e9taro","article_publisher":"https:\/\/www.facebook.com\/people\/Nexo-Informativo\/61564066885511\/","article_published_time":"2025-01-16T21:30:46+00:00","article_modified_time":"2025-01-16T23:05:09+00:00","og_image":[{"width":800,"height":533,"url":"https:\/\/www.nexoinformativo.mx\/wp-content\/uploads\/2025\/01\/PHOTO-2025-01-16-15-44-30-scaled-e1737068595583.jpg","type":"image\/jpeg"}],"author":"Nexo Informativo","twitter_card":"summary_large_image","twitter_misc":{"Escrito por":"Nexo Informativo","Tiempo de lectura":"2 minutos"},"schema":{"@context":"https:\/\/schema.org","@graph":[{"@type":"Article","@id":"https:\/\/www.nexoinformativo.mx\/index.php\/2025\/01\/16\/colon-se-transforma-con-120-millones-de-pesos-en-obras-publicas-para-mejorar-la-calidad-de-vida\/#article","isPartOf":{"@id":"https:\/\/www.nexoinformativo.mx\/index.php\/2025\/01\/16\/colon-se-transforma-con-120-millones-de-pesos-en-obras-publicas-para-mejorar-la-calidad-de-vida\/"},"author":{"name":"Nexo Informativo","@id":"https:\/\/www.nexoinformativo.mx\/#\/schema\/person\/7749d380ba08c8ca00d7bc76fd907b7d"},"headline":"Col\u00f3n se transforma con 120 millones de pesos en obras p\u00fablicas para mejorar la calidad de vida","datePublished":"2025-01-16T21:30:46+00:00","dateModified":"2025-01-16T23:05:09+00:00","mainEntityOfPage":{"@id":"https:\/\/www.nexoinformativo.mx\/index.php\/2025\/01\/16\/colon-se-transforma-con-120-millones-de-pesos-en-obras-publicas-para-mejorar-la-calidad-de-vida\/"},"wordCount":233,"commentCount":0,"publisher":{"@id":"https:\/\/www.nexoinformativo.mx\/#organization"},"image":{"@id":"https:\/\/www.nexoinformativo.mx\/index.php\/2025\/01\/16\/colon-se-transforma-con-120-millones-de-pesos-en-obras-publicas-para-mejorar-la-calidad-de-vida\/#primaryimage"},"thumbnailUrl":"https:\/\/www.nexoinformativo.mx\/wp-content\/uploads\/2025\/01\/PHOTO-2025-01-16-15-44-30-scaled-e1737068595583.jpg","keywords":["Col\u00f3n","DesarrolloMunicipal","Inversi\u00f3n","ObrasP\u00fablicas"],"articleSection":["Municipios","\u00daltima Hora"],"inLanguage":"es","potentialAction":[{"@type":"CommentAction","name":"Comment","target":["https:\/\/www.nexoinformativo.mx\/index.php\/2025\/01\/16\/colon-se-transforma-con-120-millones-de-pesos-en-obras-publicas-para-mejorar-la-calidad-de-vida\/#respond"]}]},{"@type":"WebPage","@id":"https:\/\/www.nexoinformativo.mx\/index.php\/2025\/01\/16\/colon-se-transforma-con-120-millones-de-pesos-en-obras-publicas-para-mejorar-la-calidad-de-vida\/","url":"https:\/\/www.nexoinformativo.mx\/index.php\/2025\/01\/16\/colon-se-transforma-con-120-millones-de-pesos-en-obras-publicas-para-mejorar-la-calidad-de-vida\/","name":"Col\u00f3n se transforma con 120 millones de pesos en obras p\u00fablicas para mejorar la calidad de vida | Nexo Informativo Santiago de Quer\u00e9taro","isPartOf":{"@id":"https:\/\/www.nexoinformativo.mx\/#website"},"primaryImageOfPage":{"@id":"https:\/\/www.nexoinformativo.mx\/index.php\/2025\/01\/16\/colon-se-transforma-con-120-millones-de-pesos-en-obras-publicas-para-mejorar-la-calidad-de-vida\/#primaryimage"},"image":{"@id":"https:\/\/www.nexoinformativo.mx\/index.php\/2025\/01\/16\/colon-se-transforma-con-120-millones-de-pesos-en-obras-publicas-para-mejorar-la-calidad-de-vida\/#primaryimage"},"thumbnailUrl":"https:\/\/www.nexoinformativo.mx\/wp-content\/uploads\/2025\/01\/PHOTO-2025-01-16-15-44-30-scaled-e1737068595583.jpg","datePublished":"2025-01-16T21:30:46+00:00","dateModified":"2025-01-16T23:05:09+00:00","description":"Col\u00f3n se transforma con 120 millones de pesos en obras p\u00fablicas para mejorar la calidad de vida","breadcrumb":{"@id":"https:\/\/www.nexoinformativo.mx\/index.php\/2025\/01\/16\/colon-se-transforma-con-120-millones-de-pesos-en-obras-publicas-para-mejorar-la-calidad-de-vida\/#breadcrumb"},"inLanguage":"es","potentialAction":[{"@type":"ReadAction","target":["https:\/\/www.nexoinformativo.mx\/index.php\/2025\/01\/16\/colon-se-transforma-con-120-millones-de-pesos-en-obras-publicas-para-mejorar-la-calidad-de-vida\/"]}]},{"@type":"ImageObject","inLanguage":"es","@id":"https:\/\/www.nexoinformativo.mx\/index.php\/2025\/01\/16\/colon-se-transforma-con-120-millones-de-pesos-en-obras-publicas-para-mejorar-la-calidad-de-vida\/#primaryimage","url":"https:\/\/www.nexoinformativo.mx\/wp-content\/uploads\/2025\/01\/PHOTO-2025-01-16-15-44-30-scaled-e1737068595583.jpg","contentUrl":"https:\/\/www.nexoinformativo.mx\/wp-content\/uploads\/2025\/01\/PHOTO-2025-01-16-15-44-30-scaled-e1737068595583.jpg","width":800,"height":533},{"@type":"BreadcrumbList","@id":"https:\/\/www.nexoinformativo.mx\/index.php\/2025\/01\/16\/colon-se-transforma-con-120-millones-de-pesos-en-obras-publicas-para-mejorar-la-calidad-de-vida\/#breadcrumb","itemListElement":[{"@type":"ListItem","position":1,"name":"Inicio","item":"https:\/\/www.nexoinformativo.mx\/"},{"@type":"ListItem","position":2,"name":"Col\u00f3n se transforma con 120 millones de pesos en obras p\u00fablicas para mejorar la calidad de vida"}]},{"@type":"WebSite","@id":"https:\/\/www.nexoinformativo.mx\/#website","url":"https:\/\/www.nexoinformativo.mx\/","name":"Nexo Informativo Santiago de Quer\u00e9taro","description":"Explora NexoInformativo y convi\u00e9rtete en parte de una comunidad que valora el conocimiento y la verdad. Tu nexoinformativo es tu puente hacia una comprensi\u00f3n m\u00e1s profunda del mundo que te rodea.","publisher":{"@id":"https:\/\/www.nexoinformativo.mx\/#organization"},"potentialAction":[{"@type":"SearchAction","target":{"@type":"EntryPoint","urlTemplate":"https:\/\/www.nexoinformativo.mx\/?s={search_term_string}"},"query-input":{"@type":"PropertyValueSpecification","valueRequired":true,"valueName":"search_term_string"}}],"inLanguage":"es"},{"@type":"Organization","@id":"https:\/\/www.nexoinformativo.mx\/#organization","name":"Nexo Informativo Santiago de Quer\u00e9taro","url":"https:\/\/www.nexoinformativo.mx\/","logo":{"@type":"ImageObject","inLanguage":"es","@id":"https:\/\/www.nexoinformativo.mx\/#\/schema\/logo\/image\/","url":"https:\/\/www.nexoinformativo.mx\/wp-content\/uploads\/2024\/07\/nexoi-trasparente-2.png","contentUrl":"https:\/\/www.nexoinformativo.mx\/wp-content\/uploads\/2024\/07\/nexoi-trasparente-2.png","width":816,"height":339,"caption":"Nexo Informativo Santiago de Quer\u00e9taro"},"image":{"@id":"https:\/\/www.nexoinformativo.mx\/#\/schema\/logo\/image\/"},"sameAs":["https:\/\/www.facebook.com\/people\/Nexo-Informativo\/61564066885511\/"]},{"@type":"Person","@id":"https:\/\/www.nexoinformativo.mx\/#\/schema\/person\/7749d380ba08c8ca00d7bc76fd907b7d","name":"Nexo Informativo","image":{"@type":"ImageObject","inLanguage":"es","@id":"https:\/\/www.nexoinformativo.mx\/#\/schema\/person\/image\/","url":"https:\/\/secure.gravatar.com\/avatar\/dde2928154642a13d95f87ddf1ea9718fe2b46760a005c53e41ff5ad610704e6?s=96&d=mm&r=g","contentUrl":"https:\/\/secure.gravatar.com\/avatar\/dde2928154642a13d95f87ddf1ea9718fe2b46760a005c53e41ff5ad610704e6?s=96&d=mm&r=g","caption":"Nexo Informativo"},"url":"https:\/\/www.nexoinformativo.mx\/index.php\/author\/edicion\/"}]}},"_links":{"self":[{"href":"https:\/\/www.nexoinformativo.mx\/index.php\/wp-json\/wp\/v2\/posts\/10079","targetHints":{"allow":["GET"]}}],"collection":[{"href":"https:\/\/www.nexoinformativo.mx\/index.php\/wp-json\/wp\/v2\/posts"}],"about":[{"href":"https:\/\/www.nexoinformativo.mx\/index.php\/wp-json\/wp\/v2\/types\/post"}],"author":[{"embeddable":true,"href":"https:\/\/www.nexoinformativo.mx\/index.php\/wp-json\/wp\/v2\/users\/3"}],"replies":[{"embeddable":true,"href":"https:\/\/www.nexoinformativo.mx\/index.php\/wp-json\/wp\/v2\/comments?post=10079"}],"version-history":[{"count":4,"href":"https:\/\/www.nexoinformativo.mx\/index.php\/wp-json\/wp\/v2\/posts\/10079\/revisions"}],"predecessor-version":[{"id":10086,"href":"https:\/\/www.nexoinformativo.mx\/index.php\/wp-json\/wp\/v2\/posts\/10079\/revisions\/10086"}],"wp:featuredmedia":[{"embeddable":true,"href":"https:\/\/www.nexoinformativo.mx\/index.php\/wp-json\/wp\/v2\/media\/10081"}],"wp:attachment":[{"href":"https:\/\/www.nexoinformativo.mx\/index.php\/wp-json\/wp\/v2\/media?parent=10079"}],"wp:term":[{"taxonomy":"category","embeddable":true,"href":"https:\/\/www.nexoinformativo.mx\/index.php\/wp-json\/wp\/v2\/categories?post=10079"},{"taxonomy":"post_tag","embeddable":true,"href":"https:\/\/www.nexoinformativo.mx\/index.php\/wp-json\/wp\/v2\/tags?post=10079"}],"curies":[{"name":"wp","href":"https:\/\/api.w.org\/{rel}","templated":true}]}}