{"id":10088,"date":"2025-01-17T07:00:16","date_gmt":"2025-01-17T13:00:16","guid":{"rendered":"https:\/\/www.nexoinformativo.mx\/?p=10088"},"modified":"2025-01-17T10:27:36","modified_gmt":"2025-01-17T16:27:36","slug":"fatal-accidente-un-peaton-pierde-la-vida-al-ser-arrollado-por-trailer-en-queretaro","status":"publish","type":"post","link":"https:\/\/www.nexoinformativo.mx\/index.php\/2025\/01\/17\/fatal-accidente-un-peaton-pierde-la-vida-al-ser-arrollado-por-trailer-en-queretaro\/","title":{"rendered":"Fatal accidente un peat\u00f3n pierde la vida al ser arrollado por tr\u00e1iler en Quer\u00e9taro"},"content":{"rendered":"<p style=\"text-align: justify;\" data-sourcepos=\"11:1-11:268\">Una nueva tragedia se registr\u00f3 en la carretera federal 57, tramo Quer\u00e9taro-San Luis Potos\u00ed, a la altura del parque industrial Quer\u00e9taro. Un hombre perdi\u00f3 la vida al ser atropellado por un tractocami\u00f3n mientras intentaba cruzar la vialidad.<\/p>\n<p>&nbsp;<\/p>\n<p style=\"text-align: justify;\" data-sourcepos=\"13:1-13:231\">De acuerdo con los primeros reportes, el occiso, presuntamente un auxiliar de chofer, intent\u00f3 cruzar los carriles sin tomar las precauciones necesarias, lo que provoc\u00f3 que fuera embestido por un tr\u00e1iler de la empresa Tres Guerras.<\/p>\n<p>&nbsp;<\/p>\n<p style=\"text-align: justify;\" data-sourcepos=\"15:1-15:224\">Al lugar arribaron param\u00e9dicos de Protecci\u00f3n Civil, quienes confirmaron el fallecimiento del peat\u00f3n. La Guardia Nacional Divisi\u00f3n Carreteras se encarg\u00f3 de acordonar la zona y dar parte a la Fiscal\u00eda General del Estado (FGE).<\/p>\n<p>&nbsp;<\/p>\n<p style=\"text-align: justify;\" data-sourcepos=\"17:1-17:289\">Personal de Servicios Periciales realiz\u00f3 las diligencias correspondientes y el cuerpo fue trasladado al Servicio M\u00e9dico Forense 1 para practicarle la necropsia de ley. 2 El conductor del tr\u00e1iler qued\u00f3 a disposici\u00f3n de las autoridades para deslindar responsabilidades.<\/p>\n<p>&nbsp;<\/p>\n<p style=\"text-align: center;\" data-sourcepos=\"19:1-19:131\"><em><strong>\u00a1Informaci\u00f3n que transforma!<\/strong><\/em><\/p>\n","protected":false},"excerpt":{"rendered":"<p>Una nueva tragedia se registr\u00f3 en la carretera federal 57, tramo Quer\u00e9taro-San Luis Potos\u00ed, a la altura del parque industrial Quer\u00e9taro. Un hombre perdi\u00f3 la vida al ser atropellado por un tractocami\u00f3n mientras intentaba cruzar la vialidad.<\/p>\n","protected":false},"author":3,"featured_media":10089,"comment_status":"open","ping_status":"open","sticky":false,"template":"","format":"standard","meta":{"footnotes":""},"categories":[137,58],"tags":[475,612,1625,133],"class_list":["post-10088","post","type-post","status-publish","format-standard","has-post-thumbnail","hentry","category-sucesos","category-ultima-hora","tag-accidentevial","tag-carretera57","tag-precaucion","tag-queretaro"],"yoast_head":"<!-- This site is optimized with the Yoast SEO plugin v25.0 - https:\/\/yoast.com\/wordpress\/plugins\/seo\/ -->\n<title>Fatal accidente un peat\u00f3n pierde la vida al ser arrollado por tr\u00e1iler en Quer\u00e9taro | Nexo Informativo Santiago de Quer\u00e9taro<\/title>\n<meta name=\"description\" content=\"Fatal accidente un peat\u00f3n pierde la vida al ser arrollado por tr\u00e1iler en Quer\u00e9taro\" \/>\n<meta name=\"robots\" content=\"index, follow, max-snippet:-1, max-image-preview:large, max-video-preview:-1\" \/>\n<link rel=\"canonical\" href=\"https:\/\/www.nexoinformativo.mx\/index.php\/2025\/01\/17\/fatal-accidente-un-peaton-pierde-la-vida-al-ser-arrollado-por-trailer-en-queretaro\/\" \/>\n<meta property=\"og:locale\" content=\"es_MX\" \/>\n<meta property=\"og:type\" content=\"article\" \/>\n<meta property=\"og:title\" content=\"Fatal accidente un peat\u00f3n pierde la vida al ser arrollado por tr\u00e1iler en Quer\u00e9taro | Nexo Informativo Santiago de Quer\u00e9taro\" \/>\n<meta property=\"og:description\" content=\"Fatal accidente un peat\u00f3n pierde la vida al ser arrollado por tr\u00e1iler en Quer\u00e9taro\" \/>\n<meta property=\"og:url\" content=\"https:\/\/www.nexoinformativo.mx\/index.php\/2025\/01\/17\/fatal-accidente-un-peaton-pierde-la-vida-al-ser-arrollado-por-trailer-en-queretaro\/\" \/>\n<meta property=\"og:site_name\" content=\"Nexo Informativo Santiago de Quer\u00e9taro\" \/>\n<meta property=\"article:publisher\" content=\"https:\/\/www.facebook.com\/people\/Nexo-Informativo\/61564066885511\/\" \/>\n<meta property=\"article:published_time\" content=\"2025-01-17T13:00:16+00:00\" \/>\n<meta property=\"article:modified_time\" content=\"2025-01-17T16:27:36+00:00\" \/>\n<meta property=\"og:image\" content=\"https:\/\/www.nexoinformativo.mx\/wp-content\/uploads\/2025\/01\/PHOTO-2025-01-17-08-35-20-e1737131100489.jpg\" \/>\n\t<meta property=\"og:image:width\" content=\"800\" \/>\n\t<meta property=\"og:image:height\" content=\"450\" \/>\n\t<meta property=\"og:image:type\" content=\"image\/jpeg\" \/>\n<meta name=\"author\" content=\"Nexo Informativo\" \/>\n<meta name=\"twitter:card\" content=\"summary_large_image\" \/>\n<meta name=\"twitter:label1\" content=\"Escrito por\" \/>\n\t<meta name=\"twitter:data1\" content=\"Nexo Informativo\" \/>\n\t<meta name=\"twitter:label2\" content=\"Tiempo de lectura\" \/>\n\t<meta name=\"twitter:data2\" content=\"1 minuto\" \/>\n<script type=\"application\/ld+json\" class=\"yoast-schema-graph\">{\"@context\":\"https:\/\/schema.org\",\"@graph\":[{\"@type\":\"Article\",\"@id\":\"https:\/\/www.nexoinformativo.mx\/index.php\/2025\/01\/17\/fatal-accidente-un-peaton-pierde-la-vida-al-ser-arrollado-por-trailer-en-queretaro\/#article\",\"isPartOf\":{\"@id\":\"https:\/\/www.nexoinformativo.mx\/index.php\/2025\/01\/17\/fatal-accidente-un-peaton-pierde-la-vida-al-ser-arrollado-por-trailer-en-queretaro\/\"},\"author\":{\"name\":\"Nexo Informativo\",\"@id\":\"https:\/\/www.nexoinformativo.mx\/#\/schema\/person\/7749d380ba08c8ca00d7bc76fd907b7d\"},\"headline\":\"Fatal accidente un peat\u00f3n pierde la vida al ser arrollado por tr\u00e1iler en Quer\u00e9taro\",\"datePublished\":\"2025-01-17T13:00:16+00:00\",\"dateModified\":\"2025-01-17T16:27:36+00:00\",\"mainEntityOfPage\":{\"@id\":\"https:\/\/www.nexoinformativo.mx\/index.php\/2025\/01\/17\/fatal-accidente-un-peaton-pierde-la-vida-al-ser-arrollado-por-trailer-en-queretaro\/\"},\"wordCount\":179,\"commentCount\":0,\"publisher\":{\"@id\":\"https:\/\/www.nexoinformativo.mx\/#organization\"},\"image\":{\"@id\":\"https:\/\/www.nexoinformativo.mx\/index.php\/2025\/01\/17\/fatal-accidente-un-peaton-pierde-la-vida-al-ser-arrollado-por-trailer-en-queretaro\/#primaryimage\"},\"thumbnailUrl\":\"https:\/\/www.nexoinformativo.mx\/wp-content\/uploads\/2025\/01\/PHOTO-2025-01-17-08-35-20-e1737131100489.jpg\",\"keywords\":[\"AccidenteVial\",\"Carretera57\",\"Precauci\u00f3n\",\"Quer\u00e9taro\"],\"articleSection\":[\"Sucesos\",\"\u00daltima Hora\"],\"inLanguage\":\"es\",\"potentialAction\":[{\"@type\":\"CommentAction\",\"name\":\"Comment\",\"target\":[\"https:\/\/www.nexoinformativo.mx\/index.php\/2025\/01\/17\/fatal-accidente-un-peaton-pierde-la-vida-al-ser-arrollado-por-trailer-en-queretaro\/#respond\"]}]},{\"@type\":\"WebPage\",\"@id\":\"https:\/\/www.nexoinformativo.mx\/index.php\/2025\/01\/17\/fatal-accidente-un-peaton-pierde-la-vida-al-ser-arrollado-por-trailer-en-queretaro\/\",\"url\":\"https:\/\/www.nexoinformativo.mx\/index.php\/2025\/01\/17\/fatal-accidente-un-peaton-pierde-la-vida-al-ser-arrollado-por-trailer-en-queretaro\/\",\"name\":\"Fatal accidente un peat\u00f3n pierde la vida al ser arrollado por tr\u00e1iler en Quer\u00e9taro | Nexo Informativo Santiago de Quer\u00e9taro\",\"isPartOf\":{\"@id\":\"https:\/\/www.nexoinformativo.mx\/#website\"},\"primaryImageOfPage\":{\"@id\":\"https:\/\/www.nexoinformativo.mx\/index.php\/2025\/01\/17\/fatal-accidente-un-peaton-pierde-la-vida-al-ser-arrollado-por-trailer-en-queretaro\/#primaryimage\"},\"image\":{\"@id\":\"https:\/\/www.nexoinformativo.mx\/index.php\/2025\/01\/17\/fatal-accidente-un-peaton-pierde-la-vida-al-ser-arrollado-por-trailer-en-queretaro\/#primaryimage\"},\"thumbnailUrl\":\"https:\/\/www.nexoinformativo.mx\/wp-content\/uploads\/2025\/01\/PHOTO-2025-01-17-08-35-20-e1737131100489.jpg\",\"datePublished\":\"2025-01-17T13:00:16+00:00\",\"dateModified\":\"2025-01-17T16:27:36+00:00\",\"description\":\"Fatal accidente un peat\u00f3n pierde la vida al ser arrollado por tr\u00e1iler en Quer\u00e9taro\",\"breadcrumb\":{\"@id\":\"https:\/\/www.nexoinformativo.mx\/index.php\/2025\/01\/17\/fatal-accidente-un-peaton-pierde-la-vida-al-ser-arrollado-por-trailer-en-queretaro\/#breadcrumb\"},\"inLanguage\":\"es\",\"potentialAction\":[{\"@type\":\"ReadAction\",\"target\":[\"https:\/\/www.nexoinformativo.mx\/index.php\/2025\/01\/17\/fatal-accidente-un-peaton-pierde-la-vida-al-ser-arrollado-por-trailer-en-queretaro\/\"]}]},{\"@type\":\"ImageObject\",\"inLanguage\":\"es\",\"@id\":\"https:\/\/www.nexoinformativo.mx\/index.php\/2025\/01\/17\/fatal-accidente-un-peaton-pierde-la-vida-al-ser-arrollado-por-trailer-en-queretaro\/#primaryimage\",\"url\":\"https:\/\/www.nexoinformativo.mx\/wp-content\/uploads\/2025\/01\/PHOTO-2025-01-17-08-35-20-e1737131100489.jpg\",\"contentUrl\":\"https:\/\/www.nexoinformativo.mx\/wp-content\/uploads\/2025\/01\/PHOTO-2025-01-17-08-35-20-e1737131100489.jpg\",\"width\":800,\"height\":450},{\"@type\":\"BreadcrumbList\",\"@id\":\"https:\/\/www.nexoinformativo.mx\/index.php\/2025\/01\/17\/fatal-accidente-un-peaton-pierde-la-vida-al-ser-arrollado-por-trailer-en-queretaro\/#breadcrumb\",\"itemListElement\":[{\"@type\":\"ListItem\",\"position\":1,\"name\":\"Inicio\",\"item\":\"https:\/\/www.nexoinformativo.mx\/\"},{\"@type\":\"ListItem\",\"position\":2,\"name\":\"Fatal accidente un peat\u00f3n pierde la vida al ser arrollado por tr\u00e1iler en Quer\u00e9taro\"}]},{\"@type\":\"WebSite\",\"@id\":\"https:\/\/www.nexoinformativo.mx\/#website\",\"url\":\"https:\/\/www.nexoinformativo.mx\/\",\"name\":\"Nexo Informativo Santiago de Quer\u00e9taro\",\"description\":\"Explora NexoInformativo y convi\u00e9rtete en parte de una comunidad que valora el conocimiento y la verdad. Tu nexoinformativo es tu puente hacia una comprensi\u00f3n m\u00e1s profunda del mundo que te rodea.\",\"publisher\":{\"@id\":\"https:\/\/www.nexoinformativo.mx\/#organization\"},\"potentialAction\":[{\"@type\":\"SearchAction\",\"target\":{\"@type\":\"EntryPoint\",\"urlTemplate\":\"https:\/\/www.nexoinformativo.mx\/?s={search_term_string}\"},\"query-input\":{\"@type\":\"PropertyValueSpecification\",\"valueRequired\":true,\"valueName\":\"search_term_string\"}}],\"inLanguage\":\"es\"},{\"@type\":\"Organization\",\"@id\":\"https:\/\/www.nexoinformativo.mx\/#organization\",\"name\":\"Nexo Informativo Santiago de Quer\u00e9taro\",\"url\":\"https:\/\/www.nexoinformativo.mx\/\",\"logo\":{\"@type\":\"ImageObject\",\"inLanguage\":\"es\",\"@id\":\"https:\/\/www.nexoinformativo.mx\/#\/schema\/logo\/image\/\",\"url\":\"https:\/\/www.nexoinformativo.mx\/wp-content\/uploads\/2024\/07\/nexoi-trasparente-2.png\",\"contentUrl\":\"https:\/\/www.nexoinformativo.mx\/wp-content\/uploads\/2024\/07\/nexoi-trasparente-2.png\",\"width\":816,\"height\":339,\"caption\":\"Nexo Informativo Santiago de Quer\u00e9taro\"},\"image\":{\"@id\":\"https:\/\/www.nexoinformativo.mx\/#\/schema\/logo\/image\/\"},\"sameAs\":[\"https:\/\/www.facebook.com\/people\/Nexo-Informativo\/61564066885511\/\"]},{\"@type\":\"Person\",\"@id\":\"https:\/\/www.nexoinformativo.mx\/#\/schema\/person\/7749d380ba08c8ca00d7bc76fd907b7d\",\"name\":\"Nexo Informativo\",\"image\":{\"@type\":\"ImageObject\",\"inLanguage\":\"es\",\"@id\":\"https:\/\/www.nexoinformativo.mx\/#\/schema\/person\/image\/\",\"url\":\"https:\/\/secure.gravatar.com\/avatar\/dde2928154642a13d95f87ddf1ea9718fe2b46760a005c53e41ff5ad610704e6?s=96&d=mm&r=g\",\"contentUrl\":\"https:\/\/secure.gravatar.com\/avatar\/dde2928154642a13d95f87ddf1ea9718fe2b46760a005c53e41ff5ad610704e6?s=96&d=mm&r=g\",\"caption\":\"Nexo Informativo\"},\"url\":\"https:\/\/www.nexoinformativo.mx\/index.php\/author\/edicion\/\"}]}<\/script>\n<!-- \/ Yoast SEO plugin. -->","yoast_head_json":{"title":"Fatal accidente un peat\u00f3n pierde la vida al ser arrollado por tr\u00e1iler en Quer\u00e9taro | Nexo Informativo Santiago de Quer\u00e9taro","description":"Fatal accidente un peat\u00f3n pierde la vida al ser arrollado por tr\u00e1iler en Quer\u00e9taro","robots":{"index":"index","follow":"follow","max-snippet":"max-snippet:-1","max-image-preview":"max-image-preview:large","max-video-preview":"max-video-preview:-1"},"canonical":"https:\/\/www.nexoinformativo.mx\/index.php\/2025\/01\/17\/fatal-accidente-un-peaton-pierde-la-vida-al-ser-arrollado-por-trailer-en-queretaro\/","og_locale":"es_MX","og_type":"article","og_title":"Fatal accidente un peat\u00f3n pierde la vida al ser arrollado por tr\u00e1iler en Quer\u00e9taro | Nexo Informativo Santiago de Quer\u00e9taro","og_description":"Fatal accidente un peat\u00f3n pierde la vida al ser arrollado por tr\u00e1iler en Quer\u00e9taro","og_url":"https:\/\/www.nexoinformativo.mx\/index.php\/2025\/01\/17\/fatal-accidente-un-peaton-pierde-la-vida-al-ser-arrollado-por-trailer-en-queretaro\/","og_site_name":"Nexo Informativo Santiago de Quer\u00e9taro","article_publisher":"https:\/\/www.facebook.com\/people\/Nexo-Informativo\/61564066885511\/","article_published_time":"2025-01-17T13:00:16+00:00","article_modified_time":"2025-01-17T16:27:36+00:00","og_image":[{"width":800,"height":450,"url":"https:\/\/www.nexoinformativo.mx\/wp-content\/uploads\/2025\/01\/PHOTO-2025-01-17-08-35-20-e1737131100489.jpg","type":"image\/jpeg"}],"author":"Nexo Informativo","twitter_card":"summary_large_image","twitter_misc":{"Escrito por":"Nexo Informativo","Tiempo de lectura":"1 minuto"},"schema":{"@context":"https:\/\/schema.org","@graph":[{"@type":"Article","@id":"https:\/\/www.nexoinformativo.mx\/index.php\/2025\/01\/17\/fatal-accidente-un-peaton-pierde-la-vida-al-ser-arrollado-por-trailer-en-queretaro\/#article","isPartOf":{"@id":"https:\/\/www.nexoinformativo.mx\/index.php\/2025\/01\/17\/fatal-accidente-un-peaton-pierde-la-vida-al-ser-arrollado-por-trailer-en-queretaro\/"},"author":{"name":"Nexo Informativo","@id":"https:\/\/www.nexoinformativo.mx\/#\/schema\/person\/7749d380ba08c8ca00d7bc76fd907b7d"},"headline":"Fatal accidente un peat\u00f3n pierde la vida al ser arrollado por tr\u00e1iler en Quer\u00e9taro","datePublished":"2025-01-17T13:00:16+00:00","dateModified":"2025-01-17T16:27:36+00:00","mainEntityOfPage":{"@id":"https:\/\/www.nexoinformativo.mx\/index.php\/2025\/01\/17\/fatal-accidente-un-peaton-pierde-la-vida-al-ser-arrollado-por-trailer-en-queretaro\/"},"wordCount":179,"commentCount":0,"publisher":{"@id":"https:\/\/www.nexoinformativo.mx\/#organization"},"image":{"@id":"https:\/\/www.nexoinformativo.mx\/index.php\/2025\/01\/17\/fatal-accidente-un-peaton-pierde-la-vida-al-ser-arrollado-por-trailer-en-queretaro\/#primaryimage"},"thumbnailUrl":"https:\/\/www.nexoinformativo.mx\/wp-content\/uploads\/2025\/01\/PHOTO-2025-01-17-08-35-20-e1737131100489.jpg","keywords":["AccidenteVial","Carretera57","Precauci\u00f3n","Quer\u00e9taro"],"articleSection":["Sucesos","\u00daltima Hora"],"inLanguage":"es","potentialAction":[{"@type":"CommentAction","name":"Comment","target":["https:\/\/www.nexoinformativo.mx\/index.php\/2025\/01\/17\/fatal-accidente-un-peaton-pierde-la-vida-al-ser-arrollado-por-trailer-en-queretaro\/#respond"]}]},{"@type":"WebPage","@id":"https:\/\/www.nexoinformativo.mx\/index.php\/2025\/01\/17\/fatal-accidente-un-peaton-pierde-la-vida-al-ser-arrollado-por-trailer-en-queretaro\/","url":"https:\/\/www.nexoinformativo.mx\/index.php\/2025\/01\/17\/fatal-accidente-un-peaton-pierde-la-vida-al-ser-arrollado-por-trailer-en-queretaro\/","name":"Fatal accidente un peat\u00f3n pierde la vida al ser arrollado por tr\u00e1iler en Quer\u00e9taro | Nexo Informativo Santiago de Quer\u00e9taro","isPartOf":{"@id":"https:\/\/www.nexoinformativo.mx\/#website"},"primaryImageOfPage":{"@id":"https:\/\/www.nexoinformativo.mx\/index.php\/2025\/01\/17\/fatal-accidente-un-peaton-pierde-la-vida-al-ser-arrollado-por-trailer-en-queretaro\/#primaryimage"},"image":{"@id":"https:\/\/www.nexoinformativo.mx\/index.php\/2025\/01\/17\/fatal-accidente-un-peaton-pierde-la-vida-al-ser-arrollado-por-trailer-en-queretaro\/#primaryimage"},"thumbnailUrl":"https:\/\/www.nexoinformativo.mx\/wp-content\/uploads\/2025\/01\/PHOTO-2025-01-17-08-35-20-e1737131100489.jpg","datePublished":"2025-01-17T13:00:16+00:00","dateModified":"2025-01-17T16:27:36+00:00","description":"Fatal accidente un peat\u00f3n pierde la vida al ser arrollado por tr\u00e1iler en Quer\u00e9taro","breadcrumb":{"@id":"https:\/\/www.nexoinformativo.mx\/index.php\/2025\/01\/17\/fatal-accidente-un-peaton-pierde-la-vida-al-ser-arrollado-por-trailer-en-queretaro\/#breadcrumb"},"inLanguage":"es","potentialAction":[{"@type":"ReadAction","target":["https:\/\/www.nexoinformativo.mx\/index.php\/2025\/01\/17\/fatal-accidente-un-peaton-pierde-la-vida-al-ser-arrollado-por-trailer-en-queretaro\/"]}]},{"@type":"ImageObject","inLanguage":"es","@id":"https:\/\/www.nexoinformativo.mx\/index.php\/2025\/01\/17\/fatal-accidente-un-peaton-pierde-la-vida-al-ser-arrollado-por-trailer-en-queretaro\/#primaryimage","url":"https:\/\/www.nexoinformativo.mx\/wp-content\/uploads\/2025\/01\/PHOTO-2025-01-17-08-35-20-e1737131100489.jpg","contentUrl":"https:\/\/www.nexoinformativo.mx\/wp-content\/uploads\/2025\/01\/PHOTO-2025-01-17-08-35-20-e1737131100489.jpg","width":800,"height":450},{"@type":"BreadcrumbList","@id":"https:\/\/www.nexoinformativo.mx\/index.php\/2025\/01\/17\/fatal-accidente-un-peaton-pierde-la-vida-al-ser-arrollado-por-trailer-en-queretaro\/#breadcrumb","itemListElement":[{"@type":"ListItem","position":1,"name":"Inicio","item":"https:\/\/www.nexoinformativo.mx\/"},{"@type":"ListItem","position":2,"name":"Fatal accidente un peat\u00f3n pierde la vida al ser arrollado por tr\u00e1iler en Quer\u00e9taro"}]},{"@type":"WebSite","@id":"https:\/\/www.nexoinformativo.mx\/#website","url":"https:\/\/www.nexoinformativo.mx\/","name":"Nexo Informativo Santiago de Quer\u00e9taro","description":"Explora NexoInformativo y convi\u00e9rtete en parte de una comunidad que valora el conocimiento y la verdad. Tu nexoinformativo es tu puente hacia una comprensi\u00f3n m\u00e1s profunda del mundo que te rodea.","publisher":{"@id":"https:\/\/www.nexoinformativo.mx\/#organization"},"potentialAction":[{"@type":"SearchAction","target":{"@type":"EntryPoint","urlTemplate":"https:\/\/www.nexoinformativo.mx\/?s={search_term_string}"},"query-input":{"@type":"PropertyValueSpecification","valueRequired":true,"valueName":"search_term_string"}}],"inLanguage":"es"},{"@type":"Organization","@id":"https:\/\/www.nexoinformativo.mx\/#organization","name":"Nexo Informativo Santiago de Quer\u00e9taro","url":"https:\/\/www.nexoinformativo.mx\/","logo":{"@type":"ImageObject","inLanguage":"es","@id":"https:\/\/www.nexoinformativo.mx\/#\/schema\/logo\/image\/","url":"https:\/\/www.nexoinformativo.mx\/wp-content\/uploads\/2024\/07\/nexoi-trasparente-2.png","contentUrl":"https:\/\/www.nexoinformativo.mx\/wp-content\/uploads\/2024\/07\/nexoi-trasparente-2.png","width":816,"height":339,"caption":"Nexo Informativo Santiago de Quer\u00e9taro"},"image":{"@id":"https:\/\/www.nexoinformativo.mx\/#\/schema\/logo\/image\/"},"sameAs":["https:\/\/www.facebook.com\/people\/Nexo-Informativo\/61564066885511\/"]},{"@type":"Person","@id":"https:\/\/www.nexoinformativo.mx\/#\/schema\/person\/7749d380ba08c8ca00d7bc76fd907b7d","name":"Nexo Informativo","image":{"@type":"ImageObject","inLanguage":"es","@id":"https:\/\/www.nexoinformativo.mx\/#\/schema\/person\/image\/","url":"https:\/\/secure.gravatar.com\/avatar\/dde2928154642a13d95f87ddf1ea9718fe2b46760a005c53e41ff5ad610704e6?s=96&d=mm&r=g","contentUrl":"https:\/\/secure.gravatar.com\/avatar\/dde2928154642a13d95f87ddf1ea9718fe2b46760a005c53e41ff5ad610704e6?s=96&d=mm&r=g","caption":"Nexo Informativo"},"url":"https:\/\/www.nexoinformativo.mx\/index.php\/author\/edicion\/"}]}},"_links":{"self":[{"href":"https:\/\/www.nexoinformativo.mx\/index.php\/wp-json\/wp\/v2\/posts\/10088","targetHints":{"allow":["GET"]}}],"collection":[{"href":"https:\/\/www.nexoinformativo.mx\/index.php\/wp-json\/wp\/v2\/posts"}],"about":[{"href":"https:\/\/www.nexoinformativo.mx\/index.php\/wp-json\/wp\/v2\/types\/post"}],"author":[{"embeddable":true,"href":"https:\/\/www.nexoinformativo.mx\/index.php\/wp-json\/wp\/v2\/users\/3"}],"replies":[{"embeddable":true,"href":"https:\/\/www.nexoinformativo.mx\/index.php\/wp-json\/wp\/v2\/comments?post=10088"}],"version-history":[{"count":3,"href":"https:\/\/www.nexoinformativo.mx\/index.php\/wp-json\/wp\/v2\/posts\/10088\/revisions"}],"predecessor-version":[{"id":10093,"href":"https:\/\/www.nexoinformativo.mx\/index.php\/wp-json\/wp\/v2\/posts\/10088\/revisions\/10093"}],"wp:featuredmedia":[{"embeddable":true,"href":"https:\/\/www.nexoinformativo.mx\/index.php\/wp-json\/wp\/v2\/media\/10089"}],"wp:attachment":[{"href":"https:\/\/www.nexoinformativo.mx\/index.php\/wp-json\/wp\/v2\/media?parent=10088"}],"wp:term":[{"taxonomy":"category","embeddable":true,"href":"https:\/\/www.nexoinformativo.mx\/index.php\/wp-json\/wp\/v2\/categories?post=10088"},{"taxonomy":"post_tag","embeddable":true,"href":"https:\/\/www.nexoinformativo.mx\/index.php\/wp-json\/wp\/v2\/tags?post=10088"}],"curies":[{"name":"wp","href":"https:\/\/api.w.org\/{rel}","templated":true}]}}