{"id":10102,"date":"2025-01-17T08:00:19","date_gmt":"2025-01-17T14:00:19","guid":{"rendered":"https:\/\/www.nexoinformativo.mx\/?p=10102"},"modified":"2025-01-17T10:44:10","modified_gmt":"2025-01-17T16:44:10","slug":"alianza-por-el-agua-gobierno-estados-y-municipios-unen-fuerzas-para-garantizar-el-acceso-a-este-recurso-basico","status":"publish","type":"post","link":"https:\/\/www.nexoinformativo.mx\/index.php\/2025\/01\/17\/alianza-por-el-agua-gobierno-estados-y-municipios-unen-fuerzas-para-garantizar-el-acceso-a-este-recurso-basico\/","title":{"rendered":"Alianza por el agua gobierno, estados y municipios unen fuerzas para garantizar el acceso a este recurso b\u00e1sico"},"content":{"rendered":"<p style=\"text-align: justify;\" data-sourcepos=\"11:1-11:412\">El gobierno de M\u00e9xico, encabezado por la presidenta Claudia Sheinbaum, ha dado un paso crucial para garantizar el acceso al agua en todo el pa\u00eds. A trav\u00e9s de la <strong>Comisi\u00f3n Nacional del Agua<\/strong> (Conagua), se ha elaborado un <strong>Plan Maestro<\/strong> que unifica esfuerzos y recursos federales, estatales y municipales para llevar a cabo obras de infraestructura h\u00eddrica en todo el territorio nacional.<\/p>\n<\/p>\n<p>&nbsp;<\/p>\n<p style=\"text-align: justify;\" data-sourcepos=\"13:1-13:280\">El director general de la Conagua, Efra\u00edn Morales, destac\u00f3 la importancia de esta iniciativa durante el <strong>Encuentro Nacional Municipal 2025.<\/strong> &#8220;Hay obras necesarias que no las puede realizar un municipio solo, pero si sumamos recursos, vamos a poder resolver problemas&#8221;, afirm\u00f3.<\/p>\n<\/p>\n<p>&nbsp;<\/p>\n<p style=\"text-align: justify;\" data-sourcepos=\"15:1-15:339\">Este plan maestro parte de un diagn\u00f3stico detallado de las necesidades de cada municipio, permitiendo as\u00ed una inversi\u00f3n focalizada en las zonas m\u00e1s vulnerables. Los recursos del Fondo de Aportaciones para la Infraestructura Social (FAIS) ser\u00e1n administrados directamente por la Conagua para garantizar una ejecuci\u00f3n eficiente de las obras.<\/p>\n<\/p>\n<p>&nbsp;<\/p>\n<p style=\"text-align: justify;\" data-sourcepos=\"17:1-17:318\">Entre las acciones contempladas en el plan se encuentran la rehabilitaci\u00f3n y construcci\u00f3n de pozos, la reparaci\u00f3n y ampliaci\u00f3n de redes de distribuci\u00f3n, as\u00ed como la construcci\u00f3n y rehabilitaci\u00f3n de plantas de tratamiento y colectores. Adem\u00e1s, se llevar\u00e1n a cabo obras de prevenci\u00f3n en zonas con riesgo de inundaciones.<\/p>\n<\/p>\n<p>&nbsp;<\/p>\n<p style=\"text-align: justify;\" data-sourcepos=\"19:1-19:159\"><strong>&#8220;Nunca en la historia se hab\u00eda hecho un diagn\u00f3stico tan detallado&#8221;<\/strong>, asegur\u00f3 Morales L\u00f3pez, enfatizando el compromiso del gobierno federal con el tema del agua.<\/p>\n<\/p>\n<p>&nbsp;<\/p>\n<p style=\"text-align: justify;\" data-sourcepos=\"21:1-21:162\">El gobierno de M\u00e9xico reafirma su compromiso con el derecho humano al agua, garantizando el acceso a este recurso vital para millones de mexicanos.<\/p>\n<\/p>\n<p>&nbsp;<\/p>\n<p style=\"text-align: center;\" data-sourcepos=\"21:1-21:162\"><em><strong>\u00a1Informaci\u00f3n que transforma!<\/strong><\/em><\/p>\n","protected":false},"excerpt":{"rendered":"<p>El gobierno de M\u00e9xico, encabezado por la presidenta Claudia Sheinbaum, ha dado un paso crucial para garantizar el acceso al agua en todo el pa\u00eds.<\/p>\n","protected":false},"author":3,"featured_media":10103,"comment_status":"open","ping_status":"open","sticky":false,"template":"","format":"standard","meta":{"footnotes":""},"categories":[88,58],"tags":[3139,3140,3141,1841],"class_list":["post-10102","post","type-post","status-publish","format-standard","has-post-thumbnail","hentry","category-nacional","category-ultima-hora","tag-aguaparamexico","tag-infraestructurahidrica","tag-planmaestro","tag-sustentabilidad"],"yoast_head":"<!-- This site is optimized with the Yoast SEO plugin v25.0 - https:\/\/yoast.com\/wordpress\/plugins\/seo\/ -->\n<title>Alianza por el agua gobierno, estados y municipios unen fuerzas para garantizar el acceso a este recurso b\u00e1sico | Nexo Informativo Santiago de Quer\u00e9taro<\/title>\n<meta name=\"description\" content=\"Alianza por el agua gobierno, estados y municipios unen fuerzas para garantizar el acceso a este recurso b\u00e1sico\" \/>\n<meta name=\"robots\" content=\"index, follow, max-snippet:-1, max-image-preview:large, max-video-preview:-1\" \/>\n<link rel=\"canonical\" href=\"https:\/\/www.nexoinformativo.mx\/index.php\/2025\/01\/17\/alianza-por-el-agua-gobierno-estados-y-municipios-unen-fuerzas-para-garantizar-el-acceso-a-este-recurso-basico\/\" \/>\n<meta property=\"og:locale\" content=\"es_MX\" \/>\n<meta property=\"og:type\" content=\"article\" \/>\n<meta property=\"og:title\" content=\"Alianza por el agua gobierno, estados y municipios unen fuerzas para garantizar el acceso a este recurso b\u00e1sico | Nexo Informativo Santiago de Quer\u00e9taro\" \/>\n<meta property=\"og:description\" content=\"Alianza por el agua gobierno, estados y municipios unen fuerzas para garantizar el acceso a este recurso b\u00e1sico\" \/>\n<meta property=\"og:url\" content=\"https:\/\/www.nexoinformativo.mx\/index.php\/2025\/01\/17\/alianza-por-el-agua-gobierno-estados-y-municipios-unen-fuerzas-para-garantizar-el-acceso-a-este-recurso-basico\/\" \/>\n<meta property=\"og:site_name\" content=\"Nexo Informativo Santiago de Quer\u00e9taro\" \/>\n<meta property=\"article:publisher\" content=\"https:\/\/www.facebook.com\/people\/Nexo-Informativo\/61564066885511\/\" \/>\n<meta property=\"article:published_time\" content=\"2025-01-17T14:00:19+00:00\" \/>\n<meta property=\"article:modified_time\" content=\"2025-01-17T16:44:10+00:00\" \/>\n<meta property=\"og:image\" content=\"https:\/\/www.nexoinformativo.mx\/wp-content\/uploads\/2025\/01\/IMG_9337.jpg\" \/>\n\t<meta property=\"og:image:width\" content=\"650\" \/>\n\t<meta property=\"og:image:height\" content=\"380\" \/>\n\t<meta property=\"og:image:type\" content=\"image\/jpeg\" \/>\n<meta name=\"author\" content=\"Nexo Informativo\" \/>\n<meta name=\"twitter:card\" content=\"summary_large_image\" \/>\n<meta name=\"twitter:label1\" content=\"Escrito por\" \/>\n\t<meta name=\"twitter:data1\" content=\"Nexo Informativo\" \/>\n\t<meta name=\"twitter:label2\" content=\"Tiempo de lectura\" \/>\n\t<meta name=\"twitter:data2\" content=\"2 minutos\" \/>\n<script type=\"application\/ld+json\" class=\"yoast-schema-graph\">{\"@context\":\"https:\/\/schema.org\",\"@graph\":[{\"@type\":\"Article\",\"@id\":\"https:\/\/www.nexoinformativo.mx\/index.php\/2025\/01\/17\/alianza-por-el-agua-gobierno-estados-y-municipios-unen-fuerzas-para-garantizar-el-acceso-a-este-recurso-basico\/#article\",\"isPartOf\":{\"@id\":\"https:\/\/www.nexoinformativo.mx\/index.php\/2025\/01\/17\/alianza-por-el-agua-gobierno-estados-y-municipios-unen-fuerzas-para-garantizar-el-acceso-a-este-recurso-basico\/\"},\"author\":{\"name\":\"Nexo Informativo\",\"@id\":\"https:\/\/www.nexoinformativo.mx\/#\/schema\/person\/7749d380ba08c8ca00d7bc76fd907b7d\"},\"headline\":\"Alianza por el agua gobierno, estados y municipios unen fuerzas para garantizar el acceso a este recurso b\u00e1sico\",\"datePublished\":\"2025-01-17T14:00:19+00:00\",\"dateModified\":\"2025-01-17T16:44:10+00:00\",\"mainEntityOfPage\":{\"@id\":\"https:\/\/www.nexoinformativo.mx\/index.php\/2025\/01\/17\/alianza-por-el-agua-gobierno-estados-y-municipios-unen-fuerzas-para-garantizar-el-acceso-a-este-recurso-basico\/\"},\"wordCount\":303,\"commentCount\":0,\"publisher\":{\"@id\":\"https:\/\/www.nexoinformativo.mx\/#organization\"},\"image\":{\"@id\":\"https:\/\/www.nexoinformativo.mx\/index.php\/2025\/01\/17\/alianza-por-el-agua-gobierno-estados-y-municipios-unen-fuerzas-para-garantizar-el-acceso-a-este-recurso-basico\/#primaryimage\"},\"thumbnailUrl\":\"https:\/\/www.nexoinformativo.mx\/wp-content\/uploads\/2025\/01\/IMG_9337.jpg\",\"keywords\":[\"AguaParaM\u00e9xico\",\"InfraestructuraH\u00eddrica\",\"PlanMaestro\",\"Sustentabilidad\"],\"articleSection\":[\"Nacional\",\"\u00daltima Hora\"],\"inLanguage\":\"es\",\"potentialAction\":[{\"@type\":\"CommentAction\",\"name\":\"Comment\",\"target\":[\"https:\/\/www.nexoinformativo.mx\/index.php\/2025\/01\/17\/alianza-por-el-agua-gobierno-estados-y-municipios-unen-fuerzas-para-garantizar-el-acceso-a-este-recurso-basico\/#respond\"]}]},{\"@type\":\"WebPage\",\"@id\":\"https:\/\/www.nexoinformativo.mx\/index.php\/2025\/01\/17\/alianza-por-el-agua-gobierno-estados-y-municipios-unen-fuerzas-para-garantizar-el-acceso-a-este-recurso-basico\/\",\"url\":\"https:\/\/www.nexoinformativo.mx\/index.php\/2025\/01\/17\/alianza-por-el-agua-gobierno-estados-y-municipios-unen-fuerzas-para-garantizar-el-acceso-a-este-recurso-basico\/\",\"name\":\"Alianza por el agua gobierno, estados y municipios unen fuerzas para garantizar el acceso a este recurso b\u00e1sico | Nexo Informativo Santiago de Quer\u00e9taro\",\"isPartOf\":{\"@id\":\"https:\/\/www.nexoinformativo.mx\/#website\"},\"primaryImageOfPage\":{\"@id\":\"https:\/\/www.nexoinformativo.mx\/index.php\/2025\/01\/17\/alianza-por-el-agua-gobierno-estados-y-municipios-unen-fuerzas-para-garantizar-el-acceso-a-este-recurso-basico\/#primaryimage\"},\"image\":{\"@id\":\"https:\/\/www.nexoinformativo.mx\/index.php\/2025\/01\/17\/alianza-por-el-agua-gobierno-estados-y-municipios-unen-fuerzas-para-garantizar-el-acceso-a-este-recurso-basico\/#primaryimage\"},\"thumbnailUrl\":\"https:\/\/www.nexoinformativo.mx\/wp-content\/uploads\/2025\/01\/IMG_9337.jpg\",\"datePublished\":\"2025-01-17T14:00:19+00:00\",\"dateModified\":\"2025-01-17T16:44:10+00:00\",\"description\":\"Alianza por el agua gobierno, estados y municipios unen fuerzas para garantizar el acceso a este recurso b\u00e1sico\",\"breadcrumb\":{\"@id\":\"https:\/\/www.nexoinformativo.mx\/index.php\/2025\/01\/17\/alianza-por-el-agua-gobierno-estados-y-municipios-unen-fuerzas-para-garantizar-el-acceso-a-este-recurso-basico\/#breadcrumb\"},\"inLanguage\":\"es\",\"potentialAction\":[{\"@type\":\"ReadAction\",\"target\":[\"https:\/\/www.nexoinformativo.mx\/index.php\/2025\/01\/17\/alianza-por-el-agua-gobierno-estados-y-municipios-unen-fuerzas-para-garantizar-el-acceso-a-este-recurso-basico\/\"]}]},{\"@type\":\"ImageObject\",\"inLanguage\":\"es\",\"@id\":\"https:\/\/www.nexoinformativo.mx\/index.php\/2025\/01\/17\/alianza-por-el-agua-gobierno-estados-y-municipios-unen-fuerzas-para-garantizar-el-acceso-a-este-recurso-basico\/#primaryimage\",\"url\":\"https:\/\/www.nexoinformativo.mx\/wp-content\/uploads\/2025\/01\/IMG_9337.jpg\",\"contentUrl\":\"https:\/\/www.nexoinformativo.mx\/wp-content\/uploads\/2025\/01\/IMG_9337.jpg\",\"width\":650,\"height\":380},{\"@type\":\"BreadcrumbList\",\"@id\":\"https:\/\/www.nexoinformativo.mx\/index.php\/2025\/01\/17\/alianza-por-el-agua-gobierno-estados-y-municipios-unen-fuerzas-para-garantizar-el-acceso-a-este-recurso-basico\/#breadcrumb\",\"itemListElement\":[{\"@type\":\"ListItem\",\"position\":1,\"name\":\"Inicio\",\"item\":\"https:\/\/www.nexoinformativo.mx\/\"},{\"@type\":\"ListItem\",\"position\":2,\"name\":\"Alianza por el agua gobierno, estados y municipios unen fuerzas para garantizar el acceso a este recurso b\u00e1sico\"}]},{\"@type\":\"WebSite\",\"@id\":\"https:\/\/www.nexoinformativo.mx\/#website\",\"url\":\"https:\/\/www.nexoinformativo.mx\/\",\"name\":\"Nexo Informativo Santiago de Quer\u00e9taro\",\"description\":\"Explora NexoInformativo y convi\u00e9rtete en parte de una comunidad que valora el conocimiento y la verdad. Tu nexoinformativo es tu puente hacia una comprensi\u00f3n m\u00e1s profunda del mundo que te rodea.\",\"publisher\":{\"@id\":\"https:\/\/www.nexoinformativo.mx\/#organization\"},\"potentialAction\":[{\"@type\":\"SearchAction\",\"target\":{\"@type\":\"EntryPoint\",\"urlTemplate\":\"https:\/\/www.nexoinformativo.mx\/?s={search_term_string}\"},\"query-input\":{\"@type\":\"PropertyValueSpecification\",\"valueRequired\":true,\"valueName\":\"search_term_string\"}}],\"inLanguage\":\"es\"},{\"@type\":\"Organization\",\"@id\":\"https:\/\/www.nexoinformativo.mx\/#organization\",\"name\":\"Nexo Informativo Santiago de Quer\u00e9taro\",\"url\":\"https:\/\/www.nexoinformativo.mx\/\",\"logo\":{\"@type\":\"ImageObject\",\"inLanguage\":\"es\",\"@id\":\"https:\/\/www.nexoinformativo.mx\/#\/schema\/logo\/image\/\",\"url\":\"https:\/\/www.nexoinformativo.mx\/wp-content\/uploads\/2024\/07\/nexoi-trasparente-2.png\",\"contentUrl\":\"https:\/\/www.nexoinformativo.mx\/wp-content\/uploads\/2024\/07\/nexoi-trasparente-2.png\",\"width\":816,\"height\":339,\"caption\":\"Nexo Informativo Santiago de Quer\u00e9taro\"},\"image\":{\"@id\":\"https:\/\/www.nexoinformativo.mx\/#\/schema\/logo\/image\/\"},\"sameAs\":[\"https:\/\/www.facebook.com\/people\/Nexo-Informativo\/61564066885511\/\"]},{\"@type\":\"Person\",\"@id\":\"https:\/\/www.nexoinformativo.mx\/#\/schema\/person\/7749d380ba08c8ca00d7bc76fd907b7d\",\"name\":\"Nexo Informativo\",\"image\":{\"@type\":\"ImageObject\",\"inLanguage\":\"es\",\"@id\":\"https:\/\/www.nexoinformativo.mx\/#\/schema\/person\/image\/\",\"url\":\"https:\/\/secure.gravatar.com\/avatar\/dde2928154642a13d95f87ddf1ea9718fe2b46760a005c53e41ff5ad610704e6?s=96&d=mm&r=g\",\"contentUrl\":\"https:\/\/secure.gravatar.com\/avatar\/dde2928154642a13d95f87ddf1ea9718fe2b46760a005c53e41ff5ad610704e6?s=96&d=mm&r=g\",\"caption\":\"Nexo Informativo\"},\"url\":\"https:\/\/www.nexoinformativo.mx\/index.php\/author\/edicion\/\"}]}<\/script>\n<!-- \/ Yoast SEO plugin. -->","yoast_head_json":{"title":"Alianza por el agua gobierno, estados y municipios unen fuerzas para garantizar el acceso a este recurso b\u00e1sico | Nexo Informativo Santiago de Quer\u00e9taro","description":"Alianza por el agua gobierno, estados y municipios unen fuerzas para garantizar el acceso a este recurso b\u00e1sico","robots":{"index":"index","follow":"follow","max-snippet":"max-snippet:-1","max-image-preview":"max-image-preview:large","max-video-preview":"max-video-preview:-1"},"canonical":"https:\/\/www.nexoinformativo.mx\/index.php\/2025\/01\/17\/alianza-por-el-agua-gobierno-estados-y-municipios-unen-fuerzas-para-garantizar-el-acceso-a-este-recurso-basico\/","og_locale":"es_MX","og_type":"article","og_title":"Alianza por el agua gobierno, estados y municipios unen fuerzas para garantizar el acceso a este recurso b\u00e1sico | Nexo Informativo Santiago de Quer\u00e9taro","og_description":"Alianza por el agua gobierno, estados y municipios unen fuerzas para garantizar el acceso a este recurso b\u00e1sico","og_url":"https:\/\/www.nexoinformativo.mx\/index.php\/2025\/01\/17\/alianza-por-el-agua-gobierno-estados-y-municipios-unen-fuerzas-para-garantizar-el-acceso-a-este-recurso-basico\/","og_site_name":"Nexo Informativo Santiago de Quer\u00e9taro","article_publisher":"https:\/\/www.facebook.com\/people\/Nexo-Informativo\/61564066885511\/","article_published_time":"2025-01-17T14:00:19+00:00","article_modified_time":"2025-01-17T16:44:10+00:00","og_image":[{"width":650,"height":380,"url":"https:\/\/www.nexoinformativo.mx\/wp-content\/uploads\/2025\/01\/IMG_9337.jpg","type":"image\/jpeg"}],"author":"Nexo Informativo","twitter_card":"summary_large_image","twitter_misc":{"Escrito por":"Nexo Informativo","Tiempo de lectura":"2 minutos"},"schema":{"@context":"https:\/\/schema.org","@graph":[{"@type":"Article","@id":"https:\/\/www.nexoinformativo.mx\/index.php\/2025\/01\/17\/alianza-por-el-agua-gobierno-estados-y-municipios-unen-fuerzas-para-garantizar-el-acceso-a-este-recurso-basico\/#article","isPartOf":{"@id":"https:\/\/www.nexoinformativo.mx\/index.php\/2025\/01\/17\/alianza-por-el-agua-gobierno-estados-y-municipios-unen-fuerzas-para-garantizar-el-acceso-a-este-recurso-basico\/"},"author":{"name":"Nexo Informativo","@id":"https:\/\/www.nexoinformativo.mx\/#\/schema\/person\/7749d380ba08c8ca00d7bc76fd907b7d"},"headline":"Alianza por el agua gobierno, estados y municipios unen fuerzas para garantizar el acceso a este recurso b\u00e1sico","datePublished":"2025-01-17T14:00:19+00:00","dateModified":"2025-01-17T16:44:10+00:00","mainEntityOfPage":{"@id":"https:\/\/www.nexoinformativo.mx\/index.php\/2025\/01\/17\/alianza-por-el-agua-gobierno-estados-y-municipios-unen-fuerzas-para-garantizar-el-acceso-a-este-recurso-basico\/"},"wordCount":303,"commentCount":0,"publisher":{"@id":"https:\/\/www.nexoinformativo.mx\/#organization"},"image":{"@id":"https:\/\/www.nexoinformativo.mx\/index.php\/2025\/01\/17\/alianza-por-el-agua-gobierno-estados-y-municipios-unen-fuerzas-para-garantizar-el-acceso-a-este-recurso-basico\/#primaryimage"},"thumbnailUrl":"https:\/\/www.nexoinformativo.mx\/wp-content\/uploads\/2025\/01\/IMG_9337.jpg","keywords":["AguaParaM\u00e9xico","InfraestructuraH\u00eddrica","PlanMaestro","Sustentabilidad"],"articleSection":["Nacional","\u00daltima Hora"],"inLanguage":"es","potentialAction":[{"@type":"CommentAction","name":"Comment","target":["https:\/\/www.nexoinformativo.mx\/index.php\/2025\/01\/17\/alianza-por-el-agua-gobierno-estados-y-municipios-unen-fuerzas-para-garantizar-el-acceso-a-este-recurso-basico\/#respond"]}]},{"@type":"WebPage","@id":"https:\/\/www.nexoinformativo.mx\/index.php\/2025\/01\/17\/alianza-por-el-agua-gobierno-estados-y-municipios-unen-fuerzas-para-garantizar-el-acceso-a-este-recurso-basico\/","url":"https:\/\/www.nexoinformativo.mx\/index.php\/2025\/01\/17\/alianza-por-el-agua-gobierno-estados-y-municipios-unen-fuerzas-para-garantizar-el-acceso-a-este-recurso-basico\/","name":"Alianza por el agua gobierno, estados y municipios unen fuerzas para garantizar el acceso a este recurso b\u00e1sico | Nexo Informativo Santiago de Quer\u00e9taro","isPartOf":{"@id":"https:\/\/www.nexoinformativo.mx\/#website"},"primaryImageOfPage":{"@id":"https:\/\/www.nexoinformativo.mx\/index.php\/2025\/01\/17\/alianza-por-el-agua-gobierno-estados-y-municipios-unen-fuerzas-para-garantizar-el-acceso-a-este-recurso-basico\/#primaryimage"},"image":{"@id":"https:\/\/www.nexoinformativo.mx\/index.php\/2025\/01\/17\/alianza-por-el-agua-gobierno-estados-y-municipios-unen-fuerzas-para-garantizar-el-acceso-a-este-recurso-basico\/#primaryimage"},"thumbnailUrl":"https:\/\/www.nexoinformativo.mx\/wp-content\/uploads\/2025\/01\/IMG_9337.jpg","datePublished":"2025-01-17T14:00:19+00:00","dateModified":"2025-01-17T16:44:10+00:00","description":"Alianza por el agua gobierno, estados y municipios unen fuerzas para garantizar el acceso a este recurso b\u00e1sico","breadcrumb":{"@id":"https:\/\/www.nexoinformativo.mx\/index.php\/2025\/01\/17\/alianza-por-el-agua-gobierno-estados-y-municipios-unen-fuerzas-para-garantizar-el-acceso-a-este-recurso-basico\/#breadcrumb"},"inLanguage":"es","potentialAction":[{"@type":"ReadAction","target":["https:\/\/www.nexoinformativo.mx\/index.php\/2025\/01\/17\/alianza-por-el-agua-gobierno-estados-y-municipios-unen-fuerzas-para-garantizar-el-acceso-a-este-recurso-basico\/"]}]},{"@type":"ImageObject","inLanguage":"es","@id":"https:\/\/www.nexoinformativo.mx\/index.php\/2025\/01\/17\/alianza-por-el-agua-gobierno-estados-y-municipios-unen-fuerzas-para-garantizar-el-acceso-a-este-recurso-basico\/#primaryimage","url":"https:\/\/www.nexoinformativo.mx\/wp-content\/uploads\/2025\/01\/IMG_9337.jpg","contentUrl":"https:\/\/www.nexoinformativo.mx\/wp-content\/uploads\/2025\/01\/IMG_9337.jpg","width":650,"height":380},{"@type":"BreadcrumbList","@id":"https:\/\/www.nexoinformativo.mx\/index.php\/2025\/01\/17\/alianza-por-el-agua-gobierno-estados-y-municipios-unen-fuerzas-para-garantizar-el-acceso-a-este-recurso-basico\/#breadcrumb","itemListElement":[{"@type":"ListItem","position":1,"name":"Inicio","item":"https:\/\/www.nexoinformativo.mx\/"},{"@type":"ListItem","position":2,"name":"Alianza por el agua gobierno, estados y municipios unen fuerzas para garantizar el acceso a este recurso b\u00e1sico"}]},{"@type":"WebSite","@id":"https:\/\/www.nexoinformativo.mx\/#website","url":"https:\/\/www.nexoinformativo.mx\/","name":"Nexo Informativo Santiago de Quer\u00e9taro","description":"Explora NexoInformativo y convi\u00e9rtete en parte de una comunidad que valora el conocimiento y la verdad. Tu nexoinformativo es tu puente hacia una comprensi\u00f3n m\u00e1s profunda del mundo que te rodea.","publisher":{"@id":"https:\/\/www.nexoinformativo.mx\/#organization"},"potentialAction":[{"@type":"SearchAction","target":{"@type":"EntryPoint","urlTemplate":"https:\/\/www.nexoinformativo.mx\/?s={search_term_string}"},"query-input":{"@type":"PropertyValueSpecification","valueRequired":true,"valueName":"search_term_string"}}],"inLanguage":"es"},{"@type":"Organization","@id":"https:\/\/www.nexoinformativo.mx\/#organization","name":"Nexo Informativo Santiago de Quer\u00e9taro","url":"https:\/\/www.nexoinformativo.mx\/","logo":{"@type":"ImageObject","inLanguage":"es","@id":"https:\/\/www.nexoinformativo.mx\/#\/schema\/logo\/image\/","url":"https:\/\/www.nexoinformativo.mx\/wp-content\/uploads\/2024\/07\/nexoi-trasparente-2.png","contentUrl":"https:\/\/www.nexoinformativo.mx\/wp-content\/uploads\/2024\/07\/nexoi-trasparente-2.png","width":816,"height":339,"caption":"Nexo Informativo Santiago de Quer\u00e9taro"},"image":{"@id":"https:\/\/www.nexoinformativo.mx\/#\/schema\/logo\/image\/"},"sameAs":["https:\/\/www.facebook.com\/people\/Nexo-Informativo\/61564066885511\/"]},{"@type":"Person","@id":"https:\/\/www.nexoinformativo.mx\/#\/schema\/person\/7749d380ba08c8ca00d7bc76fd907b7d","name":"Nexo Informativo","image":{"@type":"ImageObject","inLanguage":"es","@id":"https:\/\/www.nexoinformativo.mx\/#\/schema\/person\/image\/","url":"https:\/\/secure.gravatar.com\/avatar\/dde2928154642a13d95f87ddf1ea9718fe2b46760a005c53e41ff5ad610704e6?s=96&d=mm&r=g","contentUrl":"https:\/\/secure.gravatar.com\/avatar\/dde2928154642a13d95f87ddf1ea9718fe2b46760a005c53e41ff5ad610704e6?s=96&d=mm&r=g","caption":"Nexo Informativo"},"url":"https:\/\/www.nexoinformativo.mx\/index.php\/author\/edicion\/"}]}},"_links":{"self":[{"href":"https:\/\/www.nexoinformativo.mx\/index.php\/wp-json\/wp\/v2\/posts\/10102","targetHints":{"allow":["GET"]}}],"collection":[{"href":"https:\/\/www.nexoinformativo.mx\/index.php\/wp-json\/wp\/v2\/posts"}],"about":[{"href":"https:\/\/www.nexoinformativo.mx\/index.php\/wp-json\/wp\/v2\/types\/post"}],"author":[{"embeddable":true,"href":"https:\/\/www.nexoinformativo.mx\/index.php\/wp-json\/wp\/v2\/users\/3"}],"replies":[{"embeddable":true,"href":"https:\/\/www.nexoinformativo.mx\/index.php\/wp-json\/wp\/v2\/comments?post=10102"}],"version-history":[{"count":3,"href":"https:\/\/www.nexoinformativo.mx\/index.php\/wp-json\/wp\/v2\/posts\/10102\/revisions"}],"predecessor-version":[{"id":10106,"href":"https:\/\/www.nexoinformativo.mx\/index.php\/wp-json\/wp\/v2\/posts\/10102\/revisions\/10106"}],"wp:featuredmedia":[{"embeddable":true,"href":"https:\/\/www.nexoinformativo.mx\/index.php\/wp-json\/wp\/v2\/media\/10103"}],"wp:attachment":[{"href":"https:\/\/www.nexoinformativo.mx\/index.php\/wp-json\/wp\/v2\/media?parent=10102"}],"wp:term":[{"taxonomy":"category","embeddable":true,"href":"https:\/\/www.nexoinformativo.mx\/index.php\/wp-json\/wp\/v2\/categories?post=10102"},{"taxonomy":"post_tag","embeddable":true,"href":"https:\/\/www.nexoinformativo.mx\/index.php\/wp-json\/wp\/v2\/tags?post=10102"}],"curies":[{"name":"wp","href":"https:\/\/api.w.org\/{rel}","templated":true}]}}