{"id":10113,"date":"2025-01-17T09:00:08","date_gmt":"2025-01-17T15:00:08","guid":{"rendered":"https:\/\/www.nexoinformativo.mx\/?p=10113"},"modified":"2025-01-17T11:06:18","modified_gmt":"2025-01-17T17:06:18","slug":"anuncia-sict-plan-nacional-de-infraestructura-carretera-por-150-mmdp","status":"publish","type":"post","link":"https:\/\/www.nexoinformativo.mx\/index.php\/2025\/01\/17\/anuncia-sict-plan-nacional-de-infraestructura-carretera-por-150-mmdp\/","title":{"rendered":"Anuncia SICT Plan Nacional de Infraestructura Carretera por 150 mmdp"},"content":{"rendered":"<p style=\"text-align: justify;\">El Gobierno de M\u00e9xico destinar\u00e1 un presupuesto cercano a los 150 mil millones de pesos para el Plan Nacional de Infraestructura Carretera durante la presente administraci\u00f3n, inform\u00f3 el secretario de Infraestructura, Comunicaciones y Transportes (SICT), Jes\u00fas Antonio Esteva Medina.<\/p>\n<\/p>\n<p>&nbsp;<\/p>\n<p style=\"text-align: justify;\">En 2025, se invertir\u00e1n 35 mil millones de pesos en la construcci\u00f3n de 263 kil\u00f3metros, abarcando 9 ejes prioritarios que complementan, interconectan y modernizan la red carretera del pa\u00eds.<\/p>\n<\/p>\n<p>&nbsp;<\/p>\n<p style=\"text-align: justify;\">Entre las obras que se concluir\u00e1n este a\u00f1o se encuentran el tramo carretero Real del Monte-Huasca en Hidalgo, el Puente Vehicular Nichupt\u00e9, y San Ignacio-Tayoltita.<\/p>\n<\/p>\n<p>&nbsp;<\/p>\n<p style=\"text-align: justify;\">Adem\u00e1s, se realizar\u00e1n 9 puentes vehiculares en diversas entidades, incluyendo Baja California Sur, Ciudad de M\u00e9xico, Colima, Morelos, Nayarit, Jalisco, Sinaloa, Tlaxcala y Veracruz.<\/p>\n<\/p>\n<p>&nbsp;<\/p>\n<p style=\"text-align: justify;\">Los 9 ejes prioritarios con una inversi\u00f3n de 11,933 millones de pesos incluyen la carretera Cuautla-Tlapa-Marquelia, Pachuca-Huejutla-Tamazunchale, Bavispe-Nuevos Casas Grandes, Circuito Tierra y Libertad, Toluca-Zihuatanejo, Salina Cruz-Zihuatanejo y Macuspana-Esc\u00e1rcega.<\/p>\n<\/p>\n<p>&nbsp;<\/p>\n<p style=\"text-align: justify;\">Esteva Medina destac\u00f3 que estas inversiones no solo mejorar\u00e1n la infraestructura carretera, sino que tambi\u00e9n tendr\u00e1n un efecto positivo en la econom\u00eda y la vida de las comunidades locales, impulsando el desarrollo y la conectividad en todo el pa\u00eds.<\/p>\n<\/p>\n<p>&nbsp;<\/p>\n<p style=\"text-align: center;\"><em><strong>\u00a1Informaci\u00f3n que transforma!<\/strong><\/em><\/p>\n","protected":false},"excerpt":{"rendered":"<p>El Gobierno de M\u00e9xico destinar\u00e1 un presupuesto cercano a los 150 mil millones de pesos para el Plan Nacional de Infraestructura Carretera durante la presente administraci\u00f3n, inform\u00f3 el secretario de Infraestructura, Comunicaciones y Transportes (SICT), Jes\u00fas Antonio Esteva Medina.<\/p>\n","protected":false},"author":3,"featured_media":10115,"comment_status":"open","ping_status":"open","sticky":false,"template":"","format":"standard","meta":{"footnotes":""},"categories":[88,58],"tags":[2345,3146,1610,1608],"class_list":["post-10113","post","type-post","status-publish","format-standard","has-post-thumbnail","hentry","category-nacional","category-ultima-hora","tag-desarrollo","tag-infraestructuracarretera","tag-mexico","tag-sict"],"yoast_head":"<!-- This site is optimized with the Yoast SEO plugin v25.0 - https:\/\/yoast.com\/wordpress\/plugins\/seo\/ -->\n<title>Anuncia SICT Plan Nacional de Infraestructura Carretera por 150 mmdp | Nexo Informativo Santiago de Quer\u00e9taro<\/title>\n<meta name=\"description\" content=\"Anuncia SICT Plan Nacional de Infraestructura Carretera por 150 mmdp\" \/>\n<meta name=\"robots\" content=\"index, follow, max-snippet:-1, max-image-preview:large, max-video-preview:-1\" \/>\n<link rel=\"canonical\" href=\"https:\/\/www.nexoinformativo.mx\/index.php\/2025\/01\/17\/anuncia-sict-plan-nacional-de-infraestructura-carretera-por-150-mmdp\/\" \/>\n<meta property=\"og:locale\" content=\"es_MX\" \/>\n<meta property=\"og:type\" content=\"article\" \/>\n<meta property=\"og:title\" content=\"Anuncia SICT Plan Nacional de Infraestructura Carretera por 150 mmdp | Nexo Informativo Santiago de Quer\u00e9taro\" \/>\n<meta property=\"og:description\" content=\"Anuncia SICT Plan Nacional de Infraestructura Carretera por 150 mmdp\" \/>\n<meta property=\"og:url\" content=\"https:\/\/www.nexoinformativo.mx\/index.php\/2025\/01\/17\/anuncia-sict-plan-nacional-de-infraestructura-carretera-por-150-mmdp\/\" \/>\n<meta property=\"og:site_name\" content=\"Nexo Informativo Santiago de Quer\u00e9taro\" \/>\n<meta property=\"article:publisher\" content=\"https:\/\/www.facebook.com\/people\/Nexo-Informativo\/61564066885511\/\" \/>\n<meta property=\"article:published_time\" content=\"2025-01-17T15:00:08+00:00\" \/>\n<meta property=\"article:modified_time\" content=\"2025-01-17T17:06:18+00:00\" \/>\n<meta property=\"og:image\" content=\"https:\/\/www.nexoinformativo.mx\/wp-content\/uploads\/2025\/01\/IMG_9341-e1737133546802.jpg\" \/>\n\t<meta property=\"og:image:width\" content=\"800\" \/>\n\t<meta property=\"og:image:height\" content=\"533\" \/>\n\t<meta property=\"og:image:type\" content=\"image\/jpeg\" \/>\n<meta name=\"author\" content=\"Nexo Informativo\" \/>\n<meta name=\"twitter:card\" content=\"summary_large_image\" \/>\n<meta name=\"twitter:label1\" content=\"Escrito por\" \/>\n\t<meta name=\"twitter:data1\" content=\"Nexo Informativo\" \/>\n\t<meta name=\"twitter:label2\" content=\"Tiempo de lectura\" \/>\n\t<meta name=\"twitter:data2\" content=\"2 minutos\" \/>\n<script type=\"application\/ld+json\" class=\"yoast-schema-graph\">{\"@context\":\"https:\/\/schema.org\",\"@graph\":[{\"@type\":\"Article\",\"@id\":\"https:\/\/www.nexoinformativo.mx\/index.php\/2025\/01\/17\/anuncia-sict-plan-nacional-de-infraestructura-carretera-por-150-mmdp\/#article\",\"isPartOf\":{\"@id\":\"https:\/\/www.nexoinformativo.mx\/index.php\/2025\/01\/17\/anuncia-sict-plan-nacional-de-infraestructura-carretera-por-150-mmdp\/\"},\"author\":{\"name\":\"Nexo Informativo\",\"@id\":\"https:\/\/www.nexoinformativo.mx\/#\/schema\/person\/7749d380ba08c8ca00d7bc76fd907b7d\"},\"headline\":\"Anuncia SICT Plan Nacional de Infraestructura Carretera por 150 mmdp\",\"datePublished\":\"2025-01-17T15:00:08+00:00\",\"dateModified\":\"2025-01-17T17:06:18+00:00\",\"mainEntityOfPage\":{\"@id\":\"https:\/\/www.nexoinformativo.mx\/index.php\/2025\/01\/17\/anuncia-sict-plan-nacional-de-infraestructura-carretera-por-150-mmdp\/\"},\"wordCount\":215,\"commentCount\":0,\"publisher\":{\"@id\":\"https:\/\/www.nexoinformativo.mx\/#organization\"},\"image\":{\"@id\":\"https:\/\/www.nexoinformativo.mx\/index.php\/2025\/01\/17\/anuncia-sict-plan-nacional-de-infraestructura-carretera-por-150-mmdp\/#primaryimage\"},\"thumbnailUrl\":\"https:\/\/www.nexoinformativo.mx\/wp-content\/uploads\/2025\/01\/IMG_9341-e1737133546802.jpg\",\"keywords\":[\"Desarrollo\",\"InfraestructuraCarretera\",\"M\u00e9xico\",\"SICT\"],\"articleSection\":[\"Nacional\",\"\u00daltima Hora\"],\"inLanguage\":\"es\",\"potentialAction\":[{\"@type\":\"CommentAction\",\"name\":\"Comment\",\"target\":[\"https:\/\/www.nexoinformativo.mx\/index.php\/2025\/01\/17\/anuncia-sict-plan-nacional-de-infraestructura-carretera-por-150-mmdp\/#respond\"]}]},{\"@type\":\"WebPage\",\"@id\":\"https:\/\/www.nexoinformativo.mx\/index.php\/2025\/01\/17\/anuncia-sict-plan-nacional-de-infraestructura-carretera-por-150-mmdp\/\",\"url\":\"https:\/\/www.nexoinformativo.mx\/index.php\/2025\/01\/17\/anuncia-sict-plan-nacional-de-infraestructura-carretera-por-150-mmdp\/\",\"name\":\"Anuncia SICT Plan Nacional de Infraestructura Carretera por 150 mmdp | Nexo Informativo Santiago de Quer\u00e9taro\",\"isPartOf\":{\"@id\":\"https:\/\/www.nexoinformativo.mx\/#website\"},\"primaryImageOfPage\":{\"@id\":\"https:\/\/www.nexoinformativo.mx\/index.php\/2025\/01\/17\/anuncia-sict-plan-nacional-de-infraestructura-carretera-por-150-mmdp\/#primaryimage\"},\"image\":{\"@id\":\"https:\/\/www.nexoinformativo.mx\/index.php\/2025\/01\/17\/anuncia-sict-plan-nacional-de-infraestructura-carretera-por-150-mmdp\/#primaryimage\"},\"thumbnailUrl\":\"https:\/\/www.nexoinformativo.mx\/wp-content\/uploads\/2025\/01\/IMG_9341-e1737133546802.jpg\",\"datePublished\":\"2025-01-17T15:00:08+00:00\",\"dateModified\":\"2025-01-17T17:06:18+00:00\",\"description\":\"Anuncia SICT Plan Nacional de Infraestructura Carretera por 150 mmdp\",\"breadcrumb\":{\"@id\":\"https:\/\/www.nexoinformativo.mx\/index.php\/2025\/01\/17\/anuncia-sict-plan-nacional-de-infraestructura-carretera-por-150-mmdp\/#breadcrumb\"},\"inLanguage\":\"es\",\"potentialAction\":[{\"@type\":\"ReadAction\",\"target\":[\"https:\/\/www.nexoinformativo.mx\/index.php\/2025\/01\/17\/anuncia-sict-plan-nacional-de-infraestructura-carretera-por-150-mmdp\/\"]}]},{\"@type\":\"ImageObject\",\"inLanguage\":\"es\",\"@id\":\"https:\/\/www.nexoinformativo.mx\/index.php\/2025\/01\/17\/anuncia-sict-plan-nacional-de-infraestructura-carretera-por-150-mmdp\/#primaryimage\",\"url\":\"https:\/\/www.nexoinformativo.mx\/wp-content\/uploads\/2025\/01\/IMG_9341-e1737133546802.jpg\",\"contentUrl\":\"https:\/\/www.nexoinformativo.mx\/wp-content\/uploads\/2025\/01\/IMG_9341-e1737133546802.jpg\",\"width\":800,\"height\":533},{\"@type\":\"BreadcrumbList\",\"@id\":\"https:\/\/www.nexoinformativo.mx\/index.php\/2025\/01\/17\/anuncia-sict-plan-nacional-de-infraestructura-carretera-por-150-mmdp\/#breadcrumb\",\"itemListElement\":[{\"@type\":\"ListItem\",\"position\":1,\"name\":\"Inicio\",\"item\":\"https:\/\/www.nexoinformativo.mx\/\"},{\"@type\":\"ListItem\",\"position\":2,\"name\":\"Anuncia SICT Plan Nacional de Infraestructura Carretera por 150 mmdp\"}]},{\"@type\":\"WebSite\",\"@id\":\"https:\/\/www.nexoinformativo.mx\/#website\",\"url\":\"https:\/\/www.nexoinformativo.mx\/\",\"name\":\"Nexo Informativo Santiago de Quer\u00e9taro\",\"description\":\"Explora NexoInformativo y convi\u00e9rtete en parte de una comunidad que valora el conocimiento y la verdad. Tu nexoinformativo es tu puente hacia una comprensi\u00f3n m\u00e1s profunda del mundo que te rodea.\",\"publisher\":{\"@id\":\"https:\/\/www.nexoinformativo.mx\/#organization\"},\"potentialAction\":[{\"@type\":\"SearchAction\",\"target\":{\"@type\":\"EntryPoint\",\"urlTemplate\":\"https:\/\/www.nexoinformativo.mx\/?s={search_term_string}\"},\"query-input\":{\"@type\":\"PropertyValueSpecification\",\"valueRequired\":true,\"valueName\":\"search_term_string\"}}],\"inLanguage\":\"es\"},{\"@type\":\"Organization\",\"@id\":\"https:\/\/www.nexoinformativo.mx\/#organization\",\"name\":\"Nexo Informativo Santiago de Quer\u00e9taro\",\"url\":\"https:\/\/www.nexoinformativo.mx\/\",\"logo\":{\"@type\":\"ImageObject\",\"inLanguage\":\"es\",\"@id\":\"https:\/\/www.nexoinformativo.mx\/#\/schema\/logo\/image\/\",\"url\":\"https:\/\/www.nexoinformativo.mx\/wp-content\/uploads\/2024\/07\/nexoi-trasparente-2.png\",\"contentUrl\":\"https:\/\/www.nexoinformativo.mx\/wp-content\/uploads\/2024\/07\/nexoi-trasparente-2.png\",\"width\":816,\"height\":339,\"caption\":\"Nexo Informativo Santiago de Quer\u00e9taro\"},\"image\":{\"@id\":\"https:\/\/www.nexoinformativo.mx\/#\/schema\/logo\/image\/\"},\"sameAs\":[\"https:\/\/www.facebook.com\/people\/Nexo-Informativo\/61564066885511\/\"]},{\"@type\":\"Person\",\"@id\":\"https:\/\/www.nexoinformativo.mx\/#\/schema\/person\/7749d380ba08c8ca00d7bc76fd907b7d\",\"name\":\"Nexo Informativo\",\"image\":{\"@type\":\"ImageObject\",\"inLanguage\":\"es\",\"@id\":\"https:\/\/www.nexoinformativo.mx\/#\/schema\/person\/image\/\",\"url\":\"https:\/\/secure.gravatar.com\/avatar\/dde2928154642a13d95f87ddf1ea9718fe2b46760a005c53e41ff5ad610704e6?s=96&d=mm&r=g\",\"contentUrl\":\"https:\/\/secure.gravatar.com\/avatar\/dde2928154642a13d95f87ddf1ea9718fe2b46760a005c53e41ff5ad610704e6?s=96&d=mm&r=g\",\"caption\":\"Nexo Informativo\"},\"url\":\"https:\/\/www.nexoinformativo.mx\/index.php\/author\/edicion\/\"}]}<\/script>\n<!-- \/ Yoast SEO plugin. -->","yoast_head_json":{"title":"Anuncia SICT Plan Nacional de Infraestructura Carretera por 150 mmdp | Nexo Informativo Santiago de Quer\u00e9taro","description":"Anuncia SICT Plan Nacional de Infraestructura Carretera por 150 mmdp","robots":{"index":"index","follow":"follow","max-snippet":"max-snippet:-1","max-image-preview":"max-image-preview:large","max-video-preview":"max-video-preview:-1"},"canonical":"https:\/\/www.nexoinformativo.mx\/index.php\/2025\/01\/17\/anuncia-sict-plan-nacional-de-infraestructura-carretera-por-150-mmdp\/","og_locale":"es_MX","og_type":"article","og_title":"Anuncia SICT Plan Nacional de Infraestructura Carretera por 150 mmdp | Nexo Informativo Santiago de Quer\u00e9taro","og_description":"Anuncia SICT Plan Nacional de Infraestructura Carretera por 150 mmdp","og_url":"https:\/\/www.nexoinformativo.mx\/index.php\/2025\/01\/17\/anuncia-sict-plan-nacional-de-infraestructura-carretera-por-150-mmdp\/","og_site_name":"Nexo Informativo Santiago de Quer\u00e9taro","article_publisher":"https:\/\/www.facebook.com\/people\/Nexo-Informativo\/61564066885511\/","article_published_time":"2025-01-17T15:00:08+00:00","article_modified_time":"2025-01-17T17:06:18+00:00","og_image":[{"width":800,"height":533,"url":"https:\/\/www.nexoinformativo.mx\/wp-content\/uploads\/2025\/01\/IMG_9341-e1737133546802.jpg","type":"image\/jpeg"}],"author":"Nexo Informativo","twitter_card":"summary_large_image","twitter_misc":{"Escrito por":"Nexo Informativo","Tiempo de lectura":"2 minutos"},"schema":{"@context":"https:\/\/schema.org","@graph":[{"@type":"Article","@id":"https:\/\/www.nexoinformativo.mx\/index.php\/2025\/01\/17\/anuncia-sict-plan-nacional-de-infraestructura-carretera-por-150-mmdp\/#article","isPartOf":{"@id":"https:\/\/www.nexoinformativo.mx\/index.php\/2025\/01\/17\/anuncia-sict-plan-nacional-de-infraestructura-carretera-por-150-mmdp\/"},"author":{"name":"Nexo Informativo","@id":"https:\/\/www.nexoinformativo.mx\/#\/schema\/person\/7749d380ba08c8ca00d7bc76fd907b7d"},"headline":"Anuncia SICT Plan Nacional de Infraestructura Carretera por 150 mmdp","datePublished":"2025-01-17T15:00:08+00:00","dateModified":"2025-01-17T17:06:18+00:00","mainEntityOfPage":{"@id":"https:\/\/www.nexoinformativo.mx\/index.php\/2025\/01\/17\/anuncia-sict-plan-nacional-de-infraestructura-carretera-por-150-mmdp\/"},"wordCount":215,"commentCount":0,"publisher":{"@id":"https:\/\/www.nexoinformativo.mx\/#organization"},"image":{"@id":"https:\/\/www.nexoinformativo.mx\/index.php\/2025\/01\/17\/anuncia-sict-plan-nacional-de-infraestructura-carretera-por-150-mmdp\/#primaryimage"},"thumbnailUrl":"https:\/\/www.nexoinformativo.mx\/wp-content\/uploads\/2025\/01\/IMG_9341-e1737133546802.jpg","keywords":["Desarrollo","InfraestructuraCarretera","M\u00e9xico","SICT"],"articleSection":["Nacional","\u00daltima Hora"],"inLanguage":"es","potentialAction":[{"@type":"CommentAction","name":"Comment","target":["https:\/\/www.nexoinformativo.mx\/index.php\/2025\/01\/17\/anuncia-sict-plan-nacional-de-infraestructura-carretera-por-150-mmdp\/#respond"]}]},{"@type":"WebPage","@id":"https:\/\/www.nexoinformativo.mx\/index.php\/2025\/01\/17\/anuncia-sict-plan-nacional-de-infraestructura-carretera-por-150-mmdp\/","url":"https:\/\/www.nexoinformativo.mx\/index.php\/2025\/01\/17\/anuncia-sict-plan-nacional-de-infraestructura-carretera-por-150-mmdp\/","name":"Anuncia SICT Plan Nacional de Infraestructura Carretera por 150 mmdp | Nexo Informativo Santiago de Quer\u00e9taro","isPartOf":{"@id":"https:\/\/www.nexoinformativo.mx\/#website"},"primaryImageOfPage":{"@id":"https:\/\/www.nexoinformativo.mx\/index.php\/2025\/01\/17\/anuncia-sict-plan-nacional-de-infraestructura-carretera-por-150-mmdp\/#primaryimage"},"image":{"@id":"https:\/\/www.nexoinformativo.mx\/index.php\/2025\/01\/17\/anuncia-sict-plan-nacional-de-infraestructura-carretera-por-150-mmdp\/#primaryimage"},"thumbnailUrl":"https:\/\/www.nexoinformativo.mx\/wp-content\/uploads\/2025\/01\/IMG_9341-e1737133546802.jpg","datePublished":"2025-01-17T15:00:08+00:00","dateModified":"2025-01-17T17:06:18+00:00","description":"Anuncia SICT Plan Nacional de Infraestructura Carretera por 150 mmdp","breadcrumb":{"@id":"https:\/\/www.nexoinformativo.mx\/index.php\/2025\/01\/17\/anuncia-sict-plan-nacional-de-infraestructura-carretera-por-150-mmdp\/#breadcrumb"},"inLanguage":"es","potentialAction":[{"@type":"ReadAction","target":["https:\/\/www.nexoinformativo.mx\/index.php\/2025\/01\/17\/anuncia-sict-plan-nacional-de-infraestructura-carretera-por-150-mmdp\/"]}]},{"@type":"ImageObject","inLanguage":"es","@id":"https:\/\/www.nexoinformativo.mx\/index.php\/2025\/01\/17\/anuncia-sict-plan-nacional-de-infraestructura-carretera-por-150-mmdp\/#primaryimage","url":"https:\/\/www.nexoinformativo.mx\/wp-content\/uploads\/2025\/01\/IMG_9341-e1737133546802.jpg","contentUrl":"https:\/\/www.nexoinformativo.mx\/wp-content\/uploads\/2025\/01\/IMG_9341-e1737133546802.jpg","width":800,"height":533},{"@type":"BreadcrumbList","@id":"https:\/\/www.nexoinformativo.mx\/index.php\/2025\/01\/17\/anuncia-sict-plan-nacional-de-infraestructura-carretera-por-150-mmdp\/#breadcrumb","itemListElement":[{"@type":"ListItem","position":1,"name":"Inicio","item":"https:\/\/www.nexoinformativo.mx\/"},{"@type":"ListItem","position":2,"name":"Anuncia SICT Plan Nacional de Infraestructura Carretera por 150 mmdp"}]},{"@type":"WebSite","@id":"https:\/\/www.nexoinformativo.mx\/#website","url":"https:\/\/www.nexoinformativo.mx\/","name":"Nexo Informativo Santiago de Quer\u00e9taro","description":"Explora NexoInformativo y convi\u00e9rtete en parte de una comunidad que valora el conocimiento y la verdad. Tu nexoinformativo es tu puente hacia una comprensi\u00f3n m\u00e1s profunda del mundo que te rodea.","publisher":{"@id":"https:\/\/www.nexoinformativo.mx\/#organization"},"potentialAction":[{"@type":"SearchAction","target":{"@type":"EntryPoint","urlTemplate":"https:\/\/www.nexoinformativo.mx\/?s={search_term_string}"},"query-input":{"@type":"PropertyValueSpecification","valueRequired":true,"valueName":"search_term_string"}}],"inLanguage":"es"},{"@type":"Organization","@id":"https:\/\/www.nexoinformativo.mx\/#organization","name":"Nexo Informativo Santiago de Quer\u00e9taro","url":"https:\/\/www.nexoinformativo.mx\/","logo":{"@type":"ImageObject","inLanguage":"es","@id":"https:\/\/www.nexoinformativo.mx\/#\/schema\/logo\/image\/","url":"https:\/\/www.nexoinformativo.mx\/wp-content\/uploads\/2024\/07\/nexoi-trasparente-2.png","contentUrl":"https:\/\/www.nexoinformativo.mx\/wp-content\/uploads\/2024\/07\/nexoi-trasparente-2.png","width":816,"height":339,"caption":"Nexo Informativo Santiago de Quer\u00e9taro"},"image":{"@id":"https:\/\/www.nexoinformativo.mx\/#\/schema\/logo\/image\/"},"sameAs":["https:\/\/www.facebook.com\/people\/Nexo-Informativo\/61564066885511\/"]},{"@type":"Person","@id":"https:\/\/www.nexoinformativo.mx\/#\/schema\/person\/7749d380ba08c8ca00d7bc76fd907b7d","name":"Nexo Informativo","image":{"@type":"ImageObject","inLanguage":"es","@id":"https:\/\/www.nexoinformativo.mx\/#\/schema\/person\/image\/","url":"https:\/\/secure.gravatar.com\/avatar\/dde2928154642a13d95f87ddf1ea9718fe2b46760a005c53e41ff5ad610704e6?s=96&d=mm&r=g","contentUrl":"https:\/\/secure.gravatar.com\/avatar\/dde2928154642a13d95f87ddf1ea9718fe2b46760a005c53e41ff5ad610704e6?s=96&d=mm&r=g","caption":"Nexo Informativo"},"url":"https:\/\/www.nexoinformativo.mx\/index.php\/author\/edicion\/"}]}},"_links":{"self":[{"href":"https:\/\/www.nexoinformativo.mx\/index.php\/wp-json\/wp\/v2\/posts\/10113","targetHints":{"allow":["GET"]}}],"collection":[{"href":"https:\/\/www.nexoinformativo.mx\/index.php\/wp-json\/wp\/v2\/posts"}],"about":[{"href":"https:\/\/www.nexoinformativo.mx\/index.php\/wp-json\/wp\/v2\/types\/post"}],"author":[{"embeddable":true,"href":"https:\/\/www.nexoinformativo.mx\/index.php\/wp-json\/wp\/v2\/users\/3"}],"replies":[{"embeddable":true,"href":"https:\/\/www.nexoinformativo.mx\/index.php\/wp-json\/wp\/v2\/comments?post=10113"}],"version-history":[{"count":3,"href":"https:\/\/www.nexoinformativo.mx\/index.php\/wp-json\/wp\/v2\/posts\/10113\/revisions"}],"predecessor-version":[{"id":10117,"href":"https:\/\/www.nexoinformativo.mx\/index.php\/wp-json\/wp\/v2\/posts\/10113\/revisions\/10117"}],"wp:featuredmedia":[{"embeddable":true,"href":"https:\/\/www.nexoinformativo.mx\/index.php\/wp-json\/wp\/v2\/media\/10115"}],"wp:attachment":[{"href":"https:\/\/www.nexoinformativo.mx\/index.php\/wp-json\/wp\/v2\/media?parent=10113"}],"wp:term":[{"taxonomy":"category","embeddable":true,"href":"https:\/\/www.nexoinformativo.mx\/index.php\/wp-json\/wp\/v2\/categories?post=10113"},{"taxonomy":"post_tag","embeddable":true,"href":"https:\/\/www.nexoinformativo.mx\/index.php\/wp-json\/wp\/v2\/tags?post=10113"}],"curies":[{"name":"wp","href":"https:\/\/api.w.org\/{rel}","templated":true}]}}