{"id":10118,"date":"2025-01-17T09:30:30","date_gmt":"2025-01-17T15:30:30","guid":{"rendered":"https:\/\/www.nexoinformativo.mx\/?p=10118"},"modified":"2025-01-17T11:25:04","modified_gmt":"2025-01-17T17:25:04","slug":"nuevo-modelo-de-certificacion-para-mejorar-la-calidad-de-la-atencion-medica-en-mexico","status":"publish","type":"post","link":"https:\/\/www.nexoinformativo.mx\/index.php\/2025\/01\/17\/nuevo-modelo-de-certificacion-para-mejorar-la-calidad-de-la-atencion-medica-en-mexico\/","title":{"rendered":"Nuevo modelo de certificaci\u00f3n para mejorar la calidad de la atenci\u00f3n m\u00e9dica en M\u00e9xico"},"content":{"rendered":"<p style=\"text-align: justify;\" data-sourcepos=\"11:1-11:385\">El Consejo de Salubridad General (CSG) ha dado un paso significativo hacia la mejora de la calidad y seguridad en la atenci\u00f3n m\u00e9dica en M\u00e9xico, al presentar un nuevo modelo de certificaci\u00f3n para establecimientos de salud.<\/p>\n<\/p>\n<p>&nbsp;<\/p>\n<p style=\"text-align: justify;\" data-sourcepos=\"11:1-11:385\">Este modelo, m\u00e1s completo y detallado, busca garantizar que los servicios m\u00e9dicos que recibimos cumplan con los m\u00e1s altos est\u00e1ndares.<\/p>\n<p>&nbsp;<\/p>\n<p style=\"text-align: justify;\" data-sourcepos=\"13:1-13:306\">El nuevo sistema de certificaci\u00f3n clasifica a los establecimientos de atenci\u00f3n m\u00e9dica en nueve categor\u00edas diferentes, como hospitales, cl\u00ednicas de hemodi\u00e1lisis, centros de salud y laboratorios, entre otros. Cada categor\u00eda cuenta con est\u00e1ndares espec\u00edficos que deben cumplirse para obtener la certificaci\u00f3n.<\/p>\n<p>&nbsp;<\/p>\n<p style=\"text-align: justify;\" data-sourcepos=\"15:1-15:259\">Patricia Clark, secretaria del CSG, destac\u00f3 que este plan permitir\u00e1 que m\u00e1s unidades de salud est\u00e9n certificadas, lo que se traducir\u00e1 en una mejor atenci\u00f3n y mayor seguridad para los pacientes. &#8220;Este es un eje fundamental de la actual administraci\u00f3n&#8221;, afirm\u00f3.<\/p>\n<p>&nbsp;<\/p>\n<p style=\"text-align: justify;\" data-sourcepos=\"17:1-17:229\">La doctora Cristina Gonz\u00e1lez de Jes\u00fas explic\u00f3 que el proceso de certificaci\u00f3n implica una evaluaci\u00f3n exhaustiva de los establecimientos, asegurando que cumplan con los requisitos establecidos en los nuevos manuales de est\u00e1ndares.<\/p>\n<p>&nbsp;<\/p>\n<p style=\"text-align: justify;\" data-sourcepos=\"19:1-19:236\">Entre los establecimientos prioritarios para ser evaluados se encuentran las cl\u00ednicas de hemodi\u00e1lisis y los centros de salud de primer nivel. Adem\u00e1s, se realizar\u00e1n pruebas piloto en establecimientos seleccionados para afinar el proceso.<\/p>\n<p>&nbsp;<\/p>\n<p style=\"text-align: justify;\" data-sourcepos=\"21:1-21:190\">Este nuevo modelo de certificaci\u00f3n cuenta con el apoyo de diversas instituciones como la Cofepris y la DGCES, as\u00ed como de asociaciones de hospitales privados, academia, farmacia y pacientes.<\/p>\n<p>&nbsp;<\/p>\n<p style=\"text-align: center;\" data-sourcepos=\"21:1-21:190\"><em><strong>\u00a1Informaci\u00f3n que transforma!<\/strong><\/em><\/p>\n","protected":false},"excerpt":{"rendered":"<p>El Consejo de Salubridad General (CSG) ha dado un paso significativo hacia la mejora de la calidad y seguridad en la atenci\u00f3n m\u00e9dica en M\u00e9xico, al presentar un nuevo modelo de certificaci\u00f3n para establecimientos de salud. Este modelo, m\u00e1s completo y detallado, busca garantizar que los servicios m\u00e9dicos que recibimos cumplan con los m\u00e1s altos est\u00e1ndares.<\/p>\n","protected":false},"author":3,"featured_media":10119,"comment_status":"open","ping_status":"open","sticky":false,"template":"","format":"standard","meta":{"footnotes":""},"categories":[88,58],"tags":[3149,3147,3148,139],"class_list":["post-10118","post","type-post","status-publish","format-standard","has-post-thumbnail","hentry","category-nacional","category-ultima-hora","tag-calidadensalud","tag-certificacionmedica","tag-csg","tag-salud"],"yoast_head":"<!-- This site is optimized with the Yoast SEO plugin v25.0 - https:\/\/yoast.com\/wordpress\/plugins\/seo\/ -->\n<title>Nuevo modelo de certificaci\u00f3n para mejorar la calidad de la atenci\u00f3n m\u00e9dica en M\u00e9xico | Nexo Informativo Santiago de Quer\u00e9taro<\/title>\n<meta name=\"description\" content=\"Nuevo modelo de certificaci\u00f3n para mejorar la calidad de la atenci\u00f3n m\u00e9dica en M\u00e9xico\" \/>\n<meta name=\"robots\" content=\"index, follow, max-snippet:-1, max-image-preview:large, max-video-preview:-1\" \/>\n<link rel=\"canonical\" href=\"https:\/\/www.nexoinformativo.mx\/index.php\/2025\/01\/17\/nuevo-modelo-de-certificacion-para-mejorar-la-calidad-de-la-atencion-medica-en-mexico\/\" \/>\n<meta property=\"og:locale\" content=\"es_MX\" \/>\n<meta property=\"og:type\" content=\"article\" \/>\n<meta property=\"og:title\" content=\"Nuevo modelo de certificaci\u00f3n para mejorar la calidad de la atenci\u00f3n m\u00e9dica en M\u00e9xico | Nexo Informativo Santiago de Quer\u00e9taro\" \/>\n<meta property=\"og:description\" content=\"Nuevo modelo de certificaci\u00f3n para mejorar la calidad de la atenci\u00f3n m\u00e9dica en M\u00e9xico\" \/>\n<meta property=\"og:url\" content=\"https:\/\/www.nexoinformativo.mx\/index.php\/2025\/01\/17\/nuevo-modelo-de-certificacion-para-mejorar-la-calidad-de-la-atencion-medica-en-mexico\/\" \/>\n<meta property=\"og:site_name\" content=\"Nexo Informativo Santiago de Quer\u00e9taro\" \/>\n<meta property=\"article:publisher\" content=\"https:\/\/www.facebook.com\/people\/Nexo-Informativo\/61564066885511\/\" \/>\n<meta property=\"article:published_time\" content=\"2025-01-17T15:30:30+00:00\" \/>\n<meta property=\"article:modified_time\" content=\"2025-01-17T17:25:04+00:00\" \/>\n<meta property=\"og:image\" content=\"https:\/\/www.nexoinformativo.mx\/wp-content\/uploads\/2025\/01\/IMG_9342.jpg\" \/>\n\t<meta property=\"og:image:width\" content=\"650\" \/>\n\t<meta property=\"og:image:height\" content=\"380\" \/>\n\t<meta property=\"og:image:type\" content=\"image\/jpeg\" \/>\n<meta name=\"author\" content=\"Nexo Informativo\" \/>\n<meta name=\"twitter:card\" content=\"summary_large_image\" \/>\n<meta name=\"twitter:label1\" content=\"Escrito por\" \/>\n\t<meta name=\"twitter:data1\" content=\"Nexo Informativo\" \/>\n\t<meta name=\"twitter:label2\" content=\"Tiempo de lectura\" \/>\n\t<meta name=\"twitter:data2\" content=\"2 minutos\" \/>\n<script type=\"application\/ld+json\" class=\"yoast-schema-graph\">{\"@context\":\"https:\/\/schema.org\",\"@graph\":[{\"@type\":\"Article\",\"@id\":\"https:\/\/www.nexoinformativo.mx\/index.php\/2025\/01\/17\/nuevo-modelo-de-certificacion-para-mejorar-la-calidad-de-la-atencion-medica-en-mexico\/#article\",\"isPartOf\":{\"@id\":\"https:\/\/www.nexoinformativo.mx\/index.php\/2025\/01\/17\/nuevo-modelo-de-certificacion-para-mejorar-la-calidad-de-la-atencion-medica-en-mexico\/\"},\"author\":{\"name\":\"Nexo Informativo\",\"@id\":\"https:\/\/www.nexoinformativo.mx\/#\/schema\/person\/7749d380ba08c8ca00d7bc76fd907b7d\"},\"headline\":\"Nuevo modelo de certificaci\u00f3n para mejorar la calidad de la atenci\u00f3n m\u00e9dica en M\u00e9xico\",\"datePublished\":\"2025-01-17T15:30:30+00:00\",\"dateModified\":\"2025-01-17T17:25:04+00:00\",\"mainEntityOfPage\":{\"@id\":\"https:\/\/www.nexoinformativo.mx\/index.php\/2025\/01\/17\/nuevo-modelo-de-certificacion-para-mejorar-la-calidad-de-la-atencion-medica-en-mexico\/\"},\"wordCount\":293,\"commentCount\":0,\"publisher\":{\"@id\":\"https:\/\/www.nexoinformativo.mx\/#organization\"},\"image\":{\"@id\":\"https:\/\/www.nexoinformativo.mx\/index.php\/2025\/01\/17\/nuevo-modelo-de-certificacion-para-mejorar-la-calidad-de-la-atencion-medica-en-mexico\/#primaryimage\"},\"thumbnailUrl\":\"https:\/\/www.nexoinformativo.mx\/wp-content\/uploads\/2025\/01\/IMG_9342.jpg\",\"keywords\":[\"CalidadEnSalud\",\"Certificaci\u00f3nM\u00e9dica\",\"CSG\",\"salud\"],\"articleSection\":[\"Nacional\",\"\u00daltima Hora\"],\"inLanguage\":\"es\",\"potentialAction\":[{\"@type\":\"CommentAction\",\"name\":\"Comment\",\"target\":[\"https:\/\/www.nexoinformativo.mx\/index.php\/2025\/01\/17\/nuevo-modelo-de-certificacion-para-mejorar-la-calidad-de-la-atencion-medica-en-mexico\/#respond\"]}]},{\"@type\":\"WebPage\",\"@id\":\"https:\/\/www.nexoinformativo.mx\/index.php\/2025\/01\/17\/nuevo-modelo-de-certificacion-para-mejorar-la-calidad-de-la-atencion-medica-en-mexico\/\",\"url\":\"https:\/\/www.nexoinformativo.mx\/index.php\/2025\/01\/17\/nuevo-modelo-de-certificacion-para-mejorar-la-calidad-de-la-atencion-medica-en-mexico\/\",\"name\":\"Nuevo modelo de certificaci\u00f3n para mejorar la calidad de la atenci\u00f3n m\u00e9dica en M\u00e9xico | Nexo Informativo Santiago de Quer\u00e9taro\",\"isPartOf\":{\"@id\":\"https:\/\/www.nexoinformativo.mx\/#website\"},\"primaryImageOfPage\":{\"@id\":\"https:\/\/www.nexoinformativo.mx\/index.php\/2025\/01\/17\/nuevo-modelo-de-certificacion-para-mejorar-la-calidad-de-la-atencion-medica-en-mexico\/#primaryimage\"},\"image\":{\"@id\":\"https:\/\/www.nexoinformativo.mx\/index.php\/2025\/01\/17\/nuevo-modelo-de-certificacion-para-mejorar-la-calidad-de-la-atencion-medica-en-mexico\/#primaryimage\"},\"thumbnailUrl\":\"https:\/\/www.nexoinformativo.mx\/wp-content\/uploads\/2025\/01\/IMG_9342.jpg\",\"datePublished\":\"2025-01-17T15:30:30+00:00\",\"dateModified\":\"2025-01-17T17:25:04+00:00\",\"description\":\"Nuevo modelo de certificaci\u00f3n para mejorar la calidad de la atenci\u00f3n m\u00e9dica en M\u00e9xico\",\"breadcrumb\":{\"@id\":\"https:\/\/www.nexoinformativo.mx\/index.php\/2025\/01\/17\/nuevo-modelo-de-certificacion-para-mejorar-la-calidad-de-la-atencion-medica-en-mexico\/#breadcrumb\"},\"inLanguage\":\"es\",\"potentialAction\":[{\"@type\":\"ReadAction\",\"target\":[\"https:\/\/www.nexoinformativo.mx\/index.php\/2025\/01\/17\/nuevo-modelo-de-certificacion-para-mejorar-la-calidad-de-la-atencion-medica-en-mexico\/\"]}]},{\"@type\":\"ImageObject\",\"inLanguage\":\"es\",\"@id\":\"https:\/\/www.nexoinformativo.mx\/index.php\/2025\/01\/17\/nuevo-modelo-de-certificacion-para-mejorar-la-calidad-de-la-atencion-medica-en-mexico\/#primaryimage\",\"url\":\"https:\/\/www.nexoinformativo.mx\/wp-content\/uploads\/2025\/01\/IMG_9342.jpg\",\"contentUrl\":\"https:\/\/www.nexoinformativo.mx\/wp-content\/uploads\/2025\/01\/IMG_9342.jpg\",\"width\":650,\"height\":380},{\"@type\":\"BreadcrumbList\",\"@id\":\"https:\/\/www.nexoinformativo.mx\/index.php\/2025\/01\/17\/nuevo-modelo-de-certificacion-para-mejorar-la-calidad-de-la-atencion-medica-en-mexico\/#breadcrumb\",\"itemListElement\":[{\"@type\":\"ListItem\",\"position\":1,\"name\":\"Inicio\",\"item\":\"https:\/\/www.nexoinformativo.mx\/\"},{\"@type\":\"ListItem\",\"position\":2,\"name\":\"Nuevo modelo de certificaci\u00f3n para mejorar la calidad de la atenci\u00f3n m\u00e9dica en M\u00e9xico\"}]},{\"@type\":\"WebSite\",\"@id\":\"https:\/\/www.nexoinformativo.mx\/#website\",\"url\":\"https:\/\/www.nexoinformativo.mx\/\",\"name\":\"Nexo Informativo Santiago de Quer\u00e9taro\",\"description\":\"Explora NexoInformativo y convi\u00e9rtete en parte de una comunidad que valora el conocimiento y la verdad. Tu nexoinformativo es tu puente hacia una comprensi\u00f3n m\u00e1s profunda del mundo que te rodea.\",\"publisher\":{\"@id\":\"https:\/\/www.nexoinformativo.mx\/#organization\"},\"potentialAction\":[{\"@type\":\"SearchAction\",\"target\":{\"@type\":\"EntryPoint\",\"urlTemplate\":\"https:\/\/www.nexoinformativo.mx\/?s={search_term_string}\"},\"query-input\":{\"@type\":\"PropertyValueSpecification\",\"valueRequired\":true,\"valueName\":\"search_term_string\"}}],\"inLanguage\":\"es\"},{\"@type\":\"Organization\",\"@id\":\"https:\/\/www.nexoinformativo.mx\/#organization\",\"name\":\"Nexo Informativo Santiago de Quer\u00e9taro\",\"url\":\"https:\/\/www.nexoinformativo.mx\/\",\"logo\":{\"@type\":\"ImageObject\",\"inLanguage\":\"es\",\"@id\":\"https:\/\/www.nexoinformativo.mx\/#\/schema\/logo\/image\/\",\"url\":\"https:\/\/www.nexoinformativo.mx\/wp-content\/uploads\/2024\/07\/nexoi-trasparente-2.png\",\"contentUrl\":\"https:\/\/www.nexoinformativo.mx\/wp-content\/uploads\/2024\/07\/nexoi-trasparente-2.png\",\"width\":816,\"height\":339,\"caption\":\"Nexo Informativo Santiago de Quer\u00e9taro\"},\"image\":{\"@id\":\"https:\/\/www.nexoinformativo.mx\/#\/schema\/logo\/image\/\"},\"sameAs\":[\"https:\/\/www.facebook.com\/people\/Nexo-Informativo\/61564066885511\/\"]},{\"@type\":\"Person\",\"@id\":\"https:\/\/www.nexoinformativo.mx\/#\/schema\/person\/7749d380ba08c8ca00d7bc76fd907b7d\",\"name\":\"Nexo Informativo\",\"image\":{\"@type\":\"ImageObject\",\"inLanguage\":\"es\",\"@id\":\"https:\/\/www.nexoinformativo.mx\/#\/schema\/person\/image\/\",\"url\":\"https:\/\/secure.gravatar.com\/avatar\/dde2928154642a13d95f87ddf1ea9718fe2b46760a005c53e41ff5ad610704e6?s=96&d=mm&r=g\",\"contentUrl\":\"https:\/\/secure.gravatar.com\/avatar\/dde2928154642a13d95f87ddf1ea9718fe2b46760a005c53e41ff5ad610704e6?s=96&d=mm&r=g\",\"caption\":\"Nexo Informativo\"},\"url\":\"https:\/\/www.nexoinformativo.mx\/index.php\/author\/edicion\/\"}]}<\/script>\n<!-- \/ Yoast SEO plugin. -->","yoast_head_json":{"title":"Nuevo modelo de certificaci\u00f3n para mejorar la calidad de la atenci\u00f3n m\u00e9dica en M\u00e9xico | Nexo Informativo Santiago de Quer\u00e9taro","description":"Nuevo modelo de certificaci\u00f3n para mejorar la calidad de la atenci\u00f3n m\u00e9dica en M\u00e9xico","robots":{"index":"index","follow":"follow","max-snippet":"max-snippet:-1","max-image-preview":"max-image-preview:large","max-video-preview":"max-video-preview:-1"},"canonical":"https:\/\/www.nexoinformativo.mx\/index.php\/2025\/01\/17\/nuevo-modelo-de-certificacion-para-mejorar-la-calidad-de-la-atencion-medica-en-mexico\/","og_locale":"es_MX","og_type":"article","og_title":"Nuevo modelo de certificaci\u00f3n para mejorar la calidad de la atenci\u00f3n m\u00e9dica en M\u00e9xico | Nexo Informativo Santiago de Quer\u00e9taro","og_description":"Nuevo modelo de certificaci\u00f3n para mejorar la calidad de la atenci\u00f3n m\u00e9dica en M\u00e9xico","og_url":"https:\/\/www.nexoinformativo.mx\/index.php\/2025\/01\/17\/nuevo-modelo-de-certificacion-para-mejorar-la-calidad-de-la-atencion-medica-en-mexico\/","og_site_name":"Nexo Informativo Santiago de Quer\u00e9taro","article_publisher":"https:\/\/www.facebook.com\/people\/Nexo-Informativo\/61564066885511\/","article_published_time":"2025-01-17T15:30:30+00:00","article_modified_time":"2025-01-17T17:25:04+00:00","og_image":[{"width":650,"height":380,"url":"https:\/\/www.nexoinformativo.mx\/wp-content\/uploads\/2025\/01\/IMG_9342.jpg","type":"image\/jpeg"}],"author":"Nexo Informativo","twitter_card":"summary_large_image","twitter_misc":{"Escrito por":"Nexo Informativo","Tiempo de lectura":"2 minutos"},"schema":{"@context":"https:\/\/schema.org","@graph":[{"@type":"Article","@id":"https:\/\/www.nexoinformativo.mx\/index.php\/2025\/01\/17\/nuevo-modelo-de-certificacion-para-mejorar-la-calidad-de-la-atencion-medica-en-mexico\/#article","isPartOf":{"@id":"https:\/\/www.nexoinformativo.mx\/index.php\/2025\/01\/17\/nuevo-modelo-de-certificacion-para-mejorar-la-calidad-de-la-atencion-medica-en-mexico\/"},"author":{"name":"Nexo Informativo","@id":"https:\/\/www.nexoinformativo.mx\/#\/schema\/person\/7749d380ba08c8ca00d7bc76fd907b7d"},"headline":"Nuevo modelo de certificaci\u00f3n para mejorar la calidad de la atenci\u00f3n m\u00e9dica en M\u00e9xico","datePublished":"2025-01-17T15:30:30+00:00","dateModified":"2025-01-17T17:25:04+00:00","mainEntityOfPage":{"@id":"https:\/\/www.nexoinformativo.mx\/index.php\/2025\/01\/17\/nuevo-modelo-de-certificacion-para-mejorar-la-calidad-de-la-atencion-medica-en-mexico\/"},"wordCount":293,"commentCount":0,"publisher":{"@id":"https:\/\/www.nexoinformativo.mx\/#organization"},"image":{"@id":"https:\/\/www.nexoinformativo.mx\/index.php\/2025\/01\/17\/nuevo-modelo-de-certificacion-para-mejorar-la-calidad-de-la-atencion-medica-en-mexico\/#primaryimage"},"thumbnailUrl":"https:\/\/www.nexoinformativo.mx\/wp-content\/uploads\/2025\/01\/IMG_9342.jpg","keywords":["CalidadEnSalud","Certificaci\u00f3nM\u00e9dica","CSG","salud"],"articleSection":["Nacional","\u00daltima Hora"],"inLanguage":"es","potentialAction":[{"@type":"CommentAction","name":"Comment","target":["https:\/\/www.nexoinformativo.mx\/index.php\/2025\/01\/17\/nuevo-modelo-de-certificacion-para-mejorar-la-calidad-de-la-atencion-medica-en-mexico\/#respond"]}]},{"@type":"WebPage","@id":"https:\/\/www.nexoinformativo.mx\/index.php\/2025\/01\/17\/nuevo-modelo-de-certificacion-para-mejorar-la-calidad-de-la-atencion-medica-en-mexico\/","url":"https:\/\/www.nexoinformativo.mx\/index.php\/2025\/01\/17\/nuevo-modelo-de-certificacion-para-mejorar-la-calidad-de-la-atencion-medica-en-mexico\/","name":"Nuevo modelo de certificaci\u00f3n para mejorar la calidad de la atenci\u00f3n m\u00e9dica en M\u00e9xico | Nexo Informativo Santiago de Quer\u00e9taro","isPartOf":{"@id":"https:\/\/www.nexoinformativo.mx\/#website"},"primaryImageOfPage":{"@id":"https:\/\/www.nexoinformativo.mx\/index.php\/2025\/01\/17\/nuevo-modelo-de-certificacion-para-mejorar-la-calidad-de-la-atencion-medica-en-mexico\/#primaryimage"},"image":{"@id":"https:\/\/www.nexoinformativo.mx\/index.php\/2025\/01\/17\/nuevo-modelo-de-certificacion-para-mejorar-la-calidad-de-la-atencion-medica-en-mexico\/#primaryimage"},"thumbnailUrl":"https:\/\/www.nexoinformativo.mx\/wp-content\/uploads\/2025\/01\/IMG_9342.jpg","datePublished":"2025-01-17T15:30:30+00:00","dateModified":"2025-01-17T17:25:04+00:00","description":"Nuevo modelo de certificaci\u00f3n para mejorar la calidad de la atenci\u00f3n m\u00e9dica en M\u00e9xico","breadcrumb":{"@id":"https:\/\/www.nexoinformativo.mx\/index.php\/2025\/01\/17\/nuevo-modelo-de-certificacion-para-mejorar-la-calidad-de-la-atencion-medica-en-mexico\/#breadcrumb"},"inLanguage":"es","potentialAction":[{"@type":"ReadAction","target":["https:\/\/www.nexoinformativo.mx\/index.php\/2025\/01\/17\/nuevo-modelo-de-certificacion-para-mejorar-la-calidad-de-la-atencion-medica-en-mexico\/"]}]},{"@type":"ImageObject","inLanguage":"es","@id":"https:\/\/www.nexoinformativo.mx\/index.php\/2025\/01\/17\/nuevo-modelo-de-certificacion-para-mejorar-la-calidad-de-la-atencion-medica-en-mexico\/#primaryimage","url":"https:\/\/www.nexoinformativo.mx\/wp-content\/uploads\/2025\/01\/IMG_9342.jpg","contentUrl":"https:\/\/www.nexoinformativo.mx\/wp-content\/uploads\/2025\/01\/IMG_9342.jpg","width":650,"height":380},{"@type":"BreadcrumbList","@id":"https:\/\/www.nexoinformativo.mx\/index.php\/2025\/01\/17\/nuevo-modelo-de-certificacion-para-mejorar-la-calidad-de-la-atencion-medica-en-mexico\/#breadcrumb","itemListElement":[{"@type":"ListItem","position":1,"name":"Inicio","item":"https:\/\/www.nexoinformativo.mx\/"},{"@type":"ListItem","position":2,"name":"Nuevo modelo de certificaci\u00f3n para mejorar la calidad de la atenci\u00f3n m\u00e9dica en M\u00e9xico"}]},{"@type":"WebSite","@id":"https:\/\/www.nexoinformativo.mx\/#website","url":"https:\/\/www.nexoinformativo.mx\/","name":"Nexo Informativo Santiago de Quer\u00e9taro","description":"Explora NexoInformativo y convi\u00e9rtete en parte de una comunidad que valora el conocimiento y la verdad. Tu nexoinformativo es tu puente hacia una comprensi\u00f3n m\u00e1s profunda del mundo que te rodea.","publisher":{"@id":"https:\/\/www.nexoinformativo.mx\/#organization"},"potentialAction":[{"@type":"SearchAction","target":{"@type":"EntryPoint","urlTemplate":"https:\/\/www.nexoinformativo.mx\/?s={search_term_string}"},"query-input":{"@type":"PropertyValueSpecification","valueRequired":true,"valueName":"search_term_string"}}],"inLanguage":"es"},{"@type":"Organization","@id":"https:\/\/www.nexoinformativo.mx\/#organization","name":"Nexo Informativo Santiago de Quer\u00e9taro","url":"https:\/\/www.nexoinformativo.mx\/","logo":{"@type":"ImageObject","inLanguage":"es","@id":"https:\/\/www.nexoinformativo.mx\/#\/schema\/logo\/image\/","url":"https:\/\/www.nexoinformativo.mx\/wp-content\/uploads\/2024\/07\/nexoi-trasparente-2.png","contentUrl":"https:\/\/www.nexoinformativo.mx\/wp-content\/uploads\/2024\/07\/nexoi-trasparente-2.png","width":816,"height":339,"caption":"Nexo Informativo Santiago de Quer\u00e9taro"},"image":{"@id":"https:\/\/www.nexoinformativo.mx\/#\/schema\/logo\/image\/"},"sameAs":["https:\/\/www.facebook.com\/people\/Nexo-Informativo\/61564066885511\/"]},{"@type":"Person","@id":"https:\/\/www.nexoinformativo.mx\/#\/schema\/person\/7749d380ba08c8ca00d7bc76fd907b7d","name":"Nexo Informativo","image":{"@type":"ImageObject","inLanguage":"es","@id":"https:\/\/www.nexoinformativo.mx\/#\/schema\/person\/image\/","url":"https:\/\/secure.gravatar.com\/avatar\/dde2928154642a13d95f87ddf1ea9718fe2b46760a005c53e41ff5ad610704e6?s=96&d=mm&r=g","contentUrl":"https:\/\/secure.gravatar.com\/avatar\/dde2928154642a13d95f87ddf1ea9718fe2b46760a005c53e41ff5ad610704e6?s=96&d=mm&r=g","caption":"Nexo Informativo"},"url":"https:\/\/www.nexoinformativo.mx\/index.php\/author\/edicion\/"}]}},"_links":{"self":[{"href":"https:\/\/www.nexoinformativo.mx\/index.php\/wp-json\/wp\/v2\/posts\/10118","targetHints":{"allow":["GET"]}}],"collection":[{"href":"https:\/\/www.nexoinformativo.mx\/index.php\/wp-json\/wp\/v2\/posts"}],"about":[{"href":"https:\/\/www.nexoinformativo.mx\/index.php\/wp-json\/wp\/v2\/types\/post"}],"author":[{"embeddable":true,"href":"https:\/\/www.nexoinformativo.mx\/index.php\/wp-json\/wp\/v2\/users\/3"}],"replies":[{"embeddable":true,"href":"https:\/\/www.nexoinformativo.mx\/index.php\/wp-json\/wp\/v2\/comments?post=10118"}],"version-history":[{"count":3,"href":"https:\/\/www.nexoinformativo.mx\/index.php\/wp-json\/wp\/v2\/posts\/10118\/revisions"}],"predecessor-version":[{"id":10123,"href":"https:\/\/www.nexoinformativo.mx\/index.php\/wp-json\/wp\/v2\/posts\/10118\/revisions\/10123"}],"wp:featuredmedia":[{"embeddable":true,"href":"https:\/\/www.nexoinformativo.mx\/index.php\/wp-json\/wp\/v2\/media\/10119"}],"wp:attachment":[{"href":"https:\/\/www.nexoinformativo.mx\/index.php\/wp-json\/wp\/v2\/media?parent=10118"}],"wp:term":[{"taxonomy":"category","embeddable":true,"href":"https:\/\/www.nexoinformativo.mx\/index.php\/wp-json\/wp\/v2\/categories?post=10118"},{"taxonomy":"post_tag","embeddable":true,"href":"https:\/\/www.nexoinformativo.mx\/index.php\/wp-json\/wp\/v2\/tags?post=10118"}],"curies":[{"name":"wp","href":"https:\/\/api.w.org\/{rel}","templated":true}]}}