{"id":10124,"date":"2025-01-17T10:00:27","date_gmt":"2025-01-17T16:00:27","guid":{"rendered":"https:\/\/www.nexoinformativo.mx\/?p=10124"},"modified":"2025-01-17T12:04:59","modified_gmt":"2025-01-17T18:04:59","slug":"mexico-se-prepara-para-combatir-incendios-forestales-arranca-reunion-nacional-de-proteccion-civil","status":"publish","type":"post","link":"https:\/\/www.nexoinformativo.mx\/index.php\/2025\/01\/17\/mexico-se-prepara-para-combatir-incendios-forestales-arranca-reunion-nacional-de-proteccion-civil\/","title":{"rendered":"M\u00e9xico se prepara para combatir incendios forestales arranca Reuni\u00f3n Nacional de Protecci\u00f3n Civil"},"content":{"rendered":"<p style=\"text-align: justify;\" data-sourcepos=\"11:1-11:504\">Ante la inminente temporada de estiaje, el gobierno de M\u00e9xico, a trav\u00e9s de la Coordinaci\u00f3n Nacional de Protecci\u00f3n Civil (CNPC), llevar\u00e1 a cabo la Reuni\u00f3n Nacional de Protecci\u00f3n Civil de la Temporada de Incendios Forestales 2025.<\/p>\n<p>&nbsp;<\/p>\n<p style=\"text-align: justify;\" data-sourcepos=\"11:1-11:504\">Este encuentro, que se realizar\u00e1 del 5 al 7 de febrero en el Estado de M\u00e9xico, reunir\u00e1 a autoridades federales, estatales y expertos en la materia para establecer estrategias conjuntas y fortalecer las capacidades de respuesta ante esta amenaza.<\/p>\n<p>&nbsp;<\/p>\n<p style=\"text-align: justify;\" data-sourcepos=\"13:1-13:396\">El objetivo principal de esta reuni\u00f3n es coordinar esfuerzos para prevenir y combatir los incendios forestales, proteger los ecosistemas y garantizar la seguridad de la poblaci\u00f3n.<\/p>\n<\/p>\n<p>&nbsp;<\/p>\n<p style=\"text-align: justify;\" data-sourcepos=\"13:1-13:396\">Durante el evento se impartir\u00e1n cursos y talleres especializados en manejo del fuego, comportamiento del fuego, sistemas de predicci\u00f3n de incendios y activaci\u00f3n de equipos de emergencia, entre otros temas relevantes.<\/p>\n<p>&nbsp;<\/p>\n<p style=\"text-align: justify;\" data-sourcepos=\"15:1-15:335\">La CNPC, en colaboraci\u00f3n con la Comisi\u00f3n Nacional Forestal (Conafor), busca fomentar el intercambio de experiencias entre las diferentes entidades federativas, promover la corresponsabilidad y fortalecer la cultura de la prevenci\u00f3n. Adem\u00e1s, se abordar\u00e1n temas como la gesti\u00f3n inclusiva del riesgo de desastres y la evaluaci\u00f3n de da\u00f1os.<\/p>\n<p>&nbsp;<\/p>\n<p style=\"text-align: justify;\" data-sourcepos=\"17:1-17:354\">Al participar en esta reuni\u00f3n, las autoridades de los tres niveles de gobierno reafirman su compromiso con la protecci\u00f3n de los recursos naturales y la seguridad de la poblaci\u00f3n.<\/p>\n<p>&nbsp;<\/p>\n<p style=\"text-align: justify;\" data-sourcepos=\"17:1-17:354\">Se espera que los acuerdos y conocimientos adquiridos durante este encuentro se traduzcan en acciones concretas para reducir el riesgo de incendios forestales en todo el pa\u00eds. Para m\u00e1s informaci\u00f3n, consulta: preparados.gob.mx<\/p>\n<p>&nbsp;<\/p>\n<p style=\"text-align: center;\" data-sourcepos=\"17:1-17:354\"><em><strong>\u00a1Informaci\u00f3n que transforma!<\/strong><\/em><\/p>\n","protected":false},"excerpt":{"rendered":"<p>Ante la inminente temporada de estiaje, el gobierno de M\u00e9xico, a trav\u00e9s de la Coordinaci\u00f3n Nacional de Protecci\u00f3n Civil (CNPC), llevar\u00e1 a cabo la Reuni\u00f3n Nacional de Protecci\u00f3n Civil de la Temporada de Incendios Forestales 2025.<\/p>\n","protected":false},"author":3,"featured_media":10125,"comment_status":"open","ping_status":"open","sticky":false,"template":"","format":"standard","meta":{"footnotes":""},"categories":[88,58],"tags":[2168,1938,1610,154],"class_list":["post-10124","post","type-post","status-publish","format-standard","has-post-thumbnail","hentry","category-nacional","category-ultima-hora","tag-conafor","tag-incendiosforestales","tag-mexico","tag-proteccioncivil"],"yoast_head":"<!-- This site is optimized with the Yoast SEO plugin v25.0 - https:\/\/yoast.com\/wordpress\/plugins\/seo\/ -->\n<title>M\u00e9xico se prepara para combatir incendios forestales arranca Reuni\u00f3n Nacional de Protecci\u00f3n Civil | Nexo Informativo Santiago de Quer\u00e9taro<\/title>\n<meta name=\"description\" content=\"M\u00e9xico se prepara para combatir incendios forestales arranca Reuni\u00f3n Nacional de Protecci\u00f3n Civil\" \/>\n<meta name=\"robots\" content=\"index, follow, max-snippet:-1, max-image-preview:large, max-video-preview:-1\" \/>\n<link rel=\"canonical\" href=\"https:\/\/www.nexoinformativo.mx\/index.php\/2025\/01\/17\/mexico-se-prepara-para-combatir-incendios-forestales-arranca-reunion-nacional-de-proteccion-civil\/\" \/>\n<meta property=\"og:locale\" content=\"es_MX\" \/>\n<meta property=\"og:type\" content=\"article\" \/>\n<meta property=\"og:title\" content=\"M\u00e9xico se prepara para combatir incendios forestales arranca Reuni\u00f3n Nacional de Protecci\u00f3n Civil | Nexo Informativo Santiago de Quer\u00e9taro\" \/>\n<meta property=\"og:description\" content=\"M\u00e9xico se prepara para combatir incendios forestales arranca Reuni\u00f3n Nacional de Protecci\u00f3n Civil\" \/>\n<meta property=\"og:url\" content=\"https:\/\/www.nexoinformativo.mx\/index.php\/2025\/01\/17\/mexico-se-prepara-para-combatir-incendios-forestales-arranca-reunion-nacional-de-proteccion-civil\/\" \/>\n<meta property=\"og:site_name\" content=\"Nexo Informativo Santiago de Quer\u00e9taro\" \/>\n<meta property=\"article:publisher\" content=\"https:\/\/www.facebook.com\/people\/Nexo-Informativo\/61564066885511\/\" \/>\n<meta property=\"article:published_time\" content=\"2025-01-17T16:00:27+00:00\" \/>\n<meta property=\"article:modified_time\" content=\"2025-01-17T18:04:59+00:00\" \/>\n<meta property=\"og:image\" content=\"https:\/\/www.nexoinformativo.mx\/wp-content\/uploads\/2025\/01\/IMG_9344.jpg\" \/>\n\t<meta property=\"og:image:width\" content=\"650\" \/>\n\t<meta property=\"og:image:height\" content=\"380\" \/>\n\t<meta property=\"og:image:type\" content=\"image\/jpeg\" \/>\n<meta name=\"author\" content=\"Nexo Informativo\" \/>\n<meta name=\"twitter:card\" content=\"summary_large_image\" \/>\n<meta name=\"twitter:label1\" content=\"Escrito por\" \/>\n\t<meta name=\"twitter:data1\" content=\"Nexo Informativo\" \/>\n\t<meta name=\"twitter:label2\" content=\"Tiempo de lectura\" \/>\n\t<meta name=\"twitter:data2\" content=\"2 minutos\" \/>\n<script type=\"application\/ld+json\" class=\"yoast-schema-graph\">{\"@context\":\"https:\/\/schema.org\",\"@graph\":[{\"@type\":\"Article\",\"@id\":\"https:\/\/www.nexoinformativo.mx\/index.php\/2025\/01\/17\/mexico-se-prepara-para-combatir-incendios-forestales-arranca-reunion-nacional-de-proteccion-civil\/#article\",\"isPartOf\":{\"@id\":\"https:\/\/www.nexoinformativo.mx\/index.php\/2025\/01\/17\/mexico-se-prepara-para-combatir-incendios-forestales-arranca-reunion-nacional-de-proteccion-civil\/\"},\"author\":{\"name\":\"Nexo Informativo\",\"@id\":\"https:\/\/www.nexoinformativo.mx\/#\/schema\/person\/7749d380ba08c8ca00d7bc76fd907b7d\"},\"headline\":\"M\u00e9xico se prepara para combatir incendios forestales arranca Reuni\u00f3n Nacional de Protecci\u00f3n Civil\",\"datePublished\":\"2025-01-17T16:00:27+00:00\",\"dateModified\":\"2025-01-17T18:04:59+00:00\",\"mainEntityOfPage\":{\"@id\":\"https:\/\/www.nexoinformativo.mx\/index.php\/2025\/01\/17\/mexico-se-prepara-para-combatir-incendios-forestales-arranca-reunion-nacional-de-proteccion-civil\/\"},\"wordCount\":293,\"commentCount\":0,\"publisher\":{\"@id\":\"https:\/\/www.nexoinformativo.mx\/#organization\"},\"image\":{\"@id\":\"https:\/\/www.nexoinformativo.mx\/index.php\/2025\/01\/17\/mexico-se-prepara-para-combatir-incendios-forestales-arranca-reunion-nacional-de-proteccion-civil\/#primaryimage\"},\"thumbnailUrl\":\"https:\/\/www.nexoinformativo.mx\/wp-content\/uploads\/2025\/01\/IMG_9344.jpg\",\"keywords\":[\"Conafor\",\"IncendiosForestales\",\"M\u00e9xico\",\"proteccioncivil\"],\"articleSection\":[\"Nacional\",\"\u00daltima Hora\"],\"inLanguage\":\"es\",\"potentialAction\":[{\"@type\":\"CommentAction\",\"name\":\"Comment\",\"target\":[\"https:\/\/www.nexoinformativo.mx\/index.php\/2025\/01\/17\/mexico-se-prepara-para-combatir-incendios-forestales-arranca-reunion-nacional-de-proteccion-civil\/#respond\"]}]},{\"@type\":\"WebPage\",\"@id\":\"https:\/\/www.nexoinformativo.mx\/index.php\/2025\/01\/17\/mexico-se-prepara-para-combatir-incendios-forestales-arranca-reunion-nacional-de-proteccion-civil\/\",\"url\":\"https:\/\/www.nexoinformativo.mx\/index.php\/2025\/01\/17\/mexico-se-prepara-para-combatir-incendios-forestales-arranca-reunion-nacional-de-proteccion-civil\/\",\"name\":\"M\u00e9xico se prepara para combatir incendios forestales arranca Reuni\u00f3n Nacional de Protecci\u00f3n Civil | Nexo Informativo Santiago de Quer\u00e9taro\",\"isPartOf\":{\"@id\":\"https:\/\/www.nexoinformativo.mx\/#website\"},\"primaryImageOfPage\":{\"@id\":\"https:\/\/www.nexoinformativo.mx\/index.php\/2025\/01\/17\/mexico-se-prepara-para-combatir-incendios-forestales-arranca-reunion-nacional-de-proteccion-civil\/#primaryimage\"},\"image\":{\"@id\":\"https:\/\/www.nexoinformativo.mx\/index.php\/2025\/01\/17\/mexico-se-prepara-para-combatir-incendios-forestales-arranca-reunion-nacional-de-proteccion-civil\/#primaryimage\"},\"thumbnailUrl\":\"https:\/\/www.nexoinformativo.mx\/wp-content\/uploads\/2025\/01\/IMG_9344.jpg\",\"datePublished\":\"2025-01-17T16:00:27+00:00\",\"dateModified\":\"2025-01-17T18:04:59+00:00\",\"description\":\"M\u00e9xico se prepara para combatir incendios forestales arranca Reuni\u00f3n Nacional de Protecci\u00f3n Civil\",\"breadcrumb\":{\"@id\":\"https:\/\/www.nexoinformativo.mx\/index.php\/2025\/01\/17\/mexico-se-prepara-para-combatir-incendios-forestales-arranca-reunion-nacional-de-proteccion-civil\/#breadcrumb\"},\"inLanguage\":\"es\",\"potentialAction\":[{\"@type\":\"ReadAction\",\"target\":[\"https:\/\/www.nexoinformativo.mx\/index.php\/2025\/01\/17\/mexico-se-prepara-para-combatir-incendios-forestales-arranca-reunion-nacional-de-proteccion-civil\/\"]}]},{\"@type\":\"ImageObject\",\"inLanguage\":\"es\",\"@id\":\"https:\/\/www.nexoinformativo.mx\/index.php\/2025\/01\/17\/mexico-se-prepara-para-combatir-incendios-forestales-arranca-reunion-nacional-de-proteccion-civil\/#primaryimage\",\"url\":\"https:\/\/www.nexoinformativo.mx\/wp-content\/uploads\/2025\/01\/IMG_9344.jpg\",\"contentUrl\":\"https:\/\/www.nexoinformativo.mx\/wp-content\/uploads\/2025\/01\/IMG_9344.jpg\",\"width\":650,\"height\":380},{\"@type\":\"BreadcrumbList\",\"@id\":\"https:\/\/www.nexoinformativo.mx\/index.php\/2025\/01\/17\/mexico-se-prepara-para-combatir-incendios-forestales-arranca-reunion-nacional-de-proteccion-civil\/#breadcrumb\",\"itemListElement\":[{\"@type\":\"ListItem\",\"position\":1,\"name\":\"Inicio\",\"item\":\"https:\/\/www.nexoinformativo.mx\/\"},{\"@type\":\"ListItem\",\"position\":2,\"name\":\"M\u00e9xico se prepara para combatir incendios forestales arranca Reuni\u00f3n Nacional de Protecci\u00f3n Civil\"}]},{\"@type\":\"WebSite\",\"@id\":\"https:\/\/www.nexoinformativo.mx\/#website\",\"url\":\"https:\/\/www.nexoinformativo.mx\/\",\"name\":\"Nexo Informativo Santiago de Quer\u00e9taro\",\"description\":\"Explora NexoInformativo y convi\u00e9rtete en parte de una comunidad que valora el conocimiento y la verdad. Tu nexoinformativo es tu puente hacia una comprensi\u00f3n m\u00e1s profunda del mundo que te rodea.\",\"publisher\":{\"@id\":\"https:\/\/www.nexoinformativo.mx\/#organization\"},\"potentialAction\":[{\"@type\":\"SearchAction\",\"target\":{\"@type\":\"EntryPoint\",\"urlTemplate\":\"https:\/\/www.nexoinformativo.mx\/?s={search_term_string}\"},\"query-input\":{\"@type\":\"PropertyValueSpecification\",\"valueRequired\":true,\"valueName\":\"search_term_string\"}}],\"inLanguage\":\"es\"},{\"@type\":\"Organization\",\"@id\":\"https:\/\/www.nexoinformativo.mx\/#organization\",\"name\":\"Nexo Informativo Santiago de Quer\u00e9taro\",\"url\":\"https:\/\/www.nexoinformativo.mx\/\",\"logo\":{\"@type\":\"ImageObject\",\"inLanguage\":\"es\",\"@id\":\"https:\/\/www.nexoinformativo.mx\/#\/schema\/logo\/image\/\",\"url\":\"https:\/\/www.nexoinformativo.mx\/wp-content\/uploads\/2024\/07\/nexoi-trasparente-2.png\",\"contentUrl\":\"https:\/\/www.nexoinformativo.mx\/wp-content\/uploads\/2024\/07\/nexoi-trasparente-2.png\",\"width\":816,\"height\":339,\"caption\":\"Nexo Informativo Santiago de Quer\u00e9taro\"},\"image\":{\"@id\":\"https:\/\/www.nexoinformativo.mx\/#\/schema\/logo\/image\/\"},\"sameAs\":[\"https:\/\/www.facebook.com\/people\/Nexo-Informativo\/61564066885511\/\"]},{\"@type\":\"Person\",\"@id\":\"https:\/\/www.nexoinformativo.mx\/#\/schema\/person\/7749d380ba08c8ca00d7bc76fd907b7d\",\"name\":\"Nexo Informativo\",\"image\":{\"@type\":\"ImageObject\",\"inLanguage\":\"es\",\"@id\":\"https:\/\/www.nexoinformativo.mx\/#\/schema\/person\/image\/\",\"url\":\"https:\/\/secure.gravatar.com\/avatar\/dde2928154642a13d95f87ddf1ea9718fe2b46760a005c53e41ff5ad610704e6?s=96&d=mm&r=g\",\"contentUrl\":\"https:\/\/secure.gravatar.com\/avatar\/dde2928154642a13d95f87ddf1ea9718fe2b46760a005c53e41ff5ad610704e6?s=96&d=mm&r=g\",\"caption\":\"Nexo Informativo\"},\"url\":\"https:\/\/www.nexoinformativo.mx\/index.php\/author\/edicion\/\"}]}<\/script>\n<!-- \/ Yoast SEO plugin. -->","yoast_head_json":{"title":"M\u00e9xico se prepara para combatir incendios forestales arranca Reuni\u00f3n Nacional de Protecci\u00f3n Civil | Nexo Informativo Santiago de Quer\u00e9taro","description":"M\u00e9xico se prepara para combatir incendios forestales arranca Reuni\u00f3n Nacional de Protecci\u00f3n Civil","robots":{"index":"index","follow":"follow","max-snippet":"max-snippet:-1","max-image-preview":"max-image-preview:large","max-video-preview":"max-video-preview:-1"},"canonical":"https:\/\/www.nexoinformativo.mx\/index.php\/2025\/01\/17\/mexico-se-prepara-para-combatir-incendios-forestales-arranca-reunion-nacional-de-proteccion-civil\/","og_locale":"es_MX","og_type":"article","og_title":"M\u00e9xico se prepara para combatir incendios forestales arranca Reuni\u00f3n Nacional de Protecci\u00f3n Civil | Nexo Informativo Santiago de Quer\u00e9taro","og_description":"M\u00e9xico se prepara para combatir incendios forestales arranca Reuni\u00f3n Nacional de Protecci\u00f3n Civil","og_url":"https:\/\/www.nexoinformativo.mx\/index.php\/2025\/01\/17\/mexico-se-prepara-para-combatir-incendios-forestales-arranca-reunion-nacional-de-proteccion-civil\/","og_site_name":"Nexo Informativo Santiago de Quer\u00e9taro","article_publisher":"https:\/\/www.facebook.com\/people\/Nexo-Informativo\/61564066885511\/","article_published_time":"2025-01-17T16:00:27+00:00","article_modified_time":"2025-01-17T18:04:59+00:00","og_image":[{"width":650,"height":380,"url":"https:\/\/www.nexoinformativo.mx\/wp-content\/uploads\/2025\/01\/IMG_9344.jpg","type":"image\/jpeg"}],"author":"Nexo Informativo","twitter_card":"summary_large_image","twitter_misc":{"Escrito por":"Nexo Informativo","Tiempo de lectura":"2 minutos"},"schema":{"@context":"https:\/\/schema.org","@graph":[{"@type":"Article","@id":"https:\/\/www.nexoinformativo.mx\/index.php\/2025\/01\/17\/mexico-se-prepara-para-combatir-incendios-forestales-arranca-reunion-nacional-de-proteccion-civil\/#article","isPartOf":{"@id":"https:\/\/www.nexoinformativo.mx\/index.php\/2025\/01\/17\/mexico-se-prepara-para-combatir-incendios-forestales-arranca-reunion-nacional-de-proteccion-civil\/"},"author":{"name":"Nexo Informativo","@id":"https:\/\/www.nexoinformativo.mx\/#\/schema\/person\/7749d380ba08c8ca00d7bc76fd907b7d"},"headline":"M\u00e9xico se prepara para combatir incendios forestales arranca Reuni\u00f3n Nacional de Protecci\u00f3n Civil","datePublished":"2025-01-17T16:00:27+00:00","dateModified":"2025-01-17T18:04:59+00:00","mainEntityOfPage":{"@id":"https:\/\/www.nexoinformativo.mx\/index.php\/2025\/01\/17\/mexico-se-prepara-para-combatir-incendios-forestales-arranca-reunion-nacional-de-proteccion-civil\/"},"wordCount":293,"commentCount":0,"publisher":{"@id":"https:\/\/www.nexoinformativo.mx\/#organization"},"image":{"@id":"https:\/\/www.nexoinformativo.mx\/index.php\/2025\/01\/17\/mexico-se-prepara-para-combatir-incendios-forestales-arranca-reunion-nacional-de-proteccion-civil\/#primaryimage"},"thumbnailUrl":"https:\/\/www.nexoinformativo.mx\/wp-content\/uploads\/2025\/01\/IMG_9344.jpg","keywords":["Conafor","IncendiosForestales","M\u00e9xico","proteccioncivil"],"articleSection":["Nacional","\u00daltima Hora"],"inLanguage":"es","potentialAction":[{"@type":"CommentAction","name":"Comment","target":["https:\/\/www.nexoinformativo.mx\/index.php\/2025\/01\/17\/mexico-se-prepara-para-combatir-incendios-forestales-arranca-reunion-nacional-de-proteccion-civil\/#respond"]}]},{"@type":"WebPage","@id":"https:\/\/www.nexoinformativo.mx\/index.php\/2025\/01\/17\/mexico-se-prepara-para-combatir-incendios-forestales-arranca-reunion-nacional-de-proteccion-civil\/","url":"https:\/\/www.nexoinformativo.mx\/index.php\/2025\/01\/17\/mexico-se-prepara-para-combatir-incendios-forestales-arranca-reunion-nacional-de-proteccion-civil\/","name":"M\u00e9xico se prepara para combatir incendios forestales arranca Reuni\u00f3n Nacional de Protecci\u00f3n Civil | Nexo Informativo Santiago de Quer\u00e9taro","isPartOf":{"@id":"https:\/\/www.nexoinformativo.mx\/#website"},"primaryImageOfPage":{"@id":"https:\/\/www.nexoinformativo.mx\/index.php\/2025\/01\/17\/mexico-se-prepara-para-combatir-incendios-forestales-arranca-reunion-nacional-de-proteccion-civil\/#primaryimage"},"image":{"@id":"https:\/\/www.nexoinformativo.mx\/index.php\/2025\/01\/17\/mexico-se-prepara-para-combatir-incendios-forestales-arranca-reunion-nacional-de-proteccion-civil\/#primaryimage"},"thumbnailUrl":"https:\/\/www.nexoinformativo.mx\/wp-content\/uploads\/2025\/01\/IMG_9344.jpg","datePublished":"2025-01-17T16:00:27+00:00","dateModified":"2025-01-17T18:04:59+00:00","description":"M\u00e9xico se prepara para combatir incendios forestales arranca Reuni\u00f3n Nacional de Protecci\u00f3n Civil","breadcrumb":{"@id":"https:\/\/www.nexoinformativo.mx\/index.php\/2025\/01\/17\/mexico-se-prepara-para-combatir-incendios-forestales-arranca-reunion-nacional-de-proteccion-civil\/#breadcrumb"},"inLanguage":"es","potentialAction":[{"@type":"ReadAction","target":["https:\/\/www.nexoinformativo.mx\/index.php\/2025\/01\/17\/mexico-se-prepara-para-combatir-incendios-forestales-arranca-reunion-nacional-de-proteccion-civil\/"]}]},{"@type":"ImageObject","inLanguage":"es","@id":"https:\/\/www.nexoinformativo.mx\/index.php\/2025\/01\/17\/mexico-se-prepara-para-combatir-incendios-forestales-arranca-reunion-nacional-de-proteccion-civil\/#primaryimage","url":"https:\/\/www.nexoinformativo.mx\/wp-content\/uploads\/2025\/01\/IMG_9344.jpg","contentUrl":"https:\/\/www.nexoinformativo.mx\/wp-content\/uploads\/2025\/01\/IMG_9344.jpg","width":650,"height":380},{"@type":"BreadcrumbList","@id":"https:\/\/www.nexoinformativo.mx\/index.php\/2025\/01\/17\/mexico-se-prepara-para-combatir-incendios-forestales-arranca-reunion-nacional-de-proteccion-civil\/#breadcrumb","itemListElement":[{"@type":"ListItem","position":1,"name":"Inicio","item":"https:\/\/www.nexoinformativo.mx\/"},{"@type":"ListItem","position":2,"name":"M\u00e9xico se prepara para combatir incendios forestales arranca Reuni\u00f3n Nacional de Protecci\u00f3n Civil"}]},{"@type":"WebSite","@id":"https:\/\/www.nexoinformativo.mx\/#website","url":"https:\/\/www.nexoinformativo.mx\/","name":"Nexo Informativo Santiago de Quer\u00e9taro","description":"Explora NexoInformativo y convi\u00e9rtete en parte de una comunidad que valora el conocimiento y la verdad. Tu nexoinformativo es tu puente hacia una comprensi\u00f3n m\u00e1s profunda del mundo que te rodea.","publisher":{"@id":"https:\/\/www.nexoinformativo.mx\/#organization"},"potentialAction":[{"@type":"SearchAction","target":{"@type":"EntryPoint","urlTemplate":"https:\/\/www.nexoinformativo.mx\/?s={search_term_string}"},"query-input":{"@type":"PropertyValueSpecification","valueRequired":true,"valueName":"search_term_string"}}],"inLanguage":"es"},{"@type":"Organization","@id":"https:\/\/www.nexoinformativo.mx\/#organization","name":"Nexo Informativo Santiago de Quer\u00e9taro","url":"https:\/\/www.nexoinformativo.mx\/","logo":{"@type":"ImageObject","inLanguage":"es","@id":"https:\/\/www.nexoinformativo.mx\/#\/schema\/logo\/image\/","url":"https:\/\/www.nexoinformativo.mx\/wp-content\/uploads\/2024\/07\/nexoi-trasparente-2.png","contentUrl":"https:\/\/www.nexoinformativo.mx\/wp-content\/uploads\/2024\/07\/nexoi-trasparente-2.png","width":816,"height":339,"caption":"Nexo Informativo Santiago de Quer\u00e9taro"},"image":{"@id":"https:\/\/www.nexoinformativo.mx\/#\/schema\/logo\/image\/"},"sameAs":["https:\/\/www.facebook.com\/people\/Nexo-Informativo\/61564066885511\/"]},{"@type":"Person","@id":"https:\/\/www.nexoinformativo.mx\/#\/schema\/person\/7749d380ba08c8ca00d7bc76fd907b7d","name":"Nexo Informativo","image":{"@type":"ImageObject","inLanguage":"es","@id":"https:\/\/www.nexoinformativo.mx\/#\/schema\/person\/image\/","url":"https:\/\/secure.gravatar.com\/avatar\/dde2928154642a13d95f87ddf1ea9718fe2b46760a005c53e41ff5ad610704e6?s=96&d=mm&r=g","contentUrl":"https:\/\/secure.gravatar.com\/avatar\/dde2928154642a13d95f87ddf1ea9718fe2b46760a005c53e41ff5ad610704e6?s=96&d=mm&r=g","caption":"Nexo Informativo"},"url":"https:\/\/www.nexoinformativo.mx\/index.php\/author\/edicion\/"}]}},"_links":{"self":[{"href":"https:\/\/www.nexoinformativo.mx\/index.php\/wp-json\/wp\/v2\/posts\/10124","targetHints":{"allow":["GET"]}}],"collection":[{"href":"https:\/\/www.nexoinformativo.mx\/index.php\/wp-json\/wp\/v2\/posts"}],"about":[{"href":"https:\/\/www.nexoinformativo.mx\/index.php\/wp-json\/wp\/v2\/types\/post"}],"author":[{"embeddable":true,"href":"https:\/\/www.nexoinformativo.mx\/index.php\/wp-json\/wp\/v2\/users\/3"}],"replies":[{"embeddable":true,"href":"https:\/\/www.nexoinformativo.mx\/index.php\/wp-json\/wp\/v2\/comments?post=10124"}],"version-history":[{"count":5,"href":"https:\/\/www.nexoinformativo.mx\/index.php\/wp-json\/wp\/v2\/posts\/10124\/revisions"}],"predecessor-version":[{"id":10129,"href":"https:\/\/www.nexoinformativo.mx\/index.php\/wp-json\/wp\/v2\/posts\/10124\/revisions\/10129"}],"wp:featuredmedia":[{"embeddable":true,"href":"https:\/\/www.nexoinformativo.mx\/index.php\/wp-json\/wp\/v2\/media\/10125"}],"wp:attachment":[{"href":"https:\/\/www.nexoinformativo.mx\/index.php\/wp-json\/wp\/v2\/media?parent=10124"}],"wp:term":[{"taxonomy":"category","embeddable":true,"href":"https:\/\/www.nexoinformativo.mx\/index.php\/wp-json\/wp\/v2\/categories?post=10124"},{"taxonomy":"post_tag","embeddable":true,"href":"https:\/\/www.nexoinformativo.mx\/index.php\/wp-json\/wp\/v2\/tags?post=10124"}],"curies":[{"name":"wp","href":"https:\/\/api.w.org\/{rel}","templated":true}]}}