{"id":10137,"date":"2025-01-17T12:30:12","date_gmt":"2025-01-17T18:30:12","guid":{"rendered":"https:\/\/www.nexoinformativo.mx\/?p=10137"},"modified":"2025-01-17T18:06:14","modified_gmt":"2025-01-18T00:06:14","slug":"gobierno-federal-anuncia-inversion-para-ampliacion-de-la-red-de-agua-potable-en-queretaro","status":"publish","type":"post","link":"https:\/\/www.nexoinformativo.mx\/index.php\/2025\/01\/17\/gobierno-federal-anuncia-inversion-para-ampliacion-de-la-red-de-agua-potable-en-queretaro\/","title":{"rendered":"Gobierno federal anuncia inversi\u00f3n para ampliaci\u00f3n de la red de agua potable en Quer\u00e9taro"},"content":{"rendered":"<p style=\"text-align: justify;\" data-sourcepos=\"11:1-11:349\">El gobernador de Quer\u00e9taro, Mauricio Kuri, celebr\u00f3 el anuncio del Gobierno Federal sobre la implementaci\u00f3n de una nueva pol\u00edtica h\u00eddrica que beneficiar\u00e1 a los municipios del pa\u00eds.<\/p>\n<p>&nbsp;<br \/>\nDurante una reuni\u00f3n con personal de la Conagua, Kuri se enter\u00f3 de esta iniciativa que busca ampliar el acceso al agua potable en las comunidades.<\/p>\n<\/p>\n<p>&nbsp;<\/p>\n<p style=\"text-align: justify;\" data-sourcepos=\"13:1-13:234\">La noticia se dio a conocer tras el <strong>Encuentro Nacional Municipal<\/strong> encabezado por la presidenta Claudia Sheinbaum, donde se detall\u00f3 que se destinar\u00e1 un fondo federal espec\u00edfico para fortalecer las capacidades h\u00eddricas de los municipios.<\/p>\n<\/p>\n<p>&nbsp;<\/p>\n<p style=\"text-align: justify;\" data-sourcepos=\"15:1-15:338\">Kuri destac\u00f3 la importancia de esta medida, ya que permitir\u00e1 mejorar la calidad de vida de los habitantes de Quer\u00e9taro al garantizar el acceso a un servicio b\u00e1sico como el agua potable.<\/p>\n<p>&nbsp;<br \/>\nAdem\u00e1s, resalt\u00f3 la importancia del di\u00e1logo y la coordinaci\u00f3n entre los gobiernos federal, estatal y municipal para llevar a cabo este tipo de proyectos.<\/p>\n<\/p>\n<p>&nbsp;<\/p>\n<p style=\"text-align: justify;\" data-sourcepos=\"17:1-17:253\">Es importante mencionar que la presidenta Sheinbaum tambi\u00e9n anunci\u00f3 que se destinar\u00e1n recursos a las comunidades ind\u00edgenas m\u00e1s marginadas, lo cual representa una gran oportunidad para reducir las desigualdades y promover el desarrollo en estas regiones.<\/p>\n<\/p>\n<p>&nbsp;<\/p>\n<p style=\"text-align: center;\" data-sourcepos=\"17:1-17:253\"><em><strong>\u00a1Informaci\u00f3n que transforma!<\/strong><\/em><\/p>\n","protected":false},"excerpt":{"rendered":"<p>El gobernador de Quer\u00e9taro, Mauricio Kuri, celebr\u00f3 el anuncio del Gobierno Federal sobre la implementaci\u00f3n de una nueva pol\u00edtica h\u00eddrica que beneficiar\u00e1 a los municipios del pa\u00eds.<\/p>\n","protected":false},"author":3,"featured_media":10139,"comment_status":"open","ping_status":"open","sticky":false,"template":"","format":"standard","meta":{"footnotes":""},"categories":[5,42,58],"tags":[728,1788,142,133],"class_list":["post-10137","post","type-post","status-publish","format-standard","has-post-thumbnail","hentry","category-economia","category-estado","category-ultima-hora","tag-aguapotable","tag-gobiernofederal","tag-inversion","tag-queretaro"],"yoast_head":"<!-- This site is optimized with the Yoast SEO plugin v25.0 - https:\/\/yoast.com\/wordpress\/plugins\/seo\/ -->\n<title>Gobierno federal anuncia inversi\u00f3n para ampliaci\u00f3n de la red de agua potable en Quer\u00e9taro | Nexo Informativo Santiago de Quer\u00e9taro<\/title>\n<meta name=\"description\" content=\"Gobierno federal anuncia inversi\u00f3n para ampliaci\u00f3n de la red de agua potable en Quer\u00e9taro\" \/>\n<meta name=\"robots\" content=\"index, follow, max-snippet:-1, max-image-preview:large, max-video-preview:-1\" \/>\n<link rel=\"canonical\" href=\"https:\/\/www.nexoinformativo.mx\/index.php\/2025\/01\/17\/gobierno-federal-anuncia-inversion-para-ampliacion-de-la-red-de-agua-potable-en-queretaro\/\" \/>\n<meta property=\"og:locale\" content=\"es_MX\" \/>\n<meta property=\"og:type\" content=\"article\" \/>\n<meta property=\"og:title\" content=\"Gobierno federal anuncia inversi\u00f3n para ampliaci\u00f3n de la red de agua potable en Quer\u00e9taro | Nexo Informativo Santiago de Quer\u00e9taro\" \/>\n<meta property=\"og:description\" content=\"Gobierno federal anuncia inversi\u00f3n para ampliaci\u00f3n de la red de agua potable en Quer\u00e9taro\" \/>\n<meta property=\"og:url\" content=\"https:\/\/www.nexoinformativo.mx\/index.php\/2025\/01\/17\/gobierno-federal-anuncia-inversion-para-ampliacion-de-la-red-de-agua-potable-en-queretaro\/\" \/>\n<meta property=\"og:site_name\" content=\"Nexo Informativo Santiago de Quer\u00e9taro\" \/>\n<meta property=\"article:publisher\" content=\"https:\/\/www.facebook.com\/people\/Nexo-Informativo\/61564066885511\/\" \/>\n<meta property=\"article:published_time\" content=\"2025-01-17T18:30:12+00:00\" \/>\n<meta property=\"article:modified_time\" content=\"2025-01-18T00:06:14+00:00\" \/>\n<meta property=\"og:image\" content=\"https:\/\/www.nexoinformativo.mx\/wp-content\/uploads\/2025\/01\/c749dfcc-0398-4750-bc81-fd05e66b797e-e1737158669659.jpg\" \/>\n\t<meta property=\"og:image:width\" content=\"800\" \/>\n\t<meta property=\"og:image:height\" content=\"533\" \/>\n\t<meta property=\"og:image:type\" content=\"image\/jpeg\" \/>\n<meta name=\"author\" content=\"Nexo Informativo\" \/>\n<meta name=\"twitter:card\" content=\"summary_large_image\" \/>\n<meta name=\"twitter:label1\" content=\"Escrito por\" \/>\n\t<meta name=\"twitter:data1\" content=\"Nexo Informativo\" \/>\n\t<meta name=\"twitter:label2\" content=\"Tiempo de lectura\" \/>\n\t<meta name=\"twitter:data2\" content=\"2 minutos\" \/>\n<script type=\"application\/ld+json\" class=\"yoast-schema-graph\">{\"@context\":\"https:\/\/schema.org\",\"@graph\":[{\"@type\":\"Article\",\"@id\":\"https:\/\/www.nexoinformativo.mx\/index.php\/2025\/01\/17\/gobierno-federal-anuncia-inversion-para-ampliacion-de-la-red-de-agua-potable-en-queretaro\/#article\",\"isPartOf\":{\"@id\":\"https:\/\/www.nexoinformativo.mx\/index.php\/2025\/01\/17\/gobierno-federal-anuncia-inversion-para-ampliacion-de-la-red-de-agua-potable-en-queretaro\/\"},\"author\":{\"name\":\"Nexo Informativo\",\"@id\":\"https:\/\/www.nexoinformativo.mx\/#\/schema\/person\/7749d380ba08c8ca00d7bc76fd907b7d\"},\"headline\":\"Gobierno federal anuncia inversi\u00f3n para ampliaci\u00f3n de la red de agua potable en Quer\u00e9taro\",\"datePublished\":\"2025-01-17T18:30:12+00:00\",\"dateModified\":\"2025-01-18T00:06:14+00:00\",\"mainEntityOfPage\":{\"@id\":\"https:\/\/www.nexoinformativo.mx\/index.php\/2025\/01\/17\/gobierno-federal-anuncia-inversion-para-ampliacion-de-la-red-de-agua-potable-en-queretaro\/\"},\"wordCount\":223,\"commentCount\":0,\"publisher\":{\"@id\":\"https:\/\/www.nexoinformativo.mx\/#organization\"},\"image\":{\"@id\":\"https:\/\/www.nexoinformativo.mx\/index.php\/2025\/01\/17\/gobierno-federal-anuncia-inversion-para-ampliacion-de-la-red-de-agua-potable-en-queretaro\/#primaryimage\"},\"thumbnailUrl\":\"https:\/\/www.nexoinformativo.mx\/wp-content\/uploads\/2025\/01\/c749dfcc-0398-4750-bc81-fd05e66b797e-e1737158669659.jpg\",\"keywords\":[\"AguaPotable\",\"GobiernoFederal\",\"Inversi\u00f3n\",\"Quer\u00e9taro\"],\"articleSection\":[\"Econom\u00eda\",\"Estado\",\"\u00daltima Hora\"],\"inLanguage\":\"es\",\"potentialAction\":[{\"@type\":\"CommentAction\",\"name\":\"Comment\",\"target\":[\"https:\/\/www.nexoinformativo.mx\/index.php\/2025\/01\/17\/gobierno-federal-anuncia-inversion-para-ampliacion-de-la-red-de-agua-potable-en-queretaro\/#respond\"]}]},{\"@type\":\"WebPage\",\"@id\":\"https:\/\/www.nexoinformativo.mx\/index.php\/2025\/01\/17\/gobierno-federal-anuncia-inversion-para-ampliacion-de-la-red-de-agua-potable-en-queretaro\/\",\"url\":\"https:\/\/www.nexoinformativo.mx\/index.php\/2025\/01\/17\/gobierno-federal-anuncia-inversion-para-ampliacion-de-la-red-de-agua-potable-en-queretaro\/\",\"name\":\"Gobierno federal anuncia inversi\u00f3n para ampliaci\u00f3n de la red de agua potable en Quer\u00e9taro | Nexo Informativo Santiago de Quer\u00e9taro\",\"isPartOf\":{\"@id\":\"https:\/\/www.nexoinformativo.mx\/#website\"},\"primaryImageOfPage\":{\"@id\":\"https:\/\/www.nexoinformativo.mx\/index.php\/2025\/01\/17\/gobierno-federal-anuncia-inversion-para-ampliacion-de-la-red-de-agua-potable-en-queretaro\/#primaryimage\"},\"image\":{\"@id\":\"https:\/\/www.nexoinformativo.mx\/index.php\/2025\/01\/17\/gobierno-federal-anuncia-inversion-para-ampliacion-de-la-red-de-agua-potable-en-queretaro\/#primaryimage\"},\"thumbnailUrl\":\"https:\/\/www.nexoinformativo.mx\/wp-content\/uploads\/2025\/01\/c749dfcc-0398-4750-bc81-fd05e66b797e-e1737158669659.jpg\",\"datePublished\":\"2025-01-17T18:30:12+00:00\",\"dateModified\":\"2025-01-18T00:06:14+00:00\",\"description\":\"Gobierno federal anuncia inversi\u00f3n para ampliaci\u00f3n de la red de agua potable en Quer\u00e9taro\",\"breadcrumb\":{\"@id\":\"https:\/\/www.nexoinformativo.mx\/index.php\/2025\/01\/17\/gobierno-federal-anuncia-inversion-para-ampliacion-de-la-red-de-agua-potable-en-queretaro\/#breadcrumb\"},\"inLanguage\":\"es\",\"potentialAction\":[{\"@type\":\"ReadAction\",\"target\":[\"https:\/\/www.nexoinformativo.mx\/index.php\/2025\/01\/17\/gobierno-federal-anuncia-inversion-para-ampliacion-de-la-red-de-agua-potable-en-queretaro\/\"]}]},{\"@type\":\"ImageObject\",\"inLanguage\":\"es\",\"@id\":\"https:\/\/www.nexoinformativo.mx\/index.php\/2025\/01\/17\/gobierno-federal-anuncia-inversion-para-ampliacion-de-la-red-de-agua-potable-en-queretaro\/#primaryimage\",\"url\":\"https:\/\/www.nexoinformativo.mx\/wp-content\/uploads\/2025\/01\/c749dfcc-0398-4750-bc81-fd05e66b797e-e1737158669659.jpg\",\"contentUrl\":\"https:\/\/www.nexoinformativo.mx\/wp-content\/uploads\/2025\/01\/c749dfcc-0398-4750-bc81-fd05e66b797e-e1737158669659.jpg\",\"width\":800,\"height\":533},{\"@type\":\"BreadcrumbList\",\"@id\":\"https:\/\/www.nexoinformativo.mx\/index.php\/2025\/01\/17\/gobierno-federal-anuncia-inversion-para-ampliacion-de-la-red-de-agua-potable-en-queretaro\/#breadcrumb\",\"itemListElement\":[{\"@type\":\"ListItem\",\"position\":1,\"name\":\"Inicio\",\"item\":\"https:\/\/www.nexoinformativo.mx\/\"},{\"@type\":\"ListItem\",\"position\":2,\"name\":\"Gobierno federal anuncia inversi\u00f3n para ampliaci\u00f3n de la red de agua potable en Quer\u00e9taro\"}]},{\"@type\":\"WebSite\",\"@id\":\"https:\/\/www.nexoinformativo.mx\/#website\",\"url\":\"https:\/\/www.nexoinformativo.mx\/\",\"name\":\"Nexo Informativo Santiago de Quer\u00e9taro\",\"description\":\"Explora NexoInformativo y convi\u00e9rtete en parte de una comunidad que valora el conocimiento y la verdad. Tu nexoinformativo es tu puente hacia una comprensi\u00f3n m\u00e1s profunda del mundo que te rodea.\",\"publisher\":{\"@id\":\"https:\/\/www.nexoinformativo.mx\/#organization\"},\"potentialAction\":[{\"@type\":\"SearchAction\",\"target\":{\"@type\":\"EntryPoint\",\"urlTemplate\":\"https:\/\/www.nexoinformativo.mx\/?s={search_term_string}\"},\"query-input\":{\"@type\":\"PropertyValueSpecification\",\"valueRequired\":true,\"valueName\":\"search_term_string\"}}],\"inLanguage\":\"es\"},{\"@type\":\"Organization\",\"@id\":\"https:\/\/www.nexoinformativo.mx\/#organization\",\"name\":\"Nexo Informativo Santiago de Quer\u00e9taro\",\"url\":\"https:\/\/www.nexoinformativo.mx\/\",\"logo\":{\"@type\":\"ImageObject\",\"inLanguage\":\"es\",\"@id\":\"https:\/\/www.nexoinformativo.mx\/#\/schema\/logo\/image\/\",\"url\":\"https:\/\/www.nexoinformativo.mx\/wp-content\/uploads\/2024\/07\/nexoi-trasparente-2.png\",\"contentUrl\":\"https:\/\/www.nexoinformativo.mx\/wp-content\/uploads\/2024\/07\/nexoi-trasparente-2.png\",\"width\":816,\"height\":339,\"caption\":\"Nexo Informativo Santiago de Quer\u00e9taro\"},\"image\":{\"@id\":\"https:\/\/www.nexoinformativo.mx\/#\/schema\/logo\/image\/\"},\"sameAs\":[\"https:\/\/www.facebook.com\/people\/Nexo-Informativo\/61564066885511\/\"]},{\"@type\":\"Person\",\"@id\":\"https:\/\/www.nexoinformativo.mx\/#\/schema\/person\/7749d380ba08c8ca00d7bc76fd907b7d\",\"name\":\"Nexo Informativo\",\"image\":{\"@type\":\"ImageObject\",\"inLanguage\":\"es\",\"@id\":\"https:\/\/www.nexoinformativo.mx\/#\/schema\/person\/image\/\",\"url\":\"https:\/\/secure.gravatar.com\/avatar\/dde2928154642a13d95f87ddf1ea9718fe2b46760a005c53e41ff5ad610704e6?s=96&d=mm&r=g\",\"contentUrl\":\"https:\/\/secure.gravatar.com\/avatar\/dde2928154642a13d95f87ddf1ea9718fe2b46760a005c53e41ff5ad610704e6?s=96&d=mm&r=g\",\"caption\":\"Nexo Informativo\"},\"url\":\"https:\/\/www.nexoinformativo.mx\/index.php\/author\/edicion\/\"}]}<\/script>\n<!-- \/ Yoast SEO plugin. -->","yoast_head_json":{"title":"Gobierno federal anuncia inversi\u00f3n para ampliaci\u00f3n de la red de agua potable en Quer\u00e9taro | Nexo Informativo Santiago de Quer\u00e9taro","description":"Gobierno federal anuncia inversi\u00f3n para ampliaci\u00f3n de la red de agua potable en Quer\u00e9taro","robots":{"index":"index","follow":"follow","max-snippet":"max-snippet:-1","max-image-preview":"max-image-preview:large","max-video-preview":"max-video-preview:-1"},"canonical":"https:\/\/www.nexoinformativo.mx\/index.php\/2025\/01\/17\/gobierno-federal-anuncia-inversion-para-ampliacion-de-la-red-de-agua-potable-en-queretaro\/","og_locale":"es_MX","og_type":"article","og_title":"Gobierno federal anuncia inversi\u00f3n para ampliaci\u00f3n de la red de agua potable en Quer\u00e9taro | Nexo Informativo Santiago de Quer\u00e9taro","og_description":"Gobierno federal anuncia inversi\u00f3n para ampliaci\u00f3n de la red de agua potable en Quer\u00e9taro","og_url":"https:\/\/www.nexoinformativo.mx\/index.php\/2025\/01\/17\/gobierno-federal-anuncia-inversion-para-ampliacion-de-la-red-de-agua-potable-en-queretaro\/","og_site_name":"Nexo Informativo Santiago de Quer\u00e9taro","article_publisher":"https:\/\/www.facebook.com\/people\/Nexo-Informativo\/61564066885511\/","article_published_time":"2025-01-17T18:30:12+00:00","article_modified_time":"2025-01-18T00:06:14+00:00","og_image":[{"width":800,"height":533,"url":"https:\/\/www.nexoinformativo.mx\/wp-content\/uploads\/2025\/01\/c749dfcc-0398-4750-bc81-fd05e66b797e-e1737158669659.jpg","type":"image\/jpeg"}],"author":"Nexo Informativo","twitter_card":"summary_large_image","twitter_misc":{"Escrito por":"Nexo Informativo","Tiempo de lectura":"2 minutos"},"schema":{"@context":"https:\/\/schema.org","@graph":[{"@type":"Article","@id":"https:\/\/www.nexoinformativo.mx\/index.php\/2025\/01\/17\/gobierno-federal-anuncia-inversion-para-ampliacion-de-la-red-de-agua-potable-en-queretaro\/#article","isPartOf":{"@id":"https:\/\/www.nexoinformativo.mx\/index.php\/2025\/01\/17\/gobierno-federal-anuncia-inversion-para-ampliacion-de-la-red-de-agua-potable-en-queretaro\/"},"author":{"name":"Nexo Informativo","@id":"https:\/\/www.nexoinformativo.mx\/#\/schema\/person\/7749d380ba08c8ca00d7bc76fd907b7d"},"headline":"Gobierno federal anuncia inversi\u00f3n para ampliaci\u00f3n de la red de agua potable en Quer\u00e9taro","datePublished":"2025-01-17T18:30:12+00:00","dateModified":"2025-01-18T00:06:14+00:00","mainEntityOfPage":{"@id":"https:\/\/www.nexoinformativo.mx\/index.php\/2025\/01\/17\/gobierno-federal-anuncia-inversion-para-ampliacion-de-la-red-de-agua-potable-en-queretaro\/"},"wordCount":223,"commentCount":0,"publisher":{"@id":"https:\/\/www.nexoinformativo.mx\/#organization"},"image":{"@id":"https:\/\/www.nexoinformativo.mx\/index.php\/2025\/01\/17\/gobierno-federal-anuncia-inversion-para-ampliacion-de-la-red-de-agua-potable-en-queretaro\/#primaryimage"},"thumbnailUrl":"https:\/\/www.nexoinformativo.mx\/wp-content\/uploads\/2025\/01\/c749dfcc-0398-4750-bc81-fd05e66b797e-e1737158669659.jpg","keywords":["AguaPotable","GobiernoFederal","Inversi\u00f3n","Quer\u00e9taro"],"articleSection":["Econom\u00eda","Estado","\u00daltima Hora"],"inLanguage":"es","potentialAction":[{"@type":"CommentAction","name":"Comment","target":["https:\/\/www.nexoinformativo.mx\/index.php\/2025\/01\/17\/gobierno-federal-anuncia-inversion-para-ampliacion-de-la-red-de-agua-potable-en-queretaro\/#respond"]}]},{"@type":"WebPage","@id":"https:\/\/www.nexoinformativo.mx\/index.php\/2025\/01\/17\/gobierno-federal-anuncia-inversion-para-ampliacion-de-la-red-de-agua-potable-en-queretaro\/","url":"https:\/\/www.nexoinformativo.mx\/index.php\/2025\/01\/17\/gobierno-federal-anuncia-inversion-para-ampliacion-de-la-red-de-agua-potable-en-queretaro\/","name":"Gobierno federal anuncia inversi\u00f3n para ampliaci\u00f3n de la red de agua potable en Quer\u00e9taro | Nexo Informativo Santiago de Quer\u00e9taro","isPartOf":{"@id":"https:\/\/www.nexoinformativo.mx\/#website"},"primaryImageOfPage":{"@id":"https:\/\/www.nexoinformativo.mx\/index.php\/2025\/01\/17\/gobierno-federal-anuncia-inversion-para-ampliacion-de-la-red-de-agua-potable-en-queretaro\/#primaryimage"},"image":{"@id":"https:\/\/www.nexoinformativo.mx\/index.php\/2025\/01\/17\/gobierno-federal-anuncia-inversion-para-ampliacion-de-la-red-de-agua-potable-en-queretaro\/#primaryimage"},"thumbnailUrl":"https:\/\/www.nexoinformativo.mx\/wp-content\/uploads\/2025\/01\/c749dfcc-0398-4750-bc81-fd05e66b797e-e1737158669659.jpg","datePublished":"2025-01-17T18:30:12+00:00","dateModified":"2025-01-18T00:06:14+00:00","description":"Gobierno federal anuncia inversi\u00f3n para ampliaci\u00f3n de la red de agua potable en Quer\u00e9taro","breadcrumb":{"@id":"https:\/\/www.nexoinformativo.mx\/index.php\/2025\/01\/17\/gobierno-federal-anuncia-inversion-para-ampliacion-de-la-red-de-agua-potable-en-queretaro\/#breadcrumb"},"inLanguage":"es","potentialAction":[{"@type":"ReadAction","target":["https:\/\/www.nexoinformativo.mx\/index.php\/2025\/01\/17\/gobierno-federal-anuncia-inversion-para-ampliacion-de-la-red-de-agua-potable-en-queretaro\/"]}]},{"@type":"ImageObject","inLanguage":"es","@id":"https:\/\/www.nexoinformativo.mx\/index.php\/2025\/01\/17\/gobierno-federal-anuncia-inversion-para-ampliacion-de-la-red-de-agua-potable-en-queretaro\/#primaryimage","url":"https:\/\/www.nexoinformativo.mx\/wp-content\/uploads\/2025\/01\/c749dfcc-0398-4750-bc81-fd05e66b797e-e1737158669659.jpg","contentUrl":"https:\/\/www.nexoinformativo.mx\/wp-content\/uploads\/2025\/01\/c749dfcc-0398-4750-bc81-fd05e66b797e-e1737158669659.jpg","width":800,"height":533},{"@type":"BreadcrumbList","@id":"https:\/\/www.nexoinformativo.mx\/index.php\/2025\/01\/17\/gobierno-federal-anuncia-inversion-para-ampliacion-de-la-red-de-agua-potable-en-queretaro\/#breadcrumb","itemListElement":[{"@type":"ListItem","position":1,"name":"Inicio","item":"https:\/\/www.nexoinformativo.mx\/"},{"@type":"ListItem","position":2,"name":"Gobierno federal anuncia inversi\u00f3n para ampliaci\u00f3n de la red de agua potable en Quer\u00e9taro"}]},{"@type":"WebSite","@id":"https:\/\/www.nexoinformativo.mx\/#website","url":"https:\/\/www.nexoinformativo.mx\/","name":"Nexo Informativo Santiago de Quer\u00e9taro","description":"Explora NexoInformativo y convi\u00e9rtete en parte de una comunidad que valora el conocimiento y la verdad. Tu nexoinformativo es tu puente hacia una comprensi\u00f3n m\u00e1s profunda del mundo que te rodea.","publisher":{"@id":"https:\/\/www.nexoinformativo.mx\/#organization"},"potentialAction":[{"@type":"SearchAction","target":{"@type":"EntryPoint","urlTemplate":"https:\/\/www.nexoinformativo.mx\/?s={search_term_string}"},"query-input":{"@type":"PropertyValueSpecification","valueRequired":true,"valueName":"search_term_string"}}],"inLanguage":"es"},{"@type":"Organization","@id":"https:\/\/www.nexoinformativo.mx\/#organization","name":"Nexo Informativo Santiago de Quer\u00e9taro","url":"https:\/\/www.nexoinformativo.mx\/","logo":{"@type":"ImageObject","inLanguage":"es","@id":"https:\/\/www.nexoinformativo.mx\/#\/schema\/logo\/image\/","url":"https:\/\/www.nexoinformativo.mx\/wp-content\/uploads\/2024\/07\/nexoi-trasparente-2.png","contentUrl":"https:\/\/www.nexoinformativo.mx\/wp-content\/uploads\/2024\/07\/nexoi-trasparente-2.png","width":816,"height":339,"caption":"Nexo Informativo Santiago de Quer\u00e9taro"},"image":{"@id":"https:\/\/www.nexoinformativo.mx\/#\/schema\/logo\/image\/"},"sameAs":["https:\/\/www.facebook.com\/people\/Nexo-Informativo\/61564066885511\/"]},{"@type":"Person","@id":"https:\/\/www.nexoinformativo.mx\/#\/schema\/person\/7749d380ba08c8ca00d7bc76fd907b7d","name":"Nexo Informativo","image":{"@type":"ImageObject","inLanguage":"es","@id":"https:\/\/www.nexoinformativo.mx\/#\/schema\/person\/image\/","url":"https:\/\/secure.gravatar.com\/avatar\/dde2928154642a13d95f87ddf1ea9718fe2b46760a005c53e41ff5ad610704e6?s=96&d=mm&r=g","contentUrl":"https:\/\/secure.gravatar.com\/avatar\/dde2928154642a13d95f87ddf1ea9718fe2b46760a005c53e41ff5ad610704e6?s=96&d=mm&r=g","caption":"Nexo Informativo"},"url":"https:\/\/www.nexoinformativo.mx\/index.php\/author\/edicion\/"}]}},"_links":{"self":[{"href":"https:\/\/www.nexoinformativo.mx\/index.php\/wp-json\/wp\/v2\/posts\/10137","targetHints":{"allow":["GET"]}}],"collection":[{"href":"https:\/\/www.nexoinformativo.mx\/index.php\/wp-json\/wp\/v2\/posts"}],"about":[{"href":"https:\/\/www.nexoinformativo.mx\/index.php\/wp-json\/wp\/v2\/types\/post"}],"author":[{"embeddable":true,"href":"https:\/\/www.nexoinformativo.mx\/index.php\/wp-json\/wp\/v2\/users\/3"}],"replies":[{"embeddable":true,"href":"https:\/\/www.nexoinformativo.mx\/index.php\/wp-json\/wp\/v2\/comments?post=10137"}],"version-history":[{"count":4,"href":"https:\/\/www.nexoinformativo.mx\/index.php\/wp-json\/wp\/v2\/posts\/10137\/revisions"}],"predecessor-version":[{"id":10141,"href":"https:\/\/www.nexoinformativo.mx\/index.php\/wp-json\/wp\/v2\/posts\/10137\/revisions\/10141"}],"wp:featuredmedia":[{"embeddable":true,"href":"https:\/\/www.nexoinformativo.mx\/index.php\/wp-json\/wp\/v2\/media\/10139"}],"wp:attachment":[{"href":"https:\/\/www.nexoinformativo.mx\/index.php\/wp-json\/wp\/v2\/media?parent=10137"}],"wp:term":[{"taxonomy":"category","embeddable":true,"href":"https:\/\/www.nexoinformativo.mx\/index.php\/wp-json\/wp\/v2\/categories?post=10137"},{"taxonomy":"post_tag","embeddable":true,"href":"https:\/\/www.nexoinformativo.mx\/index.php\/wp-json\/wp\/v2\/tags?post=10137"}],"curies":[{"name":"wp","href":"https:\/\/api.w.org\/{rel}","templated":true}]}}