{"id":10153,"date":"2025-01-17T14:00:20","date_gmt":"2025-01-17T20:00:20","guid":{"rendered":"https:\/\/www.nexoinformativo.mx\/?p=10153"},"modified":"2025-01-17T18:29:11","modified_gmt":"2025-01-18T00:29:11","slug":"felifer-macias-refuerza-vigilancia-en-queretaro-tras-intento-de-robo-de-scooter","status":"publish","type":"post","link":"https:\/\/www.nexoinformativo.mx\/index.php\/2025\/01\/17\/felifer-macias-refuerza-vigilancia-en-queretaro-tras-intento-de-robo-de-scooter\/","title":{"rendered":"Felifer Mac\u00edas refuerza vigilancia en Quer\u00e9taro tras intento de robo de scooter"},"content":{"rendered":"<p style=\"text-align: justify;\">El presidente municipal de Quer\u00e9taro, Felifer Mac\u00edas, asegur\u00f3 que se ha reportado solo un intento de robo de un scooter, y que el responsable fue detenido.<\/p>\n<p>&nbsp;<\/p>\n<p style=\"text-align: justify;\">Mac\u00edas destac\u00f3 la pronta respuesta de la guardia municipal y la efectividad de los sistemas de vigilancia en colaboraci\u00f3n con la empresa AMEQ y el mecanismo de monitoreo municipal.<\/p>\n<p>&nbsp;<\/p>\n<p style=\"text-align: justify;\">Mac\u00edas recalc\u00f3 que siempre habr\u00e1 intentos de transgresi\u00f3n, pero que no se permitir\u00e1n estos actos. Enfatiz\u00f3 que la vigilancia de la ciudad se mantendr\u00e1 en todos los rubros para garantizar la seguridad de los ciudadanos y la eficiencia de los mecanismos de micromovilidad.<\/p>\n<p>&nbsp;<\/p>\n<p style=\"text-align: justify;\">La nueva modalidad de transporte con scooters el\u00e9ctricos se lanz\u00f3 este jueves, y se continuar\u00e1 trabajando para asegurar que los ciudadanos disfruten de este mecanismo de micromovilidad de forma segura y efectiva.<\/p>\n<p>&nbsp;<\/p>\n<p style=\"text-align: center;\"><em><strong>\u00a1Informaci\u00f3n que transforma!<\/strong><\/em><\/p>\n","protected":false},"excerpt":{"rendered":"<p>El presidente municipal de Quer\u00e9taro, Felifer Mac\u00edas, asegur\u00f3 que se ha reportado solo un intento de robo de un scooter, y que el responsable fue detenido.<\/p>\n","protected":false},"author":3,"featured_media":10154,"comment_status":"open","ping_status":"open","sticky":false,"template":"","format":"standard","meta":{"footnotes":""},"categories":[65,58],"tags":[3155,874,3154,266],"class_list":["post-10153","post","type-post","status-publish","format-standard","has-post-thumbnail","hentry","category-municipios","category-ultima-hora","tag-felipefernandomacias","tag-guardiamunicipal","tag-micromovilidad","tag-seguridadqueretaro"],"yoast_head":"<!-- This site is optimized with the Yoast SEO plugin v25.0 - https:\/\/yoast.com\/wordpress\/plugins\/seo\/ -->\n<title>Felifer Mac\u00edas refuerza vigilancia en Quer\u00e9taro tras intento de robo de scooter | Nexo Informativo Santiago de Quer\u00e9taro<\/title>\n<meta name=\"description\" content=\"Felifer Mac\u00edas refuerza vigilancia en Quer\u00e9taro tras intento de robo de scooter\" \/>\n<meta name=\"robots\" content=\"index, follow, max-snippet:-1, max-image-preview:large, max-video-preview:-1\" \/>\n<link rel=\"canonical\" href=\"https:\/\/www.nexoinformativo.mx\/index.php\/2025\/01\/17\/felifer-macias-refuerza-vigilancia-en-queretaro-tras-intento-de-robo-de-scooter\/\" \/>\n<meta property=\"og:locale\" content=\"es_MX\" \/>\n<meta property=\"og:type\" content=\"article\" \/>\n<meta property=\"og:title\" content=\"Felifer Mac\u00edas refuerza vigilancia en Quer\u00e9taro tras intento de robo de scooter | Nexo Informativo Santiago de Quer\u00e9taro\" \/>\n<meta property=\"og:description\" content=\"Felifer Mac\u00edas refuerza vigilancia en Quer\u00e9taro tras intento de robo de scooter\" \/>\n<meta property=\"og:url\" content=\"https:\/\/www.nexoinformativo.mx\/index.php\/2025\/01\/17\/felifer-macias-refuerza-vigilancia-en-queretaro-tras-intento-de-robo-de-scooter\/\" \/>\n<meta property=\"og:site_name\" content=\"Nexo Informativo Santiago de Quer\u00e9taro\" \/>\n<meta property=\"article:publisher\" content=\"https:\/\/www.facebook.com\/people\/Nexo-Informativo\/61564066885511\/\" \/>\n<meta property=\"article:published_time\" content=\"2025-01-17T20:00:20+00:00\" \/>\n<meta property=\"article:modified_time\" content=\"2025-01-18T00:29:11+00:00\" \/>\n<meta property=\"og:image\" content=\"https:\/\/www.nexoinformativo.mx\/wp-content\/uploads\/2025\/01\/PHOTO-2025-01-17-15-38-07-e1737160082856.jpg\" \/>\n\t<meta property=\"og:image:width\" content=\"800\" \/>\n\t<meta property=\"og:image:height\" content=\"600\" \/>\n\t<meta property=\"og:image:type\" content=\"image\/jpeg\" \/>\n<meta name=\"author\" content=\"Nexo Informativo\" \/>\n<meta name=\"twitter:card\" content=\"summary_large_image\" \/>\n<meta name=\"twitter:label1\" content=\"Escrito por\" \/>\n\t<meta name=\"twitter:data1\" content=\"Nexo Informativo\" \/>\n\t<meta name=\"twitter:label2\" content=\"Tiempo de lectura\" \/>\n\t<meta name=\"twitter:data2\" content=\"1 minuto\" \/>\n<script type=\"application\/ld+json\" class=\"yoast-schema-graph\">{\"@context\":\"https:\/\/schema.org\",\"@graph\":[{\"@type\":\"Article\",\"@id\":\"https:\/\/www.nexoinformativo.mx\/index.php\/2025\/01\/17\/felifer-macias-refuerza-vigilancia-en-queretaro-tras-intento-de-robo-de-scooter\/#article\",\"isPartOf\":{\"@id\":\"https:\/\/www.nexoinformativo.mx\/index.php\/2025\/01\/17\/felifer-macias-refuerza-vigilancia-en-queretaro-tras-intento-de-robo-de-scooter\/\"},\"author\":{\"name\":\"Nexo Informativo\",\"@id\":\"https:\/\/www.nexoinformativo.mx\/#\/schema\/person\/7749d380ba08c8ca00d7bc76fd907b7d\"},\"headline\":\"Felifer Mac\u00edas refuerza vigilancia en Quer\u00e9taro tras intento de robo de scooter\",\"datePublished\":\"2025-01-17T20:00:20+00:00\",\"dateModified\":\"2025-01-18T00:29:11+00:00\",\"mainEntityOfPage\":{\"@id\":\"https:\/\/www.nexoinformativo.mx\/index.php\/2025\/01\/17\/felifer-macias-refuerza-vigilancia-en-queretaro-tras-intento-de-robo-de-scooter\/\"},\"wordCount\":160,\"commentCount\":0,\"publisher\":{\"@id\":\"https:\/\/www.nexoinformativo.mx\/#organization\"},\"image\":{\"@id\":\"https:\/\/www.nexoinformativo.mx\/index.php\/2025\/01\/17\/felifer-macias-refuerza-vigilancia-en-queretaro-tras-intento-de-robo-de-scooter\/#primaryimage\"},\"thumbnailUrl\":\"https:\/\/www.nexoinformativo.mx\/wp-content\/uploads\/2025\/01\/PHOTO-2025-01-17-15-38-07-e1737160082856.jpg\",\"keywords\":[\"FelipeFernandoMac\u00edas\",\"GuardiaMunicipal\",\"Micromovilidad\",\"SeguridadQueretaro\"],\"articleSection\":[\"Municipios\",\"\u00daltima Hora\"],\"inLanguage\":\"es\",\"potentialAction\":[{\"@type\":\"CommentAction\",\"name\":\"Comment\",\"target\":[\"https:\/\/www.nexoinformativo.mx\/index.php\/2025\/01\/17\/felifer-macias-refuerza-vigilancia-en-queretaro-tras-intento-de-robo-de-scooter\/#respond\"]}]},{\"@type\":\"WebPage\",\"@id\":\"https:\/\/www.nexoinformativo.mx\/index.php\/2025\/01\/17\/felifer-macias-refuerza-vigilancia-en-queretaro-tras-intento-de-robo-de-scooter\/\",\"url\":\"https:\/\/www.nexoinformativo.mx\/index.php\/2025\/01\/17\/felifer-macias-refuerza-vigilancia-en-queretaro-tras-intento-de-robo-de-scooter\/\",\"name\":\"Felifer Mac\u00edas refuerza vigilancia en Quer\u00e9taro tras intento de robo de scooter | Nexo Informativo Santiago de Quer\u00e9taro\",\"isPartOf\":{\"@id\":\"https:\/\/www.nexoinformativo.mx\/#website\"},\"primaryImageOfPage\":{\"@id\":\"https:\/\/www.nexoinformativo.mx\/index.php\/2025\/01\/17\/felifer-macias-refuerza-vigilancia-en-queretaro-tras-intento-de-robo-de-scooter\/#primaryimage\"},\"image\":{\"@id\":\"https:\/\/www.nexoinformativo.mx\/index.php\/2025\/01\/17\/felifer-macias-refuerza-vigilancia-en-queretaro-tras-intento-de-robo-de-scooter\/#primaryimage\"},\"thumbnailUrl\":\"https:\/\/www.nexoinformativo.mx\/wp-content\/uploads\/2025\/01\/PHOTO-2025-01-17-15-38-07-e1737160082856.jpg\",\"datePublished\":\"2025-01-17T20:00:20+00:00\",\"dateModified\":\"2025-01-18T00:29:11+00:00\",\"description\":\"Felifer Mac\u00edas refuerza vigilancia en Quer\u00e9taro tras intento de robo de scooter\",\"breadcrumb\":{\"@id\":\"https:\/\/www.nexoinformativo.mx\/index.php\/2025\/01\/17\/felifer-macias-refuerza-vigilancia-en-queretaro-tras-intento-de-robo-de-scooter\/#breadcrumb\"},\"inLanguage\":\"es\",\"potentialAction\":[{\"@type\":\"ReadAction\",\"target\":[\"https:\/\/www.nexoinformativo.mx\/index.php\/2025\/01\/17\/felifer-macias-refuerza-vigilancia-en-queretaro-tras-intento-de-robo-de-scooter\/\"]}]},{\"@type\":\"ImageObject\",\"inLanguage\":\"es\",\"@id\":\"https:\/\/www.nexoinformativo.mx\/index.php\/2025\/01\/17\/felifer-macias-refuerza-vigilancia-en-queretaro-tras-intento-de-robo-de-scooter\/#primaryimage\",\"url\":\"https:\/\/www.nexoinformativo.mx\/wp-content\/uploads\/2025\/01\/PHOTO-2025-01-17-15-38-07-e1737160082856.jpg\",\"contentUrl\":\"https:\/\/www.nexoinformativo.mx\/wp-content\/uploads\/2025\/01\/PHOTO-2025-01-17-15-38-07-e1737160082856.jpg\",\"width\":800,\"height\":600},{\"@type\":\"BreadcrumbList\",\"@id\":\"https:\/\/www.nexoinformativo.mx\/index.php\/2025\/01\/17\/felifer-macias-refuerza-vigilancia-en-queretaro-tras-intento-de-robo-de-scooter\/#breadcrumb\",\"itemListElement\":[{\"@type\":\"ListItem\",\"position\":1,\"name\":\"Inicio\",\"item\":\"https:\/\/www.nexoinformativo.mx\/\"},{\"@type\":\"ListItem\",\"position\":2,\"name\":\"Felifer Mac\u00edas refuerza vigilancia en Quer\u00e9taro tras intento de robo de scooter\"}]},{\"@type\":\"WebSite\",\"@id\":\"https:\/\/www.nexoinformativo.mx\/#website\",\"url\":\"https:\/\/www.nexoinformativo.mx\/\",\"name\":\"Nexo Informativo Santiago de Quer\u00e9taro\",\"description\":\"Explora NexoInformativo y convi\u00e9rtete en parte de una comunidad que valora el conocimiento y la verdad. Tu nexoinformativo es tu puente hacia una comprensi\u00f3n m\u00e1s profunda del mundo que te rodea.\",\"publisher\":{\"@id\":\"https:\/\/www.nexoinformativo.mx\/#organization\"},\"potentialAction\":[{\"@type\":\"SearchAction\",\"target\":{\"@type\":\"EntryPoint\",\"urlTemplate\":\"https:\/\/www.nexoinformativo.mx\/?s={search_term_string}\"},\"query-input\":{\"@type\":\"PropertyValueSpecification\",\"valueRequired\":true,\"valueName\":\"search_term_string\"}}],\"inLanguage\":\"es\"},{\"@type\":\"Organization\",\"@id\":\"https:\/\/www.nexoinformativo.mx\/#organization\",\"name\":\"Nexo Informativo Santiago de Quer\u00e9taro\",\"url\":\"https:\/\/www.nexoinformativo.mx\/\",\"logo\":{\"@type\":\"ImageObject\",\"inLanguage\":\"es\",\"@id\":\"https:\/\/www.nexoinformativo.mx\/#\/schema\/logo\/image\/\",\"url\":\"https:\/\/www.nexoinformativo.mx\/wp-content\/uploads\/2024\/07\/nexoi-trasparente-2.png\",\"contentUrl\":\"https:\/\/www.nexoinformativo.mx\/wp-content\/uploads\/2024\/07\/nexoi-trasparente-2.png\",\"width\":816,\"height\":339,\"caption\":\"Nexo Informativo Santiago de Quer\u00e9taro\"},\"image\":{\"@id\":\"https:\/\/www.nexoinformativo.mx\/#\/schema\/logo\/image\/\"},\"sameAs\":[\"https:\/\/www.facebook.com\/people\/Nexo-Informativo\/61564066885511\/\"]},{\"@type\":\"Person\",\"@id\":\"https:\/\/www.nexoinformativo.mx\/#\/schema\/person\/7749d380ba08c8ca00d7bc76fd907b7d\",\"name\":\"Nexo Informativo\",\"image\":{\"@type\":\"ImageObject\",\"inLanguage\":\"es\",\"@id\":\"https:\/\/www.nexoinformativo.mx\/#\/schema\/person\/image\/\",\"url\":\"https:\/\/secure.gravatar.com\/avatar\/dde2928154642a13d95f87ddf1ea9718fe2b46760a005c53e41ff5ad610704e6?s=96&d=mm&r=g\",\"contentUrl\":\"https:\/\/secure.gravatar.com\/avatar\/dde2928154642a13d95f87ddf1ea9718fe2b46760a005c53e41ff5ad610704e6?s=96&d=mm&r=g\",\"caption\":\"Nexo Informativo\"},\"url\":\"https:\/\/www.nexoinformativo.mx\/index.php\/author\/edicion\/\"}]}<\/script>\n<!-- \/ Yoast SEO plugin. -->","yoast_head_json":{"title":"Felifer Mac\u00edas refuerza vigilancia en Quer\u00e9taro tras intento de robo de scooter | Nexo Informativo Santiago de Quer\u00e9taro","description":"Felifer Mac\u00edas refuerza vigilancia en Quer\u00e9taro tras intento de robo de scooter","robots":{"index":"index","follow":"follow","max-snippet":"max-snippet:-1","max-image-preview":"max-image-preview:large","max-video-preview":"max-video-preview:-1"},"canonical":"https:\/\/www.nexoinformativo.mx\/index.php\/2025\/01\/17\/felifer-macias-refuerza-vigilancia-en-queretaro-tras-intento-de-robo-de-scooter\/","og_locale":"es_MX","og_type":"article","og_title":"Felifer Mac\u00edas refuerza vigilancia en Quer\u00e9taro tras intento de robo de scooter | Nexo Informativo Santiago de Quer\u00e9taro","og_description":"Felifer Mac\u00edas refuerza vigilancia en Quer\u00e9taro tras intento de robo de scooter","og_url":"https:\/\/www.nexoinformativo.mx\/index.php\/2025\/01\/17\/felifer-macias-refuerza-vigilancia-en-queretaro-tras-intento-de-robo-de-scooter\/","og_site_name":"Nexo Informativo Santiago de Quer\u00e9taro","article_publisher":"https:\/\/www.facebook.com\/people\/Nexo-Informativo\/61564066885511\/","article_published_time":"2025-01-17T20:00:20+00:00","article_modified_time":"2025-01-18T00:29:11+00:00","og_image":[{"width":800,"height":600,"url":"https:\/\/www.nexoinformativo.mx\/wp-content\/uploads\/2025\/01\/PHOTO-2025-01-17-15-38-07-e1737160082856.jpg","type":"image\/jpeg"}],"author":"Nexo Informativo","twitter_card":"summary_large_image","twitter_misc":{"Escrito por":"Nexo Informativo","Tiempo de lectura":"1 minuto"},"schema":{"@context":"https:\/\/schema.org","@graph":[{"@type":"Article","@id":"https:\/\/www.nexoinformativo.mx\/index.php\/2025\/01\/17\/felifer-macias-refuerza-vigilancia-en-queretaro-tras-intento-de-robo-de-scooter\/#article","isPartOf":{"@id":"https:\/\/www.nexoinformativo.mx\/index.php\/2025\/01\/17\/felifer-macias-refuerza-vigilancia-en-queretaro-tras-intento-de-robo-de-scooter\/"},"author":{"name":"Nexo Informativo","@id":"https:\/\/www.nexoinformativo.mx\/#\/schema\/person\/7749d380ba08c8ca00d7bc76fd907b7d"},"headline":"Felifer Mac\u00edas refuerza vigilancia en Quer\u00e9taro tras intento de robo de scooter","datePublished":"2025-01-17T20:00:20+00:00","dateModified":"2025-01-18T00:29:11+00:00","mainEntityOfPage":{"@id":"https:\/\/www.nexoinformativo.mx\/index.php\/2025\/01\/17\/felifer-macias-refuerza-vigilancia-en-queretaro-tras-intento-de-robo-de-scooter\/"},"wordCount":160,"commentCount":0,"publisher":{"@id":"https:\/\/www.nexoinformativo.mx\/#organization"},"image":{"@id":"https:\/\/www.nexoinformativo.mx\/index.php\/2025\/01\/17\/felifer-macias-refuerza-vigilancia-en-queretaro-tras-intento-de-robo-de-scooter\/#primaryimage"},"thumbnailUrl":"https:\/\/www.nexoinformativo.mx\/wp-content\/uploads\/2025\/01\/PHOTO-2025-01-17-15-38-07-e1737160082856.jpg","keywords":["FelipeFernandoMac\u00edas","GuardiaMunicipal","Micromovilidad","SeguridadQueretaro"],"articleSection":["Municipios","\u00daltima Hora"],"inLanguage":"es","potentialAction":[{"@type":"CommentAction","name":"Comment","target":["https:\/\/www.nexoinformativo.mx\/index.php\/2025\/01\/17\/felifer-macias-refuerza-vigilancia-en-queretaro-tras-intento-de-robo-de-scooter\/#respond"]}]},{"@type":"WebPage","@id":"https:\/\/www.nexoinformativo.mx\/index.php\/2025\/01\/17\/felifer-macias-refuerza-vigilancia-en-queretaro-tras-intento-de-robo-de-scooter\/","url":"https:\/\/www.nexoinformativo.mx\/index.php\/2025\/01\/17\/felifer-macias-refuerza-vigilancia-en-queretaro-tras-intento-de-robo-de-scooter\/","name":"Felifer Mac\u00edas refuerza vigilancia en Quer\u00e9taro tras intento de robo de scooter | Nexo Informativo Santiago de Quer\u00e9taro","isPartOf":{"@id":"https:\/\/www.nexoinformativo.mx\/#website"},"primaryImageOfPage":{"@id":"https:\/\/www.nexoinformativo.mx\/index.php\/2025\/01\/17\/felifer-macias-refuerza-vigilancia-en-queretaro-tras-intento-de-robo-de-scooter\/#primaryimage"},"image":{"@id":"https:\/\/www.nexoinformativo.mx\/index.php\/2025\/01\/17\/felifer-macias-refuerza-vigilancia-en-queretaro-tras-intento-de-robo-de-scooter\/#primaryimage"},"thumbnailUrl":"https:\/\/www.nexoinformativo.mx\/wp-content\/uploads\/2025\/01\/PHOTO-2025-01-17-15-38-07-e1737160082856.jpg","datePublished":"2025-01-17T20:00:20+00:00","dateModified":"2025-01-18T00:29:11+00:00","description":"Felifer Mac\u00edas refuerza vigilancia en Quer\u00e9taro tras intento de robo de scooter","breadcrumb":{"@id":"https:\/\/www.nexoinformativo.mx\/index.php\/2025\/01\/17\/felifer-macias-refuerza-vigilancia-en-queretaro-tras-intento-de-robo-de-scooter\/#breadcrumb"},"inLanguage":"es","potentialAction":[{"@type":"ReadAction","target":["https:\/\/www.nexoinformativo.mx\/index.php\/2025\/01\/17\/felifer-macias-refuerza-vigilancia-en-queretaro-tras-intento-de-robo-de-scooter\/"]}]},{"@type":"ImageObject","inLanguage":"es","@id":"https:\/\/www.nexoinformativo.mx\/index.php\/2025\/01\/17\/felifer-macias-refuerza-vigilancia-en-queretaro-tras-intento-de-robo-de-scooter\/#primaryimage","url":"https:\/\/www.nexoinformativo.mx\/wp-content\/uploads\/2025\/01\/PHOTO-2025-01-17-15-38-07-e1737160082856.jpg","contentUrl":"https:\/\/www.nexoinformativo.mx\/wp-content\/uploads\/2025\/01\/PHOTO-2025-01-17-15-38-07-e1737160082856.jpg","width":800,"height":600},{"@type":"BreadcrumbList","@id":"https:\/\/www.nexoinformativo.mx\/index.php\/2025\/01\/17\/felifer-macias-refuerza-vigilancia-en-queretaro-tras-intento-de-robo-de-scooter\/#breadcrumb","itemListElement":[{"@type":"ListItem","position":1,"name":"Inicio","item":"https:\/\/www.nexoinformativo.mx\/"},{"@type":"ListItem","position":2,"name":"Felifer Mac\u00edas refuerza vigilancia en Quer\u00e9taro tras intento de robo de scooter"}]},{"@type":"WebSite","@id":"https:\/\/www.nexoinformativo.mx\/#website","url":"https:\/\/www.nexoinformativo.mx\/","name":"Nexo Informativo Santiago de Quer\u00e9taro","description":"Explora NexoInformativo y convi\u00e9rtete en parte de una comunidad que valora el conocimiento y la verdad. Tu nexoinformativo es tu puente hacia una comprensi\u00f3n m\u00e1s profunda del mundo que te rodea.","publisher":{"@id":"https:\/\/www.nexoinformativo.mx\/#organization"},"potentialAction":[{"@type":"SearchAction","target":{"@type":"EntryPoint","urlTemplate":"https:\/\/www.nexoinformativo.mx\/?s={search_term_string}"},"query-input":{"@type":"PropertyValueSpecification","valueRequired":true,"valueName":"search_term_string"}}],"inLanguage":"es"},{"@type":"Organization","@id":"https:\/\/www.nexoinformativo.mx\/#organization","name":"Nexo Informativo Santiago de Quer\u00e9taro","url":"https:\/\/www.nexoinformativo.mx\/","logo":{"@type":"ImageObject","inLanguage":"es","@id":"https:\/\/www.nexoinformativo.mx\/#\/schema\/logo\/image\/","url":"https:\/\/www.nexoinformativo.mx\/wp-content\/uploads\/2024\/07\/nexoi-trasparente-2.png","contentUrl":"https:\/\/www.nexoinformativo.mx\/wp-content\/uploads\/2024\/07\/nexoi-trasparente-2.png","width":816,"height":339,"caption":"Nexo Informativo Santiago de Quer\u00e9taro"},"image":{"@id":"https:\/\/www.nexoinformativo.mx\/#\/schema\/logo\/image\/"},"sameAs":["https:\/\/www.facebook.com\/people\/Nexo-Informativo\/61564066885511\/"]},{"@type":"Person","@id":"https:\/\/www.nexoinformativo.mx\/#\/schema\/person\/7749d380ba08c8ca00d7bc76fd907b7d","name":"Nexo Informativo","image":{"@type":"ImageObject","inLanguage":"es","@id":"https:\/\/www.nexoinformativo.mx\/#\/schema\/person\/image\/","url":"https:\/\/secure.gravatar.com\/avatar\/dde2928154642a13d95f87ddf1ea9718fe2b46760a005c53e41ff5ad610704e6?s=96&d=mm&r=g","contentUrl":"https:\/\/secure.gravatar.com\/avatar\/dde2928154642a13d95f87ddf1ea9718fe2b46760a005c53e41ff5ad610704e6?s=96&d=mm&r=g","caption":"Nexo Informativo"},"url":"https:\/\/www.nexoinformativo.mx\/index.php\/author\/edicion\/"}]}},"_links":{"self":[{"href":"https:\/\/www.nexoinformativo.mx\/index.php\/wp-json\/wp\/v2\/posts\/10153","targetHints":{"allow":["GET"]}}],"collection":[{"href":"https:\/\/www.nexoinformativo.mx\/index.php\/wp-json\/wp\/v2\/posts"}],"about":[{"href":"https:\/\/www.nexoinformativo.mx\/index.php\/wp-json\/wp\/v2\/types\/post"}],"author":[{"embeddable":true,"href":"https:\/\/www.nexoinformativo.mx\/index.php\/wp-json\/wp\/v2\/users\/3"}],"replies":[{"embeddable":true,"href":"https:\/\/www.nexoinformativo.mx\/index.php\/wp-json\/wp\/v2\/comments?post=10153"}],"version-history":[{"count":4,"href":"https:\/\/www.nexoinformativo.mx\/index.php\/wp-json\/wp\/v2\/posts\/10153\/revisions"}],"predecessor-version":[{"id":10158,"href":"https:\/\/www.nexoinformativo.mx\/index.php\/wp-json\/wp\/v2\/posts\/10153\/revisions\/10158"}],"wp:featuredmedia":[{"embeddable":true,"href":"https:\/\/www.nexoinformativo.mx\/index.php\/wp-json\/wp\/v2\/media\/10154"}],"wp:attachment":[{"href":"https:\/\/www.nexoinformativo.mx\/index.php\/wp-json\/wp\/v2\/media?parent=10153"}],"wp:term":[{"taxonomy":"category","embeddable":true,"href":"https:\/\/www.nexoinformativo.mx\/index.php\/wp-json\/wp\/v2\/categories?post=10153"},{"taxonomy":"post_tag","embeddable":true,"href":"https:\/\/www.nexoinformativo.mx\/index.php\/wp-json\/wp\/v2\/tags?post=10153"}],"curies":[{"name":"wp","href":"https:\/\/api.w.org\/{rel}","templated":true}]}}