{"id":10164,"date":"2025-01-18T06:30:17","date_gmt":"2025-01-18T12:30:17","guid":{"rendered":"https:\/\/www.nexoinformativo.mx\/?p=10164"},"modified":"2025-01-18T11:06:08","modified_gmt":"2025-01-18T17:06:08","slug":"cancilleres-de-america-latina-firman-pacto-para-una-migracion-segura-y-ordenada","status":"publish","type":"post","link":"https:\/\/www.nexoinformativo.mx\/index.php\/2025\/01\/18\/cancilleres-de-america-latina-firman-pacto-para-una-migracion-segura-y-ordenada\/","title":{"rendered":"Cancilleres de Am\u00e9rica Latina firman pacto para una migraci\u00f3n segura y ordenada"},"content":{"rendered":"<p style=\"text-align: justify;\" data-sourcepos=\"11:1-11:349\">En un hist\u00f3rico encuentro regional, los pa\u00edses de Am\u00e9rica Latina acordaron trabajar de manera conjunta para enfrentar los desaf\u00edos de la movilidad humana. Convocados por M\u00e9xico, los cancilleres de la regi\u00f3n se reunieron en la Ciudad de M\u00e9xico para discutir estrategias y fortalecer la cooperaci\u00f3n en materia migratoria.<\/p>\n<\/p>\n<p>&nbsp;<\/p>\n<p style=\"text-align: justify;\" data-sourcepos=\"13:1-13:278\">El canciller mexicano, Juan Ram\u00f3n de la Fuente, destac\u00f3 la importancia de abordar la migraci\u00f3n como un fen\u00f3meno complejo que requiere una respuesta integral y coordinada. <strong>&#8220;La migraci\u00f3n no puede verse como un problema, sino como un fen\u00f3meno extraordinariamente complejo&#8221;<\/strong>, afirm\u00f3.<\/p>\n<\/p>\n<p>&nbsp;<\/p>\n<p style=\"text-align: justify;\" data-sourcepos=\"15:1-15:240\">Los pa\u00edses participantes reconocieron el liderazgo de M\u00e9xico y de la presidenta Claudia Sheinbaum, y se comprometieron a trabajar en conjunto para garantizar los derechos de los migrantes y promover una migraci\u00f3n segura, ordenada y regular.<\/p>\n<\/p>\n<p>&nbsp;<\/p>\n<p style=\"text-align: justify;\" data-sourcepos=\"17:1-17:273\">Durante la reuni\u00f3n, se acord\u00f3 elaborar una declaraci\u00f3n conjunta en la que se establecen los principios comunes para abordar el fen\u00f3meno migratorio en la regi\u00f3n. Este documento representa un hito en la cooperaci\u00f3n regional y sienta las bases para futuras acciones conjuntas.<\/p>\n<\/p>\n<p>&nbsp;<\/p>\n<p style=\"text-align: justify;\" data-sourcepos=\"19:1-19:221\">Entre los temas abordados en la reuni\u00f3n se encuentran la protecci\u00f3n de los derechos de los migrantes, la lucha contra el tr\u00e1fico de personas, la promoci\u00f3n de la movilidad laboral y la cooperaci\u00f3n en materia de desarrollo.<\/p>\n<\/p>\n<p>&nbsp;<\/p>\n<p style=\"text-align: justify;\" data-sourcepos=\"21:1-21:197\">Con esta iniciativa, los pa\u00edses de Am\u00e9rica Latina demuestran su compromiso con la construcci\u00f3n de una regi\u00f3n m\u00e1s integrada y solidaria, donde se respeten los derechos humanos de todas las personas.<\/p>\n<\/p>\n<p>&nbsp;<\/p>\n<p style=\"text-align: center;\" data-sourcepos=\"21:1-21:197\"><em><strong>\u00a1Informaci\u00f3n que transforma!<\/strong><\/em><\/p>\n<h3 data-sourcepos=\"23:1-23:37\"><\/h3>\n","protected":false},"excerpt":{"rendered":"<p>En un hist\u00f3rico encuentro regional, los pa\u00edses de Am\u00e9rica Latina acordaron trabajar de manera conjunta para enfrentar los desaf\u00edos de la movilidad humana.<\/p>\n","protected":false},"author":3,"featured_media":10165,"comment_status":"open","ping_status":"open","sticky":false,"template":"","format":"standard","meta":{"footnotes":""},"categories":[88,58],"tags":[3158,926,499,1846],"class_list":["post-10164","post","type-post","status-publish","format-standard","has-post-thumbnail","hentry","category-nacional","category-ultima-hora","tag-americalatina","tag-cooperacioninternacional","tag-derechoshumanos","tag-migracion"],"yoast_head":"<!-- This site is optimized with the Yoast SEO plugin v25.0 - https:\/\/yoast.com\/wordpress\/plugins\/seo\/ -->\n<title>Cancilleres de Am\u00e9rica Latina firman pacto para una migraci\u00f3n segura y ordenada | Nexo Informativo Santiago de Quer\u00e9taro<\/title>\n<meta name=\"description\" content=\"Cancilleres de Am\u00e9rica Latina firman pacto para una migraci\u00f3n segura y ordenada\" \/>\n<meta name=\"robots\" content=\"index, follow, max-snippet:-1, max-image-preview:large, max-video-preview:-1\" \/>\n<link rel=\"canonical\" href=\"https:\/\/www.nexoinformativo.mx\/index.php\/2025\/01\/18\/cancilleres-de-america-latina-firman-pacto-para-una-migracion-segura-y-ordenada\/\" \/>\n<meta property=\"og:locale\" content=\"es_MX\" \/>\n<meta property=\"og:type\" content=\"article\" \/>\n<meta property=\"og:title\" content=\"Cancilleres de Am\u00e9rica Latina firman pacto para una migraci\u00f3n segura y ordenada | Nexo Informativo Santiago de Quer\u00e9taro\" \/>\n<meta property=\"og:description\" content=\"Cancilleres de Am\u00e9rica Latina firman pacto para una migraci\u00f3n segura y ordenada\" \/>\n<meta property=\"og:url\" content=\"https:\/\/www.nexoinformativo.mx\/index.php\/2025\/01\/18\/cancilleres-de-america-latina-firman-pacto-para-una-migracion-segura-y-ordenada\/\" \/>\n<meta property=\"og:site_name\" content=\"Nexo Informativo Santiago de Quer\u00e9taro\" \/>\n<meta property=\"article:publisher\" content=\"https:\/\/www.facebook.com\/people\/Nexo-Informativo\/61564066885511\/\" \/>\n<meta property=\"article:published_time\" content=\"2025-01-18T12:30:17+00:00\" \/>\n<meta property=\"article:modified_time\" content=\"2025-01-18T17:06:08+00:00\" \/>\n<meta property=\"og:image\" content=\"https:\/\/www.nexoinformativo.mx\/wp-content\/uploads\/2025\/01\/IMG_9355-scaled-e1737219895198.jpg\" \/>\n\t<meta property=\"og:image:width\" content=\"800\" \/>\n\t<meta property=\"og:image:height\" content=\"533\" \/>\n\t<meta property=\"og:image:type\" content=\"image\/jpeg\" \/>\n<meta name=\"author\" content=\"Nexo Informativo\" \/>\n<meta name=\"twitter:card\" content=\"summary_large_image\" \/>\n<meta name=\"twitter:label1\" content=\"Escrito por\" \/>\n\t<meta name=\"twitter:data1\" content=\"Nexo Informativo\" \/>\n\t<meta name=\"twitter:label2\" content=\"Tiempo de lectura\" \/>\n\t<meta name=\"twitter:data2\" content=\"2 minutos\" \/>\n<script type=\"application\/ld+json\" class=\"yoast-schema-graph\">{\"@context\":\"https:\/\/schema.org\",\"@graph\":[{\"@type\":\"Article\",\"@id\":\"https:\/\/www.nexoinformativo.mx\/index.php\/2025\/01\/18\/cancilleres-de-america-latina-firman-pacto-para-una-migracion-segura-y-ordenada\/#article\",\"isPartOf\":{\"@id\":\"https:\/\/www.nexoinformativo.mx\/index.php\/2025\/01\/18\/cancilleres-de-america-latina-firman-pacto-para-una-migracion-segura-y-ordenada\/\"},\"author\":{\"name\":\"Nexo Informativo\",\"@id\":\"https:\/\/www.nexoinformativo.mx\/#\/schema\/person\/7749d380ba08c8ca00d7bc76fd907b7d\"},\"headline\":\"Cancilleres de Am\u00e9rica Latina firman pacto para una migraci\u00f3n segura y ordenada\",\"datePublished\":\"2025-01-18T12:30:17+00:00\",\"dateModified\":\"2025-01-18T17:06:08+00:00\",\"mainEntityOfPage\":{\"@id\":\"https:\/\/www.nexoinformativo.mx\/index.php\/2025\/01\/18\/cancilleres-de-america-latina-firman-pacto-para-una-migracion-segura-y-ordenada\/\"},\"wordCount\":290,\"commentCount\":0,\"publisher\":{\"@id\":\"https:\/\/www.nexoinformativo.mx\/#organization\"},\"image\":{\"@id\":\"https:\/\/www.nexoinformativo.mx\/index.php\/2025\/01\/18\/cancilleres-de-america-latina-firman-pacto-para-una-migracion-segura-y-ordenada\/#primaryimage\"},\"thumbnailUrl\":\"https:\/\/www.nexoinformativo.mx\/wp-content\/uploads\/2025\/01\/IMG_9355-scaled-e1737219895198.jpg\",\"keywords\":[\"Am\u00e9ricaLatina\",\"Cooperaci\u00f3nInternacional\",\"DerechosHumanos\",\"Migraci\u00f3n\"],\"articleSection\":[\"Nacional\",\"\u00daltima Hora\"],\"inLanguage\":\"es\",\"potentialAction\":[{\"@type\":\"CommentAction\",\"name\":\"Comment\",\"target\":[\"https:\/\/www.nexoinformativo.mx\/index.php\/2025\/01\/18\/cancilleres-de-america-latina-firman-pacto-para-una-migracion-segura-y-ordenada\/#respond\"]}]},{\"@type\":\"WebPage\",\"@id\":\"https:\/\/www.nexoinformativo.mx\/index.php\/2025\/01\/18\/cancilleres-de-america-latina-firman-pacto-para-una-migracion-segura-y-ordenada\/\",\"url\":\"https:\/\/www.nexoinformativo.mx\/index.php\/2025\/01\/18\/cancilleres-de-america-latina-firman-pacto-para-una-migracion-segura-y-ordenada\/\",\"name\":\"Cancilleres de Am\u00e9rica Latina firman pacto para una migraci\u00f3n segura y ordenada | Nexo Informativo Santiago de Quer\u00e9taro\",\"isPartOf\":{\"@id\":\"https:\/\/www.nexoinformativo.mx\/#website\"},\"primaryImageOfPage\":{\"@id\":\"https:\/\/www.nexoinformativo.mx\/index.php\/2025\/01\/18\/cancilleres-de-america-latina-firman-pacto-para-una-migracion-segura-y-ordenada\/#primaryimage\"},\"image\":{\"@id\":\"https:\/\/www.nexoinformativo.mx\/index.php\/2025\/01\/18\/cancilleres-de-america-latina-firman-pacto-para-una-migracion-segura-y-ordenada\/#primaryimage\"},\"thumbnailUrl\":\"https:\/\/www.nexoinformativo.mx\/wp-content\/uploads\/2025\/01\/IMG_9355-scaled-e1737219895198.jpg\",\"datePublished\":\"2025-01-18T12:30:17+00:00\",\"dateModified\":\"2025-01-18T17:06:08+00:00\",\"description\":\"Cancilleres de Am\u00e9rica Latina firman pacto para una migraci\u00f3n segura y ordenada\",\"breadcrumb\":{\"@id\":\"https:\/\/www.nexoinformativo.mx\/index.php\/2025\/01\/18\/cancilleres-de-america-latina-firman-pacto-para-una-migracion-segura-y-ordenada\/#breadcrumb\"},\"inLanguage\":\"es\",\"potentialAction\":[{\"@type\":\"ReadAction\",\"target\":[\"https:\/\/www.nexoinformativo.mx\/index.php\/2025\/01\/18\/cancilleres-de-america-latina-firman-pacto-para-una-migracion-segura-y-ordenada\/\"]}]},{\"@type\":\"ImageObject\",\"inLanguage\":\"es\",\"@id\":\"https:\/\/www.nexoinformativo.mx\/index.php\/2025\/01\/18\/cancilleres-de-america-latina-firman-pacto-para-una-migracion-segura-y-ordenada\/#primaryimage\",\"url\":\"https:\/\/www.nexoinformativo.mx\/wp-content\/uploads\/2025\/01\/IMG_9355-scaled-e1737219895198.jpg\",\"contentUrl\":\"https:\/\/www.nexoinformativo.mx\/wp-content\/uploads\/2025\/01\/IMG_9355-scaled-e1737219895198.jpg\",\"width\":800,\"height\":533},{\"@type\":\"BreadcrumbList\",\"@id\":\"https:\/\/www.nexoinformativo.mx\/index.php\/2025\/01\/18\/cancilleres-de-america-latina-firman-pacto-para-una-migracion-segura-y-ordenada\/#breadcrumb\",\"itemListElement\":[{\"@type\":\"ListItem\",\"position\":1,\"name\":\"Inicio\",\"item\":\"https:\/\/www.nexoinformativo.mx\/\"},{\"@type\":\"ListItem\",\"position\":2,\"name\":\"Cancilleres de Am\u00e9rica Latina firman pacto para una migraci\u00f3n segura y ordenada\"}]},{\"@type\":\"WebSite\",\"@id\":\"https:\/\/www.nexoinformativo.mx\/#website\",\"url\":\"https:\/\/www.nexoinformativo.mx\/\",\"name\":\"Nexo Informativo Santiago de Quer\u00e9taro\",\"description\":\"Explora NexoInformativo y convi\u00e9rtete en parte de una comunidad que valora el conocimiento y la verdad. Tu nexoinformativo es tu puente hacia una comprensi\u00f3n m\u00e1s profunda del mundo que te rodea.\",\"publisher\":{\"@id\":\"https:\/\/www.nexoinformativo.mx\/#organization\"},\"potentialAction\":[{\"@type\":\"SearchAction\",\"target\":{\"@type\":\"EntryPoint\",\"urlTemplate\":\"https:\/\/www.nexoinformativo.mx\/?s={search_term_string}\"},\"query-input\":{\"@type\":\"PropertyValueSpecification\",\"valueRequired\":true,\"valueName\":\"search_term_string\"}}],\"inLanguage\":\"es\"},{\"@type\":\"Organization\",\"@id\":\"https:\/\/www.nexoinformativo.mx\/#organization\",\"name\":\"Nexo Informativo Santiago de Quer\u00e9taro\",\"url\":\"https:\/\/www.nexoinformativo.mx\/\",\"logo\":{\"@type\":\"ImageObject\",\"inLanguage\":\"es\",\"@id\":\"https:\/\/www.nexoinformativo.mx\/#\/schema\/logo\/image\/\",\"url\":\"https:\/\/www.nexoinformativo.mx\/wp-content\/uploads\/2024\/07\/nexoi-trasparente-2.png\",\"contentUrl\":\"https:\/\/www.nexoinformativo.mx\/wp-content\/uploads\/2024\/07\/nexoi-trasparente-2.png\",\"width\":816,\"height\":339,\"caption\":\"Nexo Informativo Santiago de Quer\u00e9taro\"},\"image\":{\"@id\":\"https:\/\/www.nexoinformativo.mx\/#\/schema\/logo\/image\/\"},\"sameAs\":[\"https:\/\/www.facebook.com\/people\/Nexo-Informativo\/61564066885511\/\"]},{\"@type\":\"Person\",\"@id\":\"https:\/\/www.nexoinformativo.mx\/#\/schema\/person\/7749d380ba08c8ca00d7bc76fd907b7d\",\"name\":\"Nexo Informativo\",\"image\":{\"@type\":\"ImageObject\",\"inLanguage\":\"es\",\"@id\":\"https:\/\/www.nexoinformativo.mx\/#\/schema\/person\/image\/\",\"url\":\"https:\/\/secure.gravatar.com\/avatar\/dde2928154642a13d95f87ddf1ea9718fe2b46760a005c53e41ff5ad610704e6?s=96&d=mm&r=g\",\"contentUrl\":\"https:\/\/secure.gravatar.com\/avatar\/dde2928154642a13d95f87ddf1ea9718fe2b46760a005c53e41ff5ad610704e6?s=96&d=mm&r=g\",\"caption\":\"Nexo Informativo\"},\"url\":\"https:\/\/www.nexoinformativo.mx\/index.php\/author\/edicion\/\"}]}<\/script>\n<!-- \/ Yoast SEO plugin. -->","yoast_head_json":{"title":"Cancilleres de Am\u00e9rica Latina firman pacto para una migraci\u00f3n segura y ordenada | Nexo Informativo Santiago de Quer\u00e9taro","description":"Cancilleres de Am\u00e9rica Latina firman pacto para una migraci\u00f3n segura y ordenada","robots":{"index":"index","follow":"follow","max-snippet":"max-snippet:-1","max-image-preview":"max-image-preview:large","max-video-preview":"max-video-preview:-1"},"canonical":"https:\/\/www.nexoinformativo.mx\/index.php\/2025\/01\/18\/cancilleres-de-america-latina-firman-pacto-para-una-migracion-segura-y-ordenada\/","og_locale":"es_MX","og_type":"article","og_title":"Cancilleres de Am\u00e9rica Latina firman pacto para una migraci\u00f3n segura y ordenada | Nexo Informativo Santiago de Quer\u00e9taro","og_description":"Cancilleres de Am\u00e9rica Latina firman pacto para una migraci\u00f3n segura y ordenada","og_url":"https:\/\/www.nexoinformativo.mx\/index.php\/2025\/01\/18\/cancilleres-de-america-latina-firman-pacto-para-una-migracion-segura-y-ordenada\/","og_site_name":"Nexo Informativo Santiago de Quer\u00e9taro","article_publisher":"https:\/\/www.facebook.com\/people\/Nexo-Informativo\/61564066885511\/","article_published_time":"2025-01-18T12:30:17+00:00","article_modified_time":"2025-01-18T17:06:08+00:00","og_image":[{"width":800,"height":533,"url":"https:\/\/www.nexoinformativo.mx\/wp-content\/uploads\/2025\/01\/IMG_9355-scaled-e1737219895198.jpg","type":"image\/jpeg"}],"author":"Nexo Informativo","twitter_card":"summary_large_image","twitter_misc":{"Escrito por":"Nexo Informativo","Tiempo de lectura":"2 minutos"},"schema":{"@context":"https:\/\/schema.org","@graph":[{"@type":"Article","@id":"https:\/\/www.nexoinformativo.mx\/index.php\/2025\/01\/18\/cancilleres-de-america-latina-firman-pacto-para-una-migracion-segura-y-ordenada\/#article","isPartOf":{"@id":"https:\/\/www.nexoinformativo.mx\/index.php\/2025\/01\/18\/cancilleres-de-america-latina-firman-pacto-para-una-migracion-segura-y-ordenada\/"},"author":{"name":"Nexo Informativo","@id":"https:\/\/www.nexoinformativo.mx\/#\/schema\/person\/7749d380ba08c8ca00d7bc76fd907b7d"},"headline":"Cancilleres de Am\u00e9rica Latina firman pacto para una migraci\u00f3n segura y ordenada","datePublished":"2025-01-18T12:30:17+00:00","dateModified":"2025-01-18T17:06:08+00:00","mainEntityOfPage":{"@id":"https:\/\/www.nexoinformativo.mx\/index.php\/2025\/01\/18\/cancilleres-de-america-latina-firman-pacto-para-una-migracion-segura-y-ordenada\/"},"wordCount":290,"commentCount":0,"publisher":{"@id":"https:\/\/www.nexoinformativo.mx\/#organization"},"image":{"@id":"https:\/\/www.nexoinformativo.mx\/index.php\/2025\/01\/18\/cancilleres-de-america-latina-firman-pacto-para-una-migracion-segura-y-ordenada\/#primaryimage"},"thumbnailUrl":"https:\/\/www.nexoinformativo.mx\/wp-content\/uploads\/2025\/01\/IMG_9355-scaled-e1737219895198.jpg","keywords":["Am\u00e9ricaLatina","Cooperaci\u00f3nInternacional","DerechosHumanos","Migraci\u00f3n"],"articleSection":["Nacional","\u00daltima Hora"],"inLanguage":"es","potentialAction":[{"@type":"CommentAction","name":"Comment","target":["https:\/\/www.nexoinformativo.mx\/index.php\/2025\/01\/18\/cancilleres-de-america-latina-firman-pacto-para-una-migracion-segura-y-ordenada\/#respond"]}]},{"@type":"WebPage","@id":"https:\/\/www.nexoinformativo.mx\/index.php\/2025\/01\/18\/cancilleres-de-america-latina-firman-pacto-para-una-migracion-segura-y-ordenada\/","url":"https:\/\/www.nexoinformativo.mx\/index.php\/2025\/01\/18\/cancilleres-de-america-latina-firman-pacto-para-una-migracion-segura-y-ordenada\/","name":"Cancilleres de Am\u00e9rica Latina firman pacto para una migraci\u00f3n segura y ordenada | Nexo Informativo Santiago de Quer\u00e9taro","isPartOf":{"@id":"https:\/\/www.nexoinformativo.mx\/#website"},"primaryImageOfPage":{"@id":"https:\/\/www.nexoinformativo.mx\/index.php\/2025\/01\/18\/cancilleres-de-america-latina-firman-pacto-para-una-migracion-segura-y-ordenada\/#primaryimage"},"image":{"@id":"https:\/\/www.nexoinformativo.mx\/index.php\/2025\/01\/18\/cancilleres-de-america-latina-firman-pacto-para-una-migracion-segura-y-ordenada\/#primaryimage"},"thumbnailUrl":"https:\/\/www.nexoinformativo.mx\/wp-content\/uploads\/2025\/01\/IMG_9355-scaled-e1737219895198.jpg","datePublished":"2025-01-18T12:30:17+00:00","dateModified":"2025-01-18T17:06:08+00:00","description":"Cancilleres de Am\u00e9rica Latina firman pacto para una migraci\u00f3n segura y ordenada","breadcrumb":{"@id":"https:\/\/www.nexoinformativo.mx\/index.php\/2025\/01\/18\/cancilleres-de-america-latina-firman-pacto-para-una-migracion-segura-y-ordenada\/#breadcrumb"},"inLanguage":"es","potentialAction":[{"@type":"ReadAction","target":["https:\/\/www.nexoinformativo.mx\/index.php\/2025\/01\/18\/cancilleres-de-america-latina-firman-pacto-para-una-migracion-segura-y-ordenada\/"]}]},{"@type":"ImageObject","inLanguage":"es","@id":"https:\/\/www.nexoinformativo.mx\/index.php\/2025\/01\/18\/cancilleres-de-america-latina-firman-pacto-para-una-migracion-segura-y-ordenada\/#primaryimage","url":"https:\/\/www.nexoinformativo.mx\/wp-content\/uploads\/2025\/01\/IMG_9355-scaled-e1737219895198.jpg","contentUrl":"https:\/\/www.nexoinformativo.mx\/wp-content\/uploads\/2025\/01\/IMG_9355-scaled-e1737219895198.jpg","width":800,"height":533},{"@type":"BreadcrumbList","@id":"https:\/\/www.nexoinformativo.mx\/index.php\/2025\/01\/18\/cancilleres-de-america-latina-firman-pacto-para-una-migracion-segura-y-ordenada\/#breadcrumb","itemListElement":[{"@type":"ListItem","position":1,"name":"Inicio","item":"https:\/\/www.nexoinformativo.mx\/"},{"@type":"ListItem","position":2,"name":"Cancilleres de Am\u00e9rica Latina firman pacto para una migraci\u00f3n segura y ordenada"}]},{"@type":"WebSite","@id":"https:\/\/www.nexoinformativo.mx\/#website","url":"https:\/\/www.nexoinformativo.mx\/","name":"Nexo Informativo Santiago de Quer\u00e9taro","description":"Explora NexoInformativo y convi\u00e9rtete en parte de una comunidad que valora el conocimiento y la verdad. Tu nexoinformativo es tu puente hacia una comprensi\u00f3n m\u00e1s profunda del mundo que te rodea.","publisher":{"@id":"https:\/\/www.nexoinformativo.mx\/#organization"},"potentialAction":[{"@type":"SearchAction","target":{"@type":"EntryPoint","urlTemplate":"https:\/\/www.nexoinformativo.mx\/?s={search_term_string}"},"query-input":{"@type":"PropertyValueSpecification","valueRequired":true,"valueName":"search_term_string"}}],"inLanguage":"es"},{"@type":"Organization","@id":"https:\/\/www.nexoinformativo.mx\/#organization","name":"Nexo Informativo Santiago de Quer\u00e9taro","url":"https:\/\/www.nexoinformativo.mx\/","logo":{"@type":"ImageObject","inLanguage":"es","@id":"https:\/\/www.nexoinformativo.mx\/#\/schema\/logo\/image\/","url":"https:\/\/www.nexoinformativo.mx\/wp-content\/uploads\/2024\/07\/nexoi-trasparente-2.png","contentUrl":"https:\/\/www.nexoinformativo.mx\/wp-content\/uploads\/2024\/07\/nexoi-trasparente-2.png","width":816,"height":339,"caption":"Nexo Informativo Santiago de Quer\u00e9taro"},"image":{"@id":"https:\/\/www.nexoinformativo.mx\/#\/schema\/logo\/image\/"},"sameAs":["https:\/\/www.facebook.com\/people\/Nexo-Informativo\/61564066885511\/"]},{"@type":"Person","@id":"https:\/\/www.nexoinformativo.mx\/#\/schema\/person\/7749d380ba08c8ca00d7bc76fd907b7d","name":"Nexo Informativo","image":{"@type":"ImageObject","inLanguage":"es","@id":"https:\/\/www.nexoinformativo.mx\/#\/schema\/person\/image\/","url":"https:\/\/secure.gravatar.com\/avatar\/dde2928154642a13d95f87ddf1ea9718fe2b46760a005c53e41ff5ad610704e6?s=96&d=mm&r=g","contentUrl":"https:\/\/secure.gravatar.com\/avatar\/dde2928154642a13d95f87ddf1ea9718fe2b46760a005c53e41ff5ad610704e6?s=96&d=mm&r=g","caption":"Nexo Informativo"},"url":"https:\/\/www.nexoinformativo.mx\/index.php\/author\/edicion\/"}]}},"_links":{"self":[{"href":"https:\/\/www.nexoinformativo.mx\/index.php\/wp-json\/wp\/v2\/posts\/10164","targetHints":{"allow":["GET"]}}],"collection":[{"href":"https:\/\/www.nexoinformativo.mx\/index.php\/wp-json\/wp\/v2\/posts"}],"about":[{"href":"https:\/\/www.nexoinformativo.mx\/index.php\/wp-json\/wp\/v2\/types\/post"}],"author":[{"embeddable":true,"href":"https:\/\/www.nexoinformativo.mx\/index.php\/wp-json\/wp\/v2\/users\/3"}],"replies":[{"embeddable":true,"href":"https:\/\/www.nexoinformativo.mx\/index.php\/wp-json\/wp\/v2\/comments?post=10164"}],"version-history":[{"count":3,"href":"https:\/\/www.nexoinformativo.mx\/index.php\/wp-json\/wp\/v2\/posts\/10164\/revisions"}],"predecessor-version":[{"id":10168,"href":"https:\/\/www.nexoinformativo.mx\/index.php\/wp-json\/wp\/v2\/posts\/10164\/revisions\/10168"}],"wp:featuredmedia":[{"embeddable":true,"href":"https:\/\/www.nexoinformativo.mx\/index.php\/wp-json\/wp\/v2\/media\/10165"}],"wp:attachment":[{"href":"https:\/\/www.nexoinformativo.mx\/index.php\/wp-json\/wp\/v2\/media?parent=10164"}],"wp:term":[{"taxonomy":"category","embeddable":true,"href":"https:\/\/www.nexoinformativo.mx\/index.php\/wp-json\/wp\/v2\/categories?post=10164"},{"taxonomy":"post_tag","embeddable":true,"href":"https:\/\/www.nexoinformativo.mx\/index.php\/wp-json\/wp\/v2\/tags?post=10164"}],"curies":[{"name":"wp","href":"https:\/\/api.w.org\/{rel}","templated":true}]}}