{"id":10169,"date":"2025-01-18T07:00:26","date_gmt":"2025-01-18T13:00:26","guid":{"rendered":"https:\/\/www.nexoinformativo.mx\/?p=10169"},"modified":"2025-01-18T11:14:00","modified_gmt":"2025-01-18T17:14:00","slug":"ciudadanos-disenan-el-futuro-de-mexico-avanza-la-construccion-del-plan-nacional-de-desarrollo","status":"publish","type":"post","link":"https:\/\/www.nexoinformativo.mx\/index.php\/2025\/01\/18\/ciudadanos-disenan-el-futuro-de-mexico-avanza-la-construccion-del-plan-nacional-de-desarrollo\/","title":{"rendered":"Ciudadanos dise\u00f1an el futuro de M\u00e9xico avanza la construcci\u00f3n del Plan Nacional de Desarrollo"},"content":{"rendered":"<p style=\"text-align: justify;\" data-sourcepos=\"11:1-11:432\">El gobierno de M\u00e9xico, encabezado por la presidenta Claudia Sheinbaum, contin\u00faa trabajando en la construcci\u00f3n del Plan Nacional de Desarrollo 2025-2030, un documento que marcar\u00e1 el rumbo del pa\u00eds en los pr\u00f3ximos a\u00f1os. A trav\u00e9s de diversos foros, se est\u00e1 dando la oportunidad a la ciudadan\u00eda de participar y aportar sus ideas para construir un futuro m\u00e1s justo y equitativo.<\/p>\n<p>&nbsp;<\/p>\n<p style=\"text-align: justify;\" data-sourcepos=\"13:1-13:359\">En San Crist\u00f3bal de las Casas, Chiapas, y en la Ciudad de M\u00e9xico, se llevaron a cabo los foros <strong>&#8220;Desarrollo con Bienestar y Humanismo&#8221; y &#8220;Sembrando Vida&#8221;<\/strong>, respectivamente. Estos eventos reunieron a cientos de ciudadanos, organizaciones sociales, acad\u00e9micos y servidores p\u00fablicos para discutir y proponer soluciones a los principales retos que enfrenta el pa\u00eds.<\/p>\n<p>&nbsp;<\/p>\n<p style=\"text-align: justify;\" data-sourcepos=\"15:1-15:260\">Los temas abordados en los foros se alinean con los ejes generales del Plan Nacional de Desarrollo, como la gobernanza con justicia y participaci\u00f3n ciudadana, el desarrollo con bienestar y humanismo, la econom\u00eda moral y el trabajo, y el desarrollo sustentable.<\/p>\n<p>&nbsp;<\/p>\n<p style=\"text-align: justify;\" data-sourcepos=\"17:1-17:323\">El objetivo de estos foros es garantizar que el Plan Nacional de Desarrollo sea un documento incluyente y representativo de las necesidades y aspiraciones de la poblaci\u00f3n. Al escuchar las voces de la ciudadan\u00eda, se busca construir un plan que realmente transforme el pa\u00eds y mejore la calidad de vida de todos los mexicanos.<\/p>\n<p>&nbsp;<\/p>\n<p style=\"text-align: justify;\" data-sourcepos=\"19:1-19:315\">El subsecretario de Bienestar, Jes\u00fas Salvador Valencia Guzm\u00e1n, destac\u00f3 la importancia de estos espacios de di\u00e1logo para fortalecer la democracia y construir un pa\u00eds m\u00e1s justo y equitativo. &#8220;<\/p>\n<p>&nbsp;<\/p>\n<p style=\"text-align: justify;\" data-sourcepos=\"21:1-21:189\">Para conocer m\u00e1s sobre el Plan Nacional de Desarrollo 2025-2030 y participar en su construcci\u00f3n, puedes visitar la p\u00e1gina <a href=\"https:\/\/planeandojuntos.gob.mx\/\" target=\"_blank\" rel=\"noopener\">https:\/\/planeandojuntos.gob.mx\/<\/a>.<\/p>\n<p>&nbsp;<\/p>\n<p style=\"text-align: center;\" data-sourcepos=\"21:1-21:189\"><em><strong>\u00a1Informaci\u00f3n que transforma!<\/strong><\/em><\/p>\n","protected":false},"excerpt":{"rendered":"<p>El gobierno de M\u00e9xico, encabezado por la presidenta Claudia Sheinbaum, contin\u00faa trabajando en la construcci\u00f3n del Plan Nacional de Desarrollo 2025-2030, un documento que marcar\u00e1 el rumbo del pa\u00eds en los pr\u00f3ximos a\u00f1os.<\/p>\n","protected":false},"author":3,"featured_media":10170,"comment_status":"open","ping_status":"open","sticky":false,"template":"","format":"standard","meta":{"footnotes":""},"categories":[88,58],"tags":[679,1610,1238,3092],"class_list":["post-10169","post","type-post","status-publish","format-standard","has-post-thumbnail","hentry","category-nacional","category-ultima-hora","tag-bienestar","tag-mexico","tag-participacionciudadana","tag-plannacionaldedesarrollo"],"yoast_head":"<!-- This site is optimized with the Yoast SEO plugin v25.0 - https:\/\/yoast.com\/wordpress\/plugins\/seo\/ -->\n<title>Ciudadanos dise\u00f1an el futuro de M\u00e9xico avanza la construcci\u00f3n del Plan Nacional de Desarrollo | Nexo Informativo Santiago de Quer\u00e9taro<\/title>\n<meta name=\"description\" content=\"Ciudadanos dise\u00f1an el futuro de M\u00e9xico avanza la construcci\u00f3n del Plan Nacional de Desarrollo\" \/>\n<meta name=\"robots\" content=\"index, follow, max-snippet:-1, max-image-preview:large, max-video-preview:-1\" \/>\n<link rel=\"canonical\" href=\"https:\/\/www.nexoinformativo.mx\/index.php\/2025\/01\/18\/ciudadanos-disenan-el-futuro-de-mexico-avanza-la-construccion-del-plan-nacional-de-desarrollo\/\" \/>\n<meta property=\"og:locale\" content=\"es_MX\" \/>\n<meta property=\"og:type\" content=\"article\" \/>\n<meta property=\"og:title\" content=\"Ciudadanos dise\u00f1an el futuro de M\u00e9xico avanza la construcci\u00f3n del Plan Nacional de Desarrollo | Nexo Informativo Santiago de Quer\u00e9taro\" \/>\n<meta property=\"og:description\" content=\"Ciudadanos dise\u00f1an el futuro de M\u00e9xico avanza la construcci\u00f3n del Plan Nacional de Desarrollo\" \/>\n<meta property=\"og:url\" content=\"https:\/\/www.nexoinformativo.mx\/index.php\/2025\/01\/18\/ciudadanos-disenan-el-futuro-de-mexico-avanza-la-construccion-del-plan-nacional-de-desarrollo\/\" \/>\n<meta property=\"og:site_name\" content=\"Nexo Informativo Santiago de Quer\u00e9taro\" \/>\n<meta property=\"article:publisher\" content=\"https:\/\/www.facebook.com\/people\/Nexo-Informativo\/61564066885511\/\" \/>\n<meta property=\"article:published_time\" content=\"2025-01-18T13:00:26+00:00\" \/>\n<meta property=\"article:modified_time\" content=\"2025-01-18T17:14:00+00:00\" \/>\n<meta property=\"og:image\" content=\"https:\/\/www.nexoinformativo.mx\/wp-content\/uploads\/2025\/01\/IMG_9359.jpg\" \/>\n\t<meta property=\"og:image:width\" content=\"620\" \/>\n\t<meta property=\"og:image:height\" content=\"380\" \/>\n\t<meta property=\"og:image:type\" content=\"image\/jpeg\" \/>\n<meta name=\"author\" content=\"Nexo Informativo\" \/>\n<meta name=\"twitter:card\" content=\"summary_large_image\" \/>\n<meta name=\"twitter:label1\" content=\"Escrito por\" \/>\n\t<meta name=\"twitter:data1\" content=\"Nexo Informativo\" \/>\n\t<meta name=\"twitter:label2\" content=\"Tiempo de lectura\" \/>\n\t<meta name=\"twitter:data2\" content=\"2 minutos\" \/>\n<script type=\"application\/ld+json\" class=\"yoast-schema-graph\">{\"@context\":\"https:\/\/schema.org\",\"@graph\":[{\"@type\":\"Article\",\"@id\":\"https:\/\/www.nexoinformativo.mx\/index.php\/2025\/01\/18\/ciudadanos-disenan-el-futuro-de-mexico-avanza-la-construccion-del-plan-nacional-de-desarrollo\/#article\",\"isPartOf\":{\"@id\":\"https:\/\/www.nexoinformativo.mx\/index.php\/2025\/01\/18\/ciudadanos-disenan-el-futuro-de-mexico-avanza-la-construccion-del-plan-nacional-de-desarrollo\/\"},\"author\":{\"name\":\"Nexo Informativo\",\"@id\":\"https:\/\/www.nexoinformativo.mx\/#\/schema\/person\/7749d380ba08c8ca00d7bc76fd907b7d\"},\"headline\":\"Ciudadanos dise\u00f1an el futuro de M\u00e9xico avanza la construcci\u00f3n del Plan Nacional de Desarrollo\",\"datePublished\":\"2025-01-18T13:00:26+00:00\",\"dateModified\":\"2025-01-18T17:14:00+00:00\",\"mainEntityOfPage\":{\"@id\":\"https:\/\/www.nexoinformativo.mx\/index.php\/2025\/01\/18\/ciudadanos-disenan-el-futuro-de-mexico-avanza-la-construccion-del-plan-nacional-de-desarrollo\/\"},\"wordCount\":314,\"commentCount\":0,\"publisher\":{\"@id\":\"https:\/\/www.nexoinformativo.mx\/#organization\"},\"image\":{\"@id\":\"https:\/\/www.nexoinformativo.mx\/index.php\/2025\/01\/18\/ciudadanos-disenan-el-futuro-de-mexico-avanza-la-construccion-del-plan-nacional-de-desarrollo\/#primaryimage\"},\"thumbnailUrl\":\"https:\/\/www.nexoinformativo.mx\/wp-content\/uploads\/2025\/01\/IMG_9359.jpg\",\"keywords\":[\"Bienestar\",\"M\u00e9xico\",\"Participaci\u00f3nCiudadana\",\"PlanNacionalDeDesarrollo\"],\"articleSection\":[\"Nacional\",\"\u00daltima Hora\"],\"inLanguage\":\"es\",\"potentialAction\":[{\"@type\":\"CommentAction\",\"name\":\"Comment\",\"target\":[\"https:\/\/www.nexoinformativo.mx\/index.php\/2025\/01\/18\/ciudadanos-disenan-el-futuro-de-mexico-avanza-la-construccion-del-plan-nacional-de-desarrollo\/#respond\"]}]},{\"@type\":\"WebPage\",\"@id\":\"https:\/\/www.nexoinformativo.mx\/index.php\/2025\/01\/18\/ciudadanos-disenan-el-futuro-de-mexico-avanza-la-construccion-del-plan-nacional-de-desarrollo\/\",\"url\":\"https:\/\/www.nexoinformativo.mx\/index.php\/2025\/01\/18\/ciudadanos-disenan-el-futuro-de-mexico-avanza-la-construccion-del-plan-nacional-de-desarrollo\/\",\"name\":\"Ciudadanos dise\u00f1an el futuro de M\u00e9xico avanza la construcci\u00f3n del Plan Nacional de Desarrollo | Nexo Informativo Santiago de Quer\u00e9taro\",\"isPartOf\":{\"@id\":\"https:\/\/www.nexoinformativo.mx\/#website\"},\"primaryImageOfPage\":{\"@id\":\"https:\/\/www.nexoinformativo.mx\/index.php\/2025\/01\/18\/ciudadanos-disenan-el-futuro-de-mexico-avanza-la-construccion-del-plan-nacional-de-desarrollo\/#primaryimage\"},\"image\":{\"@id\":\"https:\/\/www.nexoinformativo.mx\/index.php\/2025\/01\/18\/ciudadanos-disenan-el-futuro-de-mexico-avanza-la-construccion-del-plan-nacional-de-desarrollo\/#primaryimage\"},\"thumbnailUrl\":\"https:\/\/www.nexoinformativo.mx\/wp-content\/uploads\/2025\/01\/IMG_9359.jpg\",\"datePublished\":\"2025-01-18T13:00:26+00:00\",\"dateModified\":\"2025-01-18T17:14:00+00:00\",\"description\":\"Ciudadanos dise\u00f1an el futuro de M\u00e9xico avanza la construcci\u00f3n del Plan Nacional de Desarrollo\",\"breadcrumb\":{\"@id\":\"https:\/\/www.nexoinformativo.mx\/index.php\/2025\/01\/18\/ciudadanos-disenan-el-futuro-de-mexico-avanza-la-construccion-del-plan-nacional-de-desarrollo\/#breadcrumb\"},\"inLanguage\":\"es\",\"potentialAction\":[{\"@type\":\"ReadAction\",\"target\":[\"https:\/\/www.nexoinformativo.mx\/index.php\/2025\/01\/18\/ciudadanos-disenan-el-futuro-de-mexico-avanza-la-construccion-del-plan-nacional-de-desarrollo\/\"]}]},{\"@type\":\"ImageObject\",\"inLanguage\":\"es\",\"@id\":\"https:\/\/www.nexoinformativo.mx\/index.php\/2025\/01\/18\/ciudadanos-disenan-el-futuro-de-mexico-avanza-la-construccion-del-plan-nacional-de-desarrollo\/#primaryimage\",\"url\":\"https:\/\/www.nexoinformativo.mx\/wp-content\/uploads\/2025\/01\/IMG_9359.jpg\",\"contentUrl\":\"https:\/\/www.nexoinformativo.mx\/wp-content\/uploads\/2025\/01\/IMG_9359.jpg\",\"width\":620,\"height\":380},{\"@type\":\"BreadcrumbList\",\"@id\":\"https:\/\/www.nexoinformativo.mx\/index.php\/2025\/01\/18\/ciudadanos-disenan-el-futuro-de-mexico-avanza-la-construccion-del-plan-nacional-de-desarrollo\/#breadcrumb\",\"itemListElement\":[{\"@type\":\"ListItem\",\"position\":1,\"name\":\"Inicio\",\"item\":\"https:\/\/www.nexoinformativo.mx\/\"},{\"@type\":\"ListItem\",\"position\":2,\"name\":\"Ciudadanos dise\u00f1an el futuro de M\u00e9xico avanza la construcci\u00f3n del Plan Nacional de Desarrollo\"}]},{\"@type\":\"WebSite\",\"@id\":\"https:\/\/www.nexoinformativo.mx\/#website\",\"url\":\"https:\/\/www.nexoinformativo.mx\/\",\"name\":\"Nexo Informativo Santiago de Quer\u00e9taro\",\"description\":\"Explora NexoInformativo y convi\u00e9rtete en parte de una comunidad que valora el conocimiento y la verdad. Tu nexoinformativo es tu puente hacia una comprensi\u00f3n m\u00e1s profunda del mundo que te rodea.\",\"publisher\":{\"@id\":\"https:\/\/www.nexoinformativo.mx\/#organization\"},\"potentialAction\":[{\"@type\":\"SearchAction\",\"target\":{\"@type\":\"EntryPoint\",\"urlTemplate\":\"https:\/\/www.nexoinformativo.mx\/?s={search_term_string}\"},\"query-input\":{\"@type\":\"PropertyValueSpecification\",\"valueRequired\":true,\"valueName\":\"search_term_string\"}}],\"inLanguage\":\"es\"},{\"@type\":\"Organization\",\"@id\":\"https:\/\/www.nexoinformativo.mx\/#organization\",\"name\":\"Nexo Informativo Santiago de Quer\u00e9taro\",\"url\":\"https:\/\/www.nexoinformativo.mx\/\",\"logo\":{\"@type\":\"ImageObject\",\"inLanguage\":\"es\",\"@id\":\"https:\/\/www.nexoinformativo.mx\/#\/schema\/logo\/image\/\",\"url\":\"https:\/\/www.nexoinformativo.mx\/wp-content\/uploads\/2024\/07\/nexoi-trasparente-2.png\",\"contentUrl\":\"https:\/\/www.nexoinformativo.mx\/wp-content\/uploads\/2024\/07\/nexoi-trasparente-2.png\",\"width\":816,\"height\":339,\"caption\":\"Nexo Informativo Santiago de Quer\u00e9taro\"},\"image\":{\"@id\":\"https:\/\/www.nexoinformativo.mx\/#\/schema\/logo\/image\/\"},\"sameAs\":[\"https:\/\/www.facebook.com\/people\/Nexo-Informativo\/61564066885511\/\"]},{\"@type\":\"Person\",\"@id\":\"https:\/\/www.nexoinformativo.mx\/#\/schema\/person\/7749d380ba08c8ca00d7bc76fd907b7d\",\"name\":\"Nexo Informativo\",\"image\":{\"@type\":\"ImageObject\",\"inLanguage\":\"es\",\"@id\":\"https:\/\/www.nexoinformativo.mx\/#\/schema\/person\/image\/\",\"url\":\"https:\/\/secure.gravatar.com\/avatar\/dde2928154642a13d95f87ddf1ea9718fe2b46760a005c53e41ff5ad610704e6?s=96&d=mm&r=g\",\"contentUrl\":\"https:\/\/secure.gravatar.com\/avatar\/dde2928154642a13d95f87ddf1ea9718fe2b46760a005c53e41ff5ad610704e6?s=96&d=mm&r=g\",\"caption\":\"Nexo Informativo\"},\"url\":\"https:\/\/www.nexoinformativo.mx\/index.php\/author\/edicion\/\"}]}<\/script>\n<!-- \/ Yoast SEO plugin. -->","yoast_head_json":{"title":"Ciudadanos dise\u00f1an el futuro de M\u00e9xico avanza la construcci\u00f3n del Plan Nacional de Desarrollo | Nexo Informativo Santiago de Quer\u00e9taro","description":"Ciudadanos dise\u00f1an el futuro de M\u00e9xico avanza la construcci\u00f3n del Plan Nacional de Desarrollo","robots":{"index":"index","follow":"follow","max-snippet":"max-snippet:-1","max-image-preview":"max-image-preview:large","max-video-preview":"max-video-preview:-1"},"canonical":"https:\/\/www.nexoinformativo.mx\/index.php\/2025\/01\/18\/ciudadanos-disenan-el-futuro-de-mexico-avanza-la-construccion-del-plan-nacional-de-desarrollo\/","og_locale":"es_MX","og_type":"article","og_title":"Ciudadanos dise\u00f1an el futuro de M\u00e9xico avanza la construcci\u00f3n del Plan Nacional de Desarrollo | Nexo Informativo Santiago de Quer\u00e9taro","og_description":"Ciudadanos dise\u00f1an el futuro de M\u00e9xico avanza la construcci\u00f3n del Plan Nacional de Desarrollo","og_url":"https:\/\/www.nexoinformativo.mx\/index.php\/2025\/01\/18\/ciudadanos-disenan-el-futuro-de-mexico-avanza-la-construccion-del-plan-nacional-de-desarrollo\/","og_site_name":"Nexo Informativo Santiago de Quer\u00e9taro","article_publisher":"https:\/\/www.facebook.com\/people\/Nexo-Informativo\/61564066885511\/","article_published_time":"2025-01-18T13:00:26+00:00","article_modified_time":"2025-01-18T17:14:00+00:00","og_image":[{"width":620,"height":380,"url":"https:\/\/www.nexoinformativo.mx\/wp-content\/uploads\/2025\/01\/IMG_9359.jpg","type":"image\/jpeg"}],"author":"Nexo Informativo","twitter_card":"summary_large_image","twitter_misc":{"Escrito por":"Nexo Informativo","Tiempo de lectura":"2 minutos"},"schema":{"@context":"https:\/\/schema.org","@graph":[{"@type":"Article","@id":"https:\/\/www.nexoinformativo.mx\/index.php\/2025\/01\/18\/ciudadanos-disenan-el-futuro-de-mexico-avanza-la-construccion-del-plan-nacional-de-desarrollo\/#article","isPartOf":{"@id":"https:\/\/www.nexoinformativo.mx\/index.php\/2025\/01\/18\/ciudadanos-disenan-el-futuro-de-mexico-avanza-la-construccion-del-plan-nacional-de-desarrollo\/"},"author":{"name":"Nexo Informativo","@id":"https:\/\/www.nexoinformativo.mx\/#\/schema\/person\/7749d380ba08c8ca00d7bc76fd907b7d"},"headline":"Ciudadanos dise\u00f1an el futuro de M\u00e9xico avanza la construcci\u00f3n del Plan Nacional de Desarrollo","datePublished":"2025-01-18T13:00:26+00:00","dateModified":"2025-01-18T17:14:00+00:00","mainEntityOfPage":{"@id":"https:\/\/www.nexoinformativo.mx\/index.php\/2025\/01\/18\/ciudadanos-disenan-el-futuro-de-mexico-avanza-la-construccion-del-plan-nacional-de-desarrollo\/"},"wordCount":314,"commentCount":0,"publisher":{"@id":"https:\/\/www.nexoinformativo.mx\/#organization"},"image":{"@id":"https:\/\/www.nexoinformativo.mx\/index.php\/2025\/01\/18\/ciudadanos-disenan-el-futuro-de-mexico-avanza-la-construccion-del-plan-nacional-de-desarrollo\/#primaryimage"},"thumbnailUrl":"https:\/\/www.nexoinformativo.mx\/wp-content\/uploads\/2025\/01\/IMG_9359.jpg","keywords":["Bienestar","M\u00e9xico","Participaci\u00f3nCiudadana","PlanNacionalDeDesarrollo"],"articleSection":["Nacional","\u00daltima Hora"],"inLanguage":"es","potentialAction":[{"@type":"CommentAction","name":"Comment","target":["https:\/\/www.nexoinformativo.mx\/index.php\/2025\/01\/18\/ciudadanos-disenan-el-futuro-de-mexico-avanza-la-construccion-del-plan-nacional-de-desarrollo\/#respond"]}]},{"@type":"WebPage","@id":"https:\/\/www.nexoinformativo.mx\/index.php\/2025\/01\/18\/ciudadanos-disenan-el-futuro-de-mexico-avanza-la-construccion-del-plan-nacional-de-desarrollo\/","url":"https:\/\/www.nexoinformativo.mx\/index.php\/2025\/01\/18\/ciudadanos-disenan-el-futuro-de-mexico-avanza-la-construccion-del-plan-nacional-de-desarrollo\/","name":"Ciudadanos dise\u00f1an el futuro de M\u00e9xico avanza la construcci\u00f3n del Plan Nacional de Desarrollo | Nexo Informativo Santiago de Quer\u00e9taro","isPartOf":{"@id":"https:\/\/www.nexoinformativo.mx\/#website"},"primaryImageOfPage":{"@id":"https:\/\/www.nexoinformativo.mx\/index.php\/2025\/01\/18\/ciudadanos-disenan-el-futuro-de-mexico-avanza-la-construccion-del-plan-nacional-de-desarrollo\/#primaryimage"},"image":{"@id":"https:\/\/www.nexoinformativo.mx\/index.php\/2025\/01\/18\/ciudadanos-disenan-el-futuro-de-mexico-avanza-la-construccion-del-plan-nacional-de-desarrollo\/#primaryimage"},"thumbnailUrl":"https:\/\/www.nexoinformativo.mx\/wp-content\/uploads\/2025\/01\/IMG_9359.jpg","datePublished":"2025-01-18T13:00:26+00:00","dateModified":"2025-01-18T17:14:00+00:00","description":"Ciudadanos dise\u00f1an el futuro de M\u00e9xico avanza la construcci\u00f3n del Plan Nacional de Desarrollo","breadcrumb":{"@id":"https:\/\/www.nexoinformativo.mx\/index.php\/2025\/01\/18\/ciudadanos-disenan-el-futuro-de-mexico-avanza-la-construccion-del-plan-nacional-de-desarrollo\/#breadcrumb"},"inLanguage":"es","potentialAction":[{"@type":"ReadAction","target":["https:\/\/www.nexoinformativo.mx\/index.php\/2025\/01\/18\/ciudadanos-disenan-el-futuro-de-mexico-avanza-la-construccion-del-plan-nacional-de-desarrollo\/"]}]},{"@type":"ImageObject","inLanguage":"es","@id":"https:\/\/www.nexoinformativo.mx\/index.php\/2025\/01\/18\/ciudadanos-disenan-el-futuro-de-mexico-avanza-la-construccion-del-plan-nacional-de-desarrollo\/#primaryimage","url":"https:\/\/www.nexoinformativo.mx\/wp-content\/uploads\/2025\/01\/IMG_9359.jpg","contentUrl":"https:\/\/www.nexoinformativo.mx\/wp-content\/uploads\/2025\/01\/IMG_9359.jpg","width":620,"height":380},{"@type":"BreadcrumbList","@id":"https:\/\/www.nexoinformativo.mx\/index.php\/2025\/01\/18\/ciudadanos-disenan-el-futuro-de-mexico-avanza-la-construccion-del-plan-nacional-de-desarrollo\/#breadcrumb","itemListElement":[{"@type":"ListItem","position":1,"name":"Inicio","item":"https:\/\/www.nexoinformativo.mx\/"},{"@type":"ListItem","position":2,"name":"Ciudadanos dise\u00f1an el futuro de M\u00e9xico avanza la construcci\u00f3n del Plan Nacional de Desarrollo"}]},{"@type":"WebSite","@id":"https:\/\/www.nexoinformativo.mx\/#website","url":"https:\/\/www.nexoinformativo.mx\/","name":"Nexo Informativo Santiago de Quer\u00e9taro","description":"Explora NexoInformativo y convi\u00e9rtete en parte de una comunidad que valora el conocimiento y la verdad. Tu nexoinformativo es tu puente hacia una comprensi\u00f3n m\u00e1s profunda del mundo que te rodea.","publisher":{"@id":"https:\/\/www.nexoinformativo.mx\/#organization"},"potentialAction":[{"@type":"SearchAction","target":{"@type":"EntryPoint","urlTemplate":"https:\/\/www.nexoinformativo.mx\/?s={search_term_string}"},"query-input":{"@type":"PropertyValueSpecification","valueRequired":true,"valueName":"search_term_string"}}],"inLanguage":"es"},{"@type":"Organization","@id":"https:\/\/www.nexoinformativo.mx\/#organization","name":"Nexo Informativo Santiago de Quer\u00e9taro","url":"https:\/\/www.nexoinformativo.mx\/","logo":{"@type":"ImageObject","inLanguage":"es","@id":"https:\/\/www.nexoinformativo.mx\/#\/schema\/logo\/image\/","url":"https:\/\/www.nexoinformativo.mx\/wp-content\/uploads\/2024\/07\/nexoi-trasparente-2.png","contentUrl":"https:\/\/www.nexoinformativo.mx\/wp-content\/uploads\/2024\/07\/nexoi-trasparente-2.png","width":816,"height":339,"caption":"Nexo Informativo Santiago de Quer\u00e9taro"},"image":{"@id":"https:\/\/www.nexoinformativo.mx\/#\/schema\/logo\/image\/"},"sameAs":["https:\/\/www.facebook.com\/people\/Nexo-Informativo\/61564066885511\/"]},{"@type":"Person","@id":"https:\/\/www.nexoinformativo.mx\/#\/schema\/person\/7749d380ba08c8ca00d7bc76fd907b7d","name":"Nexo Informativo","image":{"@type":"ImageObject","inLanguage":"es","@id":"https:\/\/www.nexoinformativo.mx\/#\/schema\/person\/image\/","url":"https:\/\/secure.gravatar.com\/avatar\/dde2928154642a13d95f87ddf1ea9718fe2b46760a005c53e41ff5ad610704e6?s=96&d=mm&r=g","contentUrl":"https:\/\/secure.gravatar.com\/avatar\/dde2928154642a13d95f87ddf1ea9718fe2b46760a005c53e41ff5ad610704e6?s=96&d=mm&r=g","caption":"Nexo Informativo"},"url":"https:\/\/www.nexoinformativo.mx\/index.php\/author\/edicion\/"}]}},"_links":{"self":[{"href":"https:\/\/www.nexoinformativo.mx\/index.php\/wp-json\/wp\/v2\/posts\/10169","targetHints":{"allow":["GET"]}}],"collection":[{"href":"https:\/\/www.nexoinformativo.mx\/index.php\/wp-json\/wp\/v2\/posts"}],"about":[{"href":"https:\/\/www.nexoinformativo.mx\/index.php\/wp-json\/wp\/v2\/types\/post"}],"author":[{"embeddable":true,"href":"https:\/\/www.nexoinformativo.mx\/index.php\/wp-json\/wp\/v2\/users\/3"}],"replies":[{"embeddable":true,"href":"https:\/\/www.nexoinformativo.mx\/index.php\/wp-json\/wp\/v2\/comments?post=10169"}],"version-history":[{"count":3,"href":"https:\/\/www.nexoinformativo.mx\/index.php\/wp-json\/wp\/v2\/posts\/10169\/revisions"}],"predecessor-version":[{"id":10173,"href":"https:\/\/www.nexoinformativo.mx\/index.php\/wp-json\/wp\/v2\/posts\/10169\/revisions\/10173"}],"wp:featuredmedia":[{"embeddable":true,"href":"https:\/\/www.nexoinformativo.mx\/index.php\/wp-json\/wp\/v2\/media\/10170"}],"wp:attachment":[{"href":"https:\/\/www.nexoinformativo.mx\/index.php\/wp-json\/wp\/v2\/media?parent=10169"}],"wp:term":[{"taxonomy":"category","embeddable":true,"href":"https:\/\/www.nexoinformativo.mx\/index.php\/wp-json\/wp\/v2\/categories?post=10169"},{"taxonomy":"post_tag","embeddable":true,"href":"https:\/\/www.nexoinformativo.mx\/index.php\/wp-json\/wp\/v2\/tags?post=10169"}],"curies":[{"name":"wp","href":"https:\/\/api.w.org\/{rel}","templated":true}]}}