{"id":10186,"date":"2025-01-18T08:30:14","date_gmt":"2025-01-18T14:30:14","guid":{"rendered":"https:\/\/www.nexoinformativo.mx\/?p=10186"},"modified":"2025-01-18T11:33:04","modified_gmt":"2025-01-18T17:33:04","slug":"plan-mexico-apuesta-por-la-produccion-nacional-de-chips-un-salto-tecnologico-para-el-pais","status":"publish","type":"post","link":"https:\/\/www.nexoinformativo.mx\/index.php\/2025\/01\/18\/plan-mexico-apuesta-por-la-produccion-nacional-de-chips-un-salto-tecnologico-para-el-pais\/","title":{"rendered":"Plan M\u00e9xico apuesta por la producci\u00f3n nacional de chips un salto tecnol\u00f3gico para el pa\u00eds"},"content":{"rendered":"<p style=\"text-align: justify;\" data-sourcepos=\"11:1-11:357\">El gobierno de M\u00e9xico, encabezado por la presidenta Claudia Sheinbaum, ha presentado un ambicioso plan para impulsar la industria de los semiconductores en el pa\u00eds.<\/p>\n<p>&nbsp;<\/p>\n<p style=\"text-align: justify;\" data-sourcepos=\"11:1-11:357\">El Plan M\u00e9xico 2030 busca posicionar a M\u00e9xico como un jugador clave en la fabricaci\u00f3n de chips, componentes electr\u00f3nicos fundamentales para la tecnolog\u00eda moderna.<\/p>\n<p>&nbsp;<\/p>\n<p style=\"text-align: justify;\" data-sourcepos=\"13:1-13:272\">La estrategia contempla una inversi\u00f3n de 10,000 millones de d\u00f3lares para atraer empresas extranjeras y duplicar las exportaciones de semiconductores. Adem\u00e1s, se crear\u00e1n programas educativos especializados para formar a los profesionales que se requieren en esta industria.<\/p>\n<p>&nbsp;<\/p>\n<p style=\"text-align: justify;\" data-sourcepos=\"15:1-15:345\">Jalisco ha sido identificado como el epicentro de este desarrollo, donde se planea construir una planta de fabricaci\u00f3n de chips de inteligencia artificial. Esta iniciativa, junto con la colaboraci\u00f3n con Estados Unidos a trav\u00e9s de la Semiconductor Alliance Mexico, busca fortalecer la cadena de suministro de semiconductores en Am\u00e9rica del Norte.<\/p>\n<p>&nbsp;<\/p>\n<p style=\"text-align: justify;\" data-sourcepos=\"17:1-17:215\">El gobierno mexicano se compromete a brindar las condiciones necesarias para el \u00e9xito de esta industria, como una infraestructura digital robusta, un suministro de energ\u00eda confiable y un marco regulatorio favorable.<\/p>\n<p>&nbsp;<\/p>\n<p style=\"text-align: justify;\" data-sourcepos=\"19:1-19:185\">M\u00e9xico con este plan busca reducir su dependencia de las importaciones de semiconductores, generar empleos de alta calidad y convertirse en un actor global en la industria tecnol\u00f3gica.<\/p>\n<p>&nbsp;<\/p>\n<p style=\"text-align: center;\" data-sourcepos=\"19:1-19:185\"><em><strong>\u00a1Informaci\u00f3n que transforma!<\/strong><\/em><\/p>\n","protected":false},"excerpt":{"rendered":"<p>El gobierno de M\u00e9xico, encabezado por la presidenta Claudia Sheinbaum, ha presentado un ambicioso plan para impulsar la industria de los semiconductores en el pa\u00eds.<\/p>\n","protected":false},"author":3,"featured_media":10187,"comment_status":"open","ping_status":"open","sticky":false,"template":"","format":"standard","meta":{"footnotes":""},"categories":[88,13,58],"tags":[352,3100,616,1164],"class_list":["post-10186","post","type-post","status-publish","format-standard","has-post-thumbnail","hentry","category-nacional","category-tecnologia","category-ultima-hora","tag-desarrolloeconomico","tag-planmexico","tag-semiconductores","tag-tecnologia"],"yoast_head":"<!-- This site is optimized with the Yoast SEO plugin v25.0 - https:\/\/yoast.com\/wordpress\/plugins\/seo\/ -->\n<title>Plan M\u00e9xico apuesta por la producci\u00f3n nacional de chips un salto tecnol\u00f3gico para el pa\u00eds | Nexo Informativo Santiago de Quer\u00e9taro<\/title>\n<meta name=\"description\" content=\"Plan M\u00e9xico apuesta por la producci\u00f3n nacional de chips un salto tecnol\u00f3gico para el pa\u00eds\" \/>\n<meta name=\"robots\" content=\"index, follow, max-snippet:-1, max-image-preview:large, max-video-preview:-1\" \/>\n<link rel=\"canonical\" href=\"https:\/\/www.nexoinformativo.mx\/index.php\/2025\/01\/18\/plan-mexico-apuesta-por-la-produccion-nacional-de-chips-un-salto-tecnologico-para-el-pais\/\" \/>\n<meta property=\"og:locale\" content=\"es_MX\" \/>\n<meta property=\"og:type\" content=\"article\" \/>\n<meta property=\"og:title\" content=\"Plan M\u00e9xico apuesta por la producci\u00f3n nacional de chips un salto tecnol\u00f3gico para el pa\u00eds | Nexo Informativo Santiago de Quer\u00e9taro\" \/>\n<meta property=\"og:description\" content=\"Plan M\u00e9xico apuesta por la producci\u00f3n nacional de chips un salto tecnol\u00f3gico para el pa\u00eds\" \/>\n<meta property=\"og:url\" content=\"https:\/\/www.nexoinformativo.mx\/index.php\/2025\/01\/18\/plan-mexico-apuesta-por-la-produccion-nacional-de-chips-un-salto-tecnologico-para-el-pais\/\" \/>\n<meta property=\"og:site_name\" content=\"Nexo Informativo Santiago de Quer\u00e9taro\" \/>\n<meta property=\"article:publisher\" content=\"https:\/\/www.facebook.com\/people\/Nexo-Informativo\/61564066885511\/\" \/>\n<meta property=\"article:published_time\" content=\"2025-01-18T14:30:14+00:00\" \/>\n<meta property=\"article:modified_time\" content=\"2025-01-18T17:33:04+00:00\" \/>\n<meta property=\"og:image\" content=\"https:\/\/www.nexoinformativo.mx\/wp-content\/uploads\/2025\/01\/pexels-athena-2582937-e1737221501134.jpg\" \/>\n\t<meta property=\"og:image:width\" content=\"800\" \/>\n\t<meta property=\"og:image:height\" content=\"688\" \/>\n\t<meta property=\"og:image:type\" content=\"image\/jpeg\" \/>\n<meta name=\"author\" content=\"Nexo Informativo\" \/>\n<meta name=\"twitter:card\" content=\"summary_large_image\" \/>\n<meta name=\"twitter:label1\" content=\"Escrito por\" \/>\n\t<meta name=\"twitter:data1\" content=\"Nexo Informativo\" \/>\n\t<meta name=\"twitter:label2\" content=\"Tiempo de lectura\" \/>\n\t<meta name=\"twitter:data2\" content=\"2 minutos\" \/>\n<script type=\"application\/ld+json\" class=\"yoast-schema-graph\">{\"@context\":\"https:\/\/schema.org\",\"@graph\":[{\"@type\":\"Article\",\"@id\":\"https:\/\/www.nexoinformativo.mx\/index.php\/2025\/01\/18\/plan-mexico-apuesta-por-la-produccion-nacional-de-chips-un-salto-tecnologico-para-el-pais\/#article\",\"isPartOf\":{\"@id\":\"https:\/\/www.nexoinformativo.mx\/index.php\/2025\/01\/18\/plan-mexico-apuesta-por-la-produccion-nacional-de-chips-un-salto-tecnologico-para-el-pais\/\"},\"author\":{\"name\":\"Nexo Informativo\",\"@id\":\"https:\/\/www.nexoinformativo.mx\/#\/schema\/person\/7749d380ba08c8ca00d7bc76fd907b7d\"},\"headline\":\"Plan M\u00e9xico apuesta por la producci\u00f3n nacional de chips un salto tecnol\u00f3gico para el pa\u00eds\",\"datePublished\":\"2025-01-18T14:30:14+00:00\",\"dateModified\":\"2025-01-18T17:33:04+00:00\",\"mainEntityOfPage\":{\"@id\":\"https:\/\/www.nexoinformativo.mx\/index.php\/2025\/01\/18\/plan-mexico-apuesta-por-la-produccion-nacional-de-chips-un-salto-tecnologico-para-el-pais\/\"},\"wordCount\":241,\"commentCount\":0,\"publisher\":{\"@id\":\"https:\/\/www.nexoinformativo.mx\/#organization\"},\"image\":{\"@id\":\"https:\/\/www.nexoinformativo.mx\/index.php\/2025\/01\/18\/plan-mexico-apuesta-por-la-produccion-nacional-de-chips-un-salto-tecnologico-para-el-pais\/#primaryimage\"},\"thumbnailUrl\":\"https:\/\/www.nexoinformativo.mx\/wp-content\/uploads\/2025\/01\/pexels-athena-2582937-e1737221501134.jpg\",\"keywords\":[\"DesarrolloEcon\u00f3mico\",\"PlanM\u00e9xico\",\"Semiconductores\",\"Tecnolog\u00eda\"],\"articleSection\":[\"Nacional\",\"Tecnolog\u00eda\",\"\u00daltima Hora\"],\"inLanguage\":\"es\",\"potentialAction\":[{\"@type\":\"CommentAction\",\"name\":\"Comment\",\"target\":[\"https:\/\/www.nexoinformativo.mx\/index.php\/2025\/01\/18\/plan-mexico-apuesta-por-la-produccion-nacional-de-chips-un-salto-tecnologico-para-el-pais\/#respond\"]}]},{\"@type\":\"WebPage\",\"@id\":\"https:\/\/www.nexoinformativo.mx\/index.php\/2025\/01\/18\/plan-mexico-apuesta-por-la-produccion-nacional-de-chips-un-salto-tecnologico-para-el-pais\/\",\"url\":\"https:\/\/www.nexoinformativo.mx\/index.php\/2025\/01\/18\/plan-mexico-apuesta-por-la-produccion-nacional-de-chips-un-salto-tecnologico-para-el-pais\/\",\"name\":\"Plan M\u00e9xico apuesta por la producci\u00f3n nacional de chips un salto tecnol\u00f3gico para el pa\u00eds | Nexo Informativo Santiago de Quer\u00e9taro\",\"isPartOf\":{\"@id\":\"https:\/\/www.nexoinformativo.mx\/#website\"},\"primaryImageOfPage\":{\"@id\":\"https:\/\/www.nexoinformativo.mx\/index.php\/2025\/01\/18\/plan-mexico-apuesta-por-la-produccion-nacional-de-chips-un-salto-tecnologico-para-el-pais\/#primaryimage\"},\"image\":{\"@id\":\"https:\/\/www.nexoinformativo.mx\/index.php\/2025\/01\/18\/plan-mexico-apuesta-por-la-produccion-nacional-de-chips-un-salto-tecnologico-para-el-pais\/#primaryimage\"},\"thumbnailUrl\":\"https:\/\/www.nexoinformativo.mx\/wp-content\/uploads\/2025\/01\/pexels-athena-2582937-e1737221501134.jpg\",\"datePublished\":\"2025-01-18T14:30:14+00:00\",\"dateModified\":\"2025-01-18T17:33:04+00:00\",\"description\":\"Plan M\u00e9xico apuesta por la producci\u00f3n nacional de chips un salto tecnol\u00f3gico para el pa\u00eds\",\"breadcrumb\":{\"@id\":\"https:\/\/www.nexoinformativo.mx\/index.php\/2025\/01\/18\/plan-mexico-apuesta-por-la-produccion-nacional-de-chips-un-salto-tecnologico-para-el-pais\/#breadcrumb\"},\"inLanguage\":\"es\",\"potentialAction\":[{\"@type\":\"ReadAction\",\"target\":[\"https:\/\/www.nexoinformativo.mx\/index.php\/2025\/01\/18\/plan-mexico-apuesta-por-la-produccion-nacional-de-chips-un-salto-tecnologico-para-el-pais\/\"]}]},{\"@type\":\"ImageObject\",\"inLanguage\":\"es\",\"@id\":\"https:\/\/www.nexoinformativo.mx\/index.php\/2025\/01\/18\/plan-mexico-apuesta-por-la-produccion-nacional-de-chips-un-salto-tecnologico-para-el-pais\/#primaryimage\",\"url\":\"https:\/\/www.nexoinformativo.mx\/wp-content\/uploads\/2025\/01\/pexels-athena-2582937-e1737221501134.jpg\",\"contentUrl\":\"https:\/\/www.nexoinformativo.mx\/wp-content\/uploads\/2025\/01\/pexels-athena-2582937-e1737221501134.jpg\",\"width\":800,\"height\":688},{\"@type\":\"BreadcrumbList\",\"@id\":\"https:\/\/www.nexoinformativo.mx\/index.php\/2025\/01\/18\/plan-mexico-apuesta-por-la-produccion-nacional-de-chips-un-salto-tecnologico-para-el-pais\/#breadcrumb\",\"itemListElement\":[{\"@type\":\"ListItem\",\"position\":1,\"name\":\"Inicio\",\"item\":\"https:\/\/www.nexoinformativo.mx\/\"},{\"@type\":\"ListItem\",\"position\":2,\"name\":\"Plan M\u00e9xico apuesta por la producci\u00f3n nacional de chips un salto tecnol\u00f3gico para el pa\u00eds\"}]},{\"@type\":\"WebSite\",\"@id\":\"https:\/\/www.nexoinformativo.mx\/#website\",\"url\":\"https:\/\/www.nexoinformativo.mx\/\",\"name\":\"Nexo Informativo Santiago de Quer\u00e9taro\",\"description\":\"Explora NexoInformativo y convi\u00e9rtete en parte de una comunidad que valora el conocimiento y la verdad. Tu nexoinformativo es tu puente hacia una comprensi\u00f3n m\u00e1s profunda del mundo que te rodea.\",\"publisher\":{\"@id\":\"https:\/\/www.nexoinformativo.mx\/#organization\"},\"potentialAction\":[{\"@type\":\"SearchAction\",\"target\":{\"@type\":\"EntryPoint\",\"urlTemplate\":\"https:\/\/www.nexoinformativo.mx\/?s={search_term_string}\"},\"query-input\":{\"@type\":\"PropertyValueSpecification\",\"valueRequired\":true,\"valueName\":\"search_term_string\"}}],\"inLanguage\":\"es\"},{\"@type\":\"Organization\",\"@id\":\"https:\/\/www.nexoinformativo.mx\/#organization\",\"name\":\"Nexo Informativo Santiago de Quer\u00e9taro\",\"url\":\"https:\/\/www.nexoinformativo.mx\/\",\"logo\":{\"@type\":\"ImageObject\",\"inLanguage\":\"es\",\"@id\":\"https:\/\/www.nexoinformativo.mx\/#\/schema\/logo\/image\/\",\"url\":\"https:\/\/www.nexoinformativo.mx\/wp-content\/uploads\/2024\/07\/nexoi-trasparente-2.png\",\"contentUrl\":\"https:\/\/www.nexoinformativo.mx\/wp-content\/uploads\/2024\/07\/nexoi-trasparente-2.png\",\"width\":816,\"height\":339,\"caption\":\"Nexo Informativo Santiago de Quer\u00e9taro\"},\"image\":{\"@id\":\"https:\/\/www.nexoinformativo.mx\/#\/schema\/logo\/image\/\"},\"sameAs\":[\"https:\/\/www.facebook.com\/people\/Nexo-Informativo\/61564066885511\/\"]},{\"@type\":\"Person\",\"@id\":\"https:\/\/www.nexoinformativo.mx\/#\/schema\/person\/7749d380ba08c8ca00d7bc76fd907b7d\",\"name\":\"Nexo Informativo\",\"image\":{\"@type\":\"ImageObject\",\"inLanguage\":\"es\",\"@id\":\"https:\/\/www.nexoinformativo.mx\/#\/schema\/person\/image\/\",\"url\":\"https:\/\/secure.gravatar.com\/avatar\/dde2928154642a13d95f87ddf1ea9718fe2b46760a005c53e41ff5ad610704e6?s=96&d=mm&r=g\",\"contentUrl\":\"https:\/\/secure.gravatar.com\/avatar\/dde2928154642a13d95f87ddf1ea9718fe2b46760a005c53e41ff5ad610704e6?s=96&d=mm&r=g\",\"caption\":\"Nexo Informativo\"},\"url\":\"https:\/\/www.nexoinformativo.mx\/index.php\/author\/edicion\/\"}]}<\/script>\n<!-- \/ Yoast SEO plugin. -->","yoast_head_json":{"title":"Plan M\u00e9xico apuesta por la producci\u00f3n nacional de chips un salto tecnol\u00f3gico para el pa\u00eds | Nexo Informativo Santiago de Quer\u00e9taro","description":"Plan M\u00e9xico apuesta por la producci\u00f3n nacional de chips un salto tecnol\u00f3gico para el pa\u00eds","robots":{"index":"index","follow":"follow","max-snippet":"max-snippet:-1","max-image-preview":"max-image-preview:large","max-video-preview":"max-video-preview:-1"},"canonical":"https:\/\/www.nexoinformativo.mx\/index.php\/2025\/01\/18\/plan-mexico-apuesta-por-la-produccion-nacional-de-chips-un-salto-tecnologico-para-el-pais\/","og_locale":"es_MX","og_type":"article","og_title":"Plan M\u00e9xico apuesta por la producci\u00f3n nacional de chips un salto tecnol\u00f3gico para el pa\u00eds | Nexo Informativo Santiago de Quer\u00e9taro","og_description":"Plan M\u00e9xico apuesta por la producci\u00f3n nacional de chips un salto tecnol\u00f3gico para el pa\u00eds","og_url":"https:\/\/www.nexoinformativo.mx\/index.php\/2025\/01\/18\/plan-mexico-apuesta-por-la-produccion-nacional-de-chips-un-salto-tecnologico-para-el-pais\/","og_site_name":"Nexo Informativo Santiago de Quer\u00e9taro","article_publisher":"https:\/\/www.facebook.com\/people\/Nexo-Informativo\/61564066885511\/","article_published_time":"2025-01-18T14:30:14+00:00","article_modified_time":"2025-01-18T17:33:04+00:00","og_image":[{"width":800,"height":688,"url":"https:\/\/www.nexoinformativo.mx\/wp-content\/uploads\/2025\/01\/pexels-athena-2582937-e1737221501134.jpg","type":"image\/jpeg"}],"author":"Nexo Informativo","twitter_card":"summary_large_image","twitter_misc":{"Escrito por":"Nexo Informativo","Tiempo de lectura":"2 minutos"},"schema":{"@context":"https:\/\/schema.org","@graph":[{"@type":"Article","@id":"https:\/\/www.nexoinformativo.mx\/index.php\/2025\/01\/18\/plan-mexico-apuesta-por-la-produccion-nacional-de-chips-un-salto-tecnologico-para-el-pais\/#article","isPartOf":{"@id":"https:\/\/www.nexoinformativo.mx\/index.php\/2025\/01\/18\/plan-mexico-apuesta-por-la-produccion-nacional-de-chips-un-salto-tecnologico-para-el-pais\/"},"author":{"name":"Nexo Informativo","@id":"https:\/\/www.nexoinformativo.mx\/#\/schema\/person\/7749d380ba08c8ca00d7bc76fd907b7d"},"headline":"Plan M\u00e9xico apuesta por la producci\u00f3n nacional de chips un salto tecnol\u00f3gico para el pa\u00eds","datePublished":"2025-01-18T14:30:14+00:00","dateModified":"2025-01-18T17:33:04+00:00","mainEntityOfPage":{"@id":"https:\/\/www.nexoinformativo.mx\/index.php\/2025\/01\/18\/plan-mexico-apuesta-por-la-produccion-nacional-de-chips-un-salto-tecnologico-para-el-pais\/"},"wordCount":241,"commentCount":0,"publisher":{"@id":"https:\/\/www.nexoinformativo.mx\/#organization"},"image":{"@id":"https:\/\/www.nexoinformativo.mx\/index.php\/2025\/01\/18\/plan-mexico-apuesta-por-la-produccion-nacional-de-chips-un-salto-tecnologico-para-el-pais\/#primaryimage"},"thumbnailUrl":"https:\/\/www.nexoinformativo.mx\/wp-content\/uploads\/2025\/01\/pexels-athena-2582937-e1737221501134.jpg","keywords":["DesarrolloEcon\u00f3mico","PlanM\u00e9xico","Semiconductores","Tecnolog\u00eda"],"articleSection":["Nacional","Tecnolog\u00eda","\u00daltima Hora"],"inLanguage":"es","potentialAction":[{"@type":"CommentAction","name":"Comment","target":["https:\/\/www.nexoinformativo.mx\/index.php\/2025\/01\/18\/plan-mexico-apuesta-por-la-produccion-nacional-de-chips-un-salto-tecnologico-para-el-pais\/#respond"]}]},{"@type":"WebPage","@id":"https:\/\/www.nexoinformativo.mx\/index.php\/2025\/01\/18\/plan-mexico-apuesta-por-la-produccion-nacional-de-chips-un-salto-tecnologico-para-el-pais\/","url":"https:\/\/www.nexoinformativo.mx\/index.php\/2025\/01\/18\/plan-mexico-apuesta-por-la-produccion-nacional-de-chips-un-salto-tecnologico-para-el-pais\/","name":"Plan M\u00e9xico apuesta por la producci\u00f3n nacional de chips un salto tecnol\u00f3gico para el pa\u00eds | Nexo Informativo Santiago de Quer\u00e9taro","isPartOf":{"@id":"https:\/\/www.nexoinformativo.mx\/#website"},"primaryImageOfPage":{"@id":"https:\/\/www.nexoinformativo.mx\/index.php\/2025\/01\/18\/plan-mexico-apuesta-por-la-produccion-nacional-de-chips-un-salto-tecnologico-para-el-pais\/#primaryimage"},"image":{"@id":"https:\/\/www.nexoinformativo.mx\/index.php\/2025\/01\/18\/plan-mexico-apuesta-por-la-produccion-nacional-de-chips-un-salto-tecnologico-para-el-pais\/#primaryimage"},"thumbnailUrl":"https:\/\/www.nexoinformativo.mx\/wp-content\/uploads\/2025\/01\/pexels-athena-2582937-e1737221501134.jpg","datePublished":"2025-01-18T14:30:14+00:00","dateModified":"2025-01-18T17:33:04+00:00","description":"Plan M\u00e9xico apuesta por la producci\u00f3n nacional de chips un salto tecnol\u00f3gico para el pa\u00eds","breadcrumb":{"@id":"https:\/\/www.nexoinformativo.mx\/index.php\/2025\/01\/18\/plan-mexico-apuesta-por-la-produccion-nacional-de-chips-un-salto-tecnologico-para-el-pais\/#breadcrumb"},"inLanguage":"es","potentialAction":[{"@type":"ReadAction","target":["https:\/\/www.nexoinformativo.mx\/index.php\/2025\/01\/18\/plan-mexico-apuesta-por-la-produccion-nacional-de-chips-un-salto-tecnologico-para-el-pais\/"]}]},{"@type":"ImageObject","inLanguage":"es","@id":"https:\/\/www.nexoinformativo.mx\/index.php\/2025\/01\/18\/plan-mexico-apuesta-por-la-produccion-nacional-de-chips-un-salto-tecnologico-para-el-pais\/#primaryimage","url":"https:\/\/www.nexoinformativo.mx\/wp-content\/uploads\/2025\/01\/pexels-athena-2582937-e1737221501134.jpg","contentUrl":"https:\/\/www.nexoinformativo.mx\/wp-content\/uploads\/2025\/01\/pexels-athena-2582937-e1737221501134.jpg","width":800,"height":688},{"@type":"BreadcrumbList","@id":"https:\/\/www.nexoinformativo.mx\/index.php\/2025\/01\/18\/plan-mexico-apuesta-por-la-produccion-nacional-de-chips-un-salto-tecnologico-para-el-pais\/#breadcrumb","itemListElement":[{"@type":"ListItem","position":1,"name":"Inicio","item":"https:\/\/www.nexoinformativo.mx\/"},{"@type":"ListItem","position":2,"name":"Plan M\u00e9xico apuesta por la producci\u00f3n nacional de chips un salto tecnol\u00f3gico para el pa\u00eds"}]},{"@type":"WebSite","@id":"https:\/\/www.nexoinformativo.mx\/#website","url":"https:\/\/www.nexoinformativo.mx\/","name":"Nexo Informativo Santiago de Quer\u00e9taro","description":"Explora NexoInformativo y convi\u00e9rtete en parte de una comunidad que valora el conocimiento y la verdad. Tu nexoinformativo es tu puente hacia una comprensi\u00f3n m\u00e1s profunda del mundo que te rodea.","publisher":{"@id":"https:\/\/www.nexoinformativo.mx\/#organization"},"potentialAction":[{"@type":"SearchAction","target":{"@type":"EntryPoint","urlTemplate":"https:\/\/www.nexoinformativo.mx\/?s={search_term_string}"},"query-input":{"@type":"PropertyValueSpecification","valueRequired":true,"valueName":"search_term_string"}}],"inLanguage":"es"},{"@type":"Organization","@id":"https:\/\/www.nexoinformativo.mx\/#organization","name":"Nexo Informativo Santiago de Quer\u00e9taro","url":"https:\/\/www.nexoinformativo.mx\/","logo":{"@type":"ImageObject","inLanguage":"es","@id":"https:\/\/www.nexoinformativo.mx\/#\/schema\/logo\/image\/","url":"https:\/\/www.nexoinformativo.mx\/wp-content\/uploads\/2024\/07\/nexoi-trasparente-2.png","contentUrl":"https:\/\/www.nexoinformativo.mx\/wp-content\/uploads\/2024\/07\/nexoi-trasparente-2.png","width":816,"height":339,"caption":"Nexo Informativo Santiago de Quer\u00e9taro"},"image":{"@id":"https:\/\/www.nexoinformativo.mx\/#\/schema\/logo\/image\/"},"sameAs":["https:\/\/www.facebook.com\/people\/Nexo-Informativo\/61564066885511\/"]},{"@type":"Person","@id":"https:\/\/www.nexoinformativo.mx\/#\/schema\/person\/7749d380ba08c8ca00d7bc76fd907b7d","name":"Nexo Informativo","image":{"@type":"ImageObject","inLanguage":"es","@id":"https:\/\/www.nexoinformativo.mx\/#\/schema\/person\/image\/","url":"https:\/\/secure.gravatar.com\/avatar\/dde2928154642a13d95f87ddf1ea9718fe2b46760a005c53e41ff5ad610704e6?s=96&d=mm&r=g","contentUrl":"https:\/\/secure.gravatar.com\/avatar\/dde2928154642a13d95f87ddf1ea9718fe2b46760a005c53e41ff5ad610704e6?s=96&d=mm&r=g","caption":"Nexo Informativo"},"url":"https:\/\/www.nexoinformativo.mx\/index.php\/author\/edicion\/"}]}},"_links":{"self":[{"href":"https:\/\/www.nexoinformativo.mx\/index.php\/wp-json\/wp\/v2\/posts\/10186","targetHints":{"allow":["GET"]}}],"collection":[{"href":"https:\/\/www.nexoinformativo.mx\/index.php\/wp-json\/wp\/v2\/posts"}],"about":[{"href":"https:\/\/www.nexoinformativo.mx\/index.php\/wp-json\/wp\/v2\/types\/post"}],"author":[{"embeddable":true,"href":"https:\/\/www.nexoinformativo.mx\/index.php\/wp-json\/wp\/v2\/users\/3"}],"replies":[{"embeddable":true,"href":"https:\/\/www.nexoinformativo.mx\/index.php\/wp-json\/wp\/v2\/comments?post=10186"}],"version-history":[{"count":4,"href":"https:\/\/www.nexoinformativo.mx\/index.php\/wp-json\/wp\/v2\/posts\/10186\/revisions"}],"predecessor-version":[{"id":10190,"href":"https:\/\/www.nexoinformativo.mx\/index.php\/wp-json\/wp\/v2\/posts\/10186\/revisions\/10190"}],"wp:featuredmedia":[{"embeddable":true,"href":"https:\/\/www.nexoinformativo.mx\/index.php\/wp-json\/wp\/v2\/media\/10187"}],"wp:attachment":[{"href":"https:\/\/www.nexoinformativo.mx\/index.php\/wp-json\/wp\/v2\/media?parent=10186"}],"wp:term":[{"taxonomy":"category","embeddable":true,"href":"https:\/\/www.nexoinformativo.mx\/index.php\/wp-json\/wp\/v2\/categories?post=10186"},{"taxonomy":"post_tag","embeddable":true,"href":"https:\/\/www.nexoinformativo.mx\/index.php\/wp-json\/wp\/v2\/tags?post=10186"}],"curies":[{"name":"wp","href":"https:\/\/api.w.org\/{rel}","templated":true}]}}