{"id":10201,"date":"2025-01-20T06:00:44","date_gmt":"2025-01-20T12:00:44","guid":{"rendered":"https:\/\/www.nexoinformativo.mx\/?p=10201"},"modified":"2025-01-20T09:23:19","modified_gmt":"2025-01-20T15:23:19","slug":"canciller-asegura-apoyo-a-mexicanos-en-estados-unidos-con-red-consular-unida-y-solida","status":"publish","type":"post","link":"https:\/\/www.nexoinformativo.mx\/index.php\/2025\/01\/20\/canciller-asegura-apoyo-a-mexicanos-en-estados-unidos-con-red-consular-unida-y-solida\/","title":{"rendered":"Canciller asegura apoyo a mexicanos en Estados Unidos con red consular unida y s\u00f3lida"},"content":{"rendered":"<p style=\"text-align: justify;\" data-sourcepos=\"11:1-11:438\">El gobierno de M\u00e9xico, a trav\u00e9s de su red consular en Estados Unidos, ha reafirmado su compromiso de proteger los derechos y la dignidad de los mexicanos que viven en el pa\u00eds vecino.<\/p>\n<\/p>\n<p>&nbsp;<\/p>\n<p style=\"text-align: justify;\" data-sourcepos=\"11:1-11:438\">Ante los desaf\u00edos que enfrenta la comunidad mexicana en el extranjero, el canciller Juan Ram\u00f3n de la Fuente asegur\u00f3 que M\u00e9xico cuenta con una red consular s\u00f3lida y coordinada para atender las necesidades de sus connacionales.<\/p>\n<\/p>\n<p>&nbsp;<\/p>\n<p style=\"text-align: justify;\" data-sourcepos=\"13:1-13:307\">Con 53 consulados en Estados Unidos, el gobierno mexicano ha implementado una estrategia integral para brindar asistencia legal, consular y social a los mexicanos. Esta estrategia busca garantizar que los connacionales tengan acceso a sus derechos y puedan enfrentar cualquier situaci\u00f3n que se les presente.<\/p>\n<\/p>\n<p>&nbsp;<\/p>\n<p style=\"text-align: justify;\" data-sourcepos=\"15:1-15:304\">De la Fuente enfatiz\u00f3 que la prioridad de la presidenta Claudia Sheinbaum es proteger a los mexicanos en el extranjero. Por ello, ha instruido a los consulados a mantener una actitud proactiva y a fortalecer las alianzas con organizaciones locales para brindar una mejor atenci\u00f3n a la comunidad mexicana.<\/p>\n<\/p>\n<p>&nbsp;<\/p>\n<p style=\"text-align: justify;\" data-sourcepos=\"17:1-17:346\">Los consulados mexicanos en Estados Unidos ofrecen una amplia gama de servicios, como la emisi\u00f3n de pasaportes, la asistencia legal, la protecci\u00f3n consular y la promoci\u00f3n de los derechos de los mexicanos.<\/p>\n<\/p>\n<p>&nbsp;<\/p>\n<p style=\"text-align: justify;\" data-sourcepos=\"17:1-17:346\">Adem\u00e1s, trabajan en estrecha colaboraci\u00f3n con organizaciones de la sociedad civil para brindar apoyo a los migrantes en situaci\u00f3n vulnerable.<\/p>\n<\/p>\n<p>&nbsp;<\/p>\n<p style=\"text-align: center;\" data-sourcepos=\"19:1-19:137\"><em><strong>\u00a1Informaci\u00f3n que transforma!<\/strong><\/em><\/p>\n","protected":false},"excerpt":{"rendered":"<p>El gobierno de M\u00e9xico, a trav\u00e9s de su red consular en Estados Unidos, ha reafirmado su compromiso de proteger los derechos y la dignidad de los mexicanos que viven en el pa\u00eds vecino.<\/p>\n","protected":false},"author":3,"featured_media":10202,"comment_status":"open","ping_status":"open","sticky":false,"template":"","format":"standard","meta":{"footnotes":""},"categories":[88,58],"tags":[499,2569,1846,2570],"class_list":["post-10201","post","type-post","status-publish","format-standard","has-post-thumbnail","hentry","category-nacional","category-ultima-hora","tag-derechoshumanos","tag-mexicanoseneu","tag-migracion","tag-proteccionconsular"],"yoast_head":"<!-- This site is optimized with the Yoast SEO plugin v25.0 - https:\/\/yoast.com\/wordpress\/plugins\/seo\/ -->\n<title>Canciller asegura apoyo a mexicanos en Estados Unidos con red consular unida y s\u00f3lida | Nexo Informativo Santiago de Quer\u00e9taro<\/title>\n<meta name=\"description\" content=\"Canciller asegura apoyo a mexicanos en Estados Unidos con red consular unida y s\u00f3lida\" \/>\n<meta name=\"robots\" content=\"index, follow, max-snippet:-1, max-image-preview:large, max-video-preview:-1\" \/>\n<link rel=\"canonical\" href=\"https:\/\/www.nexoinformativo.mx\/index.php\/2025\/01\/20\/canciller-asegura-apoyo-a-mexicanos-en-estados-unidos-con-red-consular-unida-y-solida\/\" \/>\n<meta property=\"og:locale\" content=\"es_MX\" \/>\n<meta property=\"og:type\" content=\"article\" \/>\n<meta property=\"og:title\" content=\"Canciller asegura apoyo a mexicanos en Estados Unidos con red consular unida y s\u00f3lida | Nexo Informativo Santiago de Quer\u00e9taro\" \/>\n<meta property=\"og:description\" content=\"Canciller asegura apoyo a mexicanos en Estados Unidos con red consular unida y s\u00f3lida\" \/>\n<meta property=\"og:url\" content=\"https:\/\/www.nexoinformativo.mx\/index.php\/2025\/01\/20\/canciller-asegura-apoyo-a-mexicanos-en-estados-unidos-con-red-consular-unida-y-solida\/\" \/>\n<meta property=\"og:site_name\" content=\"Nexo Informativo Santiago de Quer\u00e9taro\" \/>\n<meta property=\"article:publisher\" content=\"https:\/\/www.facebook.com\/people\/Nexo-Informativo\/61564066885511\/\" \/>\n<meta property=\"article:published_time\" content=\"2025-01-20T12:00:44+00:00\" \/>\n<meta property=\"article:modified_time\" content=\"2025-01-20T15:23:19+00:00\" \/>\n<meta property=\"og:image\" content=\"https:\/\/www.nexoinformativo.mx\/wp-content\/uploads\/2025\/01\/IMG_9389-scaled-e1737386542539.jpg\" \/>\n\t<meta property=\"og:image:width\" content=\"800\" \/>\n\t<meta property=\"og:image:height\" content=\"533\" \/>\n\t<meta property=\"og:image:type\" content=\"image\/jpeg\" \/>\n<meta name=\"author\" content=\"Nexo Informativo\" \/>\n<meta name=\"twitter:card\" content=\"summary_large_image\" \/>\n<meta name=\"twitter:label1\" content=\"Escrito por\" \/>\n\t<meta name=\"twitter:data1\" content=\"Nexo Informativo\" \/>\n\t<meta name=\"twitter:label2\" content=\"Tiempo de lectura\" \/>\n\t<meta name=\"twitter:data2\" content=\"2 minutos\" \/>\n<script type=\"application\/ld+json\" class=\"yoast-schema-graph\">{\"@context\":\"https:\/\/schema.org\",\"@graph\":[{\"@type\":\"Article\",\"@id\":\"https:\/\/www.nexoinformativo.mx\/index.php\/2025\/01\/20\/canciller-asegura-apoyo-a-mexicanos-en-estados-unidos-con-red-consular-unida-y-solida\/#article\",\"isPartOf\":{\"@id\":\"https:\/\/www.nexoinformativo.mx\/index.php\/2025\/01\/20\/canciller-asegura-apoyo-a-mexicanos-en-estados-unidos-con-red-consular-unida-y-solida\/\"},\"author\":{\"name\":\"Nexo Informativo\",\"@id\":\"https:\/\/www.nexoinformativo.mx\/#\/schema\/person\/7749d380ba08c8ca00d7bc76fd907b7d\"},\"headline\":\"Canciller asegura apoyo a mexicanos en Estados Unidos con red consular unida y s\u00f3lida\",\"datePublished\":\"2025-01-20T12:00:44+00:00\",\"dateModified\":\"2025-01-20T15:23:19+00:00\",\"mainEntityOfPage\":{\"@id\":\"https:\/\/www.nexoinformativo.mx\/index.php\/2025\/01\/20\/canciller-asegura-apoyo-a-mexicanos-en-estados-unidos-con-red-consular-unida-y-solida\/\"},\"wordCount\":254,\"commentCount\":0,\"publisher\":{\"@id\":\"https:\/\/www.nexoinformativo.mx\/#organization\"},\"image\":{\"@id\":\"https:\/\/www.nexoinformativo.mx\/index.php\/2025\/01\/20\/canciller-asegura-apoyo-a-mexicanos-en-estados-unidos-con-red-consular-unida-y-solida\/#primaryimage\"},\"thumbnailUrl\":\"https:\/\/www.nexoinformativo.mx\/wp-content\/uploads\/2025\/01\/IMG_9389-scaled-e1737386542539.jpg\",\"keywords\":[\"DerechosHumanos\",\"MexicanosEnEU\",\"Migraci\u00f3n\",\"Protecci\u00f3nConsular\"],\"articleSection\":[\"Nacional\",\"\u00daltima Hora\"],\"inLanguage\":\"es\",\"potentialAction\":[{\"@type\":\"CommentAction\",\"name\":\"Comment\",\"target\":[\"https:\/\/www.nexoinformativo.mx\/index.php\/2025\/01\/20\/canciller-asegura-apoyo-a-mexicanos-en-estados-unidos-con-red-consular-unida-y-solida\/#respond\"]}]},{\"@type\":\"WebPage\",\"@id\":\"https:\/\/www.nexoinformativo.mx\/index.php\/2025\/01\/20\/canciller-asegura-apoyo-a-mexicanos-en-estados-unidos-con-red-consular-unida-y-solida\/\",\"url\":\"https:\/\/www.nexoinformativo.mx\/index.php\/2025\/01\/20\/canciller-asegura-apoyo-a-mexicanos-en-estados-unidos-con-red-consular-unida-y-solida\/\",\"name\":\"Canciller asegura apoyo a mexicanos en Estados Unidos con red consular unida y s\u00f3lida | Nexo Informativo Santiago de Quer\u00e9taro\",\"isPartOf\":{\"@id\":\"https:\/\/www.nexoinformativo.mx\/#website\"},\"primaryImageOfPage\":{\"@id\":\"https:\/\/www.nexoinformativo.mx\/index.php\/2025\/01\/20\/canciller-asegura-apoyo-a-mexicanos-en-estados-unidos-con-red-consular-unida-y-solida\/#primaryimage\"},\"image\":{\"@id\":\"https:\/\/www.nexoinformativo.mx\/index.php\/2025\/01\/20\/canciller-asegura-apoyo-a-mexicanos-en-estados-unidos-con-red-consular-unida-y-solida\/#primaryimage\"},\"thumbnailUrl\":\"https:\/\/www.nexoinformativo.mx\/wp-content\/uploads\/2025\/01\/IMG_9389-scaled-e1737386542539.jpg\",\"datePublished\":\"2025-01-20T12:00:44+00:00\",\"dateModified\":\"2025-01-20T15:23:19+00:00\",\"description\":\"Canciller asegura apoyo a mexicanos en Estados Unidos con red consular unida y s\u00f3lida\",\"breadcrumb\":{\"@id\":\"https:\/\/www.nexoinformativo.mx\/index.php\/2025\/01\/20\/canciller-asegura-apoyo-a-mexicanos-en-estados-unidos-con-red-consular-unida-y-solida\/#breadcrumb\"},\"inLanguage\":\"es\",\"potentialAction\":[{\"@type\":\"ReadAction\",\"target\":[\"https:\/\/www.nexoinformativo.mx\/index.php\/2025\/01\/20\/canciller-asegura-apoyo-a-mexicanos-en-estados-unidos-con-red-consular-unida-y-solida\/\"]}]},{\"@type\":\"ImageObject\",\"inLanguage\":\"es\",\"@id\":\"https:\/\/www.nexoinformativo.mx\/index.php\/2025\/01\/20\/canciller-asegura-apoyo-a-mexicanos-en-estados-unidos-con-red-consular-unida-y-solida\/#primaryimage\",\"url\":\"https:\/\/www.nexoinformativo.mx\/wp-content\/uploads\/2025\/01\/IMG_9389-scaled-e1737386542539.jpg\",\"contentUrl\":\"https:\/\/www.nexoinformativo.mx\/wp-content\/uploads\/2025\/01\/IMG_9389-scaled-e1737386542539.jpg\",\"width\":800,\"height\":533},{\"@type\":\"BreadcrumbList\",\"@id\":\"https:\/\/www.nexoinformativo.mx\/index.php\/2025\/01\/20\/canciller-asegura-apoyo-a-mexicanos-en-estados-unidos-con-red-consular-unida-y-solida\/#breadcrumb\",\"itemListElement\":[{\"@type\":\"ListItem\",\"position\":1,\"name\":\"Inicio\",\"item\":\"https:\/\/www.nexoinformativo.mx\/\"},{\"@type\":\"ListItem\",\"position\":2,\"name\":\"Canciller asegura apoyo a mexicanos en Estados Unidos con red consular unida y s\u00f3lida\"}]},{\"@type\":\"WebSite\",\"@id\":\"https:\/\/www.nexoinformativo.mx\/#website\",\"url\":\"https:\/\/www.nexoinformativo.mx\/\",\"name\":\"Nexo Informativo Santiago de Quer\u00e9taro\",\"description\":\"Explora NexoInformativo y convi\u00e9rtete en parte de una comunidad que valora el conocimiento y la verdad. Tu nexoinformativo es tu puente hacia una comprensi\u00f3n m\u00e1s profunda del mundo que te rodea.\",\"publisher\":{\"@id\":\"https:\/\/www.nexoinformativo.mx\/#organization\"},\"potentialAction\":[{\"@type\":\"SearchAction\",\"target\":{\"@type\":\"EntryPoint\",\"urlTemplate\":\"https:\/\/www.nexoinformativo.mx\/?s={search_term_string}\"},\"query-input\":{\"@type\":\"PropertyValueSpecification\",\"valueRequired\":true,\"valueName\":\"search_term_string\"}}],\"inLanguage\":\"es\"},{\"@type\":\"Organization\",\"@id\":\"https:\/\/www.nexoinformativo.mx\/#organization\",\"name\":\"Nexo Informativo Santiago de Quer\u00e9taro\",\"url\":\"https:\/\/www.nexoinformativo.mx\/\",\"logo\":{\"@type\":\"ImageObject\",\"inLanguage\":\"es\",\"@id\":\"https:\/\/www.nexoinformativo.mx\/#\/schema\/logo\/image\/\",\"url\":\"https:\/\/www.nexoinformativo.mx\/wp-content\/uploads\/2024\/07\/nexoi-trasparente-2.png\",\"contentUrl\":\"https:\/\/www.nexoinformativo.mx\/wp-content\/uploads\/2024\/07\/nexoi-trasparente-2.png\",\"width\":816,\"height\":339,\"caption\":\"Nexo Informativo Santiago de Quer\u00e9taro\"},\"image\":{\"@id\":\"https:\/\/www.nexoinformativo.mx\/#\/schema\/logo\/image\/\"},\"sameAs\":[\"https:\/\/www.facebook.com\/people\/Nexo-Informativo\/61564066885511\/\"]},{\"@type\":\"Person\",\"@id\":\"https:\/\/www.nexoinformativo.mx\/#\/schema\/person\/7749d380ba08c8ca00d7bc76fd907b7d\",\"name\":\"Nexo Informativo\",\"image\":{\"@type\":\"ImageObject\",\"inLanguage\":\"es\",\"@id\":\"https:\/\/www.nexoinformativo.mx\/#\/schema\/person\/image\/\",\"url\":\"https:\/\/secure.gravatar.com\/avatar\/dde2928154642a13d95f87ddf1ea9718fe2b46760a005c53e41ff5ad610704e6?s=96&d=mm&r=g\",\"contentUrl\":\"https:\/\/secure.gravatar.com\/avatar\/dde2928154642a13d95f87ddf1ea9718fe2b46760a005c53e41ff5ad610704e6?s=96&d=mm&r=g\",\"caption\":\"Nexo Informativo\"},\"url\":\"https:\/\/www.nexoinformativo.mx\/index.php\/author\/edicion\/\"}]}<\/script>\n<!-- \/ Yoast SEO plugin. -->","yoast_head_json":{"title":"Canciller asegura apoyo a mexicanos en Estados Unidos con red consular unida y s\u00f3lida | Nexo Informativo Santiago de Quer\u00e9taro","description":"Canciller asegura apoyo a mexicanos en Estados Unidos con red consular unida y s\u00f3lida","robots":{"index":"index","follow":"follow","max-snippet":"max-snippet:-1","max-image-preview":"max-image-preview:large","max-video-preview":"max-video-preview:-1"},"canonical":"https:\/\/www.nexoinformativo.mx\/index.php\/2025\/01\/20\/canciller-asegura-apoyo-a-mexicanos-en-estados-unidos-con-red-consular-unida-y-solida\/","og_locale":"es_MX","og_type":"article","og_title":"Canciller asegura apoyo a mexicanos en Estados Unidos con red consular unida y s\u00f3lida | Nexo Informativo Santiago de Quer\u00e9taro","og_description":"Canciller asegura apoyo a mexicanos en Estados Unidos con red consular unida y s\u00f3lida","og_url":"https:\/\/www.nexoinformativo.mx\/index.php\/2025\/01\/20\/canciller-asegura-apoyo-a-mexicanos-en-estados-unidos-con-red-consular-unida-y-solida\/","og_site_name":"Nexo Informativo Santiago de Quer\u00e9taro","article_publisher":"https:\/\/www.facebook.com\/people\/Nexo-Informativo\/61564066885511\/","article_published_time":"2025-01-20T12:00:44+00:00","article_modified_time":"2025-01-20T15:23:19+00:00","og_image":[{"width":800,"height":533,"url":"https:\/\/www.nexoinformativo.mx\/wp-content\/uploads\/2025\/01\/IMG_9389-scaled-e1737386542539.jpg","type":"image\/jpeg"}],"author":"Nexo Informativo","twitter_card":"summary_large_image","twitter_misc":{"Escrito por":"Nexo Informativo","Tiempo de lectura":"2 minutos"},"schema":{"@context":"https:\/\/schema.org","@graph":[{"@type":"Article","@id":"https:\/\/www.nexoinformativo.mx\/index.php\/2025\/01\/20\/canciller-asegura-apoyo-a-mexicanos-en-estados-unidos-con-red-consular-unida-y-solida\/#article","isPartOf":{"@id":"https:\/\/www.nexoinformativo.mx\/index.php\/2025\/01\/20\/canciller-asegura-apoyo-a-mexicanos-en-estados-unidos-con-red-consular-unida-y-solida\/"},"author":{"name":"Nexo Informativo","@id":"https:\/\/www.nexoinformativo.mx\/#\/schema\/person\/7749d380ba08c8ca00d7bc76fd907b7d"},"headline":"Canciller asegura apoyo a mexicanos en Estados Unidos con red consular unida y s\u00f3lida","datePublished":"2025-01-20T12:00:44+00:00","dateModified":"2025-01-20T15:23:19+00:00","mainEntityOfPage":{"@id":"https:\/\/www.nexoinformativo.mx\/index.php\/2025\/01\/20\/canciller-asegura-apoyo-a-mexicanos-en-estados-unidos-con-red-consular-unida-y-solida\/"},"wordCount":254,"commentCount":0,"publisher":{"@id":"https:\/\/www.nexoinformativo.mx\/#organization"},"image":{"@id":"https:\/\/www.nexoinformativo.mx\/index.php\/2025\/01\/20\/canciller-asegura-apoyo-a-mexicanos-en-estados-unidos-con-red-consular-unida-y-solida\/#primaryimage"},"thumbnailUrl":"https:\/\/www.nexoinformativo.mx\/wp-content\/uploads\/2025\/01\/IMG_9389-scaled-e1737386542539.jpg","keywords":["DerechosHumanos","MexicanosEnEU","Migraci\u00f3n","Protecci\u00f3nConsular"],"articleSection":["Nacional","\u00daltima Hora"],"inLanguage":"es","potentialAction":[{"@type":"CommentAction","name":"Comment","target":["https:\/\/www.nexoinformativo.mx\/index.php\/2025\/01\/20\/canciller-asegura-apoyo-a-mexicanos-en-estados-unidos-con-red-consular-unida-y-solida\/#respond"]}]},{"@type":"WebPage","@id":"https:\/\/www.nexoinformativo.mx\/index.php\/2025\/01\/20\/canciller-asegura-apoyo-a-mexicanos-en-estados-unidos-con-red-consular-unida-y-solida\/","url":"https:\/\/www.nexoinformativo.mx\/index.php\/2025\/01\/20\/canciller-asegura-apoyo-a-mexicanos-en-estados-unidos-con-red-consular-unida-y-solida\/","name":"Canciller asegura apoyo a mexicanos en Estados Unidos con red consular unida y s\u00f3lida | Nexo Informativo Santiago de Quer\u00e9taro","isPartOf":{"@id":"https:\/\/www.nexoinformativo.mx\/#website"},"primaryImageOfPage":{"@id":"https:\/\/www.nexoinformativo.mx\/index.php\/2025\/01\/20\/canciller-asegura-apoyo-a-mexicanos-en-estados-unidos-con-red-consular-unida-y-solida\/#primaryimage"},"image":{"@id":"https:\/\/www.nexoinformativo.mx\/index.php\/2025\/01\/20\/canciller-asegura-apoyo-a-mexicanos-en-estados-unidos-con-red-consular-unida-y-solida\/#primaryimage"},"thumbnailUrl":"https:\/\/www.nexoinformativo.mx\/wp-content\/uploads\/2025\/01\/IMG_9389-scaled-e1737386542539.jpg","datePublished":"2025-01-20T12:00:44+00:00","dateModified":"2025-01-20T15:23:19+00:00","description":"Canciller asegura apoyo a mexicanos en Estados Unidos con red consular unida y s\u00f3lida","breadcrumb":{"@id":"https:\/\/www.nexoinformativo.mx\/index.php\/2025\/01\/20\/canciller-asegura-apoyo-a-mexicanos-en-estados-unidos-con-red-consular-unida-y-solida\/#breadcrumb"},"inLanguage":"es","potentialAction":[{"@type":"ReadAction","target":["https:\/\/www.nexoinformativo.mx\/index.php\/2025\/01\/20\/canciller-asegura-apoyo-a-mexicanos-en-estados-unidos-con-red-consular-unida-y-solida\/"]}]},{"@type":"ImageObject","inLanguage":"es","@id":"https:\/\/www.nexoinformativo.mx\/index.php\/2025\/01\/20\/canciller-asegura-apoyo-a-mexicanos-en-estados-unidos-con-red-consular-unida-y-solida\/#primaryimage","url":"https:\/\/www.nexoinformativo.mx\/wp-content\/uploads\/2025\/01\/IMG_9389-scaled-e1737386542539.jpg","contentUrl":"https:\/\/www.nexoinformativo.mx\/wp-content\/uploads\/2025\/01\/IMG_9389-scaled-e1737386542539.jpg","width":800,"height":533},{"@type":"BreadcrumbList","@id":"https:\/\/www.nexoinformativo.mx\/index.php\/2025\/01\/20\/canciller-asegura-apoyo-a-mexicanos-en-estados-unidos-con-red-consular-unida-y-solida\/#breadcrumb","itemListElement":[{"@type":"ListItem","position":1,"name":"Inicio","item":"https:\/\/www.nexoinformativo.mx\/"},{"@type":"ListItem","position":2,"name":"Canciller asegura apoyo a mexicanos en Estados Unidos con red consular unida y s\u00f3lida"}]},{"@type":"WebSite","@id":"https:\/\/www.nexoinformativo.mx\/#website","url":"https:\/\/www.nexoinformativo.mx\/","name":"Nexo Informativo Santiago de Quer\u00e9taro","description":"Explora NexoInformativo y convi\u00e9rtete en parte de una comunidad que valora el conocimiento y la verdad. Tu nexoinformativo es tu puente hacia una comprensi\u00f3n m\u00e1s profunda del mundo que te rodea.","publisher":{"@id":"https:\/\/www.nexoinformativo.mx\/#organization"},"potentialAction":[{"@type":"SearchAction","target":{"@type":"EntryPoint","urlTemplate":"https:\/\/www.nexoinformativo.mx\/?s={search_term_string}"},"query-input":{"@type":"PropertyValueSpecification","valueRequired":true,"valueName":"search_term_string"}}],"inLanguage":"es"},{"@type":"Organization","@id":"https:\/\/www.nexoinformativo.mx\/#organization","name":"Nexo Informativo Santiago de Quer\u00e9taro","url":"https:\/\/www.nexoinformativo.mx\/","logo":{"@type":"ImageObject","inLanguage":"es","@id":"https:\/\/www.nexoinformativo.mx\/#\/schema\/logo\/image\/","url":"https:\/\/www.nexoinformativo.mx\/wp-content\/uploads\/2024\/07\/nexoi-trasparente-2.png","contentUrl":"https:\/\/www.nexoinformativo.mx\/wp-content\/uploads\/2024\/07\/nexoi-trasparente-2.png","width":816,"height":339,"caption":"Nexo Informativo Santiago de Quer\u00e9taro"},"image":{"@id":"https:\/\/www.nexoinformativo.mx\/#\/schema\/logo\/image\/"},"sameAs":["https:\/\/www.facebook.com\/people\/Nexo-Informativo\/61564066885511\/"]},{"@type":"Person","@id":"https:\/\/www.nexoinformativo.mx\/#\/schema\/person\/7749d380ba08c8ca00d7bc76fd907b7d","name":"Nexo Informativo","image":{"@type":"ImageObject","inLanguage":"es","@id":"https:\/\/www.nexoinformativo.mx\/#\/schema\/person\/image\/","url":"https:\/\/secure.gravatar.com\/avatar\/dde2928154642a13d95f87ddf1ea9718fe2b46760a005c53e41ff5ad610704e6?s=96&d=mm&r=g","contentUrl":"https:\/\/secure.gravatar.com\/avatar\/dde2928154642a13d95f87ddf1ea9718fe2b46760a005c53e41ff5ad610704e6?s=96&d=mm&r=g","caption":"Nexo Informativo"},"url":"https:\/\/www.nexoinformativo.mx\/index.php\/author\/edicion\/"}]}},"_links":{"self":[{"href":"https:\/\/www.nexoinformativo.mx\/index.php\/wp-json\/wp\/v2\/posts\/10201","targetHints":{"allow":["GET"]}}],"collection":[{"href":"https:\/\/www.nexoinformativo.mx\/index.php\/wp-json\/wp\/v2\/posts"}],"about":[{"href":"https:\/\/www.nexoinformativo.mx\/index.php\/wp-json\/wp\/v2\/types\/post"}],"author":[{"embeddable":true,"href":"https:\/\/www.nexoinformativo.mx\/index.php\/wp-json\/wp\/v2\/users\/3"}],"replies":[{"embeddable":true,"href":"https:\/\/www.nexoinformativo.mx\/index.php\/wp-json\/wp\/v2\/comments?post=10201"}],"version-history":[{"count":3,"href":"https:\/\/www.nexoinformativo.mx\/index.php\/wp-json\/wp\/v2\/posts\/10201\/revisions"}],"predecessor-version":[{"id":10205,"href":"https:\/\/www.nexoinformativo.mx\/index.php\/wp-json\/wp\/v2\/posts\/10201\/revisions\/10205"}],"wp:featuredmedia":[{"embeddable":true,"href":"https:\/\/www.nexoinformativo.mx\/index.php\/wp-json\/wp\/v2\/media\/10202"}],"wp:attachment":[{"href":"https:\/\/www.nexoinformativo.mx\/index.php\/wp-json\/wp\/v2\/media?parent=10201"}],"wp:term":[{"taxonomy":"category","embeddable":true,"href":"https:\/\/www.nexoinformativo.mx\/index.php\/wp-json\/wp\/v2\/categories?post=10201"},{"taxonomy":"post_tag","embeddable":true,"href":"https:\/\/www.nexoinformativo.mx\/index.php\/wp-json\/wp\/v2\/tags?post=10201"}],"curies":[{"name":"wp","href":"https:\/\/api.w.org\/{rel}","templated":true}]}}