{"id":10211,"date":"2025-01-20T07:00:13","date_gmt":"2025-01-20T13:00:13","guid":{"rendered":"https:\/\/www.nexoinformativo.mx\/?p=10211"},"modified":"2025-01-20T09:34:29","modified_gmt":"2025-01-20T15:34:29","slug":"sep-anuncia-nueva-ley-de-educacion-media-superior-y-foros-de-consulta-con-educacion-de-calidad-para-todos","status":"publish","type":"post","link":"https:\/\/www.nexoinformativo.mx\/index.php\/2025\/01\/20\/sep-anuncia-nueva-ley-de-educacion-media-superior-y-foros-de-consulta-con-educacion-de-calidad-para-todos\/","title":{"rendered":"SEP anuncia nueva ley de Educaci\u00f3n Media Superior y foros de consulta con educaci\u00f3n de calidad para todos"},"content":{"rendered":"<p style=\"text-align: justify;\" data-sourcepos=\"11:1-11:307\">El secretario de Educaci\u00f3n P\u00fablica (SEP), Mario Delgado, anunci\u00f3 la creaci\u00f3n de una nueva Ley de Educaci\u00f3n Media Superior. Este importante proyecto busca transformar el sistema educativo y garantizar una educaci\u00f3n de calidad y relevante para todos los j\u00f3venes mexicanos.<\/p>\n<\/p>\n<p>&nbsp;<\/p>\n<p style=\"text-align: justify;\" data-sourcepos=\"13:1-13:233\">La decisi\u00f3n se dio a conocer al t\u00e9rmino del Segundo Foro de Consulta para la Formulaci\u00f3n del Plan Nacional de Desarrollo 2025-2030, donde se discutieron temas como la innovaci\u00f3n educativa, la formaci\u00f3n para el trabajo y la inclusi\u00f3n.<\/p>\n<\/p>\n<p>&nbsp;<\/p>\n<p style=\"text-align: justify;\" data-sourcepos=\"15:1-15:426\">Delgado Carrillo destac\u00f3 la importancia de contar con una ley espec\u00edfica para la educaci\u00f3n media superior, ya que actualmente no existe una legislaci\u00f3n que regule de manera integral este nivel educativo.<\/p>\n<\/p>\n<p>&nbsp;<\/p>\n<p style=\"text-align: justify;\" data-sourcepos=\"15:1-15:426\">La nueva ley permitir\u00e1 establecer est\u00e1ndares de calidad, fortalecer la formaci\u00f3n de los docentes y garantizar el acceso a una educaci\u00f3n de calidad para todos los j\u00f3venes, independientemente de su origen social o econ\u00f3mico.<\/p>\n<\/p>\n<p>&nbsp;<\/p>\n<p style=\"text-align: justify;\" data-sourcepos=\"17:1-17:319\">Los foros de consulta, realizados en coordinaci\u00f3n con la C\u00e1mara de Diputados, el Senado y la ANUIES, han sido fundamentales para recopilar las opiniones y propuestas de expertos, acad\u00e9micos, estudiantes y sociedad civil en general. Las conclusiones de estos foros servir\u00e1n como base para la elaboraci\u00f3n de la nueva ley.<\/p>\n<\/p>\n<p>&nbsp;<\/p>\n<p style=\"text-align: justify;\" data-sourcepos=\"19:1-19:308\">Entre las principales propuestas que surgieron en los foros destacan la necesidad de fortalecer la vinculaci\u00f3n entre la educaci\u00f3n y el sector productivo, promover la formaci\u00f3n dual, desarrollar habilidades para el futuro y garantizar la inclusi\u00f3n de todos los estudiantes, sin importar su origen o condici\u00f3n.<\/p>\n<\/p>\n<p>&nbsp;<\/p>\n<p style=\"text-align: justify;\" data-sourcepos=\"21:1-21:217\">La nueva Ley de Educaci\u00f3n Media Superior representa un paso fundamental para garantizar que las y los j\u00f3venes mexicanos cuenten con las herramientas necesarias para construir un futuro mejor para ellos y para el pa\u00eds.<\/p>\n<\/p>\n<p>&nbsp;<\/p>\n<p style=\"text-align: center;\" data-sourcepos=\"21:1-21:217\"><em><strong>\u00a1Informaci\u00f3n que transforma!<\/strong><\/em><\/p>\n","protected":false},"excerpt":{"rendered":"<p>El secretario de Educaci\u00f3n P\u00fablica (SEP), Mario Delgado, anunci\u00f3 la creaci\u00f3n de una nueva Ley de Educaci\u00f3n Media Superior. Este importante proyecto busca transformar el sistema educativo y garantizar una educaci\u00f3n de calidad y relevante para todos los j\u00f3venes mexicanos.<\/p>\n","protected":false},"author":3,"featured_media":10212,"comment_status":"open","ping_status":"open","sticky":false,"template":"","format":"standard","meta":{"footnotes":""},"categories":[88,58],"tags":[2519,1610,3161,538],"class_list":["post-10211","post","type-post","status-publish","format-standard","has-post-thumbnail","hentry","category-nacional","category-ultima-hora","tag-educacionmediasuperior","tag-mexico","tag-nuevaley","tag-sep"],"yoast_head":"<!-- This site is optimized with the Yoast SEO plugin v25.0 - https:\/\/yoast.com\/wordpress\/plugins\/seo\/ -->\n<title>SEP anuncia nueva ley de Educaci\u00f3n Media Superior y foros de consulta con educaci\u00f3n de calidad para todos | Nexo Informativo Santiago de Quer\u00e9taro<\/title>\n<meta name=\"description\" content=\"SEP anuncia nueva ley de Educaci\u00f3n Media Superior y foros de consulta con educaci\u00f3n de calidad para todos\" \/>\n<meta name=\"robots\" content=\"index, follow, max-snippet:-1, max-image-preview:large, max-video-preview:-1\" \/>\n<link rel=\"canonical\" href=\"https:\/\/www.nexoinformativo.mx\/index.php\/2025\/01\/20\/sep-anuncia-nueva-ley-de-educacion-media-superior-y-foros-de-consulta-con-educacion-de-calidad-para-todos\/\" \/>\n<meta property=\"og:locale\" content=\"es_MX\" \/>\n<meta property=\"og:type\" content=\"article\" \/>\n<meta property=\"og:title\" content=\"SEP anuncia nueva ley de Educaci\u00f3n Media Superior y foros de consulta con educaci\u00f3n de calidad para todos | Nexo Informativo Santiago de Quer\u00e9taro\" \/>\n<meta property=\"og:description\" content=\"SEP anuncia nueva ley de Educaci\u00f3n Media Superior y foros de consulta con educaci\u00f3n de calidad para todos\" \/>\n<meta property=\"og:url\" content=\"https:\/\/www.nexoinformativo.mx\/index.php\/2025\/01\/20\/sep-anuncia-nueva-ley-de-educacion-media-superior-y-foros-de-consulta-con-educacion-de-calidad-para-todos\/\" \/>\n<meta property=\"og:site_name\" content=\"Nexo Informativo Santiago de Quer\u00e9taro\" \/>\n<meta property=\"article:publisher\" content=\"https:\/\/www.facebook.com\/people\/Nexo-Informativo\/61564066885511\/\" \/>\n<meta property=\"article:published_time\" content=\"2025-01-20T13:00:13+00:00\" \/>\n<meta property=\"article:modified_time\" content=\"2025-01-20T15:34:29+00:00\" \/>\n<meta property=\"og:image\" content=\"https:\/\/www.nexoinformativo.mx\/wp-content\/uploads\/2025\/01\/IMG_9390.jpg\" \/>\n\t<meta property=\"og:image:width\" content=\"650\" \/>\n\t<meta property=\"og:image:height\" content=\"380\" \/>\n\t<meta property=\"og:image:type\" content=\"image\/jpeg\" \/>\n<meta name=\"author\" content=\"Nexo Informativo\" \/>\n<meta name=\"twitter:card\" content=\"summary_large_image\" \/>\n<meta name=\"twitter:label1\" content=\"Escrito por\" \/>\n\t<meta name=\"twitter:data1\" content=\"Nexo Informativo\" \/>\n\t<meta name=\"twitter:label2\" content=\"Tiempo de lectura\" \/>\n\t<meta name=\"twitter:data2\" content=\"2 minutos\" \/>\n<script type=\"application\/ld+json\" class=\"yoast-schema-graph\">{\"@context\":\"https:\/\/schema.org\",\"@graph\":[{\"@type\":\"Article\",\"@id\":\"https:\/\/www.nexoinformativo.mx\/index.php\/2025\/01\/20\/sep-anuncia-nueva-ley-de-educacion-media-superior-y-foros-de-consulta-con-educacion-de-calidad-para-todos\/#article\",\"isPartOf\":{\"@id\":\"https:\/\/www.nexoinformativo.mx\/index.php\/2025\/01\/20\/sep-anuncia-nueva-ley-de-educacion-media-superior-y-foros-de-consulta-con-educacion-de-calidad-para-todos\/\"},\"author\":{\"name\":\"Nexo Informativo\",\"@id\":\"https:\/\/www.nexoinformativo.mx\/#\/schema\/person\/7749d380ba08c8ca00d7bc76fd907b7d\"},\"headline\":\"SEP anuncia nueva ley de Educaci\u00f3n Media Superior y foros de consulta con educaci\u00f3n de calidad para todos\",\"datePublished\":\"2025-01-20T13:00:13+00:00\",\"dateModified\":\"2025-01-20T15:34:29+00:00\",\"mainEntityOfPage\":{\"@id\":\"https:\/\/www.nexoinformativo.mx\/index.php\/2025\/01\/20\/sep-anuncia-nueva-ley-de-educacion-media-superior-y-foros-de-consulta-con-educacion-de-calidad-para-todos\/\"},\"wordCount\":338,\"commentCount\":0,\"publisher\":{\"@id\":\"https:\/\/www.nexoinformativo.mx\/#organization\"},\"image\":{\"@id\":\"https:\/\/www.nexoinformativo.mx\/index.php\/2025\/01\/20\/sep-anuncia-nueva-ley-de-educacion-media-superior-y-foros-de-consulta-con-educacion-de-calidad-para-todos\/#primaryimage\"},\"thumbnailUrl\":\"https:\/\/www.nexoinformativo.mx\/wp-content\/uploads\/2025\/01\/IMG_9390.jpg\",\"keywords\":[\"Educaci\u00f3nMediaSuperior\",\"M\u00e9xico\",\"NuevaLey\",\"SEP\"],\"articleSection\":[\"Nacional\",\"\u00daltima Hora\"],\"inLanguage\":\"es\",\"potentialAction\":[{\"@type\":\"CommentAction\",\"name\":\"Comment\",\"target\":[\"https:\/\/www.nexoinformativo.mx\/index.php\/2025\/01\/20\/sep-anuncia-nueva-ley-de-educacion-media-superior-y-foros-de-consulta-con-educacion-de-calidad-para-todos\/#respond\"]}]},{\"@type\":\"WebPage\",\"@id\":\"https:\/\/www.nexoinformativo.mx\/index.php\/2025\/01\/20\/sep-anuncia-nueva-ley-de-educacion-media-superior-y-foros-de-consulta-con-educacion-de-calidad-para-todos\/\",\"url\":\"https:\/\/www.nexoinformativo.mx\/index.php\/2025\/01\/20\/sep-anuncia-nueva-ley-de-educacion-media-superior-y-foros-de-consulta-con-educacion-de-calidad-para-todos\/\",\"name\":\"SEP anuncia nueva ley de Educaci\u00f3n Media Superior y foros de consulta con educaci\u00f3n de calidad para todos | Nexo Informativo Santiago de Quer\u00e9taro\",\"isPartOf\":{\"@id\":\"https:\/\/www.nexoinformativo.mx\/#website\"},\"primaryImageOfPage\":{\"@id\":\"https:\/\/www.nexoinformativo.mx\/index.php\/2025\/01\/20\/sep-anuncia-nueva-ley-de-educacion-media-superior-y-foros-de-consulta-con-educacion-de-calidad-para-todos\/#primaryimage\"},\"image\":{\"@id\":\"https:\/\/www.nexoinformativo.mx\/index.php\/2025\/01\/20\/sep-anuncia-nueva-ley-de-educacion-media-superior-y-foros-de-consulta-con-educacion-de-calidad-para-todos\/#primaryimage\"},\"thumbnailUrl\":\"https:\/\/www.nexoinformativo.mx\/wp-content\/uploads\/2025\/01\/IMG_9390.jpg\",\"datePublished\":\"2025-01-20T13:00:13+00:00\",\"dateModified\":\"2025-01-20T15:34:29+00:00\",\"description\":\"SEP anuncia nueva ley de Educaci\u00f3n Media Superior y foros de consulta con educaci\u00f3n de calidad para todos\",\"breadcrumb\":{\"@id\":\"https:\/\/www.nexoinformativo.mx\/index.php\/2025\/01\/20\/sep-anuncia-nueva-ley-de-educacion-media-superior-y-foros-de-consulta-con-educacion-de-calidad-para-todos\/#breadcrumb\"},\"inLanguage\":\"es\",\"potentialAction\":[{\"@type\":\"ReadAction\",\"target\":[\"https:\/\/www.nexoinformativo.mx\/index.php\/2025\/01\/20\/sep-anuncia-nueva-ley-de-educacion-media-superior-y-foros-de-consulta-con-educacion-de-calidad-para-todos\/\"]}]},{\"@type\":\"ImageObject\",\"inLanguage\":\"es\",\"@id\":\"https:\/\/www.nexoinformativo.mx\/index.php\/2025\/01\/20\/sep-anuncia-nueva-ley-de-educacion-media-superior-y-foros-de-consulta-con-educacion-de-calidad-para-todos\/#primaryimage\",\"url\":\"https:\/\/www.nexoinformativo.mx\/wp-content\/uploads\/2025\/01\/IMG_9390.jpg\",\"contentUrl\":\"https:\/\/www.nexoinformativo.mx\/wp-content\/uploads\/2025\/01\/IMG_9390.jpg\",\"width\":650,\"height\":380},{\"@type\":\"BreadcrumbList\",\"@id\":\"https:\/\/www.nexoinformativo.mx\/index.php\/2025\/01\/20\/sep-anuncia-nueva-ley-de-educacion-media-superior-y-foros-de-consulta-con-educacion-de-calidad-para-todos\/#breadcrumb\",\"itemListElement\":[{\"@type\":\"ListItem\",\"position\":1,\"name\":\"Inicio\",\"item\":\"https:\/\/www.nexoinformativo.mx\/\"},{\"@type\":\"ListItem\",\"position\":2,\"name\":\"SEP anuncia nueva ley de Educaci\u00f3n Media Superior y foros de consulta con educaci\u00f3n de calidad para todos\"}]},{\"@type\":\"WebSite\",\"@id\":\"https:\/\/www.nexoinformativo.mx\/#website\",\"url\":\"https:\/\/www.nexoinformativo.mx\/\",\"name\":\"Nexo Informativo Santiago de Quer\u00e9taro\",\"description\":\"Explora NexoInformativo y convi\u00e9rtete en parte de una comunidad que valora el conocimiento y la verdad. Tu nexoinformativo es tu puente hacia una comprensi\u00f3n m\u00e1s profunda del mundo que te rodea.\",\"publisher\":{\"@id\":\"https:\/\/www.nexoinformativo.mx\/#organization\"},\"potentialAction\":[{\"@type\":\"SearchAction\",\"target\":{\"@type\":\"EntryPoint\",\"urlTemplate\":\"https:\/\/www.nexoinformativo.mx\/?s={search_term_string}\"},\"query-input\":{\"@type\":\"PropertyValueSpecification\",\"valueRequired\":true,\"valueName\":\"search_term_string\"}}],\"inLanguage\":\"es\"},{\"@type\":\"Organization\",\"@id\":\"https:\/\/www.nexoinformativo.mx\/#organization\",\"name\":\"Nexo Informativo Santiago de Quer\u00e9taro\",\"url\":\"https:\/\/www.nexoinformativo.mx\/\",\"logo\":{\"@type\":\"ImageObject\",\"inLanguage\":\"es\",\"@id\":\"https:\/\/www.nexoinformativo.mx\/#\/schema\/logo\/image\/\",\"url\":\"https:\/\/www.nexoinformativo.mx\/wp-content\/uploads\/2024\/07\/nexoi-trasparente-2.png\",\"contentUrl\":\"https:\/\/www.nexoinformativo.mx\/wp-content\/uploads\/2024\/07\/nexoi-trasparente-2.png\",\"width\":816,\"height\":339,\"caption\":\"Nexo Informativo Santiago de Quer\u00e9taro\"},\"image\":{\"@id\":\"https:\/\/www.nexoinformativo.mx\/#\/schema\/logo\/image\/\"},\"sameAs\":[\"https:\/\/www.facebook.com\/people\/Nexo-Informativo\/61564066885511\/\"]},{\"@type\":\"Person\",\"@id\":\"https:\/\/www.nexoinformativo.mx\/#\/schema\/person\/7749d380ba08c8ca00d7bc76fd907b7d\",\"name\":\"Nexo Informativo\",\"image\":{\"@type\":\"ImageObject\",\"inLanguage\":\"es\",\"@id\":\"https:\/\/www.nexoinformativo.mx\/#\/schema\/person\/image\/\",\"url\":\"https:\/\/secure.gravatar.com\/avatar\/dde2928154642a13d95f87ddf1ea9718fe2b46760a005c53e41ff5ad610704e6?s=96&d=mm&r=g\",\"contentUrl\":\"https:\/\/secure.gravatar.com\/avatar\/dde2928154642a13d95f87ddf1ea9718fe2b46760a005c53e41ff5ad610704e6?s=96&d=mm&r=g\",\"caption\":\"Nexo Informativo\"},\"url\":\"https:\/\/www.nexoinformativo.mx\/index.php\/author\/edicion\/\"}]}<\/script>\n<!-- \/ Yoast SEO plugin. -->","yoast_head_json":{"title":"SEP anuncia nueva ley de Educaci\u00f3n Media Superior y foros de consulta con educaci\u00f3n de calidad para todos | Nexo Informativo Santiago de Quer\u00e9taro","description":"SEP anuncia nueva ley de Educaci\u00f3n Media Superior y foros de consulta con educaci\u00f3n de calidad para todos","robots":{"index":"index","follow":"follow","max-snippet":"max-snippet:-1","max-image-preview":"max-image-preview:large","max-video-preview":"max-video-preview:-1"},"canonical":"https:\/\/www.nexoinformativo.mx\/index.php\/2025\/01\/20\/sep-anuncia-nueva-ley-de-educacion-media-superior-y-foros-de-consulta-con-educacion-de-calidad-para-todos\/","og_locale":"es_MX","og_type":"article","og_title":"SEP anuncia nueva ley de Educaci\u00f3n Media Superior y foros de consulta con educaci\u00f3n de calidad para todos | Nexo Informativo Santiago de Quer\u00e9taro","og_description":"SEP anuncia nueva ley de Educaci\u00f3n Media Superior y foros de consulta con educaci\u00f3n de calidad para todos","og_url":"https:\/\/www.nexoinformativo.mx\/index.php\/2025\/01\/20\/sep-anuncia-nueva-ley-de-educacion-media-superior-y-foros-de-consulta-con-educacion-de-calidad-para-todos\/","og_site_name":"Nexo Informativo Santiago de Quer\u00e9taro","article_publisher":"https:\/\/www.facebook.com\/people\/Nexo-Informativo\/61564066885511\/","article_published_time":"2025-01-20T13:00:13+00:00","article_modified_time":"2025-01-20T15:34:29+00:00","og_image":[{"width":650,"height":380,"url":"https:\/\/www.nexoinformativo.mx\/wp-content\/uploads\/2025\/01\/IMG_9390.jpg","type":"image\/jpeg"}],"author":"Nexo Informativo","twitter_card":"summary_large_image","twitter_misc":{"Escrito por":"Nexo Informativo","Tiempo de lectura":"2 minutos"},"schema":{"@context":"https:\/\/schema.org","@graph":[{"@type":"Article","@id":"https:\/\/www.nexoinformativo.mx\/index.php\/2025\/01\/20\/sep-anuncia-nueva-ley-de-educacion-media-superior-y-foros-de-consulta-con-educacion-de-calidad-para-todos\/#article","isPartOf":{"@id":"https:\/\/www.nexoinformativo.mx\/index.php\/2025\/01\/20\/sep-anuncia-nueva-ley-de-educacion-media-superior-y-foros-de-consulta-con-educacion-de-calidad-para-todos\/"},"author":{"name":"Nexo Informativo","@id":"https:\/\/www.nexoinformativo.mx\/#\/schema\/person\/7749d380ba08c8ca00d7bc76fd907b7d"},"headline":"SEP anuncia nueva ley de Educaci\u00f3n Media Superior y foros de consulta con educaci\u00f3n de calidad para todos","datePublished":"2025-01-20T13:00:13+00:00","dateModified":"2025-01-20T15:34:29+00:00","mainEntityOfPage":{"@id":"https:\/\/www.nexoinformativo.mx\/index.php\/2025\/01\/20\/sep-anuncia-nueva-ley-de-educacion-media-superior-y-foros-de-consulta-con-educacion-de-calidad-para-todos\/"},"wordCount":338,"commentCount":0,"publisher":{"@id":"https:\/\/www.nexoinformativo.mx\/#organization"},"image":{"@id":"https:\/\/www.nexoinformativo.mx\/index.php\/2025\/01\/20\/sep-anuncia-nueva-ley-de-educacion-media-superior-y-foros-de-consulta-con-educacion-de-calidad-para-todos\/#primaryimage"},"thumbnailUrl":"https:\/\/www.nexoinformativo.mx\/wp-content\/uploads\/2025\/01\/IMG_9390.jpg","keywords":["Educaci\u00f3nMediaSuperior","M\u00e9xico","NuevaLey","SEP"],"articleSection":["Nacional","\u00daltima Hora"],"inLanguage":"es","potentialAction":[{"@type":"CommentAction","name":"Comment","target":["https:\/\/www.nexoinformativo.mx\/index.php\/2025\/01\/20\/sep-anuncia-nueva-ley-de-educacion-media-superior-y-foros-de-consulta-con-educacion-de-calidad-para-todos\/#respond"]}]},{"@type":"WebPage","@id":"https:\/\/www.nexoinformativo.mx\/index.php\/2025\/01\/20\/sep-anuncia-nueva-ley-de-educacion-media-superior-y-foros-de-consulta-con-educacion-de-calidad-para-todos\/","url":"https:\/\/www.nexoinformativo.mx\/index.php\/2025\/01\/20\/sep-anuncia-nueva-ley-de-educacion-media-superior-y-foros-de-consulta-con-educacion-de-calidad-para-todos\/","name":"SEP anuncia nueva ley de Educaci\u00f3n Media Superior y foros de consulta con educaci\u00f3n de calidad para todos | Nexo Informativo Santiago de Quer\u00e9taro","isPartOf":{"@id":"https:\/\/www.nexoinformativo.mx\/#website"},"primaryImageOfPage":{"@id":"https:\/\/www.nexoinformativo.mx\/index.php\/2025\/01\/20\/sep-anuncia-nueva-ley-de-educacion-media-superior-y-foros-de-consulta-con-educacion-de-calidad-para-todos\/#primaryimage"},"image":{"@id":"https:\/\/www.nexoinformativo.mx\/index.php\/2025\/01\/20\/sep-anuncia-nueva-ley-de-educacion-media-superior-y-foros-de-consulta-con-educacion-de-calidad-para-todos\/#primaryimage"},"thumbnailUrl":"https:\/\/www.nexoinformativo.mx\/wp-content\/uploads\/2025\/01\/IMG_9390.jpg","datePublished":"2025-01-20T13:00:13+00:00","dateModified":"2025-01-20T15:34:29+00:00","description":"SEP anuncia nueva ley de Educaci\u00f3n Media Superior y foros de consulta con educaci\u00f3n de calidad para todos","breadcrumb":{"@id":"https:\/\/www.nexoinformativo.mx\/index.php\/2025\/01\/20\/sep-anuncia-nueva-ley-de-educacion-media-superior-y-foros-de-consulta-con-educacion-de-calidad-para-todos\/#breadcrumb"},"inLanguage":"es","potentialAction":[{"@type":"ReadAction","target":["https:\/\/www.nexoinformativo.mx\/index.php\/2025\/01\/20\/sep-anuncia-nueva-ley-de-educacion-media-superior-y-foros-de-consulta-con-educacion-de-calidad-para-todos\/"]}]},{"@type":"ImageObject","inLanguage":"es","@id":"https:\/\/www.nexoinformativo.mx\/index.php\/2025\/01\/20\/sep-anuncia-nueva-ley-de-educacion-media-superior-y-foros-de-consulta-con-educacion-de-calidad-para-todos\/#primaryimage","url":"https:\/\/www.nexoinformativo.mx\/wp-content\/uploads\/2025\/01\/IMG_9390.jpg","contentUrl":"https:\/\/www.nexoinformativo.mx\/wp-content\/uploads\/2025\/01\/IMG_9390.jpg","width":650,"height":380},{"@type":"BreadcrumbList","@id":"https:\/\/www.nexoinformativo.mx\/index.php\/2025\/01\/20\/sep-anuncia-nueva-ley-de-educacion-media-superior-y-foros-de-consulta-con-educacion-de-calidad-para-todos\/#breadcrumb","itemListElement":[{"@type":"ListItem","position":1,"name":"Inicio","item":"https:\/\/www.nexoinformativo.mx\/"},{"@type":"ListItem","position":2,"name":"SEP anuncia nueva ley de Educaci\u00f3n Media Superior y foros de consulta con educaci\u00f3n de calidad para todos"}]},{"@type":"WebSite","@id":"https:\/\/www.nexoinformativo.mx\/#website","url":"https:\/\/www.nexoinformativo.mx\/","name":"Nexo Informativo Santiago de Quer\u00e9taro","description":"Explora NexoInformativo y convi\u00e9rtete en parte de una comunidad que valora el conocimiento y la verdad. Tu nexoinformativo es tu puente hacia una comprensi\u00f3n m\u00e1s profunda del mundo que te rodea.","publisher":{"@id":"https:\/\/www.nexoinformativo.mx\/#organization"},"potentialAction":[{"@type":"SearchAction","target":{"@type":"EntryPoint","urlTemplate":"https:\/\/www.nexoinformativo.mx\/?s={search_term_string}"},"query-input":{"@type":"PropertyValueSpecification","valueRequired":true,"valueName":"search_term_string"}}],"inLanguage":"es"},{"@type":"Organization","@id":"https:\/\/www.nexoinformativo.mx\/#organization","name":"Nexo Informativo Santiago de Quer\u00e9taro","url":"https:\/\/www.nexoinformativo.mx\/","logo":{"@type":"ImageObject","inLanguage":"es","@id":"https:\/\/www.nexoinformativo.mx\/#\/schema\/logo\/image\/","url":"https:\/\/www.nexoinformativo.mx\/wp-content\/uploads\/2024\/07\/nexoi-trasparente-2.png","contentUrl":"https:\/\/www.nexoinformativo.mx\/wp-content\/uploads\/2024\/07\/nexoi-trasparente-2.png","width":816,"height":339,"caption":"Nexo Informativo Santiago de Quer\u00e9taro"},"image":{"@id":"https:\/\/www.nexoinformativo.mx\/#\/schema\/logo\/image\/"},"sameAs":["https:\/\/www.facebook.com\/people\/Nexo-Informativo\/61564066885511\/"]},{"@type":"Person","@id":"https:\/\/www.nexoinformativo.mx\/#\/schema\/person\/7749d380ba08c8ca00d7bc76fd907b7d","name":"Nexo Informativo","image":{"@type":"ImageObject","inLanguage":"es","@id":"https:\/\/www.nexoinformativo.mx\/#\/schema\/person\/image\/","url":"https:\/\/secure.gravatar.com\/avatar\/dde2928154642a13d95f87ddf1ea9718fe2b46760a005c53e41ff5ad610704e6?s=96&d=mm&r=g","contentUrl":"https:\/\/secure.gravatar.com\/avatar\/dde2928154642a13d95f87ddf1ea9718fe2b46760a005c53e41ff5ad610704e6?s=96&d=mm&r=g","caption":"Nexo Informativo"},"url":"https:\/\/www.nexoinformativo.mx\/index.php\/author\/edicion\/"}]}},"_links":{"self":[{"href":"https:\/\/www.nexoinformativo.mx\/index.php\/wp-json\/wp\/v2\/posts\/10211","targetHints":{"allow":["GET"]}}],"collection":[{"href":"https:\/\/www.nexoinformativo.mx\/index.php\/wp-json\/wp\/v2\/posts"}],"about":[{"href":"https:\/\/www.nexoinformativo.mx\/index.php\/wp-json\/wp\/v2\/types\/post"}],"author":[{"embeddable":true,"href":"https:\/\/www.nexoinformativo.mx\/index.php\/wp-json\/wp\/v2\/users\/3"}],"replies":[{"embeddable":true,"href":"https:\/\/www.nexoinformativo.mx\/index.php\/wp-json\/wp\/v2\/comments?post=10211"}],"version-history":[{"count":3,"href":"https:\/\/www.nexoinformativo.mx\/index.php\/wp-json\/wp\/v2\/posts\/10211\/revisions"}],"predecessor-version":[{"id":10215,"href":"https:\/\/www.nexoinformativo.mx\/index.php\/wp-json\/wp\/v2\/posts\/10211\/revisions\/10215"}],"wp:featuredmedia":[{"embeddable":true,"href":"https:\/\/www.nexoinformativo.mx\/index.php\/wp-json\/wp\/v2\/media\/10212"}],"wp:attachment":[{"href":"https:\/\/www.nexoinformativo.mx\/index.php\/wp-json\/wp\/v2\/media?parent=10211"}],"wp:term":[{"taxonomy":"category","embeddable":true,"href":"https:\/\/www.nexoinformativo.mx\/index.php\/wp-json\/wp\/v2\/categories?post=10211"},{"taxonomy":"post_tag","embeddable":true,"href":"https:\/\/www.nexoinformativo.mx\/index.php\/wp-json\/wp\/v2\/tags?post=10211"}],"curies":[{"name":"wp","href":"https:\/\/api.w.org\/{rel}","templated":true}]}}