{"id":10216,"date":"2025-01-20T07:30:07","date_gmt":"2025-01-20T13:30:07","guid":{"rendered":"https:\/\/www.nexoinformativo.mx\/?p=10216"},"modified":"2025-01-20T09:49:07","modified_gmt":"2025-01-20T15:49:07","slug":"gobierno-estatal-firma-convenio-con-la-federacion-en-queretaro-se-construiran-16-mil-nuevas-viviendas","status":"publish","type":"post","link":"https:\/\/www.nexoinformativo.mx\/index.php\/2025\/01\/20\/gobierno-estatal-firma-convenio-con-la-federacion-en-queretaro-se-construiran-16-mil-nuevas-viviendas\/","title":{"rendered":"Gobierno estatal firma convenio con la federaci\u00f3n en Quer\u00e9taro se construir\u00e1n 16 mil nuevas viviendas"},"content":{"rendered":"<p style=\"text-align: justify;\" data-sourcepos=\"11:1-11:330\">El gobierno de Quer\u00e9taro, en colaboraci\u00f3n con el gobierno federal, dar\u00e1 inicio a un ambicioso programa de vivienda que beneficiar\u00e1 a miles de familias queretanas. Se prev\u00e9 la construcci\u00f3n de 16 mil nuevas viviendas en la entidad, lo que representa un gran avance en materia de vivienda y desarrollo urbano.<\/p>\n<p>&nbsp;<\/p>\n<p style=\"text-align: justify;\" data-sourcepos=\"13:1-13:242\">El secretario de Gobierno, Carlos Alberto Alcaraz, encabez\u00f3 la firma del convenio de colaboraci\u00f3n para la implementaci\u00f3n del Programa Nacional de Vivienda para el Bienestar, destacando la importancia de este proyecto para el estado.<\/p>\n<p>&nbsp;<\/p>\n<p style=\"text-align: justify;\" data-sourcepos=\"15:1-15:341\">El subsecretario de Desarrollo Urbano y Vivienda de la SEDATU, V\u00edctor Hugo Hofmann, explic\u00f3 que el programa tiene como objetivo construir un mill\u00f3n de viviendas a nivel nacional, priorizando a las familias m\u00e1s vulnerables. En el caso de Quer\u00e9taro, se han identificado cinco predios en diferentes municipios para iniciar los trabajos.<\/p>\n<p>&nbsp;<\/p>\n<p style=\"text-align: justify;\" data-sourcepos=\"17:1-17:178\">Adem\u00e1s de la construcci\u00f3n de nuevas viviendas, el programa tambi\u00e9n contempla acciones de regularizaci\u00f3n de la tenencia de la tierra y el mejoramiento de las viviendas existentes.<\/p>\n<p>&nbsp;<\/p>\n<p style=\"text-align: justify;\" data-sourcepos=\"19:1-19:230\">El director general del Instituto Nacional del Suelo Sustentable, Jos\u00e9 Alfonso Iracheta, destac\u00f3 la importancia de trabajar de manera coordinada entre los tres niveles de gobierno para garantizar el \u00e9xito de este programa.<\/p>\n<p>&nbsp;<\/p>\n<p style=\"text-align: justify;\" data-sourcepos=\"21:1-21:156\">Quer\u00e9taro se suma a los esfuerzos del gobierno federal para garantizar el derecho a una vivienda digna para todas las familias mexicanas.<\/p>\n<p>&nbsp;<\/p>\n<p style=\"text-align: center;\" data-sourcepos=\"21:1-21:156\"><em><strong>\u00a1Informaci\u00f3n que transforma!<\/strong><\/em><\/p>\n","protected":false},"excerpt":{"rendered":"<p>El gobierno de Quer\u00e9taro, en colaboraci\u00f3n con el gobierno federal, dar\u00e1 inicio a un ambicioso programa de vivienda que beneficiar\u00e1 a miles de familias queretanas. Se prev\u00e9 la construcci\u00f3n de 16 mil nuevas viviendas en la entidad, lo que representa un gran avance en materia de vivienda y desarrollo urbano.<\/p>\n","protected":false},"author":3,"featured_media":10217,"comment_status":"open","ping_status":"open","sticky":false,"template":"","format":"standard","meta":{"footnotes":""},"categories":[42,58],"tags":[468,1849,133,2737],"class_list":["post-10216","post","type-post","status-publish","format-standard","has-post-thumbnail","hentry","category-estado","category-ultima-hora","tag-desarrollourbano","tag-gobierno","tag-queretaro","tag-vivienda"],"yoast_head":"<!-- This site is optimized with the Yoast SEO plugin v25.0 - https:\/\/yoast.com\/wordpress\/plugins\/seo\/ -->\n<title>Gobierno estatal firma convenio con la federaci\u00f3n en Quer\u00e9taro se construir\u00e1n 16 mil nuevas viviendas | Nexo Informativo Santiago de Quer\u00e9taro<\/title>\n<meta name=\"description\" content=\"Gobierno estatal firma convenio con la federaci\u00f3n en Quer\u00e9taro se construir\u00e1n 16 mil nuevas viviendas\" \/>\n<meta name=\"robots\" content=\"index, follow, max-snippet:-1, max-image-preview:large, max-video-preview:-1\" \/>\n<link rel=\"canonical\" href=\"https:\/\/www.nexoinformativo.mx\/index.php\/2025\/01\/20\/gobierno-estatal-firma-convenio-con-la-federacion-en-queretaro-se-construiran-16-mil-nuevas-viviendas\/\" \/>\n<meta property=\"og:locale\" content=\"es_MX\" \/>\n<meta property=\"og:type\" content=\"article\" \/>\n<meta property=\"og:title\" content=\"Gobierno estatal firma convenio con la federaci\u00f3n en Quer\u00e9taro se construir\u00e1n 16 mil nuevas viviendas | Nexo Informativo Santiago de Quer\u00e9taro\" \/>\n<meta property=\"og:description\" content=\"Gobierno estatal firma convenio con la federaci\u00f3n en Quer\u00e9taro se construir\u00e1n 16 mil nuevas viviendas\" \/>\n<meta property=\"og:url\" content=\"https:\/\/www.nexoinformativo.mx\/index.php\/2025\/01\/20\/gobierno-estatal-firma-convenio-con-la-federacion-en-queretaro-se-construiran-16-mil-nuevas-viviendas\/\" \/>\n<meta property=\"og:site_name\" content=\"Nexo Informativo Santiago de Quer\u00e9taro\" \/>\n<meta property=\"article:publisher\" content=\"https:\/\/www.facebook.com\/people\/Nexo-Informativo\/61564066885511\/\" \/>\n<meta property=\"article:published_time\" content=\"2025-01-20T13:30:07+00:00\" \/>\n<meta property=\"article:modified_time\" content=\"2025-01-20T15:49:07+00:00\" \/>\n<meta property=\"og:image\" content=\"https:\/\/www.nexoinformativo.mx\/wp-content\/uploads\/2025\/01\/PHOTO-2025-01-20-08-29-00-e1737387568718.jpg\" \/>\n\t<meta property=\"og:image:width\" content=\"800\" \/>\n\t<meta property=\"og:image:height\" content=\"543\" \/>\n\t<meta property=\"og:image:type\" content=\"image\/jpeg\" \/>\n<meta name=\"author\" content=\"Nexo Informativo\" \/>\n<meta name=\"twitter:card\" content=\"summary_large_image\" \/>\n<meta name=\"twitter:label1\" content=\"Escrito por\" \/>\n\t<meta name=\"twitter:data1\" content=\"Nexo Informativo\" \/>\n\t<meta name=\"twitter:label2\" content=\"Tiempo de lectura\" \/>\n\t<meta name=\"twitter:data2\" content=\"2 minutos\" \/>\n<script type=\"application\/ld+json\" class=\"yoast-schema-graph\">{\"@context\":\"https:\/\/schema.org\",\"@graph\":[{\"@type\":\"Article\",\"@id\":\"https:\/\/www.nexoinformativo.mx\/index.php\/2025\/01\/20\/gobierno-estatal-firma-convenio-con-la-federacion-en-queretaro-se-construiran-16-mil-nuevas-viviendas\/#article\",\"isPartOf\":{\"@id\":\"https:\/\/www.nexoinformativo.mx\/index.php\/2025\/01\/20\/gobierno-estatal-firma-convenio-con-la-federacion-en-queretaro-se-construiran-16-mil-nuevas-viviendas\/\"},\"author\":{\"name\":\"Nexo Informativo\",\"@id\":\"https:\/\/www.nexoinformativo.mx\/#\/schema\/person\/7749d380ba08c8ca00d7bc76fd907b7d\"},\"headline\":\"Gobierno estatal firma convenio con la federaci\u00f3n en Quer\u00e9taro se construir\u00e1n 16 mil nuevas viviendas\",\"datePublished\":\"2025-01-20T13:30:07+00:00\",\"dateModified\":\"2025-01-20T15:49:07+00:00\",\"mainEntityOfPage\":{\"@id\":\"https:\/\/www.nexoinformativo.mx\/index.php\/2025\/01\/20\/gobierno-estatal-firma-convenio-con-la-federacion-en-queretaro-se-construiran-16-mil-nuevas-viviendas\/\"},\"wordCount\":257,\"commentCount\":0,\"publisher\":{\"@id\":\"https:\/\/www.nexoinformativo.mx\/#organization\"},\"image\":{\"@id\":\"https:\/\/www.nexoinformativo.mx\/index.php\/2025\/01\/20\/gobierno-estatal-firma-convenio-con-la-federacion-en-queretaro-se-construiran-16-mil-nuevas-viviendas\/#primaryimage\"},\"thumbnailUrl\":\"https:\/\/www.nexoinformativo.mx\/wp-content\/uploads\/2025\/01\/PHOTO-2025-01-20-08-29-00-e1737387568718.jpg\",\"keywords\":[\"DesarrolloUrbano\",\"Gobierno\",\"Quer\u00e9taro\",\"Vivienda\"],\"articleSection\":[\"Estado\",\"\u00daltima Hora\"],\"inLanguage\":\"es\",\"potentialAction\":[{\"@type\":\"CommentAction\",\"name\":\"Comment\",\"target\":[\"https:\/\/www.nexoinformativo.mx\/index.php\/2025\/01\/20\/gobierno-estatal-firma-convenio-con-la-federacion-en-queretaro-se-construiran-16-mil-nuevas-viviendas\/#respond\"]}]},{\"@type\":\"WebPage\",\"@id\":\"https:\/\/www.nexoinformativo.mx\/index.php\/2025\/01\/20\/gobierno-estatal-firma-convenio-con-la-federacion-en-queretaro-se-construiran-16-mil-nuevas-viviendas\/\",\"url\":\"https:\/\/www.nexoinformativo.mx\/index.php\/2025\/01\/20\/gobierno-estatal-firma-convenio-con-la-federacion-en-queretaro-se-construiran-16-mil-nuevas-viviendas\/\",\"name\":\"Gobierno estatal firma convenio con la federaci\u00f3n en Quer\u00e9taro se construir\u00e1n 16 mil nuevas viviendas | Nexo Informativo Santiago de Quer\u00e9taro\",\"isPartOf\":{\"@id\":\"https:\/\/www.nexoinformativo.mx\/#website\"},\"primaryImageOfPage\":{\"@id\":\"https:\/\/www.nexoinformativo.mx\/index.php\/2025\/01\/20\/gobierno-estatal-firma-convenio-con-la-federacion-en-queretaro-se-construiran-16-mil-nuevas-viviendas\/#primaryimage\"},\"image\":{\"@id\":\"https:\/\/www.nexoinformativo.mx\/index.php\/2025\/01\/20\/gobierno-estatal-firma-convenio-con-la-federacion-en-queretaro-se-construiran-16-mil-nuevas-viviendas\/#primaryimage\"},\"thumbnailUrl\":\"https:\/\/www.nexoinformativo.mx\/wp-content\/uploads\/2025\/01\/PHOTO-2025-01-20-08-29-00-e1737387568718.jpg\",\"datePublished\":\"2025-01-20T13:30:07+00:00\",\"dateModified\":\"2025-01-20T15:49:07+00:00\",\"description\":\"Gobierno estatal firma convenio con la federaci\u00f3n en Quer\u00e9taro se construir\u00e1n 16 mil nuevas viviendas\",\"breadcrumb\":{\"@id\":\"https:\/\/www.nexoinformativo.mx\/index.php\/2025\/01\/20\/gobierno-estatal-firma-convenio-con-la-federacion-en-queretaro-se-construiran-16-mil-nuevas-viviendas\/#breadcrumb\"},\"inLanguage\":\"es\",\"potentialAction\":[{\"@type\":\"ReadAction\",\"target\":[\"https:\/\/www.nexoinformativo.mx\/index.php\/2025\/01\/20\/gobierno-estatal-firma-convenio-con-la-federacion-en-queretaro-se-construiran-16-mil-nuevas-viviendas\/\"]}]},{\"@type\":\"ImageObject\",\"inLanguage\":\"es\",\"@id\":\"https:\/\/www.nexoinformativo.mx\/index.php\/2025\/01\/20\/gobierno-estatal-firma-convenio-con-la-federacion-en-queretaro-se-construiran-16-mil-nuevas-viviendas\/#primaryimage\",\"url\":\"https:\/\/www.nexoinformativo.mx\/wp-content\/uploads\/2025\/01\/PHOTO-2025-01-20-08-29-00-e1737387568718.jpg\",\"contentUrl\":\"https:\/\/www.nexoinformativo.mx\/wp-content\/uploads\/2025\/01\/PHOTO-2025-01-20-08-29-00-e1737387568718.jpg\",\"width\":800,\"height\":543},{\"@type\":\"BreadcrumbList\",\"@id\":\"https:\/\/www.nexoinformativo.mx\/index.php\/2025\/01\/20\/gobierno-estatal-firma-convenio-con-la-federacion-en-queretaro-se-construiran-16-mil-nuevas-viviendas\/#breadcrumb\",\"itemListElement\":[{\"@type\":\"ListItem\",\"position\":1,\"name\":\"Inicio\",\"item\":\"https:\/\/www.nexoinformativo.mx\/\"},{\"@type\":\"ListItem\",\"position\":2,\"name\":\"Gobierno estatal firma convenio con la federaci\u00f3n en Quer\u00e9taro se construir\u00e1n 16 mil nuevas viviendas\"}]},{\"@type\":\"WebSite\",\"@id\":\"https:\/\/www.nexoinformativo.mx\/#website\",\"url\":\"https:\/\/www.nexoinformativo.mx\/\",\"name\":\"Nexo Informativo Santiago de Quer\u00e9taro\",\"description\":\"Explora NexoInformativo y convi\u00e9rtete en parte de una comunidad que valora el conocimiento y la verdad. Tu nexoinformativo es tu puente hacia una comprensi\u00f3n m\u00e1s profunda del mundo que te rodea.\",\"publisher\":{\"@id\":\"https:\/\/www.nexoinformativo.mx\/#organization\"},\"potentialAction\":[{\"@type\":\"SearchAction\",\"target\":{\"@type\":\"EntryPoint\",\"urlTemplate\":\"https:\/\/www.nexoinformativo.mx\/?s={search_term_string}\"},\"query-input\":{\"@type\":\"PropertyValueSpecification\",\"valueRequired\":true,\"valueName\":\"search_term_string\"}}],\"inLanguage\":\"es\"},{\"@type\":\"Organization\",\"@id\":\"https:\/\/www.nexoinformativo.mx\/#organization\",\"name\":\"Nexo Informativo Santiago de Quer\u00e9taro\",\"url\":\"https:\/\/www.nexoinformativo.mx\/\",\"logo\":{\"@type\":\"ImageObject\",\"inLanguage\":\"es\",\"@id\":\"https:\/\/www.nexoinformativo.mx\/#\/schema\/logo\/image\/\",\"url\":\"https:\/\/www.nexoinformativo.mx\/wp-content\/uploads\/2024\/07\/nexoi-trasparente-2.png\",\"contentUrl\":\"https:\/\/www.nexoinformativo.mx\/wp-content\/uploads\/2024\/07\/nexoi-trasparente-2.png\",\"width\":816,\"height\":339,\"caption\":\"Nexo Informativo Santiago de Quer\u00e9taro\"},\"image\":{\"@id\":\"https:\/\/www.nexoinformativo.mx\/#\/schema\/logo\/image\/\"},\"sameAs\":[\"https:\/\/www.facebook.com\/people\/Nexo-Informativo\/61564066885511\/\"]},{\"@type\":\"Person\",\"@id\":\"https:\/\/www.nexoinformativo.mx\/#\/schema\/person\/7749d380ba08c8ca00d7bc76fd907b7d\",\"name\":\"Nexo Informativo\",\"image\":{\"@type\":\"ImageObject\",\"inLanguage\":\"es\",\"@id\":\"https:\/\/www.nexoinformativo.mx\/#\/schema\/person\/image\/\",\"url\":\"https:\/\/secure.gravatar.com\/avatar\/dde2928154642a13d95f87ddf1ea9718fe2b46760a005c53e41ff5ad610704e6?s=96&d=mm&r=g\",\"contentUrl\":\"https:\/\/secure.gravatar.com\/avatar\/dde2928154642a13d95f87ddf1ea9718fe2b46760a005c53e41ff5ad610704e6?s=96&d=mm&r=g\",\"caption\":\"Nexo Informativo\"},\"url\":\"https:\/\/www.nexoinformativo.mx\/index.php\/author\/edicion\/\"}]}<\/script>\n<!-- \/ Yoast SEO plugin. -->","yoast_head_json":{"title":"Gobierno estatal firma convenio con la federaci\u00f3n en Quer\u00e9taro se construir\u00e1n 16 mil nuevas viviendas | Nexo Informativo Santiago de Quer\u00e9taro","description":"Gobierno estatal firma convenio con la federaci\u00f3n en Quer\u00e9taro se construir\u00e1n 16 mil nuevas viviendas","robots":{"index":"index","follow":"follow","max-snippet":"max-snippet:-1","max-image-preview":"max-image-preview:large","max-video-preview":"max-video-preview:-1"},"canonical":"https:\/\/www.nexoinformativo.mx\/index.php\/2025\/01\/20\/gobierno-estatal-firma-convenio-con-la-federacion-en-queretaro-se-construiran-16-mil-nuevas-viviendas\/","og_locale":"es_MX","og_type":"article","og_title":"Gobierno estatal firma convenio con la federaci\u00f3n en Quer\u00e9taro se construir\u00e1n 16 mil nuevas viviendas | Nexo Informativo Santiago de Quer\u00e9taro","og_description":"Gobierno estatal firma convenio con la federaci\u00f3n en Quer\u00e9taro se construir\u00e1n 16 mil nuevas viviendas","og_url":"https:\/\/www.nexoinformativo.mx\/index.php\/2025\/01\/20\/gobierno-estatal-firma-convenio-con-la-federacion-en-queretaro-se-construiran-16-mil-nuevas-viviendas\/","og_site_name":"Nexo Informativo Santiago de Quer\u00e9taro","article_publisher":"https:\/\/www.facebook.com\/people\/Nexo-Informativo\/61564066885511\/","article_published_time":"2025-01-20T13:30:07+00:00","article_modified_time":"2025-01-20T15:49:07+00:00","og_image":[{"width":800,"height":543,"url":"https:\/\/www.nexoinformativo.mx\/wp-content\/uploads\/2025\/01\/PHOTO-2025-01-20-08-29-00-e1737387568718.jpg","type":"image\/jpeg"}],"author":"Nexo Informativo","twitter_card":"summary_large_image","twitter_misc":{"Escrito por":"Nexo Informativo","Tiempo de lectura":"2 minutos"},"schema":{"@context":"https:\/\/schema.org","@graph":[{"@type":"Article","@id":"https:\/\/www.nexoinformativo.mx\/index.php\/2025\/01\/20\/gobierno-estatal-firma-convenio-con-la-federacion-en-queretaro-se-construiran-16-mil-nuevas-viviendas\/#article","isPartOf":{"@id":"https:\/\/www.nexoinformativo.mx\/index.php\/2025\/01\/20\/gobierno-estatal-firma-convenio-con-la-federacion-en-queretaro-se-construiran-16-mil-nuevas-viviendas\/"},"author":{"name":"Nexo Informativo","@id":"https:\/\/www.nexoinformativo.mx\/#\/schema\/person\/7749d380ba08c8ca00d7bc76fd907b7d"},"headline":"Gobierno estatal firma convenio con la federaci\u00f3n en Quer\u00e9taro se construir\u00e1n 16 mil nuevas viviendas","datePublished":"2025-01-20T13:30:07+00:00","dateModified":"2025-01-20T15:49:07+00:00","mainEntityOfPage":{"@id":"https:\/\/www.nexoinformativo.mx\/index.php\/2025\/01\/20\/gobierno-estatal-firma-convenio-con-la-federacion-en-queretaro-se-construiran-16-mil-nuevas-viviendas\/"},"wordCount":257,"commentCount":0,"publisher":{"@id":"https:\/\/www.nexoinformativo.mx\/#organization"},"image":{"@id":"https:\/\/www.nexoinformativo.mx\/index.php\/2025\/01\/20\/gobierno-estatal-firma-convenio-con-la-federacion-en-queretaro-se-construiran-16-mil-nuevas-viviendas\/#primaryimage"},"thumbnailUrl":"https:\/\/www.nexoinformativo.mx\/wp-content\/uploads\/2025\/01\/PHOTO-2025-01-20-08-29-00-e1737387568718.jpg","keywords":["DesarrolloUrbano","Gobierno","Quer\u00e9taro","Vivienda"],"articleSection":["Estado","\u00daltima Hora"],"inLanguage":"es","potentialAction":[{"@type":"CommentAction","name":"Comment","target":["https:\/\/www.nexoinformativo.mx\/index.php\/2025\/01\/20\/gobierno-estatal-firma-convenio-con-la-federacion-en-queretaro-se-construiran-16-mil-nuevas-viviendas\/#respond"]}]},{"@type":"WebPage","@id":"https:\/\/www.nexoinformativo.mx\/index.php\/2025\/01\/20\/gobierno-estatal-firma-convenio-con-la-federacion-en-queretaro-se-construiran-16-mil-nuevas-viviendas\/","url":"https:\/\/www.nexoinformativo.mx\/index.php\/2025\/01\/20\/gobierno-estatal-firma-convenio-con-la-federacion-en-queretaro-se-construiran-16-mil-nuevas-viviendas\/","name":"Gobierno estatal firma convenio con la federaci\u00f3n en Quer\u00e9taro se construir\u00e1n 16 mil nuevas viviendas | Nexo Informativo Santiago de Quer\u00e9taro","isPartOf":{"@id":"https:\/\/www.nexoinformativo.mx\/#website"},"primaryImageOfPage":{"@id":"https:\/\/www.nexoinformativo.mx\/index.php\/2025\/01\/20\/gobierno-estatal-firma-convenio-con-la-federacion-en-queretaro-se-construiran-16-mil-nuevas-viviendas\/#primaryimage"},"image":{"@id":"https:\/\/www.nexoinformativo.mx\/index.php\/2025\/01\/20\/gobierno-estatal-firma-convenio-con-la-federacion-en-queretaro-se-construiran-16-mil-nuevas-viviendas\/#primaryimage"},"thumbnailUrl":"https:\/\/www.nexoinformativo.mx\/wp-content\/uploads\/2025\/01\/PHOTO-2025-01-20-08-29-00-e1737387568718.jpg","datePublished":"2025-01-20T13:30:07+00:00","dateModified":"2025-01-20T15:49:07+00:00","description":"Gobierno estatal firma convenio con la federaci\u00f3n en Quer\u00e9taro se construir\u00e1n 16 mil nuevas viviendas","breadcrumb":{"@id":"https:\/\/www.nexoinformativo.mx\/index.php\/2025\/01\/20\/gobierno-estatal-firma-convenio-con-la-federacion-en-queretaro-se-construiran-16-mil-nuevas-viviendas\/#breadcrumb"},"inLanguage":"es","potentialAction":[{"@type":"ReadAction","target":["https:\/\/www.nexoinformativo.mx\/index.php\/2025\/01\/20\/gobierno-estatal-firma-convenio-con-la-federacion-en-queretaro-se-construiran-16-mil-nuevas-viviendas\/"]}]},{"@type":"ImageObject","inLanguage":"es","@id":"https:\/\/www.nexoinformativo.mx\/index.php\/2025\/01\/20\/gobierno-estatal-firma-convenio-con-la-federacion-en-queretaro-se-construiran-16-mil-nuevas-viviendas\/#primaryimage","url":"https:\/\/www.nexoinformativo.mx\/wp-content\/uploads\/2025\/01\/PHOTO-2025-01-20-08-29-00-e1737387568718.jpg","contentUrl":"https:\/\/www.nexoinformativo.mx\/wp-content\/uploads\/2025\/01\/PHOTO-2025-01-20-08-29-00-e1737387568718.jpg","width":800,"height":543},{"@type":"BreadcrumbList","@id":"https:\/\/www.nexoinformativo.mx\/index.php\/2025\/01\/20\/gobierno-estatal-firma-convenio-con-la-federacion-en-queretaro-se-construiran-16-mil-nuevas-viviendas\/#breadcrumb","itemListElement":[{"@type":"ListItem","position":1,"name":"Inicio","item":"https:\/\/www.nexoinformativo.mx\/"},{"@type":"ListItem","position":2,"name":"Gobierno estatal firma convenio con la federaci\u00f3n en Quer\u00e9taro se construir\u00e1n 16 mil nuevas viviendas"}]},{"@type":"WebSite","@id":"https:\/\/www.nexoinformativo.mx\/#website","url":"https:\/\/www.nexoinformativo.mx\/","name":"Nexo Informativo Santiago de Quer\u00e9taro","description":"Explora NexoInformativo y convi\u00e9rtete en parte de una comunidad que valora el conocimiento y la verdad. Tu nexoinformativo es tu puente hacia una comprensi\u00f3n m\u00e1s profunda del mundo que te rodea.","publisher":{"@id":"https:\/\/www.nexoinformativo.mx\/#organization"},"potentialAction":[{"@type":"SearchAction","target":{"@type":"EntryPoint","urlTemplate":"https:\/\/www.nexoinformativo.mx\/?s={search_term_string}"},"query-input":{"@type":"PropertyValueSpecification","valueRequired":true,"valueName":"search_term_string"}}],"inLanguage":"es"},{"@type":"Organization","@id":"https:\/\/www.nexoinformativo.mx\/#organization","name":"Nexo Informativo Santiago de Quer\u00e9taro","url":"https:\/\/www.nexoinformativo.mx\/","logo":{"@type":"ImageObject","inLanguage":"es","@id":"https:\/\/www.nexoinformativo.mx\/#\/schema\/logo\/image\/","url":"https:\/\/www.nexoinformativo.mx\/wp-content\/uploads\/2024\/07\/nexoi-trasparente-2.png","contentUrl":"https:\/\/www.nexoinformativo.mx\/wp-content\/uploads\/2024\/07\/nexoi-trasparente-2.png","width":816,"height":339,"caption":"Nexo Informativo Santiago de Quer\u00e9taro"},"image":{"@id":"https:\/\/www.nexoinformativo.mx\/#\/schema\/logo\/image\/"},"sameAs":["https:\/\/www.facebook.com\/people\/Nexo-Informativo\/61564066885511\/"]},{"@type":"Person","@id":"https:\/\/www.nexoinformativo.mx\/#\/schema\/person\/7749d380ba08c8ca00d7bc76fd907b7d","name":"Nexo Informativo","image":{"@type":"ImageObject","inLanguage":"es","@id":"https:\/\/www.nexoinformativo.mx\/#\/schema\/person\/image\/","url":"https:\/\/secure.gravatar.com\/avatar\/dde2928154642a13d95f87ddf1ea9718fe2b46760a005c53e41ff5ad610704e6?s=96&d=mm&r=g","contentUrl":"https:\/\/secure.gravatar.com\/avatar\/dde2928154642a13d95f87ddf1ea9718fe2b46760a005c53e41ff5ad610704e6?s=96&d=mm&r=g","caption":"Nexo Informativo"},"url":"https:\/\/www.nexoinformativo.mx\/index.php\/author\/edicion\/"}]}},"_links":{"self":[{"href":"https:\/\/www.nexoinformativo.mx\/index.php\/wp-json\/wp\/v2\/posts\/10216","targetHints":{"allow":["GET"]}}],"collection":[{"href":"https:\/\/www.nexoinformativo.mx\/index.php\/wp-json\/wp\/v2\/posts"}],"about":[{"href":"https:\/\/www.nexoinformativo.mx\/index.php\/wp-json\/wp\/v2\/types\/post"}],"author":[{"embeddable":true,"href":"https:\/\/www.nexoinformativo.mx\/index.php\/wp-json\/wp\/v2\/users\/3"}],"replies":[{"embeddable":true,"href":"https:\/\/www.nexoinformativo.mx\/index.php\/wp-json\/wp\/v2\/comments?post=10216"}],"version-history":[{"count":6,"href":"https:\/\/www.nexoinformativo.mx\/index.php\/wp-json\/wp\/v2\/posts\/10216\/revisions"}],"predecessor-version":[{"id":10231,"href":"https:\/\/www.nexoinformativo.mx\/index.php\/wp-json\/wp\/v2\/posts\/10216\/revisions\/10231"}],"wp:featuredmedia":[{"embeddable":true,"href":"https:\/\/www.nexoinformativo.mx\/index.php\/wp-json\/wp\/v2\/media\/10217"}],"wp:attachment":[{"href":"https:\/\/www.nexoinformativo.mx\/index.php\/wp-json\/wp\/v2\/media?parent=10216"}],"wp:term":[{"taxonomy":"category","embeddable":true,"href":"https:\/\/www.nexoinformativo.mx\/index.php\/wp-json\/wp\/v2\/categories?post=10216"},{"taxonomy":"post_tag","embeddable":true,"href":"https:\/\/www.nexoinformativo.mx\/index.php\/wp-json\/wp\/v2\/tags?post=10216"}],"curies":[{"name":"wp","href":"https:\/\/api.w.org\/{rel}","templated":true}]}}