{"id":10222,"date":"2025-01-20T08:00:32","date_gmt":"2025-01-20T14:00:32","guid":{"rendered":"https:\/\/www.nexoinformativo.mx\/?p=10222"},"modified":"2025-01-20T09:48:27","modified_gmt":"2025-01-20T15:48:27","slug":"inauguran-temporada-de-exposiciones-en-la-galeria-libertad-abre-sus-puertas-a-un-mundo-de-emociones-y-reflexiones","status":"publish","type":"post","link":"https:\/\/www.nexoinformativo.mx\/index.php\/2025\/01\/20\/inauguran-temporada-de-exposiciones-en-la-galeria-libertad-abre-sus-puertas-a-un-mundo-de-emociones-y-reflexiones\/","title":{"rendered":"Inauguran temporada de exposiciones en la Galer\u00eda Libertad abre sus puertas a un mundo de emociones y reflexiones"},"content":{"rendered":"<p style=\"text-align: justify;\" data-sourcepos=\"11:1-11:488\">La Galer\u00eda Libertad ha inaugurado su primera temporada de exposiciones de 2025, presentando un conjunto de obras que invitan a la reflexi\u00f3n y a la emoci\u00f3n.<\/p>\n<p>&nbsp;<\/p>\n<p style=\"text-align: justify;\" data-sourcepos=\"11:1-11:488\">Con las muestras <strong>&#8220;No hay lugar para un hogar&#8221;, &#8220;Variaciones sobre distintos temas de la abstracci\u00f3n al pensamiento&#8221;, &#8220;Impacto t\u00e1ctil&#8221; y &#8220;Ensayo de lo cotidiano&#8230;&#8221;<\/strong>, la galer\u00eda se convierte en un espacio para explorar temas como la identidad, la desigualdad, la experiencia sensorial y la violencia de g\u00e9nero.<\/p>\n<p>&nbsp;<\/p>\n<p style=\"text-align: justify;\" data-sourcepos=\"13:1-13:376\">Alix Yolitzin, Bernardo Barquet, Mar\u00eda Jos\u00e9 Gonz\u00e1lez Tostado y Ana Karen Cervantes Cruz son los artistas que, con sus obras, invitan al p\u00fablico a cuestionar la realidad y a reflexionar sobre temas de gran relevancia social.<\/p>\n<\/p>\n<p>&nbsp;<\/p>\n<p style=\"text-align: justify;\" data-sourcepos=\"13:1-13:376\">Desde la precarizaci\u00f3n de la vivienda hasta la violencia de g\u00e9nero, las exposiciones ofrecen una mirada profunda y cr\u00edtica sobre el mundo que nos rodea.<\/p>\n<p>&nbsp;<\/p>\n<p style=\"text-align: justify;\" data-sourcepos=\"15:1-15:282\">La Galer\u00eda Libertad, ubicada en el coraz\u00f3n del Centro Hist\u00f3rico de Quer\u00e9taro, se ha consolidado como un espacio de referencia para el arte contempor\u00e1neo en la regi\u00f3n. Con esta nueva temporada de exposiciones, la galer\u00eda reafirma su compromiso con la promoci\u00f3n del arte y la cultura.<\/p>\n<p>&nbsp;<\/p>\n<p style=\"text-align: justify;\" data-sourcepos=\"17:1-17:161\">No te pierdas esta oportunidad de sumergirte en un mundo de sensaciones y emociones a trav\u00e9s del arte. La Galer\u00eda Libertad te espera en Andador Libertad n\u00famero 56, en el Centro Hist\u00f3rico de la ciudad de Quer\u00e9taro; con entrada libre, las cuatro exposiciones pueden visitarse de lunes a s\u00e1bado de 10:00 a 19:30 horas.<\/p>\n<p>&nbsp;<\/p>\n<p style=\"text-align: center;\" data-sourcepos=\"17:1-17:161\"><em><strong>\u00a1Informaci\u00f3n que transforma!<\/strong><\/em><\/p>\n","protected":false},"excerpt":{"rendered":"<p>La Galer\u00eda Libertad ha inaugurado su primera temporada de exposiciones de 2025, presentando un conjunto de obras que invitan a la reflexi\u00f3n y a la emoci\u00f3n.<\/p>\n","protected":false},"author":3,"featured_media":10223,"comment_status":"open","ping_status":"open","sticky":false,"template":"","format":"standard","meta":{"footnotes":""},"categories":[50,58],"tags":[2481,3163,3162,133],"class_list":["post-10222","post","type-post","status-publish","format-standard","has-post-thumbnail","hentry","category-espectaculos","category-ultima-hora","tag-artecontemporaneo","tag-exposiciones","tag-galerialibertad","tag-queretaro"],"yoast_head":"<!-- This site is optimized with the Yoast SEO plugin v25.0 - https:\/\/yoast.com\/wordpress\/plugins\/seo\/ -->\n<title>Inauguran temporada de exposiciones en la Galer\u00eda Libertad abre sus puertas a un mundo de emociones y reflexiones | Nexo Informativo Santiago de Quer\u00e9taro<\/title>\n<meta name=\"description\" content=\"Inauguran temporada de exposiciones en la Galer\u00eda Libertad abre sus puertas a un mundo de emociones y reflexiones\" \/>\n<meta name=\"robots\" content=\"index, follow, max-snippet:-1, max-image-preview:large, max-video-preview:-1\" \/>\n<link rel=\"canonical\" href=\"https:\/\/www.nexoinformativo.mx\/index.php\/2025\/01\/20\/inauguran-temporada-de-exposiciones-en-la-galeria-libertad-abre-sus-puertas-a-un-mundo-de-emociones-y-reflexiones\/\" \/>\n<meta property=\"og:locale\" content=\"es_MX\" \/>\n<meta property=\"og:type\" content=\"article\" \/>\n<meta property=\"og:title\" content=\"Inauguran temporada de exposiciones en la Galer\u00eda Libertad abre sus puertas a un mundo de emociones y reflexiones | Nexo Informativo Santiago de Quer\u00e9taro\" \/>\n<meta property=\"og:description\" content=\"Inauguran temporada de exposiciones en la Galer\u00eda Libertad abre sus puertas a un mundo de emociones y reflexiones\" \/>\n<meta property=\"og:url\" content=\"https:\/\/www.nexoinformativo.mx\/index.php\/2025\/01\/20\/inauguran-temporada-de-exposiciones-en-la-galeria-libertad-abre-sus-puertas-a-un-mundo-de-emociones-y-reflexiones\/\" \/>\n<meta property=\"og:site_name\" content=\"Nexo Informativo Santiago de Quer\u00e9taro\" \/>\n<meta property=\"article:publisher\" content=\"https:\/\/www.facebook.com\/people\/Nexo-Informativo\/61564066885511\/\" \/>\n<meta property=\"article:published_time\" content=\"2025-01-20T14:00:32+00:00\" \/>\n<meta property=\"article:modified_time\" content=\"2025-01-20T15:48:27+00:00\" \/>\n<meta property=\"og:image\" content=\"https:\/\/www.nexoinformativo.mx\/wp-content\/uploads\/2025\/01\/PHOTO-2025-01-20-08-32-32-e1737388081463.jpg\" \/>\n\t<meta property=\"og:image:width\" content=\"526\" \/>\n\t<meta property=\"og:image:height\" content=\"800\" \/>\n\t<meta property=\"og:image:type\" content=\"image\/jpeg\" \/>\n<meta name=\"author\" content=\"Nexo Informativo\" \/>\n<meta name=\"twitter:card\" content=\"summary_large_image\" \/>\n<meta name=\"twitter:label1\" content=\"Escrito por\" \/>\n\t<meta name=\"twitter:data1\" content=\"Nexo Informativo\" \/>\n\t<meta name=\"twitter:label2\" content=\"Tiempo de lectura\" \/>\n\t<meta name=\"twitter:data2\" content=\"2 minutos\" \/>\n<script type=\"application\/ld+json\" class=\"yoast-schema-graph\">{\"@context\":\"https:\/\/schema.org\",\"@graph\":[{\"@type\":\"Article\",\"@id\":\"https:\/\/www.nexoinformativo.mx\/index.php\/2025\/01\/20\/inauguran-temporada-de-exposiciones-en-la-galeria-libertad-abre-sus-puertas-a-un-mundo-de-emociones-y-reflexiones\/#article\",\"isPartOf\":{\"@id\":\"https:\/\/www.nexoinformativo.mx\/index.php\/2025\/01\/20\/inauguran-temporada-de-exposiciones-en-la-galeria-libertad-abre-sus-puertas-a-un-mundo-de-emociones-y-reflexiones\/\"},\"author\":{\"name\":\"Nexo Informativo\",\"@id\":\"https:\/\/www.nexoinformativo.mx\/#\/schema\/person\/7749d380ba08c8ca00d7bc76fd907b7d\"},\"headline\":\"Inauguran temporada de exposiciones en la Galer\u00eda Libertad abre sus puertas a un mundo de emociones y reflexiones\",\"datePublished\":\"2025-01-20T14:00:32+00:00\",\"dateModified\":\"2025-01-20T15:48:27+00:00\",\"mainEntityOfPage\":{\"@id\":\"https:\/\/www.nexoinformativo.mx\/index.php\/2025\/01\/20\/inauguran-temporada-de-exposiciones-en-la-galeria-libertad-abre-sus-puertas-a-un-mundo-de-emociones-y-reflexiones\/\"},\"wordCount\":287,\"commentCount\":0,\"publisher\":{\"@id\":\"https:\/\/www.nexoinformativo.mx\/#organization\"},\"image\":{\"@id\":\"https:\/\/www.nexoinformativo.mx\/index.php\/2025\/01\/20\/inauguran-temporada-de-exposiciones-en-la-galeria-libertad-abre-sus-puertas-a-un-mundo-de-emociones-y-reflexiones\/#primaryimage\"},\"thumbnailUrl\":\"https:\/\/www.nexoinformativo.mx\/wp-content\/uploads\/2025\/01\/PHOTO-2025-01-20-08-32-32-e1737388081463.jpg\",\"keywords\":[\"ArteContempor\u00e1neo\",\"Exposiciones\",\"Galer\u00edaLibertad\",\"Quer\u00e9taro\"],\"articleSection\":[\"Espect\u00e1culos\",\"\u00daltima Hora\"],\"inLanguage\":\"es\",\"potentialAction\":[{\"@type\":\"CommentAction\",\"name\":\"Comment\",\"target\":[\"https:\/\/www.nexoinformativo.mx\/index.php\/2025\/01\/20\/inauguran-temporada-de-exposiciones-en-la-galeria-libertad-abre-sus-puertas-a-un-mundo-de-emociones-y-reflexiones\/#respond\"]}]},{\"@type\":\"WebPage\",\"@id\":\"https:\/\/www.nexoinformativo.mx\/index.php\/2025\/01\/20\/inauguran-temporada-de-exposiciones-en-la-galeria-libertad-abre-sus-puertas-a-un-mundo-de-emociones-y-reflexiones\/\",\"url\":\"https:\/\/www.nexoinformativo.mx\/index.php\/2025\/01\/20\/inauguran-temporada-de-exposiciones-en-la-galeria-libertad-abre-sus-puertas-a-un-mundo-de-emociones-y-reflexiones\/\",\"name\":\"Inauguran temporada de exposiciones en la Galer\u00eda Libertad abre sus puertas a un mundo de emociones y reflexiones | Nexo Informativo Santiago de Quer\u00e9taro\",\"isPartOf\":{\"@id\":\"https:\/\/www.nexoinformativo.mx\/#website\"},\"primaryImageOfPage\":{\"@id\":\"https:\/\/www.nexoinformativo.mx\/index.php\/2025\/01\/20\/inauguran-temporada-de-exposiciones-en-la-galeria-libertad-abre-sus-puertas-a-un-mundo-de-emociones-y-reflexiones\/#primaryimage\"},\"image\":{\"@id\":\"https:\/\/www.nexoinformativo.mx\/index.php\/2025\/01\/20\/inauguran-temporada-de-exposiciones-en-la-galeria-libertad-abre-sus-puertas-a-un-mundo-de-emociones-y-reflexiones\/#primaryimage\"},\"thumbnailUrl\":\"https:\/\/www.nexoinformativo.mx\/wp-content\/uploads\/2025\/01\/PHOTO-2025-01-20-08-32-32-e1737388081463.jpg\",\"datePublished\":\"2025-01-20T14:00:32+00:00\",\"dateModified\":\"2025-01-20T15:48:27+00:00\",\"description\":\"Inauguran temporada de exposiciones en la Galer\u00eda Libertad abre sus puertas a un mundo de emociones y reflexiones\",\"breadcrumb\":{\"@id\":\"https:\/\/www.nexoinformativo.mx\/index.php\/2025\/01\/20\/inauguran-temporada-de-exposiciones-en-la-galeria-libertad-abre-sus-puertas-a-un-mundo-de-emociones-y-reflexiones\/#breadcrumb\"},\"inLanguage\":\"es\",\"potentialAction\":[{\"@type\":\"ReadAction\",\"target\":[\"https:\/\/www.nexoinformativo.mx\/index.php\/2025\/01\/20\/inauguran-temporada-de-exposiciones-en-la-galeria-libertad-abre-sus-puertas-a-un-mundo-de-emociones-y-reflexiones\/\"]}]},{\"@type\":\"ImageObject\",\"inLanguage\":\"es\",\"@id\":\"https:\/\/www.nexoinformativo.mx\/index.php\/2025\/01\/20\/inauguran-temporada-de-exposiciones-en-la-galeria-libertad-abre-sus-puertas-a-un-mundo-de-emociones-y-reflexiones\/#primaryimage\",\"url\":\"https:\/\/www.nexoinformativo.mx\/wp-content\/uploads\/2025\/01\/PHOTO-2025-01-20-08-32-32-e1737388081463.jpg\",\"contentUrl\":\"https:\/\/www.nexoinformativo.mx\/wp-content\/uploads\/2025\/01\/PHOTO-2025-01-20-08-32-32-e1737388081463.jpg\",\"width\":526,\"height\":800},{\"@type\":\"BreadcrumbList\",\"@id\":\"https:\/\/www.nexoinformativo.mx\/index.php\/2025\/01\/20\/inauguran-temporada-de-exposiciones-en-la-galeria-libertad-abre-sus-puertas-a-un-mundo-de-emociones-y-reflexiones\/#breadcrumb\",\"itemListElement\":[{\"@type\":\"ListItem\",\"position\":1,\"name\":\"Inicio\",\"item\":\"https:\/\/www.nexoinformativo.mx\/\"},{\"@type\":\"ListItem\",\"position\":2,\"name\":\"Inauguran temporada de exposiciones en la Galer\u00eda Libertad abre sus puertas a un mundo de emociones y reflexiones\"}]},{\"@type\":\"WebSite\",\"@id\":\"https:\/\/www.nexoinformativo.mx\/#website\",\"url\":\"https:\/\/www.nexoinformativo.mx\/\",\"name\":\"Nexo Informativo Santiago de Quer\u00e9taro\",\"description\":\"Explora NexoInformativo y convi\u00e9rtete en parte de una comunidad que valora el conocimiento y la verdad. Tu nexoinformativo es tu puente hacia una comprensi\u00f3n m\u00e1s profunda del mundo que te rodea.\",\"publisher\":{\"@id\":\"https:\/\/www.nexoinformativo.mx\/#organization\"},\"potentialAction\":[{\"@type\":\"SearchAction\",\"target\":{\"@type\":\"EntryPoint\",\"urlTemplate\":\"https:\/\/www.nexoinformativo.mx\/?s={search_term_string}\"},\"query-input\":{\"@type\":\"PropertyValueSpecification\",\"valueRequired\":true,\"valueName\":\"search_term_string\"}}],\"inLanguage\":\"es\"},{\"@type\":\"Organization\",\"@id\":\"https:\/\/www.nexoinformativo.mx\/#organization\",\"name\":\"Nexo Informativo Santiago de Quer\u00e9taro\",\"url\":\"https:\/\/www.nexoinformativo.mx\/\",\"logo\":{\"@type\":\"ImageObject\",\"inLanguage\":\"es\",\"@id\":\"https:\/\/www.nexoinformativo.mx\/#\/schema\/logo\/image\/\",\"url\":\"https:\/\/www.nexoinformativo.mx\/wp-content\/uploads\/2024\/07\/nexoi-trasparente-2.png\",\"contentUrl\":\"https:\/\/www.nexoinformativo.mx\/wp-content\/uploads\/2024\/07\/nexoi-trasparente-2.png\",\"width\":816,\"height\":339,\"caption\":\"Nexo Informativo Santiago de Quer\u00e9taro\"},\"image\":{\"@id\":\"https:\/\/www.nexoinformativo.mx\/#\/schema\/logo\/image\/\"},\"sameAs\":[\"https:\/\/www.facebook.com\/people\/Nexo-Informativo\/61564066885511\/\"]},{\"@type\":\"Person\",\"@id\":\"https:\/\/www.nexoinformativo.mx\/#\/schema\/person\/7749d380ba08c8ca00d7bc76fd907b7d\",\"name\":\"Nexo Informativo\",\"image\":{\"@type\":\"ImageObject\",\"inLanguage\":\"es\",\"@id\":\"https:\/\/www.nexoinformativo.mx\/#\/schema\/person\/image\/\",\"url\":\"https:\/\/secure.gravatar.com\/avatar\/dde2928154642a13d95f87ddf1ea9718fe2b46760a005c53e41ff5ad610704e6?s=96&d=mm&r=g\",\"contentUrl\":\"https:\/\/secure.gravatar.com\/avatar\/dde2928154642a13d95f87ddf1ea9718fe2b46760a005c53e41ff5ad610704e6?s=96&d=mm&r=g\",\"caption\":\"Nexo Informativo\"},\"url\":\"https:\/\/www.nexoinformativo.mx\/index.php\/author\/edicion\/\"}]}<\/script>\n<!-- \/ Yoast SEO plugin. -->","yoast_head_json":{"title":"Inauguran temporada de exposiciones en la Galer\u00eda Libertad abre sus puertas a un mundo de emociones y reflexiones | Nexo Informativo Santiago de Quer\u00e9taro","description":"Inauguran temporada de exposiciones en la Galer\u00eda Libertad abre sus puertas a un mundo de emociones y reflexiones","robots":{"index":"index","follow":"follow","max-snippet":"max-snippet:-1","max-image-preview":"max-image-preview:large","max-video-preview":"max-video-preview:-1"},"canonical":"https:\/\/www.nexoinformativo.mx\/index.php\/2025\/01\/20\/inauguran-temporada-de-exposiciones-en-la-galeria-libertad-abre-sus-puertas-a-un-mundo-de-emociones-y-reflexiones\/","og_locale":"es_MX","og_type":"article","og_title":"Inauguran temporada de exposiciones en la Galer\u00eda Libertad abre sus puertas a un mundo de emociones y reflexiones | Nexo Informativo Santiago de Quer\u00e9taro","og_description":"Inauguran temporada de exposiciones en la Galer\u00eda Libertad abre sus puertas a un mundo de emociones y reflexiones","og_url":"https:\/\/www.nexoinformativo.mx\/index.php\/2025\/01\/20\/inauguran-temporada-de-exposiciones-en-la-galeria-libertad-abre-sus-puertas-a-un-mundo-de-emociones-y-reflexiones\/","og_site_name":"Nexo Informativo Santiago de Quer\u00e9taro","article_publisher":"https:\/\/www.facebook.com\/people\/Nexo-Informativo\/61564066885511\/","article_published_time":"2025-01-20T14:00:32+00:00","article_modified_time":"2025-01-20T15:48:27+00:00","og_image":[{"width":526,"height":800,"url":"https:\/\/www.nexoinformativo.mx\/wp-content\/uploads\/2025\/01\/PHOTO-2025-01-20-08-32-32-e1737388081463.jpg","type":"image\/jpeg"}],"author":"Nexo Informativo","twitter_card":"summary_large_image","twitter_misc":{"Escrito por":"Nexo Informativo","Tiempo de lectura":"2 minutos"},"schema":{"@context":"https:\/\/schema.org","@graph":[{"@type":"Article","@id":"https:\/\/www.nexoinformativo.mx\/index.php\/2025\/01\/20\/inauguran-temporada-de-exposiciones-en-la-galeria-libertad-abre-sus-puertas-a-un-mundo-de-emociones-y-reflexiones\/#article","isPartOf":{"@id":"https:\/\/www.nexoinformativo.mx\/index.php\/2025\/01\/20\/inauguran-temporada-de-exposiciones-en-la-galeria-libertad-abre-sus-puertas-a-un-mundo-de-emociones-y-reflexiones\/"},"author":{"name":"Nexo Informativo","@id":"https:\/\/www.nexoinformativo.mx\/#\/schema\/person\/7749d380ba08c8ca00d7bc76fd907b7d"},"headline":"Inauguran temporada de exposiciones en la Galer\u00eda Libertad abre sus puertas a un mundo de emociones y reflexiones","datePublished":"2025-01-20T14:00:32+00:00","dateModified":"2025-01-20T15:48:27+00:00","mainEntityOfPage":{"@id":"https:\/\/www.nexoinformativo.mx\/index.php\/2025\/01\/20\/inauguran-temporada-de-exposiciones-en-la-galeria-libertad-abre-sus-puertas-a-un-mundo-de-emociones-y-reflexiones\/"},"wordCount":287,"commentCount":0,"publisher":{"@id":"https:\/\/www.nexoinformativo.mx\/#organization"},"image":{"@id":"https:\/\/www.nexoinformativo.mx\/index.php\/2025\/01\/20\/inauguran-temporada-de-exposiciones-en-la-galeria-libertad-abre-sus-puertas-a-un-mundo-de-emociones-y-reflexiones\/#primaryimage"},"thumbnailUrl":"https:\/\/www.nexoinformativo.mx\/wp-content\/uploads\/2025\/01\/PHOTO-2025-01-20-08-32-32-e1737388081463.jpg","keywords":["ArteContempor\u00e1neo","Exposiciones","Galer\u00edaLibertad","Quer\u00e9taro"],"articleSection":["Espect\u00e1culos","\u00daltima Hora"],"inLanguage":"es","potentialAction":[{"@type":"CommentAction","name":"Comment","target":["https:\/\/www.nexoinformativo.mx\/index.php\/2025\/01\/20\/inauguran-temporada-de-exposiciones-en-la-galeria-libertad-abre-sus-puertas-a-un-mundo-de-emociones-y-reflexiones\/#respond"]}]},{"@type":"WebPage","@id":"https:\/\/www.nexoinformativo.mx\/index.php\/2025\/01\/20\/inauguran-temporada-de-exposiciones-en-la-galeria-libertad-abre-sus-puertas-a-un-mundo-de-emociones-y-reflexiones\/","url":"https:\/\/www.nexoinformativo.mx\/index.php\/2025\/01\/20\/inauguran-temporada-de-exposiciones-en-la-galeria-libertad-abre-sus-puertas-a-un-mundo-de-emociones-y-reflexiones\/","name":"Inauguran temporada de exposiciones en la Galer\u00eda Libertad abre sus puertas a un mundo de emociones y reflexiones | Nexo Informativo Santiago de Quer\u00e9taro","isPartOf":{"@id":"https:\/\/www.nexoinformativo.mx\/#website"},"primaryImageOfPage":{"@id":"https:\/\/www.nexoinformativo.mx\/index.php\/2025\/01\/20\/inauguran-temporada-de-exposiciones-en-la-galeria-libertad-abre-sus-puertas-a-un-mundo-de-emociones-y-reflexiones\/#primaryimage"},"image":{"@id":"https:\/\/www.nexoinformativo.mx\/index.php\/2025\/01\/20\/inauguran-temporada-de-exposiciones-en-la-galeria-libertad-abre-sus-puertas-a-un-mundo-de-emociones-y-reflexiones\/#primaryimage"},"thumbnailUrl":"https:\/\/www.nexoinformativo.mx\/wp-content\/uploads\/2025\/01\/PHOTO-2025-01-20-08-32-32-e1737388081463.jpg","datePublished":"2025-01-20T14:00:32+00:00","dateModified":"2025-01-20T15:48:27+00:00","description":"Inauguran temporada de exposiciones en la Galer\u00eda Libertad abre sus puertas a un mundo de emociones y reflexiones","breadcrumb":{"@id":"https:\/\/www.nexoinformativo.mx\/index.php\/2025\/01\/20\/inauguran-temporada-de-exposiciones-en-la-galeria-libertad-abre-sus-puertas-a-un-mundo-de-emociones-y-reflexiones\/#breadcrumb"},"inLanguage":"es","potentialAction":[{"@type":"ReadAction","target":["https:\/\/www.nexoinformativo.mx\/index.php\/2025\/01\/20\/inauguran-temporada-de-exposiciones-en-la-galeria-libertad-abre-sus-puertas-a-un-mundo-de-emociones-y-reflexiones\/"]}]},{"@type":"ImageObject","inLanguage":"es","@id":"https:\/\/www.nexoinformativo.mx\/index.php\/2025\/01\/20\/inauguran-temporada-de-exposiciones-en-la-galeria-libertad-abre-sus-puertas-a-un-mundo-de-emociones-y-reflexiones\/#primaryimage","url":"https:\/\/www.nexoinformativo.mx\/wp-content\/uploads\/2025\/01\/PHOTO-2025-01-20-08-32-32-e1737388081463.jpg","contentUrl":"https:\/\/www.nexoinformativo.mx\/wp-content\/uploads\/2025\/01\/PHOTO-2025-01-20-08-32-32-e1737388081463.jpg","width":526,"height":800},{"@type":"BreadcrumbList","@id":"https:\/\/www.nexoinformativo.mx\/index.php\/2025\/01\/20\/inauguran-temporada-de-exposiciones-en-la-galeria-libertad-abre-sus-puertas-a-un-mundo-de-emociones-y-reflexiones\/#breadcrumb","itemListElement":[{"@type":"ListItem","position":1,"name":"Inicio","item":"https:\/\/www.nexoinformativo.mx\/"},{"@type":"ListItem","position":2,"name":"Inauguran temporada de exposiciones en la Galer\u00eda Libertad abre sus puertas a un mundo de emociones y reflexiones"}]},{"@type":"WebSite","@id":"https:\/\/www.nexoinformativo.mx\/#website","url":"https:\/\/www.nexoinformativo.mx\/","name":"Nexo Informativo Santiago de Quer\u00e9taro","description":"Explora NexoInformativo y convi\u00e9rtete en parte de una comunidad que valora el conocimiento y la verdad. Tu nexoinformativo es tu puente hacia una comprensi\u00f3n m\u00e1s profunda del mundo que te rodea.","publisher":{"@id":"https:\/\/www.nexoinformativo.mx\/#organization"},"potentialAction":[{"@type":"SearchAction","target":{"@type":"EntryPoint","urlTemplate":"https:\/\/www.nexoinformativo.mx\/?s={search_term_string}"},"query-input":{"@type":"PropertyValueSpecification","valueRequired":true,"valueName":"search_term_string"}}],"inLanguage":"es"},{"@type":"Organization","@id":"https:\/\/www.nexoinformativo.mx\/#organization","name":"Nexo Informativo Santiago de Quer\u00e9taro","url":"https:\/\/www.nexoinformativo.mx\/","logo":{"@type":"ImageObject","inLanguage":"es","@id":"https:\/\/www.nexoinformativo.mx\/#\/schema\/logo\/image\/","url":"https:\/\/www.nexoinformativo.mx\/wp-content\/uploads\/2024\/07\/nexoi-trasparente-2.png","contentUrl":"https:\/\/www.nexoinformativo.mx\/wp-content\/uploads\/2024\/07\/nexoi-trasparente-2.png","width":816,"height":339,"caption":"Nexo Informativo Santiago de Quer\u00e9taro"},"image":{"@id":"https:\/\/www.nexoinformativo.mx\/#\/schema\/logo\/image\/"},"sameAs":["https:\/\/www.facebook.com\/people\/Nexo-Informativo\/61564066885511\/"]},{"@type":"Person","@id":"https:\/\/www.nexoinformativo.mx\/#\/schema\/person\/7749d380ba08c8ca00d7bc76fd907b7d","name":"Nexo Informativo","image":{"@type":"ImageObject","inLanguage":"es","@id":"https:\/\/www.nexoinformativo.mx\/#\/schema\/person\/image\/","url":"https:\/\/secure.gravatar.com\/avatar\/dde2928154642a13d95f87ddf1ea9718fe2b46760a005c53e41ff5ad610704e6?s=96&d=mm&r=g","contentUrl":"https:\/\/secure.gravatar.com\/avatar\/dde2928154642a13d95f87ddf1ea9718fe2b46760a005c53e41ff5ad610704e6?s=96&d=mm&r=g","caption":"Nexo Informativo"},"url":"https:\/\/www.nexoinformativo.mx\/index.php\/author\/edicion\/"}]}},"_links":{"self":[{"href":"https:\/\/www.nexoinformativo.mx\/index.php\/wp-json\/wp\/v2\/posts\/10222","targetHints":{"allow":["GET"]}}],"collection":[{"href":"https:\/\/www.nexoinformativo.mx\/index.php\/wp-json\/wp\/v2\/posts"}],"about":[{"href":"https:\/\/www.nexoinformativo.mx\/index.php\/wp-json\/wp\/v2\/types\/post"}],"author":[{"embeddable":true,"href":"https:\/\/www.nexoinformativo.mx\/index.php\/wp-json\/wp\/v2\/users\/3"}],"replies":[{"embeddable":true,"href":"https:\/\/www.nexoinformativo.mx\/index.php\/wp-json\/wp\/v2\/comments?post=10222"}],"version-history":[{"count":5,"href":"https:\/\/www.nexoinformativo.mx\/index.php\/wp-json\/wp\/v2\/posts\/10222\/revisions"}],"predecessor-version":[{"id":10227,"href":"https:\/\/www.nexoinformativo.mx\/index.php\/wp-json\/wp\/v2\/posts\/10222\/revisions\/10227"}],"wp:featuredmedia":[{"embeddable":true,"href":"https:\/\/www.nexoinformativo.mx\/index.php\/wp-json\/wp\/v2\/media\/10223"}],"wp:attachment":[{"href":"https:\/\/www.nexoinformativo.mx\/index.php\/wp-json\/wp\/v2\/media?parent=10222"}],"wp:term":[{"taxonomy":"category","embeddable":true,"href":"https:\/\/www.nexoinformativo.mx\/index.php\/wp-json\/wp\/v2\/categories?post=10222"},{"taxonomy":"post_tag","embeddable":true,"href":"https:\/\/www.nexoinformativo.mx\/index.php\/wp-json\/wp\/v2\/tags?post=10222"}],"curies":[{"name":"wp","href":"https:\/\/api.w.org\/{rel}","templated":true}]}}