{"id":10240,"date":"2025-01-20T09:00:17","date_gmt":"2025-01-20T15:00:17","guid":{"rendered":"https:\/\/www.nexoinformativo.mx\/?p=10240"},"modified":"2025-01-20T09:59:23","modified_gmt":"2025-01-20T15:59:23","slug":"secretaria-de-las-mujeres-y-fiscalia-trabajan-juntos-para-combatir-la-violencia-de-genero","status":"publish","type":"post","link":"https:\/\/www.nexoinformativo.mx\/index.php\/2025\/01\/20\/secretaria-de-las-mujeres-y-fiscalia-trabajan-juntos-para-combatir-la-violencia-de-genero\/","title":{"rendered":"Secretar\u00eda de las Mujeres y Fiscal\u00eda trabajan juntos para combatir la violencia de g\u00e9nero"},"content":{"rendered":"<p style=\"text-align: justify;\" data-sourcepos=\"11:1-11:296\">La titular de la Secretar\u00eda de las Mujeres, Sonia Rocha, y el Fiscal del Estado, V\u00edctor Antonio de Jes\u00fas Hern\u00e1ndez, se reunieron para fortalecer la colaboraci\u00f3n entre ambas instituciones y garantizar el acceso de las mujeres a la justicia con perspectiva de g\u00e9nero.<\/p>\n<p>&nbsp;<\/p>\n<p style=\"text-align: justify;\" data-sourcepos=\"13:1-13:325\">Este encuentro representa un paso significativo en la lucha contra la violencia hacia las mujeres en Quer\u00e9taro. Ambas autoridades coincidieron en la importancia de trabajar de manera coordinada para brindar una atenci\u00f3n integral a las v\u00edctimas, desde el acompa\u00f1amiento psicol\u00f3gico y jur\u00eddico hasta la procuraci\u00f3n de justicia.<\/p>\n<p>&nbsp;<\/p>\n<p style=\"text-align: justify;\" data-sourcepos=\"15:1-15:400\">Uno de los temas centrales de la reuni\u00f3n fue el trabajo que se realiza en los Centros de Justicia para las Mujeres, espacios donde las v\u00edctimas pueden encontrar atenci\u00f3n especializada y multidisciplinaria.<\/p>\n<\/p>\n<p>&nbsp;<\/p>\n<p style=\"text-align: justify;\" data-sourcepos=\"15:1-15:400\">Estos centros ofrecen servicios de asesor\u00eda jur\u00eddica, psicol\u00f3gica, m\u00e9dica y trabajo social, brindando a las mujeres las herramientas necesarias para superar la violencia y reconstruir sus vidas.<\/p>\n<p>&nbsp;<\/p>\n<p style=\"text-align: justify;\" data-sourcepos=\"17:1-17:513\">Sonia Rocha destac\u00f3 que desde el inicio de su gesti\u00f3n se ha enfocado en establecer alianzas estrat\u00e9gicas con diferentes instituciones para garantizar el bienestar de las mujeres queretanas.<\/p>\n<p>&nbsp;<\/p>\n<p style=\"text-align: justify;\" data-sourcepos=\"17:1-17:513\"><strong>&#8220;Seguiremos reforzando los trabajos en materia de atenci\u00f3n y capacitaci\u00f3n a funcionariado de todas las instituciones, pues de esta manera cumpliremos con uno de los objetivos que tenemos como instituci\u00f3n referente a la tarea de que las mujeres vivan una vida libre de violencia ayudadas por el trabajo transversal&#8221;<\/strong>, afirm\u00f3 la titular.<\/p>\n<p>&nbsp;<\/p>\n<p style=\"text-align: center;\" data-sourcepos=\"17:1-17:513\"><em><strong>\u00a1Informaci\u00f3n que transforma!<\/strong><\/em><\/p>\n","protected":false},"excerpt":{"rendered":"<p>La titular de la Secretar\u00eda de las Mujeres, Sonia Rocha, y el Fiscal del Estado, V\u00edctor Antonio de Jes\u00fas Hern\u00e1ndez, se reunieron para fortalecer la colaboraci\u00f3n entre ambas instituciones y garantizar el acceso de las mujeres a la justicia con perspectiva de g\u00e9nero.<\/p>\n","protected":false},"author":3,"featured_media":10241,"comment_status":"open","ping_status":"open","sticky":false,"template":"","format":"standard","meta":{"footnotes":""},"categories":[42,58],"tags":[480,1430,133,815],"class_list":["post-10240","post","type-post","status-publish","format-standard","has-post-thumbnail","hentry","category-estado","category-ultima-hora","tag-justicia","tag-mujeres","tag-queretaro","tag-violenciadegenero"],"yoast_head":"<!-- This site is optimized with the Yoast SEO plugin v25.0 - https:\/\/yoast.com\/wordpress\/plugins\/seo\/ -->\n<title>Secretar\u00eda de las Mujeres y Fiscal\u00eda trabajan juntos para combatir la violencia de g\u00e9nero | Nexo Informativo Santiago de Quer\u00e9taro<\/title>\n<meta name=\"description\" content=\"Secretar\u00eda de las Mujeres y Fiscal\u00eda trabajan juntos para combatir la violencia de g\u00e9nero\" \/>\n<meta name=\"robots\" content=\"index, follow, max-snippet:-1, max-image-preview:large, max-video-preview:-1\" \/>\n<link rel=\"canonical\" href=\"https:\/\/www.nexoinformativo.mx\/index.php\/2025\/01\/20\/secretaria-de-las-mujeres-y-fiscalia-trabajan-juntos-para-combatir-la-violencia-de-genero\/\" \/>\n<meta property=\"og:locale\" content=\"es_MX\" \/>\n<meta property=\"og:type\" content=\"article\" \/>\n<meta property=\"og:title\" content=\"Secretar\u00eda de las Mujeres y Fiscal\u00eda trabajan juntos para combatir la violencia de g\u00e9nero | Nexo Informativo Santiago de Quer\u00e9taro\" \/>\n<meta property=\"og:description\" content=\"Secretar\u00eda de las Mujeres y Fiscal\u00eda trabajan juntos para combatir la violencia de g\u00e9nero\" \/>\n<meta property=\"og:url\" content=\"https:\/\/www.nexoinformativo.mx\/index.php\/2025\/01\/20\/secretaria-de-las-mujeres-y-fiscalia-trabajan-juntos-para-combatir-la-violencia-de-genero\/\" \/>\n<meta property=\"og:site_name\" content=\"Nexo Informativo Santiago de Quer\u00e9taro\" \/>\n<meta property=\"article:publisher\" content=\"https:\/\/www.facebook.com\/people\/Nexo-Informativo\/61564066885511\/\" \/>\n<meta property=\"article:published_time\" content=\"2025-01-20T15:00:17+00:00\" \/>\n<meta property=\"article:modified_time\" content=\"2025-01-20T15:59:23+00:00\" \/>\n<meta property=\"og:image\" content=\"https:\/\/www.nexoinformativo.mx\/wp-content\/uploads\/2025\/01\/PHOTO-2025-01-20-08-44-51-e1737388700946.jpg\" \/>\n\t<meta property=\"og:image:width\" content=\"800\" \/>\n\t<meta property=\"og:image:height\" content=\"533\" \/>\n\t<meta property=\"og:image:type\" content=\"image\/jpeg\" \/>\n<meta name=\"author\" content=\"Nexo Informativo\" \/>\n<meta name=\"twitter:card\" content=\"summary_large_image\" \/>\n<meta name=\"twitter:label1\" content=\"Escrito por\" \/>\n\t<meta name=\"twitter:data1\" content=\"Nexo Informativo\" \/>\n\t<meta name=\"twitter:label2\" content=\"Tiempo de lectura\" \/>\n\t<meta name=\"twitter:data2\" content=\"2 minutos\" \/>\n<script type=\"application\/ld+json\" class=\"yoast-schema-graph\">{\"@context\":\"https:\/\/schema.org\",\"@graph\":[{\"@type\":\"Article\",\"@id\":\"https:\/\/www.nexoinformativo.mx\/index.php\/2025\/01\/20\/secretaria-de-las-mujeres-y-fiscalia-trabajan-juntos-para-combatir-la-violencia-de-genero\/#article\",\"isPartOf\":{\"@id\":\"https:\/\/www.nexoinformativo.mx\/index.php\/2025\/01\/20\/secretaria-de-las-mujeres-y-fiscalia-trabajan-juntos-para-combatir-la-violencia-de-genero\/\"},\"author\":{\"name\":\"Nexo Informativo\",\"@id\":\"https:\/\/www.nexoinformativo.mx\/#\/schema\/person\/7749d380ba08c8ca00d7bc76fd907b7d\"},\"headline\":\"Secretar\u00eda de las Mujeres y Fiscal\u00eda trabajan juntos para combatir la violencia de g\u00e9nero\",\"datePublished\":\"2025-01-20T15:00:17+00:00\",\"dateModified\":\"2025-01-20T15:59:23+00:00\",\"mainEntityOfPage\":{\"@id\":\"https:\/\/www.nexoinformativo.mx\/index.php\/2025\/01\/20\/secretaria-de-las-mujeres-y-fiscalia-trabajan-juntos-para-combatir-la-violencia-de-genero\/\"},\"wordCount\":281,\"commentCount\":0,\"publisher\":{\"@id\":\"https:\/\/www.nexoinformativo.mx\/#organization\"},\"image\":{\"@id\":\"https:\/\/www.nexoinformativo.mx\/index.php\/2025\/01\/20\/secretaria-de-las-mujeres-y-fiscalia-trabajan-juntos-para-combatir-la-violencia-de-genero\/#primaryimage\"},\"thumbnailUrl\":\"https:\/\/www.nexoinformativo.mx\/wp-content\/uploads\/2025\/01\/PHOTO-2025-01-20-08-44-51-e1737388700946.jpg\",\"keywords\":[\"Justicia\",\"Mujeres\",\"Quer\u00e9taro\",\"ViolenciaDeG\u00e9nero\"],\"articleSection\":[\"Estado\",\"\u00daltima Hora\"],\"inLanguage\":\"es\",\"potentialAction\":[{\"@type\":\"CommentAction\",\"name\":\"Comment\",\"target\":[\"https:\/\/www.nexoinformativo.mx\/index.php\/2025\/01\/20\/secretaria-de-las-mujeres-y-fiscalia-trabajan-juntos-para-combatir-la-violencia-de-genero\/#respond\"]}]},{\"@type\":\"WebPage\",\"@id\":\"https:\/\/www.nexoinformativo.mx\/index.php\/2025\/01\/20\/secretaria-de-las-mujeres-y-fiscalia-trabajan-juntos-para-combatir-la-violencia-de-genero\/\",\"url\":\"https:\/\/www.nexoinformativo.mx\/index.php\/2025\/01\/20\/secretaria-de-las-mujeres-y-fiscalia-trabajan-juntos-para-combatir-la-violencia-de-genero\/\",\"name\":\"Secretar\u00eda de las Mujeres y Fiscal\u00eda trabajan juntos para combatir la violencia de g\u00e9nero | Nexo Informativo Santiago de Quer\u00e9taro\",\"isPartOf\":{\"@id\":\"https:\/\/www.nexoinformativo.mx\/#website\"},\"primaryImageOfPage\":{\"@id\":\"https:\/\/www.nexoinformativo.mx\/index.php\/2025\/01\/20\/secretaria-de-las-mujeres-y-fiscalia-trabajan-juntos-para-combatir-la-violencia-de-genero\/#primaryimage\"},\"image\":{\"@id\":\"https:\/\/www.nexoinformativo.mx\/index.php\/2025\/01\/20\/secretaria-de-las-mujeres-y-fiscalia-trabajan-juntos-para-combatir-la-violencia-de-genero\/#primaryimage\"},\"thumbnailUrl\":\"https:\/\/www.nexoinformativo.mx\/wp-content\/uploads\/2025\/01\/PHOTO-2025-01-20-08-44-51-e1737388700946.jpg\",\"datePublished\":\"2025-01-20T15:00:17+00:00\",\"dateModified\":\"2025-01-20T15:59:23+00:00\",\"description\":\"Secretar\u00eda de las Mujeres y Fiscal\u00eda trabajan juntos para combatir la violencia de g\u00e9nero\",\"breadcrumb\":{\"@id\":\"https:\/\/www.nexoinformativo.mx\/index.php\/2025\/01\/20\/secretaria-de-las-mujeres-y-fiscalia-trabajan-juntos-para-combatir-la-violencia-de-genero\/#breadcrumb\"},\"inLanguage\":\"es\",\"potentialAction\":[{\"@type\":\"ReadAction\",\"target\":[\"https:\/\/www.nexoinformativo.mx\/index.php\/2025\/01\/20\/secretaria-de-las-mujeres-y-fiscalia-trabajan-juntos-para-combatir-la-violencia-de-genero\/\"]}]},{\"@type\":\"ImageObject\",\"inLanguage\":\"es\",\"@id\":\"https:\/\/www.nexoinformativo.mx\/index.php\/2025\/01\/20\/secretaria-de-las-mujeres-y-fiscalia-trabajan-juntos-para-combatir-la-violencia-de-genero\/#primaryimage\",\"url\":\"https:\/\/www.nexoinformativo.mx\/wp-content\/uploads\/2025\/01\/PHOTO-2025-01-20-08-44-51-e1737388700946.jpg\",\"contentUrl\":\"https:\/\/www.nexoinformativo.mx\/wp-content\/uploads\/2025\/01\/PHOTO-2025-01-20-08-44-51-e1737388700946.jpg\",\"width\":800,\"height\":533},{\"@type\":\"BreadcrumbList\",\"@id\":\"https:\/\/www.nexoinformativo.mx\/index.php\/2025\/01\/20\/secretaria-de-las-mujeres-y-fiscalia-trabajan-juntos-para-combatir-la-violencia-de-genero\/#breadcrumb\",\"itemListElement\":[{\"@type\":\"ListItem\",\"position\":1,\"name\":\"Inicio\",\"item\":\"https:\/\/www.nexoinformativo.mx\/\"},{\"@type\":\"ListItem\",\"position\":2,\"name\":\"Secretar\u00eda de las Mujeres y Fiscal\u00eda trabajan juntos para combatir la violencia de g\u00e9nero\"}]},{\"@type\":\"WebSite\",\"@id\":\"https:\/\/www.nexoinformativo.mx\/#website\",\"url\":\"https:\/\/www.nexoinformativo.mx\/\",\"name\":\"Nexo Informativo Santiago de Quer\u00e9taro\",\"description\":\"Explora NexoInformativo y convi\u00e9rtete en parte de una comunidad que valora el conocimiento y la verdad. Tu nexoinformativo es tu puente hacia una comprensi\u00f3n m\u00e1s profunda del mundo que te rodea.\",\"publisher\":{\"@id\":\"https:\/\/www.nexoinformativo.mx\/#organization\"},\"potentialAction\":[{\"@type\":\"SearchAction\",\"target\":{\"@type\":\"EntryPoint\",\"urlTemplate\":\"https:\/\/www.nexoinformativo.mx\/?s={search_term_string}\"},\"query-input\":{\"@type\":\"PropertyValueSpecification\",\"valueRequired\":true,\"valueName\":\"search_term_string\"}}],\"inLanguage\":\"es\"},{\"@type\":\"Organization\",\"@id\":\"https:\/\/www.nexoinformativo.mx\/#organization\",\"name\":\"Nexo Informativo Santiago de Quer\u00e9taro\",\"url\":\"https:\/\/www.nexoinformativo.mx\/\",\"logo\":{\"@type\":\"ImageObject\",\"inLanguage\":\"es\",\"@id\":\"https:\/\/www.nexoinformativo.mx\/#\/schema\/logo\/image\/\",\"url\":\"https:\/\/www.nexoinformativo.mx\/wp-content\/uploads\/2024\/07\/nexoi-trasparente-2.png\",\"contentUrl\":\"https:\/\/www.nexoinformativo.mx\/wp-content\/uploads\/2024\/07\/nexoi-trasparente-2.png\",\"width\":816,\"height\":339,\"caption\":\"Nexo Informativo Santiago de Quer\u00e9taro\"},\"image\":{\"@id\":\"https:\/\/www.nexoinformativo.mx\/#\/schema\/logo\/image\/\"},\"sameAs\":[\"https:\/\/www.facebook.com\/people\/Nexo-Informativo\/61564066885511\/\"]},{\"@type\":\"Person\",\"@id\":\"https:\/\/www.nexoinformativo.mx\/#\/schema\/person\/7749d380ba08c8ca00d7bc76fd907b7d\",\"name\":\"Nexo Informativo\",\"image\":{\"@type\":\"ImageObject\",\"inLanguage\":\"es\",\"@id\":\"https:\/\/www.nexoinformativo.mx\/#\/schema\/person\/image\/\",\"url\":\"https:\/\/secure.gravatar.com\/avatar\/dde2928154642a13d95f87ddf1ea9718fe2b46760a005c53e41ff5ad610704e6?s=96&d=mm&r=g\",\"contentUrl\":\"https:\/\/secure.gravatar.com\/avatar\/dde2928154642a13d95f87ddf1ea9718fe2b46760a005c53e41ff5ad610704e6?s=96&d=mm&r=g\",\"caption\":\"Nexo Informativo\"},\"url\":\"https:\/\/www.nexoinformativo.mx\/index.php\/author\/edicion\/\"}]}<\/script>\n<!-- \/ Yoast SEO plugin. -->","yoast_head_json":{"title":"Secretar\u00eda de las Mujeres y Fiscal\u00eda trabajan juntos para combatir la violencia de g\u00e9nero | Nexo Informativo Santiago de Quer\u00e9taro","description":"Secretar\u00eda de las Mujeres y Fiscal\u00eda trabajan juntos para combatir la violencia de g\u00e9nero","robots":{"index":"index","follow":"follow","max-snippet":"max-snippet:-1","max-image-preview":"max-image-preview:large","max-video-preview":"max-video-preview:-1"},"canonical":"https:\/\/www.nexoinformativo.mx\/index.php\/2025\/01\/20\/secretaria-de-las-mujeres-y-fiscalia-trabajan-juntos-para-combatir-la-violencia-de-genero\/","og_locale":"es_MX","og_type":"article","og_title":"Secretar\u00eda de las Mujeres y Fiscal\u00eda trabajan juntos para combatir la violencia de g\u00e9nero | Nexo Informativo Santiago de Quer\u00e9taro","og_description":"Secretar\u00eda de las Mujeres y Fiscal\u00eda trabajan juntos para combatir la violencia de g\u00e9nero","og_url":"https:\/\/www.nexoinformativo.mx\/index.php\/2025\/01\/20\/secretaria-de-las-mujeres-y-fiscalia-trabajan-juntos-para-combatir-la-violencia-de-genero\/","og_site_name":"Nexo Informativo Santiago de Quer\u00e9taro","article_publisher":"https:\/\/www.facebook.com\/people\/Nexo-Informativo\/61564066885511\/","article_published_time":"2025-01-20T15:00:17+00:00","article_modified_time":"2025-01-20T15:59:23+00:00","og_image":[{"width":800,"height":533,"url":"https:\/\/www.nexoinformativo.mx\/wp-content\/uploads\/2025\/01\/PHOTO-2025-01-20-08-44-51-e1737388700946.jpg","type":"image\/jpeg"}],"author":"Nexo Informativo","twitter_card":"summary_large_image","twitter_misc":{"Escrito por":"Nexo Informativo","Tiempo de lectura":"2 minutos"},"schema":{"@context":"https:\/\/schema.org","@graph":[{"@type":"Article","@id":"https:\/\/www.nexoinformativo.mx\/index.php\/2025\/01\/20\/secretaria-de-las-mujeres-y-fiscalia-trabajan-juntos-para-combatir-la-violencia-de-genero\/#article","isPartOf":{"@id":"https:\/\/www.nexoinformativo.mx\/index.php\/2025\/01\/20\/secretaria-de-las-mujeres-y-fiscalia-trabajan-juntos-para-combatir-la-violencia-de-genero\/"},"author":{"name":"Nexo Informativo","@id":"https:\/\/www.nexoinformativo.mx\/#\/schema\/person\/7749d380ba08c8ca00d7bc76fd907b7d"},"headline":"Secretar\u00eda de las Mujeres y Fiscal\u00eda trabajan juntos para combatir la violencia de g\u00e9nero","datePublished":"2025-01-20T15:00:17+00:00","dateModified":"2025-01-20T15:59:23+00:00","mainEntityOfPage":{"@id":"https:\/\/www.nexoinformativo.mx\/index.php\/2025\/01\/20\/secretaria-de-las-mujeres-y-fiscalia-trabajan-juntos-para-combatir-la-violencia-de-genero\/"},"wordCount":281,"commentCount":0,"publisher":{"@id":"https:\/\/www.nexoinformativo.mx\/#organization"},"image":{"@id":"https:\/\/www.nexoinformativo.mx\/index.php\/2025\/01\/20\/secretaria-de-las-mujeres-y-fiscalia-trabajan-juntos-para-combatir-la-violencia-de-genero\/#primaryimage"},"thumbnailUrl":"https:\/\/www.nexoinformativo.mx\/wp-content\/uploads\/2025\/01\/PHOTO-2025-01-20-08-44-51-e1737388700946.jpg","keywords":["Justicia","Mujeres","Quer\u00e9taro","ViolenciaDeG\u00e9nero"],"articleSection":["Estado","\u00daltima Hora"],"inLanguage":"es","potentialAction":[{"@type":"CommentAction","name":"Comment","target":["https:\/\/www.nexoinformativo.mx\/index.php\/2025\/01\/20\/secretaria-de-las-mujeres-y-fiscalia-trabajan-juntos-para-combatir-la-violencia-de-genero\/#respond"]}]},{"@type":"WebPage","@id":"https:\/\/www.nexoinformativo.mx\/index.php\/2025\/01\/20\/secretaria-de-las-mujeres-y-fiscalia-trabajan-juntos-para-combatir-la-violencia-de-genero\/","url":"https:\/\/www.nexoinformativo.mx\/index.php\/2025\/01\/20\/secretaria-de-las-mujeres-y-fiscalia-trabajan-juntos-para-combatir-la-violencia-de-genero\/","name":"Secretar\u00eda de las Mujeres y Fiscal\u00eda trabajan juntos para combatir la violencia de g\u00e9nero | Nexo Informativo Santiago de Quer\u00e9taro","isPartOf":{"@id":"https:\/\/www.nexoinformativo.mx\/#website"},"primaryImageOfPage":{"@id":"https:\/\/www.nexoinformativo.mx\/index.php\/2025\/01\/20\/secretaria-de-las-mujeres-y-fiscalia-trabajan-juntos-para-combatir-la-violencia-de-genero\/#primaryimage"},"image":{"@id":"https:\/\/www.nexoinformativo.mx\/index.php\/2025\/01\/20\/secretaria-de-las-mujeres-y-fiscalia-trabajan-juntos-para-combatir-la-violencia-de-genero\/#primaryimage"},"thumbnailUrl":"https:\/\/www.nexoinformativo.mx\/wp-content\/uploads\/2025\/01\/PHOTO-2025-01-20-08-44-51-e1737388700946.jpg","datePublished":"2025-01-20T15:00:17+00:00","dateModified":"2025-01-20T15:59:23+00:00","description":"Secretar\u00eda de las Mujeres y Fiscal\u00eda trabajan juntos para combatir la violencia de g\u00e9nero","breadcrumb":{"@id":"https:\/\/www.nexoinformativo.mx\/index.php\/2025\/01\/20\/secretaria-de-las-mujeres-y-fiscalia-trabajan-juntos-para-combatir-la-violencia-de-genero\/#breadcrumb"},"inLanguage":"es","potentialAction":[{"@type":"ReadAction","target":["https:\/\/www.nexoinformativo.mx\/index.php\/2025\/01\/20\/secretaria-de-las-mujeres-y-fiscalia-trabajan-juntos-para-combatir-la-violencia-de-genero\/"]}]},{"@type":"ImageObject","inLanguage":"es","@id":"https:\/\/www.nexoinformativo.mx\/index.php\/2025\/01\/20\/secretaria-de-las-mujeres-y-fiscalia-trabajan-juntos-para-combatir-la-violencia-de-genero\/#primaryimage","url":"https:\/\/www.nexoinformativo.mx\/wp-content\/uploads\/2025\/01\/PHOTO-2025-01-20-08-44-51-e1737388700946.jpg","contentUrl":"https:\/\/www.nexoinformativo.mx\/wp-content\/uploads\/2025\/01\/PHOTO-2025-01-20-08-44-51-e1737388700946.jpg","width":800,"height":533},{"@type":"BreadcrumbList","@id":"https:\/\/www.nexoinformativo.mx\/index.php\/2025\/01\/20\/secretaria-de-las-mujeres-y-fiscalia-trabajan-juntos-para-combatir-la-violencia-de-genero\/#breadcrumb","itemListElement":[{"@type":"ListItem","position":1,"name":"Inicio","item":"https:\/\/www.nexoinformativo.mx\/"},{"@type":"ListItem","position":2,"name":"Secretar\u00eda de las Mujeres y Fiscal\u00eda trabajan juntos para combatir la violencia de g\u00e9nero"}]},{"@type":"WebSite","@id":"https:\/\/www.nexoinformativo.mx\/#website","url":"https:\/\/www.nexoinformativo.mx\/","name":"Nexo Informativo Santiago de Quer\u00e9taro","description":"Explora NexoInformativo y convi\u00e9rtete en parte de una comunidad que valora el conocimiento y la verdad. Tu nexoinformativo es tu puente hacia una comprensi\u00f3n m\u00e1s profunda del mundo que te rodea.","publisher":{"@id":"https:\/\/www.nexoinformativo.mx\/#organization"},"potentialAction":[{"@type":"SearchAction","target":{"@type":"EntryPoint","urlTemplate":"https:\/\/www.nexoinformativo.mx\/?s={search_term_string}"},"query-input":{"@type":"PropertyValueSpecification","valueRequired":true,"valueName":"search_term_string"}}],"inLanguage":"es"},{"@type":"Organization","@id":"https:\/\/www.nexoinformativo.mx\/#organization","name":"Nexo Informativo Santiago de Quer\u00e9taro","url":"https:\/\/www.nexoinformativo.mx\/","logo":{"@type":"ImageObject","inLanguage":"es","@id":"https:\/\/www.nexoinformativo.mx\/#\/schema\/logo\/image\/","url":"https:\/\/www.nexoinformativo.mx\/wp-content\/uploads\/2024\/07\/nexoi-trasparente-2.png","contentUrl":"https:\/\/www.nexoinformativo.mx\/wp-content\/uploads\/2024\/07\/nexoi-trasparente-2.png","width":816,"height":339,"caption":"Nexo Informativo Santiago de Quer\u00e9taro"},"image":{"@id":"https:\/\/www.nexoinformativo.mx\/#\/schema\/logo\/image\/"},"sameAs":["https:\/\/www.facebook.com\/people\/Nexo-Informativo\/61564066885511\/"]},{"@type":"Person","@id":"https:\/\/www.nexoinformativo.mx\/#\/schema\/person\/7749d380ba08c8ca00d7bc76fd907b7d","name":"Nexo Informativo","image":{"@type":"ImageObject","inLanguage":"es","@id":"https:\/\/www.nexoinformativo.mx\/#\/schema\/person\/image\/","url":"https:\/\/secure.gravatar.com\/avatar\/dde2928154642a13d95f87ddf1ea9718fe2b46760a005c53e41ff5ad610704e6?s=96&d=mm&r=g","contentUrl":"https:\/\/secure.gravatar.com\/avatar\/dde2928154642a13d95f87ddf1ea9718fe2b46760a005c53e41ff5ad610704e6?s=96&d=mm&r=g","caption":"Nexo Informativo"},"url":"https:\/\/www.nexoinformativo.mx\/index.php\/author\/edicion\/"}]}},"_links":{"self":[{"href":"https:\/\/www.nexoinformativo.mx\/index.php\/wp-json\/wp\/v2\/posts\/10240","targetHints":{"allow":["GET"]}}],"collection":[{"href":"https:\/\/www.nexoinformativo.mx\/index.php\/wp-json\/wp\/v2\/posts"}],"about":[{"href":"https:\/\/www.nexoinformativo.mx\/index.php\/wp-json\/wp\/v2\/types\/post"}],"author":[{"embeddable":true,"href":"https:\/\/www.nexoinformativo.mx\/index.php\/wp-json\/wp\/v2\/users\/3"}],"replies":[{"embeddable":true,"href":"https:\/\/www.nexoinformativo.mx\/index.php\/wp-json\/wp\/v2\/comments?post=10240"}],"version-history":[{"count":4,"href":"https:\/\/www.nexoinformativo.mx\/index.php\/wp-json\/wp\/v2\/posts\/10240\/revisions"}],"predecessor-version":[{"id":10244,"href":"https:\/\/www.nexoinformativo.mx\/index.php\/wp-json\/wp\/v2\/posts\/10240\/revisions\/10244"}],"wp:featuredmedia":[{"embeddable":true,"href":"https:\/\/www.nexoinformativo.mx\/index.php\/wp-json\/wp\/v2\/media\/10241"}],"wp:attachment":[{"href":"https:\/\/www.nexoinformativo.mx\/index.php\/wp-json\/wp\/v2\/media?parent=10240"}],"wp:term":[{"taxonomy":"category","embeddable":true,"href":"https:\/\/www.nexoinformativo.mx\/index.php\/wp-json\/wp\/v2\/categories?post=10240"},{"taxonomy":"post_tag","embeddable":true,"href":"https:\/\/www.nexoinformativo.mx\/index.php\/wp-json\/wp\/v2\/tags?post=10240"}],"curies":[{"name":"wp","href":"https:\/\/api.w.org\/{rel}","templated":true}]}}