{"id":10253,"date":"2025-01-20T10:00:08","date_gmt":"2025-01-20T16:00:08","guid":{"rendered":"https:\/\/www.nexoinformativo.mx\/?p=10253"},"modified":"2025-01-20T10:17:57","modified_gmt":"2025-01-20T16:17:57","slug":"segunda-carrera-con-causa-2025-en-san-juan-del-rio-para-otorgar-vestimenta-y-calzado-a-ninos-en-situacion-vulnerable","status":"publish","type":"post","link":"https:\/\/www.nexoinformativo.mx\/index.php\/2025\/01\/20\/segunda-carrera-con-causa-2025-en-san-juan-del-rio-para-otorgar-vestimenta-y-calzado-a-ninos-en-situacion-vulnerable\/","title":{"rendered":"Segunda Carrera con Causa 2025 en San Juan del R\u00edo para otorgar vestimenta y calzado a ni\u00f1os en situaci\u00f3n vulnerable"},"content":{"rendered":"<p style=\"text-align: justify;\" data-sourcepos=\"11:1-11:365\">La segunda edici\u00f3n de la <strong>&#8220;Carrera con Causa 2025&#8221;<\/strong> fue todo un \u00e9xito, reuniendo a cientos de corredores con el objetivo de promover el deporte y ayudar a ni\u00f1os en situaci\u00f3n de vulnerabilidad.<\/p>\n<p>&nbsp;<\/p>\n<p style=\"text-align: justify;\" data-sourcepos=\"11:1-11:365\">El evento, organizado por la Red de Centros de Rehabilitaci\u00f3n y la Escuela de Box Espartanos, se llev\u00f3 a cabo en la avenida Paso de los Guzm\u00e1n.<\/p>\n<p>&nbsp;<\/p>\n<p style=\"text-align: justify;\" data-sourcepos=\"13:1-13:231\">Con un ambiente festivo y solidario, los participantes disfrutaron de una ma\u00f1ana llena de actividad f\u00edsica y conciencia social. Los corredores compitieron en distancias de 5 y 10 kil\u00f3metros, demostrando su compromiso con la causa.<\/p>\n<p>&nbsp;<\/p>\n<p style=\"text-align: justify;\" data-sourcepos=\"15:1-15:206\">Los fondos recaudados durante la carrera ser\u00e1n destinados a la compra de ropa y calzado para ni\u00f1os en situaci\u00f3n de calle. Adem\u00e1s, el evento promovi\u00f3 h\u00e1bitos saludables y foment\u00f3 la uni\u00f3n entre la comunidad.<\/p>\n<p>&nbsp;<\/p>\n<p style=\"text-align: justify;\" data-sourcepos=\"17:1-17:162\">El evento cont\u00f3 con la participaci\u00f3n de autoridades municipales, quienes destacaron la importancia de este tipo de iniciativas que combinan deporte y solidaridad.<\/p>\n<p>&nbsp;<\/p>\n<p style=\"text-align: center;\" data-sourcepos=\"17:1-17:162\"><em><strong>\u00a1Informaci\u00f3n que transforma!<\/strong><\/em><\/p>\n","protected":false},"excerpt":{"rendered":"<p>La segunda edici\u00f3n de la &#8220;Carrera con Causa 2025&#8221; fue todo un \u00e9xito, reuniendo a cientos de corredores con el objetivo de promover el deporte y ayudar a ni\u00f1os en situaci\u00f3n de vulnerabilidad.<\/p>\n","protected":false},"author":3,"featured_media":10256,"comment_status":"open","ping_status":"open","sticky":false,"template":"","format":"standard","meta":{"footnotes":""},"categories":[65,58],"tags":[3164,1658,382,1599],"class_list":["post-10253","post","type-post","status-publish","format-standard","has-post-thumbnail","hentry","category-municipios","category-ultima-hora","tag-carreraconcausa","tag-deporte","tag-sanjuandelrio","tag-solidaridad"],"yoast_head":"<!-- This site is optimized with the Yoast SEO plugin v25.0 - https:\/\/yoast.com\/wordpress\/plugins\/seo\/ -->\n<title>Segunda Carrera con Causa 2025 en San Juan del R\u00edo para otorgar vestimenta y calzado a ni\u00f1os en situaci\u00f3n vulnerable | Nexo Informativo Santiago de Quer\u00e9taro<\/title>\n<meta name=\"description\" content=\"Carrera con Causa 2025 en San Juan del R\u00edo para otorgar vestimenta y calzado a ni\u00f1os en situaci\u00f3n vulnerable\" \/>\n<meta name=\"robots\" content=\"index, follow, max-snippet:-1, max-image-preview:large, max-video-preview:-1\" \/>\n<link rel=\"canonical\" href=\"https:\/\/www.nexoinformativo.mx\/index.php\/2025\/01\/20\/segunda-carrera-con-causa-2025-en-san-juan-del-rio-para-otorgar-vestimenta-y-calzado-a-ninos-en-situacion-vulnerable\/\" \/>\n<meta property=\"og:locale\" content=\"es_MX\" \/>\n<meta property=\"og:type\" content=\"article\" \/>\n<meta property=\"og:title\" content=\"Segunda Carrera con Causa 2025 en San Juan del R\u00edo para otorgar vestimenta y calzado a ni\u00f1os en situaci\u00f3n vulnerable | Nexo Informativo Santiago de Quer\u00e9taro\" \/>\n<meta property=\"og:description\" content=\"Carrera con Causa 2025 en San Juan del R\u00edo para otorgar vestimenta y calzado a ni\u00f1os en situaci\u00f3n vulnerable\" \/>\n<meta property=\"og:url\" content=\"https:\/\/www.nexoinformativo.mx\/index.php\/2025\/01\/20\/segunda-carrera-con-causa-2025-en-san-juan-del-rio-para-otorgar-vestimenta-y-calzado-a-ninos-en-situacion-vulnerable\/\" \/>\n<meta property=\"og:site_name\" content=\"Nexo Informativo Santiago de Quer\u00e9taro\" \/>\n<meta property=\"article:publisher\" content=\"https:\/\/www.facebook.com\/people\/Nexo-Informativo\/61564066885511\/\" \/>\n<meta property=\"article:published_time\" content=\"2025-01-20T16:00:08+00:00\" \/>\n<meta property=\"article:modified_time\" content=\"2025-01-20T16:17:57+00:00\" \/>\n<meta property=\"og:image\" content=\"https:\/\/www.nexoinformativo.mx\/wp-content\/uploads\/2025\/01\/PHOTO-2025-01-20-09-12-21-e1737389806832.jpg\" \/>\n\t<meta property=\"og:image:width\" content=\"800\" \/>\n\t<meta property=\"og:image:height\" content=\"533\" \/>\n\t<meta property=\"og:image:type\" content=\"image\/jpeg\" \/>\n<meta name=\"author\" content=\"Nexo Informativo\" \/>\n<meta name=\"twitter:card\" content=\"summary_large_image\" \/>\n<meta name=\"twitter:label1\" content=\"Escrito por\" \/>\n\t<meta name=\"twitter:data1\" content=\"Nexo Informativo\" \/>\n\t<meta name=\"twitter:label2\" content=\"Tiempo de lectura\" \/>\n\t<meta name=\"twitter:data2\" content=\"1 minuto\" \/>\n<script type=\"application\/ld+json\" class=\"yoast-schema-graph\">{\"@context\":\"https:\/\/schema.org\",\"@graph\":[{\"@type\":\"Article\",\"@id\":\"https:\/\/www.nexoinformativo.mx\/index.php\/2025\/01\/20\/segunda-carrera-con-causa-2025-en-san-juan-del-rio-para-otorgar-vestimenta-y-calzado-a-ninos-en-situacion-vulnerable\/#article\",\"isPartOf\":{\"@id\":\"https:\/\/www.nexoinformativo.mx\/index.php\/2025\/01\/20\/segunda-carrera-con-causa-2025-en-san-juan-del-rio-para-otorgar-vestimenta-y-calzado-a-ninos-en-situacion-vulnerable\/\"},\"author\":{\"name\":\"Nexo Informativo\",\"@id\":\"https:\/\/www.nexoinformativo.mx\/#\/schema\/person\/7749d380ba08c8ca00d7bc76fd907b7d\"},\"headline\":\"Segunda Carrera con Causa 2025 en San Juan del R\u00edo para otorgar vestimenta y calzado a ni\u00f1os en situaci\u00f3n vulnerable\",\"datePublished\":\"2025-01-20T16:00:08+00:00\",\"dateModified\":\"2025-01-20T16:17:57+00:00\",\"mainEntityOfPage\":{\"@id\":\"https:\/\/www.nexoinformativo.mx\/index.php\/2025\/01\/20\/segunda-carrera-con-causa-2025-en-san-juan-del-rio-para-otorgar-vestimenta-y-calzado-a-ninos-en-situacion-vulnerable\/\"},\"wordCount\":195,\"commentCount\":0,\"publisher\":{\"@id\":\"https:\/\/www.nexoinformativo.mx\/#organization\"},\"image\":{\"@id\":\"https:\/\/www.nexoinformativo.mx\/index.php\/2025\/01\/20\/segunda-carrera-con-causa-2025-en-san-juan-del-rio-para-otorgar-vestimenta-y-calzado-a-ninos-en-situacion-vulnerable\/#primaryimage\"},\"thumbnailUrl\":\"https:\/\/www.nexoinformativo.mx\/wp-content\/uploads\/2025\/01\/PHOTO-2025-01-20-09-12-21-e1737389806832.jpg\",\"keywords\":[\"CarreraConCausa\",\"Deporte\",\"SanJuanDelR\u00edo\",\"Solidaridad\"],\"articleSection\":[\"Municipios\",\"\u00daltima Hora\"],\"inLanguage\":\"es\",\"potentialAction\":[{\"@type\":\"CommentAction\",\"name\":\"Comment\",\"target\":[\"https:\/\/www.nexoinformativo.mx\/index.php\/2025\/01\/20\/segunda-carrera-con-causa-2025-en-san-juan-del-rio-para-otorgar-vestimenta-y-calzado-a-ninos-en-situacion-vulnerable\/#respond\"]}]},{\"@type\":\"WebPage\",\"@id\":\"https:\/\/www.nexoinformativo.mx\/index.php\/2025\/01\/20\/segunda-carrera-con-causa-2025-en-san-juan-del-rio-para-otorgar-vestimenta-y-calzado-a-ninos-en-situacion-vulnerable\/\",\"url\":\"https:\/\/www.nexoinformativo.mx\/index.php\/2025\/01\/20\/segunda-carrera-con-causa-2025-en-san-juan-del-rio-para-otorgar-vestimenta-y-calzado-a-ninos-en-situacion-vulnerable\/\",\"name\":\"Segunda Carrera con Causa 2025 en San Juan del R\u00edo para otorgar vestimenta y calzado a ni\u00f1os en situaci\u00f3n vulnerable | Nexo Informativo Santiago de Quer\u00e9taro\",\"isPartOf\":{\"@id\":\"https:\/\/www.nexoinformativo.mx\/#website\"},\"primaryImageOfPage\":{\"@id\":\"https:\/\/www.nexoinformativo.mx\/index.php\/2025\/01\/20\/segunda-carrera-con-causa-2025-en-san-juan-del-rio-para-otorgar-vestimenta-y-calzado-a-ninos-en-situacion-vulnerable\/#primaryimage\"},\"image\":{\"@id\":\"https:\/\/www.nexoinformativo.mx\/index.php\/2025\/01\/20\/segunda-carrera-con-causa-2025-en-san-juan-del-rio-para-otorgar-vestimenta-y-calzado-a-ninos-en-situacion-vulnerable\/#primaryimage\"},\"thumbnailUrl\":\"https:\/\/www.nexoinformativo.mx\/wp-content\/uploads\/2025\/01\/PHOTO-2025-01-20-09-12-21-e1737389806832.jpg\",\"datePublished\":\"2025-01-20T16:00:08+00:00\",\"dateModified\":\"2025-01-20T16:17:57+00:00\",\"description\":\"Carrera con Causa 2025 en San Juan del R\u00edo para otorgar vestimenta y calzado a ni\u00f1os en situaci\u00f3n vulnerable\",\"breadcrumb\":{\"@id\":\"https:\/\/www.nexoinformativo.mx\/index.php\/2025\/01\/20\/segunda-carrera-con-causa-2025-en-san-juan-del-rio-para-otorgar-vestimenta-y-calzado-a-ninos-en-situacion-vulnerable\/#breadcrumb\"},\"inLanguage\":\"es\",\"potentialAction\":[{\"@type\":\"ReadAction\",\"target\":[\"https:\/\/www.nexoinformativo.mx\/index.php\/2025\/01\/20\/segunda-carrera-con-causa-2025-en-san-juan-del-rio-para-otorgar-vestimenta-y-calzado-a-ninos-en-situacion-vulnerable\/\"]}]},{\"@type\":\"ImageObject\",\"inLanguage\":\"es\",\"@id\":\"https:\/\/www.nexoinformativo.mx\/index.php\/2025\/01\/20\/segunda-carrera-con-causa-2025-en-san-juan-del-rio-para-otorgar-vestimenta-y-calzado-a-ninos-en-situacion-vulnerable\/#primaryimage\",\"url\":\"https:\/\/www.nexoinformativo.mx\/wp-content\/uploads\/2025\/01\/PHOTO-2025-01-20-09-12-21-e1737389806832.jpg\",\"contentUrl\":\"https:\/\/www.nexoinformativo.mx\/wp-content\/uploads\/2025\/01\/PHOTO-2025-01-20-09-12-21-e1737389806832.jpg\",\"width\":800,\"height\":533},{\"@type\":\"BreadcrumbList\",\"@id\":\"https:\/\/www.nexoinformativo.mx\/index.php\/2025\/01\/20\/segunda-carrera-con-causa-2025-en-san-juan-del-rio-para-otorgar-vestimenta-y-calzado-a-ninos-en-situacion-vulnerable\/#breadcrumb\",\"itemListElement\":[{\"@type\":\"ListItem\",\"position\":1,\"name\":\"Inicio\",\"item\":\"https:\/\/www.nexoinformativo.mx\/\"},{\"@type\":\"ListItem\",\"position\":2,\"name\":\"Segunda Carrera con Causa 2025 en San Juan del R\u00edo para otorgar vestimenta y calzado a ni\u00f1os en situaci\u00f3n vulnerable\"}]},{\"@type\":\"WebSite\",\"@id\":\"https:\/\/www.nexoinformativo.mx\/#website\",\"url\":\"https:\/\/www.nexoinformativo.mx\/\",\"name\":\"Nexo Informativo Santiago de Quer\u00e9taro\",\"description\":\"Explora NexoInformativo y convi\u00e9rtete en parte de una comunidad que valora el conocimiento y la verdad. Tu nexoinformativo es tu puente hacia una comprensi\u00f3n m\u00e1s profunda del mundo que te rodea.\",\"publisher\":{\"@id\":\"https:\/\/www.nexoinformativo.mx\/#organization\"},\"potentialAction\":[{\"@type\":\"SearchAction\",\"target\":{\"@type\":\"EntryPoint\",\"urlTemplate\":\"https:\/\/www.nexoinformativo.mx\/?s={search_term_string}\"},\"query-input\":{\"@type\":\"PropertyValueSpecification\",\"valueRequired\":true,\"valueName\":\"search_term_string\"}}],\"inLanguage\":\"es\"},{\"@type\":\"Organization\",\"@id\":\"https:\/\/www.nexoinformativo.mx\/#organization\",\"name\":\"Nexo Informativo Santiago de Quer\u00e9taro\",\"url\":\"https:\/\/www.nexoinformativo.mx\/\",\"logo\":{\"@type\":\"ImageObject\",\"inLanguage\":\"es\",\"@id\":\"https:\/\/www.nexoinformativo.mx\/#\/schema\/logo\/image\/\",\"url\":\"https:\/\/www.nexoinformativo.mx\/wp-content\/uploads\/2024\/07\/nexoi-trasparente-2.png\",\"contentUrl\":\"https:\/\/www.nexoinformativo.mx\/wp-content\/uploads\/2024\/07\/nexoi-trasparente-2.png\",\"width\":816,\"height\":339,\"caption\":\"Nexo Informativo Santiago de Quer\u00e9taro\"},\"image\":{\"@id\":\"https:\/\/www.nexoinformativo.mx\/#\/schema\/logo\/image\/\"},\"sameAs\":[\"https:\/\/www.facebook.com\/people\/Nexo-Informativo\/61564066885511\/\"]},{\"@type\":\"Person\",\"@id\":\"https:\/\/www.nexoinformativo.mx\/#\/schema\/person\/7749d380ba08c8ca00d7bc76fd907b7d\",\"name\":\"Nexo Informativo\",\"image\":{\"@type\":\"ImageObject\",\"inLanguage\":\"es\",\"@id\":\"https:\/\/www.nexoinformativo.mx\/#\/schema\/person\/image\/\",\"url\":\"https:\/\/secure.gravatar.com\/avatar\/dde2928154642a13d95f87ddf1ea9718fe2b46760a005c53e41ff5ad610704e6?s=96&d=mm&r=g\",\"contentUrl\":\"https:\/\/secure.gravatar.com\/avatar\/dde2928154642a13d95f87ddf1ea9718fe2b46760a005c53e41ff5ad610704e6?s=96&d=mm&r=g\",\"caption\":\"Nexo Informativo\"},\"url\":\"https:\/\/www.nexoinformativo.mx\/index.php\/author\/edicion\/\"}]}<\/script>\n<!-- \/ Yoast SEO plugin. -->","yoast_head_json":{"title":"Segunda Carrera con Causa 2025 en San Juan del R\u00edo para otorgar vestimenta y calzado a ni\u00f1os en situaci\u00f3n vulnerable | Nexo Informativo Santiago de Quer\u00e9taro","description":"Carrera con Causa 2025 en San Juan del R\u00edo para otorgar vestimenta y calzado a ni\u00f1os en situaci\u00f3n vulnerable","robots":{"index":"index","follow":"follow","max-snippet":"max-snippet:-1","max-image-preview":"max-image-preview:large","max-video-preview":"max-video-preview:-1"},"canonical":"https:\/\/www.nexoinformativo.mx\/index.php\/2025\/01\/20\/segunda-carrera-con-causa-2025-en-san-juan-del-rio-para-otorgar-vestimenta-y-calzado-a-ninos-en-situacion-vulnerable\/","og_locale":"es_MX","og_type":"article","og_title":"Segunda Carrera con Causa 2025 en San Juan del R\u00edo para otorgar vestimenta y calzado a ni\u00f1os en situaci\u00f3n vulnerable | Nexo Informativo Santiago de Quer\u00e9taro","og_description":"Carrera con Causa 2025 en San Juan del R\u00edo para otorgar vestimenta y calzado a ni\u00f1os en situaci\u00f3n vulnerable","og_url":"https:\/\/www.nexoinformativo.mx\/index.php\/2025\/01\/20\/segunda-carrera-con-causa-2025-en-san-juan-del-rio-para-otorgar-vestimenta-y-calzado-a-ninos-en-situacion-vulnerable\/","og_site_name":"Nexo Informativo Santiago de Quer\u00e9taro","article_publisher":"https:\/\/www.facebook.com\/people\/Nexo-Informativo\/61564066885511\/","article_published_time":"2025-01-20T16:00:08+00:00","article_modified_time":"2025-01-20T16:17:57+00:00","og_image":[{"width":800,"height":533,"url":"https:\/\/www.nexoinformativo.mx\/wp-content\/uploads\/2025\/01\/PHOTO-2025-01-20-09-12-21-e1737389806832.jpg","type":"image\/jpeg"}],"author":"Nexo Informativo","twitter_card":"summary_large_image","twitter_misc":{"Escrito por":"Nexo Informativo","Tiempo de lectura":"1 minuto"},"schema":{"@context":"https:\/\/schema.org","@graph":[{"@type":"Article","@id":"https:\/\/www.nexoinformativo.mx\/index.php\/2025\/01\/20\/segunda-carrera-con-causa-2025-en-san-juan-del-rio-para-otorgar-vestimenta-y-calzado-a-ninos-en-situacion-vulnerable\/#article","isPartOf":{"@id":"https:\/\/www.nexoinformativo.mx\/index.php\/2025\/01\/20\/segunda-carrera-con-causa-2025-en-san-juan-del-rio-para-otorgar-vestimenta-y-calzado-a-ninos-en-situacion-vulnerable\/"},"author":{"name":"Nexo Informativo","@id":"https:\/\/www.nexoinformativo.mx\/#\/schema\/person\/7749d380ba08c8ca00d7bc76fd907b7d"},"headline":"Segunda Carrera con Causa 2025 en San Juan del R\u00edo para otorgar vestimenta y calzado a ni\u00f1os en situaci\u00f3n vulnerable","datePublished":"2025-01-20T16:00:08+00:00","dateModified":"2025-01-20T16:17:57+00:00","mainEntityOfPage":{"@id":"https:\/\/www.nexoinformativo.mx\/index.php\/2025\/01\/20\/segunda-carrera-con-causa-2025-en-san-juan-del-rio-para-otorgar-vestimenta-y-calzado-a-ninos-en-situacion-vulnerable\/"},"wordCount":195,"commentCount":0,"publisher":{"@id":"https:\/\/www.nexoinformativo.mx\/#organization"},"image":{"@id":"https:\/\/www.nexoinformativo.mx\/index.php\/2025\/01\/20\/segunda-carrera-con-causa-2025-en-san-juan-del-rio-para-otorgar-vestimenta-y-calzado-a-ninos-en-situacion-vulnerable\/#primaryimage"},"thumbnailUrl":"https:\/\/www.nexoinformativo.mx\/wp-content\/uploads\/2025\/01\/PHOTO-2025-01-20-09-12-21-e1737389806832.jpg","keywords":["CarreraConCausa","Deporte","SanJuanDelR\u00edo","Solidaridad"],"articleSection":["Municipios","\u00daltima Hora"],"inLanguage":"es","potentialAction":[{"@type":"CommentAction","name":"Comment","target":["https:\/\/www.nexoinformativo.mx\/index.php\/2025\/01\/20\/segunda-carrera-con-causa-2025-en-san-juan-del-rio-para-otorgar-vestimenta-y-calzado-a-ninos-en-situacion-vulnerable\/#respond"]}]},{"@type":"WebPage","@id":"https:\/\/www.nexoinformativo.mx\/index.php\/2025\/01\/20\/segunda-carrera-con-causa-2025-en-san-juan-del-rio-para-otorgar-vestimenta-y-calzado-a-ninos-en-situacion-vulnerable\/","url":"https:\/\/www.nexoinformativo.mx\/index.php\/2025\/01\/20\/segunda-carrera-con-causa-2025-en-san-juan-del-rio-para-otorgar-vestimenta-y-calzado-a-ninos-en-situacion-vulnerable\/","name":"Segunda Carrera con Causa 2025 en San Juan del R\u00edo para otorgar vestimenta y calzado a ni\u00f1os en situaci\u00f3n vulnerable | Nexo Informativo Santiago de Quer\u00e9taro","isPartOf":{"@id":"https:\/\/www.nexoinformativo.mx\/#website"},"primaryImageOfPage":{"@id":"https:\/\/www.nexoinformativo.mx\/index.php\/2025\/01\/20\/segunda-carrera-con-causa-2025-en-san-juan-del-rio-para-otorgar-vestimenta-y-calzado-a-ninos-en-situacion-vulnerable\/#primaryimage"},"image":{"@id":"https:\/\/www.nexoinformativo.mx\/index.php\/2025\/01\/20\/segunda-carrera-con-causa-2025-en-san-juan-del-rio-para-otorgar-vestimenta-y-calzado-a-ninos-en-situacion-vulnerable\/#primaryimage"},"thumbnailUrl":"https:\/\/www.nexoinformativo.mx\/wp-content\/uploads\/2025\/01\/PHOTO-2025-01-20-09-12-21-e1737389806832.jpg","datePublished":"2025-01-20T16:00:08+00:00","dateModified":"2025-01-20T16:17:57+00:00","description":"Carrera con Causa 2025 en San Juan del R\u00edo para otorgar vestimenta y calzado a ni\u00f1os en situaci\u00f3n vulnerable","breadcrumb":{"@id":"https:\/\/www.nexoinformativo.mx\/index.php\/2025\/01\/20\/segunda-carrera-con-causa-2025-en-san-juan-del-rio-para-otorgar-vestimenta-y-calzado-a-ninos-en-situacion-vulnerable\/#breadcrumb"},"inLanguage":"es","potentialAction":[{"@type":"ReadAction","target":["https:\/\/www.nexoinformativo.mx\/index.php\/2025\/01\/20\/segunda-carrera-con-causa-2025-en-san-juan-del-rio-para-otorgar-vestimenta-y-calzado-a-ninos-en-situacion-vulnerable\/"]}]},{"@type":"ImageObject","inLanguage":"es","@id":"https:\/\/www.nexoinformativo.mx\/index.php\/2025\/01\/20\/segunda-carrera-con-causa-2025-en-san-juan-del-rio-para-otorgar-vestimenta-y-calzado-a-ninos-en-situacion-vulnerable\/#primaryimage","url":"https:\/\/www.nexoinformativo.mx\/wp-content\/uploads\/2025\/01\/PHOTO-2025-01-20-09-12-21-e1737389806832.jpg","contentUrl":"https:\/\/www.nexoinformativo.mx\/wp-content\/uploads\/2025\/01\/PHOTO-2025-01-20-09-12-21-e1737389806832.jpg","width":800,"height":533},{"@type":"BreadcrumbList","@id":"https:\/\/www.nexoinformativo.mx\/index.php\/2025\/01\/20\/segunda-carrera-con-causa-2025-en-san-juan-del-rio-para-otorgar-vestimenta-y-calzado-a-ninos-en-situacion-vulnerable\/#breadcrumb","itemListElement":[{"@type":"ListItem","position":1,"name":"Inicio","item":"https:\/\/www.nexoinformativo.mx\/"},{"@type":"ListItem","position":2,"name":"Segunda Carrera con Causa 2025 en San Juan del R\u00edo para otorgar vestimenta y calzado a ni\u00f1os en situaci\u00f3n vulnerable"}]},{"@type":"WebSite","@id":"https:\/\/www.nexoinformativo.mx\/#website","url":"https:\/\/www.nexoinformativo.mx\/","name":"Nexo Informativo Santiago de Quer\u00e9taro","description":"Explora NexoInformativo y convi\u00e9rtete en parte de una comunidad que valora el conocimiento y la verdad. Tu nexoinformativo es tu puente hacia una comprensi\u00f3n m\u00e1s profunda del mundo que te rodea.","publisher":{"@id":"https:\/\/www.nexoinformativo.mx\/#organization"},"potentialAction":[{"@type":"SearchAction","target":{"@type":"EntryPoint","urlTemplate":"https:\/\/www.nexoinformativo.mx\/?s={search_term_string}"},"query-input":{"@type":"PropertyValueSpecification","valueRequired":true,"valueName":"search_term_string"}}],"inLanguage":"es"},{"@type":"Organization","@id":"https:\/\/www.nexoinformativo.mx\/#organization","name":"Nexo Informativo Santiago de Quer\u00e9taro","url":"https:\/\/www.nexoinformativo.mx\/","logo":{"@type":"ImageObject","inLanguage":"es","@id":"https:\/\/www.nexoinformativo.mx\/#\/schema\/logo\/image\/","url":"https:\/\/www.nexoinformativo.mx\/wp-content\/uploads\/2024\/07\/nexoi-trasparente-2.png","contentUrl":"https:\/\/www.nexoinformativo.mx\/wp-content\/uploads\/2024\/07\/nexoi-trasparente-2.png","width":816,"height":339,"caption":"Nexo Informativo Santiago de Quer\u00e9taro"},"image":{"@id":"https:\/\/www.nexoinformativo.mx\/#\/schema\/logo\/image\/"},"sameAs":["https:\/\/www.facebook.com\/people\/Nexo-Informativo\/61564066885511\/"]},{"@type":"Person","@id":"https:\/\/www.nexoinformativo.mx\/#\/schema\/person\/7749d380ba08c8ca00d7bc76fd907b7d","name":"Nexo Informativo","image":{"@type":"ImageObject","inLanguage":"es","@id":"https:\/\/www.nexoinformativo.mx\/#\/schema\/person\/image\/","url":"https:\/\/secure.gravatar.com\/avatar\/dde2928154642a13d95f87ddf1ea9718fe2b46760a005c53e41ff5ad610704e6?s=96&d=mm&r=g","contentUrl":"https:\/\/secure.gravatar.com\/avatar\/dde2928154642a13d95f87ddf1ea9718fe2b46760a005c53e41ff5ad610704e6?s=96&d=mm&r=g","caption":"Nexo Informativo"},"url":"https:\/\/www.nexoinformativo.mx\/index.php\/author\/edicion\/"}]}},"_links":{"self":[{"href":"https:\/\/www.nexoinformativo.mx\/index.php\/wp-json\/wp\/v2\/posts\/10253","targetHints":{"allow":["GET"]}}],"collection":[{"href":"https:\/\/www.nexoinformativo.mx\/index.php\/wp-json\/wp\/v2\/posts"}],"about":[{"href":"https:\/\/www.nexoinformativo.mx\/index.php\/wp-json\/wp\/v2\/types\/post"}],"author":[{"embeddable":true,"href":"https:\/\/www.nexoinformativo.mx\/index.php\/wp-json\/wp\/v2\/users\/3"}],"replies":[{"embeddable":true,"href":"https:\/\/www.nexoinformativo.mx\/index.php\/wp-json\/wp\/v2\/comments?post=10253"}],"version-history":[{"count":4,"href":"https:\/\/www.nexoinformativo.mx\/index.php\/wp-json\/wp\/v2\/posts\/10253\/revisions"}],"predecessor-version":[{"id":10260,"href":"https:\/\/www.nexoinformativo.mx\/index.php\/wp-json\/wp\/v2\/posts\/10253\/revisions\/10260"}],"wp:featuredmedia":[{"embeddable":true,"href":"https:\/\/www.nexoinformativo.mx\/index.php\/wp-json\/wp\/v2\/media\/10256"}],"wp:attachment":[{"href":"https:\/\/www.nexoinformativo.mx\/index.php\/wp-json\/wp\/v2\/media?parent=10253"}],"wp:term":[{"taxonomy":"category","embeddable":true,"href":"https:\/\/www.nexoinformativo.mx\/index.php\/wp-json\/wp\/v2\/categories?post=10253"},{"taxonomy":"post_tag","embeddable":true,"href":"https:\/\/www.nexoinformativo.mx\/index.php\/wp-json\/wp\/v2\/tags?post=10253"}],"curies":[{"name":"wp","href":"https:\/\/api.w.org\/{rel}","templated":true}]}}