{"id":10261,"date":"2025-01-20T10:30:26","date_gmt":"2025-01-20T16:30:26","guid":{"rendered":"https:\/\/www.nexoinformativo.mx\/?p=10261"},"modified":"2025-01-20T13:23:40","modified_gmt":"2025-01-20T19:23:40","slug":"trump-asume-presidencia-como-el-47o-presidente-de-ee-uu-prometiendo-fuerza-ante-crisis","status":"publish","type":"post","link":"https:\/\/www.nexoinformativo.mx\/index.php\/2025\/01\/20\/trump-asume-presidencia-como-el-47o-presidente-de-ee-uu-prometiendo-fuerza-ante-crisis\/","title":{"rendered":"Trump asume Presidencia como el 47\u00ba Presidente de EE.UU. Prometiendo fuerza ante crisis"},"content":{"rendered":"<p style=\"text-align: justify;\">El republicano Donald Trump se convirti\u00f3 este lunes en el presidente n\u00famero 47 de la historia de Estados Unidos.<\/p>\n<\/p>\n<p>&nbsp;<\/p>\n<p style=\"text-align: justify;\">En una simb\u00f3lica ceremonia, Trump jur\u00f3 el cargo ante el presidente de la Corte Suprema, John Roberts, marcando su regreso a la Casa Blanca tras perder la reelecci\u00f3n en 2020 contra Joe Biden.<\/p>\n<p>&nbsp;<\/p>\n<p style=\"text-align: justify;\">En su discurso inaugural, Trump anunci\u00f3 el inicio de una<strong> &#8220;era dorada&#8221;<\/strong> con su segundo mandato. Entre sus primeras medidas, destac\u00f3 la declaraci\u00f3n de emergencia nacional en la frontera con M\u00e9xico y una iniciativa para aumentar las extracciones de gas y petr\u00f3leo.<\/p>\n<p>&nbsp;<\/p>\n<p style=\"text-align: justify;\">A la ceremonia asistieron los expresidentes Joe Biden, Barack Obama, George W. Bush y Bill Clinton, as\u00ed como empresarios destacados como Elon Musk, Tim Cook, Mark Zuckerberg y Jeff Bezos.<\/p>\n<p>&nbsp;<\/p>\n<p style=\"text-align: center;\"><em><strong>\u00a1Informaci\u00f3n que transforma!<\/strong><\/em><\/p>\n","protected":false},"excerpt":{"rendered":"<p>El republicano Donald Trump se convirti\u00f3 este lunes en el presidente n\u00famero 47 de la historia de Estados Unidos. &nbsp; En una simb\u00f3lica ceremonia, Trump jur\u00f3 el cargo ante el presidente de la Corte Suprema, John Roberts, marcando su regreso a la Casa Blanca tras perder la reelecci\u00f3n en 2020 contra Joe Biden. &nbsp; En [&hellip;]<\/p>\n","protected":false},"author":3,"featured_media":10262,"comment_status":"open","ping_status":"open","sticky":false,"template":"","format":"standard","meta":{"footnotes":""},"categories":[21,58],"tags":[3166,1517,2740,3165],"class_list":["post-10261","post","type-post","status-publish","format-standard","has-post-thumbnail","hentry","category-politica","category-ultima-hora","tag-eradorada","tag-estadosunidos","tag-inauguracion","tag-trumppresidente"],"yoast_head":"<!-- This site is optimized with the Yoast SEO plugin v25.0 - https:\/\/yoast.com\/wordpress\/plugins\/seo\/ -->\n<title>Trump asume Presidencia como el 47\u00ba Presidente de EE.UU. Prometiendo fuerza ante crisis | Nexo Informativo Santiago de Quer\u00e9taro<\/title>\n<meta name=\"description\" content=\"Trump asume Presidencia como el 47\u00ba Presidente de EE.UU. Prometiendo fuerza ante crisis\" \/>\n<meta name=\"robots\" content=\"index, follow, max-snippet:-1, max-image-preview:large, max-video-preview:-1\" \/>\n<link rel=\"canonical\" href=\"https:\/\/www.nexoinformativo.mx\/index.php\/2025\/01\/20\/trump-asume-presidencia-como-el-47o-presidente-de-ee-uu-prometiendo-fuerza-ante-crisis\/\" \/>\n<meta property=\"og:locale\" content=\"es_MX\" \/>\n<meta property=\"og:type\" content=\"article\" \/>\n<meta property=\"og:title\" content=\"Trump asume Presidencia como el 47\u00ba Presidente de EE.UU. Prometiendo fuerza ante crisis | Nexo Informativo Santiago de Quer\u00e9taro\" \/>\n<meta property=\"og:description\" content=\"Trump asume Presidencia como el 47\u00ba Presidente de EE.UU. Prometiendo fuerza ante crisis\" \/>\n<meta property=\"og:url\" content=\"https:\/\/www.nexoinformativo.mx\/index.php\/2025\/01\/20\/trump-asume-presidencia-como-el-47o-presidente-de-ee-uu-prometiendo-fuerza-ante-crisis\/\" \/>\n<meta property=\"og:site_name\" content=\"Nexo Informativo Santiago de Quer\u00e9taro\" \/>\n<meta property=\"article:publisher\" content=\"https:\/\/www.facebook.com\/people\/Nexo-Informativo\/61564066885511\/\" \/>\n<meta property=\"article:published_time\" content=\"2025-01-20T16:30:26+00:00\" \/>\n<meta property=\"article:modified_time\" content=\"2025-01-20T19:23:40+00:00\" \/>\n<meta property=\"og:image\" content=\"https:\/\/www.nexoinformativo.mx\/wp-content\/uploads\/2025\/01\/678e931a65e53.r_d.776-204-3968.jpeg\" \/>\n\t<meta property=\"og:image:width\" content=\"756\" \/>\n\t<meta property=\"og:image:height\" content=\"529\" \/>\n\t<meta property=\"og:image:type\" content=\"image\/jpeg\" \/>\n<meta name=\"author\" content=\"Nexo Informativo\" \/>\n<meta name=\"twitter:card\" content=\"summary_large_image\" \/>\n<meta name=\"twitter:label1\" content=\"Escrito por\" \/>\n\t<meta name=\"twitter:data1\" content=\"Nexo Informativo\" \/>\n\t<meta name=\"twitter:label2\" content=\"Tiempo de lectura\" \/>\n\t<meta name=\"twitter:data2\" content=\"1 minuto\" \/>\n<script type=\"application\/ld+json\" class=\"yoast-schema-graph\">{\"@context\":\"https:\/\/schema.org\",\"@graph\":[{\"@type\":\"Article\",\"@id\":\"https:\/\/www.nexoinformativo.mx\/index.php\/2025\/01\/20\/trump-asume-presidencia-como-el-47o-presidente-de-ee-uu-prometiendo-fuerza-ante-crisis\/#article\",\"isPartOf\":{\"@id\":\"https:\/\/www.nexoinformativo.mx\/index.php\/2025\/01\/20\/trump-asume-presidencia-como-el-47o-presidente-de-ee-uu-prometiendo-fuerza-ante-crisis\/\"},\"author\":{\"name\":\"Nexo Informativo\",\"@id\":\"https:\/\/www.nexoinformativo.mx\/#\/schema\/person\/7749d380ba08c8ca00d7bc76fd907b7d\"},\"headline\":\"Trump asume Presidencia como el 47\u00ba Presidente de EE.UU. Prometiendo fuerza ante crisis\",\"datePublished\":\"2025-01-20T16:30:26+00:00\",\"dateModified\":\"2025-01-20T19:23:40+00:00\",\"mainEntityOfPage\":{\"@id\":\"https:\/\/www.nexoinformativo.mx\/index.php\/2025\/01\/20\/trump-asume-presidencia-como-el-47o-presidente-de-ee-uu-prometiendo-fuerza-ante-crisis\/\"},\"wordCount\":149,\"commentCount\":0,\"publisher\":{\"@id\":\"https:\/\/www.nexoinformativo.mx\/#organization\"},\"image\":{\"@id\":\"https:\/\/www.nexoinformativo.mx\/index.php\/2025\/01\/20\/trump-asume-presidencia-como-el-47o-presidente-de-ee-uu-prometiendo-fuerza-ante-crisis\/#primaryimage\"},\"thumbnailUrl\":\"https:\/\/www.nexoinformativo.mx\/wp-content\/uploads\/2025\/01\/678e931a65e53.r_d.776-204-3968.jpeg\",\"keywords\":[\"EraDorada\",\"EstadosUnidos\",\"Inauguraci\u00f3n\",\"TrumpPresidente\"],\"articleSection\":[\"Pol\u00edtica\",\"\u00daltima Hora\"],\"inLanguage\":\"es\",\"potentialAction\":[{\"@type\":\"CommentAction\",\"name\":\"Comment\",\"target\":[\"https:\/\/www.nexoinformativo.mx\/index.php\/2025\/01\/20\/trump-asume-presidencia-como-el-47o-presidente-de-ee-uu-prometiendo-fuerza-ante-crisis\/#respond\"]}]},{\"@type\":\"WebPage\",\"@id\":\"https:\/\/www.nexoinformativo.mx\/index.php\/2025\/01\/20\/trump-asume-presidencia-como-el-47o-presidente-de-ee-uu-prometiendo-fuerza-ante-crisis\/\",\"url\":\"https:\/\/www.nexoinformativo.mx\/index.php\/2025\/01\/20\/trump-asume-presidencia-como-el-47o-presidente-de-ee-uu-prometiendo-fuerza-ante-crisis\/\",\"name\":\"Trump asume Presidencia como el 47\u00ba Presidente de EE.UU. Prometiendo fuerza ante crisis | Nexo Informativo Santiago de Quer\u00e9taro\",\"isPartOf\":{\"@id\":\"https:\/\/www.nexoinformativo.mx\/#website\"},\"primaryImageOfPage\":{\"@id\":\"https:\/\/www.nexoinformativo.mx\/index.php\/2025\/01\/20\/trump-asume-presidencia-como-el-47o-presidente-de-ee-uu-prometiendo-fuerza-ante-crisis\/#primaryimage\"},\"image\":{\"@id\":\"https:\/\/www.nexoinformativo.mx\/index.php\/2025\/01\/20\/trump-asume-presidencia-como-el-47o-presidente-de-ee-uu-prometiendo-fuerza-ante-crisis\/#primaryimage\"},\"thumbnailUrl\":\"https:\/\/www.nexoinformativo.mx\/wp-content\/uploads\/2025\/01\/678e931a65e53.r_d.776-204-3968.jpeg\",\"datePublished\":\"2025-01-20T16:30:26+00:00\",\"dateModified\":\"2025-01-20T19:23:40+00:00\",\"description\":\"Trump asume Presidencia como el 47\u00ba Presidente de EE.UU. Prometiendo fuerza ante crisis\",\"breadcrumb\":{\"@id\":\"https:\/\/www.nexoinformativo.mx\/index.php\/2025\/01\/20\/trump-asume-presidencia-como-el-47o-presidente-de-ee-uu-prometiendo-fuerza-ante-crisis\/#breadcrumb\"},\"inLanguage\":\"es\",\"potentialAction\":[{\"@type\":\"ReadAction\",\"target\":[\"https:\/\/www.nexoinformativo.mx\/index.php\/2025\/01\/20\/trump-asume-presidencia-como-el-47o-presidente-de-ee-uu-prometiendo-fuerza-ante-crisis\/\"]}]},{\"@type\":\"ImageObject\",\"inLanguage\":\"es\",\"@id\":\"https:\/\/www.nexoinformativo.mx\/index.php\/2025\/01\/20\/trump-asume-presidencia-como-el-47o-presidente-de-ee-uu-prometiendo-fuerza-ante-crisis\/#primaryimage\",\"url\":\"https:\/\/www.nexoinformativo.mx\/wp-content\/uploads\/2025\/01\/678e931a65e53.r_d.776-204-3968.jpeg\",\"contentUrl\":\"https:\/\/www.nexoinformativo.mx\/wp-content\/uploads\/2025\/01\/678e931a65e53.r_d.776-204-3968.jpeg\",\"width\":756,\"height\":529},{\"@type\":\"BreadcrumbList\",\"@id\":\"https:\/\/www.nexoinformativo.mx\/index.php\/2025\/01\/20\/trump-asume-presidencia-como-el-47o-presidente-de-ee-uu-prometiendo-fuerza-ante-crisis\/#breadcrumb\",\"itemListElement\":[{\"@type\":\"ListItem\",\"position\":1,\"name\":\"Inicio\",\"item\":\"https:\/\/www.nexoinformativo.mx\/\"},{\"@type\":\"ListItem\",\"position\":2,\"name\":\"Trump asume Presidencia como el 47\u00ba Presidente de EE.UU. Prometiendo fuerza ante crisis\"}]},{\"@type\":\"WebSite\",\"@id\":\"https:\/\/www.nexoinformativo.mx\/#website\",\"url\":\"https:\/\/www.nexoinformativo.mx\/\",\"name\":\"Nexo Informativo Santiago de Quer\u00e9taro\",\"description\":\"Explora NexoInformativo y convi\u00e9rtete en parte de una comunidad que valora el conocimiento y la verdad. Tu nexoinformativo es tu puente hacia una comprensi\u00f3n m\u00e1s profunda del mundo que te rodea.\",\"publisher\":{\"@id\":\"https:\/\/www.nexoinformativo.mx\/#organization\"},\"potentialAction\":[{\"@type\":\"SearchAction\",\"target\":{\"@type\":\"EntryPoint\",\"urlTemplate\":\"https:\/\/www.nexoinformativo.mx\/?s={search_term_string}\"},\"query-input\":{\"@type\":\"PropertyValueSpecification\",\"valueRequired\":true,\"valueName\":\"search_term_string\"}}],\"inLanguage\":\"es\"},{\"@type\":\"Organization\",\"@id\":\"https:\/\/www.nexoinformativo.mx\/#organization\",\"name\":\"Nexo Informativo Santiago de Quer\u00e9taro\",\"url\":\"https:\/\/www.nexoinformativo.mx\/\",\"logo\":{\"@type\":\"ImageObject\",\"inLanguage\":\"es\",\"@id\":\"https:\/\/www.nexoinformativo.mx\/#\/schema\/logo\/image\/\",\"url\":\"https:\/\/www.nexoinformativo.mx\/wp-content\/uploads\/2024\/07\/nexoi-trasparente-2.png\",\"contentUrl\":\"https:\/\/www.nexoinformativo.mx\/wp-content\/uploads\/2024\/07\/nexoi-trasparente-2.png\",\"width\":816,\"height\":339,\"caption\":\"Nexo Informativo Santiago de Quer\u00e9taro\"},\"image\":{\"@id\":\"https:\/\/www.nexoinformativo.mx\/#\/schema\/logo\/image\/\"},\"sameAs\":[\"https:\/\/www.facebook.com\/people\/Nexo-Informativo\/61564066885511\/\"]},{\"@type\":\"Person\",\"@id\":\"https:\/\/www.nexoinformativo.mx\/#\/schema\/person\/7749d380ba08c8ca00d7bc76fd907b7d\",\"name\":\"Nexo Informativo\",\"image\":{\"@type\":\"ImageObject\",\"inLanguage\":\"es\",\"@id\":\"https:\/\/www.nexoinformativo.mx\/#\/schema\/person\/image\/\",\"url\":\"https:\/\/secure.gravatar.com\/avatar\/dde2928154642a13d95f87ddf1ea9718fe2b46760a005c53e41ff5ad610704e6?s=96&d=mm&r=g\",\"contentUrl\":\"https:\/\/secure.gravatar.com\/avatar\/dde2928154642a13d95f87ddf1ea9718fe2b46760a005c53e41ff5ad610704e6?s=96&d=mm&r=g\",\"caption\":\"Nexo Informativo\"},\"url\":\"https:\/\/www.nexoinformativo.mx\/index.php\/author\/edicion\/\"}]}<\/script>\n<!-- \/ Yoast SEO plugin. -->","yoast_head_json":{"title":"Trump asume Presidencia como el 47\u00ba Presidente de EE.UU. Prometiendo fuerza ante crisis | Nexo Informativo Santiago de Quer\u00e9taro","description":"Trump asume Presidencia como el 47\u00ba Presidente de EE.UU. Prometiendo fuerza ante crisis","robots":{"index":"index","follow":"follow","max-snippet":"max-snippet:-1","max-image-preview":"max-image-preview:large","max-video-preview":"max-video-preview:-1"},"canonical":"https:\/\/www.nexoinformativo.mx\/index.php\/2025\/01\/20\/trump-asume-presidencia-como-el-47o-presidente-de-ee-uu-prometiendo-fuerza-ante-crisis\/","og_locale":"es_MX","og_type":"article","og_title":"Trump asume Presidencia como el 47\u00ba Presidente de EE.UU. Prometiendo fuerza ante crisis | Nexo Informativo Santiago de Quer\u00e9taro","og_description":"Trump asume Presidencia como el 47\u00ba Presidente de EE.UU. Prometiendo fuerza ante crisis","og_url":"https:\/\/www.nexoinformativo.mx\/index.php\/2025\/01\/20\/trump-asume-presidencia-como-el-47o-presidente-de-ee-uu-prometiendo-fuerza-ante-crisis\/","og_site_name":"Nexo Informativo Santiago de Quer\u00e9taro","article_publisher":"https:\/\/www.facebook.com\/people\/Nexo-Informativo\/61564066885511\/","article_published_time":"2025-01-20T16:30:26+00:00","article_modified_time":"2025-01-20T19:23:40+00:00","og_image":[{"width":756,"height":529,"url":"https:\/\/www.nexoinformativo.mx\/wp-content\/uploads\/2025\/01\/678e931a65e53.r_d.776-204-3968.jpeg","type":"image\/jpeg"}],"author":"Nexo Informativo","twitter_card":"summary_large_image","twitter_misc":{"Escrito por":"Nexo Informativo","Tiempo de lectura":"1 minuto"},"schema":{"@context":"https:\/\/schema.org","@graph":[{"@type":"Article","@id":"https:\/\/www.nexoinformativo.mx\/index.php\/2025\/01\/20\/trump-asume-presidencia-como-el-47o-presidente-de-ee-uu-prometiendo-fuerza-ante-crisis\/#article","isPartOf":{"@id":"https:\/\/www.nexoinformativo.mx\/index.php\/2025\/01\/20\/trump-asume-presidencia-como-el-47o-presidente-de-ee-uu-prometiendo-fuerza-ante-crisis\/"},"author":{"name":"Nexo Informativo","@id":"https:\/\/www.nexoinformativo.mx\/#\/schema\/person\/7749d380ba08c8ca00d7bc76fd907b7d"},"headline":"Trump asume Presidencia como el 47\u00ba Presidente de EE.UU. Prometiendo fuerza ante crisis","datePublished":"2025-01-20T16:30:26+00:00","dateModified":"2025-01-20T19:23:40+00:00","mainEntityOfPage":{"@id":"https:\/\/www.nexoinformativo.mx\/index.php\/2025\/01\/20\/trump-asume-presidencia-como-el-47o-presidente-de-ee-uu-prometiendo-fuerza-ante-crisis\/"},"wordCount":149,"commentCount":0,"publisher":{"@id":"https:\/\/www.nexoinformativo.mx\/#organization"},"image":{"@id":"https:\/\/www.nexoinformativo.mx\/index.php\/2025\/01\/20\/trump-asume-presidencia-como-el-47o-presidente-de-ee-uu-prometiendo-fuerza-ante-crisis\/#primaryimage"},"thumbnailUrl":"https:\/\/www.nexoinformativo.mx\/wp-content\/uploads\/2025\/01\/678e931a65e53.r_d.776-204-3968.jpeg","keywords":["EraDorada","EstadosUnidos","Inauguraci\u00f3n","TrumpPresidente"],"articleSection":["Pol\u00edtica","\u00daltima Hora"],"inLanguage":"es","potentialAction":[{"@type":"CommentAction","name":"Comment","target":["https:\/\/www.nexoinformativo.mx\/index.php\/2025\/01\/20\/trump-asume-presidencia-como-el-47o-presidente-de-ee-uu-prometiendo-fuerza-ante-crisis\/#respond"]}]},{"@type":"WebPage","@id":"https:\/\/www.nexoinformativo.mx\/index.php\/2025\/01\/20\/trump-asume-presidencia-como-el-47o-presidente-de-ee-uu-prometiendo-fuerza-ante-crisis\/","url":"https:\/\/www.nexoinformativo.mx\/index.php\/2025\/01\/20\/trump-asume-presidencia-como-el-47o-presidente-de-ee-uu-prometiendo-fuerza-ante-crisis\/","name":"Trump asume Presidencia como el 47\u00ba Presidente de EE.UU. Prometiendo fuerza ante crisis | Nexo Informativo Santiago de Quer\u00e9taro","isPartOf":{"@id":"https:\/\/www.nexoinformativo.mx\/#website"},"primaryImageOfPage":{"@id":"https:\/\/www.nexoinformativo.mx\/index.php\/2025\/01\/20\/trump-asume-presidencia-como-el-47o-presidente-de-ee-uu-prometiendo-fuerza-ante-crisis\/#primaryimage"},"image":{"@id":"https:\/\/www.nexoinformativo.mx\/index.php\/2025\/01\/20\/trump-asume-presidencia-como-el-47o-presidente-de-ee-uu-prometiendo-fuerza-ante-crisis\/#primaryimage"},"thumbnailUrl":"https:\/\/www.nexoinformativo.mx\/wp-content\/uploads\/2025\/01\/678e931a65e53.r_d.776-204-3968.jpeg","datePublished":"2025-01-20T16:30:26+00:00","dateModified":"2025-01-20T19:23:40+00:00","description":"Trump asume Presidencia como el 47\u00ba Presidente de EE.UU. Prometiendo fuerza ante crisis","breadcrumb":{"@id":"https:\/\/www.nexoinformativo.mx\/index.php\/2025\/01\/20\/trump-asume-presidencia-como-el-47o-presidente-de-ee-uu-prometiendo-fuerza-ante-crisis\/#breadcrumb"},"inLanguage":"es","potentialAction":[{"@type":"ReadAction","target":["https:\/\/www.nexoinformativo.mx\/index.php\/2025\/01\/20\/trump-asume-presidencia-como-el-47o-presidente-de-ee-uu-prometiendo-fuerza-ante-crisis\/"]}]},{"@type":"ImageObject","inLanguage":"es","@id":"https:\/\/www.nexoinformativo.mx\/index.php\/2025\/01\/20\/trump-asume-presidencia-como-el-47o-presidente-de-ee-uu-prometiendo-fuerza-ante-crisis\/#primaryimage","url":"https:\/\/www.nexoinformativo.mx\/wp-content\/uploads\/2025\/01\/678e931a65e53.r_d.776-204-3968.jpeg","contentUrl":"https:\/\/www.nexoinformativo.mx\/wp-content\/uploads\/2025\/01\/678e931a65e53.r_d.776-204-3968.jpeg","width":756,"height":529},{"@type":"BreadcrumbList","@id":"https:\/\/www.nexoinformativo.mx\/index.php\/2025\/01\/20\/trump-asume-presidencia-como-el-47o-presidente-de-ee-uu-prometiendo-fuerza-ante-crisis\/#breadcrumb","itemListElement":[{"@type":"ListItem","position":1,"name":"Inicio","item":"https:\/\/www.nexoinformativo.mx\/"},{"@type":"ListItem","position":2,"name":"Trump asume Presidencia como el 47\u00ba Presidente de EE.UU. Prometiendo fuerza ante crisis"}]},{"@type":"WebSite","@id":"https:\/\/www.nexoinformativo.mx\/#website","url":"https:\/\/www.nexoinformativo.mx\/","name":"Nexo Informativo Santiago de Quer\u00e9taro","description":"Explora NexoInformativo y convi\u00e9rtete en parte de una comunidad que valora el conocimiento y la verdad. Tu nexoinformativo es tu puente hacia una comprensi\u00f3n m\u00e1s profunda del mundo que te rodea.","publisher":{"@id":"https:\/\/www.nexoinformativo.mx\/#organization"},"potentialAction":[{"@type":"SearchAction","target":{"@type":"EntryPoint","urlTemplate":"https:\/\/www.nexoinformativo.mx\/?s={search_term_string}"},"query-input":{"@type":"PropertyValueSpecification","valueRequired":true,"valueName":"search_term_string"}}],"inLanguage":"es"},{"@type":"Organization","@id":"https:\/\/www.nexoinformativo.mx\/#organization","name":"Nexo Informativo Santiago de Quer\u00e9taro","url":"https:\/\/www.nexoinformativo.mx\/","logo":{"@type":"ImageObject","inLanguage":"es","@id":"https:\/\/www.nexoinformativo.mx\/#\/schema\/logo\/image\/","url":"https:\/\/www.nexoinformativo.mx\/wp-content\/uploads\/2024\/07\/nexoi-trasparente-2.png","contentUrl":"https:\/\/www.nexoinformativo.mx\/wp-content\/uploads\/2024\/07\/nexoi-trasparente-2.png","width":816,"height":339,"caption":"Nexo Informativo Santiago de Quer\u00e9taro"},"image":{"@id":"https:\/\/www.nexoinformativo.mx\/#\/schema\/logo\/image\/"},"sameAs":["https:\/\/www.facebook.com\/people\/Nexo-Informativo\/61564066885511\/"]},{"@type":"Person","@id":"https:\/\/www.nexoinformativo.mx\/#\/schema\/person\/7749d380ba08c8ca00d7bc76fd907b7d","name":"Nexo Informativo","image":{"@type":"ImageObject","inLanguage":"es","@id":"https:\/\/www.nexoinformativo.mx\/#\/schema\/person\/image\/","url":"https:\/\/secure.gravatar.com\/avatar\/dde2928154642a13d95f87ddf1ea9718fe2b46760a005c53e41ff5ad610704e6?s=96&d=mm&r=g","contentUrl":"https:\/\/secure.gravatar.com\/avatar\/dde2928154642a13d95f87ddf1ea9718fe2b46760a005c53e41ff5ad610704e6?s=96&d=mm&r=g","caption":"Nexo Informativo"},"url":"https:\/\/www.nexoinformativo.mx\/index.php\/author\/edicion\/"}]}},"_links":{"self":[{"href":"https:\/\/www.nexoinformativo.mx\/index.php\/wp-json\/wp\/v2\/posts\/10261","targetHints":{"allow":["GET"]}}],"collection":[{"href":"https:\/\/www.nexoinformativo.mx\/index.php\/wp-json\/wp\/v2\/posts"}],"about":[{"href":"https:\/\/www.nexoinformativo.mx\/index.php\/wp-json\/wp\/v2\/types\/post"}],"author":[{"embeddable":true,"href":"https:\/\/www.nexoinformativo.mx\/index.php\/wp-json\/wp\/v2\/users\/3"}],"replies":[{"embeddable":true,"href":"https:\/\/www.nexoinformativo.mx\/index.php\/wp-json\/wp\/v2\/comments?post=10261"}],"version-history":[{"count":4,"href":"https:\/\/www.nexoinformativo.mx\/index.php\/wp-json\/wp\/v2\/posts\/10261\/revisions"}],"predecessor-version":[{"id":10265,"href":"https:\/\/www.nexoinformativo.mx\/index.php\/wp-json\/wp\/v2\/posts\/10261\/revisions\/10265"}],"wp:featuredmedia":[{"embeddable":true,"href":"https:\/\/www.nexoinformativo.mx\/index.php\/wp-json\/wp\/v2\/media\/10262"}],"wp:attachment":[{"href":"https:\/\/www.nexoinformativo.mx\/index.php\/wp-json\/wp\/v2\/media?parent=10261"}],"wp:term":[{"taxonomy":"category","embeddable":true,"href":"https:\/\/www.nexoinformativo.mx\/index.php\/wp-json\/wp\/v2\/categories?post=10261"},{"taxonomy":"post_tag","embeddable":true,"href":"https:\/\/www.nexoinformativo.mx\/index.php\/wp-json\/wp\/v2\/tags?post=10261"}],"curies":[{"name":"wp","href":"https:\/\/api.w.org\/{rel}","templated":true}]}}