{"id":10267,"date":"2025-01-20T11:00:53","date_gmt":"2025-01-20T17:00:53","guid":{"rendered":"https:\/\/www.nexoinformativo.mx\/?p=10267"},"modified":"2025-01-20T13:38:36","modified_gmt":"2025-01-20T19:38:36","slug":"trump-anuncia-primeras-acciones-como-presidente-5-puntos-claves-de-su-discurso","status":"publish","type":"post","link":"https:\/\/www.nexoinformativo.mx\/index.php\/2025\/01\/20\/trump-anuncia-primeras-acciones-como-presidente-5-puntos-claves-de-su-discurso\/","title":{"rendered":"Trump anuncia primeras acciones como Presidente 5 puntos claves de su discurso"},"content":{"rendered":"<p style=\"text-align: justify;\">El presidente Donald Trump, en su discurso inaugural, prometi\u00f3 una <strong>&#8220;Edad de oro&#8221;<\/strong> para Estados Unidos y anunci\u00f3 varias medidas clave. Enlistando sus primeras acciones como presidente sin profundizar en aranceles<\/p>\n<p>&nbsp;<\/p>\n<p style=\"text-align: justify;\"><strong>Anunci\u00f3 varias medidas aqu\u00ed te mencionamos 5 puntos claves:<\/strong><\/p>\n<p>&nbsp;<\/p>\n<ul>\n<li style=\"text-align: justify;\"><strong>Promesa de una &#8216;edad de oro&#8217;<\/strong>: Trump declar\u00f3 que la &#8220;edad de oro&#8221; de Estados Unidos comienza &#8220;ahora mismo&#8221; con su toma de posesi\u00f3n y afirm\u00f3 que el &#8220;declive&#8221; del pa\u00eds ha terminado con su llegada a la Casa Blanca.<\/li>\n<\/ul>\n<p>&nbsp;<\/p>\n<ul>\n<li style=\"text-align: justify;\"><strong>Recuperaci\u00f3n del canal de Panam\u00e1 y renombramiento del golfo de M\u00e9xico:<\/strong> Trump amenaz\u00f3 con &#8220;retomar&#8221; el canal de Panam\u00e1 y renombrar el golfo de M\u00e9xico como golfo de Am\u00e9rica.<\/li>\n<\/ul>\n<p>&nbsp;<\/p>\n<ul>\n<li style=\"text-align: justify;\"><strong>Declaraci\u00f3n de emergencia en la frontera con M\u00e9xico:<\/strong> Trump anunci\u00f3 que declarar\u00e1 una emergencia nacional en la frontera sur y enviar\u00e1 tropas para detener la entrada ilegal y comenzar el proceso de devoluci\u00f3n de millones de extranjeros.<\/li>\n<\/ul>\n<p>&nbsp;<\/p>\n<ul>\n<li style=\"text-align: justify;\"><strong>Declaraci\u00f3n de emergencia energ\u00e9tica nacional:<\/strong> Trump declar\u00f3 una emergencia energ\u00e9tica nacional para ampliar la extracci\u00f3n de hidrocarburos y anunci\u00f3 la retirada de Estados Unidos del acuerdo clim\u00e1tico de Par\u00eds.<\/li>\n<\/ul>\n<p>&nbsp;<\/p>\n<ul>\n<li style=\"text-align: justify;\"><strong>Cambios a las pol\u00edticas de g\u00e9nero:<\/strong> Trump anunci\u00f3 que su gobierno reconocer\u00e1 solo dos identidades de g\u00e9nero: masculino y femenino, con el objetivo de defender a las mujeres y restaurar la verdad biol\u00f3gica en el Estado Federal.\n<p style=\"text-align: center;\"><em><strong>\u00a1Informaci\u00f3n que transforma!<\/strong><\/em><\/p>\n<p>&nbsp;<\/li>\n<\/ul>\n","protected":false},"excerpt":{"rendered":"<p>El presidente Donald Trump, en su discurso inaugural, prometi\u00f3 una &#8220;Edad de oro&#8221; para Estados Unidos y anunci\u00f3 varias medidas clave. Enlistando sus primeras acciones como presidente sin profundizar en aranceles<\/p>\n","protected":false},"author":3,"featured_media":10268,"comment_status":"open","ping_status":"open","sticky":false,"template":"","format":"standard","meta":{"footnotes":""},"categories":[21,58],"tags":[3168,3169,2178,3167,3165],"class_list":["post-10267","post","type-post","status-publish","format-standard","has-post-thumbnail","hentry","category-politica","category-ultima-hora","tag-canaldepanama","tag-edaddeoro","tag-emergencianacional","tag-politicasdegenero","tag-trumppresidente"],"yoast_head":"<!-- This site is optimized with the Yoast SEO plugin v25.0 - https:\/\/yoast.com\/wordpress\/plugins\/seo\/ -->\n<title>Trump anuncia primeras acciones como Presidente 5 puntos claves de su discurso | Nexo Informativo Santiago de Quer\u00e9taro<\/title>\n<meta name=\"description\" content=\"Trump anuncia primeras acciones como Presidente 5 puntos claves de su discurso\" \/>\n<meta name=\"robots\" content=\"index, follow, max-snippet:-1, max-image-preview:large, max-video-preview:-1\" \/>\n<link rel=\"canonical\" href=\"https:\/\/www.nexoinformativo.mx\/index.php\/2025\/01\/20\/trump-anuncia-primeras-acciones-como-presidente-5-puntos-claves-de-su-discurso\/\" \/>\n<meta property=\"og:locale\" content=\"es_MX\" \/>\n<meta property=\"og:type\" content=\"article\" \/>\n<meta property=\"og:title\" content=\"Trump anuncia primeras acciones como Presidente 5 puntos claves de su discurso | Nexo Informativo Santiago de Quer\u00e9taro\" \/>\n<meta property=\"og:description\" content=\"Trump anuncia primeras acciones como Presidente 5 puntos claves de su discurso\" \/>\n<meta property=\"og:url\" content=\"https:\/\/www.nexoinformativo.mx\/index.php\/2025\/01\/20\/trump-anuncia-primeras-acciones-como-presidente-5-puntos-claves-de-su-discurso\/\" \/>\n<meta property=\"og:site_name\" content=\"Nexo Informativo Santiago de Quer\u00e9taro\" \/>\n<meta property=\"article:publisher\" content=\"https:\/\/www.facebook.com\/people\/Nexo-Informativo\/61564066885511\/\" \/>\n<meta property=\"article:published_time\" content=\"2025-01-20T17:00:53+00:00\" \/>\n<meta property=\"article:modified_time\" content=\"2025-01-20T19:38:36+00:00\" \/>\n<meta property=\"og:image\" content=\"https:\/\/www.nexoinformativo.mx\/wp-content\/uploads\/2025\/01\/IMG_9421-e1737401545602.jpg\" \/>\n\t<meta property=\"og:image:width\" content=\"800\" \/>\n\t<meta property=\"og:image:height\" content=\"534\" \/>\n\t<meta property=\"og:image:type\" content=\"image\/jpeg\" \/>\n<meta name=\"author\" content=\"Nexo Informativo\" \/>\n<meta name=\"twitter:card\" content=\"summary_large_image\" \/>\n<meta name=\"twitter:label1\" content=\"Escrito por\" \/>\n\t<meta name=\"twitter:data1\" content=\"Nexo Informativo\" \/>\n\t<meta name=\"twitter:label2\" content=\"Tiempo de lectura\" \/>\n\t<meta name=\"twitter:data2\" content=\"2 minutos\" \/>\n<script type=\"application\/ld+json\" class=\"yoast-schema-graph\">{\"@context\":\"https:\/\/schema.org\",\"@graph\":[{\"@type\":\"Article\",\"@id\":\"https:\/\/www.nexoinformativo.mx\/index.php\/2025\/01\/20\/trump-anuncia-primeras-acciones-como-presidente-5-puntos-claves-de-su-discurso\/#article\",\"isPartOf\":{\"@id\":\"https:\/\/www.nexoinformativo.mx\/index.php\/2025\/01\/20\/trump-anuncia-primeras-acciones-como-presidente-5-puntos-claves-de-su-discurso\/\"},\"author\":{\"name\":\"Nexo Informativo\",\"@id\":\"https:\/\/www.nexoinformativo.mx\/#\/schema\/person\/7749d380ba08c8ca00d7bc76fd907b7d\"},\"headline\":\"Trump anuncia primeras acciones como Presidente 5 puntos claves de su discurso\",\"datePublished\":\"2025-01-20T17:00:53+00:00\",\"dateModified\":\"2025-01-20T19:38:36+00:00\",\"mainEntityOfPage\":{\"@id\":\"https:\/\/www.nexoinformativo.mx\/index.php\/2025\/01\/20\/trump-anuncia-primeras-acciones-como-presidente-5-puntos-claves-de-su-discurso\/\"},\"wordCount\":252,\"commentCount\":0,\"publisher\":{\"@id\":\"https:\/\/www.nexoinformativo.mx\/#organization\"},\"image\":{\"@id\":\"https:\/\/www.nexoinformativo.mx\/index.php\/2025\/01\/20\/trump-anuncia-primeras-acciones-como-presidente-5-puntos-claves-de-su-discurso\/#primaryimage\"},\"thumbnailUrl\":\"https:\/\/www.nexoinformativo.mx\/wp-content\/uploads\/2025\/01\/IMG_9421-e1737401545602.jpg\",\"keywords\":[\"CanalDePanam\u00e1\",\"EdadDeOro\",\"EmergenciaNacional\",\"Pol\u00edticasDeG\u00e9nero\",\"TrumpPresidente\"],\"articleSection\":[\"Pol\u00edtica\",\"\u00daltima Hora\"],\"inLanguage\":\"es\",\"potentialAction\":[{\"@type\":\"CommentAction\",\"name\":\"Comment\",\"target\":[\"https:\/\/www.nexoinformativo.mx\/index.php\/2025\/01\/20\/trump-anuncia-primeras-acciones-como-presidente-5-puntos-claves-de-su-discurso\/#respond\"]}]},{\"@type\":\"WebPage\",\"@id\":\"https:\/\/www.nexoinformativo.mx\/index.php\/2025\/01\/20\/trump-anuncia-primeras-acciones-como-presidente-5-puntos-claves-de-su-discurso\/\",\"url\":\"https:\/\/www.nexoinformativo.mx\/index.php\/2025\/01\/20\/trump-anuncia-primeras-acciones-como-presidente-5-puntos-claves-de-su-discurso\/\",\"name\":\"Trump anuncia primeras acciones como Presidente 5 puntos claves de su discurso | Nexo Informativo Santiago de Quer\u00e9taro\",\"isPartOf\":{\"@id\":\"https:\/\/www.nexoinformativo.mx\/#website\"},\"primaryImageOfPage\":{\"@id\":\"https:\/\/www.nexoinformativo.mx\/index.php\/2025\/01\/20\/trump-anuncia-primeras-acciones-como-presidente-5-puntos-claves-de-su-discurso\/#primaryimage\"},\"image\":{\"@id\":\"https:\/\/www.nexoinformativo.mx\/index.php\/2025\/01\/20\/trump-anuncia-primeras-acciones-como-presidente-5-puntos-claves-de-su-discurso\/#primaryimage\"},\"thumbnailUrl\":\"https:\/\/www.nexoinformativo.mx\/wp-content\/uploads\/2025\/01\/IMG_9421-e1737401545602.jpg\",\"datePublished\":\"2025-01-20T17:00:53+00:00\",\"dateModified\":\"2025-01-20T19:38:36+00:00\",\"description\":\"Trump anuncia primeras acciones como Presidente 5 puntos claves de su discurso\",\"breadcrumb\":{\"@id\":\"https:\/\/www.nexoinformativo.mx\/index.php\/2025\/01\/20\/trump-anuncia-primeras-acciones-como-presidente-5-puntos-claves-de-su-discurso\/#breadcrumb\"},\"inLanguage\":\"es\",\"potentialAction\":[{\"@type\":\"ReadAction\",\"target\":[\"https:\/\/www.nexoinformativo.mx\/index.php\/2025\/01\/20\/trump-anuncia-primeras-acciones-como-presidente-5-puntos-claves-de-su-discurso\/\"]}]},{\"@type\":\"ImageObject\",\"inLanguage\":\"es\",\"@id\":\"https:\/\/www.nexoinformativo.mx\/index.php\/2025\/01\/20\/trump-anuncia-primeras-acciones-como-presidente-5-puntos-claves-de-su-discurso\/#primaryimage\",\"url\":\"https:\/\/www.nexoinformativo.mx\/wp-content\/uploads\/2025\/01\/IMG_9421-e1737401545602.jpg\",\"contentUrl\":\"https:\/\/www.nexoinformativo.mx\/wp-content\/uploads\/2025\/01\/IMG_9421-e1737401545602.jpg\",\"width\":800,\"height\":534},{\"@type\":\"BreadcrumbList\",\"@id\":\"https:\/\/www.nexoinformativo.mx\/index.php\/2025\/01\/20\/trump-anuncia-primeras-acciones-como-presidente-5-puntos-claves-de-su-discurso\/#breadcrumb\",\"itemListElement\":[{\"@type\":\"ListItem\",\"position\":1,\"name\":\"Inicio\",\"item\":\"https:\/\/www.nexoinformativo.mx\/\"},{\"@type\":\"ListItem\",\"position\":2,\"name\":\"Trump anuncia primeras acciones como Presidente 5 puntos claves de su discurso\"}]},{\"@type\":\"WebSite\",\"@id\":\"https:\/\/www.nexoinformativo.mx\/#website\",\"url\":\"https:\/\/www.nexoinformativo.mx\/\",\"name\":\"Nexo Informativo Santiago de Quer\u00e9taro\",\"description\":\"Explora NexoInformativo y convi\u00e9rtete en parte de una comunidad que valora el conocimiento y la verdad. Tu nexoinformativo es tu puente hacia una comprensi\u00f3n m\u00e1s profunda del mundo que te rodea.\",\"publisher\":{\"@id\":\"https:\/\/www.nexoinformativo.mx\/#organization\"},\"potentialAction\":[{\"@type\":\"SearchAction\",\"target\":{\"@type\":\"EntryPoint\",\"urlTemplate\":\"https:\/\/www.nexoinformativo.mx\/?s={search_term_string}\"},\"query-input\":{\"@type\":\"PropertyValueSpecification\",\"valueRequired\":true,\"valueName\":\"search_term_string\"}}],\"inLanguage\":\"es\"},{\"@type\":\"Organization\",\"@id\":\"https:\/\/www.nexoinformativo.mx\/#organization\",\"name\":\"Nexo Informativo Santiago de Quer\u00e9taro\",\"url\":\"https:\/\/www.nexoinformativo.mx\/\",\"logo\":{\"@type\":\"ImageObject\",\"inLanguage\":\"es\",\"@id\":\"https:\/\/www.nexoinformativo.mx\/#\/schema\/logo\/image\/\",\"url\":\"https:\/\/www.nexoinformativo.mx\/wp-content\/uploads\/2024\/07\/nexoi-trasparente-2.png\",\"contentUrl\":\"https:\/\/www.nexoinformativo.mx\/wp-content\/uploads\/2024\/07\/nexoi-trasparente-2.png\",\"width\":816,\"height\":339,\"caption\":\"Nexo Informativo Santiago de Quer\u00e9taro\"},\"image\":{\"@id\":\"https:\/\/www.nexoinformativo.mx\/#\/schema\/logo\/image\/\"},\"sameAs\":[\"https:\/\/www.facebook.com\/people\/Nexo-Informativo\/61564066885511\/\"]},{\"@type\":\"Person\",\"@id\":\"https:\/\/www.nexoinformativo.mx\/#\/schema\/person\/7749d380ba08c8ca00d7bc76fd907b7d\",\"name\":\"Nexo Informativo\",\"image\":{\"@type\":\"ImageObject\",\"inLanguage\":\"es\",\"@id\":\"https:\/\/www.nexoinformativo.mx\/#\/schema\/person\/image\/\",\"url\":\"https:\/\/secure.gravatar.com\/avatar\/dde2928154642a13d95f87ddf1ea9718fe2b46760a005c53e41ff5ad610704e6?s=96&d=mm&r=g\",\"contentUrl\":\"https:\/\/secure.gravatar.com\/avatar\/dde2928154642a13d95f87ddf1ea9718fe2b46760a005c53e41ff5ad610704e6?s=96&d=mm&r=g\",\"caption\":\"Nexo Informativo\"},\"url\":\"https:\/\/www.nexoinformativo.mx\/index.php\/author\/edicion\/\"}]}<\/script>\n<!-- \/ Yoast SEO plugin. -->","yoast_head_json":{"title":"Trump anuncia primeras acciones como Presidente 5 puntos claves de su discurso | Nexo Informativo Santiago de Quer\u00e9taro","description":"Trump anuncia primeras acciones como Presidente 5 puntos claves de su discurso","robots":{"index":"index","follow":"follow","max-snippet":"max-snippet:-1","max-image-preview":"max-image-preview:large","max-video-preview":"max-video-preview:-1"},"canonical":"https:\/\/www.nexoinformativo.mx\/index.php\/2025\/01\/20\/trump-anuncia-primeras-acciones-como-presidente-5-puntos-claves-de-su-discurso\/","og_locale":"es_MX","og_type":"article","og_title":"Trump anuncia primeras acciones como Presidente 5 puntos claves de su discurso | Nexo Informativo Santiago de Quer\u00e9taro","og_description":"Trump anuncia primeras acciones como Presidente 5 puntos claves de su discurso","og_url":"https:\/\/www.nexoinformativo.mx\/index.php\/2025\/01\/20\/trump-anuncia-primeras-acciones-como-presidente-5-puntos-claves-de-su-discurso\/","og_site_name":"Nexo Informativo Santiago de Quer\u00e9taro","article_publisher":"https:\/\/www.facebook.com\/people\/Nexo-Informativo\/61564066885511\/","article_published_time":"2025-01-20T17:00:53+00:00","article_modified_time":"2025-01-20T19:38:36+00:00","og_image":[{"width":800,"height":534,"url":"https:\/\/www.nexoinformativo.mx\/wp-content\/uploads\/2025\/01\/IMG_9421-e1737401545602.jpg","type":"image\/jpeg"}],"author":"Nexo Informativo","twitter_card":"summary_large_image","twitter_misc":{"Escrito por":"Nexo Informativo","Tiempo de lectura":"2 minutos"},"schema":{"@context":"https:\/\/schema.org","@graph":[{"@type":"Article","@id":"https:\/\/www.nexoinformativo.mx\/index.php\/2025\/01\/20\/trump-anuncia-primeras-acciones-como-presidente-5-puntos-claves-de-su-discurso\/#article","isPartOf":{"@id":"https:\/\/www.nexoinformativo.mx\/index.php\/2025\/01\/20\/trump-anuncia-primeras-acciones-como-presidente-5-puntos-claves-de-su-discurso\/"},"author":{"name":"Nexo Informativo","@id":"https:\/\/www.nexoinformativo.mx\/#\/schema\/person\/7749d380ba08c8ca00d7bc76fd907b7d"},"headline":"Trump anuncia primeras acciones como Presidente 5 puntos claves de su discurso","datePublished":"2025-01-20T17:00:53+00:00","dateModified":"2025-01-20T19:38:36+00:00","mainEntityOfPage":{"@id":"https:\/\/www.nexoinformativo.mx\/index.php\/2025\/01\/20\/trump-anuncia-primeras-acciones-como-presidente-5-puntos-claves-de-su-discurso\/"},"wordCount":252,"commentCount":0,"publisher":{"@id":"https:\/\/www.nexoinformativo.mx\/#organization"},"image":{"@id":"https:\/\/www.nexoinformativo.mx\/index.php\/2025\/01\/20\/trump-anuncia-primeras-acciones-como-presidente-5-puntos-claves-de-su-discurso\/#primaryimage"},"thumbnailUrl":"https:\/\/www.nexoinformativo.mx\/wp-content\/uploads\/2025\/01\/IMG_9421-e1737401545602.jpg","keywords":["CanalDePanam\u00e1","EdadDeOro","EmergenciaNacional","Pol\u00edticasDeG\u00e9nero","TrumpPresidente"],"articleSection":["Pol\u00edtica","\u00daltima Hora"],"inLanguage":"es","potentialAction":[{"@type":"CommentAction","name":"Comment","target":["https:\/\/www.nexoinformativo.mx\/index.php\/2025\/01\/20\/trump-anuncia-primeras-acciones-como-presidente-5-puntos-claves-de-su-discurso\/#respond"]}]},{"@type":"WebPage","@id":"https:\/\/www.nexoinformativo.mx\/index.php\/2025\/01\/20\/trump-anuncia-primeras-acciones-como-presidente-5-puntos-claves-de-su-discurso\/","url":"https:\/\/www.nexoinformativo.mx\/index.php\/2025\/01\/20\/trump-anuncia-primeras-acciones-como-presidente-5-puntos-claves-de-su-discurso\/","name":"Trump anuncia primeras acciones como Presidente 5 puntos claves de su discurso | Nexo Informativo Santiago de Quer\u00e9taro","isPartOf":{"@id":"https:\/\/www.nexoinformativo.mx\/#website"},"primaryImageOfPage":{"@id":"https:\/\/www.nexoinformativo.mx\/index.php\/2025\/01\/20\/trump-anuncia-primeras-acciones-como-presidente-5-puntos-claves-de-su-discurso\/#primaryimage"},"image":{"@id":"https:\/\/www.nexoinformativo.mx\/index.php\/2025\/01\/20\/trump-anuncia-primeras-acciones-como-presidente-5-puntos-claves-de-su-discurso\/#primaryimage"},"thumbnailUrl":"https:\/\/www.nexoinformativo.mx\/wp-content\/uploads\/2025\/01\/IMG_9421-e1737401545602.jpg","datePublished":"2025-01-20T17:00:53+00:00","dateModified":"2025-01-20T19:38:36+00:00","description":"Trump anuncia primeras acciones como Presidente 5 puntos claves de su discurso","breadcrumb":{"@id":"https:\/\/www.nexoinformativo.mx\/index.php\/2025\/01\/20\/trump-anuncia-primeras-acciones-como-presidente-5-puntos-claves-de-su-discurso\/#breadcrumb"},"inLanguage":"es","potentialAction":[{"@type":"ReadAction","target":["https:\/\/www.nexoinformativo.mx\/index.php\/2025\/01\/20\/trump-anuncia-primeras-acciones-como-presidente-5-puntos-claves-de-su-discurso\/"]}]},{"@type":"ImageObject","inLanguage":"es","@id":"https:\/\/www.nexoinformativo.mx\/index.php\/2025\/01\/20\/trump-anuncia-primeras-acciones-como-presidente-5-puntos-claves-de-su-discurso\/#primaryimage","url":"https:\/\/www.nexoinformativo.mx\/wp-content\/uploads\/2025\/01\/IMG_9421-e1737401545602.jpg","contentUrl":"https:\/\/www.nexoinformativo.mx\/wp-content\/uploads\/2025\/01\/IMG_9421-e1737401545602.jpg","width":800,"height":534},{"@type":"BreadcrumbList","@id":"https:\/\/www.nexoinformativo.mx\/index.php\/2025\/01\/20\/trump-anuncia-primeras-acciones-como-presidente-5-puntos-claves-de-su-discurso\/#breadcrumb","itemListElement":[{"@type":"ListItem","position":1,"name":"Inicio","item":"https:\/\/www.nexoinformativo.mx\/"},{"@type":"ListItem","position":2,"name":"Trump anuncia primeras acciones como Presidente 5 puntos claves de su discurso"}]},{"@type":"WebSite","@id":"https:\/\/www.nexoinformativo.mx\/#website","url":"https:\/\/www.nexoinformativo.mx\/","name":"Nexo Informativo Santiago de Quer\u00e9taro","description":"Explora NexoInformativo y convi\u00e9rtete en parte de una comunidad que valora el conocimiento y la verdad. Tu nexoinformativo es tu puente hacia una comprensi\u00f3n m\u00e1s profunda del mundo que te rodea.","publisher":{"@id":"https:\/\/www.nexoinformativo.mx\/#organization"},"potentialAction":[{"@type":"SearchAction","target":{"@type":"EntryPoint","urlTemplate":"https:\/\/www.nexoinformativo.mx\/?s={search_term_string}"},"query-input":{"@type":"PropertyValueSpecification","valueRequired":true,"valueName":"search_term_string"}}],"inLanguage":"es"},{"@type":"Organization","@id":"https:\/\/www.nexoinformativo.mx\/#organization","name":"Nexo Informativo Santiago de Quer\u00e9taro","url":"https:\/\/www.nexoinformativo.mx\/","logo":{"@type":"ImageObject","inLanguage":"es","@id":"https:\/\/www.nexoinformativo.mx\/#\/schema\/logo\/image\/","url":"https:\/\/www.nexoinformativo.mx\/wp-content\/uploads\/2024\/07\/nexoi-trasparente-2.png","contentUrl":"https:\/\/www.nexoinformativo.mx\/wp-content\/uploads\/2024\/07\/nexoi-trasparente-2.png","width":816,"height":339,"caption":"Nexo Informativo Santiago de Quer\u00e9taro"},"image":{"@id":"https:\/\/www.nexoinformativo.mx\/#\/schema\/logo\/image\/"},"sameAs":["https:\/\/www.facebook.com\/people\/Nexo-Informativo\/61564066885511\/"]},{"@type":"Person","@id":"https:\/\/www.nexoinformativo.mx\/#\/schema\/person\/7749d380ba08c8ca00d7bc76fd907b7d","name":"Nexo Informativo","image":{"@type":"ImageObject","inLanguage":"es","@id":"https:\/\/www.nexoinformativo.mx\/#\/schema\/person\/image\/","url":"https:\/\/secure.gravatar.com\/avatar\/dde2928154642a13d95f87ddf1ea9718fe2b46760a005c53e41ff5ad610704e6?s=96&d=mm&r=g","contentUrl":"https:\/\/secure.gravatar.com\/avatar\/dde2928154642a13d95f87ddf1ea9718fe2b46760a005c53e41ff5ad610704e6?s=96&d=mm&r=g","caption":"Nexo Informativo"},"url":"https:\/\/www.nexoinformativo.mx\/index.php\/author\/edicion\/"}]}},"_links":{"self":[{"href":"https:\/\/www.nexoinformativo.mx\/index.php\/wp-json\/wp\/v2\/posts\/10267","targetHints":{"allow":["GET"]}}],"collection":[{"href":"https:\/\/www.nexoinformativo.mx\/index.php\/wp-json\/wp\/v2\/posts"}],"about":[{"href":"https:\/\/www.nexoinformativo.mx\/index.php\/wp-json\/wp\/v2\/types\/post"}],"author":[{"embeddable":true,"href":"https:\/\/www.nexoinformativo.mx\/index.php\/wp-json\/wp\/v2\/users\/3"}],"replies":[{"embeddable":true,"href":"https:\/\/www.nexoinformativo.mx\/index.php\/wp-json\/wp\/v2\/comments?post=10267"}],"version-history":[{"count":7,"href":"https:\/\/www.nexoinformativo.mx\/index.php\/wp-json\/wp\/v2\/posts\/10267\/revisions"}],"predecessor-version":[{"id":10276,"href":"https:\/\/www.nexoinformativo.mx\/index.php\/wp-json\/wp\/v2\/posts\/10267\/revisions\/10276"}],"wp:featuredmedia":[{"embeddable":true,"href":"https:\/\/www.nexoinformativo.mx\/index.php\/wp-json\/wp\/v2\/media\/10268"}],"wp:attachment":[{"href":"https:\/\/www.nexoinformativo.mx\/index.php\/wp-json\/wp\/v2\/media?parent=10267"}],"wp:term":[{"taxonomy":"category","embeddable":true,"href":"https:\/\/www.nexoinformativo.mx\/index.php\/wp-json\/wp\/v2\/categories?post=10267"},{"taxonomy":"post_tag","embeddable":true,"href":"https:\/\/www.nexoinformativo.mx\/index.php\/wp-json\/wp\/v2\/tags?post=10267"}],"curies":[{"name":"wp","href":"https:\/\/api.w.org\/{rel}","templated":true}]}}