{"id":10275,"date":"2025-01-20T11:30:49","date_gmt":"2025-01-20T17:30:49","guid":{"rendered":"https:\/\/www.nexoinformativo.mx\/?p=10275"},"modified":"2025-01-20T14:01:03","modified_gmt":"2025-01-20T20:01:03","slug":"trump-clasificara-a-carteles-mexicanos-como-terroristas-y-enviara-tropas-a-la-frontera","status":"publish","type":"post","link":"https:\/\/www.nexoinformativo.mx\/index.php\/2025\/01\/20\/trump-clasificara-a-carteles-mexicanos-como-terroristas-y-enviara-tropas-a-la-frontera\/","title":{"rendered":"Clasificar\u00e1 Trump a c\u00e1rteles mexicanos como &#8220;Terroristas&#8221; y posiblemente enviar\u00e1 tropas a la frontera sur"},"content":{"rendered":"<p style=\"text-align: justify;\">Este lunes 20 de enero, Donald Trump asumi\u00f3 la presidencia de Estados Unidos por segunda ocasi\u00f3n, tras vencer a Kamala Harris. En su discurso inaugural, Trump anunci\u00f3 varias medidas clave para su administraci\u00f3n.<\/p>\n<p>&nbsp;<\/p>\n<p style=\"text-align: justify;\">Trump declar\u00f3 que la <strong>&#8220;edad de oro&#8221; de Estados Unidos comienza &#8220;ahora mismo&#8221;<\/strong> con su toma de posesi\u00f3n y afirm\u00f3 que el &#8220;declive&#8221; del pa\u00eds ha terminado con su llegada a la Casa Blanca.<\/p>\n<p>&nbsp;<\/p>\n<p style=\"text-align: justify;\">El presidente anunci\u00f3 que enviar\u00e1 personal militar a la frontera sur para detener la entrada ilegal y comenzar el proceso de devoluci\u00f3n de millones de migrantes ilegales a sus pa\u00edses de origen. Tambi\u00e9n declar\u00f3 una emergencia nacional en la frontera sur para reforzar la seguridad y controlar la inmigraci\u00f3n ilegal.<\/p>\n<p>&nbsp;<\/p>\n<p style=\"text-align: justify;\">Designar a los c\u00e1rteles como organizaciones terroristas extranjeras implica consecuencias legales, diplom\u00e1ticas y operativas.\u00a0Durante su campa\u00f1a, Trump acus\u00f3 a varios pa\u00edses de enviar narcotraficantes a EU y prometi\u00f3 desmantelar y deportar a estas redes criminales.<\/p>\n<p>&nbsp;<\/p>\n<p style=\"text-align: justify;\">El Partido Republicano ha pedido considerar a los narcotraficantes como terroristas e intervenir militarmente en territorio mexicano, una l\u00ednea roja para el gobierno de M\u00e9xico.<\/p>\n<p>&nbsp;<\/p>\n<p style=\"text-align: center;\"><em><strong>\u00a1Informaci\u00f3n que transforma!<\/strong><\/em><\/p>\n","protected":false},"excerpt":{"rendered":"<p>Este lunes 20 de enero, Donald Trump asumi\u00f3 la presidencia de Estados Unidos por segunda ocasi\u00f3n, tras vencer a Kamala Harris. En su discurso inaugural, Trump anunci\u00f3 varias medidas clave para su administraci\u00f3n.<\/p>\n","protected":false},"author":3,"featured_media":10277,"comment_status":"open","ping_status":"open","sticky":false,"template":"","format":"standard","meta":{"footnotes":""},"categories":[21,58],"tags":[3170,2178,3171,3165],"class_list":["post-10275","post","type-post","status-publish","format-standard","has-post-thumbnail","hentry","category-politica","category-ultima-hora","tag-cartelesterroristas","tag-emergencianacional","tag-fronterasegura","tag-trumppresidente"],"yoast_head":"<!-- This site is optimized with the Yoast SEO plugin v25.0 - https:\/\/yoast.com\/wordpress\/plugins\/seo\/ -->\n<title>Clasificar\u00e1 Trump a c\u00e1rteles mexicanos como &quot;Terroristas&quot; y posiblemente enviar\u00e1 tropas a la frontera sur | Nexo Informativo Santiago de Quer\u00e9taro<\/title>\n<meta name=\"description\" content=\"Trump clasificar\u00e1 a c\u00e1rteles mexicanos como &quot;Terroristas&quot; y posiblemente enviar\u00e1 tropas a la frontera suClasificar\u00e1 Trump\" \/>\n<meta name=\"robots\" content=\"index, follow, max-snippet:-1, max-image-preview:large, max-video-preview:-1\" \/>\n<link rel=\"canonical\" href=\"https:\/\/www.nexoinformativo.mx\/index.php\/2025\/01\/20\/trump-clasificara-a-carteles-mexicanos-como-terroristas-y-enviara-tropas-a-la-frontera\/\" \/>\n<meta property=\"og:locale\" content=\"es_MX\" \/>\n<meta property=\"og:type\" content=\"article\" \/>\n<meta property=\"og:title\" content=\"Clasificar\u00e1 Trump a c\u00e1rteles mexicanos como &quot;Terroristas&quot; y posiblemente enviar\u00e1 tropas a la frontera sur | Nexo Informativo Santiago de Quer\u00e9taro\" \/>\n<meta property=\"og:description\" content=\"Trump clasificar\u00e1 a c\u00e1rteles mexicanos como &quot;Terroristas&quot; y posiblemente enviar\u00e1 tropas a la frontera suClasificar\u00e1 Trump\" \/>\n<meta property=\"og:url\" content=\"https:\/\/www.nexoinformativo.mx\/index.php\/2025\/01\/20\/trump-clasificara-a-carteles-mexicanos-como-terroristas-y-enviara-tropas-a-la-frontera\/\" \/>\n<meta property=\"og:site_name\" content=\"Nexo Informativo Santiago de Quer\u00e9taro\" \/>\n<meta property=\"article:publisher\" content=\"https:\/\/www.facebook.com\/people\/Nexo-Informativo\/61564066885511\/\" \/>\n<meta property=\"article:published_time\" content=\"2025-01-20T17:30:49+00:00\" \/>\n<meta property=\"article:modified_time\" content=\"2025-01-20T20:01:03+00:00\" \/>\n<meta property=\"og:image\" content=\"https:\/\/www.nexoinformativo.mx\/wp-content\/uploads\/2025\/01\/IMG_9418-e1737402286678.jpg\" \/>\n\t<meta property=\"og:image:width\" content=\"800\" \/>\n\t<meta property=\"og:image:height\" content=\"462\" \/>\n\t<meta property=\"og:image:type\" content=\"image\/jpeg\" \/>\n<meta name=\"author\" content=\"Nexo Informativo\" \/>\n<meta name=\"twitter:card\" content=\"summary_large_image\" \/>\n<meta name=\"twitter:label1\" content=\"Escrito por\" \/>\n\t<meta name=\"twitter:data1\" content=\"Nexo Informativo\" \/>\n\t<meta name=\"twitter:label2\" content=\"Tiempo de lectura\" \/>\n\t<meta name=\"twitter:data2\" content=\"2 minutos\" \/>\n<script type=\"application\/ld+json\" class=\"yoast-schema-graph\">{\"@context\":\"https:\/\/schema.org\",\"@graph\":[{\"@type\":\"Article\",\"@id\":\"https:\/\/www.nexoinformativo.mx\/index.php\/2025\/01\/20\/trump-clasificara-a-carteles-mexicanos-como-terroristas-y-enviara-tropas-a-la-frontera\/#article\",\"isPartOf\":{\"@id\":\"https:\/\/www.nexoinformativo.mx\/index.php\/2025\/01\/20\/trump-clasificara-a-carteles-mexicanos-como-terroristas-y-enviara-tropas-a-la-frontera\/\"},\"author\":{\"name\":\"Nexo Informativo\",\"@id\":\"https:\/\/www.nexoinformativo.mx\/#\/schema\/person\/7749d380ba08c8ca00d7bc76fd907b7d\"},\"headline\":\"Clasificar\u00e1 Trump a c\u00e1rteles mexicanos como &#8220;Terroristas&#8221; y posiblemente enviar\u00e1 tropas a la frontera sur\",\"datePublished\":\"2025-01-20T17:30:49+00:00\",\"dateModified\":\"2025-01-20T20:01:03+00:00\",\"mainEntityOfPage\":{\"@id\":\"https:\/\/www.nexoinformativo.mx\/index.php\/2025\/01\/20\/trump-clasificara-a-carteles-mexicanos-como-terroristas-y-enviara-tropas-a-la-frontera\/\"},\"wordCount\":216,\"commentCount\":0,\"publisher\":{\"@id\":\"https:\/\/www.nexoinformativo.mx\/#organization\"},\"image\":{\"@id\":\"https:\/\/www.nexoinformativo.mx\/index.php\/2025\/01\/20\/trump-clasificara-a-carteles-mexicanos-como-terroristas-y-enviara-tropas-a-la-frontera\/#primaryimage\"},\"thumbnailUrl\":\"https:\/\/www.nexoinformativo.mx\/wp-content\/uploads\/2025\/01\/IMG_9418-e1737402286678.jpg\",\"keywords\":[\"C\u00e1rtelesTerroristas\",\"EmergenciaNacional\",\"FronteraSegura\",\"TrumpPresidente\"],\"articleSection\":[\"Pol\u00edtica\",\"\u00daltima Hora\"],\"inLanguage\":\"es\",\"potentialAction\":[{\"@type\":\"CommentAction\",\"name\":\"Comment\",\"target\":[\"https:\/\/www.nexoinformativo.mx\/index.php\/2025\/01\/20\/trump-clasificara-a-carteles-mexicanos-como-terroristas-y-enviara-tropas-a-la-frontera\/#respond\"]}]},{\"@type\":\"WebPage\",\"@id\":\"https:\/\/www.nexoinformativo.mx\/index.php\/2025\/01\/20\/trump-clasificara-a-carteles-mexicanos-como-terroristas-y-enviara-tropas-a-la-frontera\/\",\"url\":\"https:\/\/www.nexoinformativo.mx\/index.php\/2025\/01\/20\/trump-clasificara-a-carteles-mexicanos-como-terroristas-y-enviara-tropas-a-la-frontera\/\",\"name\":\"Clasificar\u00e1 Trump a c\u00e1rteles mexicanos como \\\"Terroristas\\\" y posiblemente enviar\u00e1 tropas a la frontera sur | Nexo Informativo Santiago de Quer\u00e9taro\",\"isPartOf\":{\"@id\":\"https:\/\/www.nexoinformativo.mx\/#website\"},\"primaryImageOfPage\":{\"@id\":\"https:\/\/www.nexoinformativo.mx\/index.php\/2025\/01\/20\/trump-clasificara-a-carteles-mexicanos-como-terroristas-y-enviara-tropas-a-la-frontera\/#primaryimage\"},\"image\":{\"@id\":\"https:\/\/www.nexoinformativo.mx\/index.php\/2025\/01\/20\/trump-clasificara-a-carteles-mexicanos-como-terroristas-y-enviara-tropas-a-la-frontera\/#primaryimage\"},\"thumbnailUrl\":\"https:\/\/www.nexoinformativo.mx\/wp-content\/uploads\/2025\/01\/IMG_9418-e1737402286678.jpg\",\"datePublished\":\"2025-01-20T17:30:49+00:00\",\"dateModified\":\"2025-01-20T20:01:03+00:00\",\"description\":\"Trump clasificar\u00e1 a c\u00e1rteles mexicanos como \\\"Terroristas\\\" y posiblemente enviar\u00e1 tropas a la frontera suClasificar\u00e1 Trump\",\"breadcrumb\":{\"@id\":\"https:\/\/www.nexoinformativo.mx\/index.php\/2025\/01\/20\/trump-clasificara-a-carteles-mexicanos-como-terroristas-y-enviara-tropas-a-la-frontera\/#breadcrumb\"},\"inLanguage\":\"es\",\"potentialAction\":[{\"@type\":\"ReadAction\",\"target\":[\"https:\/\/www.nexoinformativo.mx\/index.php\/2025\/01\/20\/trump-clasificara-a-carteles-mexicanos-como-terroristas-y-enviara-tropas-a-la-frontera\/\"]}]},{\"@type\":\"ImageObject\",\"inLanguage\":\"es\",\"@id\":\"https:\/\/www.nexoinformativo.mx\/index.php\/2025\/01\/20\/trump-clasificara-a-carteles-mexicanos-como-terroristas-y-enviara-tropas-a-la-frontera\/#primaryimage\",\"url\":\"https:\/\/www.nexoinformativo.mx\/wp-content\/uploads\/2025\/01\/IMG_9418-e1737402286678.jpg\",\"contentUrl\":\"https:\/\/www.nexoinformativo.mx\/wp-content\/uploads\/2025\/01\/IMG_9418-e1737402286678.jpg\",\"width\":800,\"height\":462,\"caption\":\"Screenshot\"},{\"@type\":\"BreadcrumbList\",\"@id\":\"https:\/\/www.nexoinformativo.mx\/index.php\/2025\/01\/20\/trump-clasificara-a-carteles-mexicanos-como-terroristas-y-enviara-tropas-a-la-frontera\/#breadcrumb\",\"itemListElement\":[{\"@type\":\"ListItem\",\"position\":1,\"name\":\"Inicio\",\"item\":\"https:\/\/www.nexoinformativo.mx\/\"},{\"@type\":\"ListItem\",\"position\":2,\"name\":\"Clasificar\u00e1 Trump a c\u00e1rteles mexicanos como &#8220;Terroristas&#8221; y posiblemente enviar\u00e1 tropas a la frontera sur\"}]},{\"@type\":\"WebSite\",\"@id\":\"https:\/\/www.nexoinformativo.mx\/#website\",\"url\":\"https:\/\/www.nexoinformativo.mx\/\",\"name\":\"Nexo Informativo Santiago de Quer\u00e9taro\",\"description\":\"Explora NexoInformativo y convi\u00e9rtete en parte de una comunidad que valora el conocimiento y la verdad. Tu nexoinformativo es tu puente hacia una comprensi\u00f3n m\u00e1s profunda del mundo que te rodea.\",\"publisher\":{\"@id\":\"https:\/\/www.nexoinformativo.mx\/#organization\"},\"potentialAction\":[{\"@type\":\"SearchAction\",\"target\":{\"@type\":\"EntryPoint\",\"urlTemplate\":\"https:\/\/www.nexoinformativo.mx\/?s={search_term_string}\"},\"query-input\":{\"@type\":\"PropertyValueSpecification\",\"valueRequired\":true,\"valueName\":\"search_term_string\"}}],\"inLanguage\":\"es\"},{\"@type\":\"Organization\",\"@id\":\"https:\/\/www.nexoinformativo.mx\/#organization\",\"name\":\"Nexo Informativo Santiago de Quer\u00e9taro\",\"url\":\"https:\/\/www.nexoinformativo.mx\/\",\"logo\":{\"@type\":\"ImageObject\",\"inLanguage\":\"es\",\"@id\":\"https:\/\/www.nexoinformativo.mx\/#\/schema\/logo\/image\/\",\"url\":\"https:\/\/www.nexoinformativo.mx\/wp-content\/uploads\/2024\/07\/nexoi-trasparente-2.png\",\"contentUrl\":\"https:\/\/www.nexoinformativo.mx\/wp-content\/uploads\/2024\/07\/nexoi-trasparente-2.png\",\"width\":816,\"height\":339,\"caption\":\"Nexo Informativo Santiago de Quer\u00e9taro\"},\"image\":{\"@id\":\"https:\/\/www.nexoinformativo.mx\/#\/schema\/logo\/image\/\"},\"sameAs\":[\"https:\/\/www.facebook.com\/people\/Nexo-Informativo\/61564066885511\/\"]},{\"@type\":\"Person\",\"@id\":\"https:\/\/www.nexoinformativo.mx\/#\/schema\/person\/7749d380ba08c8ca00d7bc76fd907b7d\",\"name\":\"Nexo Informativo\",\"image\":{\"@type\":\"ImageObject\",\"inLanguage\":\"es\",\"@id\":\"https:\/\/www.nexoinformativo.mx\/#\/schema\/person\/image\/\",\"url\":\"https:\/\/secure.gravatar.com\/avatar\/dde2928154642a13d95f87ddf1ea9718fe2b46760a005c53e41ff5ad610704e6?s=96&d=mm&r=g\",\"contentUrl\":\"https:\/\/secure.gravatar.com\/avatar\/dde2928154642a13d95f87ddf1ea9718fe2b46760a005c53e41ff5ad610704e6?s=96&d=mm&r=g\",\"caption\":\"Nexo Informativo\"},\"url\":\"https:\/\/www.nexoinformativo.mx\/index.php\/author\/edicion\/\"}]}<\/script>\n<!-- \/ Yoast SEO plugin. -->","yoast_head_json":{"title":"Clasificar\u00e1 Trump a c\u00e1rteles mexicanos como \"Terroristas\" y posiblemente enviar\u00e1 tropas a la frontera sur | Nexo Informativo Santiago de Quer\u00e9taro","description":"Trump clasificar\u00e1 a c\u00e1rteles mexicanos como \"Terroristas\" y posiblemente enviar\u00e1 tropas a la frontera suClasificar\u00e1 Trump","robots":{"index":"index","follow":"follow","max-snippet":"max-snippet:-1","max-image-preview":"max-image-preview:large","max-video-preview":"max-video-preview:-1"},"canonical":"https:\/\/www.nexoinformativo.mx\/index.php\/2025\/01\/20\/trump-clasificara-a-carteles-mexicanos-como-terroristas-y-enviara-tropas-a-la-frontera\/","og_locale":"es_MX","og_type":"article","og_title":"Clasificar\u00e1 Trump a c\u00e1rteles mexicanos como \"Terroristas\" y posiblemente enviar\u00e1 tropas a la frontera sur | Nexo Informativo Santiago de Quer\u00e9taro","og_description":"Trump clasificar\u00e1 a c\u00e1rteles mexicanos como \"Terroristas\" y posiblemente enviar\u00e1 tropas a la frontera suClasificar\u00e1 Trump","og_url":"https:\/\/www.nexoinformativo.mx\/index.php\/2025\/01\/20\/trump-clasificara-a-carteles-mexicanos-como-terroristas-y-enviara-tropas-a-la-frontera\/","og_site_name":"Nexo Informativo Santiago de Quer\u00e9taro","article_publisher":"https:\/\/www.facebook.com\/people\/Nexo-Informativo\/61564066885511\/","article_published_time":"2025-01-20T17:30:49+00:00","article_modified_time":"2025-01-20T20:01:03+00:00","og_image":[{"width":800,"height":462,"url":"https:\/\/www.nexoinformativo.mx\/wp-content\/uploads\/2025\/01\/IMG_9418-e1737402286678.jpg","type":"image\/jpeg"}],"author":"Nexo Informativo","twitter_card":"summary_large_image","twitter_misc":{"Escrito por":"Nexo Informativo","Tiempo de lectura":"2 minutos"},"schema":{"@context":"https:\/\/schema.org","@graph":[{"@type":"Article","@id":"https:\/\/www.nexoinformativo.mx\/index.php\/2025\/01\/20\/trump-clasificara-a-carteles-mexicanos-como-terroristas-y-enviara-tropas-a-la-frontera\/#article","isPartOf":{"@id":"https:\/\/www.nexoinformativo.mx\/index.php\/2025\/01\/20\/trump-clasificara-a-carteles-mexicanos-como-terroristas-y-enviara-tropas-a-la-frontera\/"},"author":{"name":"Nexo Informativo","@id":"https:\/\/www.nexoinformativo.mx\/#\/schema\/person\/7749d380ba08c8ca00d7bc76fd907b7d"},"headline":"Clasificar\u00e1 Trump a c\u00e1rteles mexicanos como &#8220;Terroristas&#8221; y posiblemente enviar\u00e1 tropas a la frontera sur","datePublished":"2025-01-20T17:30:49+00:00","dateModified":"2025-01-20T20:01:03+00:00","mainEntityOfPage":{"@id":"https:\/\/www.nexoinformativo.mx\/index.php\/2025\/01\/20\/trump-clasificara-a-carteles-mexicanos-como-terroristas-y-enviara-tropas-a-la-frontera\/"},"wordCount":216,"commentCount":0,"publisher":{"@id":"https:\/\/www.nexoinformativo.mx\/#organization"},"image":{"@id":"https:\/\/www.nexoinformativo.mx\/index.php\/2025\/01\/20\/trump-clasificara-a-carteles-mexicanos-como-terroristas-y-enviara-tropas-a-la-frontera\/#primaryimage"},"thumbnailUrl":"https:\/\/www.nexoinformativo.mx\/wp-content\/uploads\/2025\/01\/IMG_9418-e1737402286678.jpg","keywords":["C\u00e1rtelesTerroristas","EmergenciaNacional","FronteraSegura","TrumpPresidente"],"articleSection":["Pol\u00edtica","\u00daltima Hora"],"inLanguage":"es","potentialAction":[{"@type":"CommentAction","name":"Comment","target":["https:\/\/www.nexoinformativo.mx\/index.php\/2025\/01\/20\/trump-clasificara-a-carteles-mexicanos-como-terroristas-y-enviara-tropas-a-la-frontera\/#respond"]}]},{"@type":"WebPage","@id":"https:\/\/www.nexoinformativo.mx\/index.php\/2025\/01\/20\/trump-clasificara-a-carteles-mexicanos-como-terroristas-y-enviara-tropas-a-la-frontera\/","url":"https:\/\/www.nexoinformativo.mx\/index.php\/2025\/01\/20\/trump-clasificara-a-carteles-mexicanos-como-terroristas-y-enviara-tropas-a-la-frontera\/","name":"Clasificar\u00e1 Trump a c\u00e1rteles mexicanos como \"Terroristas\" y posiblemente enviar\u00e1 tropas a la frontera sur | Nexo Informativo Santiago de Quer\u00e9taro","isPartOf":{"@id":"https:\/\/www.nexoinformativo.mx\/#website"},"primaryImageOfPage":{"@id":"https:\/\/www.nexoinformativo.mx\/index.php\/2025\/01\/20\/trump-clasificara-a-carteles-mexicanos-como-terroristas-y-enviara-tropas-a-la-frontera\/#primaryimage"},"image":{"@id":"https:\/\/www.nexoinformativo.mx\/index.php\/2025\/01\/20\/trump-clasificara-a-carteles-mexicanos-como-terroristas-y-enviara-tropas-a-la-frontera\/#primaryimage"},"thumbnailUrl":"https:\/\/www.nexoinformativo.mx\/wp-content\/uploads\/2025\/01\/IMG_9418-e1737402286678.jpg","datePublished":"2025-01-20T17:30:49+00:00","dateModified":"2025-01-20T20:01:03+00:00","description":"Trump clasificar\u00e1 a c\u00e1rteles mexicanos como \"Terroristas\" y posiblemente enviar\u00e1 tropas a la frontera suClasificar\u00e1 Trump","breadcrumb":{"@id":"https:\/\/www.nexoinformativo.mx\/index.php\/2025\/01\/20\/trump-clasificara-a-carteles-mexicanos-como-terroristas-y-enviara-tropas-a-la-frontera\/#breadcrumb"},"inLanguage":"es","potentialAction":[{"@type":"ReadAction","target":["https:\/\/www.nexoinformativo.mx\/index.php\/2025\/01\/20\/trump-clasificara-a-carteles-mexicanos-como-terroristas-y-enviara-tropas-a-la-frontera\/"]}]},{"@type":"ImageObject","inLanguage":"es","@id":"https:\/\/www.nexoinformativo.mx\/index.php\/2025\/01\/20\/trump-clasificara-a-carteles-mexicanos-como-terroristas-y-enviara-tropas-a-la-frontera\/#primaryimage","url":"https:\/\/www.nexoinformativo.mx\/wp-content\/uploads\/2025\/01\/IMG_9418-e1737402286678.jpg","contentUrl":"https:\/\/www.nexoinformativo.mx\/wp-content\/uploads\/2025\/01\/IMG_9418-e1737402286678.jpg","width":800,"height":462,"caption":"Screenshot"},{"@type":"BreadcrumbList","@id":"https:\/\/www.nexoinformativo.mx\/index.php\/2025\/01\/20\/trump-clasificara-a-carteles-mexicanos-como-terroristas-y-enviara-tropas-a-la-frontera\/#breadcrumb","itemListElement":[{"@type":"ListItem","position":1,"name":"Inicio","item":"https:\/\/www.nexoinformativo.mx\/"},{"@type":"ListItem","position":2,"name":"Clasificar\u00e1 Trump a c\u00e1rteles mexicanos como &#8220;Terroristas&#8221; y posiblemente enviar\u00e1 tropas a la frontera sur"}]},{"@type":"WebSite","@id":"https:\/\/www.nexoinformativo.mx\/#website","url":"https:\/\/www.nexoinformativo.mx\/","name":"Nexo Informativo Santiago de Quer\u00e9taro","description":"Explora NexoInformativo y convi\u00e9rtete en parte de una comunidad que valora el conocimiento y la verdad. Tu nexoinformativo es tu puente hacia una comprensi\u00f3n m\u00e1s profunda del mundo que te rodea.","publisher":{"@id":"https:\/\/www.nexoinformativo.mx\/#organization"},"potentialAction":[{"@type":"SearchAction","target":{"@type":"EntryPoint","urlTemplate":"https:\/\/www.nexoinformativo.mx\/?s={search_term_string}"},"query-input":{"@type":"PropertyValueSpecification","valueRequired":true,"valueName":"search_term_string"}}],"inLanguage":"es"},{"@type":"Organization","@id":"https:\/\/www.nexoinformativo.mx\/#organization","name":"Nexo Informativo Santiago de Quer\u00e9taro","url":"https:\/\/www.nexoinformativo.mx\/","logo":{"@type":"ImageObject","inLanguage":"es","@id":"https:\/\/www.nexoinformativo.mx\/#\/schema\/logo\/image\/","url":"https:\/\/www.nexoinformativo.mx\/wp-content\/uploads\/2024\/07\/nexoi-trasparente-2.png","contentUrl":"https:\/\/www.nexoinformativo.mx\/wp-content\/uploads\/2024\/07\/nexoi-trasparente-2.png","width":816,"height":339,"caption":"Nexo Informativo Santiago de Quer\u00e9taro"},"image":{"@id":"https:\/\/www.nexoinformativo.mx\/#\/schema\/logo\/image\/"},"sameAs":["https:\/\/www.facebook.com\/people\/Nexo-Informativo\/61564066885511\/"]},{"@type":"Person","@id":"https:\/\/www.nexoinformativo.mx\/#\/schema\/person\/7749d380ba08c8ca00d7bc76fd907b7d","name":"Nexo Informativo","image":{"@type":"ImageObject","inLanguage":"es","@id":"https:\/\/www.nexoinformativo.mx\/#\/schema\/person\/image\/","url":"https:\/\/secure.gravatar.com\/avatar\/dde2928154642a13d95f87ddf1ea9718fe2b46760a005c53e41ff5ad610704e6?s=96&d=mm&r=g","contentUrl":"https:\/\/secure.gravatar.com\/avatar\/dde2928154642a13d95f87ddf1ea9718fe2b46760a005c53e41ff5ad610704e6?s=96&d=mm&r=g","caption":"Nexo Informativo"},"url":"https:\/\/www.nexoinformativo.mx\/index.php\/author\/edicion\/"}]}},"_links":{"self":[{"href":"https:\/\/www.nexoinformativo.mx\/index.php\/wp-json\/wp\/v2\/posts\/10275","targetHints":{"allow":["GET"]}}],"collection":[{"href":"https:\/\/www.nexoinformativo.mx\/index.php\/wp-json\/wp\/v2\/posts"}],"about":[{"href":"https:\/\/www.nexoinformativo.mx\/index.php\/wp-json\/wp\/v2\/types\/post"}],"author":[{"embeddable":true,"href":"https:\/\/www.nexoinformativo.mx\/index.php\/wp-json\/wp\/v2\/users\/3"}],"replies":[{"embeddable":true,"href":"https:\/\/www.nexoinformativo.mx\/index.php\/wp-json\/wp\/v2\/comments?post=10275"}],"version-history":[{"count":7,"href":"https:\/\/www.nexoinformativo.mx\/index.php\/wp-json\/wp\/v2\/posts\/10275\/revisions"}],"predecessor-version":[{"id":10284,"href":"https:\/\/www.nexoinformativo.mx\/index.php\/wp-json\/wp\/v2\/posts\/10275\/revisions\/10284"}],"wp:featuredmedia":[{"embeddable":true,"href":"https:\/\/www.nexoinformativo.mx\/index.php\/wp-json\/wp\/v2\/media\/10277"}],"wp:attachment":[{"href":"https:\/\/www.nexoinformativo.mx\/index.php\/wp-json\/wp\/v2\/media?parent=10275"}],"wp:term":[{"taxonomy":"category","embeddable":true,"href":"https:\/\/www.nexoinformativo.mx\/index.php\/wp-json\/wp\/v2\/categories?post=10275"},{"taxonomy":"post_tag","embeddable":true,"href":"https:\/\/www.nexoinformativo.mx\/index.php\/wp-json\/wp\/v2\/tags?post=10275"}],"curies":[{"name":"wp","href":"https:\/\/api.w.org\/{rel}","templated":true}]}}