{"id":10285,"date":"2025-01-20T14:00:21","date_gmt":"2025-01-20T20:00:21","guid":{"rendered":"https:\/\/www.nexoinformativo.mx\/?p=10285"},"modified":"2025-01-20T19:42:58","modified_gmt":"2025-01-21T01:42:58","slug":"camara-de-comercio-de-queretaro-senala-que-politicas-de-trump-impactaran-en-economia-y-migracion-de-mexico","status":"publish","type":"post","link":"https:\/\/www.nexoinformativo.mx\/index.php\/2025\/01\/20\/camara-de-comercio-de-queretaro-senala-que-politicas-de-trump-impactaran-en-economia-y-migracion-de-mexico\/","title":{"rendered":"C\u00e1mara de Comercio de Quer\u00e9taro se\u00f1ala que pol\u00edticas de Trump impactar\u00e1n en econom\u00eda y migraci\u00f3n de M\u00e9xico"},"content":{"rendered":"<p style=\"text-align: justify;\">La presidenta de la C\u00e1mara de Comercio de Quer\u00e9taro, Lorena Mu\u00f1oz, afirm\u00f3 que las pol\u00edticas anunciadas por el presidente Trump tendr\u00e1n un impacto significativo en M\u00e9xico, tanto en el \u00e1mbito econ\u00f3mico como en el migratorio. Esto se debe a que el 82% de lo que se produce en M\u00e9xico se exporta a Estados Unidos.<\/p>\n<p>&nbsp;<\/p>\n<p style=\"text-align: justify;\">A nivel nacional, se ha trabajado en un plan para fortalecer los lazos comerciales y de negocios con empresas de pa\u00edses de Latinoam\u00e9rica y Europa.<\/p>\n<p>&nbsp;<\/p>\n<p style=\"text-align: justify;\">En Quer\u00e9taro, ser\u00e1 crucial seguir generando empleos ante la posible demanda incrementada, lo cual ya se ha planteado en la estrategia estatal de generaci\u00f3n de plazas anunciada la semana pasada en conjunto con el Gobierno de Quer\u00e9taro.<\/p>\n<p>&nbsp;<\/p>\n<p style=\"text-align: justify;\">En t\u00e9rminos de migraci\u00f3n, Mu\u00f1oz advirti\u00f3 que podr\u00edan generarse problemas sociales debido a la dificultad de M\u00e9xico para ofrecer asilo pol\u00edtico a los migrantes.<\/p>\n<p>&nbsp;<\/p>\n<p style=\"text-align: justify;\">Esto podr\u00eda provocar problemas de vivienda y salud. Sin embargo, destac\u00f3 el mensaje positivo de la presidenta de M\u00e9xico, Claudia Sheinbaum, al invitar a los estados fronterizos a prepararse para brindar un espacio adecuado a los migrantes de manera temporal.<\/p>\n<p>&nbsp;<\/p>\n<p style=\"text-align: justify;\">Mu\u00f1oz se\u00f1al\u00f3 que el nuevo gobierno de Trump trabajar\u00e1 en tres aspectos espec\u00edficos: fortalecer la econom\u00eda de EU incentivando la producci\u00f3n local y aumentando los aranceles de importaci\u00f3n; regresar a migrantes ilegales a sus lugares de origen o a M\u00e9xico mediante un decreto; y trabajar en la expansi\u00f3n de EU y su colaboraci\u00f3n con otros pa\u00edses.<\/p>\n<p>&nbsp;<\/p>\n<p style=\"text-align: center;\"><em><strong>\u00a1Informaci\u00f3n que transforma!<\/strong><\/em><\/p>\n","protected":false},"excerpt":{"rendered":"<p>La presidenta de la C\u00e1mara de Comercio de Quer\u00e9taro, Lorena Mu\u00f1oz, afirm\u00f3 que las pol\u00edticas anunciadas por el presidente Trump tendr\u00e1n un impacto significativo en M\u00e9xico, tanto en el \u00e1mbito econ\u00f3mico como en el migratorio. Esto se debe a que el 82% de lo que se produce en M\u00e9xico se exporta a Estados Unidos.<\/p>\n","protected":false},"author":3,"featured_media":10286,"comment_status":"open","ping_status":"open","sticky":false,"template":"","format":"standard","meta":{"footnotes":""},"categories":[5,42,58],"tags":[967,2057,1314,1846],"class_list":["post-10285","post","type-post","status-publish","format-standard","has-post-thumbnail","hentry","category-economia","category-estado","category-ultima-hora","tag-claudiasheinbaum","tag-donaldtrump","tag-economiamexico","tag-migracion"],"yoast_head":"<!-- This site is optimized with the Yoast SEO plugin v25.0 - https:\/\/yoast.com\/wordpress\/plugins\/seo\/ -->\n<title>C\u00e1mara de Comercio de Quer\u00e9taro se\u00f1ala que pol\u00edticas de Trump impactar\u00e1n en econom\u00eda y migraci\u00f3n de M\u00e9xico | Nexo Informativo Santiago de Quer\u00e9taro<\/title>\n<meta name=\"description\" content=\"C\u00e1mara de Comercio de Quer\u00e9taro se\u00f1ala que pol\u00edticas de Trump impactar\u00e1n en econom\u00eda y migraci\u00f3n de M\u00e9xico\" \/>\n<meta name=\"robots\" content=\"index, follow, max-snippet:-1, max-image-preview:large, max-video-preview:-1\" \/>\n<link rel=\"canonical\" href=\"https:\/\/www.nexoinformativo.mx\/index.php\/2025\/01\/20\/camara-de-comercio-de-queretaro-senala-que-politicas-de-trump-impactaran-en-economia-y-migracion-de-mexico\/\" \/>\n<meta property=\"og:locale\" content=\"es_MX\" \/>\n<meta property=\"og:type\" content=\"article\" \/>\n<meta property=\"og:title\" content=\"C\u00e1mara de Comercio de Quer\u00e9taro se\u00f1ala que pol\u00edticas de Trump impactar\u00e1n en econom\u00eda y migraci\u00f3n de M\u00e9xico | Nexo Informativo Santiago de Quer\u00e9taro\" \/>\n<meta property=\"og:description\" content=\"C\u00e1mara de Comercio de Quer\u00e9taro se\u00f1ala que pol\u00edticas de Trump impactar\u00e1n en econom\u00eda y migraci\u00f3n de M\u00e9xico\" \/>\n<meta property=\"og:url\" content=\"https:\/\/www.nexoinformativo.mx\/index.php\/2025\/01\/20\/camara-de-comercio-de-queretaro-senala-que-politicas-de-trump-impactaran-en-economia-y-migracion-de-mexico\/\" \/>\n<meta property=\"og:site_name\" content=\"Nexo Informativo Santiago de Quer\u00e9taro\" \/>\n<meta property=\"article:publisher\" content=\"https:\/\/www.facebook.com\/people\/Nexo-Informativo\/61564066885511\/\" \/>\n<meta property=\"article:published_time\" content=\"2025-01-20T20:00:21+00:00\" \/>\n<meta property=\"article:modified_time\" content=\"2025-01-21T01:42:58+00:00\" \/>\n<meta property=\"og:image\" content=\"https:\/\/www.nexoinformativo.mx\/wp-content\/uploads\/2025\/01\/PHOTO-2025-01-20-14-40-34-e1737423690850.jpg\" \/>\n\t<meta property=\"og:image:width\" content=\"800\" \/>\n\t<meta property=\"og:image:height\" content=\"533\" \/>\n\t<meta property=\"og:image:type\" content=\"image\/jpeg\" \/>\n<meta name=\"author\" content=\"Nexo Informativo\" \/>\n<meta name=\"twitter:card\" content=\"summary_large_image\" \/>\n<meta name=\"twitter:label1\" content=\"Escrito por\" \/>\n\t<meta name=\"twitter:data1\" content=\"Nexo Informativo\" \/>\n\t<meta name=\"twitter:label2\" content=\"Tiempo de lectura\" \/>\n\t<meta name=\"twitter:data2\" content=\"2 minutos\" \/>\n<script type=\"application\/ld+json\" class=\"yoast-schema-graph\">{\"@context\":\"https:\/\/schema.org\",\"@graph\":[{\"@type\":\"Article\",\"@id\":\"https:\/\/www.nexoinformativo.mx\/index.php\/2025\/01\/20\/camara-de-comercio-de-queretaro-senala-que-politicas-de-trump-impactaran-en-economia-y-migracion-de-mexico\/#article\",\"isPartOf\":{\"@id\":\"https:\/\/www.nexoinformativo.mx\/index.php\/2025\/01\/20\/camara-de-comercio-de-queretaro-senala-que-politicas-de-trump-impactaran-en-economia-y-migracion-de-mexico\/\"},\"author\":{\"name\":\"Nexo Informativo\",\"@id\":\"https:\/\/www.nexoinformativo.mx\/#\/schema\/person\/7749d380ba08c8ca00d7bc76fd907b7d\"},\"headline\":\"C\u00e1mara de Comercio de Quer\u00e9taro se\u00f1ala que pol\u00edticas de Trump impactar\u00e1n en econom\u00eda y migraci\u00f3n de M\u00e9xico\",\"datePublished\":\"2025-01-20T20:00:21+00:00\",\"dateModified\":\"2025-01-21T01:42:58+00:00\",\"mainEntityOfPage\":{\"@id\":\"https:\/\/www.nexoinformativo.mx\/index.php\/2025\/01\/20\/camara-de-comercio-de-queretaro-senala-que-politicas-de-trump-impactaran-en-economia-y-migracion-de-mexico\/\"},\"wordCount\":301,\"commentCount\":0,\"publisher\":{\"@id\":\"https:\/\/www.nexoinformativo.mx\/#organization\"},\"image\":{\"@id\":\"https:\/\/www.nexoinformativo.mx\/index.php\/2025\/01\/20\/camara-de-comercio-de-queretaro-senala-que-politicas-de-trump-impactaran-en-economia-y-migracion-de-mexico\/#primaryimage\"},\"thumbnailUrl\":\"https:\/\/www.nexoinformativo.mx\/wp-content\/uploads\/2025\/01\/PHOTO-2025-01-20-14-40-34-e1737423690850.jpg\",\"keywords\":[\"ClaudiaSheinbaum\",\"DonaldTrump\",\"Econom\u00edaM\u00e9xico\",\"Migraci\u00f3n\"],\"articleSection\":[\"Econom\u00eda\",\"Estado\",\"\u00daltima Hora\"],\"inLanguage\":\"es\",\"potentialAction\":[{\"@type\":\"CommentAction\",\"name\":\"Comment\",\"target\":[\"https:\/\/www.nexoinformativo.mx\/index.php\/2025\/01\/20\/camara-de-comercio-de-queretaro-senala-que-politicas-de-trump-impactaran-en-economia-y-migracion-de-mexico\/#respond\"]}]},{\"@type\":\"WebPage\",\"@id\":\"https:\/\/www.nexoinformativo.mx\/index.php\/2025\/01\/20\/camara-de-comercio-de-queretaro-senala-que-politicas-de-trump-impactaran-en-economia-y-migracion-de-mexico\/\",\"url\":\"https:\/\/www.nexoinformativo.mx\/index.php\/2025\/01\/20\/camara-de-comercio-de-queretaro-senala-que-politicas-de-trump-impactaran-en-economia-y-migracion-de-mexico\/\",\"name\":\"C\u00e1mara de Comercio de Quer\u00e9taro se\u00f1ala que pol\u00edticas de Trump impactar\u00e1n en econom\u00eda y migraci\u00f3n de M\u00e9xico | Nexo Informativo Santiago de Quer\u00e9taro\",\"isPartOf\":{\"@id\":\"https:\/\/www.nexoinformativo.mx\/#website\"},\"primaryImageOfPage\":{\"@id\":\"https:\/\/www.nexoinformativo.mx\/index.php\/2025\/01\/20\/camara-de-comercio-de-queretaro-senala-que-politicas-de-trump-impactaran-en-economia-y-migracion-de-mexico\/#primaryimage\"},\"image\":{\"@id\":\"https:\/\/www.nexoinformativo.mx\/index.php\/2025\/01\/20\/camara-de-comercio-de-queretaro-senala-que-politicas-de-trump-impactaran-en-economia-y-migracion-de-mexico\/#primaryimage\"},\"thumbnailUrl\":\"https:\/\/www.nexoinformativo.mx\/wp-content\/uploads\/2025\/01\/PHOTO-2025-01-20-14-40-34-e1737423690850.jpg\",\"datePublished\":\"2025-01-20T20:00:21+00:00\",\"dateModified\":\"2025-01-21T01:42:58+00:00\",\"description\":\"C\u00e1mara de Comercio de Quer\u00e9taro se\u00f1ala que pol\u00edticas de Trump impactar\u00e1n en econom\u00eda y migraci\u00f3n de M\u00e9xico\",\"breadcrumb\":{\"@id\":\"https:\/\/www.nexoinformativo.mx\/index.php\/2025\/01\/20\/camara-de-comercio-de-queretaro-senala-que-politicas-de-trump-impactaran-en-economia-y-migracion-de-mexico\/#breadcrumb\"},\"inLanguage\":\"es\",\"potentialAction\":[{\"@type\":\"ReadAction\",\"target\":[\"https:\/\/www.nexoinformativo.mx\/index.php\/2025\/01\/20\/camara-de-comercio-de-queretaro-senala-que-politicas-de-trump-impactaran-en-economia-y-migracion-de-mexico\/\"]}]},{\"@type\":\"ImageObject\",\"inLanguage\":\"es\",\"@id\":\"https:\/\/www.nexoinformativo.mx\/index.php\/2025\/01\/20\/camara-de-comercio-de-queretaro-senala-que-politicas-de-trump-impactaran-en-economia-y-migracion-de-mexico\/#primaryimage\",\"url\":\"https:\/\/www.nexoinformativo.mx\/wp-content\/uploads\/2025\/01\/PHOTO-2025-01-20-14-40-34-e1737423690850.jpg\",\"contentUrl\":\"https:\/\/www.nexoinformativo.mx\/wp-content\/uploads\/2025\/01\/PHOTO-2025-01-20-14-40-34-e1737423690850.jpg\",\"width\":800,\"height\":533},{\"@type\":\"BreadcrumbList\",\"@id\":\"https:\/\/www.nexoinformativo.mx\/index.php\/2025\/01\/20\/camara-de-comercio-de-queretaro-senala-que-politicas-de-trump-impactaran-en-economia-y-migracion-de-mexico\/#breadcrumb\",\"itemListElement\":[{\"@type\":\"ListItem\",\"position\":1,\"name\":\"Inicio\",\"item\":\"https:\/\/www.nexoinformativo.mx\/\"},{\"@type\":\"ListItem\",\"position\":2,\"name\":\"C\u00e1mara de Comercio de Quer\u00e9taro se\u00f1ala que pol\u00edticas de Trump impactar\u00e1n en econom\u00eda y migraci\u00f3n de M\u00e9xico\"}]},{\"@type\":\"WebSite\",\"@id\":\"https:\/\/www.nexoinformativo.mx\/#website\",\"url\":\"https:\/\/www.nexoinformativo.mx\/\",\"name\":\"Nexo Informativo Santiago de Quer\u00e9taro\",\"description\":\"Explora NexoInformativo y convi\u00e9rtete en parte de una comunidad que valora el conocimiento y la verdad. Tu nexoinformativo es tu puente hacia una comprensi\u00f3n m\u00e1s profunda del mundo que te rodea.\",\"publisher\":{\"@id\":\"https:\/\/www.nexoinformativo.mx\/#organization\"},\"potentialAction\":[{\"@type\":\"SearchAction\",\"target\":{\"@type\":\"EntryPoint\",\"urlTemplate\":\"https:\/\/www.nexoinformativo.mx\/?s={search_term_string}\"},\"query-input\":{\"@type\":\"PropertyValueSpecification\",\"valueRequired\":true,\"valueName\":\"search_term_string\"}}],\"inLanguage\":\"es\"},{\"@type\":\"Organization\",\"@id\":\"https:\/\/www.nexoinformativo.mx\/#organization\",\"name\":\"Nexo Informativo Santiago de Quer\u00e9taro\",\"url\":\"https:\/\/www.nexoinformativo.mx\/\",\"logo\":{\"@type\":\"ImageObject\",\"inLanguage\":\"es\",\"@id\":\"https:\/\/www.nexoinformativo.mx\/#\/schema\/logo\/image\/\",\"url\":\"https:\/\/www.nexoinformativo.mx\/wp-content\/uploads\/2024\/07\/nexoi-trasparente-2.png\",\"contentUrl\":\"https:\/\/www.nexoinformativo.mx\/wp-content\/uploads\/2024\/07\/nexoi-trasparente-2.png\",\"width\":816,\"height\":339,\"caption\":\"Nexo Informativo Santiago de Quer\u00e9taro\"},\"image\":{\"@id\":\"https:\/\/www.nexoinformativo.mx\/#\/schema\/logo\/image\/\"},\"sameAs\":[\"https:\/\/www.facebook.com\/people\/Nexo-Informativo\/61564066885511\/\"]},{\"@type\":\"Person\",\"@id\":\"https:\/\/www.nexoinformativo.mx\/#\/schema\/person\/7749d380ba08c8ca00d7bc76fd907b7d\",\"name\":\"Nexo Informativo\",\"image\":{\"@type\":\"ImageObject\",\"inLanguage\":\"es\",\"@id\":\"https:\/\/www.nexoinformativo.mx\/#\/schema\/person\/image\/\",\"url\":\"https:\/\/secure.gravatar.com\/avatar\/dde2928154642a13d95f87ddf1ea9718fe2b46760a005c53e41ff5ad610704e6?s=96&d=mm&r=g\",\"contentUrl\":\"https:\/\/secure.gravatar.com\/avatar\/dde2928154642a13d95f87ddf1ea9718fe2b46760a005c53e41ff5ad610704e6?s=96&d=mm&r=g\",\"caption\":\"Nexo Informativo\"},\"url\":\"https:\/\/www.nexoinformativo.mx\/index.php\/author\/edicion\/\"}]}<\/script>\n<!-- \/ Yoast SEO plugin. -->","yoast_head_json":{"title":"C\u00e1mara de Comercio de Quer\u00e9taro se\u00f1ala que pol\u00edticas de Trump impactar\u00e1n en econom\u00eda y migraci\u00f3n de M\u00e9xico | Nexo Informativo Santiago de Quer\u00e9taro","description":"C\u00e1mara de Comercio de Quer\u00e9taro se\u00f1ala que pol\u00edticas de Trump impactar\u00e1n en econom\u00eda y migraci\u00f3n de M\u00e9xico","robots":{"index":"index","follow":"follow","max-snippet":"max-snippet:-1","max-image-preview":"max-image-preview:large","max-video-preview":"max-video-preview:-1"},"canonical":"https:\/\/www.nexoinformativo.mx\/index.php\/2025\/01\/20\/camara-de-comercio-de-queretaro-senala-que-politicas-de-trump-impactaran-en-economia-y-migracion-de-mexico\/","og_locale":"es_MX","og_type":"article","og_title":"C\u00e1mara de Comercio de Quer\u00e9taro se\u00f1ala que pol\u00edticas de Trump impactar\u00e1n en econom\u00eda y migraci\u00f3n de M\u00e9xico | Nexo Informativo Santiago de Quer\u00e9taro","og_description":"C\u00e1mara de Comercio de Quer\u00e9taro se\u00f1ala que pol\u00edticas de Trump impactar\u00e1n en econom\u00eda y migraci\u00f3n de M\u00e9xico","og_url":"https:\/\/www.nexoinformativo.mx\/index.php\/2025\/01\/20\/camara-de-comercio-de-queretaro-senala-que-politicas-de-trump-impactaran-en-economia-y-migracion-de-mexico\/","og_site_name":"Nexo Informativo Santiago de Quer\u00e9taro","article_publisher":"https:\/\/www.facebook.com\/people\/Nexo-Informativo\/61564066885511\/","article_published_time":"2025-01-20T20:00:21+00:00","article_modified_time":"2025-01-21T01:42:58+00:00","og_image":[{"width":800,"height":533,"url":"https:\/\/www.nexoinformativo.mx\/wp-content\/uploads\/2025\/01\/PHOTO-2025-01-20-14-40-34-e1737423690850.jpg","type":"image\/jpeg"}],"author":"Nexo Informativo","twitter_card":"summary_large_image","twitter_misc":{"Escrito por":"Nexo Informativo","Tiempo de lectura":"2 minutos"},"schema":{"@context":"https:\/\/schema.org","@graph":[{"@type":"Article","@id":"https:\/\/www.nexoinformativo.mx\/index.php\/2025\/01\/20\/camara-de-comercio-de-queretaro-senala-que-politicas-de-trump-impactaran-en-economia-y-migracion-de-mexico\/#article","isPartOf":{"@id":"https:\/\/www.nexoinformativo.mx\/index.php\/2025\/01\/20\/camara-de-comercio-de-queretaro-senala-que-politicas-de-trump-impactaran-en-economia-y-migracion-de-mexico\/"},"author":{"name":"Nexo Informativo","@id":"https:\/\/www.nexoinformativo.mx\/#\/schema\/person\/7749d380ba08c8ca00d7bc76fd907b7d"},"headline":"C\u00e1mara de Comercio de Quer\u00e9taro se\u00f1ala que pol\u00edticas de Trump impactar\u00e1n en econom\u00eda y migraci\u00f3n de M\u00e9xico","datePublished":"2025-01-20T20:00:21+00:00","dateModified":"2025-01-21T01:42:58+00:00","mainEntityOfPage":{"@id":"https:\/\/www.nexoinformativo.mx\/index.php\/2025\/01\/20\/camara-de-comercio-de-queretaro-senala-que-politicas-de-trump-impactaran-en-economia-y-migracion-de-mexico\/"},"wordCount":301,"commentCount":0,"publisher":{"@id":"https:\/\/www.nexoinformativo.mx\/#organization"},"image":{"@id":"https:\/\/www.nexoinformativo.mx\/index.php\/2025\/01\/20\/camara-de-comercio-de-queretaro-senala-que-politicas-de-trump-impactaran-en-economia-y-migracion-de-mexico\/#primaryimage"},"thumbnailUrl":"https:\/\/www.nexoinformativo.mx\/wp-content\/uploads\/2025\/01\/PHOTO-2025-01-20-14-40-34-e1737423690850.jpg","keywords":["ClaudiaSheinbaum","DonaldTrump","Econom\u00edaM\u00e9xico","Migraci\u00f3n"],"articleSection":["Econom\u00eda","Estado","\u00daltima Hora"],"inLanguage":"es","potentialAction":[{"@type":"CommentAction","name":"Comment","target":["https:\/\/www.nexoinformativo.mx\/index.php\/2025\/01\/20\/camara-de-comercio-de-queretaro-senala-que-politicas-de-trump-impactaran-en-economia-y-migracion-de-mexico\/#respond"]}]},{"@type":"WebPage","@id":"https:\/\/www.nexoinformativo.mx\/index.php\/2025\/01\/20\/camara-de-comercio-de-queretaro-senala-que-politicas-de-trump-impactaran-en-economia-y-migracion-de-mexico\/","url":"https:\/\/www.nexoinformativo.mx\/index.php\/2025\/01\/20\/camara-de-comercio-de-queretaro-senala-que-politicas-de-trump-impactaran-en-economia-y-migracion-de-mexico\/","name":"C\u00e1mara de Comercio de Quer\u00e9taro se\u00f1ala que pol\u00edticas de Trump impactar\u00e1n en econom\u00eda y migraci\u00f3n de M\u00e9xico | Nexo Informativo Santiago de Quer\u00e9taro","isPartOf":{"@id":"https:\/\/www.nexoinformativo.mx\/#website"},"primaryImageOfPage":{"@id":"https:\/\/www.nexoinformativo.mx\/index.php\/2025\/01\/20\/camara-de-comercio-de-queretaro-senala-que-politicas-de-trump-impactaran-en-economia-y-migracion-de-mexico\/#primaryimage"},"image":{"@id":"https:\/\/www.nexoinformativo.mx\/index.php\/2025\/01\/20\/camara-de-comercio-de-queretaro-senala-que-politicas-de-trump-impactaran-en-economia-y-migracion-de-mexico\/#primaryimage"},"thumbnailUrl":"https:\/\/www.nexoinformativo.mx\/wp-content\/uploads\/2025\/01\/PHOTO-2025-01-20-14-40-34-e1737423690850.jpg","datePublished":"2025-01-20T20:00:21+00:00","dateModified":"2025-01-21T01:42:58+00:00","description":"C\u00e1mara de Comercio de Quer\u00e9taro se\u00f1ala que pol\u00edticas de Trump impactar\u00e1n en econom\u00eda y migraci\u00f3n de M\u00e9xico","breadcrumb":{"@id":"https:\/\/www.nexoinformativo.mx\/index.php\/2025\/01\/20\/camara-de-comercio-de-queretaro-senala-que-politicas-de-trump-impactaran-en-economia-y-migracion-de-mexico\/#breadcrumb"},"inLanguage":"es","potentialAction":[{"@type":"ReadAction","target":["https:\/\/www.nexoinformativo.mx\/index.php\/2025\/01\/20\/camara-de-comercio-de-queretaro-senala-que-politicas-de-trump-impactaran-en-economia-y-migracion-de-mexico\/"]}]},{"@type":"ImageObject","inLanguage":"es","@id":"https:\/\/www.nexoinformativo.mx\/index.php\/2025\/01\/20\/camara-de-comercio-de-queretaro-senala-que-politicas-de-trump-impactaran-en-economia-y-migracion-de-mexico\/#primaryimage","url":"https:\/\/www.nexoinformativo.mx\/wp-content\/uploads\/2025\/01\/PHOTO-2025-01-20-14-40-34-e1737423690850.jpg","contentUrl":"https:\/\/www.nexoinformativo.mx\/wp-content\/uploads\/2025\/01\/PHOTO-2025-01-20-14-40-34-e1737423690850.jpg","width":800,"height":533},{"@type":"BreadcrumbList","@id":"https:\/\/www.nexoinformativo.mx\/index.php\/2025\/01\/20\/camara-de-comercio-de-queretaro-senala-que-politicas-de-trump-impactaran-en-economia-y-migracion-de-mexico\/#breadcrumb","itemListElement":[{"@type":"ListItem","position":1,"name":"Inicio","item":"https:\/\/www.nexoinformativo.mx\/"},{"@type":"ListItem","position":2,"name":"C\u00e1mara de Comercio de Quer\u00e9taro se\u00f1ala que pol\u00edticas de Trump impactar\u00e1n en econom\u00eda y migraci\u00f3n de M\u00e9xico"}]},{"@type":"WebSite","@id":"https:\/\/www.nexoinformativo.mx\/#website","url":"https:\/\/www.nexoinformativo.mx\/","name":"Nexo Informativo Santiago de Quer\u00e9taro","description":"Explora NexoInformativo y convi\u00e9rtete en parte de una comunidad que valora el conocimiento y la verdad. Tu nexoinformativo es tu puente hacia una comprensi\u00f3n m\u00e1s profunda del mundo que te rodea.","publisher":{"@id":"https:\/\/www.nexoinformativo.mx\/#organization"},"potentialAction":[{"@type":"SearchAction","target":{"@type":"EntryPoint","urlTemplate":"https:\/\/www.nexoinformativo.mx\/?s={search_term_string}"},"query-input":{"@type":"PropertyValueSpecification","valueRequired":true,"valueName":"search_term_string"}}],"inLanguage":"es"},{"@type":"Organization","@id":"https:\/\/www.nexoinformativo.mx\/#organization","name":"Nexo Informativo Santiago de Quer\u00e9taro","url":"https:\/\/www.nexoinformativo.mx\/","logo":{"@type":"ImageObject","inLanguage":"es","@id":"https:\/\/www.nexoinformativo.mx\/#\/schema\/logo\/image\/","url":"https:\/\/www.nexoinformativo.mx\/wp-content\/uploads\/2024\/07\/nexoi-trasparente-2.png","contentUrl":"https:\/\/www.nexoinformativo.mx\/wp-content\/uploads\/2024\/07\/nexoi-trasparente-2.png","width":816,"height":339,"caption":"Nexo Informativo Santiago de Quer\u00e9taro"},"image":{"@id":"https:\/\/www.nexoinformativo.mx\/#\/schema\/logo\/image\/"},"sameAs":["https:\/\/www.facebook.com\/people\/Nexo-Informativo\/61564066885511\/"]},{"@type":"Person","@id":"https:\/\/www.nexoinformativo.mx\/#\/schema\/person\/7749d380ba08c8ca00d7bc76fd907b7d","name":"Nexo Informativo","image":{"@type":"ImageObject","inLanguage":"es","@id":"https:\/\/www.nexoinformativo.mx\/#\/schema\/person\/image\/","url":"https:\/\/secure.gravatar.com\/avatar\/dde2928154642a13d95f87ddf1ea9718fe2b46760a005c53e41ff5ad610704e6?s=96&d=mm&r=g","contentUrl":"https:\/\/secure.gravatar.com\/avatar\/dde2928154642a13d95f87ddf1ea9718fe2b46760a005c53e41ff5ad610704e6?s=96&d=mm&r=g","caption":"Nexo Informativo"},"url":"https:\/\/www.nexoinformativo.mx\/index.php\/author\/edicion\/"}]}},"_links":{"self":[{"href":"https:\/\/www.nexoinformativo.mx\/index.php\/wp-json\/wp\/v2\/posts\/10285","targetHints":{"allow":["GET"]}}],"collection":[{"href":"https:\/\/www.nexoinformativo.mx\/index.php\/wp-json\/wp\/v2\/posts"}],"about":[{"href":"https:\/\/www.nexoinformativo.mx\/index.php\/wp-json\/wp\/v2\/types\/post"}],"author":[{"embeddable":true,"href":"https:\/\/www.nexoinformativo.mx\/index.php\/wp-json\/wp\/v2\/users\/3"}],"replies":[{"embeddable":true,"href":"https:\/\/www.nexoinformativo.mx\/index.php\/wp-json\/wp\/v2\/comments?post=10285"}],"version-history":[{"count":4,"href":"https:\/\/www.nexoinformativo.mx\/index.php\/wp-json\/wp\/v2\/posts\/10285\/revisions"}],"predecessor-version":[{"id":10290,"href":"https:\/\/www.nexoinformativo.mx\/index.php\/wp-json\/wp\/v2\/posts\/10285\/revisions\/10290"}],"wp:featuredmedia":[{"embeddable":true,"href":"https:\/\/www.nexoinformativo.mx\/index.php\/wp-json\/wp\/v2\/media\/10286"}],"wp:attachment":[{"href":"https:\/\/www.nexoinformativo.mx\/index.php\/wp-json\/wp\/v2\/media?parent=10285"}],"wp:term":[{"taxonomy":"category","embeddable":true,"href":"https:\/\/www.nexoinformativo.mx\/index.php\/wp-json\/wp\/v2\/categories?post=10285"},{"taxonomy":"post_tag","embeddable":true,"href":"https:\/\/www.nexoinformativo.mx\/index.php\/wp-json\/wp\/v2\/tags?post=10285"}],"curies":[{"name":"wp","href":"https:\/\/api.w.org\/{rel}","templated":true}]}}