{"id":10291,"date":"2025-01-20T15:00:00","date_gmt":"2025-01-20T21:00:00","guid":{"rendered":"https:\/\/www.nexoinformativo.mx\/?p=10291"},"modified":"2025-01-20T19:47:45","modified_gmt":"2025-01-21T01:47:45","slug":"detenido-y-vinculado-a-proceso-por-robo-a-comercio-en-la-esperanza-colon","status":"publish","type":"post","link":"https:\/\/www.nexoinformativo.mx\/index.php\/2025\/01\/20\/detenido-y-vinculado-a-proceso-por-robo-a-comercio-en-la-esperanza-colon\/","title":{"rendered":"Detenido y vinculado a proceso por robo a comercio en La Esperanza Col\u00f3n"},"content":{"rendered":"<p style=\"text-align: justify;\" data-sourcepos=\"11:1-11:238\">La Fiscal\u00eda General del Estado de Quer\u00e9taro logr\u00f3 que un juez vinculara a proceso a una persona acusada de robar una tienda de abarrotes en la comunidad de La Esperanza, en el municipio de Col\u00f3n.<\/p>\n<\/p>\n<p>&nbsp;<\/p>\n<p style=\"text-align: justify;\" data-sourcepos=\"13:1-13:249\">Los hechos ocurrieron el 15 de febrero de 2024, cuando el imputado ingres\u00f3 al establecimiento y sustrajo el dinero de la venta del d\u00eda. Gracias a las investigaciones realizadas por la Fiscal\u00eda, se logr\u00f3 identificar y detener al presunto responsable.<\/p>\n<\/p>\n<p>&nbsp;<\/p>\n<p style=\"text-align: justify;\" data-sourcepos=\"15:1-15:301\">Durante la audiencia inicial, el juez de control valor\u00f3 las pruebas presentadas por la Fiscal\u00eda y determin\u00f3 vincular a proceso al imputado, imponi\u00e9ndole la medida cautelar de prisi\u00f3n preventiva justificada. Adem\u00e1s, se estableci\u00f3 un plazo de dos meses para el cierre de la investigaci\u00f3n complementaria.<\/p>\n<\/p>\n<p>&nbsp;<\/p>\n<p style=\"text-align: justify;\" data-sourcepos=\"17:1-17:199\">Con esta acci\u00f3n, la Fiscal\u00eda General del Estado de Quer\u00e9taro demuestra su compromiso en la lucha contra el delito y env\u00eda un mensaje claro a quienes infringen la ley: ser\u00e1n llevados ante la justicia.<\/p>\n<\/p>\n<p>&nbsp;<\/p>\n<p style=\"text-align: center;\" data-sourcepos=\"17:1-17:199\"><em><strong>\u00a1Informaci\u00f3n que transforma!<\/strong><\/em><\/p>\n<h3 data-sourcepos=\"19:1-19:37\"><\/h3>\n","protected":false},"excerpt":{"rendered":"<p>La Fiscal\u00eda General del Estado de Quer\u00e9taro logr\u00f3 que un juez vinculara a proceso a una persona acusada de robar una tienda de abarrotes en la comunidad de La Esperanza, en el municipio de Col\u00f3n.<\/p>\n","protected":false},"author":3,"featured_media":10292,"comment_status":"open","ping_status":"open","sticky":false,"template":"","format":"standard","meta":{"footnotes":""},"categories":[137,58],"tags":[2897,480,133,2350],"class_list":["post-10291","post","type-post","status-publish","format-standard","has-post-thumbnail","hentry","category-sucesos","category-ultima-hora","tag-detenido","tag-justicia","tag-queretaro","tag-robo"],"yoast_head":"<!-- This site is optimized with the Yoast SEO plugin v25.0 - https:\/\/yoast.com\/wordpress\/plugins\/seo\/ -->\n<title>Detenido y vinculado a proceso por robo a comercio en La Esperanza Col\u00f3n | Nexo Informativo Santiago de Quer\u00e9taro<\/title>\n<meta name=\"description\" content=\"Detenido y vinculado a proceso por robo a comercio en La Esperanza Col\u00f3n\" \/>\n<meta name=\"robots\" content=\"index, follow, max-snippet:-1, max-image-preview:large, max-video-preview:-1\" \/>\n<link rel=\"canonical\" href=\"https:\/\/www.nexoinformativo.mx\/index.php\/2025\/01\/20\/detenido-y-vinculado-a-proceso-por-robo-a-comercio-en-la-esperanza-colon\/\" \/>\n<meta property=\"og:locale\" content=\"es_MX\" \/>\n<meta property=\"og:type\" content=\"article\" \/>\n<meta property=\"og:title\" content=\"Detenido y vinculado a proceso por robo a comercio en La Esperanza Col\u00f3n | Nexo Informativo Santiago de Quer\u00e9taro\" \/>\n<meta property=\"og:description\" content=\"Detenido y vinculado a proceso por robo a comercio en La Esperanza Col\u00f3n\" \/>\n<meta property=\"og:url\" content=\"https:\/\/www.nexoinformativo.mx\/index.php\/2025\/01\/20\/detenido-y-vinculado-a-proceso-por-robo-a-comercio-en-la-esperanza-colon\/\" \/>\n<meta property=\"og:site_name\" content=\"Nexo Informativo Santiago de Quer\u00e9taro\" \/>\n<meta property=\"article:publisher\" content=\"https:\/\/www.facebook.com\/people\/Nexo-Informativo\/61564066885511\/\" \/>\n<meta property=\"article:published_time\" content=\"2025-01-20T21:00:00+00:00\" \/>\n<meta property=\"article:modified_time\" content=\"2025-01-21T01:47:45+00:00\" \/>\n<meta property=\"og:image\" content=\"https:\/\/www.nexoinformativo.mx\/wp-content\/uploads\/2025\/01\/PHOTO-2025-01-20-16-48-15-e1737424024622.jpg\" \/>\n\t<meta property=\"og:image:width\" content=\"800\" \/>\n\t<meta property=\"og:image:height\" content=\"504\" \/>\n\t<meta property=\"og:image:type\" content=\"image\/jpeg\" \/>\n<meta name=\"author\" content=\"Nexo Informativo\" \/>\n<meta name=\"twitter:card\" content=\"summary_large_image\" \/>\n<meta name=\"twitter:label1\" content=\"Escrito por\" \/>\n\t<meta name=\"twitter:data1\" content=\"Nexo Informativo\" \/>\n\t<meta name=\"twitter:label2\" content=\"Tiempo de lectura\" \/>\n\t<meta name=\"twitter:data2\" content=\"1 minuto\" \/>\n<script type=\"application\/ld+json\" class=\"yoast-schema-graph\">{\"@context\":\"https:\/\/schema.org\",\"@graph\":[{\"@type\":\"Article\",\"@id\":\"https:\/\/www.nexoinformativo.mx\/index.php\/2025\/01\/20\/detenido-y-vinculado-a-proceso-por-robo-a-comercio-en-la-esperanza-colon\/#article\",\"isPartOf\":{\"@id\":\"https:\/\/www.nexoinformativo.mx\/index.php\/2025\/01\/20\/detenido-y-vinculado-a-proceso-por-robo-a-comercio-en-la-esperanza-colon\/\"},\"author\":{\"name\":\"Nexo Informativo\",\"@id\":\"https:\/\/www.nexoinformativo.mx\/#\/schema\/person\/7749d380ba08c8ca00d7bc76fd907b7d\"},\"headline\":\"Detenido y vinculado a proceso por robo a comercio en La Esperanza Col\u00f3n\",\"datePublished\":\"2025-01-20T21:00:00+00:00\",\"dateModified\":\"2025-01-21T01:47:45+00:00\",\"mainEntityOfPage\":{\"@id\":\"https:\/\/www.nexoinformativo.mx\/index.php\/2025\/01\/20\/detenido-y-vinculado-a-proceso-por-robo-a-comercio-en-la-esperanza-colon\/\"},\"wordCount\":189,\"commentCount\":0,\"publisher\":{\"@id\":\"https:\/\/www.nexoinformativo.mx\/#organization\"},\"image\":{\"@id\":\"https:\/\/www.nexoinformativo.mx\/index.php\/2025\/01\/20\/detenido-y-vinculado-a-proceso-por-robo-a-comercio-en-la-esperanza-colon\/#primaryimage\"},\"thumbnailUrl\":\"https:\/\/www.nexoinformativo.mx\/wp-content\/uploads\/2025\/01\/PHOTO-2025-01-20-16-48-15-e1737424024622.jpg\",\"keywords\":[\"Detenido\",\"Justicia\",\"Quer\u00e9taro\",\"Robo\"],\"articleSection\":[\"Sucesos\",\"\u00daltima Hora\"],\"inLanguage\":\"es\",\"potentialAction\":[{\"@type\":\"CommentAction\",\"name\":\"Comment\",\"target\":[\"https:\/\/www.nexoinformativo.mx\/index.php\/2025\/01\/20\/detenido-y-vinculado-a-proceso-por-robo-a-comercio-en-la-esperanza-colon\/#respond\"]}]},{\"@type\":\"WebPage\",\"@id\":\"https:\/\/www.nexoinformativo.mx\/index.php\/2025\/01\/20\/detenido-y-vinculado-a-proceso-por-robo-a-comercio-en-la-esperanza-colon\/\",\"url\":\"https:\/\/www.nexoinformativo.mx\/index.php\/2025\/01\/20\/detenido-y-vinculado-a-proceso-por-robo-a-comercio-en-la-esperanza-colon\/\",\"name\":\"Detenido y vinculado a proceso por robo a comercio en La Esperanza Col\u00f3n | Nexo Informativo Santiago de Quer\u00e9taro\",\"isPartOf\":{\"@id\":\"https:\/\/www.nexoinformativo.mx\/#website\"},\"primaryImageOfPage\":{\"@id\":\"https:\/\/www.nexoinformativo.mx\/index.php\/2025\/01\/20\/detenido-y-vinculado-a-proceso-por-robo-a-comercio-en-la-esperanza-colon\/#primaryimage\"},\"image\":{\"@id\":\"https:\/\/www.nexoinformativo.mx\/index.php\/2025\/01\/20\/detenido-y-vinculado-a-proceso-por-robo-a-comercio-en-la-esperanza-colon\/#primaryimage\"},\"thumbnailUrl\":\"https:\/\/www.nexoinformativo.mx\/wp-content\/uploads\/2025\/01\/PHOTO-2025-01-20-16-48-15-e1737424024622.jpg\",\"datePublished\":\"2025-01-20T21:00:00+00:00\",\"dateModified\":\"2025-01-21T01:47:45+00:00\",\"description\":\"Detenido y vinculado a proceso por robo a comercio en La Esperanza Col\u00f3n\",\"breadcrumb\":{\"@id\":\"https:\/\/www.nexoinformativo.mx\/index.php\/2025\/01\/20\/detenido-y-vinculado-a-proceso-por-robo-a-comercio-en-la-esperanza-colon\/#breadcrumb\"},\"inLanguage\":\"es\",\"potentialAction\":[{\"@type\":\"ReadAction\",\"target\":[\"https:\/\/www.nexoinformativo.mx\/index.php\/2025\/01\/20\/detenido-y-vinculado-a-proceso-por-robo-a-comercio-en-la-esperanza-colon\/\"]}]},{\"@type\":\"ImageObject\",\"inLanguage\":\"es\",\"@id\":\"https:\/\/www.nexoinformativo.mx\/index.php\/2025\/01\/20\/detenido-y-vinculado-a-proceso-por-robo-a-comercio-en-la-esperanza-colon\/#primaryimage\",\"url\":\"https:\/\/www.nexoinformativo.mx\/wp-content\/uploads\/2025\/01\/PHOTO-2025-01-20-16-48-15-e1737424024622.jpg\",\"contentUrl\":\"https:\/\/www.nexoinformativo.mx\/wp-content\/uploads\/2025\/01\/PHOTO-2025-01-20-16-48-15-e1737424024622.jpg\",\"width\":800,\"height\":504},{\"@type\":\"BreadcrumbList\",\"@id\":\"https:\/\/www.nexoinformativo.mx\/index.php\/2025\/01\/20\/detenido-y-vinculado-a-proceso-por-robo-a-comercio-en-la-esperanza-colon\/#breadcrumb\",\"itemListElement\":[{\"@type\":\"ListItem\",\"position\":1,\"name\":\"Inicio\",\"item\":\"https:\/\/www.nexoinformativo.mx\/\"},{\"@type\":\"ListItem\",\"position\":2,\"name\":\"Detenido y vinculado a proceso por robo a comercio en La Esperanza Col\u00f3n\"}]},{\"@type\":\"WebSite\",\"@id\":\"https:\/\/www.nexoinformativo.mx\/#website\",\"url\":\"https:\/\/www.nexoinformativo.mx\/\",\"name\":\"Nexo Informativo Santiago de Quer\u00e9taro\",\"description\":\"Explora NexoInformativo y convi\u00e9rtete en parte de una comunidad que valora el conocimiento y la verdad. Tu nexoinformativo es tu puente hacia una comprensi\u00f3n m\u00e1s profunda del mundo que te rodea.\",\"publisher\":{\"@id\":\"https:\/\/www.nexoinformativo.mx\/#organization\"},\"potentialAction\":[{\"@type\":\"SearchAction\",\"target\":{\"@type\":\"EntryPoint\",\"urlTemplate\":\"https:\/\/www.nexoinformativo.mx\/?s={search_term_string}\"},\"query-input\":{\"@type\":\"PropertyValueSpecification\",\"valueRequired\":true,\"valueName\":\"search_term_string\"}}],\"inLanguage\":\"es\"},{\"@type\":\"Organization\",\"@id\":\"https:\/\/www.nexoinformativo.mx\/#organization\",\"name\":\"Nexo Informativo Santiago de Quer\u00e9taro\",\"url\":\"https:\/\/www.nexoinformativo.mx\/\",\"logo\":{\"@type\":\"ImageObject\",\"inLanguage\":\"es\",\"@id\":\"https:\/\/www.nexoinformativo.mx\/#\/schema\/logo\/image\/\",\"url\":\"https:\/\/www.nexoinformativo.mx\/wp-content\/uploads\/2024\/07\/nexoi-trasparente-2.png\",\"contentUrl\":\"https:\/\/www.nexoinformativo.mx\/wp-content\/uploads\/2024\/07\/nexoi-trasparente-2.png\",\"width\":816,\"height\":339,\"caption\":\"Nexo Informativo Santiago de Quer\u00e9taro\"},\"image\":{\"@id\":\"https:\/\/www.nexoinformativo.mx\/#\/schema\/logo\/image\/\"},\"sameAs\":[\"https:\/\/www.facebook.com\/people\/Nexo-Informativo\/61564066885511\/\"]},{\"@type\":\"Person\",\"@id\":\"https:\/\/www.nexoinformativo.mx\/#\/schema\/person\/7749d380ba08c8ca00d7bc76fd907b7d\",\"name\":\"Nexo Informativo\",\"image\":{\"@type\":\"ImageObject\",\"inLanguage\":\"es\",\"@id\":\"https:\/\/www.nexoinformativo.mx\/#\/schema\/person\/image\/\",\"url\":\"https:\/\/secure.gravatar.com\/avatar\/dde2928154642a13d95f87ddf1ea9718fe2b46760a005c53e41ff5ad610704e6?s=96&d=mm&r=g\",\"contentUrl\":\"https:\/\/secure.gravatar.com\/avatar\/dde2928154642a13d95f87ddf1ea9718fe2b46760a005c53e41ff5ad610704e6?s=96&d=mm&r=g\",\"caption\":\"Nexo Informativo\"},\"url\":\"https:\/\/www.nexoinformativo.mx\/index.php\/author\/edicion\/\"}]}<\/script>\n<!-- \/ Yoast SEO plugin. -->","yoast_head_json":{"title":"Detenido y vinculado a proceso por robo a comercio en La Esperanza Col\u00f3n | Nexo Informativo Santiago de Quer\u00e9taro","description":"Detenido y vinculado a proceso por robo a comercio en La Esperanza Col\u00f3n","robots":{"index":"index","follow":"follow","max-snippet":"max-snippet:-1","max-image-preview":"max-image-preview:large","max-video-preview":"max-video-preview:-1"},"canonical":"https:\/\/www.nexoinformativo.mx\/index.php\/2025\/01\/20\/detenido-y-vinculado-a-proceso-por-robo-a-comercio-en-la-esperanza-colon\/","og_locale":"es_MX","og_type":"article","og_title":"Detenido y vinculado a proceso por robo a comercio en La Esperanza Col\u00f3n | Nexo Informativo Santiago de Quer\u00e9taro","og_description":"Detenido y vinculado a proceso por robo a comercio en La Esperanza Col\u00f3n","og_url":"https:\/\/www.nexoinformativo.mx\/index.php\/2025\/01\/20\/detenido-y-vinculado-a-proceso-por-robo-a-comercio-en-la-esperanza-colon\/","og_site_name":"Nexo Informativo Santiago de Quer\u00e9taro","article_publisher":"https:\/\/www.facebook.com\/people\/Nexo-Informativo\/61564066885511\/","article_published_time":"2025-01-20T21:00:00+00:00","article_modified_time":"2025-01-21T01:47:45+00:00","og_image":[{"width":800,"height":504,"url":"https:\/\/www.nexoinformativo.mx\/wp-content\/uploads\/2025\/01\/PHOTO-2025-01-20-16-48-15-e1737424024622.jpg","type":"image\/jpeg"}],"author":"Nexo Informativo","twitter_card":"summary_large_image","twitter_misc":{"Escrito por":"Nexo Informativo","Tiempo de lectura":"1 minuto"},"schema":{"@context":"https:\/\/schema.org","@graph":[{"@type":"Article","@id":"https:\/\/www.nexoinformativo.mx\/index.php\/2025\/01\/20\/detenido-y-vinculado-a-proceso-por-robo-a-comercio-en-la-esperanza-colon\/#article","isPartOf":{"@id":"https:\/\/www.nexoinformativo.mx\/index.php\/2025\/01\/20\/detenido-y-vinculado-a-proceso-por-robo-a-comercio-en-la-esperanza-colon\/"},"author":{"name":"Nexo Informativo","@id":"https:\/\/www.nexoinformativo.mx\/#\/schema\/person\/7749d380ba08c8ca00d7bc76fd907b7d"},"headline":"Detenido y vinculado a proceso por robo a comercio en La Esperanza Col\u00f3n","datePublished":"2025-01-20T21:00:00+00:00","dateModified":"2025-01-21T01:47:45+00:00","mainEntityOfPage":{"@id":"https:\/\/www.nexoinformativo.mx\/index.php\/2025\/01\/20\/detenido-y-vinculado-a-proceso-por-robo-a-comercio-en-la-esperanza-colon\/"},"wordCount":189,"commentCount":0,"publisher":{"@id":"https:\/\/www.nexoinformativo.mx\/#organization"},"image":{"@id":"https:\/\/www.nexoinformativo.mx\/index.php\/2025\/01\/20\/detenido-y-vinculado-a-proceso-por-robo-a-comercio-en-la-esperanza-colon\/#primaryimage"},"thumbnailUrl":"https:\/\/www.nexoinformativo.mx\/wp-content\/uploads\/2025\/01\/PHOTO-2025-01-20-16-48-15-e1737424024622.jpg","keywords":["Detenido","Justicia","Quer\u00e9taro","Robo"],"articleSection":["Sucesos","\u00daltima Hora"],"inLanguage":"es","potentialAction":[{"@type":"CommentAction","name":"Comment","target":["https:\/\/www.nexoinformativo.mx\/index.php\/2025\/01\/20\/detenido-y-vinculado-a-proceso-por-robo-a-comercio-en-la-esperanza-colon\/#respond"]}]},{"@type":"WebPage","@id":"https:\/\/www.nexoinformativo.mx\/index.php\/2025\/01\/20\/detenido-y-vinculado-a-proceso-por-robo-a-comercio-en-la-esperanza-colon\/","url":"https:\/\/www.nexoinformativo.mx\/index.php\/2025\/01\/20\/detenido-y-vinculado-a-proceso-por-robo-a-comercio-en-la-esperanza-colon\/","name":"Detenido y vinculado a proceso por robo a comercio en La Esperanza Col\u00f3n | Nexo Informativo Santiago de Quer\u00e9taro","isPartOf":{"@id":"https:\/\/www.nexoinformativo.mx\/#website"},"primaryImageOfPage":{"@id":"https:\/\/www.nexoinformativo.mx\/index.php\/2025\/01\/20\/detenido-y-vinculado-a-proceso-por-robo-a-comercio-en-la-esperanza-colon\/#primaryimage"},"image":{"@id":"https:\/\/www.nexoinformativo.mx\/index.php\/2025\/01\/20\/detenido-y-vinculado-a-proceso-por-robo-a-comercio-en-la-esperanza-colon\/#primaryimage"},"thumbnailUrl":"https:\/\/www.nexoinformativo.mx\/wp-content\/uploads\/2025\/01\/PHOTO-2025-01-20-16-48-15-e1737424024622.jpg","datePublished":"2025-01-20T21:00:00+00:00","dateModified":"2025-01-21T01:47:45+00:00","description":"Detenido y vinculado a proceso por robo a comercio en La Esperanza Col\u00f3n","breadcrumb":{"@id":"https:\/\/www.nexoinformativo.mx\/index.php\/2025\/01\/20\/detenido-y-vinculado-a-proceso-por-robo-a-comercio-en-la-esperanza-colon\/#breadcrumb"},"inLanguage":"es","potentialAction":[{"@type":"ReadAction","target":["https:\/\/www.nexoinformativo.mx\/index.php\/2025\/01\/20\/detenido-y-vinculado-a-proceso-por-robo-a-comercio-en-la-esperanza-colon\/"]}]},{"@type":"ImageObject","inLanguage":"es","@id":"https:\/\/www.nexoinformativo.mx\/index.php\/2025\/01\/20\/detenido-y-vinculado-a-proceso-por-robo-a-comercio-en-la-esperanza-colon\/#primaryimage","url":"https:\/\/www.nexoinformativo.mx\/wp-content\/uploads\/2025\/01\/PHOTO-2025-01-20-16-48-15-e1737424024622.jpg","contentUrl":"https:\/\/www.nexoinformativo.mx\/wp-content\/uploads\/2025\/01\/PHOTO-2025-01-20-16-48-15-e1737424024622.jpg","width":800,"height":504},{"@type":"BreadcrumbList","@id":"https:\/\/www.nexoinformativo.mx\/index.php\/2025\/01\/20\/detenido-y-vinculado-a-proceso-por-robo-a-comercio-en-la-esperanza-colon\/#breadcrumb","itemListElement":[{"@type":"ListItem","position":1,"name":"Inicio","item":"https:\/\/www.nexoinformativo.mx\/"},{"@type":"ListItem","position":2,"name":"Detenido y vinculado a proceso por robo a comercio en La Esperanza Col\u00f3n"}]},{"@type":"WebSite","@id":"https:\/\/www.nexoinformativo.mx\/#website","url":"https:\/\/www.nexoinformativo.mx\/","name":"Nexo Informativo Santiago de Quer\u00e9taro","description":"Explora NexoInformativo y convi\u00e9rtete en parte de una comunidad que valora el conocimiento y la verdad. Tu nexoinformativo es tu puente hacia una comprensi\u00f3n m\u00e1s profunda del mundo que te rodea.","publisher":{"@id":"https:\/\/www.nexoinformativo.mx\/#organization"},"potentialAction":[{"@type":"SearchAction","target":{"@type":"EntryPoint","urlTemplate":"https:\/\/www.nexoinformativo.mx\/?s={search_term_string}"},"query-input":{"@type":"PropertyValueSpecification","valueRequired":true,"valueName":"search_term_string"}}],"inLanguage":"es"},{"@type":"Organization","@id":"https:\/\/www.nexoinformativo.mx\/#organization","name":"Nexo Informativo Santiago de Quer\u00e9taro","url":"https:\/\/www.nexoinformativo.mx\/","logo":{"@type":"ImageObject","inLanguage":"es","@id":"https:\/\/www.nexoinformativo.mx\/#\/schema\/logo\/image\/","url":"https:\/\/www.nexoinformativo.mx\/wp-content\/uploads\/2024\/07\/nexoi-trasparente-2.png","contentUrl":"https:\/\/www.nexoinformativo.mx\/wp-content\/uploads\/2024\/07\/nexoi-trasparente-2.png","width":816,"height":339,"caption":"Nexo Informativo Santiago de Quer\u00e9taro"},"image":{"@id":"https:\/\/www.nexoinformativo.mx\/#\/schema\/logo\/image\/"},"sameAs":["https:\/\/www.facebook.com\/people\/Nexo-Informativo\/61564066885511\/"]},{"@type":"Person","@id":"https:\/\/www.nexoinformativo.mx\/#\/schema\/person\/7749d380ba08c8ca00d7bc76fd907b7d","name":"Nexo Informativo","image":{"@type":"ImageObject","inLanguage":"es","@id":"https:\/\/www.nexoinformativo.mx\/#\/schema\/person\/image\/","url":"https:\/\/secure.gravatar.com\/avatar\/dde2928154642a13d95f87ddf1ea9718fe2b46760a005c53e41ff5ad610704e6?s=96&d=mm&r=g","contentUrl":"https:\/\/secure.gravatar.com\/avatar\/dde2928154642a13d95f87ddf1ea9718fe2b46760a005c53e41ff5ad610704e6?s=96&d=mm&r=g","caption":"Nexo Informativo"},"url":"https:\/\/www.nexoinformativo.mx\/index.php\/author\/edicion\/"}]}},"_links":{"self":[{"href":"https:\/\/www.nexoinformativo.mx\/index.php\/wp-json\/wp\/v2\/posts\/10291","targetHints":{"allow":["GET"]}}],"collection":[{"href":"https:\/\/www.nexoinformativo.mx\/index.php\/wp-json\/wp\/v2\/posts"}],"about":[{"href":"https:\/\/www.nexoinformativo.mx\/index.php\/wp-json\/wp\/v2\/types\/post"}],"author":[{"embeddable":true,"href":"https:\/\/www.nexoinformativo.mx\/index.php\/wp-json\/wp\/v2\/users\/3"}],"replies":[{"embeddable":true,"href":"https:\/\/www.nexoinformativo.mx\/index.php\/wp-json\/wp\/v2\/comments?post=10291"}],"version-history":[{"count":3,"href":"https:\/\/www.nexoinformativo.mx\/index.php\/wp-json\/wp\/v2\/posts\/10291\/revisions"}],"predecessor-version":[{"id":10295,"href":"https:\/\/www.nexoinformativo.mx\/index.php\/wp-json\/wp\/v2\/posts\/10291\/revisions\/10295"}],"wp:featuredmedia":[{"embeddable":true,"href":"https:\/\/www.nexoinformativo.mx\/index.php\/wp-json\/wp\/v2\/media\/10292"}],"wp:attachment":[{"href":"https:\/\/www.nexoinformativo.mx\/index.php\/wp-json\/wp\/v2\/media?parent=10291"}],"wp:term":[{"taxonomy":"category","embeddable":true,"href":"https:\/\/www.nexoinformativo.mx\/index.php\/wp-json\/wp\/v2\/categories?post=10291"},{"taxonomy":"post_tag","embeddable":true,"href":"https:\/\/www.nexoinformativo.mx\/index.php\/wp-json\/wp\/v2\/tags?post=10291"}],"curies":[{"name":"wp","href":"https:\/\/api.w.org\/{rel}","templated":true}]}}