{"id":10334,"date":"2025-01-21T08:00:15","date_gmt":"2025-01-21T14:00:15","guid":{"rendered":"https:\/\/www.nexoinformativo.mx\/?p=10334"},"modified":"2025-01-21T10:18:37","modified_gmt":"2025-01-21T16:18:37","slug":"mexico-te-abraza-es-el-nuevo-programa-de-gobierno-federal-en-apoyo-para-recibir-a-connacionales-repatriados","status":"publish","type":"post","link":"https:\/\/www.nexoinformativo.mx\/index.php\/2025\/01\/21\/mexico-te-abraza-es-el-nuevo-programa-de-gobierno-federal-en-apoyo-para-recibir-a-connacionales-repatriados\/","title":{"rendered":"M\u00e9xico te abraza es el nuevo programa de Gobierno Federal en apoyo para recibir a connacionales repatriados"},"content":{"rendered":"<p style=\"text-align: justify;\" data-sourcepos=\"11:1-11:277\">Ante el aumento de las deportaciones de mexicanos desde Estados Unidos, el gobierno mexicano ha puesto en marcha la estrategia <strong>&#8220;M\u00e9xico te abraza&#8221;<\/strong>, un plan integral dise\u00f1ado para brindar apoyo y asistencia a los connacionales que regresan al pa\u00eds.<\/p>\n<p>&nbsp;<\/p>\n<p style=\"text-align: justify;\" data-sourcepos=\"13:1-13:299\">Este programa, presentado por la Secretar\u00eda de Gobernaci\u00f3n, ofrece una amplia gama de servicios a los repatriados, incluyendo acceso a programas sociales, servicios de salud, empleo y vivienda. Adem\u00e1s, se les proporcionar\u00e1 una tarjeta con un apoyo econ\u00f3mico para facilitar su reinserci\u00f3n en el pa\u00eds.<\/p>\n<p>&nbsp;<\/p>\n<p style=\"text-align: justify;\" data-sourcepos=\"15:1-15:77\">Entre los beneficios que ofrece el programa <strong>&#8220;M\u00e9xico te abraza&#8221;<\/strong> se encuentran:<\/p>\n<p>&nbsp;<\/p>\n<ul style=\"text-align: justify;\" data-sourcepos=\"17:1-22:0\">\n<li data-sourcepos=\"17:1-17:166\"><strong>Acceso a programas sociales:<\/strong> Los repatriados podr\u00e1n inscribirse en programas como Pensi\u00f3n para Adultos Mayores, J\u00f3venes Construyendo el Futuro y Sembrando Vida.<\/li>\n<li data-sourcepos=\"18:1-18:93\"><strong>Servicios de salud:<\/strong> Se les brindar\u00e1 atenci\u00f3n m\u00e9dica y se les afiliar\u00e1 al Seguro Social.<\/li>\n<li data-sourcepos=\"19:1-19:98\"><strong>Apoyo econ\u00f3mico:<\/strong> Se les entregar\u00e1 una tarjeta con 2,000 pesos para cubrir gastos inmediatos.<\/li>\n<li data-sourcepos=\"20:1-20:111\"><strong>Empleo y capacitaci\u00f3n:<\/strong> Se les ofrecer\u00e1 apoyo para encontrar empleo y acceder a programas de capacitaci\u00f3n.<\/li>\n<li data-sourcepos=\"21:1-22:0\"><strong>Asesor\u00eda legal:<\/strong> Se les brindar\u00e1 orientaci\u00f3n legal en caso de necesitarla.<\/li>\n<\/ul>\n<p>&nbsp;<\/p>\n<p style=\"text-align: justify;\" data-sourcepos=\"23:1-23:252\">El gobierno mexicano ha establecido protocolos en los puertos de entrada para recibir a los repatriados y brindarles la atenci\u00f3n necesaria. Adem\u00e1s, se ha coordinado con gobiernos estatales y organizaciones civiles para garantizar una atenci\u00f3n integral.<\/p>\n<p>&nbsp;<\/p>\n<p style=\"text-align: justify;\" data-sourcepos=\"25:1-25:189\">Con esta iniciativa, el gobierno de M\u00e9xico reafirma su compromiso con la protecci\u00f3n y el bienestar de sus ciudadanos, brindando un mensaje de solidaridad y apoyo a quienes regresan al pa\u00eds.<\/p>\n<p>&nbsp;<\/p>\n<p style=\"text-align: center;\" data-sourcepos=\"25:1-25:189\"><em><strong>\u00a1Informaci\u00f3n que transforma!<\/strong><\/em><\/p>\n","protected":false},"excerpt":{"rendered":"<p>Ante el aumento de las deportaciones de mexicanos desde Estados Unidos, el gobierno mexicano ha puesto en marcha la estrategia &#8220;M\u00e9xico te abraza&#8221;, un plan integral dise\u00f1ado para brindar apoyo y asistencia a los connacionales que regresan al pa\u00eds.<\/p>\n","protected":false},"author":3,"featured_media":10335,"comment_status":"open","ping_status":"open","sticky":false,"template":"","format":"standard","meta":{"footnotes":""},"categories":[88,58],"tags":[679,3181,2504,3182],"class_list":["post-10334","post","type-post","status-publish","format-standard","has-post-thumbnail","hentry","category-nacional","category-ultima-hora","tag-bienestar","tag-mexicoteabraza","tag-migrantes","tag-repatriados"],"yoast_head":"<!-- This site is optimized with the Yoast SEO plugin v25.0 - https:\/\/yoast.com\/wordpress\/plugins\/seo\/ -->\n<title>M\u00e9xico te abraza es el nuevo programa de Gobierno Federal en apoyo para recibir a connacionales repatriados | Nexo Informativo Santiago de Quer\u00e9taro<\/title>\n<meta name=\"description\" content=\"M\u00e9xico te abraza es el nuevo programa de Gobierno Federal en apoyo para recibir a connacionales repatriados\" \/>\n<meta name=\"robots\" content=\"index, follow, max-snippet:-1, max-image-preview:large, max-video-preview:-1\" \/>\n<link rel=\"canonical\" href=\"https:\/\/www.nexoinformativo.mx\/index.php\/2025\/01\/21\/mexico-te-abraza-es-el-nuevo-programa-de-gobierno-federal-en-apoyo-para-recibir-a-connacionales-repatriados\/\" \/>\n<meta property=\"og:locale\" content=\"es_MX\" \/>\n<meta property=\"og:type\" content=\"article\" \/>\n<meta property=\"og:title\" content=\"M\u00e9xico te abraza es el nuevo programa de Gobierno Federal en apoyo para recibir a connacionales repatriados | Nexo Informativo Santiago de Quer\u00e9taro\" \/>\n<meta property=\"og:description\" content=\"M\u00e9xico te abraza es el nuevo programa de Gobierno Federal en apoyo para recibir a connacionales repatriados\" \/>\n<meta property=\"og:url\" content=\"https:\/\/www.nexoinformativo.mx\/index.php\/2025\/01\/21\/mexico-te-abraza-es-el-nuevo-programa-de-gobierno-federal-en-apoyo-para-recibir-a-connacionales-repatriados\/\" \/>\n<meta property=\"og:site_name\" content=\"Nexo Informativo Santiago de Quer\u00e9taro\" \/>\n<meta property=\"article:publisher\" content=\"https:\/\/www.facebook.com\/people\/Nexo-Informativo\/61564066885511\/\" \/>\n<meta property=\"article:published_time\" content=\"2025-01-21T14:00:15+00:00\" \/>\n<meta property=\"article:modified_time\" content=\"2025-01-21T16:18:37+00:00\" \/>\n<meta property=\"og:image\" content=\"https:\/\/www.nexoinformativo.mx\/wp-content\/uploads\/2025\/01\/IMG_9451.jpg\" \/>\n\t<meta property=\"og:image:width\" content=\"650\" \/>\n\t<meta property=\"og:image:height\" content=\"380\" \/>\n\t<meta property=\"og:image:type\" content=\"image\/jpeg\" \/>\n<meta name=\"author\" content=\"Nexo Informativo\" \/>\n<meta name=\"twitter:card\" content=\"summary_large_image\" \/>\n<meta name=\"twitter:label1\" content=\"Escrito por\" \/>\n\t<meta name=\"twitter:data1\" content=\"Nexo Informativo\" \/>\n\t<meta name=\"twitter:label2\" content=\"Tiempo de lectura\" \/>\n\t<meta name=\"twitter:data2\" content=\"2 minutos\" \/>\n<script type=\"application\/ld+json\" class=\"yoast-schema-graph\">{\"@context\":\"https:\/\/schema.org\",\"@graph\":[{\"@type\":\"Article\",\"@id\":\"https:\/\/www.nexoinformativo.mx\/index.php\/2025\/01\/21\/mexico-te-abraza-es-el-nuevo-programa-de-gobierno-federal-en-apoyo-para-recibir-a-connacionales-repatriados\/#article\",\"isPartOf\":{\"@id\":\"https:\/\/www.nexoinformativo.mx\/index.php\/2025\/01\/21\/mexico-te-abraza-es-el-nuevo-programa-de-gobierno-federal-en-apoyo-para-recibir-a-connacionales-repatriados\/\"},\"author\":{\"name\":\"Nexo Informativo\",\"@id\":\"https:\/\/www.nexoinformativo.mx\/#\/schema\/person\/7749d380ba08c8ca00d7bc76fd907b7d\"},\"headline\":\"M\u00e9xico te abraza es el nuevo programa de Gobierno Federal en apoyo para recibir a connacionales repatriados\",\"datePublished\":\"2025-01-21T14:00:15+00:00\",\"dateModified\":\"2025-01-21T16:18:37+00:00\",\"mainEntityOfPage\":{\"@id\":\"https:\/\/www.nexoinformativo.mx\/index.php\/2025\/01\/21\/mexico-te-abraza-es-el-nuevo-programa-de-gobierno-federal-en-apoyo-para-recibir-a-connacionales-repatriados\/\"},\"wordCount\":294,\"commentCount\":0,\"publisher\":{\"@id\":\"https:\/\/www.nexoinformativo.mx\/#organization\"},\"image\":{\"@id\":\"https:\/\/www.nexoinformativo.mx\/index.php\/2025\/01\/21\/mexico-te-abraza-es-el-nuevo-programa-de-gobierno-federal-en-apoyo-para-recibir-a-connacionales-repatriados\/#primaryimage\"},\"thumbnailUrl\":\"https:\/\/www.nexoinformativo.mx\/wp-content\/uploads\/2025\/01\/IMG_9451.jpg\",\"keywords\":[\"Bienestar\",\"M\u00e9xicoTeAbraza\",\"Migrantes\",\"Repatriados\"],\"articleSection\":[\"Nacional\",\"\u00daltima Hora\"],\"inLanguage\":\"es\",\"potentialAction\":[{\"@type\":\"CommentAction\",\"name\":\"Comment\",\"target\":[\"https:\/\/www.nexoinformativo.mx\/index.php\/2025\/01\/21\/mexico-te-abraza-es-el-nuevo-programa-de-gobierno-federal-en-apoyo-para-recibir-a-connacionales-repatriados\/#respond\"]}]},{\"@type\":\"WebPage\",\"@id\":\"https:\/\/www.nexoinformativo.mx\/index.php\/2025\/01\/21\/mexico-te-abraza-es-el-nuevo-programa-de-gobierno-federal-en-apoyo-para-recibir-a-connacionales-repatriados\/\",\"url\":\"https:\/\/www.nexoinformativo.mx\/index.php\/2025\/01\/21\/mexico-te-abraza-es-el-nuevo-programa-de-gobierno-federal-en-apoyo-para-recibir-a-connacionales-repatriados\/\",\"name\":\"M\u00e9xico te abraza es el nuevo programa de Gobierno Federal en apoyo para recibir a connacionales repatriados | Nexo Informativo Santiago de Quer\u00e9taro\",\"isPartOf\":{\"@id\":\"https:\/\/www.nexoinformativo.mx\/#website\"},\"primaryImageOfPage\":{\"@id\":\"https:\/\/www.nexoinformativo.mx\/index.php\/2025\/01\/21\/mexico-te-abraza-es-el-nuevo-programa-de-gobierno-federal-en-apoyo-para-recibir-a-connacionales-repatriados\/#primaryimage\"},\"image\":{\"@id\":\"https:\/\/www.nexoinformativo.mx\/index.php\/2025\/01\/21\/mexico-te-abraza-es-el-nuevo-programa-de-gobierno-federal-en-apoyo-para-recibir-a-connacionales-repatriados\/#primaryimage\"},\"thumbnailUrl\":\"https:\/\/www.nexoinformativo.mx\/wp-content\/uploads\/2025\/01\/IMG_9451.jpg\",\"datePublished\":\"2025-01-21T14:00:15+00:00\",\"dateModified\":\"2025-01-21T16:18:37+00:00\",\"description\":\"M\u00e9xico te abraza es el nuevo programa de Gobierno Federal en apoyo para recibir a connacionales repatriados\",\"breadcrumb\":{\"@id\":\"https:\/\/www.nexoinformativo.mx\/index.php\/2025\/01\/21\/mexico-te-abraza-es-el-nuevo-programa-de-gobierno-federal-en-apoyo-para-recibir-a-connacionales-repatriados\/#breadcrumb\"},\"inLanguage\":\"es\",\"potentialAction\":[{\"@type\":\"ReadAction\",\"target\":[\"https:\/\/www.nexoinformativo.mx\/index.php\/2025\/01\/21\/mexico-te-abraza-es-el-nuevo-programa-de-gobierno-federal-en-apoyo-para-recibir-a-connacionales-repatriados\/\"]}]},{\"@type\":\"ImageObject\",\"inLanguage\":\"es\",\"@id\":\"https:\/\/www.nexoinformativo.mx\/index.php\/2025\/01\/21\/mexico-te-abraza-es-el-nuevo-programa-de-gobierno-federal-en-apoyo-para-recibir-a-connacionales-repatriados\/#primaryimage\",\"url\":\"https:\/\/www.nexoinformativo.mx\/wp-content\/uploads\/2025\/01\/IMG_9451.jpg\",\"contentUrl\":\"https:\/\/www.nexoinformativo.mx\/wp-content\/uploads\/2025\/01\/IMG_9451.jpg\",\"width\":650,\"height\":380},{\"@type\":\"BreadcrumbList\",\"@id\":\"https:\/\/www.nexoinformativo.mx\/index.php\/2025\/01\/21\/mexico-te-abraza-es-el-nuevo-programa-de-gobierno-federal-en-apoyo-para-recibir-a-connacionales-repatriados\/#breadcrumb\",\"itemListElement\":[{\"@type\":\"ListItem\",\"position\":1,\"name\":\"Inicio\",\"item\":\"https:\/\/www.nexoinformativo.mx\/\"},{\"@type\":\"ListItem\",\"position\":2,\"name\":\"M\u00e9xico te abraza es el nuevo programa de Gobierno Federal en apoyo para recibir a connacionales repatriados\"}]},{\"@type\":\"WebSite\",\"@id\":\"https:\/\/www.nexoinformativo.mx\/#website\",\"url\":\"https:\/\/www.nexoinformativo.mx\/\",\"name\":\"Nexo Informativo Santiago de Quer\u00e9taro\",\"description\":\"Explora NexoInformativo y convi\u00e9rtete en parte de una comunidad que valora el conocimiento y la verdad. Tu nexoinformativo es tu puente hacia una comprensi\u00f3n m\u00e1s profunda del mundo que te rodea.\",\"publisher\":{\"@id\":\"https:\/\/www.nexoinformativo.mx\/#organization\"},\"potentialAction\":[{\"@type\":\"SearchAction\",\"target\":{\"@type\":\"EntryPoint\",\"urlTemplate\":\"https:\/\/www.nexoinformativo.mx\/?s={search_term_string}\"},\"query-input\":{\"@type\":\"PropertyValueSpecification\",\"valueRequired\":true,\"valueName\":\"search_term_string\"}}],\"inLanguage\":\"es\"},{\"@type\":\"Organization\",\"@id\":\"https:\/\/www.nexoinformativo.mx\/#organization\",\"name\":\"Nexo Informativo Santiago de Quer\u00e9taro\",\"url\":\"https:\/\/www.nexoinformativo.mx\/\",\"logo\":{\"@type\":\"ImageObject\",\"inLanguage\":\"es\",\"@id\":\"https:\/\/www.nexoinformativo.mx\/#\/schema\/logo\/image\/\",\"url\":\"https:\/\/www.nexoinformativo.mx\/wp-content\/uploads\/2024\/07\/nexoi-trasparente-2.png\",\"contentUrl\":\"https:\/\/www.nexoinformativo.mx\/wp-content\/uploads\/2024\/07\/nexoi-trasparente-2.png\",\"width\":816,\"height\":339,\"caption\":\"Nexo Informativo Santiago de Quer\u00e9taro\"},\"image\":{\"@id\":\"https:\/\/www.nexoinformativo.mx\/#\/schema\/logo\/image\/\"},\"sameAs\":[\"https:\/\/www.facebook.com\/people\/Nexo-Informativo\/61564066885511\/\"]},{\"@type\":\"Person\",\"@id\":\"https:\/\/www.nexoinformativo.mx\/#\/schema\/person\/7749d380ba08c8ca00d7bc76fd907b7d\",\"name\":\"Nexo Informativo\",\"image\":{\"@type\":\"ImageObject\",\"inLanguage\":\"es\",\"@id\":\"https:\/\/www.nexoinformativo.mx\/#\/schema\/person\/image\/\",\"url\":\"https:\/\/secure.gravatar.com\/avatar\/dde2928154642a13d95f87ddf1ea9718fe2b46760a005c53e41ff5ad610704e6?s=96&d=mm&r=g\",\"contentUrl\":\"https:\/\/secure.gravatar.com\/avatar\/dde2928154642a13d95f87ddf1ea9718fe2b46760a005c53e41ff5ad610704e6?s=96&d=mm&r=g\",\"caption\":\"Nexo Informativo\"},\"url\":\"https:\/\/www.nexoinformativo.mx\/index.php\/author\/edicion\/\"}]}<\/script>\n<!-- \/ Yoast SEO plugin. -->","yoast_head_json":{"title":"M\u00e9xico te abraza es el nuevo programa de Gobierno Federal en apoyo para recibir a connacionales repatriados | Nexo Informativo Santiago de Quer\u00e9taro","description":"M\u00e9xico te abraza es el nuevo programa de Gobierno Federal en apoyo para recibir a connacionales repatriados","robots":{"index":"index","follow":"follow","max-snippet":"max-snippet:-1","max-image-preview":"max-image-preview:large","max-video-preview":"max-video-preview:-1"},"canonical":"https:\/\/www.nexoinformativo.mx\/index.php\/2025\/01\/21\/mexico-te-abraza-es-el-nuevo-programa-de-gobierno-federal-en-apoyo-para-recibir-a-connacionales-repatriados\/","og_locale":"es_MX","og_type":"article","og_title":"M\u00e9xico te abraza es el nuevo programa de Gobierno Federal en apoyo para recibir a connacionales repatriados | Nexo Informativo Santiago de Quer\u00e9taro","og_description":"M\u00e9xico te abraza es el nuevo programa de Gobierno Federal en apoyo para recibir a connacionales repatriados","og_url":"https:\/\/www.nexoinformativo.mx\/index.php\/2025\/01\/21\/mexico-te-abraza-es-el-nuevo-programa-de-gobierno-federal-en-apoyo-para-recibir-a-connacionales-repatriados\/","og_site_name":"Nexo Informativo Santiago de Quer\u00e9taro","article_publisher":"https:\/\/www.facebook.com\/people\/Nexo-Informativo\/61564066885511\/","article_published_time":"2025-01-21T14:00:15+00:00","article_modified_time":"2025-01-21T16:18:37+00:00","og_image":[{"width":650,"height":380,"url":"https:\/\/www.nexoinformativo.mx\/wp-content\/uploads\/2025\/01\/IMG_9451.jpg","type":"image\/jpeg"}],"author":"Nexo Informativo","twitter_card":"summary_large_image","twitter_misc":{"Escrito por":"Nexo Informativo","Tiempo de lectura":"2 minutos"},"schema":{"@context":"https:\/\/schema.org","@graph":[{"@type":"Article","@id":"https:\/\/www.nexoinformativo.mx\/index.php\/2025\/01\/21\/mexico-te-abraza-es-el-nuevo-programa-de-gobierno-federal-en-apoyo-para-recibir-a-connacionales-repatriados\/#article","isPartOf":{"@id":"https:\/\/www.nexoinformativo.mx\/index.php\/2025\/01\/21\/mexico-te-abraza-es-el-nuevo-programa-de-gobierno-federal-en-apoyo-para-recibir-a-connacionales-repatriados\/"},"author":{"name":"Nexo Informativo","@id":"https:\/\/www.nexoinformativo.mx\/#\/schema\/person\/7749d380ba08c8ca00d7bc76fd907b7d"},"headline":"M\u00e9xico te abraza es el nuevo programa de Gobierno Federal en apoyo para recibir a connacionales repatriados","datePublished":"2025-01-21T14:00:15+00:00","dateModified":"2025-01-21T16:18:37+00:00","mainEntityOfPage":{"@id":"https:\/\/www.nexoinformativo.mx\/index.php\/2025\/01\/21\/mexico-te-abraza-es-el-nuevo-programa-de-gobierno-federal-en-apoyo-para-recibir-a-connacionales-repatriados\/"},"wordCount":294,"commentCount":0,"publisher":{"@id":"https:\/\/www.nexoinformativo.mx\/#organization"},"image":{"@id":"https:\/\/www.nexoinformativo.mx\/index.php\/2025\/01\/21\/mexico-te-abraza-es-el-nuevo-programa-de-gobierno-federal-en-apoyo-para-recibir-a-connacionales-repatriados\/#primaryimage"},"thumbnailUrl":"https:\/\/www.nexoinformativo.mx\/wp-content\/uploads\/2025\/01\/IMG_9451.jpg","keywords":["Bienestar","M\u00e9xicoTeAbraza","Migrantes","Repatriados"],"articleSection":["Nacional","\u00daltima Hora"],"inLanguage":"es","potentialAction":[{"@type":"CommentAction","name":"Comment","target":["https:\/\/www.nexoinformativo.mx\/index.php\/2025\/01\/21\/mexico-te-abraza-es-el-nuevo-programa-de-gobierno-federal-en-apoyo-para-recibir-a-connacionales-repatriados\/#respond"]}]},{"@type":"WebPage","@id":"https:\/\/www.nexoinformativo.mx\/index.php\/2025\/01\/21\/mexico-te-abraza-es-el-nuevo-programa-de-gobierno-federal-en-apoyo-para-recibir-a-connacionales-repatriados\/","url":"https:\/\/www.nexoinformativo.mx\/index.php\/2025\/01\/21\/mexico-te-abraza-es-el-nuevo-programa-de-gobierno-federal-en-apoyo-para-recibir-a-connacionales-repatriados\/","name":"M\u00e9xico te abraza es el nuevo programa de Gobierno Federal en apoyo para recibir a connacionales repatriados | Nexo Informativo Santiago de Quer\u00e9taro","isPartOf":{"@id":"https:\/\/www.nexoinformativo.mx\/#website"},"primaryImageOfPage":{"@id":"https:\/\/www.nexoinformativo.mx\/index.php\/2025\/01\/21\/mexico-te-abraza-es-el-nuevo-programa-de-gobierno-federal-en-apoyo-para-recibir-a-connacionales-repatriados\/#primaryimage"},"image":{"@id":"https:\/\/www.nexoinformativo.mx\/index.php\/2025\/01\/21\/mexico-te-abraza-es-el-nuevo-programa-de-gobierno-federal-en-apoyo-para-recibir-a-connacionales-repatriados\/#primaryimage"},"thumbnailUrl":"https:\/\/www.nexoinformativo.mx\/wp-content\/uploads\/2025\/01\/IMG_9451.jpg","datePublished":"2025-01-21T14:00:15+00:00","dateModified":"2025-01-21T16:18:37+00:00","description":"M\u00e9xico te abraza es el nuevo programa de Gobierno Federal en apoyo para recibir a connacionales repatriados","breadcrumb":{"@id":"https:\/\/www.nexoinformativo.mx\/index.php\/2025\/01\/21\/mexico-te-abraza-es-el-nuevo-programa-de-gobierno-federal-en-apoyo-para-recibir-a-connacionales-repatriados\/#breadcrumb"},"inLanguage":"es","potentialAction":[{"@type":"ReadAction","target":["https:\/\/www.nexoinformativo.mx\/index.php\/2025\/01\/21\/mexico-te-abraza-es-el-nuevo-programa-de-gobierno-federal-en-apoyo-para-recibir-a-connacionales-repatriados\/"]}]},{"@type":"ImageObject","inLanguage":"es","@id":"https:\/\/www.nexoinformativo.mx\/index.php\/2025\/01\/21\/mexico-te-abraza-es-el-nuevo-programa-de-gobierno-federal-en-apoyo-para-recibir-a-connacionales-repatriados\/#primaryimage","url":"https:\/\/www.nexoinformativo.mx\/wp-content\/uploads\/2025\/01\/IMG_9451.jpg","contentUrl":"https:\/\/www.nexoinformativo.mx\/wp-content\/uploads\/2025\/01\/IMG_9451.jpg","width":650,"height":380},{"@type":"BreadcrumbList","@id":"https:\/\/www.nexoinformativo.mx\/index.php\/2025\/01\/21\/mexico-te-abraza-es-el-nuevo-programa-de-gobierno-federal-en-apoyo-para-recibir-a-connacionales-repatriados\/#breadcrumb","itemListElement":[{"@type":"ListItem","position":1,"name":"Inicio","item":"https:\/\/www.nexoinformativo.mx\/"},{"@type":"ListItem","position":2,"name":"M\u00e9xico te abraza es el nuevo programa de Gobierno Federal en apoyo para recibir a connacionales repatriados"}]},{"@type":"WebSite","@id":"https:\/\/www.nexoinformativo.mx\/#website","url":"https:\/\/www.nexoinformativo.mx\/","name":"Nexo Informativo Santiago de Quer\u00e9taro","description":"Explora NexoInformativo y convi\u00e9rtete en parte de una comunidad que valora el conocimiento y la verdad. Tu nexoinformativo es tu puente hacia una comprensi\u00f3n m\u00e1s profunda del mundo que te rodea.","publisher":{"@id":"https:\/\/www.nexoinformativo.mx\/#organization"},"potentialAction":[{"@type":"SearchAction","target":{"@type":"EntryPoint","urlTemplate":"https:\/\/www.nexoinformativo.mx\/?s={search_term_string}"},"query-input":{"@type":"PropertyValueSpecification","valueRequired":true,"valueName":"search_term_string"}}],"inLanguage":"es"},{"@type":"Organization","@id":"https:\/\/www.nexoinformativo.mx\/#organization","name":"Nexo Informativo Santiago de Quer\u00e9taro","url":"https:\/\/www.nexoinformativo.mx\/","logo":{"@type":"ImageObject","inLanguage":"es","@id":"https:\/\/www.nexoinformativo.mx\/#\/schema\/logo\/image\/","url":"https:\/\/www.nexoinformativo.mx\/wp-content\/uploads\/2024\/07\/nexoi-trasparente-2.png","contentUrl":"https:\/\/www.nexoinformativo.mx\/wp-content\/uploads\/2024\/07\/nexoi-trasparente-2.png","width":816,"height":339,"caption":"Nexo Informativo Santiago de Quer\u00e9taro"},"image":{"@id":"https:\/\/www.nexoinformativo.mx\/#\/schema\/logo\/image\/"},"sameAs":["https:\/\/www.facebook.com\/people\/Nexo-Informativo\/61564066885511\/"]},{"@type":"Person","@id":"https:\/\/www.nexoinformativo.mx\/#\/schema\/person\/7749d380ba08c8ca00d7bc76fd907b7d","name":"Nexo Informativo","image":{"@type":"ImageObject","inLanguage":"es","@id":"https:\/\/www.nexoinformativo.mx\/#\/schema\/person\/image\/","url":"https:\/\/secure.gravatar.com\/avatar\/dde2928154642a13d95f87ddf1ea9718fe2b46760a005c53e41ff5ad610704e6?s=96&d=mm&r=g","contentUrl":"https:\/\/secure.gravatar.com\/avatar\/dde2928154642a13d95f87ddf1ea9718fe2b46760a005c53e41ff5ad610704e6?s=96&d=mm&r=g","caption":"Nexo Informativo"},"url":"https:\/\/www.nexoinformativo.mx\/index.php\/author\/edicion\/"}]}},"_links":{"self":[{"href":"https:\/\/www.nexoinformativo.mx\/index.php\/wp-json\/wp\/v2\/posts\/10334","targetHints":{"allow":["GET"]}}],"collection":[{"href":"https:\/\/www.nexoinformativo.mx\/index.php\/wp-json\/wp\/v2\/posts"}],"about":[{"href":"https:\/\/www.nexoinformativo.mx\/index.php\/wp-json\/wp\/v2\/types\/post"}],"author":[{"embeddable":true,"href":"https:\/\/www.nexoinformativo.mx\/index.php\/wp-json\/wp\/v2\/users\/3"}],"replies":[{"embeddable":true,"href":"https:\/\/www.nexoinformativo.mx\/index.php\/wp-json\/wp\/v2\/comments?post=10334"}],"version-history":[{"count":4,"href":"https:\/\/www.nexoinformativo.mx\/index.php\/wp-json\/wp\/v2\/posts\/10334\/revisions"}],"predecessor-version":[{"id":10339,"href":"https:\/\/www.nexoinformativo.mx\/index.php\/wp-json\/wp\/v2\/posts\/10334\/revisions\/10339"}],"wp:featuredmedia":[{"embeddable":true,"href":"https:\/\/www.nexoinformativo.mx\/index.php\/wp-json\/wp\/v2\/media\/10335"}],"wp:attachment":[{"href":"https:\/\/www.nexoinformativo.mx\/index.php\/wp-json\/wp\/v2\/media?parent=10334"}],"wp:term":[{"taxonomy":"category","embeddable":true,"href":"https:\/\/www.nexoinformativo.mx\/index.php\/wp-json\/wp\/v2\/categories?post=10334"},{"taxonomy":"post_tag","embeddable":true,"href":"https:\/\/www.nexoinformativo.mx\/index.php\/wp-json\/wp\/v2\/tags?post=10334"}],"curies":[{"name":"wp","href":"https:\/\/api.w.org\/{rel}","templated":true}]}}