{"id":10340,"date":"2025-01-21T08:30:49","date_gmt":"2025-01-21T14:30:49","guid":{"rendered":"https:\/\/www.nexoinformativo.mx\/?p=10340"},"modified":"2025-01-21T10:26:25","modified_gmt":"2025-01-21T16:26:25","slug":"queretaro-conquista-madrid-con-su-riqueza-cultural-y-turistica-en-evento-internacional","status":"publish","type":"post","link":"https:\/\/www.nexoinformativo.mx\/index.php\/2025\/01\/21\/queretaro-conquista-madrid-con-su-riqueza-cultural-y-turistica-en-evento-internacional\/","title":{"rendered":"Quer\u00e9taro conquista Madrid con su riqueza cultural y tur\u00edstica en evento Internacional"},"content":{"rendered":"<p style=\"text-align: justify;\" data-sourcepos=\"11:1-11:378\">Quer\u00e9taro, la Ciudad Patrimonio de la Humanidad, cautiv\u00f3 con luz propia en el evento <strong>&#8220;Ciudades Mexicanas Patrimonio Mundial&#8221;<\/strong>, realizado en el C\u00edrculo de Bellas Artes de Madrid.<\/p>\n<p>&nbsp;<\/p>\n<p style=\"text-align: justify;\" data-sourcepos=\"11:1-11:378\">La secretaria de Turismo del Municipio de Quer\u00e9taro, Mariana Ortiz, present\u00f3 las riquezas culturales, hist\u00f3ricas y tur\u00edsticas que hacen de la ciudad un destino \u00fanico.<\/p>\n<p>&nbsp;<\/p>\n<p style=\"text-align: justify;\" data-sourcepos=\"13:1-13:380\">Durante el evento, se destac\u00f3 el equilibrio que Quer\u00e9taro logra entre su legado hist\u00f3rico y su visi\u00f3n de futuro, lo que la convierte en un destino atractivo para millones de turistas cada a\u00f1o. La presentaci\u00f3n incluy\u00f3 una muestra art\u00edstica de la primera bailarina de M\u00e9xico, Elisa Carrillo, quien deleit\u00f3 al p\u00fablico con una actuaci\u00f3n que fusion\u00f3 la tradici\u00f3n y la contemporaneidad.<\/p>\n<p>&nbsp;<\/p>\n<p style=\"text-align: justify;\" data-sourcepos=\"15:1-15:341\">La participaci\u00f3n de Quer\u00e9taro en este evento reafirma su posici\u00f3n como un destino tur\u00edstico estrat\u00e9gico a nivel global. La secretaria de Turismo federal, Josefina Rodr\u00edguez Zamora, y el embajador de M\u00e9xico en Espa\u00f1a, Quirino Ordaz, resaltaron el compromiso de M\u00e9xico con la promoci\u00f3n de sus ciudades patrimonio en el escenario internacional.<\/p>\n<p>&nbsp;<\/p>\n<p style=\"text-align: justify;\" data-sourcepos=\"17:1-17:284\">Quer\u00e9taro ofrece una amplia variedad de atractivos tur\u00edsticos, desde su centro hist\u00f3rico declarado Patrimonio de la Humanidad hasta su rica gastronom\u00eda y su oferta de actividades al aire libre.<\/p>\n<p>&nbsp;<\/p>\n<p style=\"text-align: justify;\" data-sourcepos=\"17:1-17:284\">Adem\u00e1s, la ciudad se ha posicionado como un importante destino de negocios y convenciones. Con esta participaci\u00f3n, Quer\u00e9taro reafirma su compromiso con el turismo sostenible y la promoci\u00f3n de su patrimonio cultural.<\/p>\n<p>&nbsp;<\/p>\n<p style=\"text-align: center;\" data-sourcepos=\"17:1-17:284\"><em><strong>\u00a1Informaci\u00f3n que transforma!<\/strong><\/em><\/p>\n","protected":false},"excerpt":{"rendered":"<p>Quer\u00e9taro, la Ciudad Patrimonio de la Humanidad, cautiv\u00f3 con luz propia en el evento &#8220;Ciudades Mexicanas Patrimonio Mundial&#8221;, realizado en el C\u00edrculo de Bellas Artes de Madrid.<\/p>\n","protected":false},"author":3,"featured_media":10342,"comment_status":"open","ping_status":"open","sticky":false,"template":"","format":"standard","meta":{"footnotes":""},"categories":[5,42,58],"tags":[1610,3183,133,1686],"class_list":["post-10340","post","type-post","status-publish","format-standard","has-post-thumbnail","hentry","category-economia","category-estado","category-ultima-hora","tag-mexico","tag-patrimoniomundial","tag-queretaro","tag-turismo"],"yoast_head":"<!-- This site is optimized with the Yoast SEO plugin v25.0 - https:\/\/yoast.com\/wordpress\/plugins\/seo\/ -->\n<title>Quer\u00e9taro conquista Madrid con su riqueza cultural y tur\u00edstica en evento Internacional | Nexo Informativo Santiago de Quer\u00e9taro<\/title>\n<meta name=\"description\" content=\"Quer\u00e9taro conquista Madrid con su riqueza cultural y tur\u00edstica en evento Internacional\" \/>\n<meta name=\"robots\" content=\"index, follow, max-snippet:-1, max-image-preview:large, max-video-preview:-1\" \/>\n<link rel=\"canonical\" href=\"https:\/\/www.nexoinformativo.mx\/index.php\/2025\/01\/21\/queretaro-conquista-madrid-con-su-riqueza-cultural-y-turistica-en-evento-internacional\/\" \/>\n<meta property=\"og:locale\" content=\"es_MX\" \/>\n<meta property=\"og:type\" content=\"article\" \/>\n<meta property=\"og:title\" content=\"Quer\u00e9taro conquista Madrid con su riqueza cultural y tur\u00edstica en evento Internacional | Nexo Informativo Santiago de Quer\u00e9taro\" \/>\n<meta property=\"og:description\" content=\"Quer\u00e9taro conquista Madrid con su riqueza cultural y tur\u00edstica en evento Internacional\" \/>\n<meta property=\"og:url\" content=\"https:\/\/www.nexoinformativo.mx\/index.php\/2025\/01\/21\/queretaro-conquista-madrid-con-su-riqueza-cultural-y-turistica-en-evento-internacional\/\" \/>\n<meta property=\"og:site_name\" content=\"Nexo Informativo Santiago de Quer\u00e9taro\" \/>\n<meta property=\"article:publisher\" content=\"https:\/\/www.facebook.com\/people\/Nexo-Informativo\/61564066885511\/\" \/>\n<meta property=\"article:published_time\" content=\"2025-01-21T14:30:49+00:00\" \/>\n<meta property=\"article:modified_time\" content=\"2025-01-21T16:26:25+00:00\" \/>\n<meta property=\"og:image\" content=\"https:\/\/www.nexoinformativo.mx\/wp-content\/uploads\/2025\/01\/PHOTO-2025-01-21-10-24-04-e1737476708776.jpg\" \/>\n\t<meta property=\"og:image:width\" content=\"800\" \/>\n\t<meta property=\"og:image:height\" content=\"600\" \/>\n\t<meta property=\"og:image:type\" content=\"image\/jpeg\" \/>\n<meta name=\"author\" content=\"Nexo Informativo\" \/>\n<meta name=\"twitter:card\" content=\"summary_large_image\" \/>\n<meta name=\"twitter:label1\" content=\"Escrito por\" \/>\n\t<meta name=\"twitter:data1\" content=\"Nexo Informativo\" \/>\n\t<meta name=\"twitter:label2\" content=\"Tiempo de lectura\" \/>\n\t<meta name=\"twitter:data2\" content=\"2 minutos\" \/>\n<script type=\"application\/ld+json\" class=\"yoast-schema-graph\">{\"@context\":\"https:\/\/schema.org\",\"@graph\":[{\"@type\":\"Article\",\"@id\":\"https:\/\/www.nexoinformativo.mx\/index.php\/2025\/01\/21\/queretaro-conquista-madrid-con-su-riqueza-cultural-y-turistica-en-evento-internacional\/#article\",\"isPartOf\":{\"@id\":\"https:\/\/www.nexoinformativo.mx\/index.php\/2025\/01\/21\/queretaro-conquista-madrid-con-su-riqueza-cultural-y-turistica-en-evento-internacional\/\"},\"author\":{\"name\":\"Nexo Informativo\",\"@id\":\"https:\/\/www.nexoinformativo.mx\/#\/schema\/person\/7749d380ba08c8ca00d7bc76fd907b7d\"},\"headline\":\"Quer\u00e9taro conquista Madrid con su riqueza cultural y tur\u00edstica en evento Internacional\",\"datePublished\":\"2025-01-21T14:30:49+00:00\",\"dateModified\":\"2025-01-21T16:26:25+00:00\",\"mainEntityOfPage\":{\"@id\":\"https:\/\/www.nexoinformativo.mx\/index.php\/2025\/01\/21\/queretaro-conquista-madrid-con-su-riqueza-cultural-y-turistica-en-evento-internacional\/\"},\"wordCount\":282,\"commentCount\":0,\"publisher\":{\"@id\":\"https:\/\/www.nexoinformativo.mx\/#organization\"},\"image\":{\"@id\":\"https:\/\/www.nexoinformativo.mx\/index.php\/2025\/01\/21\/queretaro-conquista-madrid-con-su-riqueza-cultural-y-turistica-en-evento-internacional\/#primaryimage\"},\"thumbnailUrl\":\"https:\/\/www.nexoinformativo.mx\/wp-content\/uploads\/2025\/01\/PHOTO-2025-01-21-10-24-04-e1737476708776.jpg\",\"keywords\":[\"M\u00e9xico\",\"PatrimonioMundial\",\"Quer\u00e9taro\",\"Turismo\"],\"articleSection\":[\"Econom\u00eda\",\"Estado\",\"\u00daltima Hora\"],\"inLanguage\":\"es\",\"potentialAction\":[{\"@type\":\"CommentAction\",\"name\":\"Comment\",\"target\":[\"https:\/\/www.nexoinformativo.mx\/index.php\/2025\/01\/21\/queretaro-conquista-madrid-con-su-riqueza-cultural-y-turistica-en-evento-internacional\/#respond\"]}]},{\"@type\":\"WebPage\",\"@id\":\"https:\/\/www.nexoinformativo.mx\/index.php\/2025\/01\/21\/queretaro-conquista-madrid-con-su-riqueza-cultural-y-turistica-en-evento-internacional\/\",\"url\":\"https:\/\/www.nexoinformativo.mx\/index.php\/2025\/01\/21\/queretaro-conquista-madrid-con-su-riqueza-cultural-y-turistica-en-evento-internacional\/\",\"name\":\"Quer\u00e9taro conquista Madrid con su riqueza cultural y tur\u00edstica en evento Internacional | Nexo Informativo Santiago de Quer\u00e9taro\",\"isPartOf\":{\"@id\":\"https:\/\/www.nexoinformativo.mx\/#website\"},\"primaryImageOfPage\":{\"@id\":\"https:\/\/www.nexoinformativo.mx\/index.php\/2025\/01\/21\/queretaro-conquista-madrid-con-su-riqueza-cultural-y-turistica-en-evento-internacional\/#primaryimage\"},\"image\":{\"@id\":\"https:\/\/www.nexoinformativo.mx\/index.php\/2025\/01\/21\/queretaro-conquista-madrid-con-su-riqueza-cultural-y-turistica-en-evento-internacional\/#primaryimage\"},\"thumbnailUrl\":\"https:\/\/www.nexoinformativo.mx\/wp-content\/uploads\/2025\/01\/PHOTO-2025-01-21-10-24-04-e1737476708776.jpg\",\"datePublished\":\"2025-01-21T14:30:49+00:00\",\"dateModified\":\"2025-01-21T16:26:25+00:00\",\"description\":\"Quer\u00e9taro conquista Madrid con su riqueza cultural y tur\u00edstica en evento Internacional\",\"breadcrumb\":{\"@id\":\"https:\/\/www.nexoinformativo.mx\/index.php\/2025\/01\/21\/queretaro-conquista-madrid-con-su-riqueza-cultural-y-turistica-en-evento-internacional\/#breadcrumb\"},\"inLanguage\":\"es\",\"potentialAction\":[{\"@type\":\"ReadAction\",\"target\":[\"https:\/\/www.nexoinformativo.mx\/index.php\/2025\/01\/21\/queretaro-conquista-madrid-con-su-riqueza-cultural-y-turistica-en-evento-internacional\/\"]}]},{\"@type\":\"ImageObject\",\"inLanguage\":\"es\",\"@id\":\"https:\/\/www.nexoinformativo.mx\/index.php\/2025\/01\/21\/queretaro-conquista-madrid-con-su-riqueza-cultural-y-turistica-en-evento-internacional\/#primaryimage\",\"url\":\"https:\/\/www.nexoinformativo.mx\/wp-content\/uploads\/2025\/01\/PHOTO-2025-01-21-10-24-04-e1737476708776.jpg\",\"contentUrl\":\"https:\/\/www.nexoinformativo.mx\/wp-content\/uploads\/2025\/01\/PHOTO-2025-01-21-10-24-04-e1737476708776.jpg\",\"width\":800,\"height\":600},{\"@type\":\"BreadcrumbList\",\"@id\":\"https:\/\/www.nexoinformativo.mx\/index.php\/2025\/01\/21\/queretaro-conquista-madrid-con-su-riqueza-cultural-y-turistica-en-evento-internacional\/#breadcrumb\",\"itemListElement\":[{\"@type\":\"ListItem\",\"position\":1,\"name\":\"Inicio\",\"item\":\"https:\/\/www.nexoinformativo.mx\/\"},{\"@type\":\"ListItem\",\"position\":2,\"name\":\"Quer\u00e9taro conquista Madrid con su riqueza cultural y tur\u00edstica en evento Internacional\"}]},{\"@type\":\"WebSite\",\"@id\":\"https:\/\/www.nexoinformativo.mx\/#website\",\"url\":\"https:\/\/www.nexoinformativo.mx\/\",\"name\":\"Nexo Informativo Santiago de Quer\u00e9taro\",\"description\":\"Explora NexoInformativo y convi\u00e9rtete en parte de una comunidad que valora el conocimiento y la verdad. Tu nexoinformativo es tu puente hacia una comprensi\u00f3n m\u00e1s profunda del mundo que te rodea.\",\"publisher\":{\"@id\":\"https:\/\/www.nexoinformativo.mx\/#organization\"},\"potentialAction\":[{\"@type\":\"SearchAction\",\"target\":{\"@type\":\"EntryPoint\",\"urlTemplate\":\"https:\/\/www.nexoinformativo.mx\/?s={search_term_string}\"},\"query-input\":{\"@type\":\"PropertyValueSpecification\",\"valueRequired\":true,\"valueName\":\"search_term_string\"}}],\"inLanguage\":\"es\"},{\"@type\":\"Organization\",\"@id\":\"https:\/\/www.nexoinformativo.mx\/#organization\",\"name\":\"Nexo Informativo Santiago de Quer\u00e9taro\",\"url\":\"https:\/\/www.nexoinformativo.mx\/\",\"logo\":{\"@type\":\"ImageObject\",\"inLanguage\":\"es\",\"@id\":\"https:\/\/www.nexoinformativo.mx\/#\/schema\/logo\/image\/\",\"url\":\"https:\/\/www.nexoinformativo.mx\/wp-content\/uploads\/2024\/07\/nexoi-trasparente-2.png\",\"contentUrl\":\"https:\/\/www.nexoinformativo.mx\/wp-content\/uploads\/2024\/07\/nexoi-trasparente-2.png\",\"width\":816,\"height\":339,\"caption\":\"Nexo Informativo Santiago de Quer\u00e9taro\"},\"image\":{\"@id\":\"https:\/\/www.nexoinformativo.mx\/#\/schema\/logo\/image\/\"},\"sameAs\":[\"https:\/\/www.facebook.com\/people\/Nexo-Informativo\/61564066885511\/\"]},{\"@type\":\"Person\",\"@id\":\"https:\/\/www.nexoinformativo.mx\/#\/schema\/person\/7749d380ba08c8ca00d7bc76fd907b7d\",\"name\":\"Nexo Informativo\",\"image\":{\"@type\":\"ImageObject\",\"inLanguage\":\"es\",\"@id\":\"https:\/\/www.nexoinformativo.mx\/#\/schema\/person\/image\/\",\"url\":\"https:\/\/secure.gravatar.com\/avatar\/dde2928154642a13d95f87ddf1ea9718fe2b46760a005c53e41ff5ad610704e6?s=96&d=mm&r=g\",\"contentUrl\":\"https:\/\/secure.gravatar.com\/avatar\/dde2928154642a13d95f87ddf1ea9718fe2b46760a005c53e41ff5ad610704e6?s=96&d=mm&r=g\",\"caption\":\"Nexo Informativo\"},\"url\":\"https:\/\/www.nexoinformativo.mx\/index.php\/author\/edicion\/\"}]}<\/script>\n<!-- \/ Yoast SEO plugin. -->","yoast_head_json":{"title":"Quer\u00e9taro conquista Madrid con su riqueza cultural y tur\u00edstica en evento Internacional | Nexo Informativo Santiago de Quer\u00e9taro","description":"Quer\u00e9taro conquista Madrid con su riqueza cultural y tur\u00edstica en evento Internacional","robots":{"index":"index","follow":"follow","max-snippet":"max-snippet:-1","max-image-preview":"max-image-preview:large","max-video-preview":"max-video-preview:-1"},"canonical":"https:\/\/www.nexoinformativo.mx\/index.php\/2025\/01\/21\/queretaro-conquista-madrid-con-su-riqueza-cultural-y-turistica-en-evento-internacional\/","og_locale":"es_MX","og_type":"article","og_title":"Quer\u00e9taro conquista Madrid con su riqueza cultural y tur\u00edstica en evento Internacional | Nexo Informativo Santiago de Quer\u00e9taro","og_description":"Quer\u00e9taro conquista Madrid con su riqueza cultural y tur\u00edstica en evento Internacional","og_url":"https:\/\/www.nexoinformativo.mx\/index.php\/2025\/01\/21\/queretaro-conquista-madrid-con-su-riqueza-cultural-y-turistica-en-evento-internacional\/","og_site_name":"Nexo Informativo Santiago de Quer\u00e9taro","article_publisher":"https:\/\/www.facebook.com\/people\/Nexo-Informativo\/61564066885511\/","article_published_time":"2025-01-21T14:30:49+00:00","article_modified_time":"2025-01-21T16:26:25+00:00","og_image":[{"width":800,"height":600,"url":"https:\/\/www.nexoinformativo.mx\/wp-content\/uploads\/2025\/01\/PHOTO-2025-01-21-10-24-04-e1737476708776.jpg","type":"image\/jpeg"}],"author":"Nexo Informativo","twitter_card":"summary_large_image","twitter_misc":{"Escrito por":"Nexo Informativo","Tiempo de lectura":"2 minutos"},"schema":{"@context":"https:\/\/schema.org","@graph":[{"@type":"Article","@id":"https:\/\/www.nexoinformativo.mx\/index.php\/2025\/01\/21\/queretaro-conquista-madrid-con-su-riqueza-cultural-y-turistica-en-evento-internacional\/#article","isPartOf":{"@id":"https:\/\/www.nexoinformativo.mx\/index.php\/2025\/01\/21\/queretaro-conquista-madrid-con-su-riqueza-cultural-y-turistica-en-evento-internacional\/"},"author":{"name":"Nexo Informativo","@id":"https:\/\/www.nexoinformativo.mx\/#\/schema\/person\/7749d380ba08c8ca00d7bc76fd907b7d"},"headline":"Quer\u00e9taro conquista Madrid con su riqueza cultural y tur\u00edstica en evento Internacional","datePublished":"2025-01-21T14:30:49+00:00","dateModified":"2025-01-21T16:26:25+00:00","mainEntityOfPage":{"@id":"https:\/\/www.nexoinformativo.mx\/index.php\/2025\/01\/21\/queretaro-conquista-madrid-con-su-riqueza-cultural-y-turistica-en-evento-internacional\/"},"wordCount":282,"commentCount":0,"publisher":{"@id":"https:\/\/www.nexoinformativo.mx\/#organization"},"image":{"@id":"https:\/\/www.nexoinformativo.mx\/index.php\/2025\/01\/21\/queretaro-conquista-madrid-con-su-riqueza-cultural-y-turistica-en-evento-internacional\/#primaryimage"},"thumbnailUrl":"https:\/\/www.nexoinformativo.mx\/wp-content\/uploads\/2025\/01\/PHOTO-2025-01-21-10-24-04-e1737476708776.jpg","keywords":["M\u00e9xico","PatrimonioMundial","Quer\u00e9taro","Turismo"],"articleSection":["Econom\u00eda","Estado","\u00daltima Hora"],"inLanguage":"es","potentialAction":[{"@type":"CommentAction","name":"Comment","target":["https:\/\/www.nexoinformativo.mx\/index.php\/2025\/01\/21\/queretaro-conquista-madrid-con-su-riqueza-cultural-y-turistica-en-evento-internacional\/#respond"]}]},{"@type":"WebPage","@id":"https:\/\/www.nexoinformativo.mx\/index.php\/2025\/01\/21\/queretaro-conquista-madrid-con-su-riqueza-cultural-y-turistica-en-evento-internacional\/","url":"https:\/\/www.nexoinformativo.mx\/index.php\/2025\/01\/21\/queretaro-conquista-madrid-con-su-riqueza-cultural-y-turistica-en-evento-internacional\/","name":"Quer\u00e9taro conquista Madrid con su riqueza cultural y tur\u00edstica en evento Internacional | Nexo Informativo Santiago de Quer\u00e9taro","isPartOf":{"@id":"https:\/\/www.nexoinformativo.mx\/#website"},"primaryImageOfPage":{"@id":"https:\/\/www.nexoinformativo.mx\/index.php\/2025\/01\/21\/queretaro-conquista-madrid-con-su-riqueza-cultural-y-turistica-en-evento-internacional\/#primaryimage"},"image":{"@id":"https:\/\/www.nexoinformativo.mx\/index.php\/2025\/01\/21\/queretaro-conquista-madrid-con-su-riqueza-cultural-y-turistica-en-evento-internacional\/#primaryimage"},"thumbnailUrl":"https:\/\/www.nexoinformativo.mx\/wp-content\/uploads\/2025\/01\/PHOTO-2025-01-21-10-24-04-e1737476708776.jpg","datePublished":"2025-01-21T14:30:49+00:00","dateModified":"2025-01-21T16:26:25+00:00","description":"Quer\u00e9taro conquista Madrid con su riqueza cultural y tur\u00edstica en evento Internacional","breadcrumb":{"@id":"https:\/\/www.nexoinformativo.mx\/index.php\/2025\/01\/21\/queretaro-conquista-madrid-con-su-riqueza-cultural-y-turistica-en-evento-internacional\/#breadcrumb"},"inLanguage":"es","potentialAction":[{"@type":"ReadAction","target":["https:\/\/www.nexoinformativo.mx\/index.php\/2025\/01\/21\/queretaro-conquista-madrid-con-su-riqueza-cultural-y-turistica-en-evento-internacional\/"]}]},{"@type":"ImageObject","inLanguage":"es","@id":"https:\/\/www.nexoinformativo.mx\/index.php\/2025\/01\/21\/queretaro-conquista-madrid-con-su-riqueza-cultural-y-turistica-en-evento-internacional\/#primaryimage","url":"https:\/\/www.nexoinformativo.mx\/wp-content\/uploads\/2025\/01\/PHOTO-2025-01-21-10-24-04-e1737476708776.jpg","contentUrl":"https:\/\/www.nexoinformativo.mx\/wp-content\/uploads\/2025\/01\/PHOTO-2025-01-21-10-24-04-e1737476708776.jpg","width":800,"height":600},{"@type":"BreadcrumbList","@id":"https:\/\/www.nexoinformativo.mx\/index.php\/2025\/01\/21\/queretaro-conquista-madrid-con-su-riqueza-cultural-y-turistica-en-evento-internacional\/#breadcrumb","itemListElement":[{"@type":"ListItem","position":1,"name":"Inicio","item":"https:\/\/www.nexoinformativo.mx\/"},{"@type":"ListItem","position":2,"name":"Quer\u00e9taro conquista Madrid con su riqueza cultural y tur\u00edstica en evento Internacional"}]},{"@type":"WebSite","@id":"https:\/\/www.nexoinformativo.mx\/#website","url":"https:\/\/www.nexoinformativo.mx\/","name":"Nexo Informativo Santiago de Quer\u00e9taro","description":"Explora NexoInformativo y convi\u00e9rtete en parte de una comunidad que valora el conocimiento y la verdad. Tu nexoinformativo es tu puente hacia una comprensi\u00f3n m\u00e1s profunda del mundo que te rodea.","publisher":{"@id":"https:\/\/www.nexoinformativo.mx\/#organization"},"potentialAction":[{"@type":"SearchAction","target":{"@type":"EntryPoint","urlTemplate":"https:\/\/www.nexoinformativo.mx\/?s={search_term_string}"},"query-input":{"@type":"PropertyValueSpecification","valueRequired":true,"valueName":"search_term_string"}}],"inLanguage":"es"},{"@type":"Organization","@id":"https:\/\/www.nexoinformativo.mx\/#organization","name":"Nexo Informativo Santiago de Quer\u00e9taro","url":"https:\/\/www.nexoinformativo.mx\/","logo":{"@type":"ImageObject","inLanguage":"es","@id":"https:\/\/www.nexoinformativo.mx\/#\/schema\/logo\/image\/","url":"https:\/\/www.nexoinformativo.mx\/wp-content\/uploads\/2024\/07\/nexoi-trasparente-2.png","contentUrl":"https:\/\/www.nexoinformativo.mx\/wp-content\/uploads\/2024\/07\/nexoi-trasparente-2.png","width":816,"height":339,"caption":"Nexo Informativo Santiago de Quer\u00e9taro"},"image":{"@id":"https:\/\/www.nexoinformativo.mx\/#\/schema\/logo\/image\/"},"sameAs":["https:\/\/www.facebook.com\/people\/Nexo-Informativo\/61564066885511\/"]},{"@type":"Person","@id":"https:\/\/www.nexoinformativo.mx\/#\/schema\/person\/7749d380ba08c8ca00d7bc76fd907b7d","name":"Nexo Informativo","image":{"@type":"ImageObject","inLanguage":"es","@id":"https:\/\/www.nexoinformativo.mx\/#\/schema\/person\/image\/","url":"https:\/\/secure.gravatar.com\/avatar\/dde2928154642a13d95f87ddf1ea9718fe2b46760a005c53e41ff5ad610704e6?s=96&d=mm&r=g","contentUrl":"https:\/\/secure.gravatar.com\/avatar\/dde2928154642a13d95f87ddf1ea9718fe2b46760a005c53e41ff5ad610704e6?s=96&d=mm&r=g","caption":"Nexo Informativo"},"url":"https:\/\/www.nexoinformativo.mx\/index.php\/author\/edicion\/"}]}},"_links":{"self":[{"href":"https:\/\/www.nexoinformativo.mx\/index.php\/wp-json\/wp\/v2\/posts\/10340","targetHints":{"allow":["GET"]}}],"collection":[{"href":"https:\/\/www.nexoinformativo.mx\/index.php\/wp-json\/wp\/v2\/posts"}],"about":[{"href":"https:\/\/www.nexoinformativo.mx\/index.php\/wp-json\/wp\/v2\/types\/post"}],"author":[{"embeddable":true,"href":"https:\/\/www.nexoinformativo.mx\/index.php\/wp-json\/wp\/v2\/users\/3"}],"replies":[{"embeddable":true,"href":"https:\/\/www.nexoinformativo.mx\/index.php\/wp-json\/wp\/v2\/comments?post=10340"}],"version-history":[{"count":5,"href":"https:\/\/www.nexoinformativo.mx\/index.php\/wp-json\/wp\/v2\/posts\/10340\/revisions"}],"predecessor-version":[{"id":10344,"href":"https:\/\/www.nexoinformativo.mx\/index.php\/wp-json\/wp\/v2\/posts\/10340\/revisions\/10344"}],"wp:featuredmedia":[{"embeddable":true,"href":"https:\/\/www.nexoinformativo.mx\/index.php\/wp-json\/wp\/v2\/media\/10342"}],"wp:attachment":[{"href":"https:\/\/www.nexoinformativo.mx\/index.php\/wp-json\/wp\/v2\/media?parent=10340"}],"wp:term":[{"taxonomy":"category","embeddable":true,"href":"https:\/\/www.nexoinformativo.mx\/index.php\/wp-json\/wp\/v2\/categories?post=10340"},{"taxonomy":"post_tag","embeddable":true,"href":"https:\/\/www.nexoinformativo.mx\/index.php\/wp-json\/wp\/v2\/tags?post=10340"}],"curies":[{"name":"wp","href":"https:\/\/api.w.org\/{rel}","templated":true}]}}