{"id":10365,"date":"2025-01-21T10:00:44","date_gmt":"2025-01-21T16:00:44","guid":{"rendered":"https:\/\/www.nexoinformativo.mx\/?p=10365"},"modified":"2025-01-21T11:00:02","modified_gmt":"2025-01-21T17:00:02","slug":"queretaro-lidera-la-venta-de-autos-en-el-pais-con-un-crecimiento-del-14-3-en-2024","status":"publish","type":"post","link":"https:\/\/www.nexoinformativo.mx\/index.php\/2025\/01\/21\/queretaro-lidera-la-venta-de-autos-en-el-pais-con-un-crecimiento-del-14-3-en-2024\/","title":{"rendered":"Quer\u00e9taro lidera la venta de autos en el pa\u00eds con un crecimiento del 14.3% en 2024"},"content":{"rendered":"<p style=\"text-align: justify;\" data-sourcepos=\"11:1-11:330\">El estado de Quer\u00e9taro cerr\u00f3 el 2024 con un crecimiento del 14.3% en la venta de autom\u00f3viles nuevos, posicion\u00e1ndose en el noveno lugar a nivel nacional. Con un total de 37,014 unidades comercializadas, la entidad demuestra su dinamismo econ\u00f3mico y la confianza de los consumidores en el mercado automotriz.<\/p>\n<\/p>\n<p>&nbsp;<\/p>\n<p style=\"text-align: justify;\" data-sourcepos=\"13:1-13:324\">Seg\u00fan datos de la Asociaci\u00f3n de Distribuidores de Veh\u00edculos Automotores de Quer\u00e9taro (AMDA QRO), las marcas chinas han tenido un destacado desempe\u00f1o, representando el 8.6% del total de las ventas. Marcas como MG, Chery, GWM y JAC han ganado terreno en el mercado queretano, ofreciendo opciones m\u00e1s accesibles y tecnol\u00f3gicas.<\/p>\n<\/p>\n<p>&nbsp;<\/p>\n<p style=\"text-align: justify;\" data-sourcepos=\"15:1-15:226\">El segmento de los camiones tambi\u00e9n registr\u00f3 un crecimiento significativo, con un total de 21,030 unidades vendidas. Por su parte, las agencias ubicadas en el municipio de Quer\u00e9taro concentraron el 63.3% de las ventas totales.<\/p>\n<\/p>\n<p>&nbsp;<\/p>\n<p style=\"text-align: justify;\" data-sourcepos=\"17:1-17:196\">Este crecimiento se debe a diversos factores, como la recuperaci\u00f3n econ\u00f3mica, el aumento del poder adquisitivo de los consumidores y el lanzamiento de nuevos modelos con tecnolog\u00edas m\u00e1s avanzadas.<\/p>\n<\/p>\n<p>&nbsp;<\/p>\n<p style=\"text-align: justify;\" data-sourcepos=\"19:1-19:193\">La presidenta de la AMDA QRO, Laura Rodr\u00edguez, destac\u00f3 la importancia de estos resultados y se\u00f1al\u00f3 que el sector automotriz sigue siendo un motor importante para la econom\u00eda del estado.<\/p>\n<\/p>\n<p>&nbsp;<\/p>\n<p style=\"text-align: center;\" data-sourcepos=\"19:1-19:193\"><em><strong>\u00a1Informaci\u00f3n que transforma!<\/strong><\/em><\/p>\n","protected":false},"excerpt":{"rendered":"<p>El estado de Quer\u00e9taro cerr\u00f3 el 2024 con un crecimiento del 14.3% en la venta de autom\u00f3viles nuevos, posicion\u00e1ndose en el noveno lugar a nivel nacional.<\/p>\n","protected":false},"author":3,"featured_media":10366,"comment_status":"open","ping_status":"open","sticky":false,"template":"","format":"standard","meta":{"footnotes":""},"categories":[5,42,58],"tags":[1726,141,133,3187],"class_list":["post-10365","post","type-post","status-publish","format-standard","has-post-thumbnail","hentry","category-economia","category-estado","category-ultima-hora","tag-automotriz","tag-economia","tag-queretaro","tag-ventasdeautos"],"yoast_head":"<!-- This site is optimized with the Yoast SEO plugin v25.0 - https:\/\/yoast.com\/wordpress\/plugins\/seo\/ -->\n<title>Quer\u00e9taro lidera la venta de autos en el pa\u00eds con un crecimiento del 14.3% en 2024 | Nexo Informativo Santiago de Quer\u00e9taro<\/title>\n<meta name=\"description\" content=\"Quer\u00e9taro lidera la venta de autos en el pa\u00eds con un crecimiento del 14.3% en 2024\" \/>\n<meta name=\"robots\" content=\"index, follow, max-snippet:-1, max-image-preview:large, max-video-preview:-1\" \/>\n<link rel=\"canonical\" href=\"https:\/\/www.nexoinformativo.mx\/index.php\/2025\/01\/21\/queretaro-lidera-la-venta-de-autos-en-el-pais-con-un-crecimiento-del-14-3-en-2024\/\" \/>\n<meta property=\"og:locale\" content=\"es_MX\" \/>\n<meta property=\"og:type\" content=\"article\" \/>\n<meta property=\"og:title\" content=\"Quer\u00e9taro lidera la venta de autos en el pa\u00eds con un crecimiento del 14.3% en 2024 | Nexo Informativo Santiago de Quer\u00e9taro\" \/>\n<meta property=\"og:description\" content=\"Quer\u00e9taro lidera la venta de autos en el pa\u00eds con un crecimiento del 14.3% en 2024\" \/>\n<meta property=\"og:url\" content=\"https:\/\/www.nexoinformativo.mx\/index.php\/2025\/01\/21\/queretaro-lidera-la-venta-de-autos-en-el-pais-con-un-crecimiento-del-14-3-en-2024\/\" \/>\n<meta property=\"og:site_name\" content=\"Nexo Informativo Santiago de Quer\u00e9taro\" \/>\n<meta property=\"article:publisher\" content=\"https:\/\/www.facebook.com\/people\/Nexo-Informativo\/61564066885511\/\" \/>\n<meta property=\"article:published_time\" content=\"2025-01-21T16:00:44+00:00\" \/>\n<meta property=\"article:modified_time\" content=\"2025-01-21T17:00:02+00:00\" \/>\n<meta property=\"og:image\" content=\"https:\/\/www.nexoinformativo.mx\/wp-content\/uploads\/2025\/01\/PHOTO-2025-01-21-10-38-01-e1737478764951.jpg\" \/>\n\t<meta property=\"og:image:width\" content=\"800\" \/>\n\t<meta property=\"og:image:height\" content=\"534\" \/>\n\t<meta property=\"og:image:type\" content=\"image\/jpeg\" \/>\n<meta name=\"author\" content=\"Nexo Informativo\" \/>\n<meta name=\"twitter:card\" content=\"summary_large_image\" \/>\n<meta name=\"twitter:label1\" content=\"Escrito por\" \/>\n\t<meta name=\"twitter:data1\" content=\"Nexo Informativo\" \/>\n\t<meta name=\"twitter:label2\" content=\"Tiempo de lectura\" \/>\n\t<meta name=\"twitter:data2\" content=\"2 minutos\" \/>\n<script type=\"application\/ld+json\" class=\"yoast-schema-graph\">{\"@context\":\"https:\/\/schema.org\",\"@graph\":[{\"@type\":\"Article\",\"@id\":\"https:\/\/www.nexoinformativo.mx\/index.php\/2025\/01\/21\/queretaro-lidera-la-venta-de-autos-en-el-pais-con-un-crecimiento-del-14-3-en-2024\/#article\",\"isPartOf\":{\"@id\":\"https:\/\/www.nexoinformativo.mx\/index.php\/2025\/01\/21\/queretaro-lidera-la-venta-de-autos-en-el-pais-con-un-crecimiento-del-14-3-en-2024\/\"},\"author\":{\"name\":\"Nexo Informativo\",\"@id\":\"https:\/\/www.nexoinformativo.mx\/#\/schema\/person\/7749d380ba08c8ca00d7bc76fd907b7d\"},\"headline\":\"Quer\u00e9taro lidera la venta de autos en el pa\u00eds con un crecimiento del 14.3% en 2024\",\"datePublished\":\"2025-01-21T16:00:44+00:00\",\"dateModified\":\"2025-01-21T17:00:02+00:00\",\"mainEntityOfPage\":{\"@id\":\"https:\/\/www.nexoinformativo.mx\/index.php\/2025\/01\/21\/queretaro-lidera-la-venta-de-autos-en-el-pais-con-un-crecimiento-del-14-3-en-2024\/\"},\"wordCount\":232,\"commentCount\":0,\"publisher\":{\"@id\":\"https:\/\/www.nexoinformativo.mx\/#organization\"},\"image\":{\"@id\":\"https:\/\/www.nexoinformativo.mx\/index.php\/2025\/01\/21\/queretaro-lidera-la-venta-de-autos-en-el-pais-con-un-crecimiento-del-14-3-en-2024\/#primaryimage\"},\"thumbnailUrl\":\"https:\/\/www.nexoinformativo.mx\/wp-content\/uploads\/2025\/01\/PHOTO-2025-01-21-10-38-01-e1737478764951.jpg\",\"keywords\":[\"Automotriz\",\"Economia\",\"Quer\u00e9taro\",\"VentasDeAutos\"],\"articleSection\":[\"Econom\u00eda\",\"Estado\",\"\u00daltima Hora\"],\"inLanguage\":\"es\",\"potentialAction\":[{\"@type\":\"CommentAction\",\"name\":\"Comment\",\"target\":[\"https:\/\/www.nexoinformativo.mx\/index.php\/2025\/01\/21\/queretaro-lidera-la-venta-de-autos-en-el-pais-con-un-crecimiento-del-14-3-en-2024\/#respond\"]}]},{\"@type\":\"WebPage\",\"@id\":\"https:\/\/www.nexoinformativo.mx\/index.php\/2025\/01\/21\/queretaro-lidera-la-venta-de-autos-en-el-pais-con-un-crecimiento-del-14-3-en-2024\/\",\"url\":\"https:\/\/www.nexoinformativo.mx\/index.php\/2025\/01\/21\/queretaro-lidera-la-venta-de-autos-en-el-pais-con-un-crecimiento-del-14-3-en-2024\/\",\"name\":\"Quer\u00e9taro lidera la venta de autos en el pa\u00eds con un crecimiento del 14.3% en 2024 | Nexo Informativo Santiago de Quer\u00e9taro\",\"isPartOf\":{\"@id\":\"https:\/\/www.nexoinformativo.mx\/#website\"},\"primaryImageOfPage\":{\"@id\":\"https:\/\/www.nexoinformativo.mx\/index.php\/2025\/01\/21\/queretaro-lidera-la-venta-de-autos-en-el-pais-con-un-crecimiento-del-14-3-en-2024\/#primaryimage\"},\"image\":{\"@id\":\"https:\/\/www.nexoinformativo.mx\/index.php\/2025\/01\/21\/queretaro-lidera-la-venta-de-autos-en-el-pais-con-un-crecimiento-del-14-3-en-2024\/#primaryimage\"},\"thumbnailUrl\":\"https:\/\/www.nexoinformativo.mx\/wp-content\/uploads\/2025\/01\/PHOTO-2025-01-21-10-38-01-e1737478764951.jpg\",\"datePublished\":\"2025-01-21T16:00:44+00:00\",\"dateModified\":\"2025-01-21T17:00:02+00:00\",\"description\":\"Quer\u00e9taro lidera la venta de autos en el pa\u00eds con un crecimiento del 14.3% en 2024\",\"breadcrumb\":{\"@id\":\"https:\/\/www.nexoinformativo.mx\/index.php\/2025\/01\/21\/queretaro-lidera-la-venta-de-autos-en-el-pais-con-un-crecimiento-del-14-3-en-2024\/#breadcrumb\"},\"inLanguage\":\"es\",\"potentialAction\":[{\"@type\":\"ReadAction\",\"target\":[\"https:\/\/www.nexoinformativo.mx\/index.php\/2025\/01\/21\/queretaro-lidera-la-venta-de-autos-en-el-pais-con-un-crecimiento-del-14-3-en-2024\/\"]}]},{\"@type\":\"ImageObject\",\"inLanguage\":\"es\",\"@id\":\"https:\/\/www.nexoinformativo.mx\/index.php\/2025\/01\/21\/queretaro-lidera-la-venta-de-autos-en-el-pais-con-un-crecimiento-del-14-3-en-2024\/#primaryimage\",\"url\":\"https:\/\/www.nexoinformativo.mx\/wp-content\/uploads\/2025\/01\/PHOTO-2025-01-21-10-38-01-e1737478764951.jpg\",\"contentUrl\":\"https:\/\/www.nexoinformativo.mx\/wp-content\/uploads\/2025\/01\/PHOTO-2025-01-21-10-38-01-e1737478764951.jpg\",\"width\":800,\"height\":534},{\"@type\":\"BreadcrumbList\",\"@id\":\"https:\/\/www.nexoinformativo.mx\/index.php\/2025\/01\/21\/queretaro-lidera-la-venta-de-autos-en-el-pais-con-un-crecimiento-del-14-3-en-2024\/#breadcrumb\",\"itemListElement\":[{\"@type\":\"ListItem\",\"position\":1,\"name\":\"Inicio\",\"item\":\"https:\/\/www.nexoinformativo.mx\/\"},{\"@type\":\"ListItem\",\"position\":2,\"name\":\"Quer\u00e9taro lidera la venta de autos en el pa\u00eds con un crecimiento del 14.3% en 2024\"}]},{\"@type\":\"WebSite\",\"@id\":\"https:\/\/www.nexoinformativo.mx\/#website\",\"url\":\"https:\/\/www.nexoinformativo.mx\/\",\"name\":\"Nexo Informativo Santiago de Quer\u00e9taro\",\"description\":\"Explora NexoInformativo y convi\u00e9rtete en parte de una comunidad que valora el conocimiento y la verdad. Tu nexoinformativo es tu puente hacia una comprensi\u00f3n m\u00e1s profunda del mundo que te rodea.\",\"publisher\":{\"@id\":\"https:\/\/www.nexoinformativo.mx\/#organization\"},\"potentialAction\":[{\"@type\":\"SearchAction\",\"target\":{\"@type\":\"EntryPoint\",\"urlTemplate\":\"https:\/\/www.nexoinformativo.mx\/?s={search_term_string}\"},\"query-input\":{\"@type\":\"PropertyValueSpecification\",\"valueRequired\":true,\"valueName\":\"search_term_string\"}}],\"inLanguage\":\"es\"},{\"@type\":\"Organization\",\"@id\":\"https:\/\/www.nexoinformativo.mx\/#organization\",\"name\":\"Nexo Informativo Santiago de Quer\u00e9taro\",\"url\":\"https:\/\/www.nexoinformativo.mx\/\",\"logo\":{\"@type\":\"ImageObject\",\"inLanguage\":\"es\",\"@id\":\"https:\/\/www.nexoinformativo.mx\/#\/schema\/logo\/image\/\",\"url\":\"https:\/\/www.nexoinformativo.mx\/wp-content\/uploads\/2024\/07\/nexoi-trasparente-2.png\",\"contentUrl\":\"https:\/\/www.nexoinformativo.mx\/wp-content\/uploads\/2024\/07\/nexoi-trasparente-2.png\",\"width\":816,\"height\":339,\"caption\":\"Nexo Informativo Santiago de Quer\u00e9taro\"},\"image\":{\"@id\":\"https:\/\/www.nexoinformativo.mx\/#\/schema\/logo\/image\/\"},\"sameAs\":[\"https:\/\/www.facebook.com\/people\/Nexo-Informativo\/61564066885511\/\"]},{\"@type\":\"Person\",\"@id\":\"https:\/\/www.nexoinformativo.mx\/#\/schema\/person\/7749d380ba08c8ca00d7bc76fd907b7d\",\"name\":\"Nexo Informativo\",\"image\":{\"@type\":\"ImageObject\",\"inLanguage\":\"es\",\"@id\":\"https:\/\/www.nexoinformativo.mx\/#\/schema\/person\/image\/\",\"url\":\"https:\/\/secure.gravatar.com\/avatar\/dde2928154642a13d95f87ddf1ea9718fe2b46760a005c53e41ff5ad610704e6?s=96&d=mm&r=g\",\"contentUrl\":\"https:\/\/secure.gravatar.com\/avatar\/dde2928154642a13d95f87ddf1ea9718fe2b46760a005c53e41ff5ad610704e6?s=96&d=mm&r=g\",\"caption\":\"Nexo Informativo\"},\"url\":\"https:\/\/www.nexoinformativo.mx\/index.php\/author\/edicion\/\"}]}<\/script>\n<!-- \/ Yoast SEO plugin. -->","yoast_head_json":{"title":"Quer\u00e9taro lidera la venta de autos en el pa\u00eds con un crecimiento del 14.3% en 2024 | Nexo Informativo Santiago de Quer\u00e9taro","description":"Quer\u00e9taro lidera la venta de autos en el pa\u00eds con un crecimiento del 14.3% en 2024","robots":{"index":"index","follow":"follow","max-snippet":"max-snippet:-1","max-image-preview":"max-image-preview:large","max-video-preview":"max-video-preview:-1"},"canonical":"https:\/\/www.nexoinformativo.mx\/index.php\/2025\/01\/21\/queretaro-lidera-la-venta-de-autos-en-el-pais-con-un-crecimiento-del-14-3-en-2024\/","og_locale":"es_MX","og_type":"article","og_title":"Quer\u00e9taro lidera la venta de autos en el pa\u00eds con un crecimiento del 14.3% en 2024 | Nexo Informativo Santiago de Quer\u00e9taro","og_description":"Quer\u00e9taro lidera la venta de autos en el pa\u00eds con un crecimiento del 14.3% en 2024","og_url":"https:\/\/www.nexoinformativo.mx\/index.php\/2025\/01\/21\/queretaro-lidera-la-venta-de-autos-en-el-pais-con-un-crecimiento-del-14-3-en-2024\/","og_site_name":"Nexo Informativo Santiago de Quer\u00e9taro","article_publisher":"https:\/\/www.facebook.com\/people\/Nexo-Informativo\/61564066885511\/","article_published_time":"2025-01-21T16:00:44+00:00","article_modified_time":"2025-01-21T17:00:02+00:00","og_image":[{"width":800,"height":534,"url":"https:\/\/www.nexoinformativo.mx\/wp-content\/uploads\/2025\/01\/PHOTO-2025-01-21-10-38-01-e1737478764951.jpg","type":"image\/jpeg"}],"author":"Nexo Informativo","twitter_card":"summary_large_image","twitter_misc":{"Escrito por":"Nexo Informativo","Tiempo de lectura":"2 minutos"},"schema":{"@context":"https:\/\/schema.org","@graph":[{"@type":"Article","@id":"https:\/\/www.nexoinformativo.mx\/index.php\/2025\/01\/21\/queretaro-lidera-la-venta-de-autos-en-el-pais-con-un-crecimiento-del-14-3-en-2024\/#article","isPartOf":{"@id":"https:\/\/www.nexoinformativo.mx\/index.php\/2025\/01\/21\/queretaro-lidera-la-venta-de-autos-en-el-pais-con-un-crecimiento-del-14-3-en-2024\/"},"author":{"name":"Nexo Informativo","@id":"https:\/\/www.nexoinformativo.mx\/#\/schema\/person\/7749d380ba08c8ca00d7bc76fd907b7d"},"headline":"Quer\u00e9taro lidera la venta de autos en el pa\u00eds con un crecimiento del 14.3% en 2024","datePublished":"2025-01-21T16:00:44+00:00","dateModified":"2025-01-21T17:00:02+00:00","mainEntityOfPage":{"@id":"https:\/\/www.nexoinformativo.mx\/index.php\/2025\/01\/21\/queretaro-lidera-la-venta-de-autos-en-el-pais-con-un-crecimiento-del-14-3-en-2024\/"},"wordCount":232,"commentCount":0,"publisher":{"@id":"https:\/\/www.nexoinformativo.mx\/#organization"},"image":{"@id":"https:\/\/www.nexoinformativo.mx\/index.php\/2025\/01\/21\/queretaro-lidera-la-venta-de-autos-en-el-pais-con-un-crecimiento-del-14-3-en-2024\/#primaryimage"},"thumbnailUrl":"https:\/\/www.nexoinformativo.mx\/wp-content\/uploads\/2025\/01\/PHOTO-2025-01-21-10-38-01-e1737478764951.jpg","keywords":["Automotriz","Economia","Quer\u00e9taro","VentasDeAutos"],"articleSection":["Econom\u00eda","Estado","\u00daltima Hora"],"inLanguage":"es","potentialAction":[{"@type":"CommentAction","name":"Comment","target":["https:\/\/www.nexoinformativo.mx\/index.php\/2025\/01\/21\/queretaro-lidera-la-venta-de-autos-en-el-pais-con-un-crecimiento-del-14-3-en-2024\/#respond"]}]},{"@type":"WebPage","@id":"https:\/\/www.nexoinformativo.mx\/index.php\/2025\/01\/21\/queretaro-lidera-la-venta-de-autos-en-el-pais-con-un-crecimiento-del-14-3-en-2024\/","url":"https:\/\/www.nexoinformativo.mx\/index.php\/2025\/01\/21\/queretaro-lidera-la-venta-de-autos-en-el-pais-con-un-crecimiento-del-14-3-en-2024\/","name":"Quer\u00e9taro lidera la venta de autos en el pa\u00eds con un crecimiento del 14.3% en 2024 | Nexo Informativo Santiago de Quer\u00e9taro","isPartOf":{"@id":"https:\/\/www.nexoinformativo.mx\/#website"},"primaryImageOfPage":{"@id":"https:\/\/www.nexoinformativo.mx\/index.php\/2025\/01\/21\/queretaro-lidera-la-venta-de-autos-en-el-pais-con-un-crecimiento-del-14-3-en-2024\/#primaryimage"},"image":{"@id":"https:\/\/www.nexoinformativo.mx\/index.php\/2025\/01\/21\/queretaro-lidera-la-venta-de-autos-en-el-pais-con-un-crecimiento-del-14-3-en-2024\/#primaryimage"},"thumbnailUrl":"https:\/\/www.nexoinformativo.mx\/wp-content\/uploads\/2025\/01\/PHOTO-2025-01-21-10-38-01-e1737478764951.jpg","datePublished":"2025-01-21T16:00:44+00:00","dateModified":"2025-01-21T17:00:02+00:00","description":"Quer\u00e9taro lidera la venta de autos en el pa\u00eds con un crecimiento del 14.3% en 2024","breadcrumb":{"@id":"https:\/\/www.nexoinformativo.mx\/index.php\/2025\/01\/21\/queretaro-lidera-la-venta-de-autos-en-el-pais-con-un-crecimiento-del-14-3-en-2024\/#breadcrumb"},"inLanguage":"es","potentialAction":[{"@type":"ReadAction","target":["https:\/\/www.nexoinformativo.mx\/index.php\/2025\/01\/21\/queretaro-lidera-la-venta-de-autos-en-el-pais-con-un-crecimiento-del-14-3-en-2024\/"]}]},{"@type":"ImageObject","inLanguage":"es","@id":"https:\/\/www.nexoinformativo.mx\/index.php\/2025\/01\/21\/queretaro-lidera-la-venta-de-autos-en-el-pais-con-un-crecimiento-del-14-3-en-2024\/#primaryimage","url":"https:\/\/www.nexoinformativo.mx\/wp-content\/uploads\/2025\/01\/PHOTO-2025-01-21-10-38-01-e1737478764951.jpg","contentUrl":"https:\/\/www.nexoinformativo.mx\/wp-content\/uploads\/2025\/01\/PHOTO-2025-01-21-10-38-01-e1737478764951.jpg","width":800,"height":534},{"@type":"BreadcrumbList","@id":"https:\/\/www.nexoinformativo.mx\/index.php\/2025\/01\/21\/queretaro-lidera-la-venta-de-autos-en-el-pais-con-un-crecimiento-del-14-3-en-2024\/#breadcrumb","itemListElement":[{"@type":"ListItem","position":1,"name":"Inicio","item":"https:\/\/www.nexoinformativo.mx\/"},{"@type":"ListItem","position":2,"name":"Quer\u00e9taro lidera la venta de autos en el pa\u00eds con un crecimiento del 14.3% en 2024"}]},{"@type":"WebSite","@id":"https:\/\/www.nexoinformativo.mx\/#website","url":"https:\/\/www.nexoinformativo.mx\/","name":"Nexo Informativo Santiago de Quer\u00e9taro","description":"Explora NexoInformativo y convi\u00e9rtete en parte de una comunidad que valora el conocimiento y la verdad. Tu nexoinformativo es tu puente hacia una comprensi\u00f3n m\u00e1s profunda del mundo que te rodea.","publisher":{"@id":"https:\/\/www.nexoinformativo.mx\/#organization"},"potentialAction":[{"@type":"SearchAction","target":{"@type":"EntryPoint","urlTemplate":"https:\/\/www.nexoinformativo.mx\/?s={search_term_string}"},"query-input":{"@type":"PropertyValueSpecification","valueRequired":true,"valueName":"search_term_string"}}],"inLanguage":"es"},{"@type":"Organization","@id":"https:\/\/www.nexoinformativo.mx\/#organization","name":"Nexo Informativo Santiago de Quer\u00e9taro","url":"https:\/\/www.nexoinformativo.mx\/","logo":{"@type":"ImageObject","inLanguage":"es","@id":"https:\/\/www.nexoinformativo.mx\/#\/schema\/logo\/image\/","url":"https:\/\/www.nexoinformativo.mx\/wp-content\/uploads\/2024\/07\/nexoi-trasparente-2.png","contentUrl":"https:\/\/www.nexoinformativo.mx\/wp-content\/uploads\/2024\/07\/nexoi-trasparente-2.png","width":816,"height":339,"caption":"Nexo Informativo Santiago de Quer\u00e9taro"},"image":{"@id":"https:\/\/www.nexoinformativo.mx\/#\/schema\/logo\/image\/"},"sameAs":["https:\/\/www.facebook.com\/people\/Nexo-Informativo\/61564066885511\/"]},{"@type":"Person","@id":"https:\/\/www.nexoinformativo.mx\/#\/schema\/person\/7749d380ba08c8ca00d7bc76fd907b7d","name":"Nexo Informativo","image":{"@type":"ImageObject","inLanguage":"es","@id":"https:\/\/www.nexoinformativo.mx\/#\/schema\/person\/image\/","url":"https:\/\/secure.gravatar.com\/avatar\/dde2928154642a13d95f87ddf1ea9718fe2b46760a005c53e41ff5ad610704e6?s=96&d=mm&r=g","contentUrl":"https:\/\/secure.gravatar.com\/avatar\/dde2928154642a13d95f87ddf1ea9718fe2b46760a005c53e41ff5ad610704e6?s=96&d=mm&r=g","caption":"Nexo Informativo"},"url":"https:\/\/www.nexoinformativo.mx\/index.php\/author\/edicion\/"}]}},"_links":{"self":[{"href":"https:\/\/www.nexoinformativo.mx\/index.php\/wp-json\/wp\/v2\/posts\/10365","targetHints":{"allow":["GET"]}}],"collection":[{"href":"https:\/\/www.nexoinformativo.mx\/index.php\/wp-json\/wp\/v2\/posts"}],"about":[{"href":"https:\/\/www.nexoinformativo.mx\/index.php\/wp-json\/wp\/v2\/types\/post"}],"author":[{"embeddable":true,"href":"https:\/\/www.nexoinformativo.mx\/index.php\/wp-json\/wp\/v2\/users\/3"}],"replies":[{"embeddable":true,"href":"https:\/\/www.nexoinformativo.mx\/index.php\/wp-json\/wp\/v2\/comments?post=10365"}],"version-history":[{"count":3,"href":"https:\/\/www.nexoinformativo.mx\/index.php\/wp-json\/wp\/v2\/posts\/10365\/revisions"}],"predecessor-version":[{"id":10369,"href":"https:\/\/www.nexoinformativo.mx\/index.php\/wp-json\/wp\/v2\/posts\/10365\/revisions\/10369"}],"wp:featuredmedia":[{"embeddable":true,"href":"https:\/\/www.nexoinformativo.mx\/index.php\/wp-json\/wp\/v2\/media\/10366"}],"wp:attachment":[{"href":"https:\/\/www.nexoinformativo.mx\/index.php\/wp-json\/wp\/v2\/media?parent=10365"}],"wp:term":[{"taxonomy":"category","embeddable":true,"href":"https:\/\/www.nexoinformativo.mx\/index.php\/wp-json\/wp\/v2\/categories?post=10365"},{"taxonomy":"post_tag","embeddable":true,"href":"https:\/\/www.nexoinformativo.mx\/index.php\/wp-json\/wp\/v2\/tags?post=10365"}],"curies":[{"name":"wp","href":"https:\/\/api.w.org\/{rel}","templated":true}]}}