{"id":10370,"date":"2025-01-21T15:00:43","date_gmt":"2025-01-21T21:00:43","guid":{"rendered":"https:\/\/www.nexoinformativo.mx\/?p=10370"},"modified":"2025-01-21T20:28:58","modified_gmt":"2025-01-22T02:28:58","slug":"queretaro-conquista-a-inversionistas-internacionales-chepe-guerrero-y-mauricio-kuri-promueven-el-turismo-en-madrid","status":"publish","type":"post","link":"https:\/\/www.nexoinformativo.mx\/index.php\/2025\/01\/21\/queretaro-conquista-a-inversionistas-internacionales-chepe-guerrero-y-mauricio-kuri-promueven-el-turismo-en-madrid\/","title":{"rendered":"Quer\u00e9taro conquista a inversionistas internacionales Chepe Guerrero y Mauricio Kuri promueven el turismo en Madrid"},"content":{"rendered":"<p style=\"text-align: justify;\" data-sourcepos=\"11:1-11:426\">El presidente municipal de Corregidora, Chepe Guerrero, y el gobernador de Quer\u00e9taro, Mauricio Kuri Gonz\u00e1lez, realizaron una gira de trabajo por Espa\u00f1a con el objetivo de promover a Quer\u00e9taro y Corregidora como destinos tur\u00edsticos de clase mundial.<\/p>\n<p>&nbsp;<\/p>\n<p style=\"text-align: justify;\" data-sourcepos=\"11:1-11:426\">Durante su estancia en Madrid, sostuvieron una importante reuni\u00f3n con representantes del <strong>Fondo de Inversi\u00f3n en Turismo e Industrial LeadPro Advisors.<\/strong><\/p>\n<p>&nbsp;<\/p>\n<p style=\"text-align: justify;\" data-sourcepos=\"13:1-13:394\">En este encuentro, se presentaron las oportunidades de inversi\u00f3n y desarrollo tur\u00edstico que ofrecen ambas demarcaciones. Se destac\u00f3 la riqueza cultural, gastron\u00f3mica y la infraestructura de primer nivel con la que cuenta Quer\u00e9taro.<\/p>\n<p>&nbsp;<\/p>\n<p style=\"text-align: justify;\" data-sourcepos=\"13:1-13:394\">Adem\u00e1s, se present\u00f3 una edici\u00f3n especial de la revista M\u00e9xico Desconocido dedicada a la gastronom\u00eda queretana, la cual despert\u00f3 gran inter\u00e9s entre los asistentes.<\/p>\n<p>&nbsp;<\/p>\n<p style=\"text-align: justify;\" data-sourcepos=\"15:1-15:170\">El objetivo principal de esta misi\u00f3n comercial es atraer inversiones para impulsar el sector tur\u00edstico y consolidar a Quer\u00e9taro como un destino tur\u00edstico de primer nivel.<\/p>\n<p>&nbsp;<\/p>\n<p style=\"text-align: justify;\" data-sourcepos=\"17:1-17:260\"><strong>&#8220;Quer\u00e9taro tiene mucho que ofrecer al mundo. Nuestra riqueza cultural, gastron\u00f3mica y natural, combinada con una infraestructura moderna y una ubicaci\u00f3n estrat\u00e9gica, nos convierten en un destino atractivo para los turistas&#8221;<\/strong>, afirm\u00f3 el gobernador Mauricio Kuri.<\/p>\n<p>&nbsp;<\/p>\n<p style=\"text-align: justify;\" data-sourcepos=\"19:1-19:249\">Por su parte, el presidente municipal de Corregidora, Chepe Guerrero, destac\u00f3 el potencial tur\u00edstico de su municipio, resaltando la importancia de trabajar de manera coordinada con el gobierno estatal para promover a Quer\u00e9taro como un destino \u00fanico.<\/p>\n<p>&nbsp;<\/p>\n<p style=\"text-align: center;\" data-sourcepos=\"21:1-21:146\"><em><strong>\u00a1Informaci\u00f3n que transforma!<\/strong><\/em><\/p>\n","protected":false},"excerpt":{"rendered":"<p>El presidente municipal de Corregidora, Chepe Guerrero, y el gobernador de Quer\u00e9taro, Mauricio Kuri Gonz\u00e1lez, realizaron una gira de trabajo por Espa\u00f1a con el objetivo de promover a Quer\u00e9taro y Corregidora como destinos tur\u00edsticos de clase mundial.<\/p>\n","protected":false},"author":3,"featured_media":10372,"comment_status":"open","ping_status":"open","sticky":false,"template":"","format":"standard","meta":{"footnotes":""},"categories":[5,42,58],"tags":[142,3118,3188,992],"class_list":["post-10370","post","type-post","status-publish","format-standard","has-post-thumbnail","hentry","category-economia","category-estado","category-ultima-hora","tag-inversion","tag-madrid","tag-mexicodesconocido","tag-turismoqueretaro"],"yoast_head":"<!-- This site is optimized with the Yoast SEO plugin v25.0 - https:\/\/yoast.com\/wordpress\/plugins\/seo\/ -->\n<title>Quer\u00e9taro conquista a inversionistas internacionales Chepe Guerrero y Mauricio Kuri promueven el turismo en Madrid | Nexo Informativo Santiago de Quer\u00e9taro<\/title>\n<meta name=\"description\" content=\"Quer\u00e9taro conquista a inversionistas internacionales Chepe Guerrero y Mauricio Kuri promueven el turismo en Madrid\" \/>\n<meta name=\"robots\" content=\"index, follow, max-snippet:-1, max-image-preview:large, max-video-preview:-1\" \/>\n<link rel=\"canonical\" href=\"https:\/\/www.nexoinformativo.mx\/index.php\/2025\/01\/21\/queretaro-conquista-a-inversionistas-internacionales-chepe-guerrero-y-mauricio-kuri-promueven-el-turismo-en-madrid\/\" \/>\n<meta property=\"og:locale\" content=\"es_MX\" \/>\n<meta property=\"og:type\" content=\"article\" \/>\n<meta property=\"og:title\" content=\"Quer\u00e9taro conquista a inversionistas internacionales Chepe Guerrero y Mauricio Kuri promueven el turismo en Madrid | Nexo Informativo Santiago de Quer\u00e9taro\" \/>\n<meta property=\"og:description\" content=\"Quer\u00e9taro conquista a inversionistas internacionales Chepe Guerrero y Mauricio Kuri promueven el turismo en Madrid\" \/>\n<meta property=\"og:url\" content=\"https:\/\/www.nexoinformativo.mx\/index.php\/2025\/01\/21\/queretaro-conquista-a-inversionistas-internacionales-chepe-guerrero-y-mauricio-kuri-promueven-el-turismo-en-madrid\/\" \/>\n<meta property=\"og:site_name\" content=\"Nexo Informativo Santiago de Quer\u00e9taro\" \/>\n<meta property=\"article:publisher\" content=\"https:\/\/www.facebook.com\/people\/Nexo-Informativo\/61564066885511\/\" \/>\n<meta property=\"article:published_time\" content=\"2025-01-21T21:00:43+00:00\" \/>\n<meta property=\"article:modified_time\" content=\"2025-01-22T02:28:58+00:00\" \/>\n<meta property=\"og:image\" content=\"https:\/\/www.nexoinformativo.mx\/wp-content\/uploads\/2025\/01\/PHOTO-2025-01-21-13-34-44-e1737512780720.jpg\" \/>\n\t<meta property=\"og:image:width\" content=\"800\" \/>\n\t<meta property=\"og:image:height\" content=\"533\" \/>\n\t<meta property=\"og:image:type\" content=\"image\/jpeg\" \/>\n<meta name=\"author\" content=\"Nexo Informativo\" \/>\n<meta name=\"twitter:card\" content=\"summary_large_image\" \/>\n<meta name=\"twitter:label1\" content=\"Escrito por\" \/>\n\t<meta name=\"twitter:data1\" content=\"Nexo Informativo\" \/>\n\t<meta name=\"twitter:label2\" content=\"Tiempo de lectura\" \/>\n\t<meta name=\"twitter:data2\" content=\"2 minutos\" \/>\n<script type=\"application\/ld+json\" class=\"yoast-schema-graph\">{\"@context\":\"https:\/\/schema.org\",\"@graph\":[{\"@type\":\"Article\",\"@id\":\"https:\/\/www.nexoinformativo.mx\/index.php\/2025\/01\/21\/queretaro-conquista-a-inversionistas-internacionales-chepe-guerrero-y-mauricio-kuri-promueven-el-turismo-en-madrid\/#article\",\"isPartOf\":{\"@id\":\"https:\/\/www.nexoinformativo.mx\/index.php\/2025\/01\/21\/queretaro-conquista-a-inversionistas-internacionales-chepe-guerrero-y-mauricio-kuri-promueven-el-turismo-en-madrid\/\"},\"author\":{\"name\":\"Nexo Informativo\",\"@id\":\"https:\/\/www.nexoinformativo.mx\/#\/schema\/person\/7749d380ba08c8ca00d7bc76fd907b7d\"},\"headline\":\"Quer\u00e9taro conquista a inversionistas internacionales Chepe Guerrero y Mauricio Kuri promueven el turismo en Madrid\",\"datePublished\":\"2025-01-21T21:00:43+00:00\",\"dateModified\":\"2025-01-22T02:28:58+00:00\",\"mainEntityOfPage\":{\"@id\":\"https:\/\/www.nexoinformativo.mx\/index.php\/2025\/01\/21\/queretaro-conquista-a-inversionistas-internacionales-chepe-guerrero-y-mauricio-kuri-promueven-el-turismo-en-madrid\/\"},\"wordCount\":267,\"commentCount\":0,\"publisher\":{\"@id\":\"https:\/\/www.nexoinformativo.mx\/#organization\"},\"image\":{\"@id\":\"https:\/\/www.nexoinformativo.mx\/index.php\/2025\/01\/21\/queretaro-conquista-a-inversionistas-internacionales-chepe-guerrero-y-mauricio-kuri-promueven-el-turismo-en-madrid\/#primaryimage\"},\"thumbnailUrl\":\"https:\/\/www.nexoinformativo.mx\/wp-content\/uploads\/2025\/01\/PHOTO-2025-01-21-13-34-44-e1737512780720.jpg\",\"keywords\":[\"Inversi\u00f3n\",\"Madrid\",\"M\u00e9xicoDesconocido\",\"TurismoQuer\u00e9taro\"],\"articleSection\":[\"Econom\u00eda\",\"Estado\",\"\u00daltima Hora\"],\"inLanguage\":\"es\",\"potentialAction\":[{\"@type\":\"CommentAction\",\"name\":\"Comment\",\"target\":[\"https:\/\/www.nexoinformativo.mx\/index.php\/2025\/01\/21\/queretaro-conquista-a-inversionistas-internacionales-chepe-guerrero-y-mauricio-kuri-promueven-el-turismo-en-madrid\/#respond\"]}]},{\"@type\":\"WebPage\",\"@id\":\"https:\/\/www.nexoinformativo.mx\/index.php\/2025\/01\/21\/queretaro-conquista-a-inversionistas-internacionales-chepe-guerrero-y-mauricio-kuri-promueven-el-turismo-en-madrid\/\",\"url\":\"https:\/\/www.nexoinformativo.mx\/index.php\/2025\/01\/21\/queretaro-conquista-a-inversionistas-internacionales-chepe-guerrero-y-mauricio-kuri-promueven-el-turismo-en-madrid\/\",\"name\":\"Quer\u00e9taro conquista a inversionistas internacionales Chepe Guerrero y Mauricio Kuri promueven el turismo en Madrid | Nexo Informativo Santiago de Quer\u00e9taro\",\"isPartOf\":{\"@id\":\"https:\/\/www.nexoinformativo.mx\/#website\"},\"primaryImageOfPage\":{\"@id\":\"https:\/\/www.nexoinformativo.mx\/index.php\/2025\/01\/21\/queretaro-conquista-a-inversionistas-internacionales-chepe-guerrero-y-mauricio-kuri-promueven-el-turismo-en-madrid\/#primaryimage\"},\"image\":{\"@id\":\"https:\/\/www.nexoinformativo.mx\/index.php\/2025\/01\/21\/queretaro-conquista-a-inversionistas-internacionales-chepe-guerrero-y-mauricio-kuri-promueven-el-turismo-en-madrid\/#primaryimage\"},\"thumbnailUrl\":\"https:\/\/www.nexoinformativo.mx\/wp-content\/uploads\/2025\/01\/PHOTO-2025-01-21-13-34-44-e1737512780720.jpg\",\"datePublished\":\"2025-01-21T21:00:43+00:00\",\"dateModified\":\"2025-01-22T02:28:58+00:00\",\"description\":\"Quer\u00e9taro conquista a inversionistas internacionales Chepe Guerrero y Mauricio Kuri promueven el turismo en Madrid\",\"breadcrumb\":{\"@id\":\"https:\/\/www.nexoinformativo.mx\/index.php\/2025\/01\/21\/queretaro-conquista-a-inversionistas-internacionales-chepe-guerrero-y-mauricio-kuri-promueven-el-turismo-en-madrid\/#breadcrumb\"},\"inLanguage\":\"es\",\"potentialAction\":[{\"@type\":\"ReadAction\",\"target\":[\"https:\/\/www.nexoinformativo.mx\/index.php\/2025\/01\/21\/queretaro-conquista-a-inversionistas-internacionales-chepe-guerrero-y-mauricio-kuri-promueven-el-turismo-en-madrid\/\"]}]},{\"@type\":\"ImageObject\",\"inLanguage\":\"es\",\"@id\":\"https:\/\/www.nexoinformativo.mx\/index.php\/2025\/01\/21\/queretaro-conquista-a-inversionistas-internacionales-chepe-guerrero-y-mauricio-kuri-promueven-el-turismo-en-madrid\/#primaryimage\",\"url\":\"https:\/\/www.nexoinformativo.mx\/wp-content\/uploads\/2025\/01\/PHOTO-2025-01-21-13-34-44-e1737512780720.jpg\",\"contentUrl\":\"https:\/\/www.nexoinformativo.mx\/wp-content\/uploads\/2025\/01\/PHOTO-2025-01-21-13-34-44-e1737512780720.jpg\",\"width\":800,\"height\":533},{\"@type\":\"BreadcrumbList\",\"@id\":\"https:\/\/www.nexoinformativo.mx\/index.php\/2025\/01\/21\/queretaro-conquista-a-inversionistas-internacionales-chepe-guerrero-y-mauricio-kuri-promueven-el-turismo-en-madrid\/#breadcrumb\",\"itemListElement\":[{\"@type\":\"ListItem\",\"position\":1,\"name\":\"Inicio\",\"item\":\"https:\/\/www.nexoinformativo.mx\/\"},{\"@type\":\"ListItem\",\"position\":2,\"name\":\"Quer\u00e9taro conquista a inversionistas internacionales Chepe Guerrero y Mauricio Kuri promueven el turismo en Madrid\"}]},{\"@type\":\"WebSite\",\"@id\":\"https:\/\/www.nexoinformativo.mx\/#website\",\"url\":\"https:\/\/www.nexoinformativo.mx\/\",\"name\":\"Nexo Informativo Santiago de Quer\u00e9taro\",\"description\":\"Explora NexoInformativo y convi\u00e9rtete en parte de una comunidad que valora el conocimiento y la verdad. Tu nexoinformativo es tu puente hacia una comprensi\u00f3n m\u00e1s profunda del mundo que te rodea.\",\"publisher\":{\"@id\":\"https:\/\/www.nexoinformativo.mx\/#organization\"},\"potentialAction\":[{\"@type\":\"SearchAction\",\"target\":{\"@type\":\"EntryPoint\",\"urlTemplate\":\"https:\/\/www.nexoinformativo.mx\/?s={search_term_string}\"},\"query-input\":{\"@type\":\"PropertyValueSpecification\",\"valueRequired\":true,\"valueName\":\"search_term_string\"}}],\"inLanguage\":\"es\"},{\"@type\":\"Organization\",\"@id\":\"https:\/\/www.nexoinformativo.mx\/#organization\",\"name\":\"Nexo Informativo Santiago de Quer\u00e9taro\",\"url\":\"https:\/\/www.nexoinformativo.mx\/\",\"logo\":{\"@type\":\"ImageObject\",\"inLanguage\":\"es\",\"@id\":\"https:\/\/www.nexoinformativo.mx\/#\/schema\/logo\/image\/\",\"url\":\"https:\/\/www.nexoinformativo.mx\/wp-content\/uploads\/2024\/07\/nexoi-trasparente-2.png\",\"contentUrl\":\"https:\/\/www.nexoinformativo.mx\/wp-content\/uploads\/2024\/07\/nexoi-trasparente-2.png\",\"width\":816,\"height\":339,\"caption\":\"Nexo Informativo Santiago de Quer\u00e9taro\"},\"image\":{\"@id\":\"https:\/\/www.nexoinformativo.mx\/#\/schema\/logo\/image\/\"},\"sameAs\":[\"https:\/\/www.facebook.com\/people\/Nexo-Informativo\/61564066885511\/\"]},{\"@type\":\"Person\",\"@id\":\"https:\/\/www.nexoinformativo.mx\/#\/schema\/person\/7749d380ba08c8ca00d7bc76fd907b7d\",\"name\":\"Nexo Informativo\",\"image\":{\"@type\":\"ImageObject\",\"inLanguage\":\"es\",\"@id\":\"https:\/\/www.nexoinformativo.mx\/#\/schema\/person\/image\/\",\"url\":\"https:\/\/secure.gravatar.com\/avatar\/dde2928154642a13d95f87ddf1ea9718fe2b46760a005c53e41ff5ad610704e6?s=96&d=mm&r=g\",\"contentUrl\":\"https:\/\/secure.gravatar.com\/avatar\/dde2928154642a13d95f87ddf1ea9718fe2b46760a005c53e41ff5ad610704e6?s=96&d=mm&r=g\",\"caption\":\"Nexo Informativo\"},\"url\":\"https:\/\/www.nexoinformativo.mx\/index.php\/author\/edicion\/\"}]}<\/script>\n<!-- \/ Yoast SEO plugin. -->","yoast_head_json":{"title":"Quer\u00e9taro conquista a inversionistas internacionales Chepe Guerrero y Mauricio Kuri promueven el turismo en Madrid | Nexo Informativo Santiago de Quer\u00e9taro","description":"Quer\u00e9taro conquista a inversionistas internacionales Chepe Guerrero y Mauricio Kuri promueven el turismo en Madrid","robots":{"index":"index","follow":"follow","max-snippet":"max-snippet:-1","max-image-preview":"max-image-preview:large","max-video-preview":"max-video-preview:-1"},"canonical":"https:\/\/www.nexoinformativo.mx\/index.php\/2025\/01\/21\/queretaro-conquista-a-inversionistas-internacionales-chepe-guerrero-y-mauricio-kuri-promueven-el-turismo-en-madrid\/","og_locale":"es_MX","og_type":"article","og_title":"Quer\u00e9taro conquista a inversionistas internacionales Chepe Guerrero y Mauricio Kuri promueven el turismo en Madrid | Nexo Informativo Santiago de Quer\u00e9taro","og_description":"Quer\u00e9taro conquista a inversionistas internacionales Chepe Guerrero y Mauricio Kuri promueven el turismo en Madrid","og_url":"https:\/\/www.nexoinformativo.mx\/index.php\/2025\/01\/21\/queretaro-conquista-a-inversionistas-internacionales-chepe-guerrero-y-mauricio-kuri-promueven-el-turismo-en-madrid\/","og_site_name":"Nexo Informativo Santiago de Quer\u00e9taro","article_publisher":"https:\/\/www.facebook.com\/people\/Nexo-Informativo\/61564066885511\/","article_published_time":"2025-01-21T21:00:43+00:00","article_modified_time":"2025-01-22T02:28:58+00:00","og_image":[{"width":800,"height":533,"url":"https:\/\/www.nexoinformativo.mx\/wp-content\/uploads\/2025\/01\/PHOTO-2025-01-21-13-34-44-e1737512780720.jpg","type":"image\/jpeg"}],"author":"Nexo Informativo","twitter_card":"summary_large_image","twitter_misc":{"Escrito por":"Nexo Informativo","Tiempo de lectura":"2 minutos"},"schema":{"@context":"https:\/\/schema.org","@graph":[{"@type":"Article","@id":"https:\/\/www.nexoinformativo.mx\/index.php\/2025\/01\/21\/queretaro-conquista-a-inversionistas-internacionales-chepe-guerrero-y-mauricio-kuri-promueven-el-turismo-en-madrid\/#article","isPartOf":{"@id":"https:\/\/www.nexoinformativo.mx\/index.php\/2025\/01\/21\/queretaro-conquista-a-inversionistas-internacionales-chepe-guerrero-y-mauricio-kuri-promueven-el-turismo-en-madrid\/"},"author":{"name":"Nexo Informativo","@id":"https:\/\/www.nexoinformativo.mx\/#\/schema\/person\/7749d380ba08c8ca00d7bc76fd907b7d"},"headline":"Quer\u00e9taro conquista a inversionistas internacionales Chepe Guerrero y Mauricio Kuri promueven el turismo en Madrid","datePublished":"2025-01-21T21:00:43+00:00","dateModified":"2025-01-22T02:28:58+00:00","mainEntityOfPage":{"@id":"https:\/\/www.nexoinformativo.mx\/index.php\/2025\/01\/21\/queretaro-conquista-a-inversionistas-internacionales-chepe-guerrero-y-mauricio-kuri-promueven-el-turismo-en-madrid\/"},"wordCount":267,"commentCount":0,"publisher":{"@id":"https:\/\/www.nexoinformativo.mx\/#organization"},"image":{"@id":"https:\/\/www.nexoinformativo.mx\/index.php\/2025\/01\/21\/queretaro-conquista-a-inversionistas-internacionales-chepe-guerrero-y-mauricio-kuri-promueven-el-turismo-en-madrid\/#primaryimage"},"thumbnailUrl":"https:\/\/www.nexoinformativo.mx\/wp-content\/uploads\/2025\/01\/PHOTO-2025-01-21-13-34-44-e1737512780720.jpg","keywords":["Inversi\u00f3n","Madrid","M\u00e9xicoDesconocido","TurismoQuer\u00e9taro"],"articleSection":["Econom\u00eda","Estado","\u00daltima Hora"],"inLanguage":"es","potentialAction":[{"@type":"CommentAction","name":"Comment","target":["https:\/\/www.nexoinformativo.mx\/index.php\/2025\/01\/21\/queretaro-conquista-a-inversionistas-internacionales-chepe-guerrero-y-mauricio-kuri-promueven-el-turismo-en-madrid\/#respond"]}]},{"@type":"WebPage","@id":"https:\/\/www.nexoinformativo.mx\/index.php\/2025\/01\/21\/queretaro-conquista-a-inversionistas-internacionales-chepe-guerrero-y-mauricio-kuri-promueven-el-turismo-en-madrid\/","url":"https:\/\/www.nexoinformativo.mx\/index.php\/2025\/01\/21\/queretaro-conquista-a-inversionistas-internacionales-chepe-guerrero-y-mauricio-kuri-promueven-el-turismo-en-madrid\/","name":"Quer\u00e9taro conquista a inversionistas internacionales Chepe Guerrero y Mauricio Kuri promueven el turismo en Madrid | Nexo Informativo Santiago de Quer\u00e9taro","isPartOf":{"@id":"https:\/\/www.nexoinformativo.mx\/#website"},"primaryImageOfPage":{"@id":"https:\/\/www.nexoinformativo.mx\/index.php\/2025\/01\/21\/queretaro-conquista-a-inversionistas-internacionales-chepe-guerrero-y-mauricio-kuri-promueven-el-turismo-en-madrid\/#primaryimage"},"image":{"@id":"https:\/\/www.nexoinformativo.mx\/index.php\/2025\/01\/21\/queretaro-conquista-a-inversionistas-internacionales-chepe-guerrero-y-mauricio-kuri-promueven-el-turismo-en-madrid\/#primaryimage"},"thumbnailUrl":"https:\/\/www.nexoinformativo.mx\/wp-content\/uploads\/2025\/01\/PHOTO-2025-01-21-13-34-44-e1737512780720.jpg","datePublished":"2025-01-21T21:00:43+00:00","dateModified":"2025-01-22T02:28:58+00:00","description":"Quer\u00e9taro conquista a inversionistas internacionales Chepe Guerrero y Mauricio Kuri promueven el turismo en Madrid","breadcrumb":{"@id":"https:\/\/www.nexoinformativo.mx\/index.php\/2025\/01\/21\/queretaro-conquista-a-inversionistas-internacionales-chepe-guerrero-y-mauricio-kuri-promueven-el-turismo-en-madrid\/#breadcrumb"},"inLanguage":"es","potentialAction":[{"@type":"ReadAction","target":["https:\/\/www.nexoinformativo.mx\/index.php\/2025\/01\/21\/queretaro-conquista-a-inversionistas-internacionales-chepe-guerrero-y-mauricio-kuri-promueven-el-turismo-en-madrid\/"]}]},{"@type":"ImageObject","inLanguage":"es","@id":"https:\/\/www.nexoinformativo.mx\/index.php\/2025\/01\/21\/queretaro-conquista-a-inversionistas-internacionales-chepe-guerrero-y-mauricio-kuri-promueven-el-turismo-en-madrid\/#primaryimage","url":"https:\/\/www.nexoinformativo.mx\/wp-content\/uploads\/2025\/01\/PHOTO-2025-01-21-13-34-44-e1737512780720.jpg","contentUrl":"https:\/\/www.nexoinformativo.mx\/wp-content\/uploads\/2025\/01\/PHOTO-2025-01-21-13-34-44-e1737512780720.jpg","width":800,"height":533},{"@type":"BreadcrumbList","@id":"https:\/\/www.nexoinformativo.mx\/index.php\/2025\/01\/21\/queretaro-conquista-a-inversionistas-internacionales-chepe-guerrero-y-mauricio-kuri-promueven-el-turismo-en-madrid\/#breadcrumb","itemListElement":[{"@type":"ListItem","position":1,"name":"Inicio","item":"https:\/\/www.nexoinformativo.mx\/"},{"@type":"ListItem","position":2,"name":"Quer\u00e9taro conquista a inversionistas internacionales Chepe Guerrero y Mauricio Kuri promueven el turismo en Madrid"}]},{"@type":"WebSite","@id":"https:\/\/www.nexoinformativo.mx\/#website","url":"https:\/\/www.nexoinformativo.mx\/","name":"Nexo Informativo Santiago de Quer\u00e9taro","description":"Explora NexoInformativo y convi\u00e9rtete en parte de una comunidad que valora el conocimiento y la verdad. Tu nexoinformativo es tu puente hacia una comprensi\u00f3n m\u00e1s profunda del mundo que te rodea.","publisher":{"@id":"https:\/\/www.nexoinformativo.mx\/#organization"},"potentialAction":[{"@type":"SearchAction","target":{"@type":"EntryPoint","urlTemplate":"https:\/\/www.nexoinformativo.mx\/?s={search_term_string}"},"query-input":{"@type":"PropertyValueSpecification","valueRequired":true,"valueName":"search_term_string"}}],"inLanguage":"es"},{"@type":"Organization","@id":"https:\/\/www.nexoinformativo.mx\/#organization","name":"Nexo Informativo Santiago de Quer\u00e9taro","url":"https:\/\/www.nexoinformativo.mx\/","logo":{"@type":"ImageObject","inLanguage":"es","@id":"https:\/\/www.nexoinformativo.mx\/#\/schema\/logo\/image\/","url":"https:\/\/www.nexoinformativo.mx\/wp-content\/uploads\/2024\/07\/nexoi-trasparente-2.png","contentUrl":"https:\/\/www.nexoinformativo.mx\/wp-content\/uploads\/2024\/07\/nexoi-trasparente-2.png","width":816,"height":339,"caption":"Nexo Informativo Santiago de Quer\u00e9taro"},"image":{"@id":"https:\/\/www.nexoinformativo.mx\/#\/schema\/logo\/image\/"},"sameAs":["https:\/\/www.facebook.com\/people\/Nexo-Informativo\/61564066885511\/"]},{"@type":"Person","@id":"https:\/\/www.nexoinformativo.mx\/#\/schema\/person\/7749d380ba08c8ca00d7bc76fd907b7d","name":"Nexo Informativo","image":{"@type":"ImageObject","inLanguage":"es","@id":"https:\/\/www.nexoinformativo.mx\/#\/schema\/person\/image\/","url":"https:\/\/secure.gravatar.com\/avatar\/dde2928154642a13d95f87ddf1ea9718fe2b46760a005c53e41ff5ad610704e6?s=96&d=mm&r=g","contentUrl":"https:\/\/secure.gravatar.com\/avatar\/dde2928154642a13d95f87ddf1ea9718fe2b46760a005c53e41ff5ad610704e6?s=96&d=mm&r=g","caption":"Nexo Informativo"},"url":"https:\/\/www.nexoinformativo.mx\/index.php\/author\/edicion\/"}]}},"_links":{"self":[{"href":"https:\/\/www.nexoinformativo.mx\/index.php\/wp-json\/wp\/v2\/posts\/10370","targetHints":{"allow":["GET"]}}],"collection":[{"href":"https:\/\/www.nexoinformativo.mx\/index.php\/wp-json\/wp\/v2\/posts"}],"about":[{"href":"https:\/\/www.nexoinformativo.mx\/index.php\/wp-json\/wp\/v2\/types\/post"}],"author":[{"embeddable":true,"href":"https:\/\/www.nexoinformativo.mx\/index.php\/wp-json\/wp\/v2\/users\/3"}],"replies":[{"embeddable":true,"href":"https:\/\/www.nexoinformativo.mx\/index.php\/wp-json\/wp\/v2\/comments?post=10370"}],"version-history":[{"count":6,"href":"https:\/\/www.nexoinformativo.mx\/index.php\/wp-json\/wp\/v2\/posts\/10370\/revisions"}],"predecessor-version":[{"id":10377,"href":"https:\/\/www.nexoinformativo.mx\/index.php\/wp-json\/wp\/v2\/posts\/10370\/revisions\/10377"}],"wp:featuredmedia":[{"embeddable":true,"href":"https:\/\/www.nexoinformativo.mx\/index.php\/wp-json\/wp\/v2\/media\/10372"}],"wp:attachment":[{"href":"https:\/\/www.nexoinformativo.mx\/index.php\/wp-json\/wp\/v2\/media?parent=10370"}],"wp:term":[{"taxonomy":"category","embeddable":true,"href":"https:\/\/www.nexoinformativo.mx\/index.php\/wp-json\/wp\/v2\/categories?post=10370"},{"taxonomy":"post_tag","embeddable":true,"href":"https:\/\/www.nexoinformativo.mx\/index.php\/wp-json\/wp\/v2\/tags?post=10370"}],"curies":[{"name":"wp","href":"https:\/\/api.w.org\/{rel}","templated":true}]}}