{"id":10406,"date":"2025-01-22T07:30:51","date_gmt":"2025-01-22T13:30:51","guid":{"rendered":"https:\/\/www.nexoinformativo.mx\/?p=10406"},"modified":"2025-01-22T09:58:25","modified_gmt":"2025-01-22T15:58:25","slug":"prepa-en-linea-sep-la-oportunidad-de-concluir-tus-estudios-de-manera-gratuita","status":"publish","type":"post","link":"https:\/\/www.nexoinformativo.mx\/index.php\/2025\/01\/22\/prepa-en-linea-sep-la-oportunidad-de-concluir-tus-estudios-de-manera-gratuita\/","title":{"rendered":"Prepa en L\u00ednea-SEP la oportunidad de concluir tus estudios de manera gratuita"},"content":{"rendered":"<p style=\"text-align: justify;\" data-sourcepos=\"11:1-11:353\">La Secretar\u00eda de Educaci\u00f3n P\u00fablica (SEP) anunci\u00f3 la apertura de la primera convocatoria de 2025 para el Servicio Nacional de Bachillerato en L\u00ednea (Prepa en L\u00ednea-SEP).<\/p>\n<\/p>\n<p>&nbsp;<\/p>\n<p style=\"text-align: justify;\" data-sourcepos=\"11:1-11:353\">Esta modalidad educativa gratuita y a distancia ofrece a los mexicanos la oportunidad de concluir sus estudios de nivel medio superior sin salir de casa.<\/p>\n<\/p>\n<p>&nbsp;<\/p>\n<p style=\"text-align: justify;\" data-sourcepos=\"13:1-13:240\">Los interesados en cursar o concluir su bachillerato podr\u00e1n registrarse del 20 al 31 de enero a trav\u00e9s del portal oficial prepaenlinea.sep.gob.mx\/convocatorias-2025. El proceso de inscripci\u00f3n es sencillo y se realiza completamente en l\u00ednea.<\/p>\n<\/p>\n<p>&nbsp;<\/p>\n<p style=\"text-align: justify;\" data-sourcepos=\"15:1-15:257\">Uladimir Valdez Pereznu\u00f1ez, titular de la Direcci\u00f3n General de Bachillerato (DGB), destac\u00f3 que m\u00e1s de 300 mil estudiantes ya han concluido sus estudios a trav\u00e9s de Prepa en L\u00ednea-SEP, lo que demuestra la efectividad y accesibilidad de este modelo educativo.<\/p>\n<\/p>\n<p>&nbsp;<\/p>\n<p data-sourcepos=\"17:1-17:36\"><strong>\u00bfQu\u00e9 necesitas para inscribirte?<\/strong><\/p>\n<ul data-sourcepos=\"19:1-25:0\">\n<li data-sourcepos=\"19:1-19:20\">Acta de nacimiento<\/li>\n<li data-sourcepos=\"20:1-20:6\">CURP<\/li>\n<li data-sourcepos=\"21:1-21:27\">Certificado de secundaria<\/li>\n<li data-sourcepos=\"22:1-22:26\">Comprobante de domicilio<\/li>\n<li data-sourcepos=\"23:1-23:28\">Fotograf\u00eda tipo credencial<\/li>\n<li data-sourcepos=\"24:1-25:0\">Dispositivo con acceso a internet<\/li>\n<\/ul>\n<p>&nbsp;<\/p>\n<p style=\"text-align: center;\" data-sourcepos=\"15:1-15:257\"><em><strong>\u00a1Informaci\u00f3n que transforma!<\/strong><\/em><\/p>\n","protected":false},"excerpt":{"rendered":"<p>La Secretar\u00eda de Educaci\u00f3n P\u00fablica (SEP) anunci\u00f3 la apertura de la primera convocatoria de 2025 para el Servicio Nacional de Bachillerato en L\u00ednea (Prepa en L\u00ednea-SEP).<\/p>\n","protected":false},"author":3,"featured_media":10411,"comment_status":"open","ping_status":"open","sticky":false,"template":"","format":"standard","meta":{"footnotes":""},"categories":[88,58],"tags":[3084,955,3192,538],"class_list":["post-10406","post","type-post","status-publish","format-standard","has-post-thumbnail","hentry","category-nacional","category-ultima-hora","tag-bachillerato","tag-educacionenlinea","tag-prepaenlineasep","tag-sep"],"yoast_head":"<!-- This site is optimized with the Yoast SEO plugin v25.0 - https:\/\/yoast.com\/wordpress\/plugins\/seo\/ -->\n<title>Prepa en L\u00ednea-SEP la oportunidad de concluir tus estudios de manera gratuita | Nexo Informativo Santiago de Quer\u00e9taro<\/title>\n<meta name=\"description\" content=\"Prepa en L\u00ednea-SEP la oportunidad de concluir tus estudios de manera gratuita\" \/>\n<meta name=\"robots\" content=\"index, follow, max-snippet:-1, max-image-preview:large, max-video-preview:-1\" \/>\n<link rel=\"canonical\" href=\"https:\/\/www.nexoinformativo.mx\/index.php\/2025\/01\/22\/prepa-en-linea-sep-la-oportunidad-de-concluir-tus-estudios-de-manera-gratuita\/\" \/>\n<meta property=\"og:locale\" content=\"es_MX\" \/>\n<meta property=\"og:type\" content=\"article\" \/>\n<meta property=\"og:title\" content=\"Prepa en L\u00ednea-SEP la oportunidad de concluir tus estudios de manera gratuita | Nexo Informativo Santiago de Quer\u00e9taro\" \/>\n<meta property=\"og:description\" content=\"Prepa en L\u00ednea-SEP la oportunidad de concluir tus estudios de manera gratuita\" \/>\n<meta property=\"og:url\" content=\"https:\/\/www.nexoinformativo.mx\/index.php\/2025\/01\/22\/prepa-en-linea-sep-la-oportunidad-de-concluir-tus-estudios-de-manera-gratuita\/\" \/>\n<meta property=\"og:site_name\" content=\"Nexo Informativo Santiago de Quer\u00e9taro\" \/>\n<meta property=\"article:publisher\" content=\"https:\/\/www.facebook.com\/people\/Nexo-Informativo\/61564066885511\/\" \/>\n<meta property=\"article:published_time\" content=\"2025-01-22T13:30:51+00:00\" \/>\n<meta property=\"article:modified_time\" content=\"2025-01-22T15:58:25+00:00\" \/>\n<meta property=\"og:image\" content=\"https:\/\/www.nexoinformativo.mx\/wp-content\/uploads\/2025\/01\/IMG_9454-e1737561496288.png\" \/>\n\t<meta property=\"og:image:width\" content=\"700\" \/>\n\t<meta property=\"og:image:height\" content=\"1049\" \/>\n\t<meta property=\"og:image:type\" content=\"image\/png\" \/>\n<meta name=\"author\" content=\"Nexo Informativo\" \/>\n<meta name=\"twitter:card\" content=\"summary_large_image\" \/>\n<meta name=\"twitter:label1\" content=\"Escrito por\" \/>\n\t<meta name=\"twitter:data1\" content=\"Nexo Informativo\" \/>\n\t<meta name=\"twitter:label2\" content=\"Tiempo de lectura\" \/>\n\t<meta name=\"twitter:data2\" content=\"1 minuto\" \/>\n<script type=\"application\/ld+json\" class=\"yoast-schema-graph\">{\"@context\":\"https:\/\/schema.org\",\"@graph\":[{\"@type\":\"Article\",\"@id\":\"https:\/\/www.nexoinformativo.mx\/index.php\/2025\/01\/22\/prepa-en-linea-sep-la-oportunidad-de-concluir-tus-estudios-de-manera-gratuita\/#article\",\"isPartOf\":{\"@id\":\"https:\/\/www.nexoinformativo.mx\/index.php\/2025\/01\/22\/prepa-en-linea-sep-la-oportunidad-de-concluir-tus-estudios-de-manera-gratuita\/\"},\"author\":{\"name\":\"Nexo Informativo\",\"@id\":\"https:\/\/www.nexoinformativo.mx\/#\/schema\/person\/7749d380ba08c8ca00d7bc76fd907b7d\"},\"headline\":\"Prepa en L\u00ednea-SEP la oportunidad de concluir tus estudios de manera gratuita\",\"datePublished\":\"2025-01-22T13:30:51+00:00\",\"dateModified\":\"2025-01-22T15:58:25+00:00\",\"mainEntityOfPage\":{\"@id\":\"https:\/\/www.nexoinformativo.mx\/index.php\/2025\/01\/22\/prepa-en-linea-sep-la-oportunidad-de-concluir-tus-estudios-de-manera-gratuita\/\"},\"wordCount\":184,\"commentCount\":0,\"publisher\":{\"@id\":\"https:\/\/www.nexoinformativo.mx\/#organization\"},\"image\":{\"@id\":\"https:\/\/www.nexoinformativo.mx\/index.php\/2025\/01\/22\/prepa-en-linea-sep-la-oportunidad-de-concluir-tus-estudios-de-manera-gratuita\/#primaryimage\"},\"thumbnailUrl\":\"https:\/\/www.nexoinformativo.mx\/wp-content\/uploads\/2025\/01\/IMG_9454-e1737561496288.png\",\"keywords\":[\"Bachillerato\",\"Educaci\u00f3nEnL\u00ednea\",\"PrepaEnL\u00edneaSEP\",\"SEP\"],\"articleSection\":[\"Nacional\",\"\u00daltima Hora\"],\"inLanguage\":\"es\",\"potentialAction\":[{\"@type\":\"CommentAction\",\"name\":\"Comment\",\"target\":[\"https:\/\/www.nexoinformativo.mx\/index.php\/2025\/01\/22\/prepa-en-linea-sep-la-oportunidad-de-concluir-tus-estudios-de-manera-gratuita\/#respond\"]}]},{\"@type\":\"WebPage\",\"@id\":\"https:\/\/www.nexoinformativo.mx\/index.php\/2025\/01\/22\/prepa-en-linea-sep-la-oportunidad-de-concluir-tus-estudios-de-manera-gratuita\/\",\"url\":\"https:\/\/www.nexoinformativo.mx\/index.php\/2025\/01\/22\/prepa-en-linea-sep-la-oportunidad-de-concluir-tus-estudios-de-manera-gratuita\/\",\"name\":\"Prepa en L\u00ednea-SEP la oportunidad de concluir tus estudios de manera gratuita | Nexo Informativo Santiago de Quer\u00e9taro\",\"isPartOf\":{\"@id\":\"https:\/\/www.nexoinformativo.mx\/#website\"},\"primaryImageOfPage\":{\"@id\":\"https:\/\/www.nexoinformativo.mx\/index.php\/2025\/01\/22\/prepa-en-linea-sep-la-oportunidad-de-concluir-tus-estudios-de-manera-gratuita\/#primaryimage\"},\"image\":{\"@id\":\"https:\/\/www.nexoinformativo.mx\/index.php\/2025\/01\/22\/prepa-en-linea-sep-la-oportunidad-de-concluir-tus-estudios-de-manera-gratuita\/#primaryimage\"},\"thumbnailUrl\":\"https:\/\/www.nexoinformativo.mx\/wp-content\/uploads\/2025\/01\/IMG_9454-e1737561496288.png\",\"datePublished\":\"2025-01-22T13:30:51+00:00\",\"dateModified\":\"2025-01-22T15:58:25+00:00\",\"description\":\"Prepa en L\u00ednea-SEP la oportunidad de concluir tus estudios de manera gratuita\",\"breadcrumb\":{\"@id\":\"https:\/\/www.nexoinformativo.mx\/index.php\/2025\/01\/22\/prepa-en-linea-sep-la-oportunidad-de-concluir-tus-estudios-de-manera-gratuita\/#breadcrumb\"},\"inLanguage\":\"es\",\"potentialAction\":[{\"@type\":\"ReadAction\",\"target\":[\"https:\/\/www.nexoinformativo.mx\/index.php\/2025\/01\/22\/prepa-en-linea-sep-la-oportunidad-de-concluir-tus-estudios-de-manera-gratuita\/\"]}]},{\"@type\":\"ImageObject\",\"inLanguage\":\"es\",\"@id\":\"https:\/\/www.nexoinformativo.mx\/index.php\/2025\/01\/22\/prepa-en-linea-sep-la-oportunidad-de-concluir-tus-estudios-de-manera-gratuita\/#primaryimage\",\"url\":\"https:\/\/www.nexoinformativo.mx\/wp-content\/uploads\/2025\/01\/IMG_9454-e1737561496288.png\",\"contentUrl\":\"https:\/\/www.nexoinformativo.mx\/wp-content\/uploads\/2025\/01\/IMG_9454-e1737561496288.png\",\"width\":700,\"height\":1049},{\"@type\":\"BreadcrumbList\",\"@id\":\"https:\/\/www.nexoinformativo.mx\/index.php\/2025\/01\/22\/prepa-en-linea-sep-la-oportunidad-de-concluir-tus-estudios-de-manera-gratuita\/#breadcrumb\",\"itemListElement\":[{\"@type\":\"ListItem\",\"position\":1,\"name\":\"Inicio\",\"item\":\"https:\/\/www.nexoinformativo.mx\/\"},{\"@type\":\"ListItem\",\"position\":2,\"name\":\"Prepa en L\u00ednea-SEP la oportunidad de concluir tus estudios de manera gratuita\"}]},{\"@type\":\"WebSite\",\"@id\":\"https:\/\/www.nexoinformativo.mx\/#website\",\"url\":\"https:\/\/www.nexoinformativo.mx\/\",\"name\":\"Nexo Informativo Santiago de Quer\u00e9taro\",\"description\":\"Explora NexoInformativo y convi\u00e9rtete en parte de una comunidad que valora el conocimiento y la verdad. Tu nexoinformativo es tu puente hacia una comprensi\u00f3n m\u00e1s profunda del mundo que te rodea.\",\"publisher\":{\"@id\":\"https:\/\/www.nexoinformativo.mx\/#organization\"},\"potentialAction\":[{\"@type\":\"SearchAction\",\"target\":{\"@type\":\"EntryPoint\",\"urlTemplate\":\"https:\/\/www.nexoinformativo.mx\/?s={search_term_string}\"},\"query-input\":{\"@type\":\"PropertyValueSpecification\",\"valueRequired\":true,\"valueName\":\"search_term_string\"}}],\"inLanguage\":\"es\"},{\"@type\":\"Organization\",\"@id\":\"https:\/\/www.nexoinformativo.mx\/#organization\",\"name\":\"Nexo Informativo Santiago de Quer\u00e9taro\",\"url\":\"https:\/\/www.nexoinformativo.mx\/\",\"logo\":{\"@type\":\"ImageObject\",\"inLanguage\":\"es\",\"@id\":\"https:\/\/www.nexoinformativo.mx\/#\/schema\/logo\/image\/\",\"url\":\"https:\/\/www.nexoinformativo.mx\/wp-content\/uploads\/2024\/07\/nexoi-trasparente-2.png\",\"contentUrl\":\"https:\/\/www.nexoinformativo.mx\/wp-content\/uploads\/2024\/07\/nexoi-trasparente-2.png\",\"width\":816,\"height\":339,\"caption\":\"Nexo Informativo Santiago de Quer\u00e9taro\"},\"image\":{\"@id\":\"https:\/\/www.nexoinformativo.mx\/#\/schema\/logo\/image\/\"},\"sameAs\":[\"https:\/\/www.facebook.com\/people\/Nexo-Informativo\/61564066885511\/\"]},{\"@type\":\"Person\",\"@id\":\"https:\/\/www.nexoinformativo.mx\/#\/schema\/person\/7749d380ba08c8ca00d7bc76fd907b7d\",\"name\":\"Nexo Informativo\",\"image\":{\"@type\":\"ImageObject\",\"inLanguage\":\"es\",\"@id\":\"https:\/\/www.nexoinformativo.mx\/#\/schema\/person\/image\/\",\"url\":\"https:\/\/secure.gravatar.com\/avatar\/dde2928154642a13d95f87ddf1ea9718fe2b46760a005c53e41ff5ad610704e6?s=96&d=mm&r=g\",\"contentUrl\":\"https:\/\/secure.gravatar.com\/avatar\/dde2928154642a13d95f87ddf1ea9718fe2b46760a005c53e41ff5ad610704e6?s=96&d=mm&r=g\",\"caption\":\"Nexo Informativo\"},\"url\":\"https:\/\/www.nexoinformativo.mx\/index.php\/author\/edicion\/\"}]}<\/script>\n<!-- \/ Yoast SEO plugin. -->","yoast_head_json":{"title":"Prepa en L\u00ednea-SEP la oportunidad de concluir tus estudios de manera gratuita | Nexo Informativo Santiago de Quer\u00e9taro","description":"Prepa en L\u00ednea-SEP la oportunidad de concluir tus estudios de manera gratuita","robots":{"index":"index","follow":"follow","max-snippet":"max-snippet:-1","max-image-preview":"max-image-preview:large","max-video-preview":"max-video-preview:-1"},"canonical":"https:\/\/www.nexoinformativo.mx\/index.php\/2025\/01\/22\/prepa-en-linea-sep-la-oportunidad-de-concluir-tus-estudios-de-manera-gratuita\/","og_locale":"es_MX","og_type":"article","og_title":"Prepa en L\u00ednea-SEP la oportunidad de concluir tus estudios de manera gratuita | Nexo Informativo Santiago de Quer\u00e9taro","og_description":"Prepa en L\u00ednea-SEP la oportunidad de concluir tus estudios de manera gratuita","og_url":"https:\/\/www.nexoinformativo.mx\/index.php\/2025\/01\/22\/prepa-en-linea-sep-la-oportunidad-de-concluir-tus-estudios-de-manera-gratuita\/","og_site_name":"Nexo Informativo Santiago de Quer\u00e9taro","article_publisher":"https:\/\/www.facebook.com\/people\/Nexo-Informativo\/61564066885511\/","article_published_time":"2025-01-22T13:30:51+00:00","article_modified_time":"2025-01-22T15:58:25+00:00","og_image":[{"width":700,"height":1049,"url":"https:\/\/www.nexoinformativo.mx\/wp-content\/uploads\/2025\/01\/IMG_9454-e1737561496288.png","type":"image\/png"}],"author":"Nexo Informativo","twitter_card":"summary_large_image","twitter_misc":{"Escrito por":"Nexo Informativo","Tiempo de lectura":"1 minuto"},"schema":{"@context":"https:\/\/schema.org","@graph":[{"@type":"Article","@id":"https:\/\/www.nexoinformativo.mx\/index.php\/2025\/01\/22\/prepa-en-linea-sep-la-oportunidad-de-concluir-tus-estudios-de-manera-gratuita\/#article","isPartOf":{"@id":"https:\/\/www.nexoinformativo.mx\/index.php\/2025\/01\/22\/prepa-en-linea-sep-la-oportunidad-de-concluir-tus-estudios-de-manera-gratuita\/"},"author":{"name":"Nexo Informativo","@id":"https:\/\/www.nexoinformativo.mx\/#\/schema\/person\/7749d380ba08c8ca00d7bc76fd907b7d"},"headline":"Prepa en L\u00ednea-SEP la oportunidad de concluir tus estudios de manera gratuita","datePublished":"2025-01-22T13:30:51+00:00","dateModified":"2025-01-22T15:58:25+00:00","mainEntityOfPage":{"@id":"https:\/\/www.nexoinformativo.mx\/index.php\/2025\/01\/22\/prepa-en-linea-sep-la-oportunidad-de-concluir-tus-estudios-de-manera-gratuita\/"},"wordCount":184,"commentCount":0,"publisher":{"@id":"https:\/\/www.nexoinformativo.mx\/#organization"},"image":{"@id":"https:\/\/www.nexoinformativo.mx\/index.php\/2025\/01\/22\/prepa-en-linea-sep-la-oportunidad-de-concluir-tus-estudios-de-manera-gratuita\/#primaryimage"},"thumbnailUrl":"https:\/\/www.nexoinformativo.mx\/wp-content\/uploads\/2025\/01\/IMG_9454-e1737561496288.png","keywords":["Bachillerato","Educaci\u00f3nEnL\u00ednea","PrepaEnL\u00edneaSEP","SEP"],"articleSection":["Nacional","\u00daltima Hora"],"inLanguage":"es","potentialAction":[{"@type":"CommentAction","name":"Comment","target":["https:\/\/www.nexoinformativo.mx\/index.php\/2025\/01\/22\/prepa-en-linea-sep-la-oportunidad-de-concluir-tus-estudios-de-manera-gratuita\/#respond"]}]},{"@type":"WebPage","@id":"https:\/\/www.nexoinformativo.mx\/index.php\/2025\/01\/22\/prepa-en-linea-sep-la-oportunidad-de-concluir-tus-estudios-de-manera-gratuita\/","url":"https:\/\/www.nexoinformativo.mx\/index.php\/2025\/01\/22\/prepa-en-linea-sep-la-oportunidad-de-concluir-tus-estudios-de-manera-gratuita\/","name":"Prepa en L\u00ednea-SEP la oportunidad de concluir tus estudios de manera gratuita | Nexo Informativo Santiago de Quer\u00e9taro","isPartOf":{"@id":"https:\/\/www.nexoinformativo.mx\/#website"},"primaryImageOfPage":{"@id":"https:\/\/www.nexoinformativo.mx\/index.php\/2025\/01\/22\/prepa-en-linea-sep-la-oportunidad-de-concluir-tus-estudios-de-manera-gratuita\/#primaryimage"},"image":{"@id":"https:\/\/www.nexoinformativo.mx\/index.php\/2025\/01\/22\/prepa-en-linea-sep-la-oportunidad-de-concluir-tus-estudios-de-manera-gratuita\/#primaryimage"},"thumbnailUrl":"https:\/\/www.nexoinformativo.mx\/wp-content\/uploads\/2025\/01\/IMG_9454-e1737561496288.png","datePublished":"2025-01-22T13:30:51+00:00","dateModified":"2025-01-22T15:58:25+00:00","description":"Prepa en L\u00ednea-SEP la oportunidad de concluir tus estudios de manera gratuita","breadcrumb":{"@id":"https:\/\/www.nexoinformativo.mx\/index.php\/2025\/01\/22\/prepa-en-linea-sep-la-oportunidad-de-concluir-tus-estudios-de-manera-gratuita\/#breadcrumb"},"inLanguage":"es","potentialAction":[{"@type":"ReadAction","target":["https:\/\/www.nexoinformativo.mx\/index.php\/2025\/01\/22\/prepa-en-linea-sep-la-oportunidad-de-concluir-tus-estudios-de-manera-gratuita\/"]}]},{"@type":"ImageObject","inLanguage":"es","@id":"https:\/\/www.nexoinformativo.mx\/index.php\/2025\/01\/22\/prepa-en-linea-sep-la-oportunidad-de-concluir-tus-estudios-de-manera-gratuita\/#primaryimage","url":"https:\/\/www.nexoinformativo.mx\/wp-content\/uploads\/2025\/01\/IMG_9454-e1737561496288.png","contentUrl":"https:\/\/www.nexoinformativo.mx\/wp-content\/uploads\/2025\/01\/IMG_9454-e1737561496288.png","width":700,"height":1049},{"@type":"BreadcrumbList","@id":"https:\/\/www.nexoinformativo.mx\/index.php\/2025\/01\/22\/prepa-en-linea-sep-la-oportunidad-de-concluir-tus-estudios-de-manera-gratuita\/#breadcrumb","itemListElement":[{"@type":"ListItem","position":1,"name":"Inicio","item":"https:\/\/www.nexoinformativo.mx\/"},{"@type":"ListItem","position":2,"name":"Prepa en L\u00ednea-SEP la oportunidad de concluir tus estudios de manera gratuita"}]},{"@type":"WebSite","@id":"https:\/\/www.nexoinformativo.mx\/#website","url":"https:\/\/www.nexoinformativo.mx\/","name":"Nexo Informativo Santiago de Quer\u00e9taro","description":"Explora NexoInformativo y convi\u00e9rtete en parte de una comunidad que valora el conocimiento y la verdad. Tu nexoinformativo es tu puente hacia una comprensi\u00f3n m\u00e1s profunda del mundo que te rodea.","publisher":{"@id":"https:\/\/www.nexoinformativo.mx\/#organization"},"potentialAction":[{"@type":"SearchAction","target":{"@type":"EntryPoint","urlTemplate":"https:\/\/www.nexoinformativo.mx\/?s={search_term_string}"},"query-input":{"@type":"PropertyValueSpecification","valueRequired":true,"valueName":"search_term_string"}}],"inLanguage":"es"},{"@type":"Organization","@id":"https:\/\/www.nexoinformativo.mx\/#organization","name":"Nexo Informativo Santiago de Quer\u00e9taro","url":"https:\/\/www.nexoinformativo.mx\/","logo":{"@type":"ImageObject","inLanguage":"es","@id":"https:\/\/www.nexoinformativo.mx\/#\/schema\/logo\/image\/","url":"https:\/\/www.nexoinformativo.mx\/wp-content\/uploads\/2024\/07\/nexoi-trasparente-2.png","contentUrl":"https:\/\/www.nexoinformativo.mx\/wp-content\/uploads\/2024\/07\/nexoi-trasparente-2.png","width":816,"height":339,"caption":"Nexo Informativo Santiago de Quer\u00e9taro"},"image":{"@id":"https:\/\/www.nexoinformativo.mx\/#\/schema\/logo\/image\/"},"sameAs":["https:\/\/www.facebook.com\/people\/Nexo-Informativo\/61564066885511\/"]},{"@type":"Person","@id":"https:\/\/www.nexoinformativo.mx\/#\/schema\/person\/7749d380ba08c8ca00d7bc76fd907b7d","name":"Nexo Informativo","image":{"@type":"ImageObject","inLanguage":"es","@id":"https:\/\/www.nexoinformativo.mx\/#\/schema\/person\/image\/","url":"https:\/\/secure.gravatar.com\/avatar\/dde2928154642a13d95f87ddf1ea9718fe2b46760a005c53e41ff5ad610704e6?s=96&d=mm&r=g","contentUrl":"https:\/\/secure.gravatar.com\/avatar\/dde2928154642a13d95f87ddf1ea9718fe2b46760a005c53e41ff5ad610704e6?s=96&d=mm&r=g","caption":"Nexo Informativo"},"url":"https:\/\/www.nexoinformativo.mx\/index.php\/author\/edicion\/"}]}},"_links":{"self":[{"href":"https:\/\/www.nexoinformativo.mx\/index.php\/wp-json\/wp\/v2\/posts\/10406","targetHints":{"allow":["GET"]}}],"collection":[{"href":"https:\/\/www.nexoinformativo.mx\/index.php\/wp-json\/wp\/v2\/posts"}],"about":[{"href":"https:\/\/www.nexoinformativo.mx\/index.php\/wp-json\/wp\/v2\/types\/post"}],"author":[{"embeddable":true,"href":"https:\/\/www.nexoinformativo.mx\/index.php\/wp-json\/wp\/v2\/users\/3"}],"replies":[{"embeddable":true,"href":"https:\/\/www.nexoinformativo.mx\/index.php\/wp-json\/wp\/v2\/comments?post=10406"}],"version-history":[{"count":4,"href":"https:\/\/www.nexoinformativo.mx\/index.php\/wp-json\/wp\/v2\/posts\/10406\/revisions"}],"predecessor-version":[{"id":10408,"href":"https:\/\/www.nexoinformativo.mx\/index.php\/wp-json\/wp\/v2\/posts\/10406\/revisions\/10408"}],"wp:featuredmedia":[{"embeddable":true,"href":"https:\/\/www.nexoinformativo.mx\/index.php\/wp-json\/wp\/v2\/media\/10411"}],"wp:attachment":[{"href":"https:\/\/www.nexoinformativo.mx\/index.php\/wp-json\/wp\/v2\/media?parent=10406"}],"wp:term":[{"taxonomy":"category","embeddable":true,"href":"https:\/\/www.nexoinformativo.mx\/index.php\/wp-json\/wp\/v2\/categories?post=10406"},{"taxonomy":"post_tag","embeddable":true,"href":"https:\/\/www.nexoinformativo.mx\/index.php\/wp-json\/wp\/v2\/tags?post=10406"}],"curies":[{"name":"wp","href":"https:\/\/api.w.org\/{rel}","templated":true}]}}