{"id":10412,"date":"2025-01-22T08:00:03","date_gmt":"2025-01-22T14:00:03","guid":{"rendered":"https:\/\/www.nexoinformativo.mx\/?p=10412"},"modified":"2025-01-22T10:12:31","modified_gmt":"2025-01-22T16:12:31","slug":"gobierno-de-mexico-crea-alimentacion-para-el-bienestar-con-mejores-alimentos-para-todos","status":"publish","type":"post","link":"https:\/\/www.nexoinformativo.mx\/index.php\/2025\/01\/22\/gobierno-de-mexico-crea-alimentacion-para-el-bienestar-con-mejores-alimentos-para-todos\/","title":{"rendered":"Gobierno de M\u00e9xico crea alimentaci\u00f3n para el Bienestar con mejores alimentos para todos"},"content":{"rendered":"<p style=\"text-align: justify;\" data-sourcepos=\"11:1-11:440\">El Gobierno de M\u00e9xico, a trav\u00e9s de la Secretar\u00eda de Agricultura y Desarrollo Rural, ha dado un paso significativo hacia la consolidaci\u00f3n de la soberan\u00eda alimentaria con la creaci\u00f3n de Alimentaci\u00f3n para el Bienestar.<\/p>\n<\/p>\n<p>&nbsp;<\/p>\n<p style=\"text-align: justify;\" data-sourcepos=\"11:1-11:440\">Este nuevo organismo, resultado de la fusi\u00f3n de SEGALMEX y DICONSA, tiene como objetivo garantizar el acceso de todas y todos los mexicanos a alimentos nutritivos y saludables a precios justos.<\/p>\n<\/p>\n<p>&nbsp;<\/p>\n<p style=\"text-align: justify;\" data-sourcepos=\"13:1-13:327\">Con la creaci\u00f3n de Alimentaci\u00f3n para el Bienestar se busca fortalecer la red de abasto en todo el pa\u00eds, especialmente en las zonas rurales y marginadas. A trav\u00e9s de las Tiendas Bienestar, se ofrecer\u00e1 una amplia variedad de productos b\u00e1sicos, como ma\u00edz, frijol, caf\u00e9, cacao y miel, producidos por peque\u00f1os productores mexicanos.<\/p>\n<\/p>\n<p>&nbsp;<\/p>\n<p style=\"text-align: justify;\" data-sourcepos=\"15:1-15:240\">Uno de los objetivos principales de este programa es garantizar precios justos tanto para los productores como para los consumidores, eliminando intermediarios y asegurando que los beneficios lleguen directamente a quienes m\u00e1s lo necesitan.<\/p>\n<\/p>\n<p>&nbsp;<\/p>\n<p style=\"text-align: justify;\" data-sourcepos=\"17:1-17:232\">Adem\u00e1s de la comercializaci\u00f3n de productos b\u00e1sicos, Alimentaci\u00f3n para el Bienestar impulsar\u00e1 la producci\u00f3n nacional de alimentos estrat\u00e9gicos como el cacao, el caf\u00e9 y la miel, fortaleciendo as\u00ed la econom\u00eda rural y generando empleos.<\/p>\n<\/p>\n<p>&nbsp;<\/p>\n<p style=\"text-align: justify;\" data-sourcepos=\"19:1-19:151\">El gobierno de M\u00e9xico reafirma su compromiso con el bienestar de la poblaci\u00f3n y la construcci\u00f3n de un pa\u00eds m\u00e1s justo y equitativo.<\/p>\n<\/p>\n<p>&nbsp;<\/p>\n<p style=\"text-align: center;\" data-sourcepos=\"19:1-19:151\"><em><strong>\u00a1Informaci\u00f3n que transforma!<\/strong><\/em><\/p>\n","protected":false},"excerpt":{"rendered":"<p>El Gobierno de M\u00e9xico, a trav\u00e9s de la Secretar\u00eda de Agricultura y Desarrollo Rural, ha dado un paso significativo hacia la consolidaci\u00f3n de la soberan\u00eda alimentaria con la creaci\u00f3n de Alimentaci\u00f3n para el Bienestar.<\/p>\n","protected":false},"author":3,"featured_media":10413,"comment_status":"open","ping_status":"open","sticky":false,"template":"","format":"standard","meta":{"footnotes":""},"categories":[88,58],"tags":[1571,679,1610,1206],"class_list":["post-10412","post","type-post","status-publish","format-standard","has-post-thumbnail","hentry","category-nacional","category-ultima-hora","tag-alimentacionparaelbienestar","tag-bienestar","tag-mexico","tag-soberaniaalimentaria"],"yoast_head":"<!-- This site is optimized with the Yoast SEO plugin v25.0 - https:\/\/yoast.com\/wordpress\/plugins\/seo\/ -->\n<title>Gobierno de M\u00e9xico crea alimentaci\u00f3n para el Bienestar con mejores alimentos para todos | Nexo Informativo Santiago de Quer\u00e9taro<\/title>\n<meta name=\"description\" content=\"Gobierno de M\u00e9xico crea alimentaci\u00f3n para el Bienestar con mejores alimentos para todos\" \/>\n<meta name=\"robots\" content=\"index, follow, max-snippet:-1, max-image-preview:large, max-video-preview:-1\" \/>\n<link rel=\"canonical\" href=\"https:\/\/www.nexoinformativo.mx\/index.php\/2025\/01\/22\/gobierno-de-mexico-crea-alimentacion-para-el-bienestar-con-mejores-alimentos-para-todos\/\" \/>\n<meta property=\"og:locale\" content=\"es_MX\" \/>\n<meta property=\"og:type\" content=\"article\" \/>\n<meta property=\"og:title\" content=\"Gobierno de M\u00e9xico crea alimentaci\u00f3n para el Bienestar con mejores alimentos para todos | Nexo Informativo Santiago de Quer\u00e9taro\" \/>\n<meta property=\"og:description\" content=\"Gobierno de M\u00e9xico crea alimentaci\u00f3n para el Bienestar con mejores alimentos para todos\" \/>\n<meta property=\"og:url\" content=\"https:\/\/www.nexoinformativo.mx\/index.php\/2025\/01\/22\/gobierno-de-mexico-crea-alimentacion-para-el-bienestar-con-mejores-alimentos-para-todos\/\" \/>\n<meta property=\"og:site_name\" content=\"Nexo Informativo Santiago de Quer\u00e9taro\" \/>\n<meta property=\"article:publisher\" content=\"https:\/\/www.facebook.com\/people\/Nexo-Informativo\/61564066885511\/\" \/>\n<meta property=\"article:published_time\" content=\"2025-01-22T14:00:03+00:00\" \/>\n<meta property=\"article:modified_time\" content=\"2025-01-22T16:12:31+00:00\" \/>\n<meta property=\"og:image\" content=\"https:\/\/www.nexoinformativo.mx\/wp-content\/uploads\/2025\/01\/IMG_9455.jpg\" \/>\n\t<meta property=\"og:image:width\" content=\"650\" \/>\n\t<meta property=\"og:image:height\" content=\"380\" \/>\n\t<meta property=\"og:image:type\" content=\"image\/jpeg\" \/>\n<meta name=\"author\" content=\"Nexo Informativo\" \/>\n<meta name=\"twitter:card\" content=\"summary_large_image\" \/>\n<meta name=\"twitter:label1\" content=\"Escrito por\" \/>\n\t<meta name=\"twitter:data1\" content=\"Nexo Informativo\" \/>\n\t<meta name=\"twitter:label2\" content=\"Tiempo de lectura\" \/>\n\t<meta name=\"twitter:data2\" content=\"2 minutos\" \/>\n<script type=\"application\/ld+json\" class=\"yoast-schema-graph\">{\"@context\":\"https:\/\/schema.org\",\"@graph\":[{\"@type\":\"Article\",\"@id\":\"https:\/\/www.nexoinformativo.mx\/index.php\/2025\/01\/22\/gobierno-de-mexico-crea-alimentacion-para-el-bienestar-con-mejores-alimentos-para-todos\/#article\",\"isPartOf\":{\"@id\":\"https:\/\/www.nexoinformativo.mx\/index.php\/2025\/01\/22\/gobierno-de-mexico-crea-alimentacion-para-el-bienestar-con-mejores-alimentos-para-todos\/\"},\"author\":{\"name\":\"Nexo Informativo\",\"@id\":\"https:\/\/www.nexoinformativo.mx\/#\/schema\/person\/7749d380ba08c8ca00d7bc76fd907b7d\"},\"headline\":\"Gobierno de M\u00e9xico crea alimentaci\u00f3n para el Bienestar con mejores alimentos para todos\",\"datePublished\":\"2025-01-22T14:00:03+00:00\",\"dateModified\":\"2025-01-22T16:12:31+00:00\",\"mainEntityOfPage\":{\"@id\":\"https:\/\/www.nexoinformativo.mx\/index.php\/2025\/01\/22\/gobierno-de-mexico-crea-alimentacion-para-el-bienestar-con-mejores-alimentos-para-todos\/\"},\"wordCount\":261,\"commentCount\":0,\"publisher\":{\"@id\":\"https:\/\/www.nexoinformativo.mx\/#organization\"},\"image\":{\"@id\":\"https:\/\/www.nexoinformativo.mx\/index.php\/2025\/01\/22\/gobierno-de-mexico-crea-alimentacion-para-el-bienestar-con-mejores-alimentos-para-todos\/#primaryimage\"},\"thumbnailUrl\":\"https:\/\/www.nexoinformativo.mx\/wp-content\/uploads\/2025\/01\/IMG_9455.jpg\",\"keywords\":[\"Alimentaci\u00f3nParaElBienestar\",\"Bienestar\",\"M\u00e9xico\",\"SoberaniaAlimentaria\"],\"articleSection\":[\"Nacional\",\"\u00daltima Hora\"],\"inLanguage\":\"es\",\"potentialAction\":[{\"@type\":\"CommentAction\",\"name\":\"Comment\",\"target\":[\"https:\/\/www.nexoinformativo.mx\/index.php\/2025\/01\/22\/gobierno-de-mexico-crea-alimentacion-para-el-bienestar-con-mejores-alimentos-para-todos\/#respond\"]}]},{\"@type\":\"WebPage\",\"@id\":\"https:\/\/www.nexoinformativo.mx\/index.php\/2025\/01\/22\/gobierno-de-mexico-crea-alimentacion-para-el-bienestar-con-mejores-alimentos-para-todos\/\",\"url\":\"https:\/\/www.nexoinformativo.mx\/index.php\/2025\/01\/22\/gobierno-de-mexico-crea-alimentacion-para-el-bienestar-con-mejores-alimentos-para-todos\/\",\"name\":\"Gobierno de M\u00e9xico crea alimentaci\u00f3n para el Bienestar con mejores alimentos para todos | Nexo Informativo Santiago de Quer\u00e9taro\",\"isPartOf\":{\"@id\":\"https:\/\/www.nexoinformativo.mx\/#website\"},\"primaryImageOfPage\":{\"@id\":\"https:\/\/www.nexoinformativo.mx\/index.php\/2025\/01\/22\/gobierno-de-mexico-crea-alimentacion-para-el-bienestar-con-mejores-alimentos-para-todos\/#primaryimage\"},\"image\":{\"@id\":\"https:\/\/www.nexoinformativo.mx\/index.php\/2025\/01\/22\/gobierno-de-mexico-crea-alimentacion-para-el-bienestar-con-mejores-alimentos-para-todos\/#primaryimage\"},\"thumbnailUrl\":\"https:\/\/www.nexoinformativo.mx\/wp-content\/uploads\/2025\/01\/IMG_9455.jpg\",\"datePublished\":\"2025-01-22T14:00:03+00:00\",\"dateModified\":\"2025-01-22T16:12:31+00:00\",\"description\":\"Gobierno de M\u00e9xico crea alimentaci\u00f3n para el Bienestar con mejores alimentos para todos\",\"breadcrumb\":{\"@id\":\"https:\/\/www.nexoinformativo.mx\/index.php\/2025\/01\/22\/gobierno-de-mexico-crea-alimentacion-para-el-bienestar-con-mejores-alimentos-para-todos\/#breadcrumb\"},\"inLanguage\":\"es\",\"potentialAction\":[{\"@type\":\"ReadAction\",\"target\":[\"https:\/\/www.nexoinformativo.mx\/index.php\/2025\/01\/22\/gobierno-de-mexico-crea-alimentacion-para-el-bienestar-con-mejores-alimentos-para-todos\/\"]}]},{\"@type\":\"ImageObject\",\"inLanguage\":\"es\",\"@id\":\"https:\/\/www.nexoinformativo.mx\/index.php\/2025\/01\/22\/gobierno-de-mexico-crea-alimentacion-para-el-bienestar-con-mejores-alimentos-para-todos\/#primaryimage\",\"url\":\"https:\/\/www.nexoinformativo.mx\/wp-content\/uploads\/2025\/01\/IMG_9455.jpg\",\"contentUrl\":\"https:\/\/www.nexoinformativo.mx\/wp-content\/uploads\/2025\/01\/IMG_9455.jpg\",\"width\":650,\"height\":380},{\"@type\":\"BreadcrumbList\",\"@id\":\"https:\/\/www.nexoinformativo.mx\/index.php\/2025\/01\/22\/gobierno-de-mexico-crea-alimentacion-para-el-bienestar-con-mejores-alimentos-para-todos\/#breadcrumb\",\"itemListElement\":[{\"@type\":\"ListItem\",\"position\":1,\"name\":\"Inicio\",\"item\":\"https:\/\/www.nexoinformativo.mx\/\"},{\"@type\":\"ListItem\",\"position\":2,\"name\":\"Gobierno de M\u00e9xico crea alimentaci\u00f3n para el Bienestar con mejores alimentos para todos\"}]},{\"@type\":\"WebSite\",\"@id\":\"https:\/\/www.nexoinformativo.mx\/#website\",\"url\":\"https:\/\/www.nexoinformativo.mx\/\",\"name\":\"Nexo Informativo Santiago de Quer\u00e9taro\",\"description\":\"Explora NexoInformativo y convi\u00e9rtete en parte de una comunidad que valora el conocimiento y la verdad. Tu nexoinformativo es tu puente hacia una comprensi\u00f3n m\u00e1s profunda del mundo que te rodea.\",\"publisher\":{\"@id\":\"https:\/\/www.nexoinformativo.mx\/#organization\"},\"potentialAction\":[{\"@type\":\"SearchAction\",\"target\":{\"@type\":\"EntryPoint\",\"urlTemplate\":\"https:\/\/www.nexoinformativo.mx\/?s={search_term_string}\"},\"query-input\":{\"@type\":\"PropertyValueSpecification\",\"valueRequired\":true,\"valueName\":\"search_term_string\"}}],\"inLanguage\":\"es\"},{\"@type\":\"Organization\",\"@id\":\"https:\/\/www.nexoinformativo.mx\/#organization\",\"name\":\"Nexo Informativo Santiago de Quer\u00e9taro\",\"url\":\"https:\/\/www.nexoinformativo.mx\/\",\"logo\":{\"@type\":\"ImageObject\",\"inLanguage\":\"es\",\"@id\":\"https:\/\/www.nexoinformativo.mx\/#\/schema\/logo\/image\/\",\"url\":\"https:\/\/www.nexoinformativo.mx\/wp-content\/uploads\/2024\/07\/nexoi-trasparente-2.png\",\"contentUrl\":\"https:\/\/www.nexoinformativo.mx\/wp-content\/uploads\/2024\/07\/nexoi-trasparente-2.png\",\"width\":816,\"height\":339,\"caption\":\"Nexo Informativo Santiago de Quer\u00e9taro\"},\"image\":{\"@id\":\"https:\/\/www.nexoinformativo.mx\/#\/schema\/logo\/image\/\"},\"sameAs\":[\"https:\/\/www.facebook.com\/people\/Nexo-Informativo\/61564066885511\/\"]},{\"@type\":\"Person\",\"@id\":\"https:\/\/www.nexoinformativo.mx\/#\/schema\/person\/7749d380ba08c8ca00d7bc76fd907b7d\",\"name\":\"Nexo Informativo\",\"image\":{\"@type\":\"ImageObject\",\"inLanguage\":\"es\",\"@id\":\"https:\/\/www.nexoinformativo.mx\/#\/schema\/person\/image\/\",\"url\":\"https:\/\/secure.gravatar.com\/avatar\/dde2928154642a13d95f87ddf1ea9718fe2b46760a005c53e41ff5ad610704e6?s=96&d=mm&r=g\",\"contentUrl\":\"https:\/\/secure.gravatar.com\/avatar\/dde2928154642a13d95f87ddf1ea9718fe2b46760a005c53e41ff5ad610704e6?s=96&d=mm&r=g\",\"caption\":\"Nexo Informativo\"},\"url\":\"https:\/\/www.nexoinformativo.mx\/index.php\/author\/edicion\/\"}]}<\/script>\n<!-- \/ Yoast SEO plugin. -->","yoast_head_json":{"title":"Gobierno de M\u00e9xico crea alimentaci\u00f3n para el Bienestar con mejores alimentos para todos | Nexo Informativo Santiago de Quer\u00e9taro","description":"Gobierno de M\u00e9xico crea alimentaci\u00f3n para el Bienestar con mejores alimentos para todos","robots":{"index":"index","follow":"follow","max-snippet":"max-snippet:-1","max-image-preview":"max-image-preview:large","max-video-preview":"max-video-preview:-1"},"canonical":"https:\/\/www.nexoinformativo.mx\/index.php\/2025\/01\/22\/gobierno-de-mexico-crea-alimentacion-para-el-bienestar-con-mejores-alimentos-para-todos\/","og_locale":"es_MX","og_type":"article","og_title":"Gobierno de M\u00e9xico crea alimentaci\u00f3n para el Bienestar con mejores alimentos para todos | Nexo Informativo Santiago de Quer\u00e9taro","og_description":"Gobierno de M\u00e9xico crea alimentaci\u00f3n para el Bienestar con mejores alimentos para todos","og_url":"https:\/\/www.nexoinformativo.mx\/index.php\/2025\/01\/22\/gobierno-de-mexico-crea-alimentacion-para-el-bienestar-con-mejores-alimentos-para-todos\/","og_site_name":"Nexo Informativo Santiago de Quer\u00e9taro","article_publisher":"https:\/\/www.facebook.com\/people\/Nexo-Informativo\/61564066885511\/","article_published_time":"2025-01-22T14:00:03+00:00","article_modified_time":"2025-01-22T16:12:31+00:00","og_image":[{"width":650,"height":380,"url":"https:\/\/www.nexoinformativo.mx\/wp-content\/uploads\/2025\/01\/IMG_9455.jpg","type":"image\/jpeg"}],"author":"Nexo Informativo","twitter_card":"summary_large_image","twitter_misc":{"Escrito por":"Nexo Informativo","Tiempo de lectura":"2 minutos"},"schema":{"@context":"https:\/\/schema.org","@graph":[{"@type":"Article","@id":"https:\/\/www.nexoinformativo.mx\/index.php\/2025\/01\/22\/gobierno-de-mexico-crea-alimentacion-para-el-bienestar-con-mejores-alimentos-para-todos\/#article","isPartOf":{"@id":"https:\/\/www.nexoinformativo.mx\/index.php\/2025\/01\/22\/gobierno-de-mexico-crea-alimentacion-para-el-bienestar-con-mejores-alimentos-para-todos\/"},"author":{"name":"Nexo Informativo","@id":"https:\/\/www.nexoinformativo.mx\/#\/schema\/person\/7749d380ba08c8ca00d7bc76fd907b7d"},"headline":"Gobierno de M\u00e9xico crea alimentaci\u00f3n para el Bienestar con mejores alimentos para todos","datePublished":"2025-01-22T14:00:03+00:00","dateModified":"2025-01-22T16:12:31+00:00","mainEntityOfPage":{"@id":"https:\/\/www.nexoinformativo.mx\/index.php\/2025\/01\/22\/gobierno-de-mexico-crea-alimentacion-para-el-bienestar-con-mejores-alimentos-para-todos\/"},"wordCount":261,"commentCount":0,"publisher":{"@id":"https:\/\/www.nexoinformativo.mx\/#organization"},"image":{"@id":"https:\/\/www.nexoinformativo.mx\/index.php\/2025\/01\/22\/gobierno-de-mexico-crea-alimentacion-para-el-bienestar-con-mejores-alimentos-para-todos\/#primaryimage"},"thumbnailUrl":"https:\/\/www.nexoinformativo.mx\/wp-content\/uploads\/2025\/01\/IMG_9455.jpg","keywords":["Alimentaci\u00f3nParaElBienestar","Bienestar","M\u00e9xico","SoberaniaAlimentaria"],"articleSection":["Nacional","\u00daltima Hora"],"inLanguage":"es","potentialAction":[{"@type":"CommentAction","name":"Comment","target":["https:\/\/www.nexoinformativo.mx\/index.php\/2025\/01\/22\/gobierno-de-mexico-crea-alimentacion-para-el-bienestar-con-mejores-alimentos-para-todos\/#respond"]}]},{"@type":"WebPage","@id":"https:\/\/www.nexoinformativo.mx\/index.php\/2025\/01\/22\/gobierno-de-mexico-crea-alimentacion-para-el-bienestar-con-mejores-alimentos-para-todos\/","url":"https:\/\/www.nexoinformativo.mx\/index.php\/2025\/01\/22\/gobierno-de-mexico-crea-alimentacion-para-el-bienestar-con-mejores-alimentos-para-todos\/","name":"Gobierno de M\u00e9xico crea alimentaci\u00f3n para el Bienestar con mejores alimentos para todos | Nexo Informativo Santiago de Quer\u00e9taro","isPartOf":{"@id":"https:\/\/www.nexoinformativo.mx\/#website"},"primaryImageOfPage":{"@id":"https:\/\/www.nexoinformativo.mx\/index.php\/2025\/01\/22\/gobierno-de-mexico-crea-alimentacion-para-el-bienestar-con-mejores-alimentos-para-todos\/#primaryimage"},"image":{"@id":"https:\/\/www.nexoinformativo.mx\/index.php\/2025\/01\/22\/gobierno-de-mexico-crea-alimentacion-para-el-bienestar-con-mejores-alimentos-para-todos\/#primaryimage"},"thumbnailUrl":"https:\/\/www.nexoinformativo.mx\/wp-content\/uploads\/2025\/01\/IMG_9455.jpg","datePublished":"2025-01-22T14:00:03+00:00","dateModified":"2025-01-22T16:12:31+00:00","description":"Gobierno de M\u00e9xico crea alimentaci\u00f3n para el Bienestar con mejores alimentos para todos","breadcrumb":{"@id":"https:\/\/www.nexoinformativo.mx\/index.php\/2025\/01\/22\/gobierno-de-mexico-crea-alimentacion-para-el-bienestar-con-mejores-alimentos-para-todos\/#breadcrumb"},"inLanguage":"es","potentialAction":[{"@type":"ReadAction","target":["https:\/\/www.nexoinformativo.mx\/index.php\/2025\/01\/22\/gobierno-de-mexico-crea-alimentacion-para-el-bienestar-con-mejores-alimentos-para-todos\/"]}]},{"@type":"ImageObject","inLanguage":"es","@id":"https:\/\/www.nexoinformativo.mx\/index.php\/2025\/01\/22\/gobierno-de-mexico-crea-alimentacion-para-el-bienestar-con-mejores-alimentos-para-todos\/#primaryimage","url":"https:\/\/www.nexoinformativo.mx\/wp-content\/uploads\/2025\/01\/IMG_9455.jpg","contentUrl":"https:\/\/www.nexoinformativo.mx\/wp-content\/uploads\/2025\/01\/IMG_9455.jpg","width":650,"height":380},{"@type":"BreadcrumbList","@id":"https:\/\/www.nexoinformativo.mx\/index.php\/2025\/01\/22\/gobierno-de-mexico-crea-alimentacion-para-el-bienestar-con-mejores-alimentos-para-todos\/#breadcrumb","itemListElement":[{"@type":"ListItem","position":1,"name":"Inicio","item":"https:\/\/www.nexoinformativo.mx\/"},{"@type":"ListItem","position":2,"name":"Gobierno de M\u00e9xico crea alimentaci\u00f3n para el Bienestar con mejores alimentos para todos"}]},{"@type":"WebSite","@id":"https:\/\/www.nexoinformativo.mx\/#website","url":"https:\/\/www.nexoinformativo.mx\/","name":"Nexo Informativo Santiago de Quer\u00e9taro","description":"Explora NexoInformativo y convi\u00e9rtete en parte de una comunidad que valora el conocimiento y la verdad. Tu nexoinformativo es tu puente hacia una comprensi\u00f3n m\u00e1s profunda del mundo que te rodea.","publisher":{"@id":"https:\/\/www.nexoinformativo.mx\/#organization"},"potentialAction":[{"@type":"SearchAction","target":{"@type":"EntryPoint","urlTemplate":"https:\/\/www.nexoinformativo.mx\/?s={search_term_string}"},"query-input":{"@type":"PropertyValueSpecification","valueRequired":true,"valueName":"search_term_string"}}],"inLanguage":"es"},{"@type":"Organization","@id":"https:\/\/www.nexoinformativo.mx\/#organization","name":"Nexo Informativo Santiago de Quer\u00e9taro","url":"https:\/\/www.nexoinformativo.mx\/","logo":{"@type":"ImageObject","inLanguage":"es","@id":"https:\/\/www.nexoinformativo.mx\/#\/schema\/logo\/image\/","url":"https:\/\/www.nexoinformativo.mx\/wp-content\/uploads\/2024\/07\/nexoi-trasparente-2.png","contentUrl":"https:\/\/www.nexoinformativo.mx\/wp-content\/uploads\/2024\/07\/nexoi-trasparente-2.png","width":816,"height":339,"caption":"Nexo Informativo Santiago de Quer\u00e9taro"},"image":{"@id":"https:\/\/www.nexoinformativo.mx\/#\/schema\/logo\/image\/"},"sameAs":["https:\/\/www.facebook.com\/people\/Nexo-Informativo\/61564066885511\/"]},{"@type":"Person","@id":"https:\/\/www.nexoinformativo.mx\/#\/schema\/person\/7749d380ba08c8ca00d7bc76fd907b7d","name":"Nexo Informativo","image":{"@type":"ImageObject","inLanguage":"es","@id":"https:\/\/www.nexoinformativo.mx\/#\/schema\/person\/image\/","url":"https:\/\/secure.gravatar.com\/avatar\/dde2928154642a13d95f87ddf1ea9718fe2b46760a005c53e41ff5ad610704e6?s=96&d=mm&r=g","contentUrl":"https:\/\/secure.gravatar.com\/avatar\/dde2928154642a13d95f87ddf1ea9718fe2b46760a005c53e41ff5ad610704e6?s=96&d=mm&r=g","caption":"Nexo Informativo"},"url":"https:\/\/www.nexoinformativo.mx\/index.php\/author\/edicion\/"}]}},"_links":{"self":[{"href":"https:\/\/www.nexoinformativo.mx\/index.php\/wp-json\/wp\/v2\/posts\/10412","targetHints":{"allow":["GET"]}}],"collection":[{"href":"https:\/\/www.nexoinformativo.mx\/index.php\/wp-json\/wp\/v2\/posts"}],"about":[{"href":"https:\/\/www.nexoinformativo.mx\/index.php\/wp-json\/wp\/v2\/types\/post"}],"author":[{"embeddable":true,"href":"https:\/\/www.nexoinformativo.mx\/index.php\/wp-json\/wp\/v2\/users\/3"}],"replies":[{"embeddable":true,"href":"https:\/\/www.nexoinformativo.mx\/index.php\/wp-json\/wp\/v2\/comments?post=10412"}],"version-history":[{"count":2,"href":"https:\/\/www.nexoinformativo.mx\/index.php\/wp-json\/wp\/v2\/posts\/10412\/revisions"}],"predecessor-version":[{"id":10415,"href":"https:\/\/www.nexoinformativo.mx\/index.php\/wp-json\/wp\/v2\/posts\/10412\/revisions\/10415"}],"wp:featuredmedia":[{"embeddable":true,"href":"https:\/\/www.nexoinformativo.mx\/index.php\/wp-json\/wp\/v2\/media\/10413"}],"wp:attachment":[{"href":"https:\/\/www.nexoinformativo.mx\/index.php\/wp-json\/wp\/v2\/media?parent=10412"}],"wp:term":[{"taxonomy":"category","embeddable":true,"href":"https:\/\/www.nexoinformativo.mx\/index.php\/wp-json\/wp\/v2\/categories?post=10412"},{"taxonomy":"post_tag","embeddable":true,"href":"https:\/\/www.nexoinformativo.mx\/index.php\/wp-json\/wp\/v2\/tags?post=10412"}],"curies":[{"name":"wp","href":"https:\/\/api.w.org\/{rel}","templated":true}]}}