{"id":10422,"date":"2025-01-22T09:30:18","date_gmt":"2025-01-22T15:30:18","guid":{"rendered":"https:\/\/www.nexoinformativo.mx\/?p=10422"},"modified":"2025-01-22T13:19:41","modified_gmt":"2025-01-22T19:19:41","slug":"unidos-por-el-turismo-mexico-presenta-lo-mejor-de-sus-destinos-en-madrid","status":"publish","type":"post","link":"https:\/\/www.nexoinformativo.mx\/index.php\/2025\/01\/22\/unidos-por-el-turismo-mexico-presenta-lo-mejor-de-sus-destinos-en-madrid\/","title":{"rendered":"Unidos por el turismo M\u00e9xico presenta lo mejor de sus destinos en Madrid"},"content":{"rendered":"<p style=\"text-align: justify;\" data-sourcepos=\"11:1-11:283\">M\u00e9xico ha deslumbrado al mundo con su rica oferta tur\u00edstica en la Feria Internacional de Turismo (FITUR) 2025. Con un pabell\u00f3n que se destaca como el m\u00e1s grande de Am\u00e9rica, nuestro pa\u00eds ha demostrado su liderazgo en la industria tur\u00edstica a nivel mundial.<\/p>\n<p>&nbsp;<\/p>\n<p style=\"text-align: justify;\" data-sourcepos=\"13:1-13:247\">La secretaria de Turismo, Josefina Rodr\u00edguez Zamora, encabez\u00f3 la inauguraci\u00f3n del pabell\u00f3n mexicano, acompa\u00f1ada por gobernadores, secretarios de turismo, alcaldes, legisladores y representantes del sector privado de los 32 estados de la Rep\u00fablica.<\/p>\n<p>&nbsp;<\/p>\n<p style=\"text-align: justify;\" data-sourcepos=\"15:1-15:282\">Durante el evento, se presentaron los destinos tur\u00edsticos m\u00e1s destacados de M\u00e9xico, desde las playas paradis\u00edacas del Caribe mexicano hasta las ciudades coloniales del centro del pa\u00eds. Los visitantes pudieron conocer la diversidad cultural, gastron\u00f3mica y natural que ofrece M\u00e9xico.<\/p>\n<p>&nbsp;<\/p>\n<p style=\"text-align: justify;\" data-sourcepos=\"17:1-17:344\">La titular de la Sectur destac\u00f3 la importancia de trabajar de manera conjunta con los estados y el sector privado para promover a M\u00e9xico como un destino tur\u00edstico de primer nivel. <strong>&#8220;Con este pabell\u00f3n, demostramos al mundo la riqueza y diversidad de nuestro pa\u00eds, y reafirmamos nuestro compromiso con el turismo sostenible y responsable&#8221;<\/strong>, afirm\u00f3.<\/p>\n<p>&nbsp;<\/p>\n<p style=\"text-align: justify;\">Acompa\u00f1ada por Quirino Ordaz Coppel, embajador de M\u00e9xico en Espa\u00f1a, por las y los gobernadores Mara Lezama Espinosa, de Quintana Roo; Roc\u00edo Nahle Garc\u00eda, de Veracruz; Mauricio Kuri Gonz\u00e1lez, de Quer\u00e9taro; as\u00ed como secretarias y secretarios de Turismo; presidentas y presidentes municipales; legisladores; as\u00ed como integrantes del sector privado.<\/p>\n<p>&nbsp;<\/p>\n<p style=\"text-align: justify;\">En este sentido resalt\u00f3 que se contar\u00e1 con la participaci\u00f3n en Fitur 2025 de los estados de Aguascalientes, Baja California, Baja California Sur, Campeche, Chihuahua, Ciudad de M\u00e9xico, Estado de M\u00e9xico, Guanajuato, Guerrero, Jalisco, Michoac\u00e1n, Nayarit, Nuevo Le\u00f3n, Oaxaca, Puebla, Quer\u00e9taro, con las representaciones de las Secretar\u00edas de Turismo.<\/p>\n<p>&nbsp;<\/p>\n<p style=\"text-align: justify;\" data-sourcepos=\"21:1-21:169\">La participaci\u00f3n de M\u00e9xico es una muestra del compromiso del pa\u00eds por fortalecer su posici\u00f3n como uno de los destinos tur\u00edsticos m\u00e1s importantes del mundo.<\/p>\n<p>&nbsp;<\/p>\n<p style=\"text-align: center;\" data-sourcepos=\"21:1-21:169\"><em><strong>\u00a1Informaci\u00f3n que transforma!<\/strong><\/em><\/p>\n","protected":false},"excerpt":{"rendered":"<p>M\u00e9xico ha deslumbrado al mundo con su rica oferta tur\u00edstica en la Feria Internacional de Turismo (FITUR) 2025. Con un pabell\u00f3n que se destaca como el m\u00e1s grande de Am\u00e9rica, nuestro pa\u00eds ha demostrado su liderazgo en la industria tur\u00edstica a nivel mundial.<\/p>\n","protected":false},"author":3,"featured_media":10423,"comment_status":"open","ping_status":"open","sticky":false,"template":"","format":"standard","meta":{"footnotes":""},"categories":[88],"tags":[3117,1610,3193,2220],"class_list":["post-10422","post","type-post","status-publish","format-standard","has-post-thumbnail","hentry","category-nacional","tag-fitur2025","tag-mexico","tag-pabellonmexico","tag-turismomexico"],"yoast_head":"<!-- This site is optimized with the Yoast SEO plugin v25.0 - https:\/\/yoast.com\/wordpress\/plugins\/seo\/ -->\n<title>Unidos por el turismo M\u00e9xico presenta lo mejor de sus destinos en Madrid | Nexo Informativo Santiago de Quer\u00e9taro<\/title>\n<meta name=\"description\" content=\"Unidos por el turismo M\u00e9xico presenta lo mejor de sus destinos en Madrid\" \/>\n<meta name=\"robots\" content=\"index, follow, max-snippet:-1, max-image-preview:large, max-video-preview:-1\" \/>\n<link rel=\"canonical\" href=\"https:\/\/www.nexoinformativo.mx\/index.php\/2025\/01\/22\/unidos-por-el-turismo-mexico-presenta-lo-mejor-de-sus-destinos-en-madrid\/\" \/>\n<meta property=\"og:locale\" content=\"es_MX\" \/>\n<meta property=\"og:type\" content=\"article\" \/>\n<meta property=\"og:title\" content=\"Unidos por el turismo M\u00e9xico presenta lo mejor de sus destinos en Madrid | Nexo Informativo Santiago de Quer\u00e9taro\" \/>\n<meta property=\"og:description\" content=\"Unidos por el turismo M\u00e9xico presenta lo mejor de sus destinos en Madrid\" \/>\n<meta property=\"og:url\" content=\"https:\/\/www.nexoinformativo.mx\/index.php\/2025\/01\/22\/unidos-por-el-turismo-mexico-presenta-lo-mejor-de-sus-destinos-en-madrid\/\" \/>\n<meta property=\"og:site_name\" content=\"Nexo Informativo Santiago de Quer\u00e9taro\" \/>\n<meta property=\"article:publisher\" content=\"https:\/\/www.facebook.com\/people\/Nexo-Informativo\/61564066885511\/\" \/>\n<meta property=\"article:published_time\" content=\"2025-01-22T15:30:18+00:00\" \/>\n<meta property=\"article:modified_time\" content=\"2025-01-22T19:19:41+00:00\" \/>\n<meta property=\"og:image\" content=\"https:\/\/www.nexoinformativo.mx\/wp-content\/uploads\/2025\/01\/3680d203-4299-4800-81f4-8107dcb9db6b-e1737573479272.jpg\" \/>\n\t<meta property=\"og:image:width\" content=\"800\" \/>\n\t<meta property=\"og:image:height\" content=\"533\" \/>\n\t<meta property=\"og:image:type\" content=\"image\/jpeg\" \/>\n<meta name=\"author\" content=\"Nexo Informativo\" \/>\n<meta name=\"twitter:card\" content=\"summary_large_image\" \/>\n<meta name=\"twitter:label1\" content=\"Escrito por\" \/>\n\t<meta name=\"twitter:data1\" content=\"Nexo Informativo\" \/>\n\t<meta name=\"twitter:label2\" content=\"Tiempo de lectura\" \/>\n\t<meta name=\"twitter:data2\" content=\"2 minutos\" \/>\n<script type=\"application\/ld+json\" class=\"yoast-schema-graph\">{\"@context\":\"https:\/\/schema.org\",\"@graph\":[{\"@type\":\"Article\",\"@id\":\"https:\/\/www.nexoinformativo.mx\/index.php\/2025\/01\/22\/unidos-por-el-turismo-mexico-presenta-lo-mejor-de-sus-destinos-en-madrid\/#article\",\"isPartOf\":{\"@id\":\"https:\/\/www.nexoinformativo.mx\/index.php\/2025\/01\/22\/unidos-por-el-turismo-mexico-presenta-lo-mejor-de-sus-destinos-en-madrid\/\"},\"author\":{\"name\":\"Nexo Informativo\",\"@id\":\"https:\/\/www.nexoinformativo.mx\/#\/schema\/person\/7749d380ba08c8ca00d7bc76fd907b7d\"},\"headline\":\"Unidos por el turismo M\u00e9xico presenta lo mejor de sus destinos en Madrid\",\"datePublished\":\"2025-01-22T15:30:18+00:00\",\"dateModified\":\"2025-01-22T19:19:41+00:00\",\"mainEntityOfPage\":{\"@id\":\"https:\/\/www.nexoinformativo.mx\/index.php\/2025\/01\/22\/unidos-por-el-turismo-mexico-presenta-lo-mejor-de-sus-destinos-en-madrid\/\"},\"wordCount\":359,\"commentCount\":0,\"publisher\":{\"@id\":\"https:\/\/www.nexoinformativo.mx\/#organization\"},\"image\":{\"@id\":\"https:\/\/www.nexoinformativo.mx\/index.php\/2025\/01\/22\/unidos-por-el-turismo-mexico-presenta-lo-mejor-de-sus-destinos-en-madrid\/#primaryimage\"},\"thumbnailUrl\":\"https:\/\/www.nexoinformativo.mx\/wp-content\/uploads\/2025\/01\/3680d203-4299-4800-81f4-8107dcb9db6b-e1737573479272.jpg\",\"keywords\":[\"FITUR2025\",\"M\u00e9xico\",\"Pabell\u00f3nM\u00e9xico\",\"TurismoM\u00e9xico\"],\"articleSection\":[\"Nacional\"],\"inLanguage\":\"es\",\"potentialAction\":[{\"@type\":\"CommentAction\",\"name\":\"Comment\",\"target\":[\"https:\/\/www.nexoinformativo.mx\/index.php\/2025\/01\/22\/unidos-por-el-turismo-mexico-presenta-lo-mejor-de-sus-destinos-en-madrid\/#respond\"]}]},{\"@type\":\"WebPage\",\"@id\":\"https:\/\/www.nexoinformativo.mx\/index.php\/2025\/01\/22\/unidos-por-el-turismo-mexico-presenta-lo-mejor-de-sus-destinos-en-madrid\/\",\"url\":\"https:\/\/www.nexoinformativo.mx\/index.php\/2025\/01\/22\/unidos-por-el-turismo-mexico-presenta-lo-mejor-de-sus-destinos-en-madrid\/\",\"name\":\"Unidos por el turismo M\u00e9xico presenta lo mejor de sus destinos en Madrid | Nexo Informativo Santiago de Quer\u00e9taro\",\"isPartOf\":{\"@id\":\"https:\/\/www.nexoinformativo.mx\/#website\"},\"primaryImageOfPage\":{\"@id\":\"https:\/\/www.nexoinformativo.mx\/index.php\/2025\/01\/22\/unidos-por-el-turismo-mexico-presenta-lo-mejor-de-sus-destinos-en-madrid\/#primaryimage\"},\"image\":{\"@id\":\"https:\/\/www.nexoinformativo.mx\/index.php\/2025\/01\/22\/unidos-por-el-turismo-mexico-presenta-lo-mejor-de-sus-destinos-en-madrid\/#primaryimage\"},\"thumbnailUrl\":\"https:\/\/www.nexoinformativo.mx\/wp-content\/uploads\/2025\/01\/3680d203-4299-4800-81f4-8107dcb9db6b-e1737573479272.jpg\",\"datePublished\":\"2025-01-22T15:30:18+00:00\",\"dateModified\":\"2025-01-22T19:19:41+00:00\",\"description\":\"Unidos por el turismo M\u00e9xico presenta lo mejor de sus destinos en Madrid\",\"breadcrumb\":{\"@id\":\"https:\/\/www.nexoinformativo.mx\/index.php\/2025\/01\/22\/unidos-por-el-turismo-mexico-presenta-lo-mejor-de-sus-destinos-en-madrid\/#breadcrumb\"},\"inLanguage\":\"es\",\"potentialAction\":[{\"@type\":\"ReadAction\",\"target\":[\"https:\/\/www.nexoinformativo.mx\/index.php\/2025\/01\/22\/unidos-por-el-turismo-mexico-presenta-lo-mejor-de-sus-destinos-en-madrid\/\"]}]},{\"@type\":\"ImageObject\",\"inLanguage\":\"es\",\"@id\":\"https:\/\/www.nexoinformativo.mx\/index.php\/2025\/01\/22\/unidos-por-el-turismo-mexico-presenta-lo-mejor-de-sus-destinos-en-madrid\/#primaryimage\",\"url\":\"https:\/\/www.nexoinformativo.mx\/wp-content\/uploads\/2025\/01\/3680d203-4299-4800-81f4-8107dcb9db6b-e1737573479272.jpg\",\"contentUrl\":\"https:\/\/www.nexoinformativo.mx\/wp-content\/uploads\/2025\/01\/3680d203-4299-4800-81f4-8107dcb9db6b-e1737573479272.jpg\",\"width\":800,\"height\":533},{\"@type\":\"BreadcrumbList\",\"@id\":\"https:\/\/www.nexoinformativo.mx\/index.php\/2025\/01\/22\/unidos-por-el-turismo-mexico-presenta-lo-mejor-de-sus-destinos-en-madrid\/#breadcrumb\",\"itemListElement\":[{\"@type\":\"ListItem\",\"position\":1,\"name\":\"Inicio\",\"item\":\"https:\/\/www.nexoinformativo.mx\/\"},{\"@type\":\"ListItem\",\"position\":2,\"name\":\"Unidos por el turismo M\u00e9xico presenta lo mejor de sus destinos en Madrid\"}]},{\"@type\":\"WebSite\",\"@id\":\"https:\/\/www.nexoinformativo.mx\/#website\",\"url\":\"https:\/\/www.nexoinformativo.mx\/\",\"name\":\"Nexo Informativo Santiago de Quer\u00e9taro\",\"description\":\"Explora NexoInformativo y convi\u00e9rtete en parte de una comunidad que valora el conocimiento y la verdad. Tu nexoinformativo es tu puente hacia una comprensi\u00f3n m\u00e1s profunda del mundo que te rodea.\",\"publisher\":{\"@id\":\"https:\/\/www.nexoinformativo.mx\/#organization\"},\"potentialAction\":[{\"@type\":\"SearchAction\",\"target\":{\"@type\":\"EntryPoint\",\"urlTemplate\":\"https:\/\/www.nexoinformativo.mx\/?s={search_term_string}\"},\"query-input\":{\"@type\":\"PropertyValueSpecification\",\"valueRequired\":true,\"valueName\":\"search_term_string\"}}],\"inLanguage\":\"es\"},{\"@type\":\"Organization\",\"@id\":\"https:\/\/www.nexoinformativo.mx\/#organization\",\"name\":\"Nexo Informativo Santiago de Quer\u00e9taro\",\"url\":\"https:\/\/www.nexoinformativo.mx\/\",\"logo\":{\"@type\":\"ImageObject\",\"inLanguage\":\"es\",\"@id\":\"https:\/\/www.nexoinformativo.mx\/#\/schema\/logo\/image\/\",\"url\":\"https:\/\/www.nexoinformativo.mx\/wp-content\/uploads\/2024\/07\/nexoi-trasparente-2.png\",\"contentUrl\":\"https:\/\/www.nexoinformativo.mx\/wp-content\/uploads\/2024\/07\/nexoi-trasparente-2.png\",\"width\":816,\"height\":339,\"caption\":\"Nexo Informativo Santiago de Quer\u00e9taro\"},\"image\":{\"@id\":\"https:\/\/www.nexoinformativo.mx\/#\/schema\/logo\/image\/\"},\"sameAs\":[\"https:\/\/www.facebook.com\/people\/Nexo-Informativo\/61564066885511\/\"]},{\"@type\":\"Person\",\"@id\":\"https:\/\/www.nexoinformativo.mx\/#\/schema\/person\/7749d380ba08c8ca00d7bc76fd907b7d\",\"name\":\"Nexo Informativo\",\"image\":{\"@type\":\"ImageObject\",\"inLanguage\":\"es\",\"@id\":\"https:\/\/www.nexoinformativo.mx\/#\/schema\/person\/image\/\",\"url\":\"https:\/\/secure.gravatar.com\/avatar\/dde2928154642a13d95f87ddf1ea9718fe2b46760a005c53e41ff5ad610704e6?s=96&d=mm&r=g\",\"contentUrl\":\"https:\/\/secure.gravatar.com\/avatar\/dde2928154642a13d95f87ddf1ea9718fe2b46760a005c53e41ff5ad610704e6?s=96&d=mm&r=g\",\"caption\":\"Nexo Informativo\"},\"url\":\"https:\/\/www.nexoinformativo.mx\/index.php\/author\/edicion\/\"}]}<\/script>\n<!-- \/ Yoast SEO plugin. -->","yoast_head_json":{"title":"Unidos por el turismo M\u00e9xico presenta lo mejor de sus destinos en Madrid | Nexo Informativo Santiago de Quer\u00e9taro","description":"Unidos por el turismo M\u00e9xico presenta lo mejor de sus destinos en Madrid","robots":{"index":"index","follow":"follow","max-snippet":"max-snippet:-1","max-image-preview":"max-image-preview:large","max-video-preview":"max-video-preview:-1"},"canonical":"https:\/\/www.nexoinformativo.mx\/index.php\/2025\/01\/22\/unidos-por-el-turismo-mexico-presenta-lo-mejor-de-sus-destinos-en-madrid\/","og_locale":"es_MX","og_type":"article","og_title":"Unidos por el turismo M\u00e9xico presenta lo mejor de sus destinos en Madrid | Nexo Informativo Santiago de Quer\u00e9taro","og_description":"Unidos por el turismo M\u00e9xico presenta lo mejor de sus destinos en Madrid","og_url":"https:\/\/www.nexoinformativo.mx\/index.php\/2025\/01\/22\/unidos-por-el-turismo-mexico-presenta-lo-mejor-de-sus-destinos-en-madrid\/","og_site_name":"Nexo Informativo Santiago de Quer\u00e9taro","article_publisher":"https:\/\/www.facebook.com\/people\/Nexo-Informativo\/61564066885511\/","article_published_time":"2025-01-22T15:30:18+00:00","article_modified_time":"2025-01-22T19:19:41+00:00","og_image":[{"width":800,"height":533,"url":"https:\/\/www.nexoinformativo.mx\/wp-content\/uploads\/2025\/01\/3680d203-4299-4800-81f4-8107dcb9db6b-e1737573479272.jpg","type":"image\/jpeg"}],"author":"Nexo Informativo","twitter_card":"summary_large_image","twitter_misc":{"Escrito por":"Nexo Informativo","Tiempo de lectura":"2 minutos"},"schema":{"@context":"https:\/\/schema.org","@graph":[{"@type":"Article","@id":"https:\/\/www.nexoinformativo.mx\/index.php\/2025\/01\/22\/unidos-por-el-turismo-mexico-presenta-lo-mejor-de-sus-destinos-en-madrid\/#article","isPartOf":{"@id":"https:\/\/www.nexoinformativo.mx\/index.php\/2025\/01\/22\/unidos-por-el-turismo-mexico-presenta-lo-mejor-de-sus-destinos-en-madrid\/"},"author":{"name":"Nexo Informativo","@id":"https:\/\/www.nexoinformativo.mx\/#\/schema\/person\/7749d380ba08c8ca00d7bc76fd907b7d"},"headline":"Unidos por el turismo M\u00e9xico presenta lo mejor de sus destinos en Madrid","datePublished":"2025-01-22T15:30:18+00:00","dateModified":"2025-01-22T19:19:41+00:00","mainEntityOfPage":{"@id":"https:\/\/www.nexoinformativo.mx\/index.php\/2025\/01\/22\/unidos-por-el-turismo-mexico-presenta-lo-mejor-de-sus-destinos-en-madrid\/"},"wordCount":359,"commentCount":0,"publisher":{"@id":"https:\/\/www.nexoinformativo.mx\/#organization"},"image":{"@id":"https:\/\/www.nexoinformativo.mx\/index.php\/2025\/01\/22\/unidos-por-el-turismo-mexico-presenta-lo-mejor-de-sus-destinos-en-madrid\/#primaryimage"},"thumbnailUrl":"https:\/\/www.nexoinformativo.mx\/wp-content\/uploads\/2025\/01\/3680d203-4299-4800-81f4-8107dcb9db6b-e1737573479272.jpg","keywords":["FITUR2025","M\u00e9xico","Pabell\u00f3nM\u00e9xico","TurismoM\u00e9xico"],"articleSection":["Nacional"],"inLanguage":"es","potentialAction":[{"@type":"CommentAction","name":"Comment","target":["https:\/\/www.nexoinformativo.mx\/index.php\/2025\/01\/22\/unidos-por-el-turismo-mexico-presenta-lo-mejor-de-sus-destinos-en-madrid\/#respond"]}]},{"@type":"WebPage","@id":"https:\/\/www.nexoinformativo.mx\/index.php\/2025\/01\/22\/unidos-por-el-turismo-mexico-presenta-lo-mejor-de-sus-destinos-en-madrid\/","url":"https:\/\/www.nexoinformativo.mx\/index.php\/2025\/01\/22\/unidos-por-el-turismo-mexico-presenta-lo-mejor-de-sus-destinos-en-madrid\/","name":"Unidos por el turismo M\u00e9xico presenta lo mejor de sus destinos en Madrid | Nexo Informativo Santiago de Quer\u00e9taro","isPartOf":{"@id":"https:\/\/www.nexoinformativo.mx\/#website"},"primaryImageOfPage":{"@id":"https:\/\/www.nexoinformativo.mx\/index.php\/2025\/01\/22\/unidos-por-el-turismo-mexico-presenta-lo-mejor-de-sus-destinos-en-madrid\/#primaryimage"},"image":{"@id":"https:\/\/www.nexoinformativo.mx\/index.php\/2025\/01\/22\/unidos-por-el-turismo-mexico-presenta-lo-mejor-de-sus-destinos-en-madrid\/#primaryimage"},"thumbnailUrl":"https:\/\/www.nexoinformativo.mx\/wp-content\/uploads\/2025\/01\/3680d203-4299-4800-81f4-8107dcb9db6b-e1737573479272.jpg","datePublished":"2025-01-22T15:30:18+00:00","dateModified":"2025-01-22T19:19:41+00:00","description":"Unidos por el turismo M\u00e9xico presenta lo mejor de sus destinos en Madrid","breadcrumb":{"@id":"https:\/\/www.nexoinformativo.mx\/index.php\/2025\/01\/22\/unidos-por-el-turismo-mexico-presenta-lo-mejor-de-sus-destinos-en-madrid\/#breadcrumb"},"inLanguage":"es","potentialAction":[{"@type":"ReadAction","target":["https:\/\/www.nexoinformativo.mx\/index.php\/2025\/01\/22\/unidos-por-el-turismo-mexico-presenta-lo-mejor-de-sus-destinos-en-madrid\/"]}]},{"@type":"ImageObject","inLanguage":"es","@id":"https:\/\/www.nexoinformativo.mx\/index.php\/2025\/01\/22\/unidos-por-el-turismo-mexico-presenta-lo-mejor-de-sus-destinos-en-madrid\/#primaryimage","url":"https:\/\/www.nexoinformativo.mx\/wp-content\/uploads\/2025\/01\/3680d203-4299-4800-81f4-8107dcb9db6b-e1737573479272.jpg","contentUrl":"https:\/\/www.nexoinformativo.mx\/wp-content\/uploads\/2025\/01\/3680d203-4299-4800-81f4-8107dcb9db6b-e1737573479272.jpg","width":800,"height":533},{"@type":"BreadcrumbList","@id":"https:\/\/www.nexoinformativo.mx\/index.php\/2025\/01\/22\/unidos-por-el-turismo-mexico-presenta-lo-mejor-de-sus-destinos-en-madrid\/#breadcrumb","itemListElement":[{"@type":"ListItem","position":1,"name":"Inicio","item":"https:\/\/www.nexoinformativo.mx\/"},{"@type":"ListItem","position":2,"name":"Unidos por el turismo M\u00e9xico presenta lo mejor de sus destinos en Madrid"}]},{"@type":"WebSite","@id":"https:\/\/www.nexoinformativo.mx\/#website","url":"https:\/\/www.nexoinformativo.mx\/","name":"Nexo Informativo Santiago de Quer\u00e9taro","description":"Explora NexoInformativo y convi\u00e9rtete en parte de una comunidad que valora el conocimiento y la verdad. Tu nexoinformativo es tu puente hacia una comprensi\u00f3n m\u00e1s profunda del mundo que te rodea.","publisher":{"@id":"https:\/\/www.nexoinformativo.mx\/#organization"},"potentialAction":[{"@type":"SearchAction","target":{"@type":"EntryPoint","urlTemplate":"https:\/\/www.nexoinformativo.mx\/?s={search_term_string}"},"query-input":{"@type":"PropertyValueSpecification","valueRequired":true,"valueName":"search_term_string"}}],"inLanguage":"es"},{"@type":"Organization","@id":"https:\/\/www.nexoinformativo.mx\/#organization","name":"Nexo Informativo Santiago de Quer\u00e9taro","url":"https:\/\/www.nexoinformativo.mx\/","logo":{"@type":"ImageObject","inLanguage":"es","@id":"https:\/\/www.nexoinformativo.mx\/#\/schema\/logo\/image\/","url":"https:\/\/www.nexoinformativo.mx\/wp-content\/uploads\/2024\/07\/nexoi-trasparente-2.png","contentUrl":"https:\/\/www.nexoinformativo.mx\/wp-content\/uploads\/2024\/07\/nexoi-trasparente-2.png","width":816,"height":339,"caption":"Nexo Informativo Santiago de Quer\u00e9taro"},"image":{"@id":"https:\/\/www.nexoinformativo.mx\/#\/schema\/logo\/image\/"},"sameAs":["https:\/\/www.facebook.com\/people\/Nexo-Informativo\/61564066885511\/"]},{"@type":"Person","@id":"https:\/\/www.nexoinformativo.mx\/#\/schema\/person\/7749d380ba08c8ca00d7bc76fd907b7d","name":"Nexo Informativo","image":{"@type":"ImageObject","inLanguage":"es","@id":"https:\/\/www.nexoinformativo.mx\/#\/schema\/person\/image\/","url":"https:\/\/secure.gravatar.com\/avatar\/dde2928154642a13d95f87ddf1ea9718fe2b46760a005c53e41ff5ad610704e6?s=96&d=mm&r=g","contentUrl":"https:\/\/secure.gravatar.com\/avatar\/dde2928154642a13d95f87ddf1ea9718fe2b46760a005c53e41ff5ad610704e6?s=96&d=mm&r=g","caption":"Nexo Informativo"},"url":"https:\/\/www.nexoinformativo.mx\/index.php\/author\/edicion\/"}]}},"_links":{"self":[{"href":"https:\/\/www.nexoinformativo.mx\/index.php\/wp-json\/wp\/v2\/posts\/10422","targetHints":{"allow":["GET"]}}],"collection":[{"href":"https:\/\/www.nexoinformativo.mx\/index.php\/wp-json\/wp\/v2\/posts"}],"about":[{"href":"https:\/\/www.nexoinformativo.mx\/index.php\/wp-json\/wp\/v2\/types\/post"}],"author":[{"embeddable":true,"href":"https:\/\/www.nexoinformativo.mx\/index.php\/wp-json\/wp\/v2\/users\/3"}],"replies":[{"embeddable":true,"href":"https:\/\/www.nexoinformativo.mx\/index.php\/wp-json\/wp\/v2\/comments?post=10422"}],"version-history":[{"count":3,"href":"https:\/\/www.nexoinformativo.mx\/index.php\/wp-json\/wp\/v2\/posts\/10422\/revisions"}],"predecessor-version":[{"id":10427,"href":"https:\/\/www.nexoinformativo.mx\/index.php\/wp-json\/wp\/v2\/posts\/10422\/revisions\/10427"}],"wp:featuredmedia":[{"embeddable":true,"href":"https:\/\/www.nexoinformativo.mx\/index.php\/wp-json\/wp\/v2\/media\/10423"}],"wp:attachment":[{"href":"https:\/\/www.nexoinformativo.mx\/index.php\/wp-json\/wp\/v2\/media?parent=10422"}],"wp:term":[{"taxonomy":"category","embeddable":true,"href":"https:\/\/www.nexoinformativo.mx\/index.php\/wp-json\/wp\/v2\/categories?post=10422"},{"taxonomy":"post_tag","embeddable":true,"href":"https:\/\/www.nexoinformativo.mx\/index.php\/wp-json\/wp\/v2\/tags?post=10422"}],"curies":[{"name":"wp","href":"https:\/\/api.w.org\/{rel}","templated":true}]}}