{"id":10436,"date":"2025-01-22T10:30:31","date_gmt":"2025-01-22T16:30:31","guid":{"rendered":"https:\/\/www.nexoinformativo.mx\/?p=10436"},"modified":"2025-01-22T14:15:34","modified_gmt":"2025-01-22T20:15:34","slug":"congreso-mexicano-exige-a-estados-unidos-informacion-sobre-trafico-de-armas-ilicitas-que-alimentan-la-violencia","status":"publish","type":"post","link":"https:\/\/www.nexoinformativo.mx\/index.php\/2025\/01\/22\/congreso-mexicano-exige-a-estados-unidos-informacion-sobre-trafico-de-armas-ilicitas-que-alimentan-la-violencia\/","title":{"rendered":"Congreso mexicano exige a Estados Unidos informaci\u00f3n sobre tr\u00e1fico de armas il\u00edcitas que alimentan la violencia"},"content":{"rendered":"<p style=\"text-align: justify;\" data-sourcepos=\"11:1-11:252\">La Comisi\u00f3n Permanente del Congreso de la Uni\u00f3n aprob\u00f3 un punto de acuerdo en el que se exhorta al gobierno de M\u00e9xico a solicitar a Estados Unidos un informe detallado sobre el tr\u00e1fico il\u00edcito de armas hacia nuestro pa\u00eds.<\/p>\n<\/p>\n<p>&nbsp;<\/p>\n<p style=\"text-align: justify;\" data-sourcepos=\"13:1-13:213\">El objetivo de esta solicitud es conocer las acciones que est\u00e1 tomando el gobierno estadounidense para combatir este problema, que ha sido identificado como una de las principales causas de la violencia en M\u00e9xico.<\/p>\n<\/p>\n<p>&nbsp;<\/p>\n<p style=\"text-align: justify;\" data-sourcepos=\"15:1-15:116\">De acuerdo con el punto de acuerdo, se pide a la Secretar\u00eda de Relaciones Exteriores que solicite informaci\u00f3n sobre:<\/p>\n<\/p>\n<p>&nbsp;<\/p>\n<ul style=\"text-align: justify;\" data-sourcepos=\"17:1-22:0\">\n<li data-sourcepos=\"17:1-17:142\">Qu\u00e9 medidas concretas est\u00e1 tomando el gobierno estadounidense para detectar, reducir y prevenir el tr\u00e1fico de armas.<\/li>\n<li data-sourcepos=\"18:1-18:111\">Informaci\u00f3n sobre las armas aseguradas en M\u00e9xico, incluyendo su origen, tipo y calibre.<\/li>\n<li data-sourcepos=\"19:1-19:152\">Datos sobre las organizaciones criminales involucradas en el tr\u00e1fico de armas y los puntos de venta en la frontera.<\/li>\n<li data-sourcepos=\"20:1-20:139\">Informaci\u00f3n sobre las licencias revocadas a vendedores de armas que han suministrado armas a c\u00e1rteles mexicanos.<\/li>\n<li data-sourcepos=\"21:1-22:0\">Datos sobre las investigaciones y sentencias impuestas a los responsables del tr\u00e1fico de armas.<\/li>\n<\/ul>\n<p>&nbsp;<\/p>\n<p style=\"text-align: justify;\" data-sourcepos=\"23:1-23:211\">El senador Emmanuel Reyes Carmona, uno de los promotores de este punto de acuerdo, se\u00f1al\u00f3 que el tr\u00e1fico de armas desde Estados Unidos hacia M\u00e9xico es un problema grave que exacerba la violencia en nuestro pa\u00eds.<\/p>\n<\/p>\n<p>&nbsp;<\/p>\n<p style=\"text-align: justify;\" data-sourcepos=\"25:1-25:188\"><strong>&#8220;Los c\u00e1rteles se est\u00e1n armando a trav\u00e9s de los principales canales de tr\u00e1fico de Estados Unidos e ingresando por Sonora, Tamaulipas, Nuevo Le\u00f3n, Chihuahua y Guanajuato&#8221;<\/strong>, afirm\u00f3 el senador.<\/p>\n<\/p>\n<p>&nbsp;<\/p>\n<p style=\"text-align: justify;\" data-sourcepos=\"27:1-27:232\">Este llamado se realiza en el marco del Entendimiento Bicentenario sobre Seguridad, Salud P\u00fablica y Comunidades Seguras, un acuerdo bilateral entre M\u00e9xico y Estados Unidos que busca fortalecer la cooperaci\u00f3n en materia de seguridad.<\/p>\n<\/p>\n<p>&nbsp;<\/p>\n<p style=\"text-align: center;\" data-sourcepos=\"27:1-27:232\"><em><strong>\u00a1Informaci\u00f3n que transforma!<\/strong><\/em><\/p>\n<p style=\"text-align: justify;\" data-sourcepos=\"27:1-27:232\">\n","protected":false},"excerpt":{"rendered":"<p>La Comisi\u00f3n Permanente del Congreso de la Uni\u00f3n aprob\u00f3 un punto de acuerdo en el que se exhorta al gobierno de M\u00e9xico a solicitar a Estados Unidos un informe detallado sobre el tr\u00e1fico il\u00edcito de armas hacia nuestro pa\u00eds.<\/p>\n","protected":false},"author":3,"featured_media":10437,"comment_status":"open","ping_status":"open","sticky":false,"template":"","format":"standard","meta":{"footnotes":""},"categories":[88,58],"tags":[1517,1610,131,3196],"class_list":["post-10436","post","type-post","status-publish","format-standard","has-post-thumbnail","hentry","category-nacional","category-ultima-hora","tag-estadosunidos","tag-mexico","tag-seguridad","tag-traficodearmas"],"yoast_head":"<!-- This site is optimized with the Yoast SEO plugin v25.0 - https:\/\/yoast.com\/wordpress\/plugins\/seo\/ -->\n<title>Congreso mexicano exige a Estados Unidos informaci\u00f3n sobre tr\u00e1fico de armas il\u00edcitas que alimentan la violencia | Nexo Informativo Santiago de Quer\u00e9taro<\/title>\n<meta name=\"description\" content=\"Congreso mexicano exige a Estados Unidos informaci\u00f3n sobre tr\u00e1fico de armas il\u00edcitas que alimentan la violencia\" \/>\n<meta name=\"robots\" content=\"index, follow, max-snippet:-1, max-image-preview:large, max-video-preview:-1\" \/>\n<link rel=\"canonical\" href=\"https:\/\/www.nexoinformativo.mx\/index.php\/2025\/01\/22\/congreso-mexicano-exige-a-estados-unidos-informacion-sobre-trafico-de-armas-ilicitas-que-alimentan-la-violencia\/\" \/>\n<meta property=\"og:locale\" content=\"es_MX\" \/>\n<meta property=\"og:type\" content=\"article\" \/>\n<meta property=\"og:title\" content=\"Congreso mexicano exige a Estados Unidos informaci\u00f3n sobre tr\u00e1fico de armas il\u00edcitas que alimentan la violencia | Nexo Informativo Santiago de Quer\u00e9taro\" \/>\n<meta property=\"og:description\" content=\"Congreso mexicano exige a Estados Unidos informaci\u00f3n sobre tr\u00e1fico de armas il\u00edcitas que alimentan la violencia\" \/>\n<meta property=\"og:url\" content=\"https:\/\/www.nexoinformativo.mx\/index.php\/2025\/01\/22\/congreso-mexicano-exige-a-estados-unidos-informacion-sobre-trafico-de-armas-ilicitas-que-alimentan-la-violencia\/\" \/>\n<meta property=\"og:site_name\" content=\"Nexo Informativo Santiago de Quer\u00e9taro\" \/>\n<meta property=\"article:publisher\" content=\"https:\/\/www.facebook.com\/people\/Nexo-Informativo\/61564066885511\/\" \/>\n<meta property=\"article:published_time\" content=\"2025-01-22T16:30:31+00:00\" \/>\n<meta property=\"article:modified_time\" content=\"2025-01-22T20:15:34+00:00\" \/>\n<meta property=\"og:image\" content=\"https:\/\/www.nexoinformativo.mx\/wp-content\/uploads\/2025\/01\/IMG_9465.jpg\" \/>\n\t<meta property=\"og:image:width\" content=\"679\" \/>\n\t<meta property=\"og:image:height\" content=\"394\" \/>\n\t<meta property=\"og:image:type\" content=\"image\/jpeg\" \/>\n<meta name=\"author\" content=\"Nexo Informativo\" \/>\n<meta name=\"twitter:card\" content=\"summary_large_image\" \/>\n<meta name=\"twitter:label1\" content=\"Escrito por\" \/>\n\t<meta name=\"twitter:data1\" content=\"Nexo Informativo\" \/>\n\t<meta name=\"twitter:label2\" content=\"Tiempo de lectura\" \/>\n\t<meta name=\"twitter:data2\" content=\"2 minutos\" \/>\n<script type=\"application\/ld+json\" class=\"yoast-schema-graph\">{\"@context\":\"https:\/\/schema.org\",\"@graph\":[{\"@type\":\"Article\",\"@id\":\"https:\/\/www.nexoinformativo.mx\/index.php\/2025\/01\/22\/congreso-mexicano-exige-a-estados-unidos-informacion-sobre-trafico-de-armas-ilicitas-que-alimentan-la-violencia\/#article\",\"isPartOf\":{\"@id\":\"https:\/\/www.nexoinformativo.mx\/index.php\/2025\/01\/22\/congreso-mexicano-exige-a-estados-unidos-informacion-sobre-trafico-de-armas-ilicitas-que-alimentan-la-violencia\/\"},\"author\":{\"name\":\"Nexo Informativo\",\"@id\":\"https:\/\/www.nexoinformativo.mx\/#\/schema\/person\/7749d380ba08c8ca00d7bc76fd907b7d\"},\"headline\":\"Congreso mexicano exige a Estados Unidos informaci\u00f3n sobre tr\u00e1fico de armas il\u00edcitas que alimentan la violencia\",\"datePublished\":\"2025-01-22T16:30:31+00:00\",\"dateModified\":\"2025-01-22T20:15:34+00:00\",\"mainEntityOfPage\":{\"@id\":\"https:\/\/www.nexoinformativo.mx\/index.php\/2025\/01\/22\/congreso-mexicano-exige-a-estados-unidos-informacion-sobre-trafico-de-armas-ilicitas-que-alimentan-la-violencia\/\"},\"wordCount\":328,\"commentCount\":0,\"publisher\":{\"@id\":\"https:\/\/www.nexoinformativo.mx\/#organization\"},\"image\":{\"@id\":\"https:\/\/www.nexoinformativo.mx\/index.php\/2025\/01\/22\/congreso-mexicano-exige-a-estados-unidos-informacion-sobre-trafico-de-armas-ilicitas-que-alimentan-la-violencia\/#primaryimage\"},\"thumbnailUrl\":\"https:\/\/www.nexoinformativo.mx\/wp-content\/uploads\/2025\/01\/IMG_9465.jpg\",\"keywords\":[\"EstadosUnidos\",\"M\u00e9xico\",\"Seguridad\",\"Tr\u00e1ficoDeArmas\"],\"articleSection\":[\"Nacional\",\"\u00daltima Hora\"],\"inLanguage\":\"es\",\"potentialAction\":[{\"@type\":\"CommentAction\",\"name\":\"Comment\",\"target\":[\"https:\/\/www.nexoinformativo.mx\/index.php\/2025\/01\/22\/congreso-mexicano-exige-a-estados-unidos-informacion-sobre-trafico-de-armas-ilicitas-que-alimentan-la-violencia\/#respond\"]}]},{\"@type\":\"WebPage\",\"@id\":\"https:\/\/www.nexoinformativo.mx\/index.php\/2025\/01\/22\/congreso-mexicano-exige-a-estados-unidos-informacion-sobre-trafico-de-armas-ilicitas-que-alimentan-la-violencia\/\",\"url\":\"https:\/\/www.nexoinformativo.mx\/index.php\/2025\/01\/22\/congreso-mexicano-exige-a-estados-unidos-informacion-sobre-trafico-de-armas-ilicitas-que-alimentan-la-violencia\/\",\"name\":\"Congreso mexicano exige a Estados Unidos informaci\u00f3n sobre tr\u00e1fico de armas il\u00edcitas que alimentan la violencia | Nexo Informativo Santiago de Quer\u00e9taro\",\"isPartOf\":{\"@id\":\"https:\/\/www.nexoinformativo.mx\/#website\"},\"primaryImageOfPage\":{\"@id\":\"https:\/\/www.nexoinformativo.mx\/index.php\/2025\/01\/22\/congreso-mexicano-exige-a-estados-unidos-informacion-sobre-trafico-de-armas-ilicitas-que-alimentan-la-violencia\/#primaryimage\"},\"image\":{\"@id\":\"https:\/\/www.nexoinformativo.mx\/index.php\/2025\/01\/22\/congreso-mexicano-exige-a-estados-unidos-informacion-sobre-trafico-de-armas-ilicitas-que-alimentan-la-violencia\/#primaryimage\"},\"thumbnailUrl\":\"https:\/\/www.nexoinformativo.mx\/wp-content\/uploads\/2025\/01\/IMG_9465.jpg\",\"datePublished\":\"2025-01-22T16:30:31+00:00\",\"dateModified\":\"2025-01-22T20:15:34+00:00\",\"description\":\"Congreso mexicano exige a Estados Unidos informaci\u00f3n sobre tr\u00e1fico de armas il\u00edcitas que alimentan la violencia\",\"breadcrumb\":{\"@id\":\"https:\/\/www.nexoinformativo.mx\/index.php\/2025\/01\/22\/congreso-mexicano-exige-a-estados-unidos-informacion-sobre-trafico-de-armas-ilicitas-que-alimentan-la-violencia\/#breadcrumb\"},\"inLanguage\":\"es\",\"potentialAction\":[{\"@type\":\"ReadAction\",\"target\":[\"https:\/\/www.nexoinformativo.mx\/index.php\/2025\/01\/22\/congreso-mexicano-exige-a-estados-unidos-informacion-sobre-trafico-de-armas-ilicitas-que-alimentan-la-violencia\/\"]}]},{\"@type\":\"ImageObject\",\"inLanguage\":\"es\",\"@id\":\"https:\/\/www.nexoinformativo.mx\/index.php\/2025\/01\/22\/congreso-mexicano-exige-a-estados-unidos-informacion-sobre-trafico-de-armas-ilicitas-que-alimentan-la-violencia\/#primaryimage\",\"url\":\"https:\/\/www.nexoinformativo.mx\/wp-content\/uploads\/2025\/01\/IMG_9465.jpg\",\"contentUrl\":\"https:\/\/www.nexoinformativo.mx\/wp-content\/uploads\/2025\/01\/IMG_9465.jpg\",\"width\":679,\"height\":394},{\"@type\":\"BreadcrumbList\",\"@id\":\"https:\/\/www.nexoinformativo.mx\/index.php\/2025\/01\/22\/congreso-mexicano-exige-a-estados-unidos-informacion-sobre-trafico-de-armas-ilicitas-que-alimentan-la-violencia\/#breadcrumb\",\"itemListElement\":[{\"@type\":\"ListItem\",\"position\":1,\"name\":\"Inicio\",\"item\":\"https:\/\/www.nexoinformativo.mx\/\"},{\"@type\":\"ListItem\",\"position\":2,\"name\":\"Congreso mexicano exige a Estados Unidos informaci\u00f3n sobre tr\u00e1fico de armas il\u00edcitas que alimentan la violencia\"}]},{\"@type\":\"WebSite\",\"@id\":\"https:\/\/www.nexoinformativo.mx\/#website\",\"url\":\"https:\/\/www.nexoinformativo.mx\/\",\"name\":\"Nexo Informativo Santiago de Quer\u00e9taro\",\"description\":\"Explora NexoInformativo y convi\u00e9rtete en parte de una comunidad que valora el conocimiento y la verdad. Tu nexoinformativo es tu puente hacia una comprensi\u00f3n m\u00e1s profunda del mundo que te rodea.\",\"publisher\":{\"@id\":\"https:\/\/www.nexoinformativo.mx\/#organization\"},\"potentialAction\":[{\"@type\":\"SearchAction\",\"target\":{\"@type\":\"EntryPoint\",\"urlTemplate\":\"https:\/\/www.nexoinformativo.mx\/?s={search_term_string}\"},\"query-input\":{\"@type\":\"PropertyValueSpecification\",\"valueRequired\":true,\"valueName\":\"search_term_string\"}}],\"inLanguage\":\"es\"},{\"@type\":\"Organization\",\"@id\":\"https:\/\/www.nexoinformativo.mx\/#organization\",\"name\":\"Nexo Informativo Santiago de Quer\u00e9taro\",\"url\":\"https:\/\/www.nexoinformativo.mx\/\",\"logo\":{\"@type\":\"ImageObject\",\"inLanguage\":\"es\",\"@id\":\"https:\/\/www.nexoinformativo.mx\/#\/schema\/logo\/image\/\",\"url\":\"https:\/\/www.nexoinformativo.mx\/wp-content\/uploads\/2024\/07\/nexoi-trasparente-2.png\",\"contentUrl\":\"https:\/\/www.nexoinformativo.mx\/wp-content\/uploads\/2024\/07\/nexoi-trasparente-2.png\",\"width\":816,\"height\":339,\"caption\":\"Nexo Informativo Santiago de Quer\u00e9taro\"},\"image\":{\"@id\":\"https:\/\/www.nexoinformativo.mx\/#\/schema\/logo\/image\/\"},\"sameAs\":[\"https:\/\/www.facebook.com\/people\/Nexo-Informativo\/61564066885511\/\"]},{\"@type\":\"Person\",\"@id\":\"https:\/\/www.nexoinformativo.mx\/#\/schema\/person\/7749d380ba08c8ca00d7bc76fd907b7d\",\"name\":\"Nexo Informativo\",\"image\":{\"@type\":\"ImageObject\",\"inLanguage\":\"es\",\"@id\":\"https:\/\/www.nexoinformativo.mx\/#\/schema\/person\/image\/\",\"url\":\"https:\/\/secure.gravatar.com\/avatar\/dde2928154642a13d95f87ddf1ea9718fe2b46760a005c53e41ff5ad610704e6?s=96&d=mm&r=g\",\"contentUrl\":\"https:\/\/secure.gravatar.com\/avatar\/dde2928154642a13d95f87ddf1ea9718fe2b46760a005c53e41ff5ad610704e6?s=96&d=mm&r=g\",\"caption\":\"Nexo Informativo\"},\"url\":\"https:\/\/www.nexoinformativo.mx\/index.php\/author\/edicion\/\"}]}<\/script>\n<!-- \/ Yoast SEO plugin. -->","yoast_head_json":{"title":"Congreso mexicano exige a Estados Unidos informaci\u00f3n sobre tr\u00e1fico de armas il\u00edcitas que alimentan la violencia | Nexo Informativo Santiago de Quer\u00e9taro","description":"Congreso mexicano exige a Estados Unidos informaci\u00f3n sobre tr\u00e1fico de armas il\u00edcitas que alimentan la violencia","robots":{"index":"index","follow":"follow","max-snippet":"max-snippet:-1","max-image-preview":"max-image-preview:large","max-video-preview":"max-video-preview:-1"},"canonical":"https:\/\/www.nexoinformativo.mx\/index.php\/2025\/01\/22\/congreso-mexicano-exige-a-estados-unidos-informacion-sobre-trafico-de-armas-ilicitas-que-alimentan-la-violencia\/","og_locale":"es_MX","og_type":"article","og_title":"Congreso mexicano exige a Estados Unidos informaci\u00f3n sobre tr\u00e1fico de armas il\u00edcitas que alimentan la violencia | Nexo Informativo Santiago de Quer\u00e9taro","og_description":"Congreso mexicano exige a Estados Unidos informaci\u00f3n sobre tr\u00e1fico de armas il\u00edcitas que alimentan la violencia","og_url":"https:\/\/www.nexoinformativo.mx\/index.php\/2025\/01\/22\/congreso-mexicano-exige-a-estados-unidos-informacion-sobre-trafico-de-armas-ilicitas-que-alimentan-la-violencia\/","og_site_name":"Nexo Informativo Santiago de Quer\u00e9taro","article_publisher":"https:\/\/www.facebook.com\/people\/Nexo-Informativo\/61564066885511\/","article_published_time":"2025-01-22T16:30:31+00:00","article_modified_time":"2025-01-22T20:15:34+00:00","og_image":[{"width":679,"height":394,"url":"https:\/\/www.nexoinformativo.mx\/wp-content\/uploads\/2025\/01\/IMG_9465.jpg","type":"image\/jpeg"}],"author":"Nexo Informativo","twitter_card":"summary_large_image","twitter_misc":{"Escrito por":"Nexo Informativo","Tiempo de lectura":"2 minutos"},"schema":{"@context":"https:\/\/schema.org","@graph":[{"@type":"Article","@id":"https:\/\/www.nexoinformativo.mx\/index.php\/2025\/01\/22\/congreso-mexicano-exige-a-estados-unidos-informacion-sobre-trafico-de-armas-ilicitas-que-alimentan-la-violencia\/#article","isPartOf":{"@id":"https:\/\/www.nexoinformativo.mx\/index.php\/2025\/01\/22\/congreso-mexicano-exige-a-estados-unidos-informacion-sobre-trafico-de-armas-ilicitas-que-alimentan-la-violencia\/"},"author":{"name":"Nexo Informativo","@id":"https:\/\/www.nexoinformativo.mx\/#\/schema\/person\/7749d380ba08c8ca00d7bc76fd907b7d"},"headline":"Congreso mexicano exige a Estados Unidos informaci\u00f3n sobre tr\u00e1fico de armas il\u00edcitas que alimentan la violencia","datePublished":"2025-01-22T16:30:31+00:00","dateModified":"2025-01-22T20:15:34+00:00","mainEntityOfPage":{"@id":"https:\/\/www.nexoinformativo.mx\/index.php\/2025\/01\/22\/congreso-mexicano-exige-a-estados-unidos-informacion-sobre-trafico-de-armas-ilicitas-que-alimentan-la-violencia\/"},"wordCount":328,"commentCount":0,"publisher":{"@id":"https:\/\/www.nexoinformativo.mx\/#organization"},"image":{"@id":"https:\/\/www.nexoinformativo.mx\/index.php\/2025\/01\/22\/congreso-mexicano-exige-a-estados-unidos-informacion-sobre-trafico-de-armas-ilicitas-que-alimentan-la-violencia\/#primaryimage"},"thumbnailUrl":"https:\/\/www.nexoinformativo.mx\/wp-content\/uploads\/2025\/01\/IMG_9465.jpg","keywords":["EstadosUnidos","M\u00e9xico","Seguridad","Tr\u00e1ficoDeArmas"],"articleSection":["Nacional","\u00daltima Hora"],"inLanguage":"es","potentialAction":[{"@type":"CommentAction","name":"Comment","target":["https:\/\/www.nexoinformativo.mx\/index.php\/2025\/01\/22\/congreso-mexicano-exige-a-estados-unidos-informacion-sobre-trafico-de-armas-ilicitas-que-alimentan-la-violencia\/#respond"]}]},{"@type":"WebPage","@id":"https:\/\/www.nexoinformativo.mx\/index.php\/2025\/01\/22\/congreso-mexicano-exige-a-estados-unidos-informacion-sobre-trafico-de-armas-ilicitas-que-alimentan-la-violencia\/","url":"https:\/\/www.nexoinformativo.mx\/index.php\/2025\/01\/22\/congreso-mexicano-exige-a-estados-unidos-informacion-sobre-trafico-de-armas-ilicitas-que-alimentan-la-violencia\/","name":"Congreso mexicano exige a Estados Unidos informaci\u00f3n sobre tr\u00e1fico de armas il\u00edcitas que alimentan la violencia | Nexo Informativo Santiago de Quer\u00e9taro","isPartOf":{"@id":"https:\/\/www.nexoinformativo.mx\/#website"},"primaryImageOfPage":{"@id":"https:\/\/www.nexoinformativo.mx\/index.php\/2025\/01\/22\/congreso-mexicano-exige-a-estados-unidos-informacion-sobre-trafico-de-armas-ilicitas-que-alimentan-la-violencia\/#primaryimage"},"image":{"@id":"https:\/\/www.nexoinformativo.mx\/index.php\/2025\/01\/22\/congreso-mexicano-exige-a-estados-unidos-informacion-sobre-trafico-de-armas-ilicitas-que-alimentan-la-violencia\/#primaryimage"},"thumbnailUrl":"https:\/\/www.nexoinformativo.mx\/wp-content\/uploads\/2025\/01\/IMG_9465.jpg","datePublished":"2025-01-22T16:30:31+00:00","dateModified":"2025-01-22T20:15:34+00:00","description":"Congreso mexicano exige a Estados Unidos informaci\u00f3n sobre tr\u00e1fico de armas il\u00edcitas que alimentan la violencia","breadcrumb":{"@id":"https:\/\/www.nexoinformativo.mx\/index.php\/2025\/01\/22\/congreso-mexicano-exige-a-estados-unidos-informacion-sobre-trafico-de-armas-ilicitas-que-alimentan-la-violencia\/#breadcrumb"},"inLanguage":"es","potentialAction":[{"@type":"ReadAction","target":["https:\/\/www.nexoinformativo.mx\/index.php\/2025\/01\/22\/congreso-mexicano-exige-a-estados-unidos-informacion-sobre-trafico-de-armas-ilicitas-que-alimentan-la-violencia\/"]}]},{"@type":"ImageObject","inLanguage":"es","@id":"https:\/\/www.nexoinformativo.mx\/index.php\/2025\/01\/22\/congreso-mexicano-exige-a-estados-unidos-informacion-sobre-trafico-de-armas-ilicitas-que-alimentan-la-violencia\/#primaryimage","url":"https:\/\/www.nexoinformativo.mx\/wp-content\/uploads\/2025\/01\/IMG_9465.jpg","contentUrl":"https:\/\/www.nexoinformativo.mx\/wp-content\/uploads\/2025\/01\/IMG_9465.jpg","width":679,"height":394},{"@type":"BreadcrumbList","@id":"https:\/\/www.nexoinformativo.mx\/index.php\/2025\/01\/22\/congreso-mexicano-exige-a-estados-unidos-informacion-sobre-trafico-de-armas-ilicitas-que-alimentan-la-violencia\/#breadcrumb","itemListElement":[{"@type":"ListItem","position":1,"name":"Inicio","item":"https:\/\/www.nexoinformativo.mx\/"},{"@type":"ListItem","position":2,"name":"Congreso mexicano exige a Estados Unidos informaci\u00f3n sobre tr\u00e1fico de armas il\u00edcitas que alimentan la violencia"}]},{"@type":"WebSite","@id":"https:\/\/www.nexoinformativo.mx\/#website","url":"https:\/\/www.nexoinformativo.mx\/","name":"Nexo Informativo Santiago de Quer\u00e9taro","description":"Explora NexoInformativo y convi\u00e9rtete en parte de una comunidad que valora el conocimiento y la verdad. Tu nexoinformativo es tu puente hacia una comprensi\u00f3n m\u00e1s profunda del mundo que te rodea.","publisher":{"@id":"https:\/\/www.nexoinformativo.mx\/#organization"},"potentialAction":[{"@type":"SearchAction","target":{"@type":"EntryPoint","urlTemplate":"https:\/\/www.nexoinformativo.mx\/?s={search_term_string}"},"query-input":{"@type":"PropertyValueSpecification","valueRequired":true,"valueName":"search_term_string"}}],"inLanguage":"es"},{"@type":"Organization","@id":"https:\/\/www.nexoinformativo.mx\/#organization","name":"Nexo Informativo Santiago de Quer\u00e9taro","url":"https:\/\/www.nexoinformativo.mx\/","logo":{"@type":"ImageObject","inLanguage":"es","@id":"https:\/\/www.nexoinformativo.mx\/#\/schema\/logo\/image\/","url":"https:\/\/www.nexoinformativo.mx\/wp-content\/uploads\/2024\/07\/nexoi-trasparente-2.png","contentUrl":"https:\/\/www.nexoinformativo.mx\/wp-content\/uploads\/2024\/07\/nexoi-trasparente-2.png","width":816,"height":339,"caption":"Nexo Informativo Santiago de Quer\u00e9taro"},"image":{"@id":"https:\/\/www.nexoinformativo.mx\/#\/schema\/logo\/image\/"},"sameAs":["https:\/\/www.facebook.com\/people\/Nexo-Informativo\/61564066885511\/"]},{"@type":"Person","@id":"https:\/\/www.nexoinformativo.mx\/#\/schema\/person\/7749d380ba08c8ca00d7bc76fd907b7d","name":"Nexo Informativo","image":{"@type":"ImageObject","inLanguage":"es","@id":"https:\/\/www.nexoinformativo.mx\/#\/schema\/person\/image\/","url":"https:\/\/secure.gravatar.com\/avatar\/dde2928154642a13d95f87ddf1ea9718fe2b46760a005c53e41ff5ad610704e6?s=96&d=mm&r=g","contentUrl":"https:\/\/secure.gravatar.com\/avatar\/dde2928154642a13d95f87ddf1ea9718fe2b46760a005c53e41ff5ad610704e6?s=96&d=mm&r=g","caption":"Nexo Informativo"},"url":"https:\/\/www.nexoinformativo.mx\/index.php\/author\/edicion\/"}]}},"_links":{"self":[{"href":"https:\/\/www.nexoinformativo.mx\/index.php\/wp-json\/wp\/v2\/posts\/10436","targetHints":{"allow":["GET"]}}],"collection":[{"href":"https:\/\/www.nexoinformativo.mx\/index.php\/wp-json\/wp\/v2\/posts"}],"about":[{"href":"https:\/\/www.nexoinformativo.mx\/index.php\/wp-json\/wp\/v2\/types\/post"}],"author":[{"embeddable":true,"href":"https:\/\/www.nexoinformativo.mx\/index.php\/wp-json\/wp\/v2\/users\/3"}],"replies":[{"embeddable":true,"href":"https:\/\/www.nexoinformativo.mx\/index.php\/wp-json\/wp\/v2\/comments?post=10436"}],"version-history":[{"count":3,"href":"https:\/\/www.nexoinformativo.mx\/index.php\/wp-json\/wp\/v2\/posts\/10436\/revisions"}],"predecessor-version":[{"id":10440,"href":"https:\/\/www.nexoinformativo.mx\/index.php\/wp-json\/wp\/v2\/posts\/10436\/revisions\/10440"}],"wp:featuredmedia":[{"embeddable":true,"href":"https:\/\/www.nexoinformativo.mx\/index.php\/wp-json\/wp\/v2\/media\/10437"}],"wp:attachment":[{"href":"https:\/\/www.nexoinformativo.mx\/index.php\/wp-json\/wp\/v2\/media?parent=10436"}],"wp:term":[{"taxonomy":"category","embeddable":true,"href":"https:\/\/www.nexoinformativo.mx\/index.php\/wp-json\/wp\/v2\/categories?post=10436"},{"taxonomy":"post_tag","embeddable":true,"href":"https:\/\/www.nexoinformativo.mx\/index.php\/wp-json\/wp\/v2\/tags?post=10436"}],"curies":[{"name":"wp","href":"https:\/\/api.w.org\/{rel}","templated":true}]}}