{"id":10441,"date":"2025-01-22T11:00:56","date_gmt":"2025-01-22T17:00:56","guid":{"rendered":"https:\/\/www.nexoinformativo.mx\/?p=10441"},"modified":"2025-01-22T14:23:39","modified_gmt":"2025-01-22T20:23:39","slug":"evacuan-a-trabajadores-por-fuertes-detonaciones-sacuden-el-parque-industrial-benito-juarez","status":"publish","type":"post","link":"https:\/\/www.nexoinformativo.mx\/index.php\/2025\/01\/22\/evacuan-a-trabajadores-por-fuertes-detonaciones-sacuden-el-parque-industrial-benito-juarez\/","title":{"rendered":"Evacuan a trabajadores por fuertes detonaciones sacuden el Parque Industrial Benito Ju\u00e1rez"},"content":{"rendered":"<p style=\"text-align: justify;\" data-sourcepos=\"11:1-11:382\">Una fuerte explosi\u00f3n en un silo de grano dentro de una empresa ubicada en el Acceso III del Parque Industrial Benito Ju\u00e1rez gener\u00f3 alarma y moviliz\u00f3 a los cuerpos de emergencia.<\/p>\n<\/p>\n<p>&nbsp;<\/p>\n<p style=\"text-align: justify;\" data-sourcepos=\"11:1-11:382\">El incidente dej\u00f3 como saldo dos personas lesionadas y oblig\u00f3 a la evacuaci\u00f3n de 12 trabajadores, adem\u00e1s de provocar el desalojo preventivo de varias empresas cercanas.<\/p>\n<\/p>\n<p>&nbsp;<\/p>\n<p style=\"text-align: justify;\" data-sourcepos=\"13:1-13:269\">Protecci\u00f3n Civil municipal acudi\u00f3 de inmediato al lugar para atender la emergencia, coordinando las labores de rescate y evaluaci\u00f3n de los da\u00f1os. Asimismo, elementos de la Polic\u00eda Municipal acordonaron la zona para garantizar la seguridad de los trabajadores y vecinos.<\/p>\n<\/p>\n<p>&nbsp;<\/p>\n<p style=\"text-align: justify;\" data-sourcepos=\"15:1-15:161\">Las autoridades investigan las causas de la explosi\u00f3n, mientras que los servicios de emergencia trabajan para controlar la situaci\u00f3n y evitar mayores incidentes.<\/p>\n<\/p>\n<p>&nbsp;<\/p>\n<p style=\"text-align: justify;\" data-sourcepos=\"17:1-17:258\">La r\u00e1pida respuesta de los cuerpos de emergencia evit\u00f3 que la situaci\u00f3n se agravara. Sin embargo, el incidente ha puesto en alerta a las autoridades y a la comunidad sobre la importancia de reforzar las medidas de seguridad en las instalaciones industriales.<\/p>\n<\/p>\n<p>&nbsp;<\/p>\n<p style=\"text-align: center;\" data-sourcepos=\"17:1-17:258\"><em><strong>\u00a1Informaci\u00f3n que transforma!<\/strong><\/em><\/p>\n<h3 data-sourcepos=\"19:1-19:37\"><\/h3>\n","protected":false},"excerpt":{"rendered":"<p>Una fuerte explosi\u00f3n en un silo de grano dentro de una empresa ubicada en el Acceso III del Parque Industrial Benito Ju\u00e1rez gener\u00f3 alarma y moviliz\u00f3 a los cuerpos de emergencia este martes.<\/p>\n","protected":false},"author":3,"featured_media":10442,"comment_status":"open","ping_status":"open","sticky":false,"template":"","format":"standard","meta":{"footnotes":""},"categories":[137,58],"tags":[614,2363,133,1556],"class_list":["post-10441","post","type-post","status-publish","format-standard","has-post-thumbnail","hentry","category-sucesos","category-ultima-hora","tag-emergencia","tag-explosion","tag-queretaro","tag-seguridadindustrial"],"yoast_head":"<!-- This site is optimized with the Yoast SEO plugin v25.0 - https:\/\/yoast.com\/wordpress\/plugins\/seo\/ -->\n<title>Evacuan a trabajadores por fuertes detonaciones sacuden el Parque Industrial Benito Ju\u00e1rez | Nexo Informativo Santiago de Quer\u00e9taro<\/title>\n<meta name=\"description\" content=\"Evacuan a trabajadores por fuertes detonaciones sacuden el Parque Industrial Benito Ju\u00e1rez\" \/>\n<meta name=\"robots\" content=\"index, follow, max-snippet:-1, max-image-preview:large, max-video-preview:-1\" \/>\n<link rel=\"canonical\" href=\"https:\/\/www.nexoinformativo.mx\/index.php\/2025\/01\/22\/evacuan-a-trabajadores-por-fuertes-detonaciones-sacuden-el-parque-industrial-benito-juarez\/\" \/>\n<meta property=\"og:locale\" content=\"es_MX\" \/>\n<meta property=\"og:type\" content=\"article\" \/>\n<meta property=\"og:title\" content=\"Evacuan a trabajadores por fuertes detonaciones sacuden el Parque Industrial Benito Ju\u00e1rez | Nexo Informativo Santiago de Quer\u00e9taro\" \/>\n<meta property=\"og:description\" content=\"Evacuan a trabajadores por fuertes detonaciones sacuden el Parque Industrial Benito Ju\u00e1rez\" \/>\n<meta property=\"og:url\" content=\"https:\/\/www.nexoinformativo.mx\/index.php\/2025\/01\/22\/evacuan-a-trabajadores-por-fuertes-detonaciones-sacuden-el-parque-industrial-benito-juarez\/\" \/>\n<meta property=\"og:site_name\" content=\"Nexo Informativo Santiago de Quer\u00e9taro\" \/>\n<meta property=\"article:publisher\" content=\"https:\/\/www.facebook.com\/people\/Nexo-Informativo\/61564066885511\/\" \/>\n<meta property=\"article:published_time\" content=\"2025-01-22T17:00:56+00:00\" \/>\n<meta property=\"article:modified_time\" content=\"2025-01-22T20:23:39+00:00\" \/>\n<meta property=\"og:image\" content=\"https:\/\/www.nexoinformativo.mx\/wp-content\/uploads\/2025\/01\/PHOTO-2025-01-22-13-59-31-e1737577363101.jpg\" \/>\n\t<meta property=\"og:image:width\" content=\"800\" \/>\n\t<meta property=\"og:image:height\" content=\"600\" \/>\n\t<meta property=\"og:image:type\" content=\"image\/jpeg\" \/>\n<meta name=\"author\" content=\"Nexo Informativo\" \/>\n<meta name=\"twitter:card\" content=\"summary_large_image\" \/>\n<meta name=\"twitter:label1\" content=\"Escrito por\" \/>\n\t<meta name=\"twitter:data1\" content=\"Nexo Informativo\" \/>\n\t<meta name=\"twitter:label2\" content=\"Tiempo de lectura\" \/>\n\t<meta name=\"twitter:data2\" content=\"1 minuto\" \/>\n<script type=\"application\/ld+json\" class=\"yoast-schema-graph\">{\"@context\":\"https:\/\/schema.org\",\"@graph\":[{\"@type\":\"Article\",\"@id\":\"https:\/\/www.nexoinformativo.mx\/index.php\/2025\/01\/22\/evacuan-a-trabajadores-por-fuertes-detonaciones-sacuden-el-parque-industrial-benito-juarez\/#article\",\"isPartOf\":{\"@id\":\"https:\/\/www.nexoinformativo.mx\/index.php\/2025\/01\/22\/evacuan-a-trabajadores-por-fuertes-detonaciones-sacuden-el-parque-industrial-benito-juarez\/\"},\"author\":{\"name\":\"Nexo Informativo\",\"@id\":\"https:\/\/www.nexoinformativo.mx\/#\/schema\/person\/7749d380ba08c8ca00d7bc76fd907b7d\"},\"headline\":\"Evacuan a trabajadores por fuertes detonaciones sacuden el Parque Industrial Benito Ju\u00e1rez\",\"datePublished\":\"2025-01-22T17:00:56+00:00\",\"dateModified\":\"2025-01-22T20:23:39+00:00\",\"mainEntityOfPage\":{\"@id\":\"https:\/\/www.nexoinformativo.mx\/index.php\/2025\/01\/22\/evacuan-a-trabajadores-por-fuertes-detonaciones-sacuden-el-parque-industrial-benito-juarez\/\"},\"wordCount\":195,\"commentCount\":0,\"publisher\":{\"@id\":\"https:\/\/www.nexoinformativo.mx\/#organization\"},\"image\":{\"@id\":\"https:\/\/www.nexoinformativo.mx\/index.php\/2025\/01\/22\/evacuan-a-trabajadores-por-fuertes-detonaciones-sacuden-el-parque-industrial-benito-juarez\/#primaryimage\"},\"thumbnailUrl\":\"https:\/\/www.nexoinformativo.mx\/wp-content\/uploads\/2025\/01\/PHOTO-2025-01-22-13-59-31-e1737577363101.jpg\",\"keywords\":[\"Emergencia\",\"Explosi\u00f3n\",\"Quer\u00e9taro\",\"SeguridadIndustrial\"],\"articleSection\":[\"Sucesos\",\"\u00daltima Hora\"],\"inLanguage\":\"es\",\"potentialAction\":[{\"@type\":\"CommentAction\",\"name\":\"Comment\",\"target\":[\"https:\/\/www.nexoinformativo.mx\/index.php\/2025\/01\/22\/evacuan-a-trabajadores-por-fuertes-detonaciones-sacuden-el-parque-industrial-benito-juarez\/#respond\"]}]},{\"@type\":\"WebPage\",\"@id\":\"https:\/\/www.nexoinformativo.mx\/index.php\/2025\/01\/22\/evacuan-a-trabajadores-por-fuertes-detonaciones-sacuden-el-parque-industrial-benito-juarez\/\",\"url\":\"https:\/\/www.nexoinformativo.mx\/index.php\/2025\/01\/22\/evacuan-a-trabajadores-por-fuertes-detonaciones-sacuden-el-parque-industrial-benito-juarez\/\",\"name\":\"Evacuan a trabajadores por fuertes detonaciones sacuden el Parque Industrial Benito Ju\u00e1rez | Nexo Informativo Santiago de Quer\u00e9taro\",\"isPartOf\":{\"@id\":\"https:\/\/www.nexoinformativo.mx\/#website\"},\"primaryImageOfPage\":{\"@id\":\"https:\/\/www.nexoinformativo.mx\/index.php\/2025\/01\/22\/evacuan-a-trabajadores-por-fuertes-detonaciones-sacuden-el-parque-industrial-benito-juarez\/#primaryimage\"},\"image\":{\"@id\":\"https:\/\/www.nexoinformativo.mx\/index.php\/2025\/01\/22\/evacuan-a-trabajadores-por-fuertes-detonaciones-sacuden-el-parque-industrial-benito-juarez\/#primaryimage\"},\"thumbnailUrl\":\"https:\/\/www.nexoinformativo.mx\/wp-content\/uploads\/2025\/01\/PHOTO-2025-01-22-13-59-31-e1737577363101.jpg\",\"datePublished\":\"2025-01-22T17:00:56+00:00\",\"dateModified\":\"2025-01-22T20:23:39+00:00\",\"description\":\"Evacuan a trabajadores por fuertes detonaciones sacuden el Parque Industrial Benito Ju\u00e1rez\",\"breadcrumb\":{\"@id\":\"https:\/\/www.nexoinformativo.mx\/index.php\/2025\/01\/22\/evacuan-a-trabajadores-por-fuertes-detonaciones-sacuden-el-parque-industrial-benito-juarez\/#breadcrumb\"},\"inLanguage\":\"es\",\"potentialAction\":[{\"@type\":\"ReadAction\",\"target\":[\"https:\/\/www.nexoinformativo.mx\/index.php\/2025\/01\/22\/evacuan-a-trabajadores-por-fuertes-detonaciones-sacuden-el-parque-industrial-benito-juarez\/\"]}]},{\"@type\":\"ImageObject\",\"inLanguage\":\"es\",\"@id\":\"https:\/\/www.nexoinformativo.mx\/index.php\/2025\/01\/22\/evacuan-a-trabajadores-por-fuertes-detonaciones-sacuden-el-parque-industrial-benito-juarez\/#primaryimage\",\"url\":\"https:\/\/www.nexoinformativo.mx\/wp-content\/uploads\/2025\/01\/PHOTO-2025-01-22-13-59-31-e1737577363101.jpg\",\"contentUrl\":\"https:\/\/www.nexoinformativo.mx\/wp-content\/uploads\/2025\/01\/PHOTO-2025-01-22-13-59-31-e1737577363101.jpg\",\"width\":800,\"height\":600},{\"@type\":\"BreadcrumbList\",\"@id\":\"https:\/\/www.nexoinformativo.mx\/index.php\/2025\/01\/22\/evacuan-a-trabajadores-por-fuertes-detonaciones-sacuden-el-parque-industrial-benito-juarez\/#breadcrumb\",\"itemListElement\":[{\"@type\":\"ListItem\",\"position\":1,\"name\":\"Inicio\",\"item\":\"https:\/\/www.nexoinformativo.mx\/\"},{\"@type\":\"ListItem\",\"position\":2,\"name\":\"Evacuan a trabajadores por fuertes detonaciones sacuden el Parque Industrial Benito Ju\u00e1rez\"}]},{\"@type\":\"WebSite\",\"@id\":\"https:\/\/www.nexoinformativo.mx\/#website\",\"url\":\"https:\/\/www.nexoinformativo.mx\/\",\"name\":\"Nexo Informativo Santiago de Quer\u00e9taro\",\"description\":\"Explora NexoInformativo y convi\u00e9rtete en parte de una comunidad que valora el conocimiento y la verdad. Tu nexoinformativo es tu puente hacia una comprensi\u00f3n m\u00e1s profunda del mundo que te rodea.\",\"publisher\":{\"@id\":\"https:\/\/www.nexoinformativo.mx\/#organization\"},\"potentialAction\":[{\"@type\":\"SearchAction\",\"target\":{\"@type\":\"EntryPoint\",\"urlTemplate\":\"https:\/\/www.nexoinformativo.mx\/?s={search_term_string}\"},\"query-input\":{\"@type\":\"PropertyValueSpecification\",\"valueRequired\":true,\"valueName\":\"search_term_string\"}}],\"inLanguage\":\"es\"},{\"@type\":\"Organization\",\"@id\":\"https:\/\/www.nexoinformativo.mx\/#organization\",\"name\":\"Nexo Informativo Santiago de Quer\u00e9taro\",\"url\":\"https:\/\/www.nexoinformativo.mx\/\",\"logo\":{\"@type\":\"ImageObject\",\"inLanguage\":\"es\",\"@id\":\"https:\/\/www.nexoinformativo.mx\/#\/schema\/logo\/image\/\",\"url\":\"https:\/\/www.nexoinformativo.mx\/wp-content\/uploads\/2024\/07\/nexoi-trasparente-2.png\",\"contentUrl\":\"https:\/\/www.nexoinformativo.mx\/wp-content\/uploads\/2024\/07\/nexoi-trasparente-2.png\",\"width\":816,\"height\":339,\"caption\":\"Nexo Informativo Santiago de Quer\u00e9taro\"},\"image\":{\"@id\":\"https:\/\/www.nexoinformativo.mx\/#\/schema\/logo\/image\/\"},\"sameAs\":[\"https:\/\/www.facebook.com\/people\/Nexo-Informativo\/61564066885511\/\"]},{\"@type\":\"Person\",\"@id\":\"https:\/\/www.nexoinformativo.mx\/#\/schema\/person\/7749d380ba08c8ca00d7bc76fd907b7d\",\"name\":\"Nexo Informativo\",\"image\":{\"@type\":\"ImageObject\",\"inLanguage\":\"es\",\"@id\":\"https:\/\/www.nexoinformativo.mx\/#\/schema\/person\/image\/\",\"url\":\"https:\/\/secure.gravatar.com\/avatar\/dde2928154642a13d95f87ddf1ea9718fe2b46760a005c53e41ff5ad610704e6?s=96&d=mm&r=g\",\"contentUrl\":\"https:\/\/secure.gravatar.com\/avatar\/dde2928154642a13d95f87ddf1ea9718fe2b46760a005c53e41ff5ad610704e6?s=96&d=mm&r=g\",\"caption\":\"Nexo Informativo\"},\"url\":\"https:\/\/www.nexoinformativo.mx\/index.php\/author\/edicion\/\"}]}<\/script>\n<!-- \/ Yoast SEO plugin. -->","yoast_head_json":{"title":"Evacuan a trabajadores por fuertes detonaciones sacuden el Parque Industrial Benito Ju\u00e1rez | Nexo Informativo Santiago de Quer\u00e9taro","description":"Evacuan a trabajadores por fuertes detonaciones sacuden el Parque Industrial Benito Ju\u00e1rez","robots":{"index":"index","follow":"follow","max-snippet":"max-snippet:-1","max-image-preview":"max-image-preview:large","max-video-preview":"max-video-preview:-1"},"canonical":"https:\/\/www.nexoinformativo.mx\/index.php\/2025\/01\/22\/evacuan-a-trabajadores-por-fuertes-detonaciones-sacuden-el-parque-industrial-benito-juarez\/","og_locale":"es_MX","og_type":"article","og_title":"Evacuan a trabajadores por fuertes detonaciones sacuden el Parque Industrial Benito Ju\u00e1rez | Nexo Informativo Santiago de Quer\u00e9taro","og_description":"Evacuan a trabajadores por fuertes detonaciones sacuden el Parque Industrial Benito Ju\u00e1rez","og_url":"https:\/\/www.nexoinformativo.mx\/index.php\/2025\/01\/22\/evacuan-a-trabajadores-por-fuertes-detonaciones-sacuden-el-parque-industrial-benito-juarez\/","og_site_name":"Nexo Informativo Santiago de Quer\u00e9taro","article_publisher":"https:\/\/www.facebook.com\/people\/Nexo-Informativo\/61564066885511\/","article_published_time":"2025-01-22T17:00:56+00:00","article_modified_time":"2025-01-22T20:23:39+00:00","og_image":[{"width":800,"height":600,"url":"https:\/\/www.nexoinformativo.mx\/wp-content\/uploads\/2025\/01\/PHOTO-2025-01-22-13-59-31-e1737577363101.jpg","type":"image\/jpeg"}],"author":"Nexo Informativo","twitter_card":"summary_large_image","twitter_misc":{"Escrito por":"Nexo Informativo","Tiempo de lectura":"1 minuto"},"schema":{"@context":"https:\/\/schema.org","@graph":[{"@type":"Article","@id":"https:\/\/www.nexoinformativo.mx\/index.php\/2025\/01\/22\/evacuan-a-trabajadores-por-fuertes-detonaciones-sacuden-el-parque-industrial-benito-juarez\/#article","isPartOf":{"@id":"https:\/\/www.nexoinformativo.mx\/index.php\/2025\/01\/22\/evacuan-a-trabajadores-por-fuertes-detonaciones-sacuden-el-parque-industrial-benito-juarez\/"},"author":{"name":"Nexo Informativo","@id":"https:\/\/www.nexoinformativo.mx\/#\/schema\/person\/7749d380ba08c8ca00d7bc76fd907b7d"},"headline":"Evacuan a trabajadores por fuertes detonaciones sacuden el Parque Industrial Benito Ju\u00e1rez","datePublished":"2025-01-22T17:00:56+00:00","dateModified":"2025-01-22T20:23:39+00:00","mainEntityOfPage":{"@id":"https:\/\/www.nexoinformativo.mx\/index.php\/2025\/01\/22\/evacuan-a-trabajadores-por-fuertes-detonaciones-sacuden-el-parque-industrial-benito-juarez\/"},"wordCount":195,"commentCount":0,"publisher":{"@id":"https:\/\/www.nexoinformativo.mx\/#organization"},"image":{"@id":"https:\/\/www.nexoinformativo.mx\/index.php\/2025\/01\/22\/evacuan-a-trabajadores-por-fuertes-detonaciones-sacuden-el-parque-industrial-benito-juarez\/#primaryimage"},"thumbnailUrl":"https:\/\/www.nexoinformativo.mx\/wp-content\/uploads\/2025\/01\/PHOTO-2025-01-22-13-59-31-e1737577363101.jpg","keywords":["Emergencia","Explosi\u00f3n","Quer\u00e9taro","SeguridadIndustrial"],"articleSection":["Sucesos","\u00daltima Hora"],"inLanguage":"es","potentialAction":[{"@type":"CommentAction","name":"Comment","target":["https:\/\/www.nexoinformativo.mx\/index.php\/2025\/01\/22\/evacuan-a-trabajadores-por-fuertes-detonaciones-sacuden-el-parque-industrial-benito-juarez\/#respond"]}]},{"@type":"WebPage","@id":"https:\/\/www.nexoinformativo.mx\/index.php\/2025\/01\/22\/evacuan-a-trabajadores-por-fuertes-detonaciones-sacuden-el-parque-industrial-benito-juarez\/","url":"https:\/\/www.nexoinformativo.mx\/index.php\/2025\/01\/22\/evacuan-a-trabajadores-por-fuertes-detonaciones-sacuden-el-parque-industrial-benito-juarez\/","name":"Evacuan a trabajadores por fuertes detonaciones sacuden el Parque Industrial Benito Ju\u00e1rez | Nexo Informativo Santiago de Quer\u00e9taro","isPartOf":{"@id":"https:\/\/www.nexoinformativo.mx\/#website"},"primaryImageOfPage":{"@id":"https:\/\/www.nexoinformativo.mx\/index.php\/2025\/01\/22\/evacuan-a-trabajadores-por-fuertes-detonaciones-sacuden-el-parque-industrial-benito-juarez\/#primaryimage"},"image":{"@id":"https:\/\/www.nexoinformativo.mx\/index.php\/2025\/01\/22\/evacuan-a-trabajadores-por-fuertes-detonaciones-sacuden-el-parque-industrial-benito-juarez\/#primaryimage"},"thumbnailUrl":"https:\/\/www.nexoinformativo.mx\/wp-content\/uploads\/2025\/01\/PHOTO-2025-01-22-13-59-31-e1737577363101.jpg","datePublished":"2025-01-22T17:00:56+00:00","dateModified":"2025-01-22T20:23:39+00:00","description":"Evacuan a trabajadores por fuertes detonaciones sacuden el Parque Industrial Benito Ju\u00e1rez","breadcrumb":{"@id":"https:\/\/www.nexoinformativo.mx\/index.php\/2025\/01\/22\/evacuan-a-trabajadores-por-fuertes-detonaciones-sacuden-el-parque-industrial-benito-juarez\/#breadcrumb"},"inLanguage":"es","potentialAction":[{"@type":"ReadAction","target":["https:\/\/www.nexoinformativo.mx\/index.php\/2025\/01\/22\/evacuan-a-trabajadores-por-fuertes-detonaciones-sacuden-el-parque-industrial-benito-juarez\/"]}]},{"@type":"ImageObject","inLanguage":"es","@id":"https:\/\/www.nexoinformativo.mx\/index.php\/2025\/01\/22\/evacuan-a-trabajadores-por-fuertes-detonaciones-sacuden-el-parque-industrial-benito-juarez\/#primaryimage","url":"https:\/\/www.nexoinformativo.mx\/wp-content\/uploads\/2025\/01\/PHOTO-2025-01-22-13-59-31-e1737577363101.jpg","contentUrl":"https:\/\/www.nexoinformativo.mx\/wp-content\/uploads\/2025\/01\/PHOTO-2025-01-22-13-59-31-e1737577363101.jpg","width":800,"height":600},{"@type":"BreadcrumbList","@id":"https:\/\/www.nexoinformativo.mx\/index.php\/2025\/01\/22\/evacuan-a-trabajadores-por-fuertes-detonaciones-sacuden-el-parque-industrial-benito-juarez\/#breadcrumb","itemListElement":[{"@type":"ListItem","position":1,"name":"Inicio","item":"https:\/\/www.nexoinformativo.mx\/"},{"@type":"ListItem","position":2,"name":"Evacuan a trabajadores por fuertes detonaciones sacuden el Parque Industrial Benito Ju\u00e1rez"}]},{"@type":"WebSite","@id":"https:\/\/www.nexoinformativo.mx\/#website","url":"https:\/\/www.nexoinformativo.mx\/","name":"Nexo Informativo Santiago de Quer\u00e9taro","description":"Explora NexoInformativo y convi\u00e9rtete en parte de una comunidad que valora el conocimiento y la verdad. Tu nexoinformativo es tu puente hacia una comprensi\u00f3n m\u00e1s profunda del mundo que te rodea.","publisher":{"@id":"https:\/\/www.nexoinformativo.mx\/#organization"},"potentialAction":[{"@type":"SearchAction","target":{"@type":"EntryPoint","urlTemplate":"https:\/\/www.nexoinformativo.mx\/?s={search_term_string}"},"query-input":{"@type":"PropertyValueSpecification","valueRequired":true,"valueName":"search_term_string"}}],"inLanguage":"es"},{"@type":"Organization","@id":"https:\/\/www.nexoinformativo.mx\/#organization","name":"Nexo Informativo Santiago de Quer\u00e9taro","url":"https:\/\/www.nexoinformativo.mx\/","logo":{"@type":"ImageObject","inLanguage":"es","@id":"https:\/\/www.nexoinformativo.mx\/#\/schema\/logo\/image\/","url":"https:\/\/www.nexoinformativo.mx\/wp-content\/uploads\/2024\/07\/nexoi-trasparente-2.png","contentUrl":"https:\/\/www.nexoinformativo.mx\/wp-content\/uploads\/2024\/07\/nexoi-trasparente-2.png","width":816,"height":339,"caption":"Nexo Informativo Santiago de Quer\u00e9taro"},"image":{"@id":"https:\/\/www.nexoinformativo.mx\/#\/schema\/logo\/image\/"},"sameAs":["https:\/\/www.facebook.com\/people\/Nexo-Informativo\/61564066885511\/"]},{"@type":"Person","@id":"https:\/\/www.nexoinformativo.mx\/#\/schema\/person\/7749d380ba08c8ca00d7bc76fd907b7d","name":"Nexo Informativo","image":{"@type":"ImageObject","inLanguage":"es","@id":"https:\/\/www.nexoinformativo.mx\/#\/schema\/person\/image\/","url":"https:\/\/secure.gravatar.com\/avatar\/dde2928154642a13d95f87ddf1ea9718fe2b46760a005c53e41ff5ad610704e6?s=96&d=mm&r=g","contentUrl":"https:\/\/secure.gravatar.com\/avatar\/dde2928154642a13d95f87ddf1ea9718fe2b46760a005c53e41ff5ad610704e6?s=96&d=mm&r=g","caption":"Nexo Informativo"},"url":"https:\/\/www.nexoinformativo.mx\/index.php\/author\/edicion\/"}]}},"_links":{"self":[{"href":"https:\/\/www.nexoinformativo.mx\/index.php\/wp-json\/wp\/v2\/posts\/10441","targetHints":{"allow":["GET"]}}],"collection":[{"href":"https:\/\/www.nexoinformativo.mx\/index.php\/wp-json\/wp\/v2\/posts"}],"about":[{"href":"https:\/\/www.nexoinformativo.mx\/index.php\/wp-json\/wp\/v2\/types\/post"}],"author":[{"embeddable":true,"href":"https:\/\/www.nexoinformativo.mx\/index.php\/wp-json\/wp\/v2\/users\/3"}],"replies":[{"embeddable":true,"href":"https:\/\/www.nexoinformativo.mx\/index.php\/wp-json\/wp\/v2\/comments?post=10441"}],"version-history":[{"count":3,"href":"https:\/\/www.nexoinformativo.mx\/index.php\/wp-json\/wp\/v2\/posts\/10441\/revisions"}],"predecessor-version":[{"id":10445,"href":"https:\/\/www.nexoinformativo.mx\/index.php\/wp-json\/wp\/v2\/posts\/10441\/revisions\/10445"}],"wp:featuredmedia":[{"embeddable":true,"href":"https:\/\/www.nexoinformativo.mx\/index.php\/wp-json\/wp\/v2\/media\/10442"}],"wp:attachment":[{"href":"https:\/\/www.nexoinformativo.mx\/index.php\/wp-json\/wp\/v2\/media?parent=10441"}],"wp:term":[{"taxonomy":"category","embeddable":true,"href":"https:\/\/www.nexoinformativo.mx\/index.php\/wp-json\/wp\/v2\/categories?post=10441"},{"taxonomy":"post_tag","embeddable":true,"href":"https:\/\/www.nexoinformativo.mx\/index.php\/wp-json\/wp\/v2\/tags?post=10441"}],"curies":[{"name":"wp","href":"https:\/\/api.w.org\/{rel}","templated":true}]}}