{"id":10453,"date":"2025-01-23T06:30:20","date_gmt":"2025-01-23T12:30:20","guid":{"rendered":"https:\/\/www.nexoinformativo.mx\/?p=10453"},"modified":"2025-01-23T13:16:28","modified_gmt":"2025-01-23T19:16:28","slug":"deportaciones-amenazan-la-economia-de-toliman-el-alcalde-alerta-sobre-el-impacto","status":"publish","type":"post","link":"https:\/\/www.nexoinformativo.mx\/index.php\/2025\/01\/23\/deportaciones-amenazan-la-economia-de-toliman-el-alcalde-alerta-sobre-el-impacto\/","title":{"rendered":"Deportaciones amenazan la econom\u00eda de Tolim\u00e1n el alcalde alerta sobre el impacto"},"content":{"rendered":"<p style=\"text-align: justify;\" data-sourcepos=\"11:1-11:406\">El presidente municipal de Tolim\u00e1n, Alejo S\u00e1nchez, ha encendido las alarmas sobre el posible impacto econ\u00f3mico que una deportaci\u00f3n masiva de mexicanos desde Estados Unidos tendr\u00eda en su municipio. Seg\u00fan el alcalde, Tolim\u00e1n recibe anualmente alrededor de 80 millones de pesos en remesas enviadas por sus habitantes que residen en el pa\u00eds vecino, principalmente en California.<\/p>\n<\/p>\n<p>&nbsp;<\/p>\n<p style=\"text-align: justify;\" data-sourcepos=\"13:1-13:289\">Esta dependencia econ\u00f3mica hace que el municipio sea altamente vulnerable a las pol\u00edticas migratorias de Estados Unidos. Una disminuci\u00f3n significativa en el flujo de remesas podr\u00eda tener consecuencias negativas para la econom\u00eda local, afectando sectores como el comercio y la construcci\u00f3n.<\/p>\n<\/p>\n<p>&nbsp;<\/p>\n<p style=\"text-align: justify;\" data-sourcepos=\"15:1-15:355\">Ante esta situaci\u00f3n, el alcalde S\u00e1nchez ha propuesto impulsar el turismo como una alternativa para generar empleo y diversificar la econom\u00eda local. La idea es que los migrantes que regresen a Tolim\u00e1n puedan invertir parte de sus ahorros en la creaci\u00f3n de negocios tur\u00edsticos, como el alquiler de veh\u00edculos todo terreno o la oferta de servicios tur\u00edsticos.<\/p>\n<\/p>\n<p>&nbsp;<\/p>\n<p style=\"text-align: justify;\" data-sourcepos=\"17:1-17:181\">&#8220;Buscamos que los migrantes que dejan sus viviendas solas, las puedan rentar para fomentar el turismo y tener m\u00e1s lugares donde puedan hospedarse los visitantes&#8221;, se\u00f1al\u00f3 el alcalde.<\/p>\n<\/p>\n<p>&nbsp;<\/p>\n<p style=\"text-align: justify;\" data-sourcepos=\"19:1-19:261\">Sin embargo, el alcalde reconoci\u00f3 que la falta de empleo sigue siendo un problema importante en el municipio y que ser\u00e1 necesario implementar m\u00e1s programas y pol\u00edticas p\u00fablicas para impulsar el desarrollo econ\u00f3mico local y reducir la dependencia de las remesas.<\/p>\n<\/p>\n<p>&nbsp;<\/p>\n<p style=\"text-align: center;\" data-sourcepos=\"19:1-19:261\"><em><strong>\u00a1Informaci\u00f3n que transforma!<\/strong><\/em><\/p>\n","protected":false},"excerpt":{"rendered":"<p>El presidente municipal de Tolim\u00e1n, Alejo S\u00e1nchez, ha encendido las alarmas sobre el posible impacto econ\u00f3mico que una deportaci\u00f3n masiva de mexicanos desde Estados Unidos tendr\u00eda en su municipio.<\/p>\n","protected":false},"author":3,"featured_media":10454,"comment_status":"open","ping_status":"open","sticky":false,"template":"","format":"standard","meta":{"footnotes":""},"categories":[65,58],"tags":[141,1846,2748,1333],"class_list":["post-10453","post","type-post","status-publish","format-standard","has-post-thumbnail","hentry","category-municipios","category-ultima-hora","tag-economia","tag-migracion","tag-remesas","tag-toliman"],"yoast_head":"<!-- This site is optimized with the Yoast SEO plugin v25.0 - https:\/\/yoast.com\/wordpress\/plugins\/seo\/ -->\n<title>Deportaciones amenazan la econom\u00eda de Tolim\u00e1n el alcalde alerta sobre el impacto | Nexo Informativo Santiago de Quer\u00e9taro<\/title>\n<meta name=\"description\" content=\"Deportaciones amenazan la econom\u00eda de Tolim\u00e1n el alcalde alerta sobre el impacto\" \/>\n<meta name=\"robots\" content=\"index, follow, max-snippet:-1, max-image-preview:large, max-video-preview:-1\" \/>\n<link rel=\"canonical\" href=\"https:\/\/www.nexoinformativo.mx\/index.php\/2025\/01\/23\/deportaciones-amenazan-la-economia-de-toliman-el-alcalde-alerta-sobre-el-impacto\/\" \/>\n<meta property=\"og:locale\" content=\"es_MX\" \/>\n<meta property=\"og:type\" content=\"article\" \/>\n<meta property=\"og:title\" content=\"Deportaciones amenazan la econom\u00eda de Tolim\u00e1n el alcalde alerta sobre el impacto | Nexo Informativo Santiago de Quer\u00e9taro\" \/>\n<meta property=\"og:description\" content=\"Deportaciones amenazan la econom\u00eda de Tolim\u00e1n el alcalde alerta sobre el impacto\" \/>\n<meta property=\"og:url\" content=\"https:\/\/www.nexoinformativo.mx\/index.php\/2025\/01\/23\/deportaciones-amenazan-la-economia-de-toliman-el-alcalde-alerta-sobre-el-impacto\/\" \/>\n<meta property=\"og:site_name\" content=\"Nexo Informativo Santiago de Quer\u00e9taro\" \/>\n<meta property=\"article:publisher\" content=\"https:\/\/www.facebook.com\/people\/Nexo-Informativo\/61564066885511\/\" \/>\n<meta property=\"article:published_time\" content=\"2025-01-23T12:30:20+00:00\" \/>\n<meta property=\"article:modified_time\" content=\"2025-01-23T19:16:28+00:00\" \/>\n<meta property=\"og:image\" content=\"https:\/\/www.nexoinformativo.mx\/wp-content\/uploads\/2025\/01\/PHOTO-2025-01-23-11-30-18-e1737659740536.jpg\" \/>\n\t<meta property=\"og:image:width\" content=\"800\" \/>\n\t<meta property=\"og:image:height\" content=\"741\" \/>\n\t<meta property=\"og:image:type\" content=\"image\/jpeg\" \/>\n<meta name=\"author\" content=\"Nexo Informativo\" \/>\n<meta name=\"twitter:card\" content=\"summary_large_image\" \/>\n<meta name=\"twitter:label1\" content=\"Escrito por\" \/>\n\t<meta name=\"twitter:data1\" content=\"Nexo Informativo\" \/>\n\t<meta name=\"twitter:label2\" content=\"Tiempo de lectura\" \/>\n\t<meta name=\"twitter:data2\" content=\"2 minutos\" \/>\n<script type=\"application\/ld+json\" class=\"yoast-schema-graph\">{\"@context\":\"https:\/\/schema.org\",\"@graph\":[{\"@type\":\"Article\",\"@id\":\"https:\/\/www.nexoinformativo.mx\/index.php\/2025\/01\/23\/deportaciones-amenazan-la-economia-de-toliman-el-alcalde-alerta-sobre-el-impacto\/#article\",\"isPartOf\":{\"@id\":\"https:\/\/www.nexoinformativo.mx\/index.php\/2025\/01\/23\/deportaciones-amenazan-la-economia-de-toliman-el-alcalde-alerta-sobre-el-impacto\/\"},\"author\":{\"name\":\"Nexo Informativo\",\"@id\":\"https:\/\/www.nexoinformativo.mx\/#\/schema\/person\/7749d380ba08c8ca00d7bc76fd907b7d\"},\"headline\":\"Deportaciones amenazan la econom\u00eda de Tolim\u00e1n el alcalde alerta sobre el impacto\",\"datePublished\":\"2025-01-23T12:30:20+00:00\",\"dateModified\":\"2025-01-23T19:16:28+00:00\",\"mainEntityOfPage\":{\"@id\":\"https:\/\/www.nexoinformativo.mx\/index.php\/2025\/01\/23\/deportaciones-amenazan-la-economia-de-toliman-el-alcalde-alerta-sobre-el-impacto\/\"},\"wordCount\":273,\"commentCount\":0,\"publisher\":{\"@id\":\"https:\/\/www.nexoinformativo.mx\/#organization\"},\"image\":{\"@id\":\"https:\/\/www.nexoinformativo.mx\/index.php\/2025\/01\/23\/deportaciones-amenazan-la-economia-de-toliman-el-alcalde-alerta-sobre-el-impacto\/#primaryimage\"},\"thumbnailUrl\":\"https:\/\/www.nexoinformativo.mx\/wp-content\/uploads\/2025\/01\/PHOTO-2025-01-23-11-30-18-e1737659740536.jpg\",\"keywords\":[\"Economia\",\"Migraci\u00f3n\",\"Remesas\",\"Toliman\"],\"articleSection\":[\"Municipios\",\"\u00daltima Hora\"],\"inLanguage\":\"es\",\"potentialAction\":[{\"@type\":\"CommentAction\",\"name\":\"Comment\",\"target\":[\"https:\/\/www.nexoinformativo.mx\/index.php\/2025\/01\/23\/deportaciones-amenazan-la-economia-de-toliman-el-alcalde-alerta-sobre-el-impacto\/#respond\"]}]},{\"@type\":\"WebPage\",\"@id\":\"https:\/\/www.nexoinformativo.mx\/index.php\/2025\/01\/23\/deportaciones-amenazan-la-economia-de-toliman-el-alcalde-alerta-sobre-el-impacto\/\",\"url\":\"https:\/\/www.nexoinformativo.mx\/index.php\/2025\/01\/23\/deportaciones-amenazan-la-economia-de-toliman-el-alcalde-alerta-sobre-el-impacto\/\",\"name\":\"Deportaciones amenazan la econom\u00eda de Tolim\u00e1n el alcalde alerta sobre el impacto | Nexo Informativo Santiago de Quer\u00e9taro\",\"isPartOf\":{\"@id\":\"https:\/\/www.nexoinformativo.mx\/#website\"},\"primaryImageOfPage\":{\"@id\":\"https:\/\/www.nexoinformativo.mx\/index.php\/2025\/01\/23\/deportaciones-amenazan-la-economia-de-toliman-el-alcalde-alerta-sobre-el-impacto\/#primaryimage\"},\"image\":{\"@id\":\"https:\/\/www.nexoinformativo.mx\/index.php\/2025\/01\/23\/deportaciones-amenazan-la-economia-de-toliman-el-alcalde-alerta-sobre-el-impacto\/#primaryimage\"},\"thumbnailUrl\":\"https:\/\/www.nexoinformativo.mx\/wp-content\/uploads\/2025\/01\/PHOTO-2025-01-23-11-30-18-e1737659740536.jpg\",\"datePublished\":\"2025-01-23T12:30:20+00:00\",\"dateModified\":\"2025-01-23T19:16:28+00:00\",\"description\":\"Deportaciones amenazan la econom\u00eda de Tolim\u00e1n el alcalde alerta sobre el impacto\",\"breadcrumb\":{\"@id\":\"https:\/\/www.nexoinformativo.mx\/index.php\/2025\/01\/23\/deportaciones-amenazan-la-economia-de-toliman-el-alcalde-alerta-sobre-el-impacto\/#breadcrumb\"},\"inLanguage\":\"es\",\"potentialAction\":[{\"@type\":\"ReadAction\",\"target\":[\"https:\/\/www.nexoinformativo.mx\/index.php\/2025\/01\/23\/deportaciones-amenazan-la-economia-de-toliman-el-alcalde-alerta-sobre-el-impacto\/\"]}]},{\"@type\":\"ImageObject\",\"inLanguage\":\"es\",\"@id\":\"https:\/\/www.nexoinformativo.mx\/index.php\/2025\/01\/23\/deportaciones-amenazan-la-economia-de-toliman-el-alcalde-alerta-sobre-el-impacto\/#primaryimage\",\"url\":\"https:\/\/www.nexoinformativo.mx\/wp-content\/uploads\/2025\/01\/PHOTO-2025-01-23-11-30-18-e1737659740536.jpg\",\"contentUrl\":\"https:\/\/www.nexoinformativo.mx\/wp-content\/uploads\/2025\/01\/PHOTO-2025-01-23-11-30-18-e1737659740536.jpg\",\"width\":800,\"height\":741},{\"@type\":\"BreadcrumbList\",\"@id\":\"https:\/\/www.nexoinformativo.mx\/index.php\/2025\/01\/23\/deportaciones-amenazan-la-economia-de-toliman-el-alcalde-alerta-sobre-el-impacto\/#breadcrumb\",\"itemListElement\":[{\"@type\":\"ListItem\",\"position\":1,\"name\":\"Inicio\",\"item\":\"https:\/\/www.nexoinformativo.mx\/\"},{\"@type\":\"ListItem\",\"position\":2,\"name\":\"Deportaciones amenazan la econom\u00eda de Tolim\u00e1n el alcalde alerta sobre el impacto\"}]},{\"@type\":\"WebSite\",\"@id\":\"https:\/\/www.nexoinformativo.mx\/#website\",\"url\":\"https:\/\/www.nexoinformativo.mx\/\",\"name\":\"Nexo Informativo Santiago de Quer\u00e9taro\",\"description\":\"Explora NexoInformativo y convi\u00e9rtete en parte de una comunidad que valora el conocimiento y la verdad. Tu nexoinformativo es tu puente hacia una comprensi\u00f3n m\u00e1s profunda del mundo que te rodea.\",\"publisher\":{\"@id\":\"https:\/\/www.nexoinformativo.mx\/#organization\"},\"potentialAction\":[{\"@type\":\"SearchAction\",\"target\":{\"@type\":\"EntryPoint\",\"urlTemplate\":\"https:\/\/www.nexoinformativo.mx\/?s={search_term_string}\"},\"query-input\":{\"@type\":\"PropertyValueSpecification\",\"valueRequired\":true,\"valueName\":\"search_term_string\"}}],\"inLanguage\":\"es\"},{\"@type\":\"Organization\",\"@id\":\"https:\/\/www.nexoinformativo.mx\/#organization\",\"name\":\"Nexo Informativo Santiago de Quer\u00e9taro\",\"url\":\"https:\/\/www.nexoinformativo.mx\/\",\"logo\":{\"@type\":\"ImageObject\",\"inLanguage\":\"es\",\"@id\":\"https:\/\/www.nexoinformativo.mx\/#\/schema\/logo\/image\/\",\"url\":\"https:\/\/www.nexoinformativo.mx\/wp-content\/uploads\/2024\/07\/nexoi-trasparente-2.png\",\"contentUrl\":\"https:\/\/www.nexoinformativo.mx\/wp-content\/uploads\/2024\/07\/nexoi-trasparente-2.png\",\"width\":816,\"height\":339,\"caption\":\"Nexo Informativo Santiago de Quer\u00e9taro\"},\"image\":{\"@id\":\"https:\/\/www.nexoinformativo.mx\/#\/schema\/logo\/image\/\"},\"sameAs\":[\"https:\/\/www.facebook.com\/people\/Nexo-Informativo\/61564066885511\/\"]},{\"@type\":\"Person\",\"@id\":\"https:\/\/www.nexoinformativo.mx\/#\/schema\/person\/7749d380ba08c8ca00d7bc76fd907b7d\",\"name\":\"Nexo Informativo\",\"image\":{\"@type\":\"ImageObject\",\"inLanguage\":\"es\",\"@id\":\"https:\/\/www.nexoinformativo.mx\/#\/schema\/person\/image\/\",\"url\":\"https:\/\/secure.gravatar.com\/avatar\/dde2928154642a13d95f87ddf1ea9718fe2b46760a005c53e41ff5ad610704e6?s=96&d=mm&r=g\",\"contentUrl\":\"https:\/\/secure.gravatar.com\/avatar\/dde2928154642a13d95f87ddf1ea9718fe2b46760a005c53e41ff5ad610704e6?s=96&d=mm&r=g\",\"caption\":\"Nexo Informativo\"},\"url\":\"https:\/\/www.nexoinformativo.mx\/index.php\/author\/edicion\/\"}]}<\/script>\n<!-- \/ Yoast SEO plugin. -->","yoast_head_json":{"title":"Deportaciones amenazan la econom\u00eda de Tolim\u00e1n el alcalde alerta sobre el impacto | Nexo Informativo Santiago de Quer\u00e9taro","description":"Deportaciones amenazan la econom\u00eda de Tolim\u00e1n el alcalde alerta sobre el impacto","robots":{"index":"index","follow":"follow","max-snippet":"max-snippet:-1","max-image-preview":"max-image-preview:large","max-video-preview":"max-video-preview:-1"},"canonical":"https:\/\/www.nexoinformativo.mx\/index.php\/2025\/01\/23\/deportaciones-amenazan-la-economia-de-toliman-el-alcalde-alerta-sobre-el-impacto\/","og_locale":"es_MX","og_type":"article","og_title":"Deportaciones amenazan la econom\u00eda de Tolim\u00e1n el alcalde alerta sobre el impacto | Nexo Informativo Santiago de Quer\u00e9taro","og_description":"Deportaciones amenazan la econom\u00eda de Tolim\u00e1n el alcalde alerta sobre el impacto","og_url":"https:\/\/www.nexoinformativo.mx\/index.php\/2025\/01\/23\/deportaciones-amenazan-la-economia-de-toliman-el-alcalde-alerta-sobre-el-impacto\/","og_site_name":"Nexo Informativo Santiago de Quer\u00e9taro","article_publisher":"https:\/\/www.facebook.com\/people\/Nexo-Informativo\/61564066885511\/","article_published_time":"2025-01-23T12:30:20+00:00","article_modified_time":"2025-01-23T19:16:28+00:00","og_image":[{"width":800,"height":741,"url":"https:\/\/www.nexoinformativo.mx\/wp-content\/uploads\/2025\/01\/PHOTO-2025-01-23-11-30-18-e1737659740536.jpg","type":"image\/jpeg"}],"author":"Nexo Informativo","twitter_card":"summary_large_image","twitter_misc":{"Escrito por":"Nexo Informativo","Tiempo de lectura":"2 minutos"},"schema":{"@context":"https:\/\/schema.org","@graph":[{"@type":"Article","@id":"https:\/\/www.nexoinformativo.mx\/index.php\/2025\/01\/23\/deportaciones-amenazan-la-economia-de-toliman-el-alcalde-alerta-sobre-el-impacto\/#article","isPartOf":{"@id":"https:\/\/www.nexoinformativo.mx\/index.php\/2025\/01\/23\/deportaciones-amenazan-la-economia-de-toliman-el-alcalde-alerta-sobre-el-impacto\/"},"author":{"name":"Nexo Informativo","@id":"https:\/\/www.nexoinformativo.mx\/#\/schema\/person\/7749d380ba08c8ca00d7bc76fd907b7d"},"headline":"Deportaciones amenazan la econom\u00eda de Tolim\u00e1n el alcalde alerta sobre el impacto","datePublished":"2025-01-23T12:30:20+00:00","dateModified":"2025-01-23T19:16:28+00:00","mainEntityOfPage":{"@id":"https:\/\/www.nexoinformativo.mx\/index.php\/2025\/01\/23\/deportaciones-amenazan-la-economia-de-toliman-el-alcalde-alerta-sobre-el-impacto\/"},"wordCount":273,"commentCount":0,"publisher":{"@id":"https:\/\/www.nexoinformativo.mx\/#organization"},"image":{"@id":"https:\/\/www.nexoinformativo.mx\/index.php\/2025\/01\/23\/deportaciones-amenazan-la-economia-de-toliman-el-alcalde-alerta-sobre-el-impacto\/#primaryimage"},"thumbnailUrl":"https:\/\/www.nexoinformativo.mx\/wp-content\/uploads\/2025\/01\/PHOTO-2025-01-23-11-30-18-e1737659740536.jpg","keywords":["Economia","Migraci\u00f3n","Remesas","Toliman"],"articleSection":["Municipios","\u00daltima Hora"],"inLanguage":"es","potentialAction":[{"@type":"CommentAction","name":"Comment","target":["https:\/\/www.nexoinformativo.mx\/index.php\/2025\/01\/23\/deportaciones-amenazan-la-economia-de-toliman-el-alcalde-alerta-sobre-el-impacto\/#respond"]}]},{"@type":"WebPage","@id":"https:\/\/www.nexoinformativo.mx\/index.php\/2025\/01\/23\/deportaciones-amenazan-la-economia-de-toliman-el-alcalde-alerta-sobre-el-impacto\/","url":"https:\/\/www.nexoinformativo.mx\/index.php\/2025\/01\/23\/deportaciones-amenazan-la-economia-de-toliman-el-alcalde-alerta-sobre-el-impacto\/","name":"Deportaciones amenazan la econom\u00eda de Tolim\u00e1n el alcalde alerta sobre el impacto | Nexo Informativo Santiago de Quer\u00e9taro","isPartOf":{"@id":"https:\/\/www.nexoinformativo.mx\/#website"},"primaryImageOfPage":{"@id":"https:\/\/www.nexoinformativo.mx\/index.php\/2025\/01\/23\/deportaciones-amenazan-la-economia-de-toliman-el-alcalde-alerta-sobre-el-impacto\/#primaryimage"},"image":{"@id":"https:\/\/www.nexoinformativo.mx\/index.php\/2025\/01\/23\/deportaciones-amenazan-la-economia-de-toliman-el-alcalde-alerta-sobre-el-impacto\/#primaryimage"},"thumbnailUrl":"https:\/\/www.nexoinformativo.mx\/wp-content\/uploads\/2025\/01\/PHOTO-2025-01-23-11-30-18-e1737659740536.jpg","datePublished":"2025-01-23T12:30:20+00:00","dateModified":"2025-01-23T19:16:28+00:00","description":"Deportaciones amenazan la econom\u00eda de Tolim\u00e1n el alcalde alerta sobre el impacto","breadcrumb":{"@id":"https:\/\/www.nexoinformativo.mx\/index.php\/2025\/01\/23\/deportaciones-amenazan-la-economia-de-toliman-el-alcalde-alerta-sobre-el-impacto\/#breadcrumb"},"inLanguage":"es","potentialAction":[{"@type":"ReadAction","target":["https:\/\/www.nexoinformativo.mx\/index.php\/2025\/01\/23\/deportaciones-amenazan-la-economia-de-toliman-el-alcalde-alerta-sobre-el-impacto\/"]}]},{"@type":"ImageObject","inLanguage":"es","@id":"https:\/\/www.nexoinformativo.mx\/index.php\/2025\/01\/23\/deportaciones-amenazan-la-economia-de-toliman-el-alcalde-alerta-sobre-el-impacto\/#primaryimage","url":"https:\/\/www.nexoinformativo.mx\/wp-content\/uploads\/2025\/01\/PHOTO-2025-01-23-11-30-18-e1737659740536.jpg","contentUrl":"https:\/\/www.nexoinformativo.mx\/wp-content\/uploads\/2025\/01\/PHOTO-2025-01-23-11-30-18-e1737659740536.jpg","width":800,"height":741},{"@type":"BreadcrumbList","@id":"https:\/\/www.nexoinformativo.mx\/index.php\/2025\/01\/23\/deportaciones-amenazan-la-economia-de-toliman-el-alcalde-alerta-sobre-el-impacto\/#breadcrumb","itemListElement":[{"@type":"ListItem","position":1,"name":"Inicio","item":"https:\/\/www.nexoinformativo.mx\/"},{"@type":"ListItem","position":2,"name":"Deportaciones amenazan la econom\u00eda de Tolim\u00e1n el alcalde alerta sobre el impacto"}]},{"@type":"WebSite","@id":"https:\/\/www.nexoinformativo.mx\/#website","url":"https:\/\/www.nexoinformativo.mx\/","name":"Nexo Informativo Santiago de Quer\u00e9taro","description":"Explora NexoInformativo y convi\u00e9rtete en parte de una comunidad que valora el conocimiento y la verdad. Tu nexoinformativo es tu puente hacia una comprensi\u00f3n m\u00e1s profunda del mundo que te rodea.","publisher":{"@id":"https:\/\/www.nexoinformativo.mx\/#organization"},"potentialAction":[{"@type":"SearchAction","target":{"@type":"EntryPoint","urlTemplate":"https:\/\/www.nexoinformativo.mx\/?s={search_term_string}"},"query-input":{"@type":"PropertyValueSpecification","valueRequired":true,"valueName":"search_term_string"}}],"inLanguage":"es"},{"@type":"Organization","@id":"https:\/\/www.nexoinformativo.mx\/#organization","name":"Nexo Informativo Santiago de Quer\u00e9taro","url":"https:\/\/www.nexoinformativo.mx\/","logo":{"@type":"ImageObject","inLanguage":"es","@id":"https:\/\/www.nexoinformativo.mx\/#\/schema\/logo\/image\/","url":"https:\/\/www.nexoinformativo.mx\/wp-content\/uploads\/2024\/07\/nexoi-trasparente-2.png","contentUrl":"https:\/\/www.nexoinformativo.mx\/wp-content\/uploads\/2024\/07\/nexoi-trasparente-2.png","width":816,"height":339,"caption":"Nexo Informativo Santiago de Quer\u00e9taro"},"image":{"@id":"https:\/\/www.nexoinformativo.mx\/#\/schema\/logo\/image\/"},"sameAs":["https:\/\/www.facebook.com\/people\/Nexo-Informativo\/61564066885511\/"]},{"@type":"Person","@id":"https:\/\/www.nexoinformativo.mx\/#\/schema\/person\/7749d380ba08c8ca00d7bc76fd907b7d","name":"Nexo Informativo","image":{"@type":"ImageObject","inLanguage":"es","@id":"https:\/\/www.nexoinformativo.mx\/#\/schema\/person\/image\/","url":"https:\/\/secure.gravatar.com\/avatar\/dde2928154642a13d95f87ddf1ea9718fe2b46760a005c53e41ff5ad610704e6?s=96&d=mm&r=g","contentUrl":"https:\/\/secure.gravatar.com\/avatar\/dde2928154642a13d95f87ddf1ea9718fe2b46760a005c53e41ff5ad610704e6?s=96&d=mm&r=g","caption":"Nexo Informativo"},"url":"https:\/\/www.nexoinformativo.mx\/index.php\/author\/edicion\/"}]}},"_links":{"self":[{"href":"https:\/\/www.nexoinformativo.mx\/index.php\/wp-json\/wp\/v2\/posts\/10453","targetHints":{"allow":["GET"]}}],"collection":[{"href":"https:\/\/www.nexoinformativo.mx\/index.php\/wp-json\/wp\/v2\/posts"}],"about":[{"href":"https:\/\/www.nexoinformativo.mx\/index.php\/wp-json\/wp\/v2\/types\/post"}],"author":[{"embeddable":true,"href":"https:\/\/www.nexoinformativo.mx\/index.php\/wp-json\/wp\/v2\/users\/3"}],"replies":[{"embeddable":true,"href":"https:\/\/www.nexoinformativo.mx\/index.php\/wp-json\/wp\/v2\/comments?post=10453"}],"version-history":[{"count":3,"href":"https:\/\/www.nexoinformativo.mx\/index.php\/wp-json\/wp\/v2\/posts\/10453\/revisions"}],"predecessor-version":[{"id":10457,"href":"https:\/\/www.nexoinformativo.mx\/index.php\/wp-json\/wp\/v2\/posts\/10453\/revisions\/10457"}],"wp:featuredmedia":[{"embeddable":true,"href":"https:\/\/www.nexoinformativo.mx\/index.php\/wp-json\/wp\/v2\/media\/10454"}],"wp:attachment":[{"href":"https:\/\/www.nexoinformativo.mx\/index.php\/wp-json\/wp\/v2\/media?parent=10453"}],"wp:term":[{"taxonomy":"category","embeddable":true,"href":"https:\/\/www.nexoinformativo.mx\/index.php\/wp-json\/wp\/v2\/categories?post=10453"},{"taxonomy":"post_tag","embeddable":true,"href":"https:\/\/www.nexoinformativo.mx\/index.php\/wp-json\/wp\/v2\/tags?post=10453"}],"curies":[{"name":"wp","href":"https:\/\/api.w.org\/{rel}","templated":true}]}}