{"id":10486,"date":"2025-01-23T10:00:07","date_gmt":"2025-01-23T16:00:07","guid":{"rendered":"https:\/\/www.nexoinformativo.mx\/?p=10486"},"modified":"2025-01-23T14:05:08","modified_gmt":"2025-01-23T20:05:08","slug":"usebeq-equipa-escuelas-de-san-juan-del-rio-para-una-educacion-de-calidad","status":"publish","type":"post","link":"https:\/\/www.nexoinformativo.mx\/index.php\/2025\/01\/23\/usebeq-equipa-escuelas-de-san-juan-del-rio-para-una-educacion-de-calidad\/","title":{"rendered":"USEBEQ equipa escuelas de San Juan del R\u00edo para una educaci\u00f3n de calidad"},"content":{"rendered":"<p style=\"text-align: justify;\" data-sourcepos=\"11:1-11:284\"><strong>La Unidad de Servicios para la Educaci\u00f3n B\u00e1sica en el Estado de Quer\u00e9taro<\/strong> (USEBEQ) entreg\u00f3 equipo tecnol\u00f3gico y mobiliario a mil 500 estudiantes de la secundaria t\u00e9cnica \u201cJos\u00e9 Vasconcelos\u201d y la primaria \u201cDaniel Ortiz Esquivel\u201d en San Juan del R\u00edo.<\/p>\n<\/p>\n<p>&nbsp;<\/p>\n<p style=\"text-align: justify;\" data-sourcepos=\"13:1-13:270\">Con esta acci\u00f3n, la Secretar\u00eda de Educaci\u00f3n de Quer\u00e9taro refrenda su compromiso de garantizar que todas y todos los estudiantes tengan acceso a herramientas educativas de calidad, como computadoras y equipos de audio, para fomentar el aprendizaje y la inclusi\u00f3n digital.<\/p>\n<\/p>\n<p>&nbsp;<\/p>\n<p style=\"text-align: justify;\" data-sourcepos=\"15:1-15:369\">La coordinadora general de la USEBEQ, Irene Quintanar Mej\u00eda, destac\u00f3 que esta entrega de equipo forma parte de un esfuerzo m\u00e1s amplio por equipar las escuelas de todo el estado y brindar a los estudiantes las mismas oportunidades de desarrollo. &#8220;Queremos que todos los ni\u00f1os y ni\u00f1as tengan acceso a una educaci\u00f3n de calidad, independientemente de d\u00f3nde vivan&#8221;, afirm\u00f3.<\/p>\n<\/p>\n<p>&nbsp;<\/p>\n<p style=\"text-align: justify;\" data-sourcepos=\"17:1-17:181\">La inversi\u00f3n en equipo tecnol\u00f3gico y mobiliario para las escuelas beneficiadas supera los 35 millones de pesos, lo que demuestra el compromiso del gobierno estatal con la educaci\u00f3n.<\/p>\n<\/p>\n<p>&nbsp;<\/p>\n<p style=\"text-align: center;\" data-sourcepos=\"17:1-17:181\"><em><strong>\u00a1Informaci\u00f3n que transforma!<\/strong><\/em><\/p>\n","protected":false},"excerpt":{"rendered":"<p>La Unidad de Servicios para la Educaci\u00f3n B\u00e1sica en el Estado de Quer\u00e9taro (USEBEQ) entreg\u00f3 equipo tecnol\u00f3gico y mobiliario a mil 500 estudiantes de la secundaria t\u00e9cnica \u201cJos\u00e9 Vasconcelos\u201d y la primaria \u201cDaniel Ortiz Esquivel\u201d en San Juan del R\u00edo.<\/p>\n","protected":false},"author":3,"featured_media":10487,"comment_status":"open","ping_status":"open","sticky":false,"template":"","format":"standard","meta":{"footnotes":""},"categories":[65,58],"tags":[495,1574,3206,254],"class_list":["post-10486","post","type-post","status-publish","format-standard","has-post-thumbnail","hentry","category-municipios","category-ultima-hora","tag-educacionqueretaro","tag-inversioneducativa","tag-tecnologiaeducativa","tag-usebeq"],"yoast_head":"<!-- This site is optimized with the Yoast SEO plugin v25.0 - https:\/\/yoast.com\/wordpress\/plugins\/seo\/ -->\n<title>USEBEQ equipa escuelas de San Juan del R\u00edo para una educaci\u00f3n de calidad | Nexo Informativo Santiago de Quer\u00e9taro<\/title>\n<meta name=\"description\" content=\"USEBEQ equipa escuelas de San Juan del R\u00edo para una educaci\u00f3n de calidad\" \/>\n<meta name=\"robots\" content=\"index, follow, max-snippet:-1, max-image-preview:large, max-video-preview:-1\" \/>\n<link rel=\"canonical\" href=\"https:\/\/www.nexoinformativo.mx\/index.php\/2025\/01\/23\/usebeq-equipa-escuelas-de-san-juan-del-rio-para-una-educacion-de-calidad\/\" \/>\n<meta property=\"og:locale\" content=\"es_MX\" \/>\n<meta property=\"og:type\" content=\"article\" \/>\n<meta property=\"og:title\" content=\"USEBEQ equipa escuelas de San Juan del R\u00edo para una educaci\u00f3n de calidad | Nexo Informativo Santiago de Quer\u00e9taro\" \/>\n<meta property=\"og:description\" content=\"USEBEQ equipa escuelas de San Juan del R\u00edo para una educaci\u00f3n de calidad\" \/>\n<meta property=\"og:url\" content=\"https:\/\/www.nexoinformativo.mx\/index.php\/2025\/01\/23\/usebeq-equipa-escuelas-de-san-juan-del-rio-para-una-educacion-de-calidad\/\" \/>\n<meta property=\"og:site_name\" content=\"Nexo Informativo Santiago de Quer\u00e9taro\" \/>\n<meta property=\"article:publisher\" content=\"https:\/\/www.facebook.com\/people\/Nexo-Informativo\/61564066885511\/\" \/>\n<meta property=\"article:published_time\" content=\"2025-01-23T16:00:07+00:00\" \/>\n<meta property=\"article:modified_time\" content=\"2025-01-23T20:05:08+00:00\" \/>\n<meta property=\"og:image\" content=\"https:\/\/www.nexoinformativo.mx\/wp-content\/uploads\/2025\/01\/PHOTO-2025-01-23-14-03-30-e1737662671419.jpg\" \/>\n\t<meta property=\"og:image:width\" content=\"800\" \/>\n\t<meta property=\"og:image:height\" content=\"600\" \/>\n\t<meta property=\"og:image:type\" content=\"image\/jpeg\" \/>\n<meta name=\"author\" content=\"Nexo Informativo\" \/>\n<meta name=\"twitter:card\" content=\"summary_large_image\" \/>\n<meta name=\"twitter:label1\" content=\"Escrito por\" \/>\n\t<meta name=\"twitter:data1\" content=\"Nexo Informativo\" \/>\n\t<meta name=\"twitter:label2\" content=\"Tiempo de lectura\" \/>\n\t<meta name=\"twitter:data2\" content=\"1 minuto\" \/>\n<script type=\"application\/ld+json\" class=\"yoast-schema-graph\">{\"@context\":\"https:\/\/schema.org\",\"@graph\":[{\"@type\":\"Article\",\"@id\":\"https:\/\/www.nexoinformativo.mx\/index.php\/2025\/01\/23\/usebeq-equipa-escuelas-de-san-juan-del-rio-para-una-educacion-de-calidad\/#article\",\"isPartOf\":{\"@id\":\"https:\/\/www.nexoinformativo.mx\/index.php\/2025\/01\/23\/usebeq-equipa-escuelas-de-san-juan-del-rio-para-una-educacion-de-calidad\/\"},\"author\":{\"name\":\"Nexo Informativo\",\"@id\":\"https:\/\/www.nexoinformativo.mx\/#\/schema\/person\/7749d380ba08c8ca00d7bc76fd907b7d\"},\"headline\":\"USEBEQ equipa escuelas de San Juan del R\u00edo para una educaci\u00f3n de calidad\",\"datePublished\":\"2025-01-23T16:00:07+00:00\",\"dateModified\":\"2025-01-23T20:05:08+00:00\",\"mainEntityOfPage\":{\"@id\":\"https:\/\/www.nexoinformativo.mx\/index.php\/2025\/01\/23\/usebeq-equipa-escuelas-de-san-juan-del-rio-para-una-educacion-de-calidad\/\"},\"wordCount\":209,\"commentCount\":0,\"publisher\":{\"@id\":\"https:\/\/www.nexoinformativo.mx\/#organization\"},\"image\":{\"@id\":\"https:\/\/www.nexoinformativo.mx\/index.php\/2025\/01\/23\/usebeq-equipa-escuelas-de-san-juan-del-rio-para-una-educacion-de-calidad\/#primaryimage\"},\"thumbnailUrl\":\"https:\/\/www.nexoinformativo.mx\/wp-content\/uploads\/2025\/01\/PHOTO-2025-01-23-14-03-30-e1737662671419.jpg\",\"keywords\":[\"Educaci\u00f3nQuer\u00e9taro\",\"Inversi\u00f3nEducativa\",\"Tecnolog\u00edaEducativa\",\"USEBEQ\"],\"articleSection\":[\"Municipios\",\"\u00daltima Hora\"],\"inLanguage\":\"es\",\"potentialAction\":[{\"@type\":\"CommentAction\",\"name\":\"Comment\",\"target\":[\"https:\/\/www.nexoinformativo.mx\/index.php\/2025\/01\/23\/usebeq-equipa-escuelas-de-san-juan-del-rio-para-una-educacion-de-calidad\/#respond\"]}]},{\"@type\":\"WebPage\",\"@id\":\"https:\/\/www.nexoinformativo.mx\/index.php\/2025\/01\/23\/usebeq-equipa-escuelas-de-san-juan-del-rio-para-una-educacion-de-calidad\/\",\"url\":\"https:\/\/www.nexoinformativo.mx\/index.php\/2025\/01\/23\/usebeq-equipa-escuelas-de-san-juan-del-rio-para-una-educacion-de-calidad\/\",\"name\":\"USEBEQ equipa escuelas de San Juan del R\u00edo para una educaci\u00f3n de calidad | Nexo Informativo Santiago de Quer\u00e9taro\",\"isPartOf\":{\"@id\":\"https:\/\/www.nexoinformativo.mx\/#website\"},\"primaryImageOfPage\":{\"@id\":\"https:\/\/www.nexoinformativo.mx\/index.php\/2025\/01\/23\/usebeq-equipa-escuelas-de-san-juan-del-rio-para-una-educacion-de-calidad\/#primaryimage\"},\"image\":{\"@id\":\"https:\/\/www.nexoinformativo.mx\/index.php\/2025\/01\/23\/usebeq-equipa-escuelas-de-san-juan-del-rio-para-una-educacion-de-calidad\/#primaryimage\"},\"thumbnailUrl\":\"https:\/\/www.nexoinformativo.mx\/wp-content\/uploads\/2025\/01\/PHOTO-2025-01-23-14-03-30-e1737662671419.jpg\",\"datePublished\":\"2025-01-23T16:00:07+00:00\",\"dateModified\":\"2025-01-23T20:05:08+00:00\",\"description\":\"USEBEQ equipa escuelas de San Juan del R\u00edo para una educaci\u00f3n de calidad\",\"breadcrumb\":{\"@id\":\"https:\/\/www.nexoinformativo.mx\/index.php\/2025\/01\/23\/usebeq-equipa-escuelas-de-san-juan-del-rio-para-una-educacion-de-calidad\/#breadcrumb\"},\"inLanguage\":\"es\",\"potentialAction\":[{\"@type\":\"ReadAction\",\"target\":[\"https:\/\/www.nexoinformativo.mx\/index.php\/2025\/01\/23\/usebeq-equipa-escuelas-de-san-juan-del-rio-para-una-educacion-de-calidad\/\"]}]},{\"@type\":\"ImageObject\",\"inLanguage\":\"es\",\"@id\":\"https:\/\/www.nexoinformativo.mx\/index.php\/2025\/01\/23\/usebeq-equipa-escuelas-de-san-juan-del-rio-para-una-educacion-de-calidad\/#primaryimage\",\"url\":\"https:\/\/www.nexoinformativo.mx\/wp-content\/uploads\/2025\/01\/PHOTO-2025-01-23-14-03-30-e1737662671419.jpg\",\"contentUrl\":\"https:\/\/www.nexoinformativo.mx\/wp-content\/uploads\/2025\/01\/PHOTO-2025-01-23-14-03-30-e1737662671419.jpg\",\"width\":800,\"height\":600},{\"@type\":\"BreadcrumbList\",\"@id\":\"https:\/\/www.nexoinformativo.mx\/index.php\/2025\/01\/23\/usebeq-equipa-escuelas-de-san-juan-del-rio-para-una-educacion-de-calidad\/#breadcrumb\",\"itemListElement\":[{\"@type\":\"ListItem\",\"position\":1,\"name\":\"Inicio\",\"item\":\"https:\/\/www.nexoinformativo.mx\/\"},{\"@type\":\"ListItem\",\"position\":2,\"name\":\"USEBEQ equipa escuelas de San Juan del R\u00edo para una educaci\u00f3n de calidad\"}]},{\"@type\":\"WebSite\",\"@id\":\"https:\/\/www.nexoinformativo.mx\/#website\",\"url\":\"https:\/\/www.nexoinformativo.mx\/\",\"name\":\"Nexo Informativo Santiago de Quer\u00e9taro\",\"description\":\"Explora NexoInformativo y convi\u00e9rtete en parte de una comunidad que valora el conocimiento y la verdad. Tu nexoinformativo es tu puente hacia una comprensi\u00f3n m\u00e1s profunda del mundo que te rodea.\",\"publisher\":{\"@id\":\"https:\/\/www.nexoinformativo.mx\/#organization\"},\"potentialAction\":[{\"@type\":\"SearchAction\",\"target\":{\"@type\":\"EntryPoint\",\"urlTemplate\":\"https:\/\/www.nexoinformativo.mx\/?s={search_term_string}\"},\"query-input\":{\"@type\":\"PropertyValueSpecification\",\"valueRequired\":true,\"valueName\":\"search_term_string\"}}],\"inLanguage\":\"es\"},{\"@type\":\"Organization\",\"@id\":\"https:\/\/www.nexoinformativo.mx\/#organization\",\"name\":\"Nexo Informativo Santiago de Quer\u00e9taro\",\"url\":\"https:\/\/www.nexoinformativo.mx\/\",\"logo\":{\"@type\":\"ImageObject\",\"inLanguage\":\"es\",\"@id\":\"https:\/\/www.nexoinformativo.mx\/#\/schema\/logo\/image\/\",\"url\":\"https:\/\/www.nexoinformativo.mx\/wp-content\/uploads\/2024\/07\/nexoi-trasparente-2.png\",\"contentUrl\":\"https:\/\/www.nexoinformativo.mx\/wp-content\/uploads\/2024\/07\/nexoi-trasparente-2.png\",\"width\":816,\"height\":339,\"caption\":\"Nexo Informativo Santiago de Quer\u00e9taro\"},\"image\":{\"@id\":\"https:\/\/www.nexoinformativo.mx\/#\/schema\/logo\/image\/\"},\"sameAs\":[\"https:\/\/www.facebook.com\/people\/Nexo-Informativo\/61564066885511\/\"]},{\"@type\":\"Person\",\"@id\":\"https:\/\/www.nexoinformativo.mx\/#\/schema\/person\/7749d380ba08c8ca00d7bc76fd907b7d\",\"name\":\"Nexo Informativo\",\"image\":{\"@type\":\"ImageObject\",\"inLanguage\":\"es\",\"@id\":\"https:\/\/www.nexoinformativo.mx\/#\/schema\/person\/image\/\",\"url\":\"https:\/\/secure.gravatar.com\/avatar\/dde2928154642a13d95f87ddf1ea9718fe2b46760a005c53e41ff5ad610704e6?s=96&d=mm&r=g\",\"contentUrl\":\"https:\/\/secure.gravatar.com\/avatar\/dde2928154642a13d95f87ddf1ea9718fe2b46760a005c53e41ff5ad610704e6?s=96&d=mm&r=g\",\"caption\":\"Nexo Informativo\"},\"url\":\"https:\/\/www.nexoinformativo.mx\/index.php\/author\/edicion\/\"}]}<\/script>\n<!-- \/ Yoast SEO plugin. -->","yoast_head_json":{"title":"USEBEQ equipa escuelas de San Juan del R\u00edo para una educaci\u00f3n de calidad | Nexo Informativo Santiago de Quer\u00e9taro","description":"USEBEQ equipa escuelas de San Juan del R\u00edo para una educaci\u00f3n de calidad","robots":{"index":"index","follow":"follow","max-snippet":"max-snippet:-1","max-image-preview":"max-image-preview:large","max-video-preview":"max-video-preview:-1"},"canonical":"https:\/\/www.nexoinformativo.mx\/index.php\/2025\/01\/23\/usebeq-equipa-escuelas-de-san-juan-del-rio-para-una-educacion-de-calidad\/","og_locale":"es_MX","og_type":"article","og_title":"USEBEQ equipa escuelas de San Juan del R\u00edo para una educaci\u00f3n de calidad | Nexo Informativo Santiago de Quer\u00e9taro","og_description":"USEBEQ equipa escuelas de San Juan del R\u00edo para una educaci\u00f3n de calidad","og_url":"https:\/\/www.nexoinformativo.mx\/index.php\/2025\/01\/23\/usebeq-equipa-escuelas-de-san-juan-del-rio-para-una-educacion-de-calidad\/","og_site_name":"Nexo Informativo Santiago de Quer\u00e9taro","article_publisher":"https:\/\/www.facebook.com\/people\/Nexo-Informativo\/61564066885511\/","article_published_time":"2025-01-23T16:00:07+00:00","article_modified_time":"2025-01-23T20:05:08+00:00","og_image":[{"width":800,"height":600,"url":"https:\/\/www.nexoinformativo.mx\/wp-content\/uploads\/2025\/01\/PHOTO-2025-01-23-14-03-30-e1737662671419.jpg","type":"image\/jpeg"}],"author":"Nexo Informativo","twitter_card":"summary_large_image","twitter_misc":{"Escrito por":"Nexo Informativo","Tiempo de lectura":"1 minuto"},"schema":{"@context":"https:\/\/schema.org","@graph":[{"@type":"Article","@id":"https:\/\/www.nexoinformativo.mx\/index.php\/2025\/01\/23\/usebeq-equipa-escuelas-de-san-juan-del-rio-para-una-educacion-de-calidad\/#article","isPartOf":{"@id":"https:\/\/www.nexoinformativo.mx\/index.php\/2025\/01\/23\/usebeq-equipa-escuelas-de-san-juan-del-rio-para-una-educacion-de-calidad\/"},"author":{"name":"Nexo Informativo","@id":"https:\/\/www.nexoinformativo.mx\/#\/schema\/person\/7749d380ba08c8ca00d7bc76fd907b7d"},"headline":"USEBEQ equipa escuelas de San Juan del R\u00edo para una educaci\u00f3n de calidad","datePublished":"2025-01-23T16:00:07+00:00","dateModified":"2025-01-23T20:05:08+00:00","mainEntityOfPage":{"@id":"https:\/\/www.nexoinformativo.mx\/index.php\/2025\/01\/23\/usebeq-equipa-escuelas-de-san-juan-del-rio-para-una-educacion-de-calidad\/"},"wordCount":209,"commentCount":0,"publisher":{"@id":"https:\/\/www.nexoinformativo.mx\/#organization"},"image":{"@id":"https:\/\/www.nexoinformativo.mx\/index.php\/2025\/01\/23\/usebeq-equipa-escuelas-de-san-juan-del-rio-para-una-educacion-de-calidad\/#primaryimage"},"thumbnailUrl":"https:\/\/www.nexoinformativo.mx\/wp-content\/uploads\/2025\/01\/PHOTO-2025-01-23-14-03-30-e1737662671419.jpg","keywords":["Educaci\u00f3nQuer\u00e9taro","Inversi\u00f3nEducativa","Tecnolog\u00edaEducativa","USEBEQ"],"articleSection":["Municipios","\u00daltima Hora"],"inLanguage":"es","potentialAction":[{"@type":"CommentAction","name":"Comment","target":["https:\/\/www.nexoinformativo.mx\/index.php\/2025\/01\/23\/usebeq-equipa-escuelas-de-san-juan-del-rio-para-una-educacion-de-calidad\/#respond"]}]},{"@type":"WebPage","@id":"https:\/\/www.nexoinformativo.mx\/index.php\/2025\/01\/23\/usebeq-equipa-escuelas-de-san-juan-del-rio-para-una-educacion-de-calidad\/","url":"https:\/\/www.nexoinformativo.mx\/index.php\/2025\/01\/23\/usebeq-equipa-escuelas-de-san-juan-del-rio-para-una-educacion-de-calidad\/","name":"USEBEQ equipa escuelas de San Juan del R\u00edo para una educaci\u00f3n de calidad | Nexo Informativo Santiago de Quer\u00e9taro","isPartOf":{"@id":"https:\/\/www.nexoinformativo.mx\/#website"},"primaryImageOfPage":{"@id":"https:\/\/www.nexoinformativo.mx\/index.php\/2025\/01\/23\/usebeq-equipa-escuelas-de-san-juan-del-rio-para-una-educacion-de-calidad\/#primaryimage"},"image":{"@id":"https:\/\/www.nexoinformativo.mx\/index.php\/2025\/01\/23\/usebeq-equipa-escuelas-de-san-juan-del-rio-para-una-educacion-de-calidad\/#primaryimage"},"thumbnailUrl":"https:\/\/www.nexoinformativo.mx\/wp-content\/uploads\/2025\/01\/PHOTO-2025-01-23-14-03-30-e1737662671419.jpg","datePublished":"2025-01-23T16:00:07+00:00","dateModified":"2025-01-23T20:05:08+00:00","description":"USEBEQ equipa escuelas de San Juan del R\u00edo para una educaci\u00f3n de calidad","breadcrumb":{"@id":"https:\/\/www.nexoinformativo.mx\/index.php\/2025\/01\/23\/usebeq-equipa-escuelas-de-san-juan-del-rio-para-una-educacion-de-calidad\/#breadcrumb"},"inLanguage":"es","potentialAction":[{"@type":"ReadAction","target":["https:\/\/www.nexoinformativo.mx\/index.php\/2025\/01\/23\/usebeq-equipa-escuelas-de-san-juan-del-rio-para-una-educacion-de-calidad\/"]}]},{"@type":"ImageObject","inLanguage":"es","@id":"https:\/\/www.nexoinformativo.mx\/index.php\/2025\/01\/23\/usebeq-equipa-escuelas-de-san-juan-del-rio-para-una-educacion-de-calidad\/#primaryimage","url":"https:\/\/www.nexoinformativo.mx\/wp-content\/uploads\/2025\/01\/PHOTO-2025-01-23-14-03-30-e1737662671419.jpg","contentUrl":"https:\/\/www.nexoinformativo.mx\/wp-content\/uploads\/2025\/01\/PHOTO-2025-01-23-14-03-30-e1737662671419.jpg","width":800,"height":600},{"@type":"BreadcrumbList","@id":"https:\/\/www.nexoinformativo.mx\/index.php\/2025\/01\/23\/usebeq-equipa-escuelas-de-san-juan-del-rio-para-una-educacion-de-calidad\/#breadcrumb","itemListElement":[{"@type":"ListItem","position":1,"name":"Inicio","item":"https:\/\/www.nexoinformativo.mx\/"},{"@type":"ListItem","position":2,"name":"USEBEQ equipa escuelas de San Juan del R\u00edo para una educaci\u00f3n de calidad"}]},{"@type":"WebSite","@id":"https:\/\/www.nexoinformativo.mx\/#website","url":"https:\/\/www.nexoinformativo.mx\/","name":"Nexo Informativo Santiago de Quer\u00e9taro","description":"Explora NexoInformativo y convi\u00e9rtete en parte de una comunidad que valora el conocimiento y la verdad. Tu nexoinformativo es tu puente hacia una comprensi\u00f3n m\u00e1s profunda del mundo que te rodea.","publisher":{"@id":"https:\/\/www.nexoinformativo.mx\/#organization"},"potentialAction":[{"@type":"SearchAction","target":{"@type":"EntryPoint","urlTemplate":"https:\/\/www.nexoinformativo.mx\/?s={search_term_string}"},"query-input":{"@type":"PropertyValueSpecification","valueRequired":true,"valueName":"search_term_string"}}],"inLanguage":"es"},{"@type":"Organization","@id":"https:\/\/www.nexoinformativo.mx\/#organization","name":"Nexo Informativo Santiago de Quer\u00e9taro","url":"https:\/\/www.nexoinformativo.mx\/","logo":{"@type":"ImageObject","inLanguage":"es","@id":"https:\/\/www.nexoinformativo.mx\/#\/schema\/logo\/image\/","url":"https:\/\/www.nexoinformativo.mx\/wp-content\/uploads\/2024\/07\/nexoi-trasparente-2.png","contentUrl":"https:\/\/www.nexoinformativo.mx\/wp-content\/uploads\/2024\/07\/nexoi-trasparente-2.png","width":816,"height":339,"caption":"Nexo Informativo Santiago de Quer\u00e9taro"},"image":{"@id":"https:\/\/www.nexoinformativo.mx\/#\/schema\/logo\/image\/"},"sameAs":["https:\/\/www.facebook.com\/people\/Nexo-Informativo\/61564066885511\/"]},{"@type":"Person","@id":"https:\/\/www.nexoinformativo.mx\/#\/schema\/person\/7749d380ba08c8ca00d7bc76fd907b7d","name":"Nexo Informativo","image":{"@type":"ImageObject","inLanguage":"es","@id":"https:\/\/www.nexoinformativo.mx\/#\/schema\/person\/image\/","url":"https:\/\/secure.gravatar.com\/avatar\/dde2928154642a13d95f87ddf1ea9718fe2b46760a005c53e41ff5ad610704e6?s=96&d=mm&r=g","contentUrl":"https:\/\/secure.gravatar.com\/avatar\/dde2928154642a13d95f87ddf1ea9718fe2b46760a005c53e41ff5ad610704e6?s=96&d=mm&r=g","caption":"Nexo Informativo"},"url":"https:\/\/www.nexoinformativo.mx\/index.php\/author\/edicion\/"}]}},"_links":{"self":[{"href":"https:\/\/www.nexoinformativo.mx\/index.php\/wp-json\/wp\/v2\/posts\/10486","targetHints":{"allow":["GET"]}}],"collection":[{"href":"https:\/\/www.nexoinformativo.mx\/index.php\/wp-json\/wp\/v2\/posts"}],"about":[{"href":"https:\/\/www.nexoinformativo.mx\/index.php\/wp-json\/wp\/v2\/types\/post"}],"author":[{"embeddable":true,"href":"https:\/\/www.nexoinformativo.mx\/index.php\/wp-json\/wp\/v2\/users\/3"}],"replies":[{"embeddable":true,"href":"https:\/\/www.nexoinformativo.mx\/index.php\/wp-json\/wp\/v2\/comments?post=10486"}],"version-history":[{"count":3,"href":"https:\/\/www.nexoinformativo.mx\/index.php\/wp-json\/wp\/v2\/posts\/10486\/revisions"}],"predecessor-version":[{"id":10490,"href":"https:\/\/www.nexoinformativo.mx\/index.php\/wp-json\/wp\/v2\/posts\/10486\/revisions\/10490"}],"wp:featuredmedia":[{"embeddable":true,"href":"https:\/\/www.nexoinformativo.mx\/index.php\/wp-json\/wp\/v2\/media\/10487"}],"wp:attachment":[{"href":"https:\/\/www.nexoinformativo.mx\/index.php\/wp-json\/wp\/v2\/media?parent=10486"}],"wp:term":[{"taxonomy":"category","embeddable":true,"href":"https:\/\/www.nexoinformativo.mx\/index.php\/wp-json\/wp\/v2\/categories?post=10486"},{"taxonomy":"post_tag","embeddable":true,"href":"https:\/\/www.nexoinformativo.mx\/index.php\/wp-json\/wp\/v2\/tags?post=10486"}],"curies":[{"name":"wp","href":"https:\/\/api.w.org\/{rel}","templated":true}]}}