{"id":10491,"date":"2025-01-23T11:00:05","date_gmt":"2025-01-23T17:00:05","guid":{"rendered":"https:\/\/www.nexoinformativo.mx\/?p=10491"},"modified":"2025-01-23T14:34:08","modified_gmt":"2025-01-23T20:34:08","slug":"el-marques-supera-meta-de-recaudacion-predial-con-mas-de-33-del-monto-presupuestado","status":"publish","type":"post","link":"https:\/\/www.nexoinformativo.mx\/index.php\/2025\/01\/23\/el-marques-supera-meta-de-recaudacion-predial-con-mas-de-33-del-monto-presupuestado\/","title":{"rendered":"El Marqu\u00e9s supera meta de recaudaci\u00f3n predial con mas de 33% del monto presupuestado"},"content":{"rendered":"<p style=\"text-align: justify;\" data-sourcepos=\"11:1-11:297\">El municipio de El Marqu\u00e9s ha logrado superar las expectativas en la recaudaci\u00f3n del impuesto predial correspondiente al a\u00f1o 2025. Gracias a la participaci\u00f3n de los ciudadanos y a las facilidades de pago ofrecidas, se ha recaudado m\u00e1s del 33% del monto presupuestado.<\/p>\n<\/p>\n<p>&nbsp;<\/p>\n<p style=\"text-align: justify;\" data-sourcepos=\"13:1-13:376\">Esta importante recaudaci\u00f3n se ha logrado gracias a una campa\u00f1a de descuentos en el pago del predial, que ha incentivado a los contribuyentes a cumplir con esta obligaci\u00f3n. Los recursos obtenidos ser\u00e1n destinados a mejorar la calidad de vida de los habitantes del municipio, a trav\u00e9s de la inversi\u00f3n en obras p\u00fablicas, seguridad, servicios sociales y programas de desarrollo.<\/p>\n<\/p>\n<p>&nbsp;<\/p>\n<p style=\"text-align: justify;\" data-sourcepos=\"15:1-15:335\">La directora de Ingresos, Rosa L\u00f3pez Mungu\u00eda, destac\u00f3 la importancia de que los ciudadanos cumplan con el pago del predial, ya que estos recursos se reinvierten en beneficio de toda la comunidad. &#8220;Con el pago del predial se mejora la calidad de vida de los ciudadanos, con m\u00e1s obras, seguridad, servicios y programas sociales&#8221;, afirm\u00f3.<\/p>\n<\/p>\n<p>&nbsp;<\/p>\n<p style=\"text-align: justify;\" data-sourcepos=\"17:1-17:350\">Para facilitar el pago del predial, el municipio ha puesto a disposici\u00f3n de los contribuyentes diversas opciones, como descuentos por pronto pago, pagos a meses sin intereses y la posibilidad de realizar el tr\u00e1mite en l\u00ednea. Adem\u00e1s, se han habilitado cajas recaudadoras en diferentes puntos de la demarcaci\u00f3n para facilitar el acceso a este servicio.<\/p>\n<\/p>\n<p>&nbsp;<\/p>\n<p style=\"text-align: justify;\" data-sourcepos=\"19:1-19:177\">Es importante destacar que, al realizar el pago anual del predial, los contribuyentes obtienen un seguro gratuito para sus viviendas contra robo, incendio y fen\u00f3menos naturales.<\/p>\n<\/p>\n<p>&nbsp;<\/p>\n<p style=\"text-align: justify;\" data-sourcepos=\"21:1-21:170\">El municipio de El Marqu\u00e9s invita a los ciudadanos que a\u00fan no han realizado su pago a aprovechar los beneficios de la campa\u00f1a y contribuir al desarrollo de su comunidad.<\/p>\n<\/p>\n<p>&nbsp;<\/p>\n<p style=\"text-align: center;\" data-sourcepos=\"21:1-21:170\"><em><strong>\u00a1Informaci\u00f3n que transforma!<\/strong><\/em><\/p>\n","protected":false},"excerpt":{"rendered":"<p>El municipio de El Marqu\u00e9s ha logrado superar las expectativas en la recaudaci\u00f3n del impuesto predial correspondiente al a\u00f1o 2025. Gracias a la participaci\u00f3n de los ciudadanos y a las facilidades de pago ofrecidas, se ha recaudado m\u00e1s del 33% del monto presupuestado.<\/p>\n","protected":false},"author":3,"featured_media":10492,"comment_status":"open","ping_status":"open","sticky":false,"template":"","format":"standard","meta":{"footnotes":""},"categories":[65,58],"tags":[781,3031,3207,133],"class_list":["post-10491","post","type-post","status-publish","format-standard","has-post-thumbnail","hentry","category-municipios","category-ultima-hora","tag-desarrollomunicipal","tag-pagodeimpuestos","tag-predialelmarques","tag-queretaro"],"yoast_head":"<!-- This site is optimized with the Yoast SEO plugin v25.0 - https:\/\/yoast.com\/wordpress\/plugins\/seo\/ -->\n<title>El Marqu\u00e9s supera meta de recaudaci\u00f3n predial con mas de 33% del monto presupuestado | Nexo Informativo Santiago de Quer\u00e9taro<\/title>\n<meta name=\"description\" content=\"El Marqu\u00e9s supera meta de recaudaci\u00f3n predial con mas de 33% del monto presupuestado\" \/>\n<meta name=\"robots\" content=\"index, follow, max-snippet:-1, max-image-preview:large, max-video-preview:-1\" \/>\n<link rel=\"canonical\" href=\"https:\/\/www.nexoinformativo.mx\/index.php\/2025\/01\/23\/el-marques-supera-meta-de-recaudacion-predial-con-mas-de-33-del-monto-presupuestado\/\" \/>\n<meta property=\"og:locale\" content=\"es_MX\" \/>\n<meta property=\"og:type\" content=\"article\" \/>\n<meta property=\"og:title\" content=\"El Marqu\u00e9s supera meta de recaudaci\u00f3n predial con mas de 33% del monto presupuestado | Nexo Informativo Santiago de Quer\u00e9taro\" \/>\n<meta property=\"og:description\" content=\"El Marqu\u00e9s supera meta de recaudaci\u00f3n predial con mas de 33% del monto presupuestado\" \/>\n<meta property=\"og:url\" content=\"https:\/\/www.nexoinformativo.mx\/index.php\/2025\/01\/23\/el-marques-supera-meta-de-recaudacion-predial-con-mas-de-33-del-monto-presupuestado\/\" \/>\n<meta property=\"og:site_name\" content=\"Nexo Informativo Santiago de Quer\u00e9taro\" \/>\n<meta property=\"article:publisher\" content=\"https:\/\/www.facebook.com\/people\/Nexo-Informativo\/61564066885511\/\" \/>\n<meta property=\"article:published_time\" content=\"2025-01-23T17:00:05+00:00\" \/>\n<meta property=\"article:modified_time\" content=\"2025-01-23T20:34:08+00:00\" \/>\n<meta property=\"og:image\" content=\"https:\/\/www.nexoinformativo.mx\/wp-content\/uploads\/2025\/01\/IMG_9492-scaled-e1737664408981.jpg\" \/>\n\t<meta property=\"og:image:width\" content=\"800\" \/>\n\t<meta property=\"og:image:height\" content=\"533\" \/>\n\t<meta property=\"og:image:type\" content=\"image\/jpeg\" \/>\n<meta name=\"author\" content=\"Nexo Informativo\" \/>\n<meta name=\"twitter:card\" content=\"summary_large_image\" \/>\n<meta name=\"twitter:label1\" content=\"Escrito por\" \/>\n\t<meta name=\"twitter:data1\" content=\"Nexo Informativo\" \/>\n\t<meta name=\"twitter:label2\" content=\"Tiempo de lectura\" \/>\n\t<meta name=\"twitter:data2\" content=\"2 minutos\" \/>\n<script type=\"application\/ld+json\" class=\"yoast-schema-graph\">{\"@context\":\"https:\/\/schema.org\",\"@graph\":[{\"@type\":\"Article\",\"@id\":\"https:\/\/www.nexoinformativo.mx\/index.php\/2025\/01\/23\/el-marques-supera-meta-de-recaudacion-predial-con-mas-de-33-del-monto-presupuestado\/#article\",\"isPartOf\":{\"@id\":\"https:\/\/www.nexoinformativo.mx\/index.php\/2025\/01\/23\/el-marques-supera-meta-de-recaudacion-predial-con-mas-de-33-del-monto-presupuestado\/\"},\"author\":{\"name\":\"Nexo Informativo\",\"@id\":\"https:\/\/www.nexoinformativo.mx\/#\/schema\/person\/7749d380ba08c8ca00d7bc76fd907b7d\"},\"headline\":\"El Marqu\u00e9s supera meta de recaudaci\u00f3n predial con mas de 33% del monto presupuestado\",\"datePublished\":\"2025-01-23T17:00:05+00:00\",\"dateModified\":\"2025-01-23T20:34:08+00:00\",\"mainEntityOfPage\":{\"@id\":\"https:\/\/www.nexoinformativo.mx\/index.php\/2025\/01\/23\/el-marques-supera-meta-de-recaudacion-predial-con-mas-de-33-del-monto-presupuestado\/\"},\"wordCount\":315,\"commentCount\":0,\"publisher\":{\"@id\":\"https:\/\/www.nexoinformativo.mx\/#organization\"},\"image\":{\"@id\":\"https:\/\/www.nexoinformativo.mx\/index.php\/2025\/01\/23\/el-marques-supera-meta-de-recaudacion-predial-con-mas-de-33-del-monto-presupuestado\/#primaryimage\"},\"thumbnailUrl\":\"https:\/\/www.nexoinformativo.mx\/wp-content\/uploads\/2025\/01\/IMG_9492-scaled-e1737664408981.jpg\",\"keywords\":[\"DesarrolloMunicipal\",\"PagoDeImpuestos\",\"PredialElMarqu\u00e9s\",\"Quer\u00e9taro\"],\"articleSection\":[\"Municipios\",\"\u00daltima Hora\"],\"inLanguage\":\"es\",\"potentialAction\":[{\"@type\":\"CommentAction\",\"name\":\"Comment\",\"target\":[\"https:\/\/www.nexoinformativo.mx\/index.php\/2025\/01\/23\/el-marques-supera-meta-de-recaudacion-predial-con-mas-de-33-del-monto-presupuestado\/#respond\"]}]},{\"@type\":\"WebPage\",\"@id\":\"https:\/\/www.nexoinformativo.mx\/index.php\/2025\/01\/23\/el-marques-supera-meta-de-recaudacion-predial-con-mas-de-33-del-monto-presupuestado\/\",\"url\":\"https:\/\/www.nexoinformativo.mx\/index.php\/2025\/01\/23\/el-marques-supera-meta-de-recaudacion-predial-con-mas-de-33-del-monto-presupuestado\/\",\"name\":\"El Marqu\u00e9s supera meta de recaudaci\u00f3n predial con mas de 33% del monto presupuestado | Nexo Informativo Santiago de Quer\u00e9taro\",\"isPartOf\":{\"@id\":\"https:\/\/www.nexoinformativo.mx\/#website\"},\"primaryImageOfPage\":{\"@id\":\"https:\/\/www.nexoinformativo.mx\/index.php\/2025\/01\/23\/el-marques-supera-meta-de-recaudacion-predial-con-mas-de-33-del-monto-presupuestado\/#primaryimage\"},\"image\":{\"@id\":\"https:\/\/www.nexoinformativo.mx\/index.php\/2025\/01\/23\/el-marques-supera-meta-de-recaudacion-predial-con-mas-de-33-del-monto-presupuestado\/#primaryimage\"},\"thumbnailUrl\":\"https:\/\/www.nexoinformativo.mx\/wp-content\/uploads\/2025\/01\/IMG_9492-scaled-e1737664408981.jpg\",\"datePublished\":\"2025-01-23T17:00:05+00:00\",\"dateModified\":\"2025-01-23T20:34:08+00:00\",\"description\":\"El Marqu\u00e9s supera meta de recaudaci\u00f3n predial con mas de 33% del monto presupuestado\",\"breadcrumb\":{\"@id\":\"https:\/\/www.nexoinformativo.mx\/index.php\/2025\/01\/23\/el-marques-supera-meta-de-recaudacion-predial-con-mas-de-33-del-monto-presupuestado\/#breadcrumb\"},\"inLanguage\":\"es\",\"potentialAction\":[{\"@type\":\"ReadAction\",\"target\":[\"https:\/\/www.nexoinformativo.mx\/index.php\/2025\/01\/23\/el-marques-supera-meta-de-recaudacion-predial-con-mas-de-33-del-monto-presupuestado\/\"]}]},{\"@type\":\"ImageObject\",\"inLanguage\":\"es\",\"@id\":\"https:\/\/www.nexoinformativo.mx\/index.php\/2025\/01\/23\/el-marques-supera-meta-de-recaudacion-predial-con-mas-de-33-del-monto-presupuestado\/#primaryimage\",\"url\":\"https:\/\/www.nexoinformativo.mx\/wp-content\/uploads\/2025\/01\/IMG_9492-scaled-e1737664408981.jpg\",\"contentUrl\":\"https:\/\/www.nexoinformativo.mx\/wp-content\/uploads\/2025\/01\/IMG_9492-scaled-e1737664408981.jpg\",\"width\":800,\"height\":533},{\"@type\":\"BreadcrumbList\",\"@id\":\"https:\/\/www.nexoinformativo.mx\/index.php\/2025\/01\/23\/el-marques-supera-meta-de-recaudacion-predial-con-mas-de-33-del-monto-presupuestado\/#breadcrumb\",\"itemListElement\":[{\"@type\":\"ListItem\",\"position\":1,\"name\":\"Inicio\",\"item\":\"https:\/\/www.nexoinformativo.mx\/\"},{\"@type\":\"ListItem\",\"position\":2,\"name\":\"El Marqu\u00e9s supera meta de recaudaci\u00f3n predial con mas de 33% del monto presupuestado\"}]},{\"@type\":\"WebSite\",\"@id\":\"https:\/\/www.nexoinformativo.mx\/#website\",\"url\":\"https:\/\/www.nexoinformativo.mx\/\",\"name\":\"Nexo Informativo Santiago de Quer\u00e9taro\",\"description\":\"Explora NexoInformativo y convi\u00e9rtete en parte de una comunidad que valora el conocimiento y la verdad. Tu nexoinformativo es tu puente hacia una comprensi\u00f3n m\u00e1s profunda del mundo que te rodea.\",\"publisher\":{\"@id\":\"https:\/\/www.nexoinformativo.mx\/#organization\"},\"potentialAction\":[{\"@type\":\"SearchAction\",\"target\":{\"@type\":\"EntryPoint\",\"urlTemplate\":\"https:\/\/www.nexoinformativo.mx\/?s={search_term_string}\"},\"query-input\":{\"@type\":\"PropertyValueSpecification\",\"valueRequired\":true,\"valueName\":\"search_term_string\"}}],\"inLanguage\":\"es\"},{\"@type\":\"Organization\",\"@id\":\"https:\/\/www.nexoinformativo.mx\/#organization\",\"name\":\"Nexo Informativo Santiago de Quer\u00e9taro\",\"url\":\"https:\/\/www.nexoinformativo.mx\/\",\"logo\":{\"@type\":\"ImageObject\",\"inLanguage\":\"es\",\"@id\":\"https:\/\/www.nexoinformativo.mx\/#\/schema\/logo\/image\/\",\"url\":\"https:\/\/www.nexoinformativo.mx\/wp-content\/uploads\/2024\/07\/nexoi-trasparente-2.png\",\"contentUrl\":\"https:\/\/www.nexoinformativo.mx\/wp-content\/uploads\/2024\/07\/nexoi-trasparente-2.png\",\"width\":816,\"height\":339,\"caption\":\"Nexo Informativo Santiago de Quer\u00e9taro\"},\"image\":{\"@id\":\"https:\/\/www.nexoinformativo.mx\/#\/schema\/logo\/image\/\"},\"sameAs\":[\"https:\/\/www.facebook.com\/people\/Nexo-Informativo\/61564066885511\/\"]},{\"@type\":\"Person\",\"@id\":\"https:\/\/www.nexoinformativo.mx\/#\/schema\/person\/7749d380ba08c8ca00d7bc76fd907b7d\",\"name\":\"Nexo Informativo\",\"image\":{\"@type\":\"ImageObject\",\"inLanguage\":\"es\",\"@id\":\"https:\/\/www.nexoinformativo.mx\/#\/schema\/person\/image\/\",\"url\":\"https:\/\/secure.gravatar.com\/avatar\/dde2928154642a13d95f87ddf1ea9718fe2b46760a005c53e41ff5ad610704e6?s=96&d=mm&r=g\",\"contentUrl\":\"https:\/\/secure.gravatar.com\/avatar\/dde2928154642a13d95f87ddf1ea9718fe2b46760a005c53e41ff5ad610704e6?s=96&d=mm&r=g\",\"caption\":\"Nexo Informativo\"},\"url\":\"https:\/\/www.nexoinformativo.mx\/index.php\/author\/edicion\/\"}]}<\/script>\n<!-- \/ Yoast SEO plugin. -->","yoast_head_json":{"title":"El Marqu\u00e9s supera meta de recaudaci\u00f3n predial con mas de 33% del monto presupuestado | Nexo Informativo Santiago de Quer\u00e9taro","description":"El Marqu\u00e9s supera meta de recaudaci\u00f3n predial con mas de 33% del monto presupuestado","robots":{"index":"index","follow":"follow","max-snippet":"max-snippet:-1","max-image-preview":"max-image-preview:large","max-video-preview":"max-video-preview:-1"},"canonical":"https:\/\/www.nexoinformativo.mx\/index.php\/2025\/01\/23\/el-marques-supera-meta-de-recaudacion-predial-con-mas-de-33-del-monto-presupuestado\/","og_locale":"es_MX","og_type":"article","og_title":"El Marqu\u00e9s supera meta de recaudaci\u00f3n predial con mas de 33% del monto presupuestado | Nexo Informativo Santiago de Quer\u00e9taro","og_description":"El Marqu\u00e9s supera meta de recaudaci\u00f3n predial con mas de 33% del monto presupuestado","og_url":"https:\/\/www.nexoinformativo.mx\/index.php\/2025\/01\/23\/el-marques-supera-meta-de-recaudacion-predial-con-mas-de-33-del-monto-presupuestado\/","og_site_name":"Nexo Informativo Santiago de Quer\u00e9taro","article_publisher":"https:\/\/www.facebook.com\/people\/Nexo-Informativo\/61564066885511\/","article_published_time":"2025-01-23T17:00:05+00:00","article_modified_time":"2025-01-23T20:34:08+00:00","og_image":[{"width":800,"height":533,"url":"https:\/\/www.nexoinformativo.mx\/wp-content\/uploads\/2025\/01\/IMG_9492-scaled-e1737664408981.jpg","type":"image\/jpeg"}],"author":"Nexo Informativo","twitter_card":"summary_large_image","twitter_misc":{"Escrito por":"Nexo Informativo","Tiempo de lectura":"2 minutos"},"schema":{"@context":"https:\/\/schema.org","@graph":[{"@type":"Article","@id":"https:\/\/www.nexoinformativo.mx\/index.php\/2025\/01\/23\/el-marques-supera-meta-de-recaudacion-predial-con-mas-de-33-del-monto-presupuestado\/#article","isPartOf":{"@id":"https:\/\/www.nexoinformativo.mx\/index.php\/2025\/01\/23\/el-marques-supera-meta-de-recaudacion-predial-con-mas-de-33-del-monto-presupuestado\/"},"author":{"name":"Nexo Informativo","@id":"https:\/\/www.nexoinformativo.mx\/#\/schema\/person\/7749d380ba08c8ca00d7bc76fd907b7d"},"headline":"El Marqu\u00e9s supera meta de recaudaci\u00f3n predial con mas de 33% del monto presupuestado","datePublished":"2025-01-23T17:00:05+00:00","dateModified":"2025-01-23T20:34:08+00:00","mainEntityOfPage":{"@id":"https:\/\/www.nexoinformativo.mx\/index.php\/2025\/01\/23\/el-marques-supera-meta-de-recaudacion-predial-con-mas-de-33-del-monto-presupuestado\/"},"wordCount":315,"commentCount":0,"publisher":{"@id":"https:\/\/www.nexoinformativo.mx\/#organization"},"image":{"@id":"https:\/\/www.nexoinformativo.mx\/index.php\/2025\/01\/23\/el-marques-supera-meta-de-recaudacion-predial-con-mas-de-33-del-monto-presupuestado\/#primaryimage"},"thumbnailUrl":"https:\/\/www.nexoinformativo.mx\/wp-content\/uploads\/2025\/01\/IMG_9492-scaled-e1737664408981.jpg","keywords":["DesarrolloMunicipal","PagoDeImpuestos","PredialElMarqu\u00e9s","Quer\u00e9taro"],"articleSection":["Municipios","\u00daltima Hora"],"inLanguage":"es","potentialAction":[{"@type":"CommentAction","name":"Comment","target":["https:\/\/www.nexoinformativo.mx\/index.php\/2025\/01\/23\/el-marques-supera-meta-de-recaudacion-predial-con-mas-de-33-del-monto-presupuestado\/#respond"]}]},{"@type":"WebPage","@id":"https:\/\/www.nexoinformativo.mx\/index.php\/2025\/01\/23\/el-marques-supera-meta-de-recaudacion-predial-con-mas-de-33-del-monto-presupuestado\/","url":"https:\/\/www.nexoinformativo.mx\/index.php\/2025\/01\/23\/el-marques-supera-meta-de-recaudacion-predial-con-mas-de-33-del-monto-presupuestado\/","name":"El Marqu\u00e9s supera meta de recaudaci\u00f3n predial con mas de 33% del monto presupuestado | Nexo Informativo Santiago de Quer\u00e9taro","isPartOf":{"@id":"https:\/\/www.nexoinformativo.mx\/#website"},"primaryImageOfPage":{"@id":"https:\/\/www.nexoinformativo.mx\/index.php\/2025\/01\/23\/el-marques-supera-meta-de-recaudacion-predial-con-mas-de-33-del-monto-presupuestado\/#primaryimage"},"image":{"@id":"https:\/\/www.nexoinformativo.mx\/index.php\/2025\/01\/23\/el-marques-supera-meta-de-recaudacion-predial-con-mas-de-33-del-monto-presupuestado\/#primaryimage"},"thumbnailUrl":"https:\/\/www.nexoinformativo.mx\/wp-content\/uploads\/2025\/01\/IMG_9492-scaled-e1737664408981.jpg","datePublished":"2025-01-23T17:00:05+00:00","dateModified":"2025-01-23T20:34:08+00:00","description":"El Marqu\u00e9s supera meta de recaudaci\u00f3n predial con mas de 33% del monto presupuestado","breadcrumb":{"@id":"https:\/\/www.nexoinformativo.mx\/index.php\/2025\/01\/23\/el-marques-supera-meta-de-recaudacion-predial-con-mas-de-33-del-monto-presupuestado\/#breadcrumb"},"inLanguage":"es","potentialAction":[{"@type":"ReadAction","target":["https:\/\/www.nexoinformativo.mx\/index.php\/2025\/01\/23\/el-marques-supera-meta-de-recaudacion-predial-con-mas-de-33-del-monto-presupuestado\/"]}]},{"@type":"ImageObject","inLanguage":"es","@id":"https:\/\/www.nexoinformativo.mx\/index.php\/2025\/01\/23\/el-marques-supera-meta-de-recaudacion-predial-con-mas-de-33-del-monto-presupuestado\/#primaryimage","url":"https:\/\/www.nexoinformativo.mx\/wp-content\/uploads\/2025\/01\/IMG_9492-scaled-e1737664408981.jpg","contentUrl":"https:\/\/www.nexoinformativo.mx\/wp-content\/uploads\/2025\/01\/IMG_9492-scaled-e1737664408981.jpg","width":800,"height":533},{"@type":"BreadcrumbList","@id":"https:\/\/www.nexoinformativo.mx\/index.php\/2025\/01\/23\/el-marques-supera-meta-de-recaudacion-predial-con-mas-de-33-del-monto-presupuestado\/#breadcrumb","itemListElement":[{"@type":"ListItem","position":1,"name":"Inicio","item":"https:\/\/www.nexoinformativo.mx\/"},{"@type":"ListItem","position":2,"name":"El Marqu\u00e9s supera meta de recaudaci\u00f3n predial con mas de 33% del monto presupuestado"}]},{"@type":"WebSite","@id":"https:\/\/www.nexoinformativo.mx\/#website","url":"https:\/\/www.nexoinformativo.mx\/","name":"Nexo Informativo Santiago de Quer\u00e9taro","description":"Explora NexoInformativo y convi\u00e9rtete en parte de una comunidad que valora el conocimiento y la verdad. Tu nexoinformativo es tu puente hacia una comprensi\u00f3n m\u00e1s profunda del mundo que te rodea.","publisher":{"@id":"https:\/\/www.nexoinformativo.mx\/#organization"},"potentialAction":[{"@type":"SearchAction","target":{"@type":"EntryPoint","urlTemplate":"https:\/\/www.nexoinformativo.mx\/?s={search_term_string}"},"query-input":{"@type":"PropertyValueSpecification","valueRequired":true,"valueName":"search_term_string"}}],"inLanguage":"es"},{"@type":"Organization","@id":"https:\/\/www.nexoinformativo.mx\/#organization","name":"Nexo Informativo Santiago de Quer\u00e9taro","url":"https:\/\/www.nexoinformativo.mx\/","logo":{"@type":"ImageObject","inLanguage":"es","@id":"https:\/\/www.nexoinformativo.mx\/#\/schema\/logo\/image\/","url":"https:\/\/www.nexoinformativo.mx\/wp-content\/uploads\/2024\/07\/nexoi-trasparente-2.png","contentUrl":"https:\/\/www.nexoinformativo.mx\/wp-content\/uploads\/2024\/07\/nexoi-trasparente-2.png","width":816,"height":339,"caption":"Nexo Informativo Santiago de Quer\u00e9taro"},"image":{"@id":"https:\/\/www.nexoinformativo.mx\/#\/schema\/logo\/image\/"},"sameAs":["https:\/\/www.facebook.com\/people\/Nexo-Informativo\/61564066885511\/"]},{"@type":"Person","@id":"https:\/\/www.nexoinformativo.mx\/#\/schema\/person\/7749d380ba08c8ca00d7bc76fd907b7d","name":"Nexo Informativo","image":{"@type":"ImageObject","inLanguage":"es","@id":"https:\/\/www.nexoinformativo.mx\/#\/schema\/person\/image\/","url":"https:\/\/secure.gravatar.com\/avatar\/dde2928154642a13d95f87ddf1ea9718fe2b46760a005c53e41ff5ad610704e6?s=96&d=mm&r=g","contentUrl":"https:\/\/secure.gravatar.com\/avatar\/dde2928154642a13d95f87ddf1ea9718fe2b46760a005c53e41ff5ad610704e6?s=96&d=mm&r=g","caption":"Nexo Informativo"},"url":"https:\/\/www.nexoinformativo.mx\/index.php\/author\/edicion\/"}]}},"_links":{"self":[{"href":"https:\/\/www.nexoinformativo.mx\/index.php\/wp-json\/wp\/v2\/posts\/10491","targetHints":{"allow":["GET"]}}],"collection":[{"href":"https:\/\/www.nexoinformativo.mx\/index.php\/wp-json\/wp\/v2\/posts"}],"about":[{"href":"https:\/\/www.nexoinformativo.mx\/index.php\/wp-json\/wp\/v2\/types\/post"}],"author":[{"embeddable":true,"href":"https:\/\/www.nexoinformativo.mx\/index.php\/wp-json\/wp\/v2\/users\/3"}],"replies":[{"embeddable":true,"href":"https:\/\/www.nexoinformativo.mx\/index.php\/wp-json\/wp\/v2\/comments?post=10491"}],"version-history":[{"count":2,"href":"https:\/\/www.nexoinformativo.mx\/index.php\/wp-json\/wp\/v2\/posts\/10491\/revisions"}],"predecessor-version":[{"id":10494,"href":"https:\/\/www.nexoinformativo.mx\/index.php\/wp-json\/wp\/v2\/posts\/10491\/revisions\/10494"}],"wp:featuredmedia":[{"embeddable":true,"href":"https:\/\/www.nexoinformativo.mx\/index.php\/wp-json\/wp\/v2\/media\/10492"}],"wp:attachment":[{"href":"https:\/\/www.nexoinformativo.mx\/index.php\/wp-json\/wp\/v2\/media?parent=10491"}],"wp:term":[{"taxonomy":"category","embeddable":true,"href":"https:\/\/www.nexoinformativo.mx\/index.php\/wp-json\/wp\/v2\/categories?post=10491"},{"taxonomy":"post_tag","embeddable":true,"href":"https:\/\/www.nexoinformativo.mx\/index.php\/wp-json\/wp\/v2\/tags?post=10491"}],"curies":[{"name":"wp","href":"https:\/\/api.w.org\/{rel}","templated":true}]}}