{"id":10516,"date":"2025-01-24T06:00:18","date_gmt":"2025-01-24T12:00:18","guid":{"rendered":"https:\/\/www.nexoinformativo.mx\/?p=10516"},"modified":"2025-01-24T06:20:09","modified_gmt":"2025-01-24T12:20:09","slug":"resuelven-homicidio-en-santa-rosa-jauregui-detenido-y-vinculado-a-proceso","status":"publish","type":"post","link":"https:\/\/www.nexoinformativo.mx\/index.php\/2025\/01\/24\/resuelven-homicidio-en-santa-rosa-jauregui-detenido-y-vinculado-a-proceso\/","title":{"rendered":"Resuelven homicidio en Santa Rosa J\u00e1uregui detenido y vinculado a proceso"},"content":{"rendered":"<p style=\"text-align: justify;\" data-sourcepos=\"11:1-11:334\">La Fiscal\u00eda General del Estado de Quer\u00e9taro ha logrado un avance significativo en la investigaci\u00f3n del homicidio ocurrido el pasado 18 de enero en la comunidad de Corea, delegaci\u00f3n Santa Rosa J\u00e1uregui. Un juez de control ha vinculado a proceso a una persona como probable responsable de este lamentable suceso.<\/p>\n<p>&nbsp;<\/p>\n<p style=\"text-align: justify;\" data-sourcepos=\"13:1-13:392\">Gracias a un trabajo exhaustivo de investigaci\u00f3n, que incluy\u00f3 la recolecci\u00f3n de pruebas y el an\u00e1lisis de videos de seguridad, se logr\u00f3 identificar al presunto autor del crimen.<\/p>\n<\/p>\n<p>&nbsp;<\/p>\n<p style=\"text-align: justify;\" data-sourcepos=\"13:1-13:392\">Durante la audiencia inicial, el Ministerio P\u00fablico present\u00f3 los elementos de prueba suficientes para que el juez de control determinara la vinculaci\u00f3n a proceso y la imposici\u00f3n de la prisi\u00f3n preventiva justificada.<\/p>\n<p>&nbsp;<\/p>\n<p style=\"text-align: justify;\" data-sourcepos=\"15:1-15:272\">Con esta resoluci\u00f3n, se da un paso importante hacia la impartici\u00f3n de justicia y se env\u00eda un mensaje claro a la sociedad de que no se tolerar\u00e1n actos de violencia. La Fiscal\u00eda continuar\u00e1 trabajando para esclarecer los hechos y solicitar la pena m\u00e1xima para el responsable.<\/p>\n<p>&nbsp;<\/p>\n<p style=\"text-align: center;\" data-sourcepos=\"15:1-15:272\"><em><strong>\u00a1Informaci\u00f3n que transforma!<\/strong><\/em><\/p>\n","protected":false},"excerpt":{"rendered":"<p>La Fiscal\u00eda General del Estado de Quer\u00e9taro ha logrado un avance significativo en la investigaci\u00f3n del homicidio ocurrido el pasado 18 de enero en la comunidad de Corea, delegaci\u00f3n Santa Rosa J\u00e1uregui. Un juez de control ha vinculado a proceso a una persona como probable responsable de este lamentable suceso.<\/p>\n","protected":false},"author":3,"featured_media":10520,"comment_status":"open","ping_status":"open","sticky":false,"template":"","format":"standard","meta":{"footnotes":""},"categories":[137,58],"tags":[1446,480,133,575],"class_list":["post-10516","post","type-post","status-publish","format-standard","has-post-thumbnail","hentry","category-sucesos","category-ultima-hora","tag-homicidio","tag-justicia","tag-queretaro","tag-santarosajauregui"],"yoast_head":"<!-- This site is optimized with the Yoast SEO plugin v25.0 - https:\/\/yoast.com\/wordpress\/plugins\/seo\/ -->\n<title>Resuelven homicidio en Santa Rosa J\u00e1uregui detenido y vinculado a proceso | Nexo Informativo Santiago de Quer\u00e9taro<\/title>\n<meta name=\"description\" content=\"Resuelven homicidio en Santa Rosa J\u00e1uregui detenido y vinculado a proceso\" \/>\n<meta name=\"robots\" content=\"index, follow, max-snippet:-1, max-image-preview:large, max-video-preview:-1\" \/>\n<link rel=\"canonical\" href=\"https:\/\/www.nexoinformativo.mx\/index.php\/2025\/01\/24\/resuelven-homicidio-en-santa-rosa-jauregui-detenido-y-vinculado-a-proceso\/\" \/>\n<meta property=\"og:locale\" content=\"es_MX\" \/>\n<meta property=\"og:type\" content=\"article\" \/>\n<meta property=\"og:title\" content=\"Resuelven homicidio en Santa Rosa J\u00e1uregui detenido y vinculado a proceso | Nexo Informativo Santiago de Quer\u00e9taro\" \/>\n<meta property=\"og:description\" content=\"Resuelven homicidio en Santa Rosa J\u00e1uregui detenido y vinculado a proceso\" \/>\n<meta property=\"og:url\" content=\"https:\/\/www.nexoinformativo.mx\/index.php\/2025\/01\/24\/resuelven-homicidio-en-santa-rosa-jauregui-detenido-y-vinculado-a-proceso\/\" \/>\n<meta property=\"og:site_name\" content=\"Nexo Informativo Santiago de Quer\u00e9taro\" \/>\n<meta property=\"article:publisher\" content=\"https:\/\/www.facebook.com\/people\/Nexo-Informativo\/61564066885511\/\" \/>\n<meta property=\"article:published_time\" content=\"2025-01-24T12:00:18+00:00\" \/>\n<meta property=\"article:modified_time\" content=\"2025-01-24T12:20:09+00:00\" \/>\n<meta property=\"og:image\" content=\"https:\/\/www.nexoinformativo.mx\/wp-content\/uploads\/2025\/01\/PHOTO-2025-01-24-00-19-30-e1737721180991.jpg\" \/>\n\t<meta property=\"og:image:width\" content=\"800\" \/>\n\t<meta property=\"og:image:height\" content=\"504\" \/>\n\t<meta property=\"og:image:type\" content=\"image\/jpeg\" \/>\n<meta name=\"author\" content=\"Nexo Informativo\" \/>\n<meta name=\"twitter:card\" content=\"summary_large_image\" \/>\n<meta name=\"twitter:label1\" content=\"Escrito por\" \/>\n\t<meta name=\"twitter:data1\" content=\"Nexo Informativo\" \/>\n\t<meta name=\"twitter:label2\" content=\"Tiempo de lectura\" \/>\n\t<meta name=\"twitter:data2\" content=\"1 minuto\" \/>\n<script type=\"application\/ld+json\" class=\"yoast-schema-graph\">{\"@context\":\"https:\/\/schema.org\",\"@graph\":[{\"@type\":\"Article\",\"@id\":\"https:\/\/www.nexoinformativo.mx\/index.php\/2025\/01\/24\/resuelven-homicidio-en-santa-rosa-jauregui-detenido-y-vinculado-a-proceso\/#article\",\"isPartOf\":{\"@id\":\"https:\/\/www.nexoinformativo.mx\/index.php\/2025\/01\/24\/resuelven-homicidio-en-santa-rosa-jauregui-detenido-y-vinculado-a-proceso\/\"},\"author\":{\"name\":\"Nexo Informativo\",\"@id\":\"https:\/\/www.nexoinformativo.mx\/#\/schema\/person\/7749d380ba08c8ca00d7bc76fd907b7d\"},\"headline\":\"Resuelven homicidio en Santa Rosa J\u00e1uregui detenido y vinculado a proceso\",\"datePublished\":\"2025-01-24T12:00:18+00:00\",\"dateModified\":\"2025-01-24T12:20:09+00:00\",\"mainEntityOfPage\":{\"@id\":\"https:\/\/www.nexoinformativo.mx\/index.php\/2025\/01\/24\/resuelven-homicidio-en-santa-rosa-jauregui-detenido-y-vinculado-a-proceso\/\"},\"wordCount\":193,\"commentCount\":0,\"publisher\":{\"@id\":\"https:\/\/www.nexoinformativo.mx\/#organization\"},\"image\":{\"@id\":\"https:\/\/www.nexoinformativo.mx\/index.php\/2025\/01\/24\/resuelven-homicidio-en-santa-rosa-jauregui-detenido-y-vinculado-a-proceso\/#primaryimage\"},\"thumbnailUrl\":\"https:\/\/www.nexoinformativo.mx\/wp-content\/uploads\/2025\/01\/PHOTO-2025-01-24-00-19-30-e1737721180991.jpg\",\"keywords\":[\"Homicidio\",\"Justicia\",\"Quer\u00e9taro\",\"SantaRosaJ\u00e1uregui\"],\"articleSection\":[\"Sucesos\",\"\u00daltima Hora\"],\"inLanguage\":\"es\",\"potentialAction\":[{\"@type\":\"CommentAction\",\"name\":\"Comment\",\"target\":[\"https:\/\/www.nexoinformativo.mx\/index.php\/2025\/01\/24\/resuelven-homicidio-en-santa-rosa-jauregui-detenido-y-vinculado-a-proceso\/#respond\"]}]},{\"@type\":\"WebPage\",\"@id\":\"https:\/\/www.nexoinformativo.mx\/index.php\/2025\/01\/24\/resuelven-homicidio-en-santa-rosa-jauregui-detenido-y-vinculado-a-proceso\/\",\"url\":\"https:\/\/www.nexoinformativo.mx\/index.php\/2025\/01\/24\/resuelven-homicidio-en-santa-rosa-jauregui-detenido-y-vinculado-a-proceso\/\",\"name\":\"Resuelven homicidio en Santa Rosa J\u00e1uregui detenido y vinculado a proceso | Nexo Informativo Santiago de Quer\u00e9taro\",\"isPartOf\":{\"@id\":\"https:\/\/www.nexoinformativo.mx\/#website\"},\"primaryImageOfPage\":{\"@id\":\"https:\/\/www.nexoinformativo.mx\/index.php\/2025\/01\/24\/resuelven-homicidio-en-santa-rosa-jauregui-detenido-y-vinculado-a-proceso\/#primaryimage\"},\"image\":{\"@id\":\"https:\/\/www.nexoinformativo.mx\/index.php\/2025\/01\/24\/resuelven-homicidio-en-santa-rosa-jauregui-detenido-y-vinculado-a-proceso\/#primaryimage\"},\"thumbnailUrl\":\"https:\/\/www.nexoinformativo.mx\/wp-content\/uploads\/2025\/01\/PHOTO-2025-01-24-00-19-30-e1737721180991.jpg\",\"datePublished\":\"2025-01-24T12:00:18+00:00\",\"dateModified\":\"2025-01-24T12:20:09+00:00\",\"description\":\"Resuelven homicidio en Santa Rosa J\u00e1uregui detenido y vinculado a proceso\",\"breadcrumb\":{\"@id\":\"https:\/\/www.nexoinformativo.mx\/index.php\/2025\/01\/24\/resuelven-homicidio-en-santa-rosa-jauregui-detenido-y-vinculado-a-proceso\/#breadcrumb\"},\"inLanguage\":\"es\",\"potentialAction\":[{\"@type\":\"ReadAction\",\"target\":[\"https:\/\/www.nexoinformativo.mx\/index.php\/2025\/01\/24\/resuelven-homicidio-en-santa-rosa-jauregui-detenido-y-vinculado-a-proceso\/\"]}]},{\"@type\":\"ImageObject\",\"inLanguage\":\"es\",\"@id\":\"https:\/\/www.nexoinformativo.mx\/index.php\/2025\/01\/24\/resuelven-homicidio-en-santa-rosa-jauregui-detenido-y-vinculado-a-proceso\/#primaryimage\",\"url\":\"https:\/\/www.nexoinformativo.mx\/wp-content\/uploads\/2025\/01\/PHOTO-2025-01-24-00-19-30-e1737721180991.jpg\",\"contentUrl\":\"https:\/\/www.nexoinformativo.mx\/wp-content\/uploads\/2025\/01\/PHOTO-2025-01-24-00-19-30-e1737721180991.jpg\",\"width\":800,\"height\":504},{\"@type\":\"BreadcrumbList\",\"@id\":\"https:\/\/www.nexoinformativo.mx\/index.php\/2025\/01\/24\/resuelven-homicidio-en-santa-rosa-jauregui-detenido-y-vinculado-a-proceso\/#breadcrumb\",\"itemListElement\":[{\"@type\":\"ListItem\",\"position\":1,\"name\":\"Inicio\",\"item\":\"https:\/\/www.nexoinformativo.mx\/\"},{\"@type\":\"ListItem\",\"position\":2,\"name\":\"Resuelven homicidio en Santa Rosa J\u00e1uregui detenido y vinculado a proceso\"}]},{\"@type\":\"WebSite\",\"@id\":\"https:\/\/www.nexoinformativo.mx\/#website\",\"url\":\"https:\/\/www.nexoinformativo.mx\/\",\"name\":\"Nexo Informativo Santiago de Quer\u00e9taro\",\"description\":\"Explora NexoInformativo y convi\u00e9rtete en parte de una comunidad que valora el conocimiento y la verdad. Tu nexoinformativo es tu puente hacia una comprensi\u00f3n m\u00e1s profunda del mundo que te rodea.\",\"publisher\":{\"@id\":\"https:\/\/www.nexoinformativo.mx\/#organization\"},\"potentialAction\":[{\"@type\":\"SearchAction\",\"target\":{\"@type\":\"EntryPoint\",\"urlTemplate\":\"https:\/\/www.nexoinformativo.mx\/?s={search_term_string}\"},\"query-input\":{\"@type\":\"PropertyValueSpecification\",\"valueRequired\":true,\"valueName\":\"search_term_string\"}}],\"inLanguage\":\"es\"},{\"@type\":\"Organization\",\"@id\":\"https:\/\/www.nexoinformativo.mx\/#organization\",\"name\":\"Nexo Informativo Santiago de Quer\u00e9taro\",\"url\":\"https:\/\/www.nexoinformativo.mx\/\",\"logo\":{\"@type\":\"ImageObject\",\"inLanguage\":\"es\",\"@id\":\"https:\/\/www.nexoinformativo.mx\/#\/schema\/logo\/image\/\",\"url\":\"https:\/\/www.nexoinformativo.mx\/wp-content\/uploads\/2024\/07\/nexoi-trasparente-2.png\",\"contentUrl\":\"https:\/\/www.nexoinformativo.mx\/wp-content\/uploads\/2024\/07\/nexoi-trasparente-2.png\",\"width\":816,\"height\":339,\"caption\":\"Nexo Informativo Santiago de Quer\u00e9taro\"},\"image\":{\"@id\":\"https:\/\/www.nexoinformativo.mx\/#\/schema\/logo\/image\/\"},\"sameAs\":[\"https:\/\/www.facebook.com\/people\/Nexo-Informativo\/61564066885511\/\"]},{\"@type\":\"Person\",\"@id\":\"https:\/\/www.nexoinformativo.mx\/#\/schema\/person\/7749d380ba08c8ca00d7bc76fd907b7d\",\"name\":\"Nexo Informativo\",\"image\":{\"@type\":\"ImageObject\",\"inLanguage\":\"es\",\"@id\":\"https:\/\/www.nexoinformativo.mx\/#\/schema\/person\/image\/\",\"url\":\"https:\/\/secure.gravatar.com\/avatar\/dde2928154642a13d95f87ddf1ea9718fe2b46760a005c53e41ff5ad610704e6?s=96&d=mm&r=g\",\"contentUrl\":\"https:\/\/secure.gravatar.com\/avatar\/dde2928154642a13d95f87ddf1ea9718fe2b46760a005c53e41ff5ad610704e6?s=96&d=mm&r=g\",\"caption\":\"Nexo Informativo\"},\"url\":\"https:\/\/www.nexoinformativo.mx\/index.php\/author\/edicion\/\"}]}<\/script>\n<!-- \/ Yoast SEO plugin. -->","yoast_head_json":{"title":"Resuelven homicidio en Santa Rosa J\u00e1uregui detenido y vinculado a proceso | Nexo Informativo Santiago de Quer\u00e9taro","description":"Resuelven homicidio en Santa Rosa J\u00e1uregui detenido y vinculado a proceso","robots":{"index":"index","follow":"follow","max-snippet":"max-snippet:-1","max-image-preview":"max-image-preview:large","max-video-preview":"max-video-preview:-1"},"canonical":"https:\/\/www.nexoinformativo.mx\/index.php\/2025\/01\/24\/resuelven-homicidio-en-santa-rosa-jauregui-detenido-y-vinculado-a-proceso\/","og_locale":"es_MX","og_type":"article","og_title":"Resuelven homicidio en Santa Rosa J\u00e1uregui detenido y vinculado a proceso | Nexo Informativo Santiago de Quer\u00e9taro","og_description":"Resuelven homicidio en Santa Rosa J\u00e1uregui detenido y vinculado a proceso","og_url":"https:\/\/www.nexoinformativo.mx\/index.php\/2025\/01\/24\/resuelven-homicidio-en-santa-rosa-jauregui-detenido-y-vinculado-a-proceso\/","og_site_name":"Nexo Informativo Santiago de Quer\u00e9taro","article_publisher":"https:\/\/www.facebook.com\/people\/Nexo-Informativo\/61564066885511\/","article_published_time":"2025-01-24T12:00:18+00:00","article_modified_time":"2025-01-24T12:20:09+00:00","og_image":[{"width":800,"height":504,"url":"https:\/\/www.nexoinformativo.mx\/wp-content\/uploads\/2025\/01\/PHOTO-2025-01-24-00-19-30-e1737721180991.jpg","type":"image\/jpeg"}],"author":"Nexo Informativo","twitter_card":"summary_large_image","twitter_misc":{"Escrito por":"Nexo Informativo","Tiempo de lectura":"1 minuto"},"schema":{"@context":"https:\/\/schema.org","@graph":[{"@type":"Article","@id":"https:\/\/www.nexoinformativo.mx\/index.php\/2025\/01\/24\/resuelven-homicidio-en-santa-rosa-jauregui-detenido-y-vinculado-a-proceso\/#article","isPartOf":{"@id":"https:\/\/www.nexoinformativo.mx\/index.php\/2025\/01\/24\/resuelven-homicidio-en-santa-rosa-jauregui-detenido-y-vinculado-a-proceso\/"},"author":{"name":"Nexo Informativo","@id":"https:\/\/www.nexoinformativo.mx\/#\/schema\/person\/7749d380ba08c8ca00d7bc76fd907b7d"},"headline":"Resuelven homicidio en Santa Rosa J\u00e1uregui detenido y vinculado a proceso","datePublished":"2025-01-24T12:00:18+00:00","dateModified":"2025-01-24T12:20:09+00:00","mainEntityOfPage":{"@id":"https:\/\/www.nexoinformativo.mx\/index.php\/2025\/01\/24\/resuelven-homicidio-en-santa-rosa-jauregui-detenido-y-vinculado-a-proceso\/"},"wordCount":193,"commentCount":0,"publisher":{"@id":"https:\/\/www.nexoinformativo.mx\/#organization"},"image":{"@id":"https:\/\/www.nexoinformativo.mx\/index.php\/2025\/01\/24\/resuelven-homicidio-en-santa-rosa-jauregui-detenido-y-vinculado-a-proceso\/#primaryimage"},"thumbnailUrl":"https:\/\/www.nexoinformativo.mx\/wp-content\/uploads\/2025\/01\/PHOTO-2025-01-24-00-19-30-e1737721180991.jpg","keywords":["Homicidio","Justicia","Quer\u00e9taro","SantaRosaJ\u00e1uregui"],"articleSection":["Sucesos","\u00daltima Hora"],"inLanguage":"es","potentialAction":[{"@type":"CommentAction","name":"Comment","target":["https:\/\/www.nexoinformativo.mx\/index.php\/2025\/01\/24\/resuelven-homicidio-en-santa-rosa-jauregui-detenido-y-vinculado-a-proceso\/#respond"]}]},{"@type":"WebPage","@id":"https:\/\/www.nexoinformativo.mx\/index.php\/2025\/01\/24\/resuelven-homicidio-en-santa-rosa-jauregui-detenido-y-vinculado-a-proceso\/","url":"https:\/\/www.nexoinformativo.mx\/index.php\/2025\/01\/24\/resuelven-homicidio-en-santa-rosa-jauregui-detenido-y-vinculado-a-proceso\/","name":"Resuelven homicidio en Santa Rosa J\u00e1uregui detenido y vinculado a proceso | Nexo Informativo Santiago de Quer\u00e9taro","isPartOf":{"@id":"https:\/\/www.nexoinformativo.mx\/#website"},"primaryImageOfPage":{"@id":"https:\/\/www.nexoinformativo.mx\/index.php\/2025\/01\/24\/resuelven-homicidio-en-santa-rosa-jauregui-detenido-y-vinculado-a-proceso\/#primaryimage"},"image":{"@id":"https:\/\/www.nexoinformativo.mx\/index.php\/2025\/01\/24\/resuelven-homicidio-en-santa-rosa-jauregui-detenido-y-vinculado-a-proceso\/#primaryimage"},"thumbnailUrl":"https:\/\/www.nexoinformativo.mx\/wp-content\/uploads\/2025\/01\/PHOTO-2025-01-24-00-19-30-e1737721180991.jpg","datePublished":"2025-01-24T12:00:18+00:00","dateModified":"2025-01-24T12:20:09+00:00","description":"Resuelven homicidio en Santa Rosa J\u00e1uregui detenido y vinculado a proceso","breadcrumb":{"@id":"https:\/\/www.nexoinformativo.mx\/index.php\/2025\/01\/24\/resuelven-homicidio-en-santa-rosa-jauregui-detenido-y-vinculado-a-proceso\/#breadcrumb"},"inLanguage":"es","potentialAction":[{"@type":"ReadAction","target":["https:\/\/www.nexoinformativo.mx\/index.php\/2025\/01\/24\/resuelven-homicidio-en-santa-rosa-jauregui-detenido-y-vinculado-a-proceso\/"]}]},{"@type":"ImageObject","inLanguage":"es","@id":"https:\/\/www.nexoinformativo.mx\/index.php\/2025\/01\/24\/resuelven-homicidio-en-santa-rosa-jauregui-detenido-y-vinculado-a-proceso\/#primaryimage","url":"https:\/\/www.nexoinformativo.mx\/wp-content\/uploads\/2025\/01\/PHOTO-2025-01-24-00-19-30-e1737721180991.jpg","contentUrl":"https:\/\/www.nexoinformativo.mx\/wp-content\/uploads\/2025\/01\/PHOTO-2025-01-24-00-19-30-e1737721180991.jpg","width":800,"height":504},{"@type":"BreadcrumbList","@id":"https:\/\/www.nexoinformativo.mx\/index.php\/2025\/01\/24\/resuelven-homicidio-en-santa-rosa-jauregui-detenido-y-vinculado-a-proceso\/#breadcrumb","itemListElement":[{"@type":"ListItem","position":1,"name":"Inicio","item":"https:\/\/www.nexoinformativo.mx\/"},{"@type":"ListItem","position":2,"name":"Resuelven homicidio en Santa Rosa J\u00e1uregui detenido y vinculado a proceso"}]},{"@type":"WebSite","@id":"https:\/\/www.nexoinformativo.mx\/#website","url":"https:\/\/www.nexoinformativo.mx\/","name":"Nexo Informativo Santiago de Quer\u00e9taro","description":"Explora NexoInformativo y convi\u00e9rtete en parte de una comunidad que valora el conocimiento y la verdad. Tu nexoinformativo es tu puente hacia una comprensi\u00f3n m\u00e1s profunda del mundo que te rodea.","publisher":{"@id":"https:\/\/www.nexoinformativo.mx\/#organization"},"potentialAction":[{"@type":"SearchAction","target":{"@type":"EntryPoint","urlTemplate":"https:\/\/www.nexoinformativo.mx\/?s={search_term_string}"},"query-input":{"@type":"PropertyValueSpecification","valueRequired":true,"valueName":"search_term_string"}}],"inLanguage":"es"},{"@type":"Organization","@id":"https:\/\/www.nexoinformativo.mx\/#organization","name":"Nexo Informativo Santiago de Quer\u00e9taro","url":"https:\/\/www.nexoinformativo.mx\/","logo":{"@type":"ImageObject","inLanguage":"es","@id":"https:\/\/www.nexoinformativo.mx\/#\/schema\/logo\/image\/","url":"https:\/\/www.nexoinformativo.mx\/wp-content\/uploads\/2024\/07\/nexoi-trasparente-2.png","contentUrl":"https:\/\/www.nexoinformativo.mx\/wp-content\/uploads\/2024\/07\/nexoi-trasparente-2.png","width":816,"height":339,"caption":"Nexo Informativo Santiago de Quer\u00e9taro"},"image":{"@id":"https:\/\/www.nexoinformativo.mx\/#\/schema\/logo\/image\/"},"sameAs":["https:\/\/www.facebook.com\/people\/Nexo-Informativo\/61564066885511\/"]},{"@type":"Person","@id":"https:\/\/www.nexoinformativo.mx\/#\/schema\/person\/7749d380ba08c8ca00d7bc76fd907b7d","name":"Nexo Informativo","image":{"@type":"ImageObject","inLanguage":"es","@id":"https:\/\/www.nexoinformativo.mx\/#\/schema\/person\/image\/","url":"https:\/\/secure.gravatar.com\/avatar\/dde2928154642a13d95f87ddf1ea9718fe2b46760a005c53e41ff5ad610704e6?s=96&d=mm&r=g","contentUrl":"https:\/\/secure.gravatar.com\/avatar\/dde2928154642a13d95f87ddf1ea9718fe2b46760a005c53e41ff5ad610704e6?s=96&d=mm&r=g","caption":"Nexo Informativo"},"url":"https:\/\/www.nexoinformativo.mx\/index.php\/author\/edicion\/"}]}},"_links":{"self":[{"href":"https:\/\/www.nexoinformativo.mx\/index.php\/wp-json\/wp\/v2\/posts\/10516","targetHints":{"allow":["GET"]}}],"collection":[{"href":"https:\/\/www.nexoinformativo.mx\/index.php\/wp-json\/wp\/v2\/posts"}],"about":[{"href":"https:\/\/www.nexoinformativo.mx\/index.php\/wp-json\/wp\/v2\/types\/post"}],"author":[{"embeddable":true,"href":"https:\/\/www.nexoinformativo.mx\/index.php\/wp-json\/wp\/v2\/users\/3"}],"replies":[{"embeddable":true,"href":"https:\/\/www.nexoinformativo.mx\/index.php\/wp-json\/wp\/v2\/comments?post=10516"}],"version-history":[{"count":5,"href":"https:\/\/www.nexoinformativo.mx\/index.php\/wp-json\/wp\/v2\/posts\/10516\/revisions"}],"predecessor-version":[{"id":10522,"href":"https:\/\/www.nexoinformativo.mx\/index.php\/wp-json\/wp\/v2\/posts\/10516\/revisions\/10522"}],"wp:featuredmedia":[{"embeddable":true,"href":"https:\/\/www.nexoinformativo.mx\/index.php\/wp-json\/wp\/v2\/media\/10520"}],"wp:attachment":[{"href":"https:\/\/www.nexoinformativo.mx\/index.php\/wp-json\/wp\/v2\/media?parent=10516"}],"wp:term":[{"taxonomy":"category","embeddable":true,"href":"https:\/\/www.nexoinformativo.mx\/index.php\/wp-json\/wp\/v2\/categories?post=10516"},{"taxonomy":"post_tag","embeddable":true,"href":"https:\/\/www.nexoinformativo.mx\/index.php\/wp-json\/wp\/v2\/tags?post=10516"}],"curies":[{"name":"wp","href":"https:\/\/api.w.org\/{rel}","templated":true}]}}