{"id":10535,"date":"2025-01-24T06:45:46","date_gmt":"2025-01-24T12:45:46","guid":{"rendered":"https:\/\/www.nexoinformativo.mx\/?p=10535"},"modified":"2025-01-24T06:56:55","modified_gmt":"2025-01-24T12:56:55","slug":"queretaro-consolida-su-posicion-como-destino-turistico-sostenible-a-nivel-internacional","status":"publish","type":"post","link":"https:\/\/www.nexoinformativo.mx\/index.php\/2025\/01\/24\/queretaro-consolida-su-posicion-como-destino-turistico-sostenible-a-nivel-internacional\/","title":{"rendered":"Quer\u00e9taro consolida su posici\u00f3n como destino tur\u00edstico sostenible a nivel internacional"},"content":{"rendered":"<p style=\"text-align: justify;\" data-sourcepos=\"11:1-11:537\">En el marco de la <strong>Feria Internacional de Turismo de Madrid<\/strong> (FITUR), la Secretar\u00eda de Turismo del estado de Quer\u00e9taro (SECTUR) ha dado un paso significativo en la consolidaci\u00f3n de la entidad como un destino tur\u00edstico de primer nivel a nivel internacional.<\/p>\n<p>&nbsp;<\/p>\n<p style=\"text-align: justify;\" data-sourcepos=\"11:1-11:537\">La titular de la SECTUR, Adriana Vega V\u00e1zquez, ha encabezado una serie de reuniones con importantes actores del sector tur\u00edstico, con el objetivo de fortalecer las alianzas estrat\u00e9gicas y promover el estado como un destino sostenible y atractivo.<\/p>\n<p>&nbsp;<\/p>\n<p style=\"text-align: justify;\" data-sourcepos=\"13:1-13:388\">Uno de los logros m\u00e1s destacados de estas reuniones ha sido la entrega del <strong>Plan de Acci\u00f3n Clim\u00e1tica del estado de Quer\u00e9taro en el Turismo a la Organizaci\u00f3n Mundial del Turismo<\/strong> (OMT). Este plan, que contempla acciones concretas para combatir el cambio clim\u00e1tico y promover la sostenibilidad en el sector tur\u00edstico, posiciona a Quer\u00e9taro como un referente en materia de turismo responsable.<\/p>\n<p>&nbsp;<\/p>\n<p style=\"text-align: justify;\" data-sourcepos=\"15:1-15:369\">Y se han establecido acuerdos con el <strong>Consejo Mundial de Viajes y Turismo<\/strong> (WTTC) para impulsar la certificaci\u00f3n de hoteles en Quer\u00e9taro bajo los est\u00e1ndares de sostenibilidad establecidos por esta organizaci\u00f3n. Esta certificaci\u00f3n permitir\u00e1 a los establecimientos hoteleros de la entidad diferenciarse en el mercado y atraer a un turismo m\u00e1s consciente y exigente.<\/p>\n<p>&nbsp;<\/p>\n<p style=\"text-align: justify;\" data-sourcepos=\"17:1-17:180\">Adem\u00e1s, se han fortalecido las alianzas con empresas touroperadoras internacionales, lo que permitir\u00e1 aumentar la promoci\u00f3n de Quer\u00e9taro en los mercados europeos y norteamericanos.<\/p>\n<p>&nbsp;<\/p>\n<p style=\"text-align: justify;\" data-sourcepos=\"19:1-19:255\">El gobierno de Quer\u00e9taro demuestra su compromiso con el desarrollo de un turismo sostenible y de calidad, que genere beneficios econ\u00f3micos y sociales para la entidad, al tiempo que protege el medio ambiente y promueve la cultura local.<\/p>\n<p>&nbsp;<\/p>\n<p style=\"text-align: center;\" data-sourcepos=\"19:1-19:255\"><em><strong>\u00a1Informaci\u00f3n que transforma!<\/strong><\/em><\/p>\n","protected":false},"excerpt":{"rendered":"<p>En el marco de la Feria Internacional de Turismo de Madrid (FITUR), la Secretar\u00eda de Turismo del estado de Quer\u00e9taro (SECTUR) ha dado un paso significativo en la consolidaci\u00f3n de la entidad como un destino tur\u00edstico de primer nivel a nivel internacional.<\/p>\n","protected":false},"author":3,"featured_media":10536,"comment_status":"open","ping_status":"open","sticky":false,"template":"","format":"standard","meta":{"footnotes":""},"categories":[5,42,58],"tags":[3214,2337,1451,3215],"class_list":["post-10535","post","type-post","status-publish","format-standard","has-post-thumbnail","hentry","category-economia","category-estado","category-ultima-hora","tag-fitur","tag-queretaroturismo","tag-sostenibilidad","tag-turismoresponsable"],"yoast_head":"<!-- This site is optimized with the Yoast SEO plugin v25.0 - https:\/\/yoast.com\/wordpress\/plugins\/seo\/ -->\n<title>Quer\u00e9taro consolida su posici\u00f3n como destino tur\u00edstico sostenible a nivel internacional | Nexo Informativo Santiago de Quer\u00e9taro<\/title>\n<meta name=\"description\" content=\"Quer\u00e9taro consolida su posici\u00f3n como destino tur\u00edstico sostenible a nivel internacional\" \/>\n<meta name=\"robots\" content=\"index, follow, max-snippet:-1, max-image-preview:large, max-video-preview:-1\" \/>\n<link rel=\"canonical\" href=\"https:\/\/www.nexoinformativo.mx\/index.php\/2025\/01\/24\/queretaro-consolida-su-posicion-como-destino-turistico-sostenible-a-nivel-internacional\/\" \/>\n<meta property=\"og:locale\" content=\"es_MX\" \/>\n<meta property=\"og:type\" content=\"article\" \/>\n<meta property=\"og:title\" content=\"Quer\u00e9taro consolida su posici\u00f3n como destino tur\u00edstico sostenible a nivel internacional | Nexo Informativo Santiago de Quer\u00e9taro\" \/>\n<meta property=\"og:description\" content=\"Quer\u00e9taro consolida su posici\u00f3n como destino tur\u00edstico sostenible a nivel internacional\" \/>\n<meta property=\"og:url\" content=\"https:\/\/www.nexoinformativo.mx\/index.php\/2025\/01\/24\/queretaro-consolida-su-posicion-como-destino-turistico-sostenible-a-nivel-internacional\/\" \/>\n<meta property=\"og:site_name\" content=\"Nexo Informativo Santiago de Quer\u00e9taro\" \/>\n<meta property=\"article:publisher\" content=\"https:\/\/www.facebook.com\/people\/Nexo-Informativo\/61564066885511\/\" \/>\n<meta property=\"article:published_time\" content=\"2025-01-24T12:45:46+00:00\" \/>\n<meta property=\"article:modified_time\" content=\"2025-01-24T12:56:55+00:00\" \/>\n<meta property=\"og:image\" content=\"https:\/\/www.nexoinformativo.mx\/wp-content\/uploads\/2025\/01\/PHOTO-2025-01-24-06-00-06-e1737722184727.jpg\" \/>\n\t<meta property=\"og:image:width\" content=\"800\" \/>\n\t<meta property=\"og:image:height\" content=\"494\" \/>\n\t<meta property=\"og:image:type\" content=\"image\/jpeg\" \/>\n<meta name=\"author\" content=\"Nexo Informativo\" \/>\n<meta name=\"twitter:card\" content=\"summary_large_image\" \/>\n<meta name=\"twitter:label1\" content=\"Escrito por\" \/>\n\t<meta name=\"twitter:data1\" content=\"Nexo Informativo\" \/>\n\t<meta name=\"twitter:label2\" content=\"Tiempo de lectura\" \/>\n\t<meta name=\"twitter:data2\" content=\"2 minutos\" \/>\n<script type=\"application\/ld+json\" class=\"yoast-schema-graph\">{\"@context\":\"https:\/\/schema.org\",\"@graph\":[{\"@type\":\"Article\",\"@id\":\"https:\/\/www.nexoinformativo.mx\/index.php\/2025\/01\/24\/queretaro-consolida-su-posicion-como-destino-turistico-sostenible-a-nivel-internacional\/#article\",\"isPartOf\":{\"@id\":\"https:\/\/www.nexoinformativo.mx\/index.php\/2025\/01\/24\/queretaro-consolida-su-posicion-como-destino-turistico-sostenible-a-nivel-internacional\/\"},\"author\":{\"name\":\"Nexo Informativo\",\"@id\":\"https:\/\/www.nexoinformativo.mx\/#\/schema\/person\/7749d380ba08c8ca00d7bc76fd907b7d\"},\"headline\":\"Quer\u00e9taro consolida su posici\u00f3n como destino tur\u00edstico sostenible a nivel internacional\",\"datePublished\":\"2025-01-24T12:45:46+00:00\",\"dateModified\":\"2025-01-24T12:56:55+00:00\",\"mainEntityOfPage\":{\"@id\":\"https:\/\/www.nexoinformativo.mx\/index.php\/2025\/01\/24\/queretaro-consolida-su-posicion-como-destino-turistico-sostenible-a-nivel-internacional\/\"},\"wordCount\":308,\"commentCount\":0,\"publisher\":{\"@id\":\"https:\/\/www.nexoinformativo.mx\/#organization\"},\"image\":{\"@id\":\"https:\/\/www.nexoinformativo.mx\/index.php\/2025\/01\/24\/queretaro-consolida-su-posicion-como-destino-turistico-sostenible-a-nivel-internacional\/#primaryimage\"},\"thumbnailUrl\":\"https:\/\/www.nexoinformativo.mx\/wp-content\/uploads\/2025\/01\/PHOTO-2025-01-24-06-00-06-e1737722184727.jpg\",\"keywords\":[\"FITUR\",\"Quer\u00e9taroTurismo\",\"Sostenibilidad\",\"TurismoResponsable\"],\"articleSection\":[\"Econom\u00eda\",\"Estado\",\"\u00daltima Hora\"],\"inLanguage\":\"es\",\"potentialAction\":[{\"@type\":\"CommentAction\",\"name\":\"Comment\",\"target\":[\"https:\/\/www.nexoinformativo.mx\/index.php\/2025\/01\/24\/queretaro-consolida-su-posicion-como-destino-turistico-sostenible-a-nivel-internacional\/#respond\"]}]},{\"@type\":\"WebPage\",\"@id\":\"https:\/\/www.nexoinformativo.mx\/index.php\/2025\/01\/24\/queretaro-consolida-su-posicion-como-destino-turistico-sostenible-a-nivel-internacional\/\",\"url\":\"https:\/\/www.nexoinformativo.mx\/index.php\/2025\/01\/24\/queretaro-consolida-su-posicion-como-destino-turistico-sostenible-a-nivel-internacional\/\",\"name\":\"Quer\u00e9taro consolida su posici\u00f3n como destino tur\u00edstico sostenible a nivel internacional | Nexo Informativo Santiago de Quer\u00e9taro\",\"isPartOf\":{\"@id\":\"https:\/\/www.nexoinformativo.mx\/#website\"},\"primaryImageOfPage\":{\"@id\":\"https:\/\/www.nexoinformativo.mx\/index.php\/2025\/01\/24\/queretaro-consolida-su-posicion-como-destino-turistico-sostenible-a-nivel-internacional\/#primaryimage\"},\"image\":{\"@id\":\"https:\/\/www.nexoinformativo.mx\/index.php\/2025\/01\/24\/queretaro-consolida-su-posicion-como-destino-turistico-sostenible-a-nivel-internacional\/#primaryimage\"},\"thumbnailUrl\":\"https:\/\/www.nexoinformativo.mx\/wp-content\/uploads\/2025\/01\/PHOTO-2025-01-24-06-00-06-e1737722184727.jpg\",\"datePublished\":\"2025-01-24T12:45:46+00:00\",\"dateModified\":\"2025-01-24T12:56:55+00:00\",\"description\":\"Quer\u00e9taro consolida su posici\u00f3n como destino tur\u00edstico sostenible a nivel internacional\",\"breadcrumb\":{\"@id\":\"https:\/\/www.nexoinformativo.mx\/index.php\/2025\/01\/24\/queretaro-consolida-su-posicion-como-destino-turistico-sostenible-a-nivel-internacional\/#breadcrumb\"},\"inLanguage\":\"es\",\"potentialAction\":[{\"@type\":\"ReadAction\",\"target\":[\"https:\/\/www.nexoinformativo.mx\/index.php\/2025\/01\/24\/queretaro-consolida-su-posicion-como-destino-turistico-sostenible-a-nivel-internacional\/\"]}]},{\"@type\":\"ImageObject\",\"inLanguage\":\"es\",\"@id\":\"https:\/\/www.nexoinformativo.mx\/index.php\/2025\/01\/24\/queretaro-consolida-su-posicion-como-destino-turistico-sostenible-a-nivel-internacional\/#primaryimage\",\"url\":\"https:\/\/www.nexoinformativo.mx\/wp-content\/uploads\/2025\/01\/PHOTO-2025-01-24-06-00-06-e1737722184727.jpg\",\"contentUrl\":\"https:\/\/www.nexoinformativo.mx\/wp-content\/uploads\/2025\/01\/PHOTO-2025-01-24-06-00-06-e1737722184727.jpg\",\"width\":800,\"height\":494},{\"@type\":\"BreadcrumbList\",\"@id\":\"https:\/\/www.nexoinformativo.mx\/index.php\/2025\/01\/24\/queretaro-consolida-su-posicion-como-destino-turistico-sostenible-a-nivel-internacional\/#breadcrumb\",\"itemListElement\":[{\"@type\":\"ListItem\",\"position\":1,\"name\":\"Inicio\",\"item\":\"https:\/\/www.nexoinformativo.mx\/\"},{\"@type\":\"ListItem\",\"position\":2,\"name\":\"Quer\u00e9taro consolida su posici\u00f3n como destino tur\u00edstico sostenible a nivel internacional\"}]},{\"@type\":\"WebSite\",\"@id\":\"https:\/\/www.nexoinformativo.mx\/#website\",\"url\":\"https:\/\/www.nexoinformativo.mx\/\",\"name\":\"Nexo Informativo Santiago de Quer\u00e9taro\",\"description\":\"Explora NexoInformativo y convi\u00e9rtete en parte de una comunidad que valora el conocimiento y la verdad. Tu nexoinformativo es tu puente hacia una comprensi\u00f3n m\u00e1s profunda del mundo que te rodea.\",\"publisher\":{\"@id\":\"https:\/\/www.nexoinformativo.mx\/#organization\"},\"potentialAction\":[{\"@type\":\"SearchAction\",\"target\":{\"@type\":\"EntryPoint\",\"urlTemplate\":\"https:\/\/www.nexoinformativo.mx\/?s={search_term_string}\"},\"query-input\":{\"@type\":\"PropertyValueSpecification\",\"valueRequired\":true,\"valueName\":\"search_term_string\"}}],\"inLanguage\":\"es\"},{\"@type\":\"Organization\",\"@id\":\"https:\/\/www.nexoinformativo.mx\/#organization\",\"name\":\"Nexo Informativo Santiago de Quer\u00e9taro\",\"url\":\"https:\/\/www.nexoinformativo.mx\/\",\"logo\":{\"@type\":\"ImageObject\",\"inLanguage\":\"es\",\"@id\":\"https:\/\/www.nexoinformativo.mx\/#\/schema\/logo\/image\/\",\"url\":\"https:\/\/www.nexoinformativo.mx\/wp-content\/uploads\/2024\/07\/nexoi-trasparente-2.png\",\"contentUrl\":\"https:\/\/www.nexoinformativo.mx\/wp-content\/uploads\/2024\/07\/nexoi-trasparente-2.png\",\"width\":816,\"height\":339,\"caption\":\"Nexo Informativo Santiago de Quer\u00e9taro\"},\"image\":{\"@id\":\"https:\/\/www.nexoinformativo.mx\/#\/schema\/logo\/image\/\"},\"sameAs\":[\"https:\/\/www.facebook.com\/people\/Nexo-Informativo\/61564066885511\/\"]},{\"@type\":\"Person\",\"@id\":\"https:\/\/www.nexoinformativo.mx\/#\/schema\/person\/7749d380ba08c8ca00d7bc76fd907b7d\",\"name\":\"Nexo Informativo\",\"image\":{\"@type\":\"ImageObject\",\"inLanguage\":\"es\",\"@id\":\"https:\/\/www.nexoinformativo.mx\/#\/schema\/person\/image\/\",\"url\":\"https:\/\/secure.gravatar.com\/avatar\/dde2928154642a13d95f87ddf1ea9718fe2b46760a005c53e41ff5ad610704e6?s=96&d=mm&r=g\",\"contentUrl\":\"https:\/\/secure.gravatar.com\/avatar\/dde2928154642a13d95f87ddf1ea9718fe2b46760a005c53e41ff5ad610704e6?s=96&d=mm&r=g\",\"caption\":\"Nexo Informativo\"},\"url\":\"https:\/\/www.nexoinformativo.mx\/index.php\/author\/edicion\/\"}]}<\/script>\n<!-- \/ Yoast SEO plugin. -->","yoast_head_json":{"title":"Quer\u00e9taro consolida su posici\u00f3n como destino tur\u00edstico sostenible a nivel internacional | Nexo Informativo Santiago de Quer\u00e9taro","description":"Quer\u00e9taro consolida su posici\u00f3n como destino tur\u00edstico sostenible a nivel internacional","robots":{"index":"index","follow":"follow","max-snippet":"max-snippet:-1","max-image-preview":"max-image-preview:large","max-video-preview":"max-video-preview:-1"},"canonical":"https:\/\/www.nexoinformativo.mx\/index.php\/2025\/01\/24\/queretaro-consolida-su-posicion-como-destino-turistico-sostenible-a-nivel-internacional\/","og_locale":"es_MX","og_type":"article","og_title":"Quer\u00e9taro consolida su posici\u00f3n como destino tur\u00edstico sostenible a nivel internacional | Nexo Informativo Santiago de Quer\u00e9taro","og_description":"Quer\u00e9taro consolida su posici\u00f3n como destino tur\u00edstico sostenible a nivel internacional","og_url":"https:\/\/www.nexoinformativo.mx\/index.php\/2025\/01\/24\/queretaro-consolida-su-posicion-como-destino-turistico-sostenible-a-nivel-internacional\/","og_site_name":"Nexo Informativo Santiago de Quer\u00e9taro","article_publisher":"https:\/\/www.facebook.com\/people\/Nexo-Informativo\/61564066885511\/","article_published_time":"2025-01-24T12:45:46+00:00","article_modified_time":"2025-01-24T12:56:55+00:00","og_image":[{"width":800,"height":494,"url":"https:\/\/www.nexoinformativo.mx\/wp-content\/uploads\/2025\/01\/PHOTO-2025-01-24-06-00-06-e1737722184727.jpg","type":"image\/jpeg"}],"author":"Nexo Informativo","twitter_card":"summary_large_image","twitter_misc":{"Escrito por":"Nexo Informativo","Tiempo de lectura":"2 minutos"},"schema":{"@context":"https:\/\/schema.org","@graph":[{"@type":"Article","@id":"https:\/\/www.nexoinformativo.mx\/index.php\/2025\/01\/24\/queretaro-consolida-su-posicion-como-destino-turistico-sostenible-a-nivel-internacional\/#article","isPartOf":{"@id":"https:\/\/www.nexoinformativo.mx\/index.php\/2025\/01\/24\/queretaro-consolida-su-posicion-como-destino-turistico-sostenible-a-nivel-internacional\/"},"author":{"name":"Nexo Informativo","@id":"https:\/\/www.nexoinformativo.mx\/#\/schema\/person\/7749d380ba08c8ca00d7bc76fd907b7d"},"headline":"Quer\u00e9taro consolida su posici\u00f3n como destino tur\u00edstico sostenible a nivel internacional","datePublished":"2025-01-24T12:45:46+00:00","dateModified":"2025-01-24T12:56:55+00:00","mainEntityOfPage":{"@id":"https:\/\/www.nexoinformativo.mx\/index.php\/2025\/01\/24\/queretaro-consolida-su-posicion-como-destino-turistico-sostenible-a-nivel-internacional\/"},"wordCount":308,"commentCount":0,"publisher":{"@id":"https:\/\/www.nexoinformativo.mx\/#organization"},"image":{"@id":"https:\/\/www.nexoinformativo.mx\/index.php\/2025\/01\/24\/queretaro-consolida-su-posicion-como-destino-turistico-sostenible-a-nivel-internacional\/#primaryimage"},"thumbnailUrl":"https:\/\/www.nexoinformativo.mx\/wp-content\/uploads\/2025\/01\/PHOTO-2025-01-24-06-00-06-e1737722184727.jpg","keywords":["FITUR","Quer\u00e9taroTurismo","Sostenibilidad","TurismoResponsable"],"articleSection":["Econom\u00eda","Estado","\u00daltima Hora"],"inLanguage":"es","potentialAction":[{"@type":"CommentAction","name":"Comment","target":["https:\/\/www.nexoinformativo.mx\/index.php\/2025\/01\/24\/queretaro-consolida-su-posicion-como-destino-turistico-sostenible-a-nivel-internacional\/#respond"]}]},{"@type":"WebPage","@id":"https:\/\/www.nexoinformativo.mx\/index.php\/2025\/01\/24\/queretaro-consolida-su-posicion-como-destino-turistico-sostenible-a-nivel-internacional\/","url":"https:\/\/www.nexoinformativo.mx\/index.php\/2025\/01\/24\/queretaro-consolida-su-posicion-como-destino-turistico-sostenible-a-nivel-internacional\/","name":"Quer\u00e9taro consolida su posici\u00f3n como destino tur\u00edstico sostenible a nivel internacional | Nexo Informativo Santiago de Quer\u00e9taro","isPartOf":{"@id":"https:\/\/www.nexoinformativo.mx\/#website"},"primaryImageOfPage":{"@id":"https:\/\/www.nexoinformativo.mx\/index.php\/2025\/01\/24\/queretaro-consolida-su-posicion-como-destino-turistico-sostenible-a-nivel-internacional\/#primaryimage"},"image":{"@id":"https:\/\/www.nexoinformativo.mx\/index.php\/2025\/01\/24\/queretaro-consolida-su-posicion-como-destino-turistico-sostenible-a-nivel-internacional\/#primaryimage"},"thumbnailUrl":"https:\/\/www.nexoinformativo.mx\/wp-content\/uploads\/2025\/01\/PHOTO-2025-01-24-06-00-06-e1737722184727.jpg","datePublished":"2025-01-24T12:45:46+00:00","dateModified":"2025-01-24T12:56:55+00:00","description":"Quer\u00e9taro consolida su posici\u00f3n como destino tur\u00edstico sostenible a nivel internacional","breadcrumb":{"@id":"https:\/\/www.nexoinformativo.mx\/index.php\/2025\/01\/24\/queretaro-consolida-su-posicion-como-destino-turistico-sostenible-a-nivel-internacional\/#breadcrumb"},"inLanguage":"es","potentialAction":[{"@type":"ReadAction","target":["https:\/\/www.nexoinformativo.mx\/index.php\/2025\/01\/24\/queretaro-consolida-su-posicion-como-destino-turistico-sostenible-a-nivel-internacional\/"]}]},{"@type":"ImageObject","inLanguage":"es","@id":"https:\/\/www.nexoinformativo.mx\/index.php\/2025\/01\/24\/queretaro-consolida-su-posicion-como-destino-turistico-sostenible-a-nivel-internacional\/#primaryimage","url":"https:\/\/www.nexoinformativo.mx\/wp-content\/uploads\/2025\/01\/PHOTO-2025-01-24-06-00-06-e1737722184727.jpg","contentUrl":"https:\/\/www.nexoinformativo.mx\/wp-content\/uploads\/2025\/01\/PHOTO-2025-01-24-06-00-06-e1737722184727.jpg","width":800,"height":494},{"@type":"BreadcrumbList","@id":"https:\/\/www.nexoinformativo.mx\/index.php\/2025\/01\/24\/queretaro-consolida-su-posicion-como-destino-turistico-sostenible-a-nivel-internacional\/#breadcrumb","itemListElement":[{"@type":"ListItem","position":1,"name":"Inicio","item":"https:\/\/www.nexoinformativo.mx\/"},{"@type":"ListItem","position":2,"name":"Quer\u00e9taro consolida su posici\u00f3n como destino tur\u00edstico sostenible a nivel internacional"}]},{"@type":"WebSite","@id":"https:\/\/www.nexoinformativo.mx\/#website","url":"https:\/\/www.nexoinformativo.mx\/","name":"Nexo Informativo Santiago de Quer\u00e9taro","description":"Explora NexoInformativo y convi\u00e9rtete en parte de una comunidad que valora el conocimiento y la verdad. Tu nexoinformativo es tu puente hacia una comprensi\u00f3n m\u00e1s profunda del mundo que te rodea.","publisher":{"@id":"https:\/\/www.nexoinformativo.mx\/#organization"},"potentialAction":[{"@type":"SearchAction","target":{"@type":"EntryPoint","urlTemplate":"https:\/\/www.nexoinformativo.mx\/?s={search_term_string}"},"query-input":{"@type":"PropertyValueSpecification","valueRequired":true,"valueName":"search_term_string"}}],"inLanguage":"es"},{"@type":"Organization","@id":"https:\/\/www.nexoinformativo.mx\/#organization","name":"Nexo Informativo Santiago de Quer\u00e9taro","url":"https:\/\/www.nexoinformativo.mx\/","logo":{"@type":"ImageObject","inLanguage":"es","@id":"https:\/\/www.nexoinformativo.mx\/#\/schema\/logo\/image\/","url":"https:\/\/www.nexoinformativo.mx\/wp-content\/uploads\/2024\/07\/nexoi-trasparente-2.png","contentUrl":"https:\/\/www.nexoinformativo.mx\/wp-content\/uploads\/2024\/07\/nexoi-trasparente-2.png","width":816,"height":339,"caption":"Nexo Informativo Santiago de Quer\u00e9taro"},"image":{"@id":"https:\/\/www.nexoinformativo.mx\/#\/schema\/logo\/image\/"},"sameAs":["https:\/\/www.facebook.com\/people\/Nexo-Informativo\/61564066885511\/"]},{"@type":"Person","@id":"https:\/\/www.nexoinformativo.mx\/#\/schema\/person\/7749d380ba08c8ca00d7bc76fd907b7d","name":"Nexo Informativo","image":{"@type":"ImageObject","inLanguage":"es","@id":"https:\/\/www.nexoinformativo.mx\/#\/schema\/person\/image\/","url":"https:\/\/secure.gravatar.com\/avatar\/dde2928154642a13d95f87ddf1ea9718fe2b46760a005c53e41ff5ad610704e6?s=96&d=mm&r=g","contentUrl":"https:\/\/secure.gravatar.com\/avatar\/dde2928154642a13d95f87ddf1ea9718fe2b46760a005c53e41ff5ad610704e6?s=96&d=mm&r=g","caption":"Nexo Informativo"},"url":"https:\/\/www.nexoinformativo.mx\/index.php\/author\/edicion\/"}]}},"_links":{"self":[{"href":"https:\/\/www.nexoinformativo.mx\/index.php\/wp-json\/wp\/v2\/posts\/10535","targetHints":{"allow":["GET"]}}],"collection":[{"href":"https:\/\/www.nexoinformativo.mx\/index.php\/wp-json\/wp\/v2\/posts"}],"about":[{"href":"https:\/\/www.nexoinformativo.mx\/index.php\/wp-json\/wp\/v2\/types\/post"}],"author":[{"embeddable":true,"href":"https:\/\/www.nexoinformativo.mx\/index.php\/wp-json\/wp\/v2\/users\/3"}],"replies":[{"embeddable":true,"href":"https:\/\/www.nexoinformativo.mx\/index.php\/wp-json\/wp\/v2\/comments?post=10535"}],"version-history":[{"count":4,"href":"https:\/\/www.nexoinformativo.mx\/index.php\/wp-json\/wp\/v2\/posts\/10535\/revisions"}],"predecessor-version":[{"id":10546,"href":"https:\/\/www.nexoinformativo.mx\/index.php\/wp-json\/wp\/v2\/posts\/10535\/revisions\/10546"}],"wp:featuredmedia":[{"embeddable":true,"href":"https:\/\/www.nexoinformativo.mx\/index.php\/wp-json\/wp\/v2\/media\/10536"}],"wp:attachment":[{"href":"https:\/\/www.nexoinformativo.mx\/index.php\/wp-json\/wp\/v2\/media?parent=10535"}],"wp:term":[{"taxonomy":"category","embeddable":true,"href":"https:\/\/www.nexoinformativo.mx\/index.php\/wp-json\/wp\/v2\/categories?post=10535"},{"taxonomy":"post_tag","embeddable":true,"href":"https:\/\/www.nexoinformativo.mx\/index.php\/wp-json\/wp\/v2\/tags?post=10535"}],"curies":[{"name":"wp","href":"https:\/\/api.w.org\/{rel}","templated":true}]}}