{"id":10540,"date":"2025-01-24T07:00:29","date_gmt":"2025-01-24T13:00:29","guid":{"rendered":"https:\/\/www.nexoinformativo.mx\/?p=10540"},"modified":"2025-01-24T06:56:40","modified_gmt":"2025-01-24T12:56:40","slug":"viva-aerobus-y-queretaro-fortalecen-alianza-con-nuevas-rutas-y-mayor-conectividad","status":"publish","type":"post","link":"https:\/\/www.nexoinformativo.mx\/index.php\/2025\/01\/24\/viva-aerobus-y-queretaro-fortalecen-alianza-con-nuevas-rutas-y-mayor-conectividad\/","title":{"rendered":"Viva Aerobus y Quer\u00e9taro fortalecen alianza con nuevas rutas y mayor conectividad"},"content":{"rendered":"<p style=\"text-align: justify;\" data-sourcepos=\"11:1-11:395\">El estado de Quer\u00e9taro contin\u00faa consolid\u00e1ndose como un destino tur\u00edstico y de negocios cada vez m\u00e1s conectado. En un anuncio realizado durante la<strong> Feria Internacional de Turismo<\/strong> (FITUR) en Madrid, Espa\u00f1a, el Gobernador Mauricio Kuri y representantes de <strong>Viva Aerobus<\/strong> dieron a conocer importantes novedades que beneficiar\u00e1n a los queretanos y a los visitantes.<\/p>\n<p>&nbsp;<\/p>\n<p style=\"text-align: justify;\" data-sourcepos=\"13:1-13:334\">A partir de abril, la aerol\u00ednea Viva Aerobus incrementar\u00e1 el n\u00famero de vuelos semanales en la ruta <strong>Monterrey-Quer\u00e9taro<\/strong>, pasando de 28 a 33 frecuencias. Adem\u00e1s, se confirm\u00f3 que la ruta <strong>Quer\u00e9taro-Tijuana<\/strong> se convertir\u00e1 en un vuelo directo, lo que facilitar\u00e1 los viajes entre ambas ciudades y fortalecer\u00e1 la conectividad a\u00e9rea del estado.<\/p>\n<p>&nbsp;<\/p>\n<p style=\"text-align: justify;\" data-sourcepos=\"15:1-15:209\"><strong>&#8220;Estas nuevas rutas y el aumento de frecuencias son una muestra del compromiso de Viva Aerobus con Quer\u00e9taro y de la confianza que tienen en el potencial de nuestro estado&#8221;<\/strong>, afirm\u00f3 el Gobernador Kuri.<\/p>\n<p>&nbsp;<\/p>\n<p style=\"text-align: justify;\" data-sourcepos=\"17:1-17:318\">Por su parte, Walfred Castro, director de Comunicaci\u00f3n Corporativa de Viva Aerobus, destac\u00f3 que estas acciones son resultado de la s\u00f3lida alianza entre la aerol\u00ednea y el gobierno estatal. <strong>&#8220;Queremos seguir creciendo junto con Quer\u00e9taro y ofrecer a nuestros pasajeros m\u00e1s opciones de vuelo a precios accesibles&#8221;<\/strong>, se\u00f1al\u00f3.<\/p>\n<p>&nbsp;<\/p>\n<p style=\"text-align: justify;\" data-sourcepos=\"19:1-19:280\">Viva Aerobus es una aerol\u00ednea que se ha caracterizado por ofrecer tarifas competitivas y una amplia red de destinos. Con estas nuevas rutas, la aerol\u00ednea reafirma su compromiso con la conectividad a\u00e9rea y el desarrollo econ\u00f3mico de M\u00e9xico.<\/p>\n<p>&nbsp;<\/p>\n<p style=\"text-align: center;\" data-sourcepos=\"19:1-19:280\"><em><strong>\u00a1Informaci\u00f3n que transforma!<\/strong><\/em><\/p>\n","protected":false},"excerpt":{"rendered":"<p>El estado de Quer\u00e9taro contin\u00faa consolid\u00e1ndose como un destino tur\u00edstico y de negocios cada vez m\u00e1s conectado. En un anuncio realizado durante la Feria Internacional de Turismo (FITUR) en Madrid, Espa\u00f1a, el Gobernador Mauricio Kuri y representantes de Viva Aerobus dieron a conocer importantes novedades que beneficiar\u00e1n a los queretanos y a los visitantes.<\/p>\n","protected":false},"author":3,"featured_media":10542,"comment_status":"open","ping_status":"open","sticky":false,"template":"","format":"standard","meta":{"footnotes":""},"categories":[5,42,58],"tags":[621,3217,133,3216],"class_list":["post-10540","post","type-post","status-publish","format-standard","has-post-thumbnail","hentry","category-economia","category-estado","category-ultima-hora","tag-conectividadaerea","tag-nuevasrutas","tag-queretaro","tag-vivaaerobus"],"yoast_head":"<!-- This site is optimized with the Yoast SEO plugin v25.0 - https:\/\/yoast.com\/wordpress\/plugins\/seo\/ -->\n<title>Viva Aerobus y Quer\u00e9taro fortalecen alianza con nuevas rutas y mayor conectividad | Nexo Informativo Santiago de Quer\u00e9taro<\/title>\n<meta name=\"description\" content=\"Viva Aerobus y Quer\u00e9taro fortalecen alianza con nuevas rutas y mayor conectividad\" \/>\n<meta name=\"robots\" content=\"index, follow, max-snippet:-1, max-image-preview:large, max-video-preview:-1\" \/>\n<link rel=\"canonical\" href=\"https:\/\/www.nexoinformativo.mx\/index.php\/2025\/01\/24\/viva-aerobus-y-queretaro-fortalecen-alianza-con-nuevas-rutas-y-mayor-conectividad\/\" \/>\n<meta property=\"og:locale\" content=\"es_MX\" \/>\n<meta property=\"og:type\" content=\"article\" \/>\n<meta property=\"og:title\" content=\"Viva Aerobus y Quer\u00e9taro fortalecen alianza con nuevas rutas y mayor conectividad | Nexo Informativo Santiago de Quer\u00e9taro\" \/>\n<meta property=\"og:description\" content=\"Viva Aerobus y Quer\u00e9taro fortalecen alianza con nuevas rutas y mayor conectividad\" \/>\n<meta property=\"og:url\" content=\"https:\/\/www.nexoinformativo.mx\/index.php\/2025\/01\/24\/viva-aerobus-y-queretaro-fortalecen-alianza-con-nuevas-rutas-y-mayor-conectividad\/\" \/>\n<meta property=\"og:site_name\" content=\"Nexo Informativo Santiago de Quer\u00e9taro\" \/>\n<meta property=\"article:publisher\" content=\"https:\/\/www.facebook.com\/people\/Nexo-Informativo\/61564066885511\/\" \/>\n<meta property=\"article:published_time\" content=\"2025-01-24T13:00:29+00:00\" \/>\n<meta property=\"og:image\" content=\"https:\/\/www.nexoinformativo.mx\/wp-content\/uploads\/2025\/01\/PHOTO-2025-01-23-18-43-15-e1737723338734.jpg\" \/>\n\t<meta property=\"og:image:width\" content=\"800\" \/>\n\t<meta property=\"og:image:height\" content=\"534\" \/>\n\t<meta property=\"og:image:type\" content=\"image\/jpeg\" \/>\n<meta name=\"author\" content=\"Nexo Informativo\" \/>\n<meta name=\"twitter:card\" content=\"summary_large_image\" \/>\n<meta name=\"twitter:label1\" content=\"Escrito por\" \/>\n\t<meta name=\"twitter:data1\" content=\"Nexo Informativo\" \/>\n\t<meta name=\"twitter:label2\" content=\"Tiempo de lectura\" \/>\n\t<meta name=\"twitter:data2\" content=\"2 minutos\" \/>\n<script type=\"application\/ld+json\" class=\"yoast-schema-graph\">{\"@context\":\"https:\/\/schema.org\",\"@graph\":[{\"@type\":\"Article\",\"@id\":\"https:\/\/www.nexoinformativo.mx\/index.php\/2025\/01\/24\/viva-aerobus-y-queretaro-fortalecen-alianza-con-nuevas-rutas-y-mayor-conectividad\/#article\",\"isPartOf\":{\"@id\":\"https:\/\/www.nexoinformativo.mx\/index.php\/2025\/01\/24\/viva-aerobus-y-queretaro-fortalecen-alianza-con-nuevas-rutas-y-mayor-conectividad\/\"},\"author\":{\"name\":\"Nexo Informativo\",\"@id\":\"https:\/\/www.nexoinformativo.mx\/#\/schema\/person\/7749d380ba08c8ca00d7bc76fd907b7d\"},\"headline\":\"Viva Aerobus y Quer\u00e9taro fortalecen alianza con nuevas rutas y mayor conectividad\",\"datePublished\":\"2025-01-24T13:00:29+00:00\",\"mainEntityOfPage\":{\"@id\":\"https:\/\/www.nexoinformativo.mx\/index.php\/2025\/01\/24\/viva-aerobus-y-queretaro-fortalecen-alianza-con-nuevas-rutas-y-mayor-conectividad\/\"},\"wordCount\":271,\"commentCount\":0,\"publisher\":{\"@id\":\"https:\/\/www.nexoinformativo.mx\/#organization\"},\"image\":{\"@id\":\"https:\/\/www.nexoinformativo.mx\/index.php\/2025\/01\/24\/viva-aerobus-y-queretaro-fortalecen-alianza-con-nuevas-rutas-y-mayor-conectividad\/#primaryimage\"},\"thumbnailUrl\":\"https:\/\/www.nexoinformativo.mx\/wp-content\/uploads\/2025\/01\/PHOTO-2025-01-23-18-43-15-e1737723338734.jpg\",\"keywords\":[\"ConectividadA\u00e9rea\",\"NuevasRutas\",\"Quer\u00e9taro\",\"VivaAerobus\"],\"articleSection\":[\"Econom\u00eda\",\"Estado\",\"\u00daltima Hora\"],\"inLanguage\":\"es\",\"potentialAction\":[{\"@type\":\"CommentAction\",\"name\":\"Comment\",\"target\":[\"https:\/\/www.nexoinformativo.mx\/index.php\/2025\/01\/24\/viva-aerobus-y-queretaro-fortalecen-alianza-con-nuevas-rutas-y-mayor-conectividad\/#respond\"]}]},{\"@type\":\"WebPage\",\"@id\":\"https:\/\/www.nexoinformativo.mx\/index.php\/2025\/01\/24\/viva-aerobus-y-queretaro-fortalecen-alianza-con-nuevas-rutas-y-mayor-conectividad\/\",\"url\":\"https:\/\/www.nexoinformativo.mx\/index.php\/2025\/01\/24\/viva-aerobus-y-queretaro-fortalecen-alianza-con-nuevas-rutas-y-mayor-conectividad\/\",\"name\":\"Viva Aerobus y Quer\u00e9taro fortalecen alianza con nuevas rutas y mayor conectividad | Nexo Informativo Santiago de Quer\u00e9taro\",\"isPartOf\":{\"@id\":\"https:\/\/www.nexoinformativo.mx\/#website\"},\"primaryImageOfPage\":{\"@id\":\"https:\/\/www.nexoinformativo.mx\/index.php\/2025\/01\/24\/viva-aerobus-y-queretaro-fortalecen-alianza-con-nuevas-rutas-y-mayor-conectividad\/#primaryimage\"},\"image\":{\"@id\":\"https:\/\/www.nexoinformativo.mx\/index.php\/2025\/01\/24\/viva-aerobus-y-queretaro-fortalecen-alianza-con-nuevas-rutas-y-mayor-conectividad\/#primaryimage\"},\"thumbnailUrl\":\"https:\/\/www.nexoinformativo.mx\/wp-content\/uploads\/2025\/01\/PHOTO-2025-01-23-18-43-15-e1737723338734.jpg\",\"datePublished\":\"2025-01-24T13:00:29+00:00\",\"description\":\"Viva Aerobus y Quer\u00e9taro fortalecen alianza con nuevas rutas y mayor conectividad\",\"breadcrumb\":{\"@id\":\"https:\/\/www.nexoinformativo.mx\/index.php\/2025\/01\/24\/viva-aerobus-y-queretaro-fortalecen-alianza-con-nuevas-rutas-y-mayor-conectividad\/#breadcrumb\"},\"inLanguage\":\"es\",\"potentialAction\":[{\"@type\":\"ReadAction\",\"target\":[\"https:\/\/www.nexoinformativo.mx\/index.php\/2025\/01\/24\/viva-aerobus-y-queretaro-fortalecen-alianza-con-nuevas-rutas-y-mayor-conectividad\/\"]}]},{\"@type\":\"ImageObject\",\"inLanguage\":\"es\",\"@id\":\"https:\/\/www.nexoinformativo.mx\/index.php\/2025\/01\/24\/viva-aerobus-y-queretaro-fortalecen-alianza-con-nuevas-rutas-y-mayor-conectividad\/#primaryimage\",\"url\":\"https:\/\/www.nexoinformativo.mx\/wp-content\/uploads\/2025\/01\/PHOTO-2025-01-23-18-43-15-e1737723338734.jpg\",\"contentUrl\":\"https:\/\/www.nexoinformativo.mx\/wp-content\/uploads\/2025\/01\/PHOTO-2025-01-23-18-43-15-e1737723338734.jpg\",\"width\":800,\"height\":534},{\"@type\":\"BreadcrumbList\",\"@id\":\"https:\/\/www.nexoinformativo.mx\/index.php\/2025\/01\/24\/viva-aerobus-y-queretaro-fortalecen-alianza-con-nuevas-rutas-y-mayor-conectividad\/#breadcrumb\",\"itemListElement\":[{\"@type\":\"ListItem\",\"position\":1,\"name\":\"Inicio\",\"item\":\"https:\/\/www.nexoinformativo.mx\/\"},{\"@type\":\"ListItem\",\"position\":2,\"name\":\"Viva Aerobus y Quer\u00e9taro fortalecen alianza con nuevas rutas y mayor conectividad\"}]},{\"@type\":\"WebSite\",\"@id\":\"https:\/\/www.nexoinformativo.mx\/#website\",\"url\":\"https:\/\/www.nexoinformativo.mx\/\",\"name\":\"Nexo Informativo Santiago de Quer\u00e9taro\",\"description\":\"Explora NexoInformativo y convi\u00e9rtete en parte de una comunidad que valora el conocimiento y la verdad. Tu nexoinformativo es tu puente hacia una comprensi\u00f3n m\u00e1s profunda del mundo que te rodea.\",\"publisher\":{\"@id\":\"https:\/\/www.nexoinformativo.mx\/#organization\"},\"potentialAction\":[{\"@type\":\"SearchAction\",\"target\":{\"@type\":\"EntryPoint\",\"urlTemplate\":\"https:\/\/www.nexoinformativo.mx\/?s={search_term_string}\"},\"query-input\":{\"@type\":\"PropertyValueSpecification\",\"valueRequired\":true,\"valueName\":\"search_term_string\"}}],\"inLanguage\":\"es\"},{\"@type\":\"Organization\",\"@id\":\"https:\/\/www.nexoinformativo.mx\/#organization\",\"name\":\"Nexo Informativo Santiago de Quer\u00e9taro\",\"url\":\"https:\/\/www.nexoinformativo.mx\/\",\"logo\":{\"@type\":\"ImageObject\",\"inLanguage\":\"es\",\"@id\":\"https:\/\/www.nexoinformativo.mx\/#\/schema\/logo\/image\/\",\"url\":\"https:\/\/www.nexoinformativo.mx\/wp-content\/uploads\/2024\/07\/nexoi-trasparente-2.png\",\"contentUrl\":\"https:\/\/www.nexoinformativo.mx\/wp-content\/uploads\/2024\/07\/nexoi-trasparente-2.png\",\"width\":816,\"height\":339,\"caption\":\"Nexo Informativo Santiago de Quer\u00e9taro\"},\"image\":{\"@id\":\"https:\/\/www.nexoinformativo.mx\/#\/schema\/logo\/image\/\"},\"sameAs\":[\"https:\/\/www.facebook.com\/people\/Nexo-Informativo\/61564066885511\/\"]},{\"@type\":\"Person\",\"@id\":\"https:\/\/www.nexoinformativo.mx\/#\/schema\/person\/7749d380ba08c8ca00d7bc76fd907b7d\",\"name\":\"Nexo Informativo\",\"image\":{\"@type\":\"ImageObject\",\"inLanguage\":\"es\",\"@id\":\"https:\/\/www.nexoinformativo.mx\/#\/schema\/person\/image\/\",\"url\":\"https:\/\/secure.gravatar.com\/avatar\/dde2928154642a13d95f87ddf1ea9718fe2b46760a005c53e41ff5ad610704e6?s=96&d=mm&r=g\",\"contentUrl\":\"https:\/\/secure.gravatar.com\/avatar\/dde2928154642a13d95f87ddf1ea9718fe2b46760a005c53e41ff5ad610704e6?s=96&d=mm&r=g\",\"caption\":\"Nexo Informativo\"},\"url\":\"https:\/\/www.nexoinformativo.mx\/index.php\/author\/edicion\/\"}]}<\/script>\n<!-- \/ Yoast SEO plugin. -->","yoast_head_json":{"title":"Viva Aerobus y Quer\u00e9taro fortalecen alianza con nuevas rutas y mayor conectividad | Nexo Informativo Santiago de Quer\u00e9taro","description":"Viva Aerobus y Quer\u00e9taro fortalecen alianza con nuevas rutas y mayor conectividad","robots":{"index":"index","follow":"follow","max-snippet":"max-snippet:-1","max-image-preview":"max-image-preview:large","max-video-preview":"max-video-preview:-1"},"canonical":"https:\/\/www.nexoinformativo.mx\/index.php\/2025\/01\/24\/viva-aerobus-y-queretaro-fortalecen-alianza-con-nuevas-rutas-y-mayor-conectividad\/","og_locale":"es_MX","og_type":"article","og_title":"Viva Aerobus y Quer\u00e9taro fortalecen alianza con nuevas rutas y mayor conectividad | Nexo Informativo Santiago de Quer\u00e9taro","og_description":"Viva Aerobus y Quer\u00e9taro fortalecen alianza con nuevas rutas y mayor conectividad","og_url":"https:\/\/www.nexoinformativo.mx\/index.php\/2025\/01\/24\/viva-aerobus-y-queretaro-fortalecen-alianza-con-nuevas-rutas-y-mayor-conectividad\/","og_site_name":"Nexo Informativo Santiago de Quer\u00e9taro","article_publisher":"https:\/\/www.facebook.com\/people\/Nexo-Informativo\/61564066885511\/","article_published_time":"2025-01-24T13:00:29+00:00","og_image":[{"width":800,"height":534,"url":"https:\/\/www.nexoinformativo.mx\/wp-content\/uploads\/2025\/01\/PHOTO-2025-01-23-18-43-15-e1737723338734.jpg","type":"image\/jpeg"}],"author":"Nexo Informativo","twitter_card":"summary_large_image","twitter_misc":{"Escrito por":"Nexo Informativo","Tiempo de lectura":"2 minutos"},"schema":{"@context":"https:\/\/schema.org","@graph":[{"@type":"Article","@id":"https:\/\/www.nexoinformativo.mx\/index.php\/2025\/01\/24\/viva-aerobus-y-queretaro-fortalecen-alianza-con-nuevas-rutas-y-mayor-conectividad\/#article","isPartOf":{"@id":"https:\/\/www.nexoinformativo.mx\/index.php\/2025\/01\/24\/viva-aerobus-y-queretaro-fortalecen-alianza-con-nuevas-rutas-y-mayor-conectividad\/"},"author":{"name":"Nexo Informativo","@id":"https:\/\/www.nexoinformativo.mx\/#\/schema\/person\/7749d380ba08c8ca00d7bc76fd907b7d"},"headline":"Viva Aerobus y Quer\u00e9taro fortalecen alianza con nuevas rutas y mayor conectividad","datePublished":"2025-01-24T13:00:29+00:00","mainEntityOfPage":{"@id":"https:\/\/www.nexoinformativo.mx\/index.php\/2025\/01\/24\/viva-aerobus-y-queretaro-fortalecen-alianza-con-nuevas-rutas-y-mayor-conectividad\/"},"wordCount":271,"commentCount":0,"publisher":{"@id":"https:\/\/www.nexoinformativo.mx\/#organization"},"image":{"@id":"https:\/\/www.nexoinformativo.mx\/index.php\/2025\/01\/24\/viva-aerobus-y-queretaro-fortalecen-alianza-con-nuevas-rutas-y-mayor-conectividad\/#primaryimage"},"thumbnailUrl":"https:\/\/www.nexoinformativo.mx\/wp-content\/uploads\/2025\/01\/PHOTO-2025-01-23-18-43-15-e1737723338734.jpg","keywords":["ConectividadA\u00e9rea","NuevasRutas","Quer\u00e9taro","VivaAerobus"],"articleSection":["Econom\u00eda","Estado","\u00daltima Hora"],"inLanguage":"es","potentialAction":[{"@type":"CommentAction","name":"Comment","target":["https:\/\/www.nexoinformativo.mx\/index.php\/2025\/01\/24\/viva-aerobus-y-queretaro-fortalecen-alianza-con-nuevas-rutas-y-mayor-conectividad\/#respond"]}]},{"@type":"WebPage","@id":"https:\/\/www.nexoinformativo.mx\/index.php\/2025\/01\/24\/viva-aerobus-y-queretaro-fortalecen-alianza-con-nuevas-rutas-y-mayor-conectividad\/","url":"https:\/\/www.nexoinformativo.mx\/index.php\/2025\/01\/24\/viva-aerobus-y-queretaro-fortalecen-alianza-con-nuevas-rutas-y-mayor-conectividad\/","name":"Viva Aerobus y Quer\u00e9taro fortalecen alianza con nuevas rutas y mayor conectividad | Nexo Informativo Santiago de Quer\u00e9taro","isPartOf":{"@id":"https:\/\/www.nexoinformativo.mx\/#website"},"primaryImageOfPage":{"@id":"https:\/\/www.nexoinformativo.mx\/index.php\/2025\/01\/24\/viva-aerobus-y-queretaro-fortalecen-alianza-con-nuevas-rutas-y-mayor-conectividad\/#primaryimage"},"image":{"@id":"https:\/\/www.nexoinformativo.mx\/index.php\/2025\/01\/24\/viva-aerobus-y-queretaro-fortalecen-alianza-con-nuevas-rutas-y-mayor-conectividad\/#primaryimage"},"thumbnailUrl":"https:\/\/www.nexoinformativo.mx\/wp-content\/uploads\/2025\/01\/PHOTO-2025-01-23-18-43-15-e1737723338734.jpg","datePublished":"2025-01-24T13:00:29+00:00","description":"Viva Aerobus y Quer\u00e9taro fortalecen alianza con nuevas rutas y mayor conectividad","breadcrumb":{"@id":"https:\/\/www.nexoinformativo.mx\/index.php\/2025\/01\/24\/viva-aerobus-y-queretaro-fortalecen-alianza-con-nuevas-rutas-y-mayor-conectividad\/#breadcrumb"},"inLanguage":"es","potentialAction":[{"@type":"ReadAction","target":["https:\/\/www.nexoinformativo.mx\/index.php\/2025\/01\/24\/viva-aerobus-y-queretaro-fortalecen-alianza-con-nuevas-rutas-y-mayor-conectividad\/"]}]},{"@type":"ImageObject","inLanguage":"es","@id":"https:\/\/www.nexoinformativo.mx\/index.php\/2025\/01\/24\/viva-aerobus-y-queretaro-fortalecen-alianza-con-nuevas-rutas-y-mayor-conectividad\/#primaryimage","url":"https:\/\/www.nexoinformativo.mx\/wp-content\/uploads\/2025\/01\/PHOTO-2025-01-23-18-43-15-e1737723338734.jpg","contentUrl":"https:\/\/www.nexoinformativo.mx\/wp-content\/uploads\/2025\/01\/PHOTO-2025-01-23-18-43-15-e1737723338734.jpg","width":800,"height":534},{"@type":"BreadcrumbList","@id":"https:\/\/www.nexoinformativo.mx\/index.php\/2025\/01\/24\/viva-aerobus-y-queretaro-fortalecen-alianza-con-nuevas-rutas-y-mayor-conectividad\/#breadcrumb","itemListElement":[{"@type":"ListItem","position":1,"name":"Inicio","item":"https:\/\/www.nexoinformativo.mx\/"},{"@type":"ListItem","position":2,"name":"Viva Aerobus y Quer\u00e9taro fortalecen alianza con nuevas rutas y mayor conectividad"}]},{"@type":"WebSite","@id":"https:\/\/www.nexoinformativo.mx\/#website","url":"https:\/\/www.nexoinformativo.mx\/","name":"Nexo Informativo Santiago de Quer\u00e9taro","description":"Explora NexoInformativo y convi\u00e9rtete en parte de una comunidad que valora el conocimiento y la verdad. Tu nexoinformativo es tu puente hacia una comprensi\u00f3n m\u00e1s profunda del mundo que te rodea.","publisher":{"@id":"https:\/\/www.nexoinformativo.mx\/#organization"},"potentialAction":[{"@type":"SearchAction","target":{"@type":"EntryPoint","urlTemplate":"https:\/\/www.nexoinformativo.mx\/?s={search_term_string}"},"query-input":{"@type":"PropertyValueSpecification","valueRequired":true,"valueName":"search_term_string"}}],"inLanguage":"es"},{"@type":"Organization","@id":"https:\/\/www.nexoinformativo.mx\/#organization","name":"Nexo Informativo Santiago de Quer\u00e9taro","url":"https:\/\/www.nexoinformativo.mx\/","logo":{"@type":"ImageObject","inLanguage":"es","@id":"https:\/\/www.nexoinformativo.mx\/#\/schema\/logo\/image\/","url":"https:\/\/www.nexoinformativo.mx\/wp-content\/uploads\/2024\/07\/nexoi-trasparente-2.png","contentUrl":"https:\/\/www.nexoinformativo.mx\/wp-content\/uploads\/2024\/07\/nexoi-trasparente-2.png","width":816,"height":339,"caption":"Nexo Informativo Santiago de Quer\u00e9taro"},"image":{"@id":"https:\/\/www.nexoinformativo.mx\/#\/schema\/logo\/image\/"},"sameAs":["https:\/\/www.facebook.com\/people\/Nexo-Informativo\/61564066885511\/"]},{"@type":"Person","@id":"https:\/\/www.nexoinformativo.mx\/#\/schema\/person\/7749d380ba08c8ca00d7bc76fd907b7d","name":"Nexo Informativo","image":{"@type":"ImageObject","inLanguage":"es","@id":"https:\/\/www.nexoinformativo.mx\/#\/schema\/person\/image\/","url":"https:\/\/secure.gravatar.com\/avatar\/dde2928154642a13d95f87ddf1ea9718fe2b46760a005c53e41ff5ad610704e6?s=96&d=mm&r=g","contentUrl":"https:\/\/secure.gravatar.com\/avatar\/dde2928154642a13d95f87ddf1ea9718fe2b46760a005c53e41ff5ad610704e6?s=96&d=mm&r=g","caption":"Nexo Informativo"},"url":"https:\/\/www.nexoinformativo.mx\/index.php\/author\/edicion\/"}]}},"_links":{"self":[{"href":"https:\/\/www.nexoinformativo.mx\/index.php\/wp-json\/wp\/v2\/posts\/10540","targetHints":{"allow":["GET"]}}],"collection":[{"href":"https:\/\/www.nexoinformativo.mx\/index.php\/wp-json\/wp\/v2\/posts"}],"about":[{"href":"https:\/\/www.nexoinformativo.mx\/index.php\/wp-json\/wp\/v2\/types\/post"}],"author":[{"embeddable":true,"href":"https:\/\/www.nexoinformativo.mx\/index.php\/wp-json\/wp\/v2\/users\/3"}],"replies":[{"embeddable":true,"href":"https:\/\/www.nexoinformativo.mx\/index.php\/wp-json\/wp\/v2\/comments?post=10540"}],"version-history":[{"count":4,"href":"https:\/\/www.nexoinformativo.mx\/index.php\/wp-json\/wp\/v2\/posts\/10540\/revisions"}],"predecessor-version":[{"id":10545,"href":"https:\/\/www.nexoinformativo.mx\/index.php\/wp-json\/wp\/v2\/posts\/10540\/revisions\/10545"}],"wp:featuredmedia":[{"embeddable":true,"href":"https:\/\/www.nexoinformativo.mx\/index.php\/wp-json\/wp\/v2\/media\/10542"}],"wp:attachment":[{"href":"https:\/\/www.nexoinformativo.mx\/index.php\/wp-json\/wp\/v2\/media?parent=10540"}],"wp:term":[{"taxonomy":"category","embeddable":true,"href":"https:\/\/www.nexoinformativo.mx\/index.php\/wp-json\/wp\/v2\/categories?post=10540"},{"taxonomy":"post_tag","embeddable":true,"href":"https:\/\/www.nexoinformativo.mx\/index.php\/wp-json\/wp\/v2\/tags?post=10540"}],"curies":[{"name":"wp","href":"https:\/\/api.w.org\/{rel}","templated":true}]}}