{"id":10567,"date":"2025-01-24T11:00:37","date_gmt":"2025-01-24T17:00:37","guid":{"rendered":"https:\/\/www.nexoinformativo.mx\/?p=10567"},"modified":"2025-01-24T13:27:23","modified_gmt":"2025-01-24T19:27:23","slug":"falla-mecanica-deja-atrapados-a-cinco-personas-en-elevador-del-mercado-de-la-cruz","status":"publish","type":"post","link":"https:\/\/www.nexoinformativo.mx\/index.php\/2025\/01\/24\/falla-mecanica-deja-atrapados-a-cinco-personas-en-elevador-del-mercado-de-la-cruz\/","title":{"rendered":"Falla mec\u00e1nica deja atrapados a cinco personas en elevador del mercado de La Cruz"},"content":{"rendered":"<p style=\"text-align: justify;\" data-sourcepos=\"11:1-11:320\">Un susto se llevaron cinco personas que quedaron atrapadas en el elevador del estacionamiento del mercado de La Cruz. El incidente se registr\u00f3 d\u00eda de hoy, movilizando a elementos de Protecci\u00f3n Civil y bomberos, quienes lograron rescatar a las personas sin que resultaran lesionadas.<\/p>\n<\/p>\n<p>&nbsp;<\/p>\n<p style=\"text-align: justify;\" data-sourcepos=\"13:1-13:202\">De acuerdo con los primeros reportes, una falla mec\u00e1nica habr\u00eda sido la causa del incidente. Se presume que el mal uso del elevador por parte de algunos usuarios pudo haber contribuido a esta situaci\u00f3n.<\/p>\n<\/p>\n<p>&nbsp;<\/p>\n<p style=\"text-align: justify;\" data-sourcepos=\"15:1-15:249\">Es importante destacar que este elevador est\u00e1 dise\u00f1ado especialmente para personas con discapacidad y mujeres embarazadas. Las autoridades hacen un llamado a la ciudadan\u00eda a respetar las indicaciones y a utilizar este servicio de manera responsable.<\/p>\n<\/p>\n<p>&nbsp;<\/p>\n<p style=\"text-align: justify;\" data-sourcepos=\"17:1-17:216\"><strong>&#8220;Hacemos un llamado a la conciencia de los usuarios para que respeten las normas y utilicen el elevador de manera adecuada. Este tipo de incidentes pueden evitarse si todos colaboramos&#8221; <\/strong>dicen los elementos de Protecci\u00f3n Civil.<\/p>\n<\/p>\n<p>&nbsp;<\/p>\n<p style=\"text-align: center;\" data-sourcepos=\"17:1-17:216\"><em><strong>\u00a1Informaci\u00f3n que transforma!<\/strong><\/em><\/p>\n","protected":false},"excerpt":{"rendered":"<p>Un susto se llevaron cinco personas que quedaron atrapadas en el elevador del estacionamiento del mercado de La Cruz. El incidente se registr\u00f3 d\u00eda de hoy, movilizando a elementos de Protecci\u00f3n Civil y bomberos, quienes lograron rescatar a las personas sin que resultaran lesionadas.<\/p>\n","protected":false},"author":3,"featured_media":10569,"comment_status":"open","ping_status":"open","sticky":false,"template":"","format":"standard","meta":{"footnotes":""},"categories":[137,58],"tags":[3224,3223,154,133],"class_list":["post-10567","post","type-post","status-publish","format-standard","has-post-thumbnail","hentry","category-sucesos","category-ultima-hora","tag-elevadoratrapados","tag-mercadolacruz","tag-proteccioncivil","tag-queretaro"],"yoast_head":"<!-- This site is optimized with the Yoast SEO plugin v25.0 - https:\/\/yoast.com\/wordpress\/plugins\/seo\/ -->\n<title>Falla mec\u00e1nica deja atrapados a cinco personas en elevador del mercado de La Cruz | Nexo Informativo Santiago de Quer\u00e9taro<\/title>\n<meta name=\"description\" content=\"Falla mec\u00e1nica deja atrapados a cinco personas en elevador del mercado de La Cruz\" \/>\n<meta name=\"robots\" content=\"index, follow, max-snippet:-1, max-image-preview:large, max-video-preview:-1\" \/>\n<link rel=\"canonical\" href=\"https:\/\/www.nexoinformativo.mx\/index.php\/2025\/01\/24\/falla-mecanica-deja-atrapados-a-cinco-personas-en-elevador-del-mercado-de-la-cruz\/\" \/>\n<meta property=\"og:locale\" content=\"es_MX\" \/>\n<meta property=\"og:type\" content=\"article\" \/>\n<meta property=\"og:title\" content=\"Falla mec\u00e1nica deja atrapados a cinco personas en elevador del mercado de La Cruz | Nexo Informativo Santiago de Quer\u00e9taro\" \/>\n<meta property=\"og:description\" content=\"Falla mec\u00e1nica deja atrapados a cinco personas en elevador del mercado de La Cruz\" \/>\n<meta property=\"og:url\" content=\"https:\/\/www.nexoinformativo.mx\/index.php\/2025\/01\/24\/falla-mecanica-deja-atrapados-a-cinco-personas-en-elevador-del-mercado-de-la-cruz\/\" \/>\n<meta property=\"og:site_name\" content=\"Nexo Informativo Santiago de Quer\u00e9taro\" \/>\n<meta property=\"article:publisher\" content=\"https:\/\/www.facebook.com\/people\/Nexo-Informativo\/61564066885511\/\" \/>\n<meta property=\"article:published_time\" content=\"2025-01-24T17:00:37+00:00\" \/>\n<meta property=\"article:modified_time\" content=\"2025-01-24T19:27:23+00:00\" \/>\n<meta property=\"og:image\" content=\"https:\/\/www.nexoinformativo.mx\/wp-content\/uploads\/2025\/01\/IMG_9507-e1737746816346.jpg\" \/>\n\t<meta property=\"og:image:width\" content=\"800\" \/>\n\t<meta property=\"og:image:height\" content=\"437\" \/>\n\t<meta property=\"og:image:type\" content=\"image\/jpeg\" \/>\n<meta name=\"author\" content=\"Nexo Informativo\" \/>\n<meta name=\"twitter:card\" content=\"summary_large_image\" \/>\n<meta name=\"twitter:label1\" content=\"Escrito por\" \/>\n\t<meta name=\"twitter:data1\" content=\"Nexo Informativo\" \/>\n\t<meta name=\"twitter:label2\" content=\"Tiempo de lectura\" \/>\n\t<meta name=\"twitter:data2\" content=\"1 minuto\" \/>\n<script type=\"application\/ld+json\" class=\"yoast-schema-graph\">{\"@context\":\"https:\/\/schema.org\",\"@graph\":[{\"@type\":\"Article\",\"@id\":\"https:\/\/www.nexoinformativo.mx\/index.php\/2025\/01\/24\/falla-mecanica-deja-atrapados-a-cinco-personas-en-elevador-del-mercado-de-la-cruz\/#article\",\"isPartOf\":{\"@id\":\"https:\/\/www.nexoinformativo.mx\/index.php\/2025\/01\/24\/falla-mecanica-deja-atrapados-a-cinco-personas-en-elevador-del-mercado-de-la-cruz\/\"},\"author\":{\"name\":\"Nexo Informativo\",\"@id\":\"https:\/\/www.nexoinformativo.mx\/#\/schema\/person\/7749d380ba08c8ca00d7bc76fd907b7d\"},\"headline\":\"Falla mec\u00e1nica deja atrapados a cinco personas en elevador del mercado de La Cruz\",\"datePublished\":\"2025-01-24T17:00:37+00:00\",\"dateModified\":\"2025-01-24T19:27:23+00:00\",\"mainEntityOfPage\":{\"@id\":\"https:\/\/www.nexoinformativo.mx\/index.php\/2025\/01\/24\/falla-mecanica-deja-atrapados-a-cinco-personas-en-elevador-del-mercado-de-la-cruz\/\"},\"wordCount\":181,\"commentCount\":0,\"publisher\":{\"@id\":\"https:\/\/www.nexoinformativo.mx\/#organization\"},\"image\":{\"@id\":\"https:\/\/www.nexoinformativo.mx\/index.php\/2025\/01\/24\/falla-mecanica-deja-atrapados-a-cinco-personas-en-elevador-del-mercado-de-la-cruz\/#primaryimage\"},\"thumbnailUrl\":\"https:\/\/www.nexoinformativo.mx\/wp-content\/uploads\/2025\/01\/IMG_9507-e1737746816346.jpg\",\"keywords\":[\"ElevadorAtrapados\",\"MercadoLaCruz\",\"proteccioncivil\",\"Quer\u00e9taro\"],\"articleSection\":[\"Sucesos\",\"\u00daltima Hora\"],\"inLanguage\":\"es\",\"potentialAction\":[{\"@type\":\"CommentAction\",\"name\":\"Comment\",\"target\":[\"https:\/\/www.nexoinformativo.mx\/index.php\/2025\/01\/24\/falla-mecanica-deja-atrapados-a-cinco-personas-en-elevador-del-mercado-de-la-cruz\/#respond\"]}]},{\"@type\":\"WebPage\",\"@id\":\"https:\/\/www.nexoinformativo.mx\/index.php\/2025\/01\/24\/falla-mecanica-deja-atrapados-a-cinco-personas-en-elevador-del-mercado-de-la-cruz\/\",\"url\":\"https:\/\/www.nexoinformativo.mx\/index.php\/2025\/01\/24\/falla-mecanica-deja-atrapados-a-cinco-personas-en-elevador-del-mercado-de-la-cruz\/\",\"name\":\"Falla mec\u00e1nica deja atrapados a cinco personas en elevador del mercado de La Cruz | Nexo Informativo Santiago de Quer\u00e9taro\",\"isPartOf\":{\"@id\":\"https:\/\/www.nexoinformativo.mx\/#website\"},\"primaryImageOfPage\":{\"@id\":\"https:\/\/www.nexoinformativo.mx\/index.php\/2025\/01\/24\/falla-mecanica-deja-atrapados-a-cinco-personas-en-elevador-del-mercado-de-la-cruz\/#primaryimage\"},\"image\":{\"@id\":\"https:\/\/www.nexoinformativo.mx\/index.php\/2025\/01\/24\/falla-mecanica-deja-atrapados-a-cinco-personas-en-elevador-del-mercado-de-la-cruz\/#primaryimage\"},\"thumbnailUrl\":\"https:\/\/www.nexoinformativo.mx\/wp-content\/uploads\/2025\/01\/IMG_9507-e1737746816346.jpg\",\"datePublished\":\"2025-01-24T17:00:37+00:00\",\"dateModified\":\"2025-01-24T19:27:23+00:00\",\"description\":\"Falla mec\u00e1nica deja atrapados a cinco personas en elevador del mercado de La Cruz\",\"breadcrumb\":{\"@id\":\"https:\/\/www.nexoinformativo.mx\/index.php\/2025\/01\/24\/falla-mecanica-deja-atrapados-a-cinco-personas-en-elevador-del-mercado-de-la-cruz\/#breadcrumb\"},\"inLanguage\":\"es\",\"potentialAction\":[{\"@type\":\"ReadAction\",\"target\":[\"https:\/\/www.nexoinformativo.mx\/index.php\/2025\/01\/24\/falla-mecanica-deja-atrapados-a-cinco-personas-en-elevador-del-mercado-de-la-cruz\/\"]}]},{\"@type\":\"ImageObject\",\"inLanguage\":\"es\",\"@id\":\"https:\/\/www.nexoinformativo.mx\/index.php\/2025\/01\/24\/falla-mecanica-deja-atrapados-a-cinco-personas-en-elevador-del-mercado-de-la-cruz\/#primaryimage\",\"url\":\"https:\/\/www.nexoinformativo.mx\/wp-content\/uploads\/2025\/01\/IMG_9507-e1737746816346.jpg\",\"contentUrl\":\"https:\/\/www.nexoinformativo.mx\/wp-content\/uploads\/2025\/01\/IMG_9507-e1737746816346.jpg\",\"width\":800,\"height\":437,\"caption\":\"Screenshot\"},{\"@type\":\"BreadcrumbList\",\"@id\":\"https:\/\/www.nexoinformativo.mx\/index.php\/2025\/01\/24\/falla-mecanica-deja-atrapados-a-cinco-personas-en-elevador-del-mercado-de-la-cruz\/#breadcrumb\",\"itemListElement\":[{\"@type\":\"ListItem\",\"position\":1,\"name\":\"Inicio\",\"item\":\"https:\/\/www.nexoinformativo.mx\/\"},{\"@type\":\"ListItem\",\"position\":2,\"name\":\"Falla mec\u00e1nica deja atrapados a cinco personas en elevador del mercado de La Cruz\"}]},{\"@type\":\"WebSite\",\"@id\":\"https:\/\/www.nexoinformativo.mx\/#website\",\"url\":\"https:\/\/www.nexoinformativo.mx\/\",\"name\":\"Nexo Informativo Santiago de Quer\u00e9taro\",\"description\":\"Explora NexoInformativo y convi\u00e9rtete en parte de una comunidad que valora el conocimiento y la verdad. Tu nexoinformativo es tu puente hacia una comprensi\u00f3n m\u00e1s profunda del mundo que te rodea.\",\"publisher\":{\"@id\":\"https:\/\/www.nexoinformativo.mx\/#organization\"},\"potentialAction\":[{\"@type\":\"SearchAction\",\"target\":{\"@type\":\"EntryPoint\",\"urlTemplate\":\"https:\/\/www.nexoinformativo.mx\/?s={search_term_string}\"},\"query-input\":{\"@type\":\"PropertyValueSpecification\",\"valueRequired\":true,\"valueName\":\"search_term_string\"}}],\"inLanguage\":\"es\"},{\"@type\":\"Organization\",\"@id\":\"https:\/\/www.nexoinformativo.mx\/#organization\",\"name\":\"Nexo Informativo Santiago de Quer\u00e9taro\",\"url\":\"https:\/\/www.nexoinformativo.mx\/\",\"logo\":{\"@type\":\"ImageObject\",\"inLanguage\":\"es\",\"@id\":\"https:\/\/www.nexoinformativo.mx\/#\/schema\/logo\/image\/\",\"url\":\"https:\/\/www.nexoinformativo.mx\/wp-content\/uploads\/2024\/07\/nexoi-trasparente-2.png\",\"contentUrl\":\"https:\/\/www.nexoinformativo.mx\/wp-content\/uploads\/2024\/07\/nexoi-trasparente-2.png\",\"width\":816,\"height\":339,\"caption\":\"Nexo Informativo Santiago de Quer\u00e9taro\"},\"image\":{\"@id\":\"https:\/\/www.nexoinformativo.mx\/#\/schema\/logo\/image\/\"},\"sameAs\":[\"https:\/\/www.facebook.com\/people\/Nexo-Informativo\/61564066885511\/\"]},{\"@type\":\"Person\",\"@id\":\"https:\/\/www.nexoinformativo.mx\/#\/schema\/person\/7749d380ba08c8ca00d7bc76fd907b7d\",\"name\":\"Nexo Informativo\",\"image\":{\"@type\":\"ImageObject\",\"inLanguage\":\"es\",\"@id\":\"https:\/\/www.nexoinformativo.mx\/#\/schema\/person\/image\/\",\"url\":\"https:\/\/secure.gravatar.com\/avatar\/dde2928154642a13d95f87ddf1ea9718fe2b46760a005c53e41ff5ad610704e6?s=96&d=mm&r=g\",\"contentUrl\":\"https:\/\/secure.gravatar.com\/avatar\/dde2928154642a13d95f87ddf1ea9718fe2b46760a005c53e41ff5ad610704e6?s=96&d=mm&r=g\",\"caption\":\"Nexo Informativo\"},\"url\":\"https:\/\/www.nexoinformativo.mx\/index.php\/author\/edicion\/\"}]}<\/script>\n<!-- \/ Yoast SEO plugin. -->","yoast_head_json":{"title":"Falla mec\u00e1nica deja atrapados a cinco personas en elevador del mercado de La Cruz | Nexo Informativo Santiago de Quer\u00e9taro","description":"Falla mec\u00e1nica deja atrapados a cinco personas en elevador del mercado de La Cruz","robots":{"index":"index","follow":"follow","max-snippet":"max-snippet:-1","max-image-preview":"max-image-preview:large","max-video-preview":"max-video-preview:-1"},"canonical":"https:\/\/www.nexoinformativo.mx\/index.php\/2025\/01\/24\/falla-mecanica-deja-atrapados-a-cinco-personas-en-elevador-del-mercado-de-la-cruz\/","og_locale":"es_MX","og_type":"article","og_title":"Falla mec\u00e1nica deja atrapados a cinco personas en elevador del mercado de La Cruz | Nexo Informativo Santiago de Quer\u00e9taro","og_description":"Falla mec\u00e1nica deja atrapados a cinco personas en elevador del mercado de La Cruz","og_url":"https:\/\/www.nexoinformativo.mx\/index.php\/2025\/01\/24\/falla-mecanica-deja-atrapados-a-cinco-personas-en-elevador-del-mercado-de-la-cruz\/","og_site_name":"Nexo Informativo Santiago de Quer\u00e9taro","article_publisher":"https:\/\/www.facebook.com\/people\/Nexo-Informativo\/61564066885511\/","article_published_time":"2025-01-24T17:00:37+00:00","article_modified_time":"2025-01-24T19:27:23+00:00","og_image":[{"width":800,"height":437,"url":"https:\/\/www.nexoinformativo.mx\/wp-content\/uploads\/2025\/01\/IMG_9507-e1737746816346.jpg","type":"image\/jpeg"}],"author":"Nexo Informativo","twitter_card":"summary_large_image","twitter_misc":{"Escrito por":"Nexo Informativo","Tiempo de lectura":"1 minuto"},"schema":{"@context":"https:\/\/schema.org","@graph":[{"@type":"Article","@id":"https:\/\/www.nexoinformativo.mx\/index.php\/2025\/01\/24\/falla-mecanica-deja-atrapados-a-cinco-personas-en-elevador-del-mercado-de-la-cruz\/#article","isPartOf":{"@id":"https:\/\/www.nexoinformativo.mx\/index.php\/2025\/01\/24\/falla-mecanica-deja-atrapados-a-cinco-personas-en-elevador-del-mercado-de-la-cruz\/"},"author":{"name":"Nexo Informativo","@id":"https:\/\/www.nexoinformativo.mx\/#\/schema\/person\/7749d380ba08c8ca00d7bc76fd907b7d"},"headline":"Falla mec\u00e1nica deja atrapados a cinco personas en elevador del mercado de La Cruz","datePublished":"2025-01-24T17:00:37+00:00","dateModified":"2025-01-24T19:27:23+00:00","mainEntityOfPage":{"@id":"https:\/\/www.nexoinformativo.mx\/index.php\/2025\/01\/24\/falla-mecanica-deja-atrapados-a-cinco-personas-en-elevador-del-mercado-de-la-cruz\/"},"wordCount":181,"commentCount":0,"publisher":{"@id":"https:\/\/www.nexoinformativo.mx\/#organization"},"image":{"@id":"https:\/\/www.nexoinformativo.mx\/index.php\/2025\/01\/24\/falla-mecanica-deja-atrapados-a-cinco-personas-en-elevador-del-mercado-de-la-cruz\/#primaryimage"},"thumbnailUrl":"https:\/\/www.nexoinformativo.mx\/wp-content\/uploads\/2025\/01\/IMG_9507-e1737746816346.jpg","keywords":["ElevadorAtrapados","MercadoLaCruz","proteccioncivil","Quer\u00e9taro"],"articleSection":["Sucesos","\u00daltima Hora"],"inLanguage":"es","potentialAction":[{"@type":"CommentAction","name":"Comment","target":["https:\/\/www.nexoinformativo.mx\/index.php\/2025\/01\/24\/falla-mecanica-deja-atrapados-a-cinco-personas-en-elevador-del-mercado-de-la-cruz\/#respond"]}]},{"@type":"WebPage","@id":"https:\/\/www.nexoinformativo.mx\/index.php\/2025\/01\/24\/falla-mecanica-deja-atrapados-a-cinco-personas-en-elevador-del-mercado-de-la-cruz\/","url":"https:\/\/www.nexoinformativo.mx\/index.php\/2025\/01\/24\/falla-mecanica-deja-atrapados-a-cinco-personas-en-elevador-del-mercado-de-la-cruz\/","name":"Falla mec\u00e1nica deja atrapados a cinco personas en elevador del mercado de La Cruz | Nexo Informativo Santiago de Quer\u00e9taro","isPartOf":{"@id":"https:\/\/www.nexoinformativo.mx\/#website"},"primaryImageOfPage":{"@id":"https:\/\/www.nexoinformativo.mx\/index.php\/2025\/01\/24\/falla-mecanica-deja-atrapados-a-cinco-personas-en-elevador-del-mercado-de-la-cruz\/#primaryimage"},"image":{"@id":"https:\/\/www.nexoinformativo.mx\/index.php\/2025\/01\/24\/falla-mecanica-deja-atrapados-a-cinco-personas-en-elevador-del-mercado-de-la-cruz\/#primaryimage"},"thumbnailUrl":"https:\/\/www.nexoinformativo.mx\/wp-content\/uploads\/2025\/01\/IMG_9507-e1737746816346.jpg","datePublished":"2025-01-24T17:00:37+00:00","dateModified":"2025-01-24T19:27:23+00:00","description":"Falla mec\u00e1nica deja atrapados a cinco personas en elevador del mercado de La Cruz","breadcrumb":{"@id":"https:\/\/www.nexoinformativo.mx\/index.php\/2025\/01\/24\/falla-mecanica-deja-atrapados-a-cinco-personas-en-elevador-del-mercado-de-la-cruz\/#breadcrumb"},"inLanguage":"es","potentialAction":[{"@type":"ReadAction","target":["https:\/\/www.nexoinformativo.mx\/index.php\/2025\/01\/24\/falla-mecanica-deja-atrapados-a-cinco-personas-en-elevador-del-mercado-de-la-cruz\/"]}]},{"@type":"ImageObject","inLanguage":"es","@id":"https:\/\/www.nexoinformativo.mx\/index.php\/2025\/01\/24\/falla-mecanica-deja-atrapados-a-cinco-personas-en-elevador-del-mercado-de-la-cruz\/#primaryimage","url":"https:\/\/www.nexoinformativo.mx\/wp-content\/uploads\/2025\/01\/IMG_9507-e1737746816346.jpg","contentUrl":"https:\/\/www.nexoinformativo.mx\/wp-content\/uploads\/2025\/01\/IMG_9507-e1737746816346.jpg","width":800,"height":437,"caption":"Screenshot"},{"@type":"BreadcrumbList","@id":"https:\/\/www.nexoinformativo.mx\/index.php\/2025\/01\/24\/falla-mecanica-deja-atrapados-a-cinco-personas-en-elevador-del-mercado-de-la-cruz\/#breadcrumb","itemListElement":[{"@type":"ListItem","position":1,"name":"Inicio","item":"https:\/\/www.nexoinformativo.mx\/"},{"@type":"ListItem","position":2,"name":"Falla mec\u00e1nica deja atrapados a cinco personas en elevador del mercado de La Cruz"}]},{"@type":"WebSite","@id":"https:\/\/www.nexoinformativo.mx\/#website","url":"https:\/\/www.nexoinformativo.mx\/","name":"Nexo Informativo Santiago de Quer\u00e9taro","description":"Explora NexoInformativo y convi\u00e9rtete en parte de una comunidad que valora el conocimiento y la verdad. Tu nexoinformativo es tu puente hacia una comprensi\u00f3n m\u00e1s profunda del mundo que te rodea.","publisher":{"@id":"https:\/\/www.nexoinformativo.mx\/#organization"},"potentialAction":[{"@type":"SearchAction","target":{"@type":"EntryPoint","urlTemplate":"https:\/\/www.nexoinformativo.mx\/?s={search_term_string}"},"query-input":{"@type":"PropertyValueSpecification","valueRequired":true,"valueName":"search_term_string"}}],"inLanguage":"es"},{"@type":"Organization","@id":"https:\/\/www.nexoinformativo.mx\/#organization","name":"Nexo Informativo Santiago de Quer\u00e9taro","url":"https:\/\/www.nexoinformativo.mx\/","logo":{"@type":"ImageObject","inLanguage":"es","@id":"https:\/\/www.nexoinformativo.mx\/#\/schema\/logo\/image\/","url":"https:\/\/www.nexoinformativo.mx\/wp-content\/uploads\/2024\/07\/nexoi-trasparente-2.png","contentUrl":"https:\/\/www.nexoinformativo.mx\/wp-content\/uploads\/2024\/07\/nexoi-trasparente-2.png","width":816,"height":339,"caption":"Nexo Informativo Santiago de Quer\u00e9taro"},"image":{"@id":"https:\/\/www.nexoinformativo.mx\/#\/schema\/logo\/image\/"},"sameAs":["https:\/\/www.facebook.com\/people\/Nexo-Informativo\/61564066885511\/"]},{"@type":"Person","@id":"https:\/\/www.nexoinformativo.mx\/#\/schema\/person\/7749d380ba08c8ca00d7bc76fd907b7d","name":"Nexo Informativo","image":{"@type":"ImageObject","inLanguage":"es","@id":"https:\/\/www.nexoinformativo.mx\/#\/schema\/person\/image\/","url":"https:\/\/secure.gravatar.com\/avatar\/dde2928154642a13d95f87ddf1ea9718fe2b46760a005c53e41ff5ad610704e6?s=96&d=mm&r=g","contentUrl":"https:\/\/secure.gravatar.com\/avatar\/dde2928154642a13d95f87ddf1ea9718fe2b46760a005c53e41ff5ad610704e6?s=96&d=mm&r=g","caption":"Nexo Informativo"},"url":"https:\/\/www.nexoinformativo.mx\/index.php\/author\/edicion\/"}]}},"_links":{"self":[{"href":"https:\/\/www.nexoinformativo.mx\/index.php\/wp-json\/wp\/v2\/posts\/10567","targetHints":{"allow":["GET"]}}],"collection":[{"href":"https:\/\/www.nexoinformativo.mx\/index.php\/wp-json\/wp\/v2\/posts"}],"about":[{"href":"https:\/\/www.nexoinformativo.mx\/index.php\/wp-json\/wp\/v2\/types\/post"}],"author":[{"embeddable":true,"href":"https:\/\/www.nexoinformativo.mx\/index.php\/wp-json\/wp\/v2\/users\/3"}],"replies":[{"embeddable":true,"href":"https:\/\/www.nexoinformativo.mx\/index.php\/wp-json\/wp\/v2\/comments?post=10567"}],"version-history":[{"count":3,"href":"https:\/\/www.nexoinformativo.mx\/index.php\/wp-json\/wp\/v2\/posts\/10567\/revisions"}],"predecessor-version":[{"id":10571,"href":"https:\/\/www.nexoinformativo.mx\/index.php\/wp-json\/wp\/v2\/posts\/10567\/revisions\/10571"}],"wp:featuredmedia":[{"embeddable":true,"href":"https:\/\/www.nexoinformativo.mx\/index.php\/wp-json\/wp\/v2\/media\/10569"}],"wp:attachment":[{"href":"https:\/\/www.nexoinformativo.mx\/index.php\/wp-json\/wp\/v2\/media?parent=10567"}],"wp:term":[{"taxonomy":"category","embeddable":true,"href":"https:\/\/www.nexoinformativo.mx\/index.php\/wp-json\/wp\/v2\/categories?post=10567"},{"taxonomy":"post_tag","embeddable":true,"href":"https:\/\/www.nexoinformativo.mx\/index.php\/wp-json\/wp\/v2\/tags?post=10567"}],"curies":[{"name":"wp","href":"https:\/\/api.w.org\/{rel}","templated":true}]}}