{"id":10572,"date":"2025-01-24T11:30:42","date_gmt":"2025-01-24T17:30:42","guid":{"rendered":"https:\/\/www.nexoinformativo.mx\/?p=10572"},"modified":"2025-01-24T13:35:25","modified_gmt":"2025-01-24T19:35:25","slug":"proximamente-habra-nuevas-rutas-de-qrobus-hacia-el-aeropuerto-de-queretaro","status":"publish","type":"post","link":"https:\/\/www.nexoinformativo.mx\/index.php\/2025\/01\/24\/proximamente-habra-nuevas-rutas-de-qrobus-hacia-el-aeropuerto-de-queretaro\/","title":{"rendered":"Pr\u00f3ximamente habr\u00e1 nuevas rutas de Qrob\u00fas hacia el Aeropuerto de Quer\u00e9taro"},"content":{"rendered":"<p style=\"text-align: justify;\" data-sourcepos=\"11:1-11:413\">Los habitantes de Quer\u00e9taro y quienes visitan el estado pronto tendr\u00e1n una nueva opci\u00f3n de transporte p\u00fablico para llegar al Aeropuerto Internacional de Quer\u00e9taro.<\/p>\n<p>&nbsp;<\/p>\n<p style=\"text-align: justify;\" data-sourcepos=\"11:1-11:413\">As\u00ed lo anunci\u00f3 el director de la Agencia de Movilidad del Estado, Gerardo Cuanalo, quien inform\u00f3 que se encuentran en las \u00faltimas etapas de planeaci\u00f3n de nuevas rutas que conectar\u00e1n la capital con la zona aeroportuaria.<\/p>\n<p>&nbsp;<\/p>\n<p style=\"text-align: justify;\" data-sourcepos=\"13:1-13:158\"><strong>&#8220;Estamos trabajando para integrar esta zona de gran crecimiento al sistema Qrob\u00fas, ofreciendo un servicio eficiente y c\u00f3modo a los usuarios&#8221;<\/strong>, se\u00f1al\u00f3 Cuanalo.<\/p>\n<p>&nbsp;<\/p>\n<p style=\"text-align: justify;\" data-sourcepos=\"15:1-15:227\">Las nuevas rutas permitir\u00e1n conectar dos de los polos de desarrollo m\u00e1s importantes del estado: la ciudad de Quer\u00e9taro y la zona del aeropuerto, donde se ubican universidades, parques industriales y nuevos desarrollos urbanos.<\/p>\n<p>&nbsp;<\/p>\n<p style=\"text-align: justify;\" data-sourcepos=\"17:1-17:172\"><strong>&#8220;La idea es que los ciudadanos puedan trasladarse de manera f\u00e1cil y r\u00e1pida entre estos dos puntos, sin necesidad de utilizar veh\u00edculos particulares&#8221;<\/strong>, agreg\u00f3 el funcionario.<\/p>\n<p>&nbsp;<\/p>\n<p style=\"text-align: justify;\" data-sourcepos=\"19:1-19:321\">Aunque a\u00fan no se han definido las rutas exactas ni los horarios de servicio, se espera que las nuevas l\u00edneas comiencen a operar en los pr\u00f3ximos meses.<\/p>\n<p>&nbsp;<\/p>\n<p style=\"text-align: justify;\" data-sourcepos=\"19:1-19:321\">Adem\u00e1s, se contempla la posibilidad de implementar una unidad de transferencia y rutas troncales en la zona, lo que permitir\u00eda mejorar a\u00fan m\u00e1s la movilidad en El Marqu\u00e9s.<\/p>\n<p>&nbsp;<\/p>\n<p style=\"text-align: center;\" data-sourcepos=\"19:1-19:321\"><em><strong>\u00a1Informaci\u00f3n que transforma!<\/strong><\/em><\/p>\n<p data-sourcepos=\"19:1-19:321\">\n","protected":false},"excerpt":{"rendered":"<p>Los habitantes de Quer\u00e9taro y quienes visitan el estado pronto tendr\u00e1n una nueva opci\u00f3n de transporte p\u00fablico para llegar al Aeropuerto Internacional de Quer\u00e9taro.<\/p>\n","protected":false},"author":3,"featured_media":10573,"comment_status":"open","ping_status":"open","sticky":false,"template":"","format":"standard","meta":{"footnotes":""},"categories":[5,42,58],"tags":[2204,756,359,596],"class_list":["post-10572","post","type-post","status-publish","format-standard","has-post-thumbnail","hentry","category-economia","category-estado","category-ultima-hora","tag-aeropuertoqueretaro","tag-movilidadsustentable","tag-qrobus","tag-transportepublico"],"yoast_head":"<!-- This site is optimized with the Yoast SEO plugin v25.0 - https:\/\/yoast.com\/wordpress\/plugins\/seo\/ -->\n<title>Pr\u00f3ximamente habr\u00e1 nuevas rutas de Qrob\u00fas hacia el Aeropuerto de Quer\u00e9taro | Nexo Informativo Santiago de Quer\u00e9taro<\/title>\n<meta name=\"description\" content=\"Pr\u00f3ximamente habr\u00e1 nuevas rutas de Qrob\u00fas hacia el Aeropuerto de Quer\u00e9taro\" \/>\n<meta name=\"robots\" content=\"index, follow, max-snippet:-1, max-image-preview:large, max-video-preview:-1\" \/>\n<link rel=\"canonical\" href=\"https:\/\/www.nexoinformativo.mx\/index.php\/2025\/01\/24\/proximamente-habra-nuevas-rutas-de-qrobus-hacia-el-aeropuerto-de-queretaro\/\" \/>\n<meta property=\"og:locale\" content=\"es_MX\" \/>\n<meta property=\"og:type\" content=\"article\" \/>\n<meta property=\"og:title\" content=\"Pr\u00f3ximamente habr\u00e1 nuevas rutas de Qrob\u00fas hacia el Aeropuerto de Quer\u00e9taro | Nexo Informativo Santiago de Quer\u00e9taro\" \/>\n<meta property=\"og:description\" content=\"Pr\u00f3ximamente habr\u00e1 nuevas rutas de Qrob\u00fas hacia el Aeropuerto de Quer\u00e9taro\" \/>\n<meta property=\"og:url\" content=\"https:\/\/www.nexoinformativo.mx\/index.php\/2025\/01\/24\/proximamente-habra-nuevas-rutas-de-qrobus-hacia-el-aeropuerto-de-queretaro\/\" \/>\n<meta property=\"og:site_name\" content=\"Nexo Informativo Santiago de Quer\u00e9taro\" \/>\n<meta property=\"article:publisher\" content=\"https:\/\/www.facebook.com\/people\/Nexo-Informativo\/61564066885511\/\" \/>\n<meta property=\"article:published_time\" content=\"2025-01-24T17:30:42+00:00\" \/>\n<meta property=\"article:modified_time\" content=\"2025-01-24T19:35:25+00:00\" \/>\n<meta property=\"og:image\" content=\"https:\/\/www.nexoinformativo.mx\/wp-content\/uploads\/2025\/01\/d908c9fb-ae58-419c-8c87-55246cdb68f4-e1737747075882.jpg\" \/>\n\t<meta property=\"og:image:width\" content=\"800\" \/>\n\t<meta property=\"og:image:height\" content=\"567\" \/>\n\t<meta property=\"og:image:type\" content=\"image\/jpeg\" \/>\n<meta name=\"author\" content=\"Nexo Informativo\" \/>\n<meta name=\"twitter:card\" content=\"summary_large_image\" \/>\n<meta name=\"twitter:label1\" content=\"Escrito por\" \/>\n\t<meta name=\"twitter:data1\" content=\"Nexo Informativo\" \/>\n\t<meta name=\"twitter:label2\" content=\"Tiempo de lectura\" \/>\n\t<meta name=\"twitter:data2\" content=\"2 minutos\" \/>\n<script type=\"application\/ld+json\" class=\"yoast-schema-graph\">{\"@context\":\"https:\/\/schema.org\",\"@graph\":[{\"@type\":\"Article\",\"@id\":\"https:\/\/www.nexoinformativo.mx\/index.php\/2025\/01\/24\/proximamente-habra-nuevas-rutas-de-qrobus-hacia-el-aeropuerto-de-queretaro\/#article\",\"isPartOf\":{\"@id\":\"https:\/\/www.nexoinformativo.mx\/index.php\/2025\/01\/24\/proximamente-habra-nuevas-rutas-de-qrobus-hacia-el-aeropuerto-de-queretaro\/\"},\"author\":{\"name\":\"Nexo Informativo\",\"@id\":\"https:\/\/www.nexoinformativo.mx\/#\/schema\/person\/7749d380ba08c8ca00d7bc76fd907b7d\"},\"headline\":\"Pr\u00f3ximamente habr\u00e1 nuevas rutas de Qrob\u00fas hacia el Aeropuerto de Quer\u00e9taro\",\"datePublished\":\"2025-01-24T17:30:42+00:00\",\"dateModified\":\"2025-01-24T19:35:25+00:00\",\"mainEntityOfPage\":{\"@id\":\"https:\/\/www.nexoinformativo.mx\/index.php\/2025\/01\/24\/proximamente-habra-nuevas-rutas-de-qrobus-hacia-el-aeropuerto-de-queretaro\/\"},\"wordCount\":247,\"commentCount\":0,\"publisher\":{\"@id\":\"https:\/\/www.nexoinformativo.mx\/#organization\"},\"image\":{\"@id\":\"https:\/\/www.nexoinformativo.mx\/index.php\/2025\/01\/24\/proximamente-habra-nuevas-rutas-de-qrobus-hacia-el-aeropuerto-de-queretaro\/#primaryimage\"},\"thumbnailUrl\":\"https:\/\/www.nexoinformativo.mx\/wp-content\/uploads\/2025\/01\/d908c9fb-ae58-419c-8c87-55246cdb68f4-e1737747075882.jpg\",\"keywords\":[\"AeropuertoQuer\u00e9taro\",\"MovilidadSustentable\",\"QroB\u00fas\",\"TransporteP\u00fablico\"],\"articleSection\":[\"Econom\u00eda\",\"Estado\",\"\u00daltima Hora\"],\"inLanguage\":\"es\",\"potentialAction\":[{\"@type\":\"CommentAction\",\"name\":\"Comment\",\"target\":[\"https:\/\/www.nexoinformativo.mx\/index.php\/2025\/01\/24\/proximamente-habra-nuevas-rutas-de-qrobus-hacia-el-aeropuerto-de-queretaro\/#respond\"]}]},{\"@type\":\"WebPage\",\"@id\":\"https:\/\/www.nexoinformativo.mx\/index.php\/2025\/01\/24\/proximamente-habra-nuevas-rutas-de-qrobus-hacia-el-aeropuerto-de-queretaro\/\",\"url\":\"https:\/\/www.nexoinformativo.mx\/index.php\/2025\/01\/24\/proximamente-habra-nuevas-rutas-de-qrobus-hacia-el-aeropuerto-de-queretaro\/\",\"name\":\"Pr\u00f3ximamente habr\u00e1 nuevas rutas de Qrob\u00fas hacia el Aeropuerto de Quer\u00e9taro | Nexo Informativo Santiago de Quer\u00e9taro\",\"isPartOf\":{\"@id\":\"https:\/\/www.nexoinformativo.mx\/#website\"},\"primaryImageOfPage\":{\"@id\":\"https:\/\/www.nexoinformativo.mx\/index.php\/2025\/01\/24\/proximamente-habra-nuevas-rutas-de-qrobus-hacia-el-aeropuerto-de-queretaro\/#primaryimage\"},\"image\":{\"@id\":\"https:\/\/www.nexoinformativo.mx\/index.php\/2025\/01\/24\/proximamente-habra-nuevas-rutas-de-qrobus-hacia-el-aeropuerto-de-queretaro\/#primaryimage\"},\"thumbnailUrl\":\"https:\/\/www.nexoinformativo.mx\/wp-content\/uploads\/2025\/01\/d908c9fb-ae58-419c-8c87-55246cdb68f4-e1737747075882.jpg\",\"datePublished\":\"2025-01-24T17:30:42+00:00\",\"dateModified\":\"2025-01-24T19:35:25+00:00\",\"description\":\"Pr\u00f3ximamente habr\u00e1 nuevas rutas de Qrob\u00fas hacia el Aeropuerto de Quer\u00e9taro\",\"breadcrumb\":{\"@id\":\"https:\/\/www.nexoinformativo.mx\/index.php\/2025\/01\/24\/proximamente-habra-nuevas-rutas-de-qrobus-hacia-el-aeropuerto-de-queretaro\/#breadcrumb\"},\"inLanguage\":\"es\",\"potentialAction\":[{\"@type\":\"ReadAction\",\"target\":[\"https:\/\/www.nexoinformativo.mx\/index.php\/2025\/01\/24\/proximamente-habra-nuevas-rutas-de-qrobus-hacia-el-aeropuerto-de-queretaro\/\"]}]},{\"@type\":\"ImageObject\",\"inLanguage\":\"es\",\"@id\":\"https:\/\/www.nexoinformativo.mx\/index.php\/2025\/01\/24\/proximamente-habra-nuevas-rutas-de-qrobus-hacia-el-aeropuerto-de-queretaro\/#primaryimage\",\"url\":\"https:\/\/www.nexoinformativo.mx\/wp-content\/uploads\/2025\/01\/d908c9fb-ae58-419c-8c87-55246cdb68f4-e1737747075882.jpg\",\"contentUrl\":\"https:\/\/www.nexoinformativo.mx\/wp-content\/uploads\/2025\/01\/d908c9fb-ae58-419c-8c87-55246cdb68f4-e1737747075882.jpg\",\"width\":800,\"height\":567},{\"@type\":\"BreadcrumbList\",\"@id\":\"https:\/\/www.nexoinformativo.mx\/index.php\/2025\/01\/24\/proximamente-habra-nuevas-rutas-de-qrobus-hacia-el-aeropuerto-de-queretaro\/#breadcrumb\",\"itemListElement\":[{\"@type\":\"ListItem\",\"position\":1,\"name\":\"Inicio\",\"item\":\"https:\/\/www.nexoinformativo.mx\/\"},{\"@type\":\"ListItem\",\"position\":2,\"name\":\"Pr\u00f3ximamente habr\u00e1 nuevas rutas de Qrob\u00fas hacia el Aeropuerto de Quer\u00e9taro\"}]},{\"@type\":\"WebSite\",\"@id\":\"https:\/\/www.nexoinformativo.mx\/#website\",\"url\":\"https:\/\/www.nexoinformativo.mx\/\",\"name\":\"Nexo Informativo Santiago de Quer\u00e9taro\",\"description\":\"Explora NexoInformativo y convi\u00e9rtete en parte de una comunidad que valora el conocimiento y la verdad. Tu nexoinformativo es tu puente hacia una comprensi\u00f3n m\u00e1s profunda del mundo que te rodea.\",\"publisher\":{\"@id\":\"https:\/\/www.nexoinformativo.mx\/#organization\"},\"potentialAction\":[{\"@type\":\"SearchAction\",\"target\":{\"@type\":\"EntryPoint\",\"urlTemplate\":\"https:\/\/www.nexoinformativo.mx\/?s={search_term_string}\"},\"query-input\":{\"@type\":\"PropertyValueSpecification\",\"valueRequired\":true,\"valueName\":\"search_term_string\"}}],\"inLanguage\":\"es\"},{\"@type\":\"Organization\",\"@id\":\"https:\/\/www.nexoinformativo.mx\/#organization\",\"name\":\"Nexo Informativo Santiago de Quer\u00e9taro\",\"url\":\"https:\/\/www.nexoinformativo.mx\/\",\"logo\":{\"@type\":\"ImageObject\",\"inLanguage\":\"es\",\"@id\":\"https:\/\/www.nexoinformativo.mx\/#\/schema\/logo\/image\/\",\"url\":\"https:\/\/www.nexoinformativo.mx\/wp-content\/uploads\/2024\/07\/nexoi-trasparente-2.png\",\"contentUrl\":\"https:\/\/www.nexoinformativo.mx\/wp-content\/uploads\/2024\/07\/nexoi-trasparente-2.png\",\"width\":816,\"height\":339,\"caption\":\"Nexo Informativo Santiago de Quer\u00e9taro\"},\"image\":{\"@id\":\"https:\/\/www.nexoinformativo.mx\/#\/schema\/logo\/image\/\"},\"sameAs\":[\"https:\/\/www.facebook.com\/people\/Nexo-Informativo\/61564066885511\/\"]},{\"@type\":\"Person\",\"@id\":\"https:\/\/www.nexoinformativo.mx\/#\/schema\/person\/7749d380ba08c8ca00d7bc76fd907b7d\",\"name\":\"Nexo Informativo\",\"image\":{\"@type\":\"ImageObject\",\"inLanguage\":\"es\",\"@id\":\"https:\/\/www.nexoinformativo.mx\/#\/schema\/person\/image\/\",\"url\":\"https:\/\/secure.gravatar.com\/avatar\/dde2928154642a13d95f87ddf1ea9718fe2b46760a005c53e41ff5ad610704e6?s=96&d=mm&r=g\",\"contentUrl\":\"https:\/\/secure.gravatar.com\/avatar\/dde2928154642a13d95f87ddf1ea9718fe2b46760a005c53e41ff5ad610704e6?s=96&d=mm&r=g\",\"caption\":\"Nexo Informativo\"},\"url\":\"https:\/\/www.nexoinformativo.mx\/index.php\/author\/edicion\/\"}]}<\/script>\n<!-- \/ Yoast SEO plugin. -->","yoast_head_json":{"title":"Pr\u00f3ximamente habr\u00e1 nuevas rutas de Qrob\u00fas hacia el Aeropuerto de Quer\u00e9taro | Nexo Informativo Santiago de Quer\u00e9taro","description":"Pr\u00f3ximamente habr\u00e1 nuevas rutas de Qrob\u00fas hacia el Aeropuerto de Quer\u00e9taro","robots":{"index":"index","follow":"follow","max-snippet":"max-snippet:-1","max-image-preview":"max-image-preview:large","max-video-preview":"max-video-preview:-1"},"canonical":"https:\/\/www.nexoinformativo.mx\/index.php\/2025\/01\/24\/proximamente-habra-nuevas-rutas-de-qrobus-hacia-el-aeropuerto-de-queretaro\/","og_locale":"es_MX","og_type":"article","og_title":"Pr\u00f3ximamente habr\u00e1 nuevas rutas de Qrob\u00fas hacia el Aeropuerto de Quer\u00e9taro | Nexo Informativo Santiago de Quer\u00e9taro","og_description":"Pr\u00f3ximamente habr\u00e1 nuevas rutas de Qrob\u00fas hacia el Aeropuerto de Quer\u00e9taro","og_url":"https:\/\/www.nexoinformativo.mx\/index.php\/2025\/01\/24\/proximamente-habra-nuevas-rutas-de-qrobus-hacia-el-aeropuerto-de-queretaro\/","og_site_name":"Nexo Informativo Santiago de Quer\u00e9taro","article_publisher":"https:\/\/www.facebook.com\/people\/Nexo-Informativo\/61564066885511\/","article_published_time":"2025-01-24T17:30:42+00:00","article_modified_time":"2025-01-24T19:35:25+00:00","og_image":[{"width":800,"height":567,"url":"https:\/\/www.nexoinformativo.mx\/wp-content\/uploads\/2025\/01\/d908c9fb-ae58-419c-8c87-55246cdb68f4-e1737747075882.jpg","type":"image\/jpeg"}],"author":"Nexo Informativo","twitter_card":"summary_large_image","twitter_misc":{"Escrito por":"Nexo Informativo","Tiempo de lectura":"2 minutos"},"schema":{"@context":"https:\/\/schema.org","@graph":[{"@type":"Article","@id":"https:\/\/www.nexoinformativo.mx\/index.php\/2025\/01\/24\/proximamente-habra-nuevas-rutas-de-qrobus-hacia-el-aeropuerto-de-queretaro\/#article","isPartOf":{"@id":"https:\/\/www.nexoinformativo.mx\/index.php\/2025\/01\/24\/proximamente-habra-nuevas-rutas-de-qrobus-hacia-el-aeropuerto-de-queretaro\/"},"author":{"name":"Nexo Informativo","@id":"https:\/\/www.nexoinformativo.mx\/#\/schema\/person\/7749d380ba08c8ca00d7bc76fd907b7d"},"headline":"Pr\u00f3ximamente habr\u00e1 nuevas rutas de Qrob\u00fas hacia el Aeropuerto de Quer\u00e9taro","datePublished":"2025-01-24T17:30:42+00:00","dateModified":"2025-01-24T19:35:25+00:00","mainEntityOfPage":{"@id":"https:\/\/www.nexoinformativo.mx\/index.php\/2025\/01\/24\/proximamente-habra-nuevas-rutas-de-qrobus-hacia-el-aeropuerto-de-queretaro\/"},"wordCount":247,"commentCount":0,"publisher":{"@id":"https:\/\/www.nexoinformativo.mx\/#organization"},"image":{"@id":"https:\/\/www.nexoinformativo.mx\/index.php\/2025\/01\/24\/proximamente-habra-nuevas-rutas-de-qrobus-hacia-el-aeropuerto-de-queretaro\/#primaryimage"},"thumbnailUrl":"https:\/\/www.nexoinformativo.mx\/wp-content\/uploads\/2025\/01\/d908c9fb-ae58-419c-8c87-55246cdb68f4-e1737747075882.jpg","keywords":["AeropuertoQuer\u00e9taro","MovilidadSustentable","QroB\u00fas","TransporteP\u00fablico"],"articleSection":["Econom\u00eda","Estado","\u00daltima Hora"],"inLanguage":"es","potentialAction":[{"@type":"CommentAction","name":"Comment","target":["https:\/\/www.nexoinformativo.mx\/index.php\/2025\/01\/24\/proximamente-habra-nuevas-rutas-de-qrobus-hacia-el-aeropuerto-de-queretaro\/#respond"]}]},{"@type":"WebPage","@id":"https:\/\/www.nexoinformativo.mx\/index.php\/2025\/01\/24\/proximamente-habra-nuevas-rutas-de-qrobus-hacia-el-aeropuerto-de-queretaro\/","url":"https:\/\/www.nexoinformativo.mx\/index.php\/2025\/01\/24\/proximamente-habra-nuevas-rutas-de-qrobus-hacia-el-aeropuerto-de-queretaro\/","name":"Pr\u00f3ximamente habr\u00e1 nuevas rutas de Qrob\u00fas hacia el Aeropuerto de Quer\u00e9taro | Nexo Informativo Santiago de Quer\u00e9taro","isPartOf":{"@id":"https:\/\/www.nexoinformativo.mx\/#website"},"primaryImageOfPage":{"@id":"https:\/\/www.nexoinformativo.mx\/index.php\/2025\/01\/24\/proximamente-habra-nuevas-rutas-de-qrobus-hacia-el-aeropuerto-de-queretaro\/#primaryimage"},"image":{"@id":"https:\/\/www.nexoinformativo.mx\/index.php\/2025\/01\/24\/proximamente-habra-nuevas-rutas-de-qrobus-hacia-el-aeropuerto-de-queretaro\/#primaryimage"},"thumbnailUrl":"https:\/\/www.nexoinformativo.mx\/wp-content\/uploads\/2025\/01\/d908c9fb-ae58-419c-8c87-55246cdb68f4-e1737747075882.jpg","datePublished":"2025-01-24T17:30:42+00:00","dateModified":"2025-01-24T19:35:25+00:00","description":"Pr\u00f3ximamente habr\u00e1 nuevas rutas de Qrob\u00fas hacia el Aeropuerto de Quer\u00e9taro","breadcrumb":{"@id":"https:\/\/www.nexoinformativo.mx\/index.php\/2025\/01\/24\/proximamente-habra-nuevas-rutas-de-qrobus-hacia-el-aeropuerto-de-queretaro\/#breadcrumb"},"inLanguage":"es","potentialAction":[{"@type":"ReadAction","target":["https:\/\/www.nexoinformativo.mx\/index.php\/2025\/01\/24\/proximamente-habra-nuevas-rutas-de-qrobus-hacia-el-aeropuerto-de-queretaro\/"]}]},{"@type":"ImageObject","inLanguage":"es","@id":"https:\/\/www.nexoinformativo.mx\/index.php\/2025\/01\/24\/proximamente-habra-nuevas-rutas-de-qrobus-hacia-el-aeropuerto-de-queretaro\/#primaryimage","url":"https:\/\/www.nexoinformativo.mx\/wp-content\/uploads\/2025\/01\/d908c9fb-ae58-419c-8c87-55246cdb68f4-e1737747075882.jpg","contentUrl":"https:\/\/www.nexoinformativo.mx\/wp-content\/uploads\/2025\/01\/d908c9fb-ae58-419c-8c87-55246cdb68f4-e1737747075882.jpg","width":800,"height":567},{"@type":"BreadcrumbList","@id":"https:\/\/www.nexoinformativo.mx\/index.php\/2025\/01\/24\/proximamente-habra-nuevas-rutas-de-qrobus-hacia-el-aeropuerto-de-queretaro\/#breadcrumb","itemListElement":[{"@type":"ListItem","position":1,"name":"Inicio","item":"https:\/\/www.nexoinformativo.mx\/"},{"@type":"ListItem","position":2,"name":"Pr\u00f3ximamente habr\u00e1 nuevas rutas de Qrob\u00fas hacia el Aeropuerto de Quer\u00e9taro"}]},{"@type":"WebSite","@id":"https:\/\/www.nexoinformativo.mx\/#website","url":"https:\/\/www.nexoinformativo.mx\/","name":"Nexo Informativo Santiago de Quer\u00e9taro","description":"Explora NexoInformativo y convi\u00e9rtete en parte de una comunidad que valora el conocimiento y la verdad. Tu nexoinformativo es tu puente hacia una comprensi\u00f3n m\u00e1s profunda del mundo que te rodea.","publisher":{"@id":"https:\/\/www.nexoinformativo.mx\/#organization"},"potentialAction":[{"@type":"SearchAction","target":{"@type":"EntryPoint","urlTemplate":"https:\/\/www.nexoinformativo.mx\/?s={search_term_string}"},"query-input":{"@type":"PropertyValueSpecification","valueRequired":true,"valueName":"search_term_string"}}],"inLanguage":"es"},{"@type":"Organization","@id":"https:\/\/www.nexoinformativo.mx\/#organization","name":"Nexo Informativo Santiago de Quer\u00e9taro","url":"https:\/\/www.nexoinformativo.mx\/","logo":{"@type":"ImageObject","inLanguage":"es","@id":"https:\/\/www.nexoinformativo.mx\/#\/schema\/logo\/image\/","url":"https:\/\/www.nexoinformativo.mx\/wp-content\/uploads\/2024\/07\/nexoi-trasparente-2.png","contentUrl":"https:\/\/www.nexoinformativo.mx\/wp-content\/uploads\/2024\/07\/nexoi-trasparente-2.png","width":816,"height":339,"caption":"Nexo Informativo Santiago de Quer\u00e9taro"},"image":{"@id":"https:\/\/www.nexoinformativo.mx\/#\/schema\/logo\/image\/"},"sameAs":["https:\/\/www.facebook.com\/people\/Nexo-Informativo\/61564066885511\/"]},{"@type":"Person","@id":"https:\/\/www.nexoinformativo.mx\/#\/schema\/person\/7749d380ba08c8ca00d7bc76fd907b7d","name":"Nexo Informativo","image":{"@type":"ImageObject","inLanguage":"es","@id":"https:\/\/www.nexoinformativo.mx\/#\/schema\/person\/image\/","url":"https:\/\/secure.gravatar.com\/avatar\/dde2928154642a13d95f87ddf1ea9718fe2b46760a005c53e41ff5ad610704e6?s=96&d=mm&r=g","contentUrl":"https:\/\/secure.gravatar.com\/avatar\/dde2928154642a13d95f87ddf1ea9718fe2b46760a005c53e41ff5ad610704e6?s=96&d=mm&r=g","caption":"Nexo Informativo"},"url":"https:\/\/www.nexoinformativo.mx\/index.php\/author\/edicion\/"}]}},"_links":{"self":[{"href":"https:\/\/www.nexoinformativo.mx\/index.php\/wp-json\/wp\/v2\/posts\/10572","targetHints":{"allow":["GET"]}}],"collection":[{"href":"https:\/\/www.nexoinformativo.mx\/index.php\/wp-json\/wp\/v2\/posts"}],"about":[{"href":"https:\/\/www.nexoinformativo.mx\/index.php\/wp-json\/wp\/v2\/types\/post"}],"author":[{"embeddable":true,"href":"https:\/\/www.nexoinformativo.mx\/index.php\/wp-json\/wp\/v2\/users\/3"}],"replies":[{"embeddable":true,"href":"https:\/\/www.nexoinformativo.mx\/index.php\/wp-json\/wp\/v2\/comments?post=10572"}],"version-history":[{"count":3,"href":"https:\/\/www.nexoinformativo.mx\/index.php\/wp-json\/wp\/v2\/posts\/10572\/revisions"}],"predecessor-version":[{"id":10580,"href":"https:\/\/www.nexoinformativo.mx\/index.php\/wp-json\/wp\/v2\/posts\/10572\/revisions\/10580"}],"wp:featuredmedia":[{"embeddable":true,"href":"https:\/\/www.nexoinformativo.mx\/index.php\/wp-json\/wp\/v2\/media\/10573"}],"wp:attachment":[{"href":"https:\/\/www.nexoinformativo.mx\/index.php\/wp-json\/wp\/v2\/media?parent=10572"}],"wp:term":[{"taxonomy":"category","embeddable":true,"href":"https:\/\/www.nexoinformativo.mx\/index.php\/wp-json\/wp\/v2\/categories?post=10572"},{"taxonomy":"post_tag","embeddable":true,"href":"https:\/\/www.nexoinformativo.mx\/index.php\/wp-json\/wp\/v2\/tags?post=10572"}],"curies":[{"name":"wp","href":"https:\/\/api.w.org\/{rel}","templated":true}]}}