{"id":10577,"date":"2025-01-24T12:00:07","date_gmt":"2025-01-24T18:00:07","guid":{"rendered":"https:\/\/www.nexoinformativo.mx\/?p=10577"},"modified":"2025-01-24T13:37:22","modified_gmt":"2025-01-24T19:37:22","slug":"queretaro-refuerza-su-estrategia-de-seguridad-a-pesar-de-datos-de-la-ensu","status":"publish","type":"post","link":"https:\/\/www.nexoinformativo.mx\/index.php\/2025\/01\/24\/queretaro-refuerza-su-estrategia-de-seguridad-a-pesar-de-datos-de-la-ensu\/","title":{"rendered":"Quer\u00e9taro refuerza su estrategia de seguridad a pesar de datos de la ENSU"},"content":{"rendered":"<p style=\"text-align: justify;\" data-sourcepos=\"11:1-11:338\">El secretario de Gobierno, Carlos Alcaraz, ha reconocido los resultados de la <strong>Encuesta Nacional de Seguridad P\u00fablica Urbana<\/strong> (ENSU) que muestran una percepci\u00f3n de inseguridad en la entidad, sin embargo, ha destacado que Quer\u00e9taro contin\u00faa trabajando arduamente para mantener y mejorar los \u00edndices de seguridad.<\/p>\n<p>&nbsp;<\/p>\n<p style=\"text-align: justify;\" data-sourcepos=\"13:1-13:246\"><strong>&#8220;La ENSU refleja un momento en el tiempo y se basa en la percepci\u00f3n de los ciudadanos&#8221;<\/strong>, explic\u00f3 Alcaraz. &#8220;Es importante destacar que, si bien la percepci\u00f3n es un factor relevante, tambi\u00e9n debemos analizar los datos duros de incidencia delictiva&#8221;.<\/p>\n<p>&nbsp;<\/p>\n<p style=\"text-align: justify;\" data-sourcepos=\"15:1-15:264\">En este sentido, el funcionario estatal destac\u00f3 que Quer\u00e9taro cerr\u00f3 el a\u00f1o 2024 con una disminuci\u00f3n del 7% en la incidencia delictiva en general, y que los delitos de alto impacto han mostrado avances significativos, con una tasa de esclarecimiento cercana al 70%.<\/p>\n<p>&nbsp;<\/p>\n<p style=\"text-align: justify;\" data-sourcepos=\"17:1-17:181\">&#8220;Estos resultados son el fruto de una estrategia integral de seguridad que hemos implementado en el estado, en coordinaci\u00f3n con las fuerzas federales y municipales&#8221;, afirm\u00f3 Alcaraz.<\/p>\n<p>&nbsp;<\/p>\n<p style=\"text-align: justify;\" data-sourcepos=\"19:1-19:288\">A pesar de estos avances, el gobierno estatal reconoce la importancia de seguir trabajando para mejorar la percepci\u00f3n de seguridad de los ciudadanos. Por ello, se continuar\u00e1n implementando acciones enfocadas en la prevenci\u00f3n del delito, la reinserci\u00f3n social y la atenci\u00f3n a las v\u00edctimas.<\/p>\n<p>&nbsp;<\/p>\n<p style=\"text-align: center;\" data-sourcepos=\"19:1-19:288\"><em><strong>\u00a1Informaci\u00f3n que transforma!<\/strong><\/em><\/p>\n","protected":false},"excerpt":{"rendered":"<p>El secretario de Gobierno, Carlos Alcaraz, ha reconocido los resultados de la Encuesta Nacional de Seguridad P\u00fablica Urbana (ENSU) que muestran una percepci\u00f3n de inseguridad en la entidad, sin embargo, ha destacado que Quer\u00e9taro contin\u00faa trabajando arduamente para mantener y mejorar los \u00edndices de seguridad.<\/p>\n","protected":false},"author":3,"featured_media":10578,"comment_status":"open","ping_status":"open","sticky":false,"template":"","format":"standard","meta":{"footnotes":""},"categories":[42,58],"tags":[3226,3225,3227,266],"class_list":["post-10577","post","type-post","status-publish","format-standard","has-post-thumbnail","hentry","category-estado","category-ultima-hora","tag-carlosalcaraz","tag-ensu","tag-gobiernodequeretaro","tag-seguridadqueretaro"],"yoast_head":"<!-- This site is optimized with the Yoast SEO plugin v25.0 - https:\/\/yoast.com\/wordpress\/plugins\/seo\/ -->\n<title>Quer\u00e9taro refuerza su estrategia de seguridad a pesar de datos de la ENSU | Nexo Informativo Santiago de Quer\u00e9taro<\/title>\n<meta name=\"description\" content=\"Quer\u00e9taro refuerza su estrategia de seguridad a pesar de datos de la ENSU\" \/>\n<meta name=\"robots\" content=\"index, follow, max-snippet:-1, max-image-preview:large, max-video-preview:-1\" \/>\n<link rel=\"canonical\" href=\"https:\/\/www.nexoinformativo.mx\/index.php\/2025\/01\/24\/queretaro-refuerza-su-estrategia-de-seguridad-a-pesar-de-datos-de-la-ensu\/\" \/>\n<meta property=\"og:locale\" content=\"es_MX\" \/>\n<meta property=\"og:type\" content=\"article\" \/>\n<meta property=\"og:title\" content=\"Quer\u00e9taro refuerza su estrategia de seguridad a pesar de datos de la ENSU | Nexo Informativo Santiago de Quer\u00e9taro\" \/>\n<meta property=\"og:description\" content=\"Quer\u00e9taro refuerza su estrategia de seguridad a pesar de datos de la ENSU\" \/>\n<meta property=\"og:url\" content=\"https:\/\/www.nexoinformativo.mx\/index.php\/2025\/01\/24\/queretaro-refuerza-su-estrategia-de-seguridad-a-pesar-de-datos-de-la-ensu\/\" \/>\n<meta property=\"og:site_name\" content=\"Nexo Informativo Santiago de Quer\u00e9taro\" \/>\n<meta property=\"article:publisher\" content=\"https:\/\/www.facebook.com\/people\/Nexo-Informativo\/61564066885511\/\" \/>\n<meta property=\"article:published_time\" content=\"2025-01-24T18:00:07+00:00\" \/>\n<meta property=\"article:modified_time\" content=\"2025-01-24T19:37:22+00:00\" \/>\n<meta property=\"og:image\" content=\"https:\/\/www.nexoinformativo.mx\/wp-content\/uploads\/2025\/01\/63daf79b-33f2-45a5-9cac-ef31d96b918f-e1737747291138.jpg\" \/>\n\t<meta property=\"og:image:width\" content=\"800\" \/>\n\t<meta property=\"og:image:height\" content=\"533\" \/>\n\t<meta property=\"og:image:type\" content=\"image\/jpeg\" \/>\n<meta name=\"author\" content=\"Nexo Informativo\" \/>\n<meta name=\"twitter:card\" content=\"summary_large_image\" \/>\n<meta name=\"twitter:label1\" content=\"Escrito por\" \/>\n\t<meta name=\"twitter:data1\" content=\"Nexo Informativo\" \/>\n\t<meta name=\"twitter:label2\" content=\"Tiempo de lectura\" \/>\n\t<meta name=\"twitter:data2\" content=\"2 minutos\" \/>\n<script type=\"application\/ld+json\" class=\"yoast-schema-graph\">{\"@context\":\"https:\/\/schema.org\",\"@graph\":[{\"@type\":\"Article\",\"@id\":\"https:\/\/www.nexoinformativo.mx\/index.php\/2025\/01\/24\/queretaro-refuerza-su-estrategia-de-seguridad-a-pesar-de-datos-de-la-ensu\/#article\",\"isPartOf\":{\"@id\":\"https:\/\/www.nexoinformativo.mx\/index.php\/2025\/01\/24\/queretaro-refuerza-su-estrategia-de-seguridad-a-pesar-de-datos-de-la-ensu\/\"},\"author\":{\"name\":\"Nexo Informativo\",\"@id\":\"https:\/\/www.nexoinformativo.mx\/#\/schema\/person\/7749d380ba08c8ca00d7bc76fd907b7d\"},\"headline\":\"Quer\u00e9taro refuerza su estrategia de seguridad a pesar de datos de la ENSU\",\"datePublished\":\"2025-01-24T18:00:07+00:00\",\"dateModified\":\"2025-01-24T19:37:22+00:00\",\"mainEntityOfPage\":{\"@id\":\"https:\/\/www.nexoinformativo.mx\/index.php\/2025\/01\/24\/queretaro-refuerza-su-estrategia-de-seguridad-a-pesar-de-datos-de-la-ensu\/\"},\"wordCount\":236,\"commentCount\":0,\"publisher\":{\"@id\":\"https:\/\/www.nexoinformativo.mx\/#organization\"},\"image\":{\"@id\":\"https:\/\/www.nexoinformativo.mx\/index.php\/2025\/01\/24\/queretaro-refuerza-su-estrategia-de-seguridad-a-pesar-de-datos-de-la-ensu\/#primaryimage\"},\"thumbnailUrl\":\"https:\/\/www.nexoinformativo.mx\/wp-content\/uploads\/2025\/01\/63daf79b-33f2-45a5-9cac-ef31d96b918f-e1737747291138.jpg\",\"keywords\":[\"CarlosAlcaraz\",\"ENSU\",\"GobiernoDeQuer\u00e9taro\",\"SeguridadQueretaro\"],\"articleSection\":[\"Estado\",\"\u00daltima Hora\"],\"inLanguage\":\"es\",\"potentialAction\":[{\"@type\":\"CommentAction\",\"name\":\"Comment\",\"target\":[\"https:\/\/www.nexoinformativo.mx\/index.php\/2025\/01\/24\/queretaro-refuerza-su-estrategia-de-seguridad-a-pesar-de-datos-de-la-ensu\/#respond\"]}]},{\"@type\":\"WebPage\",\"@id\":\"https:\/\/www.nexoinformativo.mx\/index.php\/2025\/01\/24\/queretaro-refuerza-su-estrategia-de-seguridad-a-pesar-de-datos-de-la-ensu\/\",\"url\":\"https:\/\/www.nexoinformativo.mx\/index.php\/2025\/01\/24\/queretaro-refuerza-su-estrategia-de-seguridad-a-pesar-de-datos-de-la-ensu\/\",\"name\":\"Quer\u00e9taro refuerza su estrategia de seguridad a pesar de datos de la ENSU | Nexo Informativo Santiago de Quer\u00e9taro\",\"isPartOf\":{\"@id\":\"https:\/\/www.nexoinformativo.mx\/#website\"},\"primaryImageOfPage\":{\"@id\":\"https:\/\/www.nexoinformativo.mx\/index.php\/2025\/01\/24\/queretaro-refuerza-su-estrategia-de-seguridad-a-pesar-de-datos-de-la-ensu\/#primaryimage\"},\"image\":{\"@id\":\"https:\/\/www.nexoinformativo.mx\/index.php\/2025\/01\/24\/queretaro-refuerza-su-estrategia-de-seguridad-a-pesar-de-datos-de-la-ensu\/#primaryimage\"},\"thumbnailUrl\":\"https:\/\/www.nexoinformativo.mx\/wp-content\/uploads\/2025\/01\/63daf79b-33f2-45a5-9cac-ef31d96b918f-e1737747291138.jpg\",\"datePublished\":\"2025-01-24T18:00:07+00:00\",\"dateModified\":\"2025-01-24T19:37:22+00:00\",\"description\":\"Quer\u00e9taro refuerza su estrategia de seguridad a pesar de datos de la ENSU\",\"breadcrumb\":{\"@id\":\"https:\/\/www.nexoinformativo.mx\/index.php\/2025\/01\/24\/queretaro-refuerza-su-estrategia-de-seguridad-a-pesar-de-datos-de-la-ensu\/#breadcrumb\"},\"inLanguage\":\"es\",\"potentialAction\":[{\"@type\":\"ReadAction\",\"target\":[\"https:\/\/www.nexoinformativo.mx\/index.php\/2025\/01\/24\/queretaro-refuerza-su-estrategia-de-seguridad-a-pesar-de-datos-de-la-ensu\/\"]}]},{\"@type\":\"ImageObject\",\"inLanguage\":\"es\",\"@id\":\"https:\/\/www.nexoinformativo.mx\/index.php\/2025\/01\/24\/queretaro-refuerza-su-estrategia-de-seguridad-a-pesar-de-datos-de-la-ensu\/#primaryimage\",\"url\":\"https:\/\/www.nexoinformativo.mx\/wp-content\/uploads\/2025\/01\/63daf79b-33f2-45a5-9cac-ef31d96b918f-e1737747291138.jpg\",\"contentUrl\":\"https:\/\/www.nexoinformativo.mx\/wp-content\/uploads\/2025\/01\/63daf79b-33f2-45a5-9cac-ef31d96b918f-e1737747291138.jpg\",\"width\":800,\"height\":533},{\"@type\":\"BreadcrumbList\",\"@id\":\"https:\/\/www.nexoinformativo.mx\/index.php\/2025\/01\/24\/queretaro-refuerza-su-estrategia-de-seguridad-a-pesar-de-datos-de-la-ensu\/#breadcrumb\",\"itemListElement\":[{\"@type\":\"ListItem\",\"position\":1,\"name\":\"Inicio\",\"item\":\"https:\/\/www.nexoinformativo.mx\/\"},{\"@type\":\"ListItem\",\"position\":2,\"name\":\"Quer\u00e9taro refuerza su estrategia de seguridad a pesar de datos de la ENSU\"}]},{\"@type\":\"WebSite\",\"@id\":\"https:\/\/www.nexoinformativo.mx\/#website\",\"url\":\"https:\/\/www.nexoinformativo.mx\/\",\"name\":\"Nexo Informativo Santiago de Quer\u00e9taro\",\"description\":\"Explora NexoInformativo y convi\u00e9rtete en parte de una comunidad que valora el conocimiento y la verdad. Tu nexoinformativo es tu puente hacia una comprensi\u00f3n m\u00e1s profunda del mundo que te rodea.\",\"publisher\":{\"@id\":\"https:\/\/www.nexoinformativo.mx\/#organization\"},\"potentialAction\":[{\"@type\":\"SearchAction\",\"target\":{\"@type\":\"EntryPoint\",\"urlTemplate\":\"https:\/\/www.nexoinformativo.mx\/?s={search_term_string}\"},\"query-input\":{\"@type\":\"PropertyValueSpecification\",\"valueRequired\":true,\"valueName\":\"search_term_string\"}}],\"inLanguage\":\"es\"},{\"@type\":\"Organization\",\"@id\":\"https:\/\/www.nexoinformativo.mx\/#organization\",\"name\":\"Nexo Informativo Santiago de Quer\u00e9taro\",\"url\":\"https:\/\/www.nexoinformativo.mx\/\",\"logo\":{\"@type\":\"ImageObject\",\"inLanguage\":\"es\",\"@id\":\"https:\/\/www.nexoinformativo.mx\/#\/schema\/logo\/image\/\",\"url\":\"https:\/\/www.nexoinformativo.mx\/wp-content\/uploads\/2024\/07\/nexoi-trasparente-2.png\",\"contentUrl\":\"https:\/\/www.nexoinformativo.mx\/wp-content\/uploads\/2024\/07\/nexoi-trasparente-2.png\",\"width\":816,\"height\":339,\"caption\":\"Nexo Informativo Santiago de Quer\u00e9taro\"},\"image\":{\"@id\":\"https:\/\/www.nexoinformativo.mx\/#\/schema\/logo\/image\/\"},\"sameAs\":[\"https:\/\/www.facebook.com\/people\/Nexo-Informativo\/61564066885511\/\"]},{\"@type\":\"Person\",\"@id\":\"https:\/\/www.nexoinformativo.mx\/#\/schema\/person\/7749d380ba08c8ca00d7bc76fd907b7d\",\"name\":\"Nexo Informativo\",\"image\":{\"@type\":\"ImageObject\",\"inLanguage\":\"es\",\"@id\":\"https:\/\/www.nexoinformativo.mx\/#\/schema\/person\/image\/\",\"url\":\"https:\/\/secure.gravatar.com\/avatar\/dde2928154642a13d95f87ddf1ea9718fe2b46760a005c53e41ff5ad610704e6?s=96&d=mm&r=g\",\"contentUrl\":\"https:\/\/secure.gravatar.com\/avatar\/dde2928154642a13d95f87ddf1ea9718fe2b46760a005c53e41ff5ad610704e6?s=96&d=mm&r=g\",\"caption\":\"Nexo Informativo\"},\"url\":\"https:\/\/www.nexoinformativo.mx\/index.php\/author\/edicion\/\"}]}<\/script>\n<!-- \/ Yoast SEO plugin. -->","yoast_head_json":{"title":"Quer\u00e9taro refuerza su estrategia de seguridad a pesar de datos de la ENSU | Nexo Informativo Santiago de Quer\u00e9taro","description":"Quer\u00e9taro refuerza su estrategia de seguridad a pesar de datos de la ENSU","robots":{"index":"index","follow":"follow","max-snippet":"max-snippet:-1","max-image-preview":"max-image-preview:large","max-video-preview":"max-video-preview:-1"},"canonical":"https:\/\/www.nexoinformativo.mx\/index.php\/2025\/01\/24\/queretaro-refuerza-su-estrategia-de-seguridad-a-pesar-de-datos-de-la-ensu\/","og_locale":"es_MX","og_type":"article","og_title":"Quer\u00e9taro refuerza su estrategia de seguridad a pesar de datos de la ENSU | Nexo Informativo Santiago de Quer\u00e9taro","og_description":"Quer\u00e9taro refuerza su estrategia de seguridad a pesar de datos de la ENSU","og_url":"https:\/\/www.nexoinformativo.mx\/index.php\/2025\/01\/24\/queretaro-refuerza-su-estrategia-de-seguridad-a-pesar-de-datos-de-la-ensu\/","og_site_name":"Nexo Informativo Santiago de Quer\u00e9taro","article_publisher":"https:\/\/www.facebook.com\/people\/Nexo-Informativo\/61564066885511\/","article_published_time":"2025-01-24T18:00:07+00:00","article_modified_time":"2025-01-24T19:37:22+00:00","og_image":[{"width":800,"height":533,"url":"https:\/\/www.nexoinformativo.mx\/wp-content\/uploads\/2025\/01\/63daf79b-33f2-45a5-9cac-ef31d96b918f-e1737747291138.jpg","type":"image\/jpeg"}],"author":"Nexo Informativo","twitter_card":"summary_large_image","twitter_misc":{"Escrito por":"Nexo Informativo","Tiempo de lectura":"2 minutos"},"schema":{"@context":"https:\/\/schema.org","@graph":[{"@type":"Article","@id":"https:\/\/www.nexoinformativo.mx\/index.php\/2025\/01\/24\/queretaro-refuerza-su-estrategia-de-seguridad-a-pesar-de-datos-de-la-ensu\/#article","isPartOf":{"@id":"https:\/\/www.nexoinformativo.mx\/index.php\/2025\/01\/24\/queretaro-refuerza-su-estrategia-de-seguridad-a-pesar-de-datos-de-la-ensu\/"},"author":{"name":"Nexo Informativo","@id":"https:\/\/www.nexoinformativo.mx\/#\/schema\/person\/7749d380ba08c8ca00d7bc76fd907b7d"},"headline":"Quer\u00e9taro refuerza su estrategia de seguridad a pesar de datos de la ENSU","datePublished":"2025-01-24T18:00:07+00:00","dateModified":"2025-01-24T19:37:22+00:00","mainEntityOfPage":{"@id":"https:\/\/www.nexoinformativo.mx\/index.php\/2025\/01\/24\/queretaro-refuerza-su-estrategia-de-seguridad-a-pesar-de-datos-de-la-ensu\/"},"wordCount":236,"commentCount":0,"publisher":{"@id":"https:\/\/www.nexoinformativo.mx\/#organization"},"image":{"@id":"https:\/\/www.nexoinformativo.mx\/index.php\/2025\/01\/24\/queretaro-refuerza-su-estrategia-de-seguridad-a-pesar-de-datos-de-la-ensu\/#primaryimage"},"thumbnailUrl":"https:\/\/www.nexoinformativo.mx\/wp-content\/uploads\/2025\/01\/63daf79b-33f2-45a5-9cac-ef31d96b918f-e1737747291138.jpg","keywords":["CarlosAlcaraz","ENSU","GobiernoDeQuer\u00e9taro","SeguridadQueretaro"],"articleSection":["Estado","\u00daltima Hora"],"inLanguage":"es","potentialAction":[{"@type":"CommentAction","name":"Comment","target":["https:\/\/www.nexoinformativo.mx\/index.php\/2025\/01\/24\/queretaro-refuerza-su-estrategia-de-seguridad-a-pesar-de-datos-de-la-ensu\/#respond"]}]},{"@type":"WebPage","@id":"https:\/\/www.nexoinformativo.mx\/index.php\/2025\/01\/24\/queretaro-refuerza-su-estrategia-de-seguridad-a-pesar-de-datos-de-la-ensu\/","url":"https:\/\/www.nexoinformativo.mx\/index.php\/2025\/01\/24\/queretaro-refuerza-su-estrategia-de-seguridad-a-pesar-de-datos-de-la-ensu\/","name":"Quer\u00e9taro refuerza su estrategia de seguridad a pesar de datos de la ENSU | Nexo Informativo Santiago de Quer\u00e9taro","isPartOf":{"@id":"https:\/\/www.nexoinformativo.mx\/#website"},"primaryImageOfPage":{"@id":"https:\/\/www.nexoinformativo.mx\/index.php\/2025\/01\/24\/queretaro-refuerza-su-estrategia-de-seguridad-a-pesar-de-datos-de-la-ensu\/#primaryimage"},"image":{"@id":"https:\/\/www.nexoinformativo.mx\/index.php\/2025\/01\/24\/queretaro-refuerza-su-estrategia-de-seguridad-a-pesar-de-datos-de-la-ensu\/#primaryimage"},"thumbnailUrl":"https:\/\/www.nexoinformativo.mx\/wp-content\/uploads\/2025\/01\/63daf79b-33f2-45a5-9cac-ef31d96b918f-e1737747291138.jpg","datePublished":"2025-01-24T18:00:07+00:00","dateModified":"2025-01-24T19:37:22+00:00","description":"Quer\u00e9taro refuerza su estrategia de seguridad a pesar de datos de la ENSU","breadcrumb":{"@id":"https:\/\/www.nexoinformativo.mx\/index.php\/2025\/01\/24\/queretaro-refuerza-su-estrategia-de-seguridad-a-pesar-de-datos-de-la-ensu\/#breadcrumb"},"inLanguage":"es","potentialAction":[{"@type":"ReadAction","target":["https:\/\/www.nexoinformativo.mx\/index.php\/2025\/01\/24\/queretaro-refuerza-su-estrategia-de-seguridad-a-pesar-de-datos-de-la-ensu\/"]}]},{"@type":"ImageObject","inLanguage":"es","@id":"https:\/\/www.nexoinformativo.mx\/index.php\/2025\/01\/24\/queretaro-refuerza-su-estrategia-de-seguridad-a-pesar-de-datos-de-la-ensu\/#primaryimage","url":"https:\/\/www.nexoinformativo.mx\/wp-content\/uploads\/2025\/01\/63daf79b-33f2-45a5-9cac-ef31d96b918f-e1737747291138.jpg","contentUrl":"https:\/\/www.nexoinformativo.mx\/wp-content\/uploads\/2025\/01\/63daf79b-33f2-45a5-9cac-ef31d96b918f-e1737747291138.jpg","width":800,"height":533},{"@type":"BreadcrumbList","@id":"https:\/\/www.nexoinformativo.mx\/index.php\/2025\/01\/24\/queretaro-refuerza-su-estrategia-de-seguridad-a-pesar-de-datos-de-la-ensu\/#breadcrumb","itemListElement":[{"@type":"ListItem","position":1,"name":"Inicio","item":"https:\/\/www.nexoinformativo.mx\/"},{"@type":"ListItem","position":2,"name":"Quer\u00e9taro refuerza su estrategia de seguridad a pesar de datos de la ENSU"}]},{"@type":"WebSite","@id":"https:\/\/www.nexoinformativo.mx\/#website","url":"https:\/\/www.nexoinformativo.mx\/","name":"Nexo Informativo Santiago de Quer\u00e9taro","description":"Explora NexoInformativo y convi\u00e9rtete en parte de una comunidad que valora el conocimiento y la verdad. Tu nexoinformativo es tu puente hacia una comprensi\u00f3n m\u00e1s profunda del mundo que te rodea.","publisher":{"@id":"https:\/\/www.nexoinformativo.mx\/#organization"},"potentialAction":[{"@type":"SearchAction","target":{"@type":"EntryPoint","urlTemplate":"https:\/\/www.nexoinformativo.mx\/?s={search_term_string}"},"query-input":{"@type":"PropertyValueSpecification","valueRequired":true,"valueName":"search_term_string"}}],"inLanguage":"es"},{"@type":"Organization","@id":"https:\/\/www.nexoinformativo.mx\/#organization","name":"Nexo Informativo Santiago de Quer\u00e9taro","url":"https:\/\/www.nexoinformativo.mx\/","logo":{"@type":"ImageObject","inLanguage":"es","@id":"https:\/\/www.nexoinformativo.mx\/#\/schema\/logo\/image\/","url":"https:\/\/www.nexoinformativo.mx\/wp-content\/uploads\/2024\/07\/nexoi-trasparente-2.png","contentUrl":"https:\/\/www.nexoinformativo.mx\/wp-content\/uploads\/2024\/07\/nexoi-trasparente-2.png","width":816,"height":339,"caption":"Nexo Informativo Santiago de Quer\u00e9taro"},"image":{"@id":"https:\/\/www.nexoinformativo.mx\/#\/schema\/logo\/image\/"},"sameAs":["https:\/\/www.facebook.com\/people\/Nexo-Informativo\/61564066885511\/"]},{"@type":"Person","@id":"https:\/\/www.nexoinformativo.mx\/#\/schema\/person\/7749d380ba08c8ca00d7bc76fd907b7d","name":"Nexo Informativo","image":{"@type":"ImageObject","inLanguage":"es","@id":"https:\/\/www.nexoinformativo.mx\/#\/schema\/person\/image\/","url":"https:\/\/secure.gravatar.com\/avatar\/dde2928154642a13d95f87ddf1ea9718fe2b46760a005c53e41ff5ad610704e6?s=96&d=mm&r=g","contentUrl":"https:\/\/secure.gravatar.com\/avatar\/dde2928154642a13d95f87ddf1ea9718fe2b46760a005c53e41ff5ad610704e6?s=96&d=mm&r=g","caption":"Nexo Informativo"},"url":"https:\/\/www.nexoinformativo.mx\/index.php\/author\/edicion\/"}]}},"_links":{"self":[{"href":"https:\/\/www.nexoinformativo.mx\/index.php\/wp-json\/wp\/v2\/posts\/10577","targetHints":{"allow":["GET"]}}],"collection":[{"href":"https:\/\/www.nexoinformativo.mx\/index.php\/wp-json\/wp\/v2\/posts"}],"about":[{"href":"https:\/\/www.nexoinformativo.mx\/index.php\/wp-json\/wp\/v2\/types\/post"}],"author":[{"embeddable":true,"href":"https:\/\/www.nexoinformativo.mx\/index.php\/wp-json\/wp\/v2\/users\/3"}],"replies":[{"embeddable":true,"href":"https:\/\/www.nexoinformativo.mx\/index.php\/wp-json\/wp\/v2\/comments?post=10577"}],"version-history":[{"count":3,"href":"https:\/\/www.nexoinformativo.mx\/index.php\/wp-json\/wp\/v2\/posts\/10577\/revisions"}],"predecessor-version":[{"id":10583,"href":"https:\/\/www.nexoinformativo.mx\/index.php\/wp-json\/wp\/v2\/posts\/10577\/revisions\/10583"}],"wp:featuredmedia":[{"embeddable":true,"href":"https:\/\/www.nexoinformativo.mx\/index.php\/wp-json\/wp\/v2\/media\/10578"}],"wp:attachment":[{"href":"https:\/\/www.nexoinformativo.mx\/index.php\/wp-json\/wp\/v2\/media?parent=10577"}],"wp:term":[{"taxonomy":"category","embeddable":true,"href":"https:\/\/www.nexoinformativo.mx\/index.php\/wp-json\/wp\/v2\/categories?post=10577"},{"taxonomy":"post_tag","embeddable":true,"href":"https:\/\/www.nexoinformativo.mx\/index.php\/wp-json\/wp\/v2\/tags?post=10577"}],"curies":[{"name":"wp","href":"https:\/\/api.w.org\/{rel}","templated":true}]}}