{"id":10595,"date":"2025-01-24T13:30:58","date_gmt":"2025-01-24T19:30:58","guid":{"rendered":"https:\/\/www.nexoinformativo.mx\/?p=10595"},"modified":"2025-01-24T15:23:27","modified_gmt":"2025-01-24T21:23:27","slug":"alerta-tres-intentos-de-robo-de-scooters-en-menos-de-una-semana","status":"publish","type":"post","link":"https:\/\/www.nexoinformativo.mx\/index.php\/2025\/01\/24\/alerta-tres-intentos-de-robo-de-scooters-en-menos-de-una-semana\/","title":{"rendered":"Alerta tres intentos de robo de scooters en menos de una semana"},"content":{"rendered":"<p style=\"text-align: justify;\" data-sourcepos=\"11:1-11:421\">La creciente popularidad de los scooters el\u00e9ctricos como medio de transporte alternativo en Quer\u00e9taro ha tra\u00eddo consigo un problema: el aumento de los robos.<\/p>\n<\/p>\n<p>&nbsp;<\/p>\n<p style=\"text-align: justify;\" data-sourcepos=\"11:1-11:421\">As\u00ed lo inform\u00f3 el director de la Agencia de Movilidad del Estado de Quer\u00e9taro, Gerardo Cuanalo, quien detall\u00f3 que en las \u00faltimas semanas se han registrado al menos tres incidentes relacionados con el robo o mal uso de estos veh\u00edculos.<\/p>\n<\/p>\n<p>&nbsp;<\/p>\n<p style=\"text-align: justify;\" data-sourcepos=\"13:1-13:403\">Uno de los casos m\u00e1s llamativos ocurri\u00f3 en el Centro Hist\u00f3rico, donde un individuo intent\u00f3 robar un scooter. Gracias a la r\u00e1pida acci\u00f3n de la Polic\u00eda Municipal, el responsable fue detenido.<\/p>\n<\/p>\n<p>&nbsp;<\/p>\n<p style=\"text-align: justify;\" data-sourcepos=\"13:1-13:403\">Otro incidente involucr\u00f3 a un taxista que, al parecer, confundi\u00f3 un scooter con un objeto perdido y lo subi\u00f3 a su veh\u00edculo. Sin embargo, gracias al sistema de geolocalizaci\u00f3n del patinete, fue posible recuperarlo.<\/p>\n<\/p>\n<p>&nbsp;<\/p>\n<p style=\"text-align: justify;\" data-sourcepos=\"15:1-15:161\"><strong>&#8220;Estos incidentes nos muestran que es necesario reforzar las medidas de seguridad para proteger estos veh\u00edculos y garantizar su uso responsable&#8221;<\/strong>, se\u00f1al\u00f3 Cuanalo.<\/p>\n<\/p>\n<p>&nbsp;<\/p>\n<p style=\"text-align: justify;\" data-sourcepos=\"17:1-17:293\">Es importante destacar que la responsabilidad de los scooters, incluyendo los gastos por robo o da\u00f1os, recae en las empresas operadoras. La Agencia de Movilidad se encarga de otorgar los permisos necesarios para la operaci\u00f3n de estos servicios, pero no es responsable directa de los veh\u00edculos.<\/p>\n<\/p>\n<p>&nbsp;<\/p>\n<p style=\"text-align: justify;\" data-sourcepos=\"19:1-19:292\">Ante esta situaci\u00f3n, las autoridades municipales y estatales han redoblado esfuerzos para prevenir futuros robos. Se ha reforzado la vigilancia en las zonas donde se encuentran los scooters y se ha implementado un sistema de geolocalizaci\u00f3n que permite rastrear los veh\u00edculos en caso de robo.<\/p>\n<\/p>\n<p>&nbsp;<\/p>\n<p style=\"text-align: center;\" data-sourcepos=\"19:1-19:292\"><em><strong>\u00a1Informaci\u00f3n que transforma!<\/strong><\/em><\/p>\n<h3 data-sourcepos=\"21:1-21:37\"><\/h3>\n","protected":false},"excerpt":{"rendered":"<p>La creciente popularidad de los scooters el\u00e9ctricos como medio de transporte alternativo en Quer\u00e9taro ha tra\u00eddo consigo un problema: el aumento de los robos.<\/p>\n","protected":false},"author":3,"featured_media":10072,"comment_status":"open","ping_status":"open","sticky":false,"template":"","format":"standard","meta":{"footnotes":""},"categories":[42,58],"tags":[726,133,3229,131],"class_list":["post-10595","post","type-post","status-publish","format-standard","has-post-thumbnail","hentry","category-estado","category-ultima-hora","tag-movilidad","tag-queretaro","tag-robodescooters","tag-seguridad"],"yoast_head":"<!-- This site is optimized with the Yoast SEO plugin v25.0 - https:\/\/yoast.com\/wordpress\/plugins\/seo\/ -->\n<title>Alerta tres intentos de robo de scooters en menos de una semana | Nexo Informativo Santiago de Quer\u00e9taro<\/title>\n<meta name=\"description\" content=\"Alerta tres intentos de robo de scooters en menos de una semana\" \/>\n<meta name=\"robots\" content=\"index, follow, max-snippet:-1, max-image-preview:large, max-video-preview:-1\" \/>\n<link rel=\"canonical\" href=\"https:\/\/www.nexoinformativo.mx\/index.php\/2025\/01\/24\/alerta-tres-intentos-de-robo-de-scooters-en-menos-de-una-semana\/\" \/>\n<meta property=\"og:locale\" content=\"es_MX\" \/>\n<meta property=\"og:type\" content=\"article\" \/>\n<meta property=\"og:title\" content=\"Alerta tres intentos de robo de scooters en menos de una semana | Nexo Informativo Santiago de Quer\u00e9taro\" \/>\n<meta property=\"og:description\" content=\"Alerta tres intentos de robo de scooters en menos de una semana\" \/>\n<meta property=\"og:url\" content=\"https:\/\/www.nexoinformativo.mx\/index.php\/2025\/01\/24\/alerta-tres-intentos-de-robo-de-scooters-en-menos-de-una-semana\/\" \/>\n<meta property=\"og:site_name\" content=\"Nexo Informativo Santiago de Quer\u00e9taro\" \/>\n<meta property=\"article:publisher\" content=\"https:\/\/www.facebook.com\/people\/Nexo-Informativo\/61564066885511\/\" \/>\n<meta property=\"article:published_time\" content=\"2025-01-24T19:30:58+00:00\" \/>\n<meta property=\"article:modified_time\" content=\"2025-01-24T21:23:27+00:00\" \/>\n<meta property=\"og:image\" content=\"https:\/\/www.nexoinformativo.mx\/wp-content\/uploads\/2025\/01\/cddadb93-04f8-4aac-bbec-3582d8ae18ef.jpg\" \/>\n\t<meta property=\"og:image:width\" content=\"1417\" \/>\n\t<meta property=\"og:image:height\" content=\"1400\" \/>\n\t<meta property=\"og:image:type\" content=\"image\/jpeg\" \/>\n<meta name=\"author\" content=\"Nexo Informativo\" \/>\n<meta name=\"twitter:card\" content=\"summary_large_image\" \/>\n<meta name=\"twitter:label1\" content=\"Escrito por\" \/>\n\t<meta name=\"twitter:data1\" content=\"Nexo Informativo\" \/>\n\t<meta name=\"twitter:label2\" content=\"Tiempo de lectura\" \/>\n\t<meta name=\"twitter:data2\" content=\"2 minutos\" \/>\n<script type=\"application\/ld+json\" class=\"yoast-schema-graph\">{\"@context\":\"https:\/\/schema.org\",\"@graph\":[{\"@type\":\"Article\",\"@id\":\"https:\/\/www.nexoinformativo.mx\/index.php\/2025\/01\/24\/alerta-tres-intentos-de-robo-de-scooters-en-menos-de-una-semana\/#article\",\"isPartOf\":{\"@id\":\"https:\/\/www.nexoinformativo.mx\/index.php\/2025\/01\/24\/alerta-tres-intentos-de-robo-de-scooters-en-menos-de-una-semana\/\"},\"author\":{\"name\":\"Nexo Informativo\",\"@id\":\"https:\/\/www.nexoinformativo.mx\/#\/schema\/person\/7749d380ba08c8ca00d7bc76fd907b7d\"},\"headline\":\"Alerta tres intentos de robo de scooters en menos de una semana\",\"datePublished\":\"2025-01-24T19:30:58+00:00\",\"dateModified\":\"2025-01-24T21:23:27+00:00\",\"mainEntityOfPage\":{\"@id\":\"https:\/\/www.nexoinformativo.mx\/index.php\/2025\/01\/24\/alerta-tres-intentos-de-robo-de-scooters-en-menos-de-una-semana\/\"},\"wordCount\":286,\"commentCount\":0,\"publisher\":{\"@id\":\"https:\/\/www.nexoinformativo.mx\/#organization\"},\"image\":{\"@id\":\"https:\/\/www.nexoinformativo.mx\/index.php\/2025\/01\/24\/alerta-tres-intentos-de-robo-de-scooters-en-menos-de-una-semana\/#primaryimage\"},\"thumbnailUrl\":\"https:\/\/www.nexoinformativo.mx\/wp-content\/uploads\/2025\/01\/cddadb93-04f8-4aac-bbec-3582d8ae18ef.jpg\",\"keywords\":[\"Movilidad\",\"Quer\u00e9taro\",\"RoboDeScooters\",\"Seguridad\"],\"articleSection\":[\"Estado\",\"\u00daltima Hora\"],\"inLanguage\":\"es\",\"potentialAction\":[{\"@type\":\"CommentAction\",\"name\":\"Comment\",\"target\":[\"https:\/\/www.nexoinformativo.mx\/index.php\/2025\/01\/24\/alerta-tres-intentos-de-robo-de-scooters-en-menos-de-una-semana\/#respond\"]}]},{\"@type\":\"WebPage\",\"@id\":\"https:\/\/www.nexoinformativo.mx\/index.php\/2025\/01\/24\/alerta-tres-intentos-de-robo-de-scooters-en-menos-de-una-semana\/\",\"url\":\"https:\/\/www.nexoinformativo.mx\/index.php\/2025\/01\/24\/alerta-tres-intentos-de-robo-de-scooters-en-menos-de-una-semana\/\",\"name\":\"Alerta tres intentos de robo de scooters en menos de una semana | Nexo Informativo Santiago de Quer\u00e9taro\",\"isPartOf\":{\"@id\":\"https:\/\/www.nexoinformativo.mx\/#website\"},\"primaryImageOfPage\":{\"@id\":\"https:\/\/www.nexoinformativo.mx\/index.php\/2025\/01\/24\/alerta-tres-intentos-de-robo-de-scooters-en-menos-de-una-semana\/#primaryimage\"},\"image\":{\"@id\":\"https:\/\/www.nexoinformativo.mx\/index.php\/2025\/01\/24\/alerta-tres-intentos-de-robo-de-scooters-en-menos-de-una-semana\/#primaryimage\"},\"thumbnailUrl\":\"https:\/\/www.nexoinformativo.mx\/wp-content\/uploads\/2025\/01\/cddadb93-04f8-4aac-bbec-3582d8ae18ef.jpg\",\"datePublished\":\"2025-01-24T19:30:58+00:00\",\"dateModified\":\"2025-01-24T21:23:27+00:00\",\"description\":\"Alerta tres intentos de robo de scooters en menos de una semana\",\"breadcrumb\":{\"@id\":\"https:\/\/www.nexoinformativo.mx\/index.php\/2025\/01\/24\/alerta-tres-intentos-de-robo-de-scooters-en-menos-de-una-semana\/#breadcrumb\"},\"inLanguage\":\"es\",\"potentialAction\":[{\"@type\":\"ReadAction\",\"target\":[\"https:\/\/www.nexoinformativo.mx\/index.php\/2025\/01\/24\/alerta-tres-intentos-de-robo-de-scooters-en-menos-de-una-semana\/\"]}]},{\"@type\":\"ImageObject\",\"inLanguage\":\"es\",\"@id\":\"https:\/\/www.nexoinformativo.mx\/index.php\/2025\/01\/24\/alerta-tres-intentos-de-robo-de-scooters-en-menos-de-una-semana\/#primaryimage\",\"url\":\"https:\/\/www.nexoinformativo.mx\/wp-content\/uploads\/2025\/01\/cddadb93-04f8-4aac-bbec-3582d8ae18ef.jpg\",\"contentUrl\":\"https:\/\/www.nexoinformativo.mx\/wp-content\/uploads\/2025\/01\/cddadb93-04f8-4aac-bbec-3582d8ae18ef.jpg\",\"width\":1417,\"height\":1400},{\"@type\":\"BreadcrumbList\",\"@id\":\"https:\/\/www.nexoinformativo.mx\/index.php\/2025\/01\/24\/alerta-tres-intentos-de-robo-de-scooters-en-menos-de-una-semana\/#breadcrumb\",\"itemListElement\":[{\"@type\":\"ListItem\",\"position\":1,\"name\":\"Inicio\",\"item\":\"https:\/\/www.nexoinformativo.mx\/\"},{\"@type\":\"ListItem\",\"position\":2,\"name\":\"Alerta tres intentos de robo de scooters en menos de una semana\"}]},{\"@type\":\"WebSite\",\"@id\":\"https:\/\/www.nexoinformativo.mx\/#website\",\"url\":\"https:\/\/www.nexoinformativo.mx\/\",\"name\":\"Nexo Informativo Santiago de Quer\u00e9taro\",\"description\":\"Explora NexoInformativo y convi\u00e9rtete en parte de una comunidad que valora el conocimiento y la verdad. Tu nexoinformativo es tu puente hacia una comprensi\u00f3n m\u00e1s profunda del mundo que te rodea.\",\"publisher\":{\"@id\":\"https:\/\/www.nexoinformativo.mx\/#organization\"},\"potentialAction\":[{\"@type\":\"SearchAction\",\"target\":{\"@type\":\"EntryPoint\",\"urlTemplate\":\"https:\/\/www.nexoinformativo.mx\/?s={search_term_string}\"},\"query-input\":{\"@type\":\"PropertyValueSpecification\",\"valueRequired\":true,\"valueName\":\"search_term_string\"}}],\"inLanguage\":\"es\"},{\"@type\":\"Organization\",\"@id\":\"https:\/\/www.nexoinformativo.mx\/#organization\",\"name\":\"Nexo Informativo Santiago de Quer\u00e9taro\",\"url\":\"https:\/\/www.nexoinformativo.mx\/\",\"logo\":{\"@type\":\"ImageObject\",\"inLanguage\":\"es\",\"@id\":\"https:\/\/www.nexoinformativo.mx\/#\/schema\/logo\/image\/\",\"url\":\"https:\/\/www.nexoinformativo.mx\/wp-content\/uploads\/2024\/07\/nexoi-trasparente-2.png\",\"contentUrl\":\"https:\/\/www.nexoinformativo.mx\/wp-content\/uploads\/2024\/07\/nexoi-trasparente-2.png\",\"width\":816,\"height\":339,\"caption\":\"Nexo Informativo Santiago de Quer\u00e9taro\"},\"image\":{\"@id\":\"https:\/\/www.nexoinformativo.mx\/#\/schema\/logo\/image\/\"},\"sameAs\":[\"https:\/\/www.facebook.com\/people\/Nexo-Informativo\/61564066885511\/\"]},{\"@type\":\"Person\",\"@id\":\"https:\/\/www.nexoinformativo.mx\/#\/schema\/person\/7749d380ba08c8ca00d7bc76fd907b7d\",\"name\":\"Nexo Informativo\",\"image\":{\"@type\":\"ImageObject\",\"inLanguage\":\"es\",\"@id\":\"https:\/\/www.nexoinformativo.mx\/#\/schema\/person\/image\/\",\"url\":\"https:\/\/secure.gravatar.com\/avatar\/dde2928154642a13d95f87ddf1ea9718fe2b46760a005c53e41ff5ad610704e6?s=96&d=mm&r=g\",\"contentUrl\":\"https:\/\/secure.gravatar.com\/avatar\/dde2928154642a13d95f87ddf1ea9718fe2b46760a005c53e41ff5ad610704e6?s=96&d=mm&r=g\",\"caption\":\"Nexo Informativo\"},\"url\":\"https:\/\/www.nexoinformativo.mx\/index.php\/author\/edicion\/\"}]}<\/script>\n<!-- \/ Yoast SEO plugin. -->","yoast_head_json":{"title":"Alerta tres intentos de robo de scooters en menos de una semana | Nexo Informativo Santiago de Quer\u00e9taro","description":"Alerta tres intentos de robo de scooters en menos de una semana","robots":{"index":"index","follow":"follow","max-snippet":"max-snippet:-1","max-image-preview":"max-image-preview:large","max-video-preview":"max-video-preview:-1"},"canonical":"https:\/\/www.nexoinformativo.mx\/index.php\/2025\/01\/24\/alerta-tres-intentos-de-robo-de-scooters-en-menos-de-una-semana\/","og_locale":"es_MX","og_type":"article","og_title":"Alerta tres intentos de robo de scooters en menos de una semana | Nexo Informativo Santiago de Quer\u00e9taro","og_description":"Alerta tres intentos de robo de scooters en menos de una semana","og_url":"https:\/\/www.nexoinformativo.mx\/index.php\/2025\/01\/24\/alerta-tres-intentos-de-robo-de-scooters-en-menos-de-una-semana\/","og_site_name":"Nexo Informativo Santiago de Quer\u00e9taro","article_publisher":"https:\/\/www.facebook.com\/people\/Nexo-Informativo\/61564066885511\/","article_published_time":"2025-01-24T19:30:58+00:00","article_modified_time":"2025-01-24T21:23:27+00:00","og_image":[{"width":1417,"height":1400,"url":"https:\/\/www.nexoinformativo.mx\/wp-content\/uploads\/2025\/01\/cddadb93-04f8-4aac-bbec-3582d8ae18ef.jpg","type":"image\/jpeg"}],"author":"Nexo Informativo","twitter_card":"summary_large_image","twitter_misc":{"Escrito por":"Nexo Informativo","Tiempo de lectura":"2 minutos"},"schema":{"@context":"https:\/\/schema.org","@graph":[{"@type":"Article","@id":"https:\/\/www.nexoinformativo.mx\/index.php\/2025\/01\/24\/alerta-tres-intentos-de-robo-de-scooters-en-menos-de-una-semana\/#article","isPartOf":{"@id":"https:\/\/www.nexoinformativo.mx\/index.php\/2025\/01\/24\/alerta-tres-intentos-de-robo-de-scooters-en-menos-de-una-semana\/"},"author":{"name":"Nexo Informativo","@id":"https:\/\/www.nexoinformativo.mx\/#\/schema\/person\/7749d380ba08c8ca00d7bc76fd907b7d"},"headline":"Alerta tres intentos de robo de scooters en menos de una semana","datePublished":"2025-01-24T19:30:58+00:00","dateModified":"2025-01-24T21:23:27+00:00","mainEntityOfPage":{"@id":"https:\/\/www.nexoinformativo.mx\/index.php\/2025\/01\/24\/alerta-tres-intentos-de-robo-de-scooters-en-menos-de-una-semana\/"},"wordCount":286,"commentCount":0,"publisher":{"@id":"https:\/\/www.nexoinformativo.mx\/#organization"},"image":{"@id":"https:\/\/www.nexoinformativo.mx\/index.php\/2025\/01\/24\/alerta-tres-intentos-de-robo-de-scooters-en-menos-de-una-semana\/#primaryimage"},"thumbnailUrl":"https:\/\/www.nexoinformativo.mx\/wp-content\/uploads\/2025\/01\/cddadb93-04f8-4aac-bbec-3582d8ae18ef.jpg","keywords":["Movilidad","Quer\u00e9taro","RoboDeScooters","Seguridad"],"articleSection":["Estado","\u00daltima Hora"],"inLanguage":"es","potentialAction":[{"@type":"CommentAction","name":"Comment","target":["https:\/\/www.nexoinformativo.mx\/index.php\/2025\/01\/24\/alerta-tres-intentos-de-robo-de-scooters-en-menos-de-una-semana\/#respond"]}]},{"@type":"WebPage","@id":"https:\/\/www.nexoinformativo.mx\/index.php\/2025\/01\/24\/alerta-tres-intentos-de-robo-de-scooters-en-menos-de-una-semana\/","url":"https:\/\/www.nexoinformativo.mx\/index.php\/2025\/01\/24\/alerta-tres-intentos-de-robo-de-scooters-en-menos-de-una-semana\/","name":"Alerta tres intentos de robo de scooters en menos de una semana | Nexo Informativo Santiago de Quer\u00e9taro","isPartOf":{"@id":"https:\/\/www.nexoinformativo.mx\/#website"},"primaryImageOfPage":{"@id":"https:\/\/www.nexoinformativo.mx\/index.php\/2025\/01\/24\/alerta-tres-intentos-de-robo-de-scooters-en-menos-de-una-semana\/#primaryimage"},"image":{"@id":"https:\/\/www.nexoinformativo.mx\/index.php\/2025\/01\/24\/alerta-tres-intentos-de-robo-de-scooters-en-menos-de-una-semana\/#primaryimage"},"thumbnailUrl":"https:\/\/www.nexoinformativo.mx\/wp-content\/uploads\/2025\/01\/cddadb93-04f8-4aac-bbec-3582d8ae18ef.jpg","datePublished":"2025-01-24T19:30:58+00:00","dateModified":"2025-01-24T21:23:27+00:00","description":"Alerta tres intentos de robo de scooters en menos de una semana","breadcrumb":{"@id":"https:\/\/www.nexoinformativo.mx\/index.php\/2025\/01\/24\/alerta-tres-intentos-de-robo-de-scooters-en-menos-de-una-semana\/#breadcrumb"},"inLanguage":"es","potentialAction":[{"@type":"ReadAction","target":["https:\/\/www.nexoinformativo.mx\/index.php\/2025\/01\/24\/alerta-tres-intentos-de-robo-de-scooters-en-menos-de-una-semana\/"]}]},{"@type":"ImageObject","inLanguage":"es","@id":"https:\/\/www.nexoinformativo.mx\/index.php\/2025\/01\/24\/alerta-tres-intentos-de-robo-de-scooters-en-menos-de-una-semana\/#primaryimage","url":"https:\/\/www.nexoinformativo.mx\/wp-content\/uploads\/2025\/01\/cddadb93-04f8-4aac-bbec-3582d8ae18ef.jpg","contentUrl":"https:\/\/www.nexoinformativo.mx\/wp-content\/uploads\/2025\/01\/cddadb93-04f8-4aac-bbec-3582d8ae18ef.jpg","width":1417,"height":1400},{"@type":"BreadcrumbList","@id":"https:\/\/www.nexoinformativo.mx\/index.php\/2025\/01\/24\/alerta-tres-intentos-de-robo-de-scooters-en-menos-de-una-semana\/#breadcrumb","itemListElement":[{"@type":"ListItem","position":1,"name":"Inicio","item":"https:\/\/www.nexoinformativo.mx\/"},{"@type":"ListItem","position":2,"name":"Alerta tres intentos de robo de scooters en menos de una semana"}]},{"@type":"WebSite","@id":"https:\/\/www.nexoinformativo.mx\/#website","url":"https:\/\/www.nexoinformativo.mx\/","name":"Nexo Informativo Santiago de Quer\u00e9taro","description":"Explora NexoInformativo y convi\u00e9rtete en parte de una comunidad que valora el conocimiento y la verdad. Tu nexoinformativo es tu puente hacia una comprensi\u00f3n m\u00e1s profunda del mundo que te rodea.","publisher":{"@id":"https:\/\/www.nexoinformativo.mx\/#organization"},"potentialAction":[{"@type":"SearchAction","target":{"@type":"EntryPoint","urlTemplate":"https:\/\/www.nexoinformativo.mx\/?s={search_term_string}"},"query-input":{"@type":"PropertyValueSpecification","valueRequired":true,"valueName":"search_term_string"}}],"inLanguage":"es"},{"@type":"Organization","@id":"https:\/\/www.nexoinformativo.mx\/#organization","name":"Nexo Informativo Santiago de Quer\u00e9taro","url":"https:\/\/www.nexoinformativo.mx\/","logo":{"@type":"ImageObject","inLanguage":"es","@id":"https:\/\/www.nexoinformativo.mx\/#\/schema\/logo\/image\/","url":"https:\/\/www.nexoinformativo.mx\/wp-content\/uploads\/2024\/07\/nexoi-trasparente-2.png","contentUrl":"https:\/\/www.nexoinformativo.mx\/wp-content\/uploads\/2024\/07\/nexoi-trasparente-2.png","width":816,"height":339,"caption":"Nexo Informativo Santiago de Quer\u00e9taro"},"image":{"@id":"https:\/\/www.nexoinformativo.mx\/#\/schema\/logo\/image\/"},"sameAs":["https:\/\/www.facebook.com\/people\/Nexo-Informativo\/61564066885511\/"]},{"@type":"Person","@id":"https:\/\/www.nexoinformativo.mx\/#\/schema\/person\/7749d380ba08c8ca00d7bc76fd907b7d","name":"Nexo Informativo","image":{"@type":"ImageObject","inLanguage":"es","@id":"https:\/\/www.nexoinformativo.mx\/#\/schema\/person\/image\/","url":"https:\/\/secure.gravatar.com\/avatar\/dde2928154642a13d95f87ddf1ea9718fe2b46760a005c53e41ff5ad610704e6?s=96&d=mm&r=g","contentUrl":"https:\/\/secure.gravatar.com\/avatar\/dde2928154642a13d95f87ddf1ea9718fe2b46760a005c53e41ff5ad610704e6?s=96&d=mm&r=g","caption":"Nexo Informativo"},"url":"https:\/\/www.nexoinformativo.mx\/index.php\/author\/edicion\/"}]}},"_links":{"self":[{"href":"https:\/\/www.nexoinformativo.mx\/index.php\/wp-json\/wp\/v2\/posts\/10595","targetHints":{"allow":["GET"]}}],"collection":[{"href":"https:\/\/www.nexoinformativo.mx\/index.php\/wp-json\/wp\/v2\/posts"}],"about":[{"href":"https:\/\/www.nexoinformativo.mx\/index.php\/wp-json\/wp\/v2\/types\/post"}],"author":[{"embeddable":true,"href":"https:\/\/www.nexoinformativo.mx\/index.php\/wp-json\/wp\/v2\/users\/3"}],"replies":[{"embeddable":true,"href":"https:\/\/www.nexoinformativo.mx\/index.php\/wp-json\/wp\/v2\/comments?post=10595"}],"version-history":[{"count":3,"href":"https:\/\/www.nexoinformativo.mx\/index.php\/wp-json\/wp\/v2\/posts\/10595\/revisions"}],"predecessor-version":[{"id":10598,"href":"https:\/\/www.nexoinformativo.mx\/index.php\/wp-json\/wp\/v2\/posts\/10595\/revisions\/10598"}],"wp:featuredmedia":[{"embeddable":true,"href":"https:\/\/www.nexoinformativo.mx\/index.php\/wp-json\/wp\/v2\/media\/10072"}],"wp:attachment":[{"href":"https:\/\/www.nexoinformativo.mx\/index.php\/wp-json\/wp\/v2\/media?parent=10595"}],"wp:term":[{"taxonomy":"category","embeddable":true,"href":"https:\/\/www.nexoinformativo.mx\/index.php\/wp-json\/wp\/v2\/categories?post=10595"},{"taxonomy":"post_tag","embeddable":true,"href":"https:\/\/www.nexoinformativo.mx\/index.php\/wp-json\/wp\/v2\/tags?post=10595"}],"curies":[{"name":"wp","href":"https:\/\/api.w.org\/{rel}","templated":true}]}}