{"id":10605,"date":"2025-01-25T08:00:22","date_gmt":"2025-01-25T14:00:22","guid":{"rendered":"https:\/\/www.nexoinformativo.mx\/?p=10605"},"modified":"2025-01-25T12:01:46","modified_gmt":"2025-01-25T18:01:46","slug":"mexico-te-abraza-gobierno-federal-listo-para-recibir-a-migrantes-con-nuevos-centros-de-atencion","status":"publish","type":"post","link":"https:\/\/www.nexoinformativo.mx\/index.php\/2025\/01\/25\/mexico-te-abraza-gobierno-federal-listo-para-recibir-a-migrantes-con-nuevos-centros-de-atencion\/","title":{"rendered":"M\u00e9xico te Abraza Gobierno federal listo para recibir a migrantes con nuevos centros de atenci\u00f3n"},"content":{"rendered":"<p style=\"text-align: justify;\" data-sourcepos=\"11:1-11:374\">Ante el incremento en el flujo migratorio y la posibilidad de repatriaciones, el gobierno de M\u00e9xico, encabezado por la presidenta Claudia Sheinbaum, ha puesto en marcha la estrategia <strong>&#8220;M\u00e9xico te Abraza&#8221;<\/strong>.<\/p>\n<\/p>\n<p>&nbsp;<\/p>\n<p style=\"text-align: justify;\" data-sourcepos=\"11:1-11:374\">Esta iniciativa busca brindar atenci\u00f3n integral y apoyo a los mexicanos que retornen al pa\u00eds, garantizando su bienestar y reinserci\u00f3n social.<\/p>\n<\/p>\n<p>&nbsp;<\/p>\n<p style=\"text-align: justify;\" data-sourcepos=\"13:1-13:404\">La secretaria de Gobernaci\u00f3n, Rosa Icela Rodr\u00edguez, detall\u00f3 que se han habilitado nueve centros de atenci\u00f3n en los estados fronterizos, los cuales estar\u00e1n equipados con todos los servicios necesarios para atender las necesidades b\u00e1sicas de los repatriados.<\/p>\n<\/p>\n<p>&nbsp;<\/p>\n<p style=\"text-align: justify;\" data-sourcepos=\"13:1-13:404\">Estos centros ofrecer\u00e1n alojamiento, alimentaci\u00f3n, atenci\u00f3n m\u00e9dica, servicios de registro y orientaci\u00f3n, as\u00ed como apoyo para la b\u00fasqueda de empleo.<\/p>\n<\/p>\n<p>&nbsp;<\/p>\n<p style=\"text-align: justify;\" data-sourcepos=\"15:1-15:295\"><strong>&#8220;M\u00e9xico te Abraza&#8221;<\/strong> se compone de tres ejes principales: asistencia y protecci\u00f3n consular, recepci\u00f3n y apoyo en los estados fronterizos, y reintegraci\u00f3n social. Con esta estrategia, el gobierno mexicano busca garantizar los derechos de los connacionales y facilitar su reinserci\u00f3n en la sociedad.<\/p>\n<\/p>\n<p>&nbsp;<\/p>\n<p style=\"text-align: justify;\" data-sourcepos=\"17:1-17:230\">La funcionaria destac\u00f3 que la ubicaci\u00f3n de los centros de atenci\u00f3n fue definida en conjunto con los gobiernos estatales, y que se contar\u00e1 con el apoyo de diversas instituciones para brindar una atenci\u00f3n integral a los repatriados.<\/p>\n<\/p>\n<p>&nbsp;<\/p>\n<p style=\"text-align: justify;\" data-sourcepos=\"17:1-17:230\"><strong>&#8220;M\u00e9xico te Abraza&#8221;<\/strong> es una muestra del compromiso del gobierno federal por proteger los derechos de los mexicanos y fortalecer los lazos de comunidad.<\/p>\n<\/p>\n<p>&nbsp;<\/p>\n<p style=\"text-align: center;\" data-sourcepos=\"17:1-17:230\"><em><strong>\u00a1Informaci\u00f3n que transforma!<\/strong><\/em><\/p>\n","protected":false},"excerpt":{"rendered":"<p>Ante el incremento en el flujo migratorio y la posibilidad de repatriaciones, el gobierno de M\u00e9xico, encabezado por la presidenta Claudia Sheinbaum, ha puesto en marcha la estrategia &#8220;M\u00e9xico te Abraza&#8221;.<\/p>\n","protected":false},"author":3,"featured_media":10606,"comment_status":"open","ping_status":"open","sticky":false,"template":"","format":"standard","meta":{"footnotes":""},"categories":[88,58],"tags":[499,3181,2504,2069],"class_list":["post-10605","post","type-post","status-publish","format-standard","has-post-thumbnail","hentry","category-nacional","category-ultima-hora","tag-derechoshumanos","tag-mexicoteabraza","tag-migrantes","tag-repatriacion"],"yoast_head":"<!-- This site is optimized with the Yoast SEO plugin v25.0 - https:\/\/yoast.com\/wordpress\/plugins\/seo\/ -->\n<title>M\u00e9xico te Abraza Gobierno federal listo para recibir a migrantes con nuevos centros de atenci\u00f3n | Nexo Informativo Santiago de Quer\u00e9taro<\/title>\n<meta name=\"description\" content=\"M\u00e9xico te Abraza Gobierno federal listo para recibir a migrantes con nuevos centros de atenci\u00f3n\" \/>\n<meta name=\"robots\" content=\"index, follow, max-snippet:-1, max-image-preview:large, max-video-preview:-1\" \/>\n<link rel=\"canonical\" href=\"https:\/\/www.nexoinformativo.mx\/index.php\/2025\/01\/25\/mexico-te-abraza-gobierno-federal-listo-para-recibir-a-migrantes-con-nuevos-centros-de-atencion\/\" \/>\n<meta property=\"og:locale\" content=\"es_MX\" \/>\n<meta property=\"og:type\" content=\"article\" \/>\n<meta property=\"og:title\" content=\"M\u00e9xico te Abraza Gobierno federal listo para recibir a migrantes con nuevos centros de atenci\u00f3n | Nexo Informativo Santiago de Quer\u00e9taro\" \/>\n<meta property=\"og:description\" content=\"M\u00e9xico te Abraza Gobierno federal listo para recibir a migrantes con nuevos centros de atenci\u00f3n\" \/>\n<meta property=\"og:url\" content=\"https:\/\/www.nexoinformativo.mx\/index.php\/2025\/01\/25\/mexico-te-abraza-gobierno-federal-listo-para-recibir-a-migrantes-con-nuevos-centros-de-atencion\/\" \/>\n<meta property=\"og:site_name\" content=\"Nexo Informativo Santiago de Quer\u00e9taro\" \/>\n<meta property=\"article:publisher\" content=\"https:\/\/www.facebook.com\/people\/Nexo-Informativo\/61564066885511\/\" \/>\n<meta property=\"article:published_time\" content=\"2025-01-25T14:00:22+00:00\" \/>\n<meta property=\"article:modified_time\" content=\"2025-01-25T18:01:46+00:00\" \/>\n<meta property=\"og:image\" content=\"https:\/\/www.nexoinformativo.mx\/wp-content\/uploads\/2025\/01\/IMG_9513.jpg\" \/>\n\t<meta property=\"og:image:width\" content=\"650\" \/>\n\t<meta property=\"og:image:height\" content=\"380\" \/>\n\t<meta property=\"og:image:type\" content=\"image\/jpeg\" \/>\n<meta name=\"author\" content=\"Nexo Informativo\" \/>\n<meta name=\"twitter:card\" content=\"summary_large_image\" \/>\n<meta name=\"twitter:label1\" content=\"Escrito por\" \/>\n\t<meta name=\"twitter:data1\" content=\"Nexo Informativo\" \/>\n\t<meta name=\"twitter:label2\" content=\"Tiempo de lectura\" \/>\n\t<meta name=\"twitter:data2\" content=\"2 minutos\" \/>\n<script type=\"application\/ld+json\" class=\"yoast-schema-graph\">{\"@context\":\"https:\/\/schema.org\",\"@graph\":[{\"@type\":\"Article\",\"@id\":\"https:\/\/www.nexoinformativo.mx\/index.php\/2025\/01\/25\/mexico-te-abraza-gobierno-federal-listo-para-recibir-a-migrantes-con-nuevos-centros-de-atencion\/#article\",\"isPartOf\":{\"@id\":\"https:\/\/www.nexoinformativo.mx\/index.php\/2025\/01\/25\/mexico-te-abraza-gobierno-federal-listo-para-recibir-a-migrantes-con-nuevos-centros-de-atencion\/\"},\"author\":{\"name\":\"Nexo Informativo\",\"@id\":\"https:\/\/www.nexoinformativo.mx\/#\/schema\/person\/7749d380ba08c8ca00d7bc76fd907b7d\"},\"headline\":\"M\u00e9xico te Abraza Gobierno federal listo para recibir a migrantes con nuevos centros de atenci\u00f3n\",\"datePublished\":\"2025-01-25T14:00:22+00:00\",\"dateModified\":\"2025-01-25T18:01:46+00:00\",\"mainEntityOfPage\":{\"@id\":\"https:\/\/www.nexoinformativo.mx\/index.php\/2025\/01\/25\/mexico-te-abraza-gobierno-federal-listo-para-recibir-a-migrantes-con-nuevos-centros-de-atencion\/\"},\"wordCount\":266,\"commentCount\":0,\"publisher\":{\"@id\":\"https:\/\/www.nexoinformativo.mx\/#organization\"},\"image\":{\"@id\":\"https:\/\/www.nexoinformativo.mx\/index.php\/2025\/01\/25\/mexico-te-abraza-gobierno-federal-listo-para-recibir-a-migrantes-con-nuevos-centros-de-atencion\/#primaryimage\"},\"thumbnailUrl\":\"https:\/\/www.nexoinformativo.mx\/wp-content\/uploads\/2025\/01\/IMG_9513.jpg\",\"keywords\":[\"DerechosHumanos\",\"M\u00e9xicoTeAbraza\",\"Migrantes\",\"Repatriaci\u00f3n\"],\"articleSection\":[\"Nacional\",\"\u00daltima Hora\"],\"inLanguage\":\"es\",\"potentialAction\":[{\"@type\":\"CommentAction\",\"name\":\"Comment\",\"target\":[\"https:\/\/www.nexoinformativo.mx\/index.php\/2025\/01\/25\/mexico-te-abraza-gobierno-federal-listo-para-recibir-a-migrantes-con-nuevos-centros-de-atencion\/#respond\"]}]},{\"@type\":\"WebPage\",\"@id\":\"https:\/\/www.nexoinformativo.mx\/index.php\/2025\/01\/25\/mexico-te-abraza-gobierno-federal-listo-para-recibir-a-migrantes-con-nuevos-centros-de-atencion\/\",\"url\":\"https:\/\/www.nexoinformativo.mx\/index.php\/2025\/01\/25\/mexico-te-abraza-gobierno-federal-listo-para-recibir-a-migrantes-con-nuevos-centros-de-atencion\/\",\"name\":\"M\u00e9xico te Abraza Gobierno federal listo para recibir a migrantes con nuevos centros de atenci\u00f3n | Nexo Informativo Santiago de Quer\u00e9taro\",\"isPartOf\":{\"@id\":\"https:\/\/www.nexoinformativo.mx\/#website\"},\"primaryImageOfPage\":{\"@id\":\"https:\/\/www.nexoinformativo.mx\/index.php\/2025\/01\/25\/mexico-te-abraza-gobierno-federal-listo-para-recibir-a-migrantes-con-nuevos-centros-de-atencion\/#primaryimage\"},\"image\":{\"@id\":\"https:\/\/www.nexoinformativo.mx\/index.php\/2025\/01\/25\/mexico-te-abraza-gobierno-federal-listo-para-recibir-a-migrantes-con-nuevos-centros-de-atencion\/#primaryimage\"},\"thumbnailUrl\":\"https:\/\/www.nexoinformativo.mx\/wp-content\/uploads\/2025\/01\/IMG_9513.jpg\",\"datePublished\":\"2025-01-25T14:00:22+00:00\",\"dateModified\":\"2025-01-25T18:01:46+00:00\",\"description\":\"M\u00e9xico te Abraza Gobierno federal listo para recibir a migrantes con nuevos centros de atenci\u00f3n\",\"breadcrumb\":{\"@id\":\"https:\/\/www.nexoinformativo.mx\/index.php\/2025\/01\/25\/mexico-te-abraza-gobierno-federal-listo-para-recibir-a-migrantes-con-nuevos-centros-de-atencion\/#breadcrumb\"},\"inLanguage\":\"es\",\"potentialAction\":[{\"@type\":\"ReadAction\",\"target\":[\"https:\/\/www.nexoinformativo.mx\/index.php\/2025\/01\/25\/mexico-te-abraza-gobierno-federal-listo-para-recibir-a-migrantes-con-nuevos-centros-de-atencion\/\"]}]},{\"@type\":\"ImageObject\",\"inLanguage\":\"es\",\"@id\":\"https:\/\/www.nexoinformativo.mx\/index.php\/2025\/01\/25\/mexico-te-abraza-gobierno-federal-listo-para-recibir-a-migrantes-con-nuevos-centros-de-atencion\/#primaryimage\",\"url\":\"https:\/\/www.nexoinformativo.mx\/wp-content\/uploads\/2025\/01\/IMG_9513.jpg\",\"contentUrl\":\"https:\/\/www.nexoinformativo.mx\/wp-content\/uploads\/2025\/01\/IMG_9513.jpg\",\"width\":650,\"height\":380},{\"@type\":\"BreadcrumbList\",\"@id\":\"https:\/\/www.nexoinformativo.mx\/index.php\/2025\/01\/25\/mexico-te-abraza-gobierno-federal-listo-para-recibir-a-migrantes-con-nuevos-centros-de-atencion\/#breadcrumb\",\"itemListElement\":[{\"@type\":\"ListItem\",\"position\":1,\"name\":\"Inicio\",\"item\":\"https:\/\/www.nexoinformativo.mx\/\"},{\"@type\":\"ListItem\",\"position\":2,\"name\":\"M\u00e9xico te Abraza Gobierno federal listo para recibir a migrantes con nuevos centros de atenci\u00f3n\"}]},{\"@type\":\"WebSite\",\"@id\":\"https:\/\/www.nexoinformativo.mx\/#website\",\"url\":\"https:\/\/www.nexoinformativo.mx\/\",\"name\":\"Nexo Informativo Santiago de Quer\u00e9taro\",\"description\":\"Explora NexoInformativo y convi\u00e9rtete en parte de una comunidad que valora el conocimiento y la verdad. Tu nexoinformativo es tu puente hacia una comprensi\u00f3n m\u00e1s profunda del mundo que te rodea.\",\"publisher\":{\"@id\":\"https:\/\/www.nexoinformativo.mx\/#organization\"},\"potentialAction\":[{\"@type\":\"SearchAction\",\"target\":{\"@type\":\"EntryPoint\",\"urlTemplate\":\"https:\/\/www.nexoinformativo.mx\/?s={search_term_string}\"},\"query-input\":{\"@type\":\"PropertyValueSpecification\",\"valueRequired\":true,\"valueName\":\"search_term_string\"}}],\"inLanguage\":\"es\"},{\"@type\":\"Organization\",\"@id\":\"https:\/\/www.nexoinformativo.mx\/#organization\",\"name\":\"Nexo Informativo Santiago de Quer\u00e9taro\",\"url\":\"https:\/\/www.nexoinformativo.mx\/\",\"logo\":{\"@type\":\"ImageObject\",\"inLanguage\":\"es\",\"@id\":\"https:\/\/www.nexoinformativo.mx\/#\/schema\/logo\/image\/\",\"url\":\"https:\/\/www.nexoinformativo.mx\/wp-content\/uploads\/2024\/07\/nexoi-trasparente-2.png\",\"contentUrl\":\"https:\/\/www.nexoinformativo.mx\/wp-content\/uploads\/2024\/07\/nexoi-trasparente-2.png\",\"width\":816,\"height\":339,\"caption\":\"Nexo Informativo Santiago de Quer\u00e9taro\"},\"image\":{\"@id\":\"https:\/\/www.nexoinformativo.mx\/#\/schema\/logo\/image\/\"},\"sameAs\":[\"https:\/\/www.facebook.com\/people\/Nexo-Informativo\/61564066885511\/\"]},{\"@type\":\"Person\",\"@id\":\"https:\/\/www.nexoinformativo.mx\/#\/schema\/person\/7749d380ba08c8ca00d7bc76fd907b7d\",\"name\":\"Nexo Informativo\",\"image\":{\"@type\":\"ImageObject\",\"inLanguage\":\"es\",\"@id\":\"https:\/\/www.nexoinformativo.mx\/#\/schema\/person\/image\/\",\"url\":\"https:\/\/secure.gravatar.com\/avatar\/dde2928154642a13d95f87ddf1ea9718fe2b46760a005c53e41ff5ad610704e6?s=96&d=mm&r=g\",\"contentUrl\":\"https:\/\/secure.gravatar.com\/avatar\/dde2928154642a13d95f87ddf1ea9718fe2b46760a005c53e41ff5ad610704e6?s=96&d=mm&r=g\",\"caption\":\"Nexo Informativo\"},\"url\":\"https:\/\/www.nexoinformativo.mx\/index.php\/author\/edicion\/\"}]}<\/script>\n<!-- \/ Yoast SEO plugin. -->","yoast_head_json":{"title":"M\u00e9xico te Abraza Gobierno federal listo para recibir a migrantes con nuevos centros de atenci\u00f3n | Nexo Informativo Santiago de Quer\u00e9taro","description":"M\u00e9xico te Abraza Gobierno federal listo para recibir a migrantes con nuevos centros de atenci\u00f3n","robots":{"index":"index","follow":"follow","max-snippet":"max-snippet:-1","max-image-preview":"max-image-preview:large","max-video-preview":"max-video-preview:-1"},"canonical":"https:\/\/www.nexoinformativo.mx\/index.php\/2025\/01\/25\/mexico-te-abraza-gobierno-federal-listo-para-recibir-a-migrantes-con-nuevos-centros-de-atencion\/","og_locale":"es_MX","og_type":"article","og_title":"M\u00e9xico te Abraza Gobierno federal listo para recibir a migrantes con nuevos centros de atenci\u00f3n | Nexo Informativo Santiago de Quer\u00e9taro","og_description":"M\u00e9xico te Abraza Gobierno federal listo para recibir a migrantes con nuevos centros de atenci\u00f3n","og_url":"https:\/\/www.nexoinformativo.mx\/index.php\/2025\/01\/25\/mexico-te-abraza-gobierno-federal-listo-para-recibir-a-migrantes-con-nuevos-centros-de-atencion\/","og_site_name":"Nexo Informativo Santiago de Quer\u00e9taro","article_publisher":"https:\/\/www.facebook.com\/people\/Nexo-Informativo\/61564066885511\/","article_published_time":"2025-01-25T14:00:22+00:00","article_modified_time":"2025-01-25T18:01:46+00:00","og_image":[{"width":650,"height":380,"url":"https:\/\/www.nexoinformativo.mx\/wp-content\/uploads\/2025\/01\/IMG_9513.jpg","type":"image\/jpeg"}],"author":"Nexo Informativo","twitter_card":"summary_large_image","twitter_misc":{"Escrito por":"Nexo Informativo","Tiempo de lectura":"2 minutos"},"schema":{"@context":"https:\/\/schema.org","@graph":[{"@type":"Article","@id":"https:\/\/www.nexoinformativo.mx\/index.php\/2025\/01\/25\/mexico-te-abraza-gobierno-federal-listo-para-recibir-a-migrantes-con-nuevos-centros-de-atencion\/#article","isPartOf":{"@id":"https:\/\/www.nexoinformativo.mx\/index.php\/2025\/01\/25\/mexico-te-abraza-gobierno-federal-listo-para-recibir-a-migrantes-con-nuevos-centros-de-atencion\/"},"author":{"name":"Nexo Informativo","@id":"https:\/\/www.nexoinformativo.mx\/#\/schema\/person\/7749d380ba08c8ca00d7bc76fd907b7d"},"headline":"M\u00e9xico te Abraza Gobierno federal listo para recibir a migrantes con nuevos centros de atenci\u00f3n","datePublished":"2025-01-25T14:00:22+00:00","dateModified":"2025-01-25T18:01:46+00:00","mainEntityOfPage":{"@id":"https:\/\/www.nexoinformativo.mx\/index.php\/2025\/01\/25\/mexico-te-abraza-gobierno-federal-listo-para-recibir-a-migrantes-con-nuevos-centros-de-atencion\/"},"wordCount":266,"commentCount":0,"publisher":{"@id":"https:\/\/www.nexoinformativo.mx\/#organization"},"image":{"@id":"https:\/\/www.nexoinformativo.mx\/index.php\/2025\/01\/25\/mexico-te-abraza-gobierno-federal-listo-para-recibir-a-migrantes-con-nuevos-centros-de-atencion\/#primaryimage"},"thumbnailUrl":"https:\/\/www.nexoinformativo.mx\/wp-content\/uploads\/2025\/01\/IMG_9513.jpg","keywords":["DerechosHumanos","M\u00e9xicoTeAbraza","Migrantes","Repatriaci\u00f3n"],"articleSection":["Nacional","\u00daltima Hora"],"inLanguage":"es","potentialAction":[{"@type":"CommentAction","name":"Comment","target":["https:\/\/www.nexoinformativo.mx\/index.php\/2025\/01\/25\/mexico-te-abraza-gobierno-federal-listo-para-recibir-a-migrantes-con-nuevos-centros-de-atencion\/#respond"]}]},{"@type":"WebPage","@id":"https:\/\/www.nexoinformativo.mx\/index.php\/2025\/01\/25\/mexico-te-abraza-gobierno-federal-listo-para-recibir-a-migrantes-con-nuevos-centros-de-atencion\/","url":"https:\/\/www.nexoinformativo.mx\/index.php\/2025\/01\/25\/mexico-te-abraza-gobierno-federal-listo-para-recibir-a-migrantes-con-nuevos-centros-de-atencion\/","name":"M\u00e9xico te Abraza Gobierno federal listo para recibir a migrantes con nuevos centros de atenci\u00f3n | Nexo Informativo Santiago de Quer\u00e9taro","isPartOf":{"@id":"https:\/\/www.nexoinformativo.mx\/#website"},"primaryImageOfPage":{"@id":"https:\/\/www.nexoinformativo.mx\/index.php\/2025\/01\/25\/mexico-te-abraza-gobierno-federal-listo-para-recibir-a-migrantes-con-nuevos-centros-de-atencion\/#primaryimage"},"image":{"@id":"https:\/\/www.nexoinformativo.mx\/index.php\/2025\/01\/25\/mexico-te-abraza-gobierno-federal-listo-para-recibir-a-migrantes-con-nuevos-centros-de-atencion\/#primaryimage"},"thumbnailUrl":"https:\/\/www.nexoinformativo.mx\/wp-content\/uploads\/2025\/01\/IMG_9513.jpg","datePublished":"2025-01-25T14:00:22+00:00","dateModified":"2025-01-25T18:01:46+00:00","description":"M\u00e9xico te Abraza Gobierno federal listo para recibir a migrantes con nuevos centros de atenci\u00f3n","breadcrumb":{"@id":"https:\/\/www.nexoinformativo.mx\/index.php\/2025\/01\/25\/mexico-te-abraza-gobierno-federal-listo-para-recibir-a-migrantes-con-nuevos-centros-de-atencion\/#breadcrumb"},"inLanguage":"es","potentialAction":[{"@type":"ReadAction","target":["https:\/\/www.nexoinformativo.mx\/index.php\/2025\/01\/25\/mexico-te-abraza-gobierno-federal-listo-para-recibir-a-migrantes-con-nuevos-centros-de-atencion\/"]}]},{"@type":"ImageObject","inLanguage":"es","@id":"https:\/\/www.nexoinformativo.mx\/index.php\/2025\/01\/25\/mexico-te-abraza-gobierno-federal-listo-para-recibir-a-migrantes-con-nuevos-centros-de-atencion\/#primaryimage","url":"https:\/\/www.nexoinformativo.mx\/wp-content\/uploads\/2025\/01\/IMG_9513.jpg","contentUrl":"https:\/\/www.nexoinformativo.mx\/wp-content\/uploads\/2025\/01\/IMG_9513.jpg","width":650,"height":380},{"@type":"BreadcrumbList","@id":"https:\/\/www.nexoinformativo.mx\/index.php\/2025\/01\/25\/mexico-te-abraza-gobierno-federal-listo-para-recibir-a-migrantes-con-nuevos-centros-de-atencion\/#breadcrumb","itemListElement":[{"@type":"ListItem","position":1,"name":"Inicio","item":"https:\/\/www.nexoinformativo.mx\/"},{"@type":"ListItem","position":2,"name":"M\u00e9xico te Abraza Gobierno federal listo para recibir a migrantes con nuevos centros de atenci\u00f3n"}]},{"@type":"WebSite","@id":"https:\/\/www.nexoinformativo.mx\/#website","url":"https:\/\/www.nexoinformativo.mx\/","name":"Nexo Informativo Santiago de Quer\u00e9taro","description":"Explora NexoInformativo y convi\u00e9rtete en parte de una comunidad que valora el conocimiento y la verdad. Tu nexoinformativo es tu puente hacia una comprensi\u00f3n m\u00e1s profunda del mundo que te rodea.","publisher":{"@id":"https:\/\/www.nexoinformativo.mx\/#organization"},"potentialAction":[{"@type":"SearchAction","target":{"@type":"EntryPoint","urlTemplate":"https:\/\/www.nexoinformativo.mx\/?s={search_term_string}"},"query-input":{"@type":"PropertyValueSpecification","valueRequired":true,"valueName":"search_term_string"}}],"inLanguage":"es"},{"@type":"Organization","@id":"https:\/\/www.nexoinformativo.mx\/#organization","name":"Nexo Informativo Santiago de Quer\u00e9taro","url":"https:\/\/www.nexoinformativo.mx\/","logo":{"@type":"ImageObject","inLanguage":"es","@id":"https:\/\/www.nexoinformativo.mx\/#\/schema\/logo\/image\/","url":"https:\/\/www.nexoinformativo.mx\/wp-content\/uploads\/2024\/07\/nexoi-trasparente-2.png","contentUrl":"https:\/\/www.nexoinformativo.mx\/wp-content\/uploads\/2024\/07\/nexoi-trasparente-2.png","width":816,"height":339,"caption":"Nexo Informativo Santiago de Quer\u00e9taro"},"image":{"@id":"https:\/\/www.nexoinformativo.mx\/#\/schema\/logo\/image\/"},"sameAs":["https:\/\/www.facebook.com\/people\/Nexo-Informativo\/61564066885511\/"]},{"@type":"Person","@id":"https:\/\/www.nexoinformativo.mx\/#\/schema\/person\/7749d380ba08c8ca00d7bc76fd907b7d","name":"Nexo Informativo","image":{"@type":"ImageObject","inLanguage":"es","@id":"https:\/\/www.nexoinformativo.mx\/#\/schema\/person\/image\/","url":"https:\/\/secure.gravatar.com\/avatar\/dde2928154642a13d95f87ddf1ea9718fe2b46760a005c53e41ff5ad610704e6?s=96&d=mm&r=g","contentUrl":"https:\/\/secure.gravatar.com\/avatar\/dde2928154642a13d95f87ddf1ea9718fe2b46760a005c53e41ff5ad610704e6?s=96&d=mm&r=g","caption":"Nexo Informativo"},"url":"https:\/\/www.nexoinformativo.mx\/index.php\/author\/edicion\/"}]}},"_links":{"self":[{"href":"https:\/\/www.nexoinformativo.mx\/index.php\/wp-json\/wp\/v2\/posts\/10605","targetHints":{"allow":["GET"]}}],"collection":[{"href":"https:\/\/www.nexoinformativo.mx\/index.php\/wp-json\/wp\/v2\/posts"}],"about":[{"href":"https:\/\/www.nexoinformativo.mx\/index.php\/wp-json\/wp\/v2\/types\/post"}],"author":[{"embeddable":true,"href":"https:\/\/www.nexoinformativo.mx\/index.php\/wp-json\/wp\/v2\/users\/3"}],"replies":[{"embeddable":true,"href":"https:\/\/www.nexoinformativo.mx\/index.php\/wp-json\/wp\/v2\/comments?post=10605"}],"version-history":[{"count":3,"href":"https:\/\/www.nexoinformativo.mx\/index.php\/wp-json\/wp\/v2\/posts\/10605\/revisions"}],"predecessor-version":[{"id":10609,"href":"https:\/\/www.nexoinformativo.mx\/index.php\/wp-json\/wp\/v2\/posts\/10605\/revisions\/10609"}],"wp:featuredmedia":[{"embeddable":true,"href":"https:\/\/www.nexoinformativo.mx\/index.php\/wp-json\/wp\/v2\/media\/10606"}],"wp:attachment":[{"href":"https:\/\/www.nexoinformativo.mx\/index.php\/wp-json\/wp\/v2\/media?parent=10605"}],"wp:term":[{"taxonomy":"category","embeddable":true,"href":"https:\/\/www.nexoinformativo.mx\/index.php\/wp-json\/wp\/v2\/categories?post=10605"},{"taxonomy":"post_tag","embeddable":true,"href":"https:\/\/www.nexoinformativo.mx\/index.php\/wp-json\/wp\/v2\/tags?post=10605"}],"curies":[{"name":"wp","href":"https:\/\/api.w.org\/{rel}","templated":true}]}}