{"id":10615,"date":"2025-01-25T09:00:39","date_gmt":"2025-01-25T15:00:39","guid":{"rendered":"https:\/\/www.nexoinformativo.mx\/?p=10615"},"modified":"2025-01-25T12:32:00","modified_gmt":"2025-01-25T18:32:00","slug":"la-salud-en-tus-manos-issste-y-bienestar-impulsan-la-mejora-de-clinicas-comunitarias","status":"publish","type":"post","link":"https:\/\/www.nexoinformativo.mx\/index.php\/2025\/01\/25\/la-salud-en-tus-manos-issste-y-bienestar-impulsan-la-mejora-de-clinicas-comunitarias\/","title":{"rendered":"La salud en tus manos ISSSTE y Bienestar impulsan la mejora de cl\u00ednicas comunitarias"},"content":{"rendered":"<p style=\"text-align: justify;\" data-sourcepos=\"11:1-11:312\">El Instituto de Seguridad y Servicios Sociales de los Trabajadores del Estado (ISSSTE) se suma al programa <strong>&#8220;La Cl\u00ednica es Nuestra&#8221;<\/strong>, una iniciativa que busca mejorar las condiciones de las unidades de salud en todo el pa\u00eds a trav\u00e9s de la participaci\u00f3n activa de los derechohabientes.<\/p>\n<\/p>\n<p>&nbsp;<\/p>\n<p style=\"text-align: justify;\" data-sourcepos=\"13:1-13:459\">La secretaria de Bienestar, Ariadna Montiel Reyes, destac\u00f3 la importancia de este programa, el cual permitir\u00e1 que sean los propios usuarios de los servicios de salud quienes decidan c\u00f3mo se invertir\u00e1n los recursos destinados a mejorar sus cl\u00ednicas.<\/p>\n<\/p>\n<p>&nbsp;<\/p>\n<p style=\"text-align: justify;\" data-sourcepos=\"13:1-13:459\">A trav\u00e9s de asambleas comunitarias, los derechohabientes elegir\u00e1n y conformar\u00e1n Comit\u00e9s de Salud para el Bienestar, los cuales ser\u00e1n los encargados de gestionar los recursos y llevar a cabo las obras de mejora.<\/p>\n<\/p>\n<p>&nbsp;<\/p>\n<p style=\"text-align: justify;\" data-sourcepos=\"15:1-15:211\">&#8220;Los objetivos del programa son hacer un tejido comunitario, que la comunidad tome sus propias decisiones, que se haga un trabajo colectivo y que se manejen los recursos con transparencia&#8221;, se\u00f1al\u00f3 Montiel Reyes.<\/p>\n<\/p>\n<p>&nbsp;<\/p>\n<p style=\"text-align: justify;\" data-sourcepos=\"19:1-19:296\">Los derechohabientes del ISSSTE participar\u00e1n en asambleas comunitarias los d\u00edas 15 y 16 de febrero para elegir a los miembros de los Comit\u00e9s de Salud para el Bienestar. Estos comit\u00e9s estar\u00e1n integrados por representantes de diferentes \u00e1reas, como administraci\u00f3n, vigilancia, salud y facilitaci\u00f3n.<\/p>\n<\/p>\n<p>&nbsp;<\/p>\n<p style=\"text-align: justify;\" data-sourcepos=\"21:1-21:250\">Una vez constituidos los comit\u00e9s, se elaborar\u00e1n planes de trabajo y se asignar\u00e1n los recursos para llevar a cabo las obras de mejora. Los proyectos pueden incluir desde la remodelaci\u00f3n de las instalaciones hasta la adquisici\u00f3n de nuevo equipo m\u00e9dico.<\/p>\n<\/p>\n<p>&nbsp;<\/p>\n<p style=\"text-align: center;\" data-sourcepos=\"21:1-21:250\"><em><strong>\u00a1Informaci\u00f3n que transforma!<\/strong><\/em><\/p>\n","protected":false},"excerpt":{"rendered":"<p>El Instituto de Seguridad y Servicios Sociales de los Trabajadores del Estado (ISSSTE) se suma al programa &#8220;La Cl\u00ednica es Nuestra&#8221;, una iniciativa que busca mejorar las condiciones de las unidades de salud en todo el pa\u00eds a trav\u00e9s de la participaci\u00f3n activa de los derechohabientes.<\/p>\n","protected":false},"author":3,"featured_media":10616,"comment_status":"open","ping_status":"open","sticky":false,"template":"","format":"standard","meta":{"footnotes":""},"categories":[88,58],"tags":[3236,3235,1238,1079],"class_list":["post-10615","post","type-post","status-publish","format-standard","has-post-thumbnail","hentry","category-nacional","category-ultima-hora","tag-issste","tag-laclinicaesnuestra","tag-participacionciudadana","tag-saludparatodos"],"yoast_head":"<!-- This site is optimized with the Yoast SEO plugin v25.0 - https:\/\/yoast.com\/wordpress\/plugins\/seo\/ -->\n<title>La salud en tus manos ISSSTE y Bienestar impulsan la mejora de cl\u00ednicas comunitarias | Nexo Informativo Santiago de Quer\u00e9taro<\/title>\n<meta name=\"description\" content=\"s manos ISSSTE y Bienestar impulsan la mejora de cl\u00ednicas comunitarias\" \/>\n<meta name=\"robots\" content=\"index, follow, max-snippet:-1, max-image-preview:large, max-video-preview:-1\" \/>\n<link rel=\"canonical\" href=\"https:\/\/www.nexoinformativo.mx\/index.php\/2025\/01\/25\/la-salud-en-tus-manos-issste-y-bienestar-impulsan-la-mejora-de-clinicas-comunitarias\/\" \/>\n<meta property=\"og:locale\" content=\"es_MX\" \/>\n<meta property=\"og:type\" content=\"article\" \/>\n<meta property=\"og:title\" content=\"La salud en tus manos ISSSTE y Bienestar impulsan la mejora de cl\u00ednicas comunitarias | Nexo Informativo Santiago de Quer\u00e9taro\" \/>\n<meta property=\"og:description\" content=\"s manos ISSSTE y Bienestar impulsan la mejora de cl\u00ednicas comunitarias\" \/>\n<meta property=\"og:url\" content=\"https:\/\/www.nexoinformativo.mx\/index.php\/2025\/01\/25\/la-salud-en-tus-manos-issste-y-bienestar-impulsan-la-mejora-de-clinicas-comunitarias\/\" \/>\n<meta property=\"og:site_name\" content=\"Nexo Informativo Santiago de Quer\u00e9taro\" \/>\n<meta property=\"article:publisher\" content=\"https:\/\/www.facebook.com\/people\/Nexo-Informativo\/61564066885511\/\" \/>\n<meta property=\"article:published_time\" content=\"2025-01-25T15:00:39+00:00\" \/>\n<meta property=\"article:modified_time\" content=\"2025-01-25T18:32:00+00:00\" \/>\n<meta property=\"og:image\" content=\"https:\/\/www.nexoinformativo.mx\/wp-content\/uploads\/2025\/01\/IMG_9517.png\" \/>\n\t<meta property=\"og:image:width\" content=\"650\" \/>\n\t<meta property=\"og:image:height\" content=\"380\" \/>\n\t<meta property=\"og:image:type\" content=\"image\/png\" \/>\n<meta name=\"author\" content=\"Nexo Informativo\" \/>\n<meta name=\"twitter:card\" content=\"summary_large_image\" \/>\n<meta name=\"twitter:label1\" content=\"Escrito por\" \/>\n\t<meta name=\"twitter:data1\" content=\"Nexo Informativo\" \/>\n\t<meta name=\"twitter:label2\" content=\"Tiempo de lectura\" \/>\n\t<meta name=\"twitter:data2\" content=\"2 minutos\" \/>\n<script type=\"application\/ld+json\" class=\"yoast-schema-graph\">{\"@context\":\"https:\/\/schema.org\",\"@graph\":[{\"@type\":\"Article\",\"@id\":\"https:\/\/www.nexoinformativo.mx\/index.php\/2025\/01\/25\/la-salud-en-tus-manos-issste-y-bienestar-impulsan-la-mejora-de-clinicas-comunitarias\/#article\",\"isPartOf\":{\"@id\":\"https:\/\/www.nexoinformativo.mx\/index.php\/2025\/01\/25\/la-salud-en-tus-manos-issste-y-bienestar-impulsan-la-mejora-de-clinicas-comunitarias\/\"},\"author\":{\"name\":\"Nexo Informativo\",\"@id\":\"https:\/\/www.nexoinformativo.mx\/#\/schema\/person\/7749d380ba08c8ca00d7bc76fd907b7d\"},\"headline\":\"La salud en tus manos ISSSTE y Bienestar impulsan la mejora de cl\u00ednicas comunitarias\",\"datePublished\":\"2025-01-25T15:00:39+00:00\",\"dateModified\":\"2025-01-25T18:32:00+00:00\",\"mainEntityOfPage\":{\"@id\":\"https:\/\/www.nexoinformativo.mx\/index.php\/2025\/01\/25\/la-salud-en-tus-manos-issste-y-bienestar-impulsan-la-mejora-de-clinicas-comunitarias\/\"},\"wordCount\":282,\"commentCount\":0,\"publisher\":{\"@id\":\"https:\/\/www.nexoinformativo.mx\/#organization\"},\"image\":{\"@id\":\"https:\/\/www.nexoinformativo.mx\/index.php\/2025\/01\/25\/la-salud-en-tus-manos-issste-y-bienestar-impulsan-la-mejora-de-clinicas-comunitarias\/#primaryimage\"},\"thumbnailUrl\":\"https:\/\/www.nexoinformativo.mx\/wp-content\/uploads\/2025\/01\/IMG_9517.png\",\"keywords\":[\"ISSSTE\",\"LaCl\u00ednicaEsNuestra\",\"Participaci\u00f3nCiudadana\",\"SaludParaTodos\"],\"articleSection\":[\"Nacional\",\"\u00daltima Hora\"],\"inLanguage\":\"es\",\"potentialAction\":[{\"@type\":\"CommentAction\",\"name\":\"Comment\",\"target\":[\"https:\/\/www.nexoinformativo.mx\/index.php\/2025\/01\/25\/la-salud-en-tus-manos-issste-y-bienestar-impulsan-la-mejora-de-clinicas-comunitarias\/#respond\"]}]},{\"@type\":\"WebPage\",\"@id\":\"https:\/\/www.nexoinformativo.mx\/index.php\/2025\/01\/25\/la-salud-en-tus-manos-issste-y-bienestar-impulsan-la-mejora-de-clinicas-comunitarias\/\",\"url\":\"https:\/\/www.nexoinformativo.mx\/index.php\/2025\/01\/25\/la-salud-en-tus-manos-issste-y-bienestar-impulsan-la-mejora-de-clinicas-comunitarias\/\",\"name\":\"La salud en tus manos ISSSTE y Bienestar impulsan la mejora de cl\u00ednicas comunitarias | Nexo Informativo Santiago de Quer\u00e9taro\",\"isPartOf\":{\"@id\":\"https:\/\/www.nexoinformativo.mx\/#website\"},\"primaryImageOfPage\":{\"@id\":\"https:\/\/www.nexoinformativo.mx\/index.php\/2025\/01\/25\/la-salud-en-tus-manos-issste-y-bienestar-impulsan-la-mejora-de-clinicas-comunitarias\/#primaryimage\"},\"image\":{\"@id\":\"https:\/\/www.nexoinformativo.mx\/index.php\/2025\/01\/25\/la-salud-en-tus-manos-issste-y-bienestar-impulsan-la-mejora-de-clinicas-comunitarias\/#primaryimage\"},\"thumbnailUrl\":\"https:\/\/www.nexoinformativo.mx\/wp-content\/uploads\/2025\/01\/IMG_9517.png\",\"datePublished\":\"2025-01-25T15:00:39+00:00\",\"dateModified\":\"2025-01-25T18:32:00+00:00\",\"description\":\"s manos ISSSTE y Bienestar impulsan la mejora de cl\u00ednicas comunitarias\",\"breadcrumb\":{\"@id\":\"https:\/\/www.nexoinformativo.mx\/index.php\/2025\/01\/25\/la-salud-en-tus-manos-issste-y-bienestar-impulsan-la-mejora-de-clinicas-comunitarias\/#breadcrumb\"},\"inLanguage\":\"es\",\"potentialAction\":[{\"@type\":\"ReadAction\",\"target\":[\"https:\/\/www.nexoinformativo.mx\/index.php\/2025\/01\/25\/la-salud-en-tus-manos-issste-y-bienestar-impulsan-la-mejora-de-clinicas-comunitarias\/\"]}]},{\"@type\":\"ImageObject\",\"inLanguage\":\"es\",\"@id\":\"https:\/\/www.nexoinformativo.mx\/index.php\/2025\/01\/25\/la-salud-en-tus-manos-issste-y-bienestar-impulsan-la-mejora-de-clinicas-comunitarias\/#primaryimage\",\"url\":\"https:\/\/www.nexoinformativo.mx\/wp-content\/uploads\/2025\/01\/IMG_9517.png\",\"contentUrl\":\"https:\/\/www.nexoinformativo.mx\/wp-content\/uploads\/2025\/01\/IMG_9517.png\",\"width\":650,\"height\":380},{\"@type\":\"BreadcrumbList\",\"@id\":\"https:\/\/www.nexoinformativo.mx\/index.php\/2025\/01\/25\/la-salud-en-tus-manos-issste-y-bienestar-impulsan-la-mejora-de-clinicas-comunitarias\/#breadcrumb\",\"itemListElement\":[{\"@type\":\"ListItem\",\"position\":1,\"name\":\"Inicio\",\"item\":\"https:\/\/www.nexoinformativo.mx\/\"},{\"@type\":\"ListItem\",\"position\":2,\"name\":\"La salud en tus manos ISSSTE y Bienestar impulsan la mejora de cl\u00ednicas comunitarias\"}]},{\"@type\":\"WebSite\",\"@id\":\"https:\/\/www.nexoinformativo.mx\/#website\",\"url\":\"https:\/\/www.nexoinformativo.mx\/\",\"name\":\"Nexo Informativo Santiago de Quer\u00e9taro\",\"description\":\"Explora NexoInformativo y convi\u00e9rtete en parte de una comunidad que valora el conocimiento y la verdad. Tu nexoinformativo es tu puente hacia una comprensi\u00f3n m\u00e1s profunda del mundo que te rodea.\",\"publisher\":{\"@id\":\"https:\/\/www.nexoinformativo.mx\/#organization\"},\"potentialAction\":[{\"@type\":\"SearchAction\",\"target\":{\"@type\":\"EntryPoint\",\"urlTemplate\":\"https:\/\/www.nexoinformativo.mx\/?s={search_term_string}\"},\"query-input\":{\"@type\":\"PropertyValueSpecification\",\"valueRequired\":true,\"valueName\":\"search_term_string\"}}],\"inLanguage\":\"es\"},{\"@type\":\"Organization\",\"@id\":\"https:\/\/www.nexoinformativo.mx\/#organization\",\"name\":\"Nexo Informativo Santiago de Quer\u00e9taro\",\"url\":\"https:\/\/www.nexoinformativo.mx\/\",\"logo\":{\"@type\":\"ImageObject\",\"inLanguage\":\"es\",\"@id\":\"https:\/\/www.nexoinformativo.mx\/#\/schema\/logo\/image\/\",\"url\":\"https:\/\/www.nexoinformativo.mx\/wp-content\/uploads\/2024\/07\/nexoi-trasparente-2.png\",\"contentUrl\":\"https:\/\/www.nexoinformativo.mx\/wp-content\/uploads\/2024\/07\/nexoi-trasparente-2.png\",\"width\":816,\"height\":339,\"caption\":\"Nexo Informativo Santiago de Quer\u00e9taro\"},\"image\":{\"@id\":\"https:\/\/www.nexoinformativo.mx\/#\/schema\/logo\/image\/\"},\"sameAs\":[\"https:\/\/www.facebook.com\/people\/Nexo-Informativo\/61564066885511\/\"]},{\"@type\":\"Person\",\"@id\":\"https:\/\/www.nexoinformativo.mx\/#\/schema\/person\/7749d380ba08c8ca00d7bc76fd907b7d\",\"name\":\"Nexo Informativo\",\"image\":{\"@type\":\"ImageObject\",\"inLanguage\":\"es\",\"@id\":\"https:\/\/www.nexoinformativo.mx\/#\/schema\/person\/image\/\",\"url\":\"https:\/\/secure.gravatar.com\/avatar\/dde2928154642a13d95f87ddf1ea9718fe2b46760a005c53e41ff5ad610704e6?s=96&d=mm&r=g\",\"contentUrl\":\"https:\/\/secure.gravatar.com\/avatar\/dde2928154642a13d95f87ddf1ea9718fe2b46760a005c53e41ff5ad610704e6?s=96&d=mm&r=g\",\"caption\":\"Nexo Informativo\"},\"url\":\"https:\/\/www.nexoinformativo.mx\/index.php\/author\/edicion\/\"}]}<\/script>\n<!-- \/ Yoast SEO plugin. -->","yoast_head_json":{"title":"La salud en tus manos ISSSTE y Bienestar impulsan la mejora de cl\u00ednicas comunitarias | Nexo Informativo Santiago de Quer\u00e9taro","description":"s manos ISSSTE y Bienestar impulsan la mejora de cl\u00ednicas comunitarias","robots":{"index":"index","follow":"follow","max-snippet":"max-snippet:-1","max-image-preview":"max-image-preview:large","max-video-preview":"max-video-preview:-1"},"canonical":"https:\/\/www.nexoinformativo.mx\/index.php\/2025\/01\/25\/la-salud-en-tus-manos-issste-y-bienestar-impulsan-la-mejora-de-clinicas-comunitarias\/","og_locale":"es_MX","og_type":"article","og_title":"La salud en tus manos ISSSTE y Bienestar impulsan la mejora de cl\u00ednicas comunitarias | Nexo Informativo Santiago de Quer\u00e9taro","og_description":"s manos ISSSTE y Bienestar impulsan la mejora de cl\u00ednicas comunitarias","og_url":"https:\/\/www.nexoinformativo.mx\/index.php\/2025\/01\/25\/la-salud-en-tus-manos-issste-y-bienestar-impulsan-la-mejora-de-clinicas-comunitarias\/","og_site_name":"Nexo Informativo Santiago de Quer\u00e9taro","article_publisher":"https:\/\/www.facebook.com\/people\/Nexo-Informativo\/61564066885511\/","article_published_time":"2025-01-25T15:00:39+00:00","article_modified_time":"2025-01-25T18:32:00+00:00","og_image":[{"width":650,"height":380,"url":"https:\/\/www.nexoinformativo.mx\/wp-content\/uploads\/2025\/01\/IMG_9517.png","type":"image\/png"}],"author":"Nexo Informativo","twitter_card":"summary_large_image","twitter_misc":{"Escrito por":"Nexo Informativo","Tiempo de lectura":"2 minutos"},"schema":{"@context":"https:\/\/schema.org","@graph":[{"@type":"Article","@id":"https:\/\/www.nexoinformativo.mx\/index.php\/2025\/01\/25\/la-salud-en-tus-manos-issste-y-bienestar-impulsan-la-mejora-de-clinicas-comunitarias\/#article","isPartOf":{"@id":"https:\/\/www.nexoinformativo.mx\/index.php\/2025\/01\/25\/la-salud-en-tus-manos-issste-y-bienestar-impulsan-la-mejora-de-clinicas-comunitarias\/"},"author":{"name":"Nexo Informativo","@id":"https:\/\/www.nexoinformativo.mx\/#\/schema\/person\/7749d380ba08c8ca00d7bc76fd907b7d"},"headline":"La salud en tus manos ISSSTE y Bienestar impulsan la mejora de cl\u00ednicas comunitarias","datePublished":"2025-01-25T15:00:39+00:00","dateModified":"2025-01-25T18:32:00+00:00","mainEntityOfPage":{"@id":"https:\/\/www.nexoinformativo.mx\/index.php\/2025\/01\/25\/la-salud-en-tus-manos-issste-y-bienestar-impulsan-la-mejora-de-clinicas-comunitarias\/"},"wordCount":282,"commentCount":0,"publisher":{"@id":"https:\/\/www.nexoinformativo.mx\/#organization"},"image":{"@id":"https:\/\/www.nexoinformativo.mx\/index.php\/2025\/01\/25\/la-salud-en-tus-manos-issste-y-bienestar-impulsan-la-mejora-de-clinicas-comunitarias\/#primaryimage"},"thumbnailUrl":"https:\/\/www.nexoinformativo.mx\/wp-content\/uploads\/2025\/01\/IMG_9517.png","keywords":["ISSSTE","LaCl\u00ednicaEsNuestra","Participaci\u00f3nCiudadana","SaludParaTodos"],"articleSection":["Nacional","\u00daltima Hora"],"inLanguage":"es","potentialAction":[{"@type":"CommentAction","name":"Comment","target":["https:\/\/www.nexoinformativo.mx\/index.php\/2025\/01\/25\/la-salud-en-tus-manos-issste-y-bienestar-impulsan-la-mejora-de-clinicas-comunitarias\/#respond"]}]},{"@type":"WebPage","@id":"https:\/\/www.nexoinformativo.mx\/index.php\/2025\/01\/25\/la-salud-en-tus-manos-issste-y-bienestar-impulsan-la-mejora-de-clinicas-comunitarias\/","url":"https:\/\/www.nexoinformativo.mx\/index.php\/2025\/01\/25\/la-salud-en-tus-manos-issste-y-bienestar-impulsan-la-mejora-de-clinicas-comunitarias\/","name":"La salud en tus manos ISSSTE y Bienestar impulsan la mejora de cl\u00ednicas comunitarias | Nexo Informativo Santiago de Quer\u00e9taro","isPartOf":{"@id":"https:\/\/www.nexoinformativo.mx\/#website"},"primaryImageOfPage":{"@id":"https:\/\/www.nexoinformativo.mx\/index.php\/2025\/01\/25\/la-salud-en-tus-manos-issste-y-bienestar-impulsan-la-mejora-de-clinicas-comunitarias\/#primaryimage"},"image":{"@id":"https:\/\/www.nexoinformativo.mx\/index.php\/2025\/01\/25\/la-salud-en-tus-manos-issste-y-bienestar-impulsan-la-mejora-de-clinicas-comunitarias\/#primaryimage"},"thumbnailUrl":"https:\/\/www.nexoinformativo.mx\/wp-content\/uploads\/2025\/01\/IMG_9517.png","datePublished":"2025-01-25T15:00:39+00:00","dateModified":"2025-01-25T18:32:00+00:00","description":"s manos ISSSTE y Bienestar impulsan la mejora de cl\u00ednicas comunitarias","breadcrumb":{"@id":"https:\/\/www.nexoinformativo.mx\/index.php\/2025\/01\/25\/la-salud-en-tus-manos-issste-y-bienestar-impulsan-la-mejora-de-clinicas-comunitarias\/#breadcrumb"},"inLanguage":"es","potentialAction":[{"@type":"ReadAction","target":["https:\/\/www.nexoinformativo.mx\/index.php\/2025\/01\/25\/la-salud-en-tus-manos-issste-y-bienestar-impulsan-la-mejora-de-clinicas-comunitarias\/"]}]},{"@type":"ImageObject","inLanguage":"es","@id":"https:\/\/www.nexoinformativo.mx\/index.php\/2025\/01\/25\/la-salud-en-tus-manos-issste-y-bienestar-impulsan-la-mejora-de-clinicas-comunitarias\/#primaryimage","url":"https:\/\/www.nexoinformativo.mx\/wp-content\/uploads\/2025\/01\/IMG_9517.png","contentUrl":"https:\/\/www.nexoinformativo.mx\/wp-content\/uploads\/2025\/01\/IMG_9517.png","width":650,"height":380},{"@type":"BreadcrumbList","@id":"https:\/\/www.nexoinformativo.mx\/index.php\/2025\/01\/25\/la-salud-en-tus-manos-issste-y-bienestar-impulsan-la-mejora-de-clinicas-comunitarias\/#breadcrumb","itemListElement":[{"@type":"ListItem","position":1,"name":"Inicio","item":"https:\/\/www.nexoinformativo.mx\/"},{"@type":"ListItem","position":2,"name":"La salud en tus manos ISSSTE y Bienestar impulsan la mejora de cl\u00ednicas comunitarias"}]},{"@type":"WebSite","@id":"https:\/\/www.nexoinformativo.mx\/#website","url":"https:\/\/www.nexoinformativo.mx\/","name":"Nexo Informativo Santiago de Quer\u00e9taro","description":"Explora NexoInformativo y convi\u00e9rtete en parte de una comunidad que valora el conocimiento y la verdad. Tu nexoinformativo es tu puente hacia una comprensi\u00f3n m\u00e1s profunda del mundo que te rodea.","publisher":{"@id":"https:\/\/www.nexoinformativo.mx\/#organization"},"potentialAction":[{"@type":"SearchAction","target":{"@type":"EntryPoint","urlTemplate":"https:\/\/www.nexoinformativo.mx\/?s={search_term_string}"},"query-input":{"@type":"PropertyValueSpecification","valueRequired":true,"valueName":"search_term_string"}}],"inLanguage":"es"},{"@type":"Organization","@id":"https:\/\/www.nexoinformativo.mx\/#organization","name":"Nexo Informativo Santiago de Quer\u00e9taro","url":"https:\/\/www.nexoinformativo.mx\/","logo":{"@type":"ImageObject","inLanguage":"es","@id":"https:\/\/www.nexoinformativo.mx\/#\/schema\/logo\/image\/","url":"https:\/\/www.nexoinformativo.mx\/wp-content\/uploads\/2024\/07\/nexoi-trasparente-2.png","contentUrl":"https:\/\/www.nexoinformativo.mx\/wp-content\/uploads\/2024\/07\/nexoi-trasparente-2.png","width":816,"height":339,"caption":"Nexo Informativo Santiago de Quer\u00e9taro"},"image":{"@id":"https:\/\/www.nexoinformativo.mx\/#\/schema\/logo\/image\/"},"sameAs":["https:\/\/www.facebook.com\/people\/Nexo-Informativo\/61564066885511\/"]},{"@type":"Person","@id":"https:\/\/www.nexoinformativo.mx\/#\/schema\/person\/7749d380ba08c8ca00d7bc76fd907b7d","name":"Nexo Informativo","image":{"@type":"ImageObject","inLanguage":"es","@id":"https:\/\/www.nexoinformativo.mx\/#\/schema\/person\/image\/","url":"https:\/\/secure.gravatar.com\/avatar\/dde2928154642a13d95f87ddf1ea9718fe2b46760a005c53e41ff5ad610704e6?s=96&d=mm&r=g","contentUrl":"https:\/\/secure.gravatar.com\/avatar\/dde2928154642a13d95f87ddf1ea9718fe2b46760a005c53e41ff5ad610704e6?s=96&d=mm&r=g","caption":"Nexo Informativo"},"url":"https:\/\/www.nexoinformativo.mx\/index.php\/author\/edicion\/"}]}},"_links":{"self":[{"href":"https:\/\/www.nexoinformativo.mx\/index.php\/wp-json\/wp\/v2\/posts\/10615","targetHints":{"allow":["GET"]}}],"collection":[{"href":"https:\/\/www.nexoinformativo.mx\/index.php\/wp-json\/wp\/v2\/posts"}],"about":[{"href":"https:\/\/www.nexoinformativo.mx\/index.php\/wp-json\/wp\/v2\/types\/post"}],"author":[{"embeddable":true,"href":"https:\/\/www.nexoinformativo.mx\/index.php\/wp-json\/wp\/v2\/users\/3"}],"replies":[{"embeddable":true,"href":"https:\/\/www.nexoinformativo.mx\/index.php\/wp-json\/wp\/v2\/comments?post=10615"}],"version-history":[{"count":3,"href":"https:\/\/www.nexoinformativo.mx\/index.php\/wp-json\/wp\/v2\/posts\/10615\/revisions"}],"predecessor-version":[{"id":10619,"href":"https:\/\/www.nexoinformativo.mx\/index.php\/wp-json\/wp\/v2\/posts\/10615\/revisions\/10619"}],"wp:featuredmedia":[{"embeddable":true,"href":"https:\/\/www.nexoinformativo.mx\/index.php\/wp-json\/wp\/v2\/media\/10616"}],"wp:attachment":[{"href":"https:\/\/www.nexoinformativo.mx\/index.php\/wp-json\/wp\/v2\/media?parent=10615"}],"wp:term":[{"taxonomy":"category","embeddable":true,"href":"https:\/\/www.nexoinformativo.mx\/index.php\/wp-json\/wp\/v2\/categories?post=10615"},{"taxonomy":"post_tag","embeddable":true,"href":"https:\/\/www.nexoinformativo.mx\/index.php\/wp-json\/wp\/v2\/tags?post=10615"}],"curies":[{"name":"wp","href":"https:\/\/api.w.org\/{rel}","templated":true}]}}