{"id":10620,"date":"2025-01-25T09:30:17","date_gmt":"2025-01-25T15:30:17","guid":{"rendered":"https:\/\/www.nexoinformativo.mx\/?p=10620"},"modified":"2025-01-25T12:39:42","modified_gmt":"2025-01-25T18:39:42","slug":"gobierno-y-cmic-invierten-en-el-futuro-rehabilitan-centro-de-atencion-infantil-para-mejorar-la-educacion","status":"publish","type":"post","link":"https:\/\/www.nexoinformativo.mx\/index.php\/2025\/01\/25\/gobierno-y-cmic-invierten-en-el-futuro-rehabilitan-centro-de-atencion-infantil-para-mejorar-la-educacion\/","title":{"rendered":"Gobierno y CMIC invierten en el futuro rehabilitan centro de atenci\u00f3n infantil para mejorar la educaci\u00f3n"},"content":{"rendered":"<p style=\"text-align: justify;\" data-sourcepos=\"11:1-11:377\">El gobierno del estado de Quer\u00e9taro, a trav\u00e9s del Sistema Estatal DIF, en conjunto con la C\u00e1mara Mexicana de la Industria de la Construcci\u00f3n (CMIC) Delegaci\u00f3n Quer\u00e9taro, llev\u00f3 a cabo la rehabilitaci\u00f3n del Centro de Atenci\u00f3n Infantil No. 1 (CAI), con el objetivo de brindar mejores espacios educativos a ni\u00f1as y ni\u00f1os en situaci\u00f3n de vulnerabilidad.<\/p>\n<\/p>\n<p>&nbsp;<\/p>\n<p style=\"text-align: justify;\" data-sourcepos=\"13:1-13:377\">Esta importante obra, que cont\u00f3 con una inversi\u00f3n de cerca de un mill\u00f3n y medio de pesos, consisti\u00f3 en la remodelaci\u00f3n de cinco aulas, incluyendo el cambio de pisos, instalaci\u00f3n de losetas, pintura, impermeabilizaci\u00f3n y reinstalaci\u00f3n de sanitarios. Gracias a esta intervenci\u00f3n, el CAI podr\u00e1 albergar hasta cinco grupos educativos, lo que beneficiar\u00e1 a un mayor n\u00famero de ni\u00f1os.<\/p>\n<\/p>\n<p>&nbsp;<\/p>\n<p style=\"text-align: justify;\" data-sourcepos=\"15:1-15:384\">El gobernador Mauricio Kuri destac\u00f3 la importancia de esta acci\u00f3n, enfatizando el compromiso del gobierno estatal con el bienestar de los ni\u00f1os queretanos. Por su parte, el director general del SEDIF, \u00d3scar G\u00f3mez Niembro, agradeci\u00f3 el apoyo de la CMIC y resalt\u00f3 que esta obra era muy necesaria, ya que las aulas remodeladas hab\u00edan estado inhabilitadas durante casi diez a\u00f1os.<\/p>\n<\/p>\n<p>&nbsp;<\/p>\n<p style=\"text-align: justify;\" data-sourcepos=\"17:1-17:131\"><strong>&#8220;En los centros de Atenci\u00f3n Infantil, estamos beneficiando a 390 ni\u00f1as y ni\u00f1os con cuatro servicios b\u00e1sicos&#8221;<\/strong>, afirm\u00f3 G\u00f3mez Niembro.<\/p>\n<\/p>\n<p>&nbsp;<\/p>\n<p style=\"text-align: justify;\" data-sourcepos=\"19:1-19:264\">El presidente del XVIII Comit\u00e9 Directivo de la CMIC, \u00d3scar Hale Palacios, subray\u00f3 la importancia de la responsabilidad social empresarial y asegur\u00f3 que la inversi\u00f3n realizada en la rehabilitaci\u00f3n del CAI es una muestra del compromiso de la c\u00e1mara con la comunidad.<\/p>\n<\/p>\n<p>&nbsp;<\/p>\n<p style=\"text-align: justify;\" data-sourcepos=\"21:1-21:190\">Con esta obra, el gobierno de Quer\u00e9taro y la CMIC demuestran su compromiso con la educaci\u00f3n y el bienestar de los ni\u00f1os, brind\u00e1ndoles espacios dignos y adecuados para su desarrollo integral.<\/p>\n<\/p>\n<p>&nbsp;<\/p>\n<p style=\"text-align: center;\" data-sourcepos=\"21:1-21:190\"><em><strong>\u00a1Informaci\u00f3n que transforma!<\/strong><\/em><\/p>\n","protected":false},"excerpt":{"rendered":"<p>El gobierno del estado de Quer\u00e9taro, a trav\u00e9s del Sistema Estatal DIF, en conjunto con la C\u00e1mara Mexicana de la Industria de la Construcci\u00f3n (CMIC) Delegaci\u00f3n Quer\u00e9taro, llev\u00f3 a cabo la rehabilitaci\u00f3n del Centro de Atenci\u00f3n Infantil No. 1 (CAI), con el objetivo de brindar mejores espacios educativos a ni\u00f1as y ni\u00f1os en situaci\u00f3n de vulnerabilidad.<\/p>\n","protected":false},"author":3,"featured_media":10621,"comment_status":"open","ping_status":"open","sticky":false,"template":"","format":"standard","meta":{"footnotes":""},"categories":[42,58],"tags":[3238,3237,133,1170],"class_list":["post-10620","post","type-post","status-publish","format-standard","has-post-thumbnail","hentry","category-estado","category-ultima-hora","tag-cmic","tag-educacioninfantil","tag-queretaro","tag-sedif"],"yoast_head":"<!-- This site is optimized with the Yoast SEO plugin v25.0 - https:\/\/yoast.com\/wordpress\/plugins\/seo\/ -->\n<title>Gobierno y CMIC invierten en el futuro rehabilitan centro de atenci\u00f3n infantil para mejorar la educaci\u00f3n | Nexo Informativo Santiago de Quer\u00e9taro<\/title>\n<meta name=\"description\" content=\"Gobierno y CMIC invierten en el futuro rehabilitan centro de atenci\u00f3n infantil para mejorar la educaci\u00f3n\" \/>\n<meta name=\"robots\" content=\"index, follow, max-snippet:-1, max-image-preview:large, max-video-preview:-1\" \/>\n<link rel=\"canonical\" href=\"https:\/\/www.nexoinformativo.mx\/index.php\/2025\/01\/25\/gobierno-y-cmic-invierten-en-el-futuro-rehabilitan-centro-de-atencion-infantil-para-mejorar-la-educacion\/\" \/>\n<meta property=\"og:locale\" content=\"es_MX\" \/>\n<meta property=\"og:type\" content=\"article\" \/>\n<meta property=\"og:title\" content=\"Gobierno y CMIC invierten en el futuro rehabilitan centro de atenci\u00f3n infantil para mejorar la educaci\u00f3n | Nexo Informativo Santiago de Quer\u00e9taro\" \/>\n<meta property=\"og:description\" content=\"Gobierno y CMIC invierten en el futuro rehabilitan centro de atenci\u00f3n infantil para mejorar la educaci\u00f3n\" \/>\n<meta property=\"og:url\" content=\"https:\/\/www.nexoinformativo.mx\/index.php\/2025\/01\/25\/gobierno-y-cmic-invierten-en-el-futuro-rehabilitan-centro-de-atencion-infantil-para-mejorar-la-educacion\/\" \/>\n<meta property=\"og:site_name\" content=\"Nexo Informativo Santiago de Quer\u00e9taro\" \/>\n<meta property=\"article:publisher\" content=\"https:\/\/www.facebook.com\/people\/Nexo-Informativo\/61564066885511\/\" \/>\n<meta property=\"article:published_time\" content=\"2025-01-25T15:30:17+00:00\" \/>\n<meta property=\"article:modified_time\" content=\"2025-01-25T18:39:42+00:00\" \/>\n<meta property=\"og:image\" content=\"https:\/\/www.nexoinformativo.mx\/wp-content\/uploads\/2025\/01\/PHOTO-2025-01-25-12-12-39-e1737830343890.jpg\" \/>\n\t<meta property=\"og:image:width\" content=\"800\" \/>\n\t<meta property=\"og:image:height\" content=\"533\" \/>\n\t<meta property=\"og:image:type\" content=\"image\/jpeg\" \/>\n<meta name=\"author\" content=\"Nexo Informativo\" \/>\n<meta name=\"twitter:card\" content=\"summary_large_image\" \/>\n<meta name=\"twitter:label1\" content=\"Escrito por\" \/>\n\t<meta name=\"twitter:data1\" content=\"Nexo Informativo\" \/>\n\t<meta name=\"twitter:label2\" content=\"Tiempo de lectura\" \/>\n\t<meta name=\"twitter:data2\" content=\"2 minutos\" \/>\n<script type=\"application\/ld+json\" class=\"yoast-schema-graph\">{\"@context\":\"https:\/\/schema.org\",\"@graph\":[{\"@type\":\"Article\",\"@id\":\"https:\/\/www.nexoinformativo.mx\/index.php\/2025\/01\/25\/gobierno-y-cmic-invierten-en-el-futuro-rehabilitan-centro-de-atencion-infantil-para-mejorar-la-educacion\/#article\",\"isPartOf\":{\"@id\":\"https:\/\/www.nexoinformativo.mx\/index.php\/2025\/01\/25\/gobierno-y-cmic-invierten-en-el-futuro-rehabilitan-centro-de-atencion-infantil-para-mejorar-la-educacion\/\"},\"author\":{\"name\":\"Nexo Informativo\",\"@id\":\"https:\/\/www.nexoinformativo.mx\/#\/schema\/person\/7749d380ba08c8ca00d7bc76fd907b7d\"},\"headline\":\"Gobierno y CMIC invierten en el futuro rehabilitan centro de atenci\u00f3n infantil para mejorar la educaci\u00f3n\",\"datePublished\":\"2025-01-25T15:30:17+00:00\",\"dateModified\":\"2025-01-25T18:39:42+00:00\",\"mainEntityOfPage\":{\"@id\":\"https:\/\/www.nexoinformativo.mx\/index.php\/2025\/01\/25\/gobierno-y-cmic-invierten-en-el-futuro-rehabilitan-centro-de-atencion-infantil-para-mejorar-la-educacion\/\"},\"wordCount\":331,\"commentCount\":0,\"publisher\":{\"@id\":\"https:\/\/www.nexoinformativo.mx\/#organization\"},\"image\":{\"@id\":\"https:\/\/www.nexoinformativo.mx\/index.php\/2025\/01\/25\/gobierno-y-cmic-invierten-en-el-futuro-rehabilitan-centro-de-atencion-infantil-para-mejorar-la-educacion\/#primaryimage\"},\"thumbnailUrl\":\"https:\/\/www.nexoinformativo.mx\/wp-content\/uploads\/2025\/01\/PHOTO-2025-01-25-12-12-39-e1737830343890.jpg\",\"keywords\":[\"CMIC\",\"Educaci\u00f3nInfantil\",\"Quer\u00e9taro\",\"SEDIF\"],\"articleSection\":[\"Estado\",\"\u00daltima Hora\"],\"inLanguage\":\"es\",\"potentialAction\":[{\"@type\":\"CommentAction\",\"name\":\"Comment\",\"target\":[\"https:\/\/www.nexoinformativo.mx\/index.php\/2025\/01\/25\/gobierno-y-cmic-invierten-en-el-futuro-rehabilitan-centro-de-atencion-infantil-para-mejorar-la-educacion\/#respond\"]}]},{\"@type\":\"WebPage\",\"@id\":\"https:\/\/www.nexoinformativo.mx\/index.php\/2025\/01\/25\/gobierno-y-cmic-invierten-en-el-futuro-rehabilitan-centro-de-atencion-infantil-para-mejorar-la-educacion\/\",\"url\":\"https:\/\/www.nexoinformativo.mx\/index.php\/2025\/01\/25\/gobierno-y-cmic-invierten-en-el-futuro-rehabilitan-centro-de-atencion-infantil-para-mejorar-la-educacion\/\",\"name\":\"Gobierno y CMIC invierten en el futuro rehabilitan centro de atenci\u00f3n infantil para mejorar la educaci\u00f3n | Nexo Informativo Santiago de Quer\u00e9taro\",\"isPartOf\":{\"@id\":\"https:\/\/www.nexoinformativo.mx\/#website\"},\"primaryImageOfPage\":{\"@id\":\"https:\/\/www.nexoinformativo.mx\/index.php\/2025\/01\/25\/gobierno-y-cmic-invierten-en-el-futuro-rehabilitan-centro-de-atencion-infantil-para-mejorar-la-educacion\/#primaryimage\"},\"image\":{\"@id\":\"https:\/\/www.nexoinformativo.mx\/index.php\/2025\/01\/25\/gobierno-y-cmic-invierten-en-el-futuro-rehabilitan-centro-de-atencion-infantil-para-mejorar-la-educacion\/#primaryimage\"},\"thumbnailUrl\":\"https:\/\/www.nexoinformativo.mx\/wp-content\/uploads\/2025\/01\/PHOTO-2025-01-25-12-12-39-e1737830343890.jpg\",\"datePublished\":\"2025-01-25T15:30:17+00:00\",\"dateModified\":\"2025-01-25T18:39:42+00:00\",\"description\":\"Gobierno y CMIC invierten en el futuro rehabilitan centro de atenci\u00f3n infantil para mejorar la educaci\u00f3n\",\"breadcrumb\":{\"@id\":\"https:\/\/www.nexoinformativo.mx\/index.php\/2025\/01\/25\/gobierno-y-cmic-invierten-en-el-futuro-rehabilitan-centro-de-atencion-infantil-para-mejorar-la-educacion\/#breadcrumb\"},\"inLanguage\":\"es\",\"potentialAction\":[{\"@type\":\"ReadAction\",\"target\":[\"https:\/\/www.nexoinformativo.mx\/index.php\/2025\/01\/25\/gobierno-y-cmic-invierten-en-el-futuro-rehabilitan-centro-de-atencion-infantil-para-mejorar-la-educacion\/\"]}]},{\"@type\":\"ImageObject\",\"inLanguage\":\"es\",\"@id\":\"https:\/\/www.nexoinformativo.mx\/index.php\/2025\/01\/25\/gobierno-y-cmic-invierten-en-el-futuro-rehabilitan-centro-de-atencion-infantil-para-mejorar-la-educacion\/#primaryimage\",\"url\":\"https:\/\/www.nexoinformativo.mx\/wp-content\/uploads\/2025\/01\/PHOTO-2025-01-25-12-12-39-e1737830343890.jpg\",\"contentUrl\":\"https:\/\/www.nexoinformativo.mx\/wp-content\/uploads\/2025\/01\/PHOTO-2025-01-25-12-12-39-e1737830343890.jpg\",\"width\":800,\"height\":533},{\"@type\":\"BreadcrumbList\",\"@id\":\"https:\/\/www.nexoinformativo.mx\/index.php\/2025\/01\/25\/gobierno-y-cmic-invierten-en-el-futuro-rehabilitan-centro-de-atencion-infantil-para-mejorar-la-educacion\/#breadcrumb\",\"itemListElement\":[{\"@type\":\"ListItem\",\"position\":1,\"name\":\"Inicio\",\"item\":\"https:\/\/www.nexoinformativo.mx\/\"},{\"@type\":\"ListItem\",\"position\":2,\"name\":\"Gobierno y CMIC invierten en el futuro rehabilitan centro de atenci\u00f3n infantil para mejorar la educaci\u00f3n\"}]},{\"@type\":\"WebSite\",\"@id\":\"https:\/\/www.nexoinformativo.mx\/#website\",\"url\":\"https:\/\/www.nexoinformativo.mx\/\",\"name\":\"Nexo Informativo Santiago de Quer\u00e9taro\",\"description\":\"Explora NexoInformativo y convi\u00e9rtete en parte de una comunidad que valora el conocimiento y la verdad. Tu nexoinformativo es tu puente hacia una comprensi\u00f3n m\u00e1s profunda del mundo que te rodea.\",\"publisher\":{\"@id\":\"https:\/\/www.nexoinformativo.mx\/#organization\"},\"potentialAction\":[{\"@type\":\"SearchAction\",\"target\":{\"@type\":\"EntryPoint\",\"urlTemplate\":\"https:\/\/www.nexoinformativo.mx\/?s={search_term_string}\"},\"query-input\":{\"@type\":\"PropertyValueSpecification\",\"valueRequired\":true,\"valueName\":\"search_term_string\"}}],\"inLanguage\":\"es\"},{\"@type\":\"Organization\",\"@id\":\"https:\/\/www.nexoinformativo.mx\/#organization\",\"name\":\"Nexo Informativo Santiago de Quer\u00e9taro\",\"url\":\"https:\/\/www.nexoinformativo.mx\/\",\"logo\":{\"@type\":\"ImageObject\",\"inLanguage\":\"es\",\"@id\":\"https:\/\/www.nexoinformativo.mx\/#\/schema\/logo\/image\/\",\"url\":\"https:\/\/www.nexoinformativo.mx\/wp-content\/uploads\/2024\/07\/nexoi-trasparente-2.png\",\"contentUrl\":\"https:\/\/www.nexoinformativo.mx\/wp-content\/uploads\/2024\/07\/nexoi-trasparente-2.png\",\"width\":816,\"height\":339,\"caption\":\"Nexo Informativo Santiago de Quer\u00e9taro\"},\"image\":{\"@id\":\"https:\/\/www.nexoinformativo.mx\/#\/schema\/logo\/image\/\"},\"sameAs\":[\"https:\/\/www.facebook.com\/people\/Nexo-Informativo\/61564066885511\/\"]},{\"@type\":\"Person\",\"@id\":\"https:\/\/www.nexoinformativo.mx\/#\/schema\/person\/7749d380ba08c8ca00d7bc76fd907b7d\",\"name\":\"Nexo Informativo\",\"image\":{\"@type\":\"ImageObject\",\"inLanguage\":\"es\",\"@id\":\"https:\/\/www.nexoinformativo.mx\/#\/schema\/person\/image\/\",\"url\":\"https:\/\/secure.gravatar.com\/avatar\/dde2928154642a13d95f87ddf1ea9718fe2b46760a005c53e41ff5ad610704e6?s=96&d=mm&r=g\",\"contentUrl\":\"https:\/\/secure.gravatar.com\/avatar\/dde2928154642a13d95f87ddf1ea9718fe2b46760a005c53e41ff5ad610704e6?s=96&d=mm&r=g\",\"caption\":\"Nexo Informativo\"},\"url\":\"https:\/\/www.nexoinformativo.mx\/index.php\/author\/edicion\/\"}]}<\/script>\n<!-- \/ Yoast SEO plugin. -->","yoast_head_json":{"title":"Gobierno y CMIC invierten en el futuro rehabilitan centro de atenci\u00f3n infantil para mejorar la educaci\u00f3n | Nexo Informativo Santiago de Quer\u00e9taro","description":"Gobierno y CMIC invierten en el futuro rehabilitan centro de atenci\u00f3n infantil para mejorar la educaci\u00f3n","robots":{"index":"index","follow":"follow","max-snippet":"max-snippet:-1","max-image-preview":"max-image-preview:large","max-video-preview":"max-video-preview:-1"},"canonical":"https:\/\/www.nexoinformativo.mx\/index.php\/2025\/01\/25\/gobierno-y-cmic-invierten-en-el-futuro-rehabilitan-centro-de-atencion-infantil-para-mejorar-la-educacion\/","og_locale":"es_MX","og_type":"article","og_title":"Gobierno y CMIC invierten en el futuro rehabilitan centro de atenci\u00f3n infantil para mejorar la educaci\u00f3n | Nexo Informativo Santiago de Quer\u00e9taro","og_description":"Gobierno y CMIC invierten en el futuro rehabilitan centro de atenci\u00f3n infantil para mejorar la educaci\u00f3n","og_url":"https:\/\/www.nexoinformativo.mx\/index.php\/2025\/01\/25\/gobierno-y-cmic-invierten-en-el-futuro-rehabilitan-centro-de-atencion-infantil-para-mejorar-la-educacion\/","og_site_name":"Nexo Informativo Santiago de Quer\u00e9taro","article_publisher":"https:\/\/www.facebook.com\/people\/Nexo-Informativo\/61564066885511\/","article_published_time":"2025-01-25T15:30:17+00:00","article_modified_time":"2025-01-25T18:39:42+00:00","og_image":[{"width":800,"height":533,"url":"https:\/\/www.nexoinformativo.mx\/wp-content\/uploads\/2025\/01\/PHOTO-2025-01-25-12-12-39-e1737830343890.jpg","type":"image\/jpeg"}],"author":"Nexo Informativo","twitter_card":"summary_large_image","twitter_misc":{"Escrito por":"Nexo Informativo","Tiempo de lectura":"2 minutos"},"schema":{"@context":"https:\/\/schema.org","@graph":[{"@type":"Article","@id":"https:\/\/www.nexoinformativo.mx\/index.php\/2025\/01\/25\/gobierno-y-cmic-invierten-en-el-futuro-rehabilitan-centro-de-atencion-infantil-para-mejorar-la-educacion\/#article","isPartOf":{"@id":"https:\/\/www.nexoinformativo.mx\/index.php\/2025\/01\/25\/gobierno-y-cmic-invierten-en-el-futuro-rehabilitan-centro-de-atencion-infantil-para-mejorar-la-educacion\/"},"author":{"name":"Nexo Informativo","@id":"https:\/\/www.nexoinformativo.mx\/#\/schema\/person\/7749d380ba08c8ca00d7bc76fd907b7d"},"headline":"Gobierno y CMIC invierten en el futuro rehabilitan centro de atenci\u00f3n infantil para mejorar la educaci\u00f3n","datePublished":"2025-01-25T15:30:17+00:00","dateModified":"2025-01-25T18:39:42+00:00","mainEntityOfPage":{"@id":"https:\/\/www.nexoinformativo.mx\/index.php\/2025\/01\/25\/gobierno-y-cmic-invierten-en-el-futuro-rehabilitan-centro-de-atencion-infantil-para-mejorar-la-educacion\/"},"wordCount":331,"commentCount":0,"publisher":{"@id":"https:\/\/www.nexoinformativo.mx\/#organization"},"image":{"@id":"https:\/\/www.nexoinformativo.mx\/index.php\/2025\/01\/25\/gobierno-y-cmic-invierten-en-el-futuro-rehabilitan-centro-de-atencion-infantil-para-mejorar-la-educacion\/#primaryimage"},"thumbnailUrl":"https:\/\/www.nexoinformativo.mx\/wp-content\/uploads\/2025\/01\/PHOTO-2025-01-25-12-12-39-e1737830343890.jpg","keywords":["CMIC","Educaci\u00f3nInfantil","Quer\u00e9taro","SEDIF"],"articleSection":["Estado","\u00daltima Hora"],"inLanguage":"es","potentialAction":[{"@type":"CommentAction","name":"Comment","target":["https:\/\/www.nexoinformativo.mx\/index.php\/2025\/01\/25\/gobierno-y-cmic-invierten-en-el-futuro-rehabilitan-centro-de-atencion-infantil-para-mejorar-la-educacion\/#respond"]}]},{"@type":"WebPage","@id":"https:\/\/www.nexoinformativo.mx\/index.php\/2025\/01\/25\/gobierno-y-cmic-invierten-en-el-futuro-rehabilitan-centro-de-atencion-infantil-para-mejorar-la-educacion\/","url":"https:\/\/www.nexoinformativo.mx\/index.php\/2025\/01\/25\/gobierno-y-cmic-invierten-en-el-futuro-rehabilitan-centro-de-atencion-infantil-para-mejorar-la-educacion\/","name":"Gobierno y CMIC invierten en el futuro rehabilitan centro de atenci\u00f3n infantil para mejorar la educaci\u00f3n | Nexo Informativo Santiago de Quer\u00e9taro","isPartOf":{"@id":"https:\/\/www.nexoinformativo.mx\/#website"},"primaryImageOfPage":{"@id":"https:\/\/www.nexoinformativo.mx\/index.php\/2025\/01\/25\/gobierno-y-cmic-invierten-en-el-futuro-rehabilitan-centro-de-atencion-infantil-para-mejorar-la-educacion\/#primaryimage"},"image":{"@id":"https:\/\/www.nexoinformativo.mx\/index.php\/2025\/01\/25\/gobierno-y-cmic-invierten-en-el-futuro-rehabilitan-centro-de-atencion-infantil-para-mejorar-la-educacion\/#primaryimage"},"thumbnailUrl":"https:\/\/www.nexoinformativo.mx\/wp-content\/uploads\/2025\/01\/PHOTO-2025-01-25-12-12-39-e1737830343890.jpg","datePublished":"2025-01-25T15:30:17+00:00","dateModified":"2025-01-25T18:39:42+00:00","description":"Gobierno y CMIC invierten en el futuro rehabilitan centro de atenci\u00f3n infantil para mejorar la educaci\u00f3n","breadcrumb":{"@id":"https:\/\/www.nexoinformativo.mx\/index.php\/2025\/01\/25\/gobierno-y-cmic-invierten-en-el-futuro-rehabilitan-centro-de-atencion-infantil-para-mejorar-la-educacion\/#breadcrumb"},"inLanguage":"es","potentialAction":[{"@type":"ReadAction","target":["https:\/\/www.nexoinformativo.mx\/index.php\/2025\/01\/25\/gobierno-y-cmic-invierten-en-el-futuro-rehabilitan-centro-de-atencion-infantil-para-mejorar-la-educacion\/"]}]},{"@type":"ImageObject","inLanguage":"es","@id":"https:\/\/www.nexoinformativo.mx\/index.php\/2025\/01\/25\/gobierno-y-cmic-invierten-en-el-futuro-rehabilitan-centro-de-atencion-infantil-para-mejorar-la-educacion\/#primaryimage","url":"https:\/\/www.nexoinformativo.mx\/wp-content\/uploads\/2025\/01\/PHOTO-2025-01-25-12-12-39-e1737830343890.jpg","contentUrl":"https:\/\/www.nexoinformativo.mx\/wp-content\/uploads\/2025\/01\/PHOTO-2025-01-25-12-12-39-e1737830343890.jpg","width":800,"height":533},{"@type":"BreadcrumbList","@id":"https:\/\/www.nexoinformativo.mx\/index.php\/2025\/01\/25\/gobierno-y-cmic-invierten-en-el-futuro-rehabilitan-centro-de-atencion-infantil-para-mejorar-la-educacion\/#breadcrumb","itemListElement":[{"@type":"ListItem","position":1,"name":"Inicio","item":"https:\/\/www.nexoinformativo.mx\/"},{"@type":"ListItem","position":2,"name":"Gobierno y CMIC invierten en el futuro rehabilitan centro de atenci\u00f3n infantil para mejorar la educaci\u00f3n"}]},{"@type":"WebSite","@id":"https:\/\/www.nexoinformativo.mx\/#website","url":"https:\/\/www.nexoinformativo.mx\/","name":"Nexo Informativo Santiago de Quer\u00e9taro","description":"Explora NexoInformativo y convi\u00e9rtete en parte de una comunidad que valora el conocimiento y la verdad. Tu nexoinformativo es tu puente hacia una comprensi\u00f3n m\u00e1s profunda del mundo que te rodea.","publisher":{"@id":"https:\/\/www.nexoinformativo.mx\/#organization"},"potentialAction":[{"@type":"SearchAction","target":{"@type":"EntryPoint","urlTemplate":"https:\/\/www.nexoinformativo.mx\/?s={search_term_string}"},"query-input":{"@type":"PropertyValueSpecification","valueRequired":true,"valueName":"search_term_string"}}],"inLanguage":"es"},{"@type":"Organization","@id":"https:\/\/www.nexoinformativo.mx\/#organization","name":"Nexo Informativo Santiago de Quer\u00e9taro","url":"https:\/\/www.nexoinformativo.mx\/","logo":{"@type":"ImageObject","inLanguage":"es","@id":"https:\/\/www.nexoinformativo.mx\/#\/schema\/logo\/image\/","url":"https:\/\/www.nexoinformativo.mx\/wp-content\/uploads\/2024\/07\/nexoi-trasparente-2.png","contentUrl":"https:\/\/www.nexoinformativo.mx\/wp-content\/uploads\/2024\/07\/nexoi-trasparente-2.png","width":816,"height":339,"caption":"Nexo Informativo Santiago de Quer\u00e9taro"},"image":{"@id":"https:\/\/www.nexoinformativo.mx\/#\/schema\/logo\/image\/"},"sameAs":["https:\/\/www.facebook.com\/people\/Nexo-Informativo\/61564066885511\/"]},{"@type":"Person","@id":"https:\/\/www.nexoinformativo.mx\/#\/schema\/person\/7749d380ba08c8ca00d7bc76fd907b7d","name":"Nexo Informativo","image":{"@type":"ImageObject","inLanguage":"es","@id":"https:\/\/www.nexoinformativo.mx\/#\/schema\/person\/image\/","url":"https:\/\/secure.gravatar.com\/avatar\/dde2928154642a13d95f87ddf1ea9718fe2b46760a005c53e41ff5ad610704e6?s=96&d=mm&r=g","contentUrl":"https:\/\/secure.gravatar.com\/avatar\/dde2928154642a13d95f87ddf1ea9718fe2b46760a005c53e41ff5ad610704e6?s=96&d=mm&r=g","caption":"Nexo Informativo"},"url":"https:\/\/www.nexoinformativo.mx\/index.php\/author\/edicion\/"}]}},"_links":{"self":[{"href":"https:\/\/www.nexoinformativo.mx\/index.php\/wp-json\/wp\/v2\/posts\/10620","targetHints":{"allow":["GET"]}}],"collection":[{"href":"https:\/\/www.nexoinformativo.mx\/index.php\/wp-json\/wp\/v2\/posts"}],"about":[{"href":"https:\/\/www.nexoinformativo.mx\/index.php\/wp-json\/wp\/v2\/types\/post"}],"author":[{"embeddable":true,"href":"https:\/\/www.nexoinformativo.mx\/index.php\/wp-json\/wp\/v2\/users\/3"}],"replies":[{"embeddable":true,"href":"https:\/\/www.nexoinformativo.mx\/index.php\/wp-json\/wp\/v2\/comments?post=10620"}],"version-history":[{"count":3,"href":"https:\/\/www.nexoinformativo.mx\/index.php\/wp-json\/wp\/v2\/posts\/10620\/revisions"}],"predecessor-version":[{"id":10624,"href":"https:\/\/www.nexoinformativo.mx\/index.php\/wp-json\/wp\/v2\/posts\/10620\/revisions\/10624"}],"wp:featuredmedia":[{"embeddable":true,"href":"https:\/\/www.nexoinformativo.mx\/index.php\/wp-json\/wp\/v2\/media\/10621"}],"wp:attachment":[{"href":"https:\/\/www.nexoinformativo.mx\/index.php\/wp-json\/wp\/v2\/media?parent=10620"}],"wp:term":[{"taxonomy":"category","embeddable":true,"href":"https:\/\/www.nexoinformativo.mx\/index.php\/wp-json\/wp\/v2\/categories?post=10620"},{"taxonomy":"post_tag","embeddable":true,"href":"https:\/\/www.nexoinformativo.mx\/index.php\/wp-json\/wp\/v2\/tags?post=10620"}],"curies":[{"name":"wp","href":"https:\/\/api.w.org\/{rel}","templated":true}]}}